{"id":6597,"date":"2018-11-23T21:52:36","date_gmt":"2018-11-23T20:52:36","guid":{"rendered":"http:\/\/www.caudete.org\/ayuntamiento\/?p=6597"},"modified":"2020-12-15T14:01:35","modified_gmt":"2020-12-15T13:01:35","slug":"se-oferta-una-plaza-en-un-proyecto-de-voluntariado-europeo-en-italia","status":"publish","type":"post","link":"https:\/\/www.caudete.org\/ayuntamiento\/se-oferta-una-plaza-en-un-proyecto-de-voluntariado-europeo-en-italia\/","title":{"rendered":"SE OFERTA UNA PLAZA EN UN PROYECTO DE VOLUNTARIADO EUROPEO EN ITALIA"},"content":{"rendered":"<p><span style=\"text-align: justify;\">Desde: Diciembre a enero de 2019. Durante: Un a\u00f1o. Donde: Pordenone. Tema del Proyecto: Discapacidad y Medios digitales.<\/span><\/p>\n<div id=\"cen_sec_not\">\n<div id=\"noticia\">\n<div id=\"recuadro_not\">\n<p style=\"text-align: justify;\"><b>EL PROYECTO <\/b><br \/>\n<b>Let me Tell your story <\/b>es un proyecto de un a\u00f1o, empezando en diciembre \/ enero 2019.<\/p>\n<p>La organizacion de acogida <b>&#8220;ANFAS ONLUS&#8221; <\/b>, trabaja para la integraci\u00f3n de personas con discapacidad, organizan actividades para la personas usuarias de sus centros de dia.<\/p>\n<p>El proyecto tiene como objetivo dar voz a las usuarias a trav\u00e9s de herramientas de storytelling digital.<\/p>\n<p>El programa Erasmus + Juventud subvenciona los gastos de viaje, alojamiento, manutenci\u00f3n, dinero de bolsillo, seguro de asistencia en viaje, formaci\u00f3n ling\u00fc\u00edstica y apoyo personal.<\/p>\n<p><b>TAREAS <\/b><br \/>\n<b>Las actividades estar\u00e1n conectadas con: <\/b><\/p>\n<p><b>1. <\/b>Grabaci\u00f3n y realizaci\u00f3n de v\u00eddeos sobre la pida de las personas usuarias.<br \/>\nEste es uno de los v\u00eddeos ya realizados:<br \/>\nhttps:\/\/vimeo.com 214805516<\/p>\n<p><b>2. <\/b>Apoyo en las actividades diarias del centro.<\/p>\n<p><b>PARA PARTICIPAR: <\/b><br \/>\nSolo tienes que tener entre 17 y 30 a\u00f1os.<br \/>\nResidir en Espa\u00f1a y poder comunicarte en ingl\u00e9s de forma b\u00e1sica.<br \/>\nSi est\u00e1s interesado\/a en participar envianos tu CV en ingl\u00e9s a:<br \/>\neuropaqui@gmail.com<\/p>\n<p><b>Hasta el 22 de noviembre. <\/b><\/p>\n<p><b>Para m\u00e1s informaci\u00f3n contactar con: <\/b><\/p>\n<p><b>Elia Lac\u00e1rcel Meg\u00edas <\/b><br \/>\nEmail:desarrollo@caudete.org<br \/>\nTfno: 96 582 70 00 Ext 306 &#8211; Fax: 96 582 71 52<br \/>\nC MAYOR,2 &#8211; 2\u00aa PLANTA &#8211; 02660 Caudete &#8211; Albacete<\/p>\n<\/div>\n<\/div>\n<\/div>\n<div id=\"inf\">\n<p class=\"left\" style=\"text-align: justify;\"><img fetchpriority=\"high\" decoding=\"async\" class=\"aligncenter size-full wp-image-6598\" src=\"http:\/\/www.caudete.org\/ayuntamiento\/wp-content\/uploads\/2020\/12\/pvit.jpg\" alt=\"\" width=\"777\" height=\"600\" srcset=\"https:\/\/www.caudete.org\/ayuntamiento\/wp-content\/uploads\/2020\/12\/pvit.jpg 777w, https:\/\/www.caudete.org\/ayuntamiento\/wp-content\/uploads\/2020\/12\/pvit-300x232.jpg 300w, https:\/\/www.caudete.org\/ayuntamiento\/wp-content\/uploads\/2020\/12\/pvit-768x593.jpg 768w\" sizes=\"(max-width: 777px) 100vw, 777px\" \/><\/p>\n<\/div>\n","protected":false},"excerpt":{"rendered":"<p>Desde: Diciembre a enero de 2019. Durante: Un a\u00f1o. Donde: Pordenone. Tema del Proyecto: Discapacidad y Medios digitales. EL PROYECTO Let me Tell your story es un proyecto de un a\u00f1o, empezando en diciembre \/ enero 2019. La organizacion de acogida &#8220;ANFAS ONLUS&#8221; , trabaja para la integraci\u00f3n de personas con discapacidad, organizan actividades para &hellip;<\/p>\n","protected":false},"author":1,"featured_media":6598,"comment_status":"closed","ping_status":"open","sticky":false,"template":"","format":"standard","meta":{"ngg_post_thumbnail":0,"footnotes":""},"categories":[90],"tags":[],"class_list":["post-6597","post","type-post","status-publish","format-standard","has-post-thumbnail","hentry","category-tablon-informativo-desarrollo-local"],"yoast_head":"<!-- This site is optimized with the Yoast SEO plugin v27.4 - https:\/\/yoast.com\/product\/yoast-seo-wordpress\/ -->\n<title>SE OFERTA UNA PLAZA EN UN PROYECTO DE VOLUNTARIADO EUROPEO EN ITALIA - MI Ayuntamiento de Caudete<\/title>\n<meta name=\"description\" content=\"P\u00e1gina Oficial del Ayuntamiento de Caudete (Albacete)\" \/>\n<meta name=\"robots\" content=\"index, follow, max-snippet:-1, max-image-preview:large, max-video-preview:-1\" \/>\n<link rel=\"canonical\" href=\"https:\/\/www.caudete.org\/ayuntamiento\/se-oferta-una-plaza-en-un-proyecto-de-voluntariado-europeo-en-italia\/\" \/>\n<meta property=\"og:locale\" content=\"es_ES\" \/>\n<meta property=\"og:type\" content=\"article\" \/>\n<meta property=\"og:title\" content=\"SE OFERTA UNA PLAZA EN UN PROYECTO DE VOLUNTARIADO EUROPEO EN ITALIA - MI Ayuntamiento de Caudete\" \/>\n<meta property=\"og:description\" content=\"P\u00e1gina Oficial del Ayuntamiento de Caudete (Albacete)\" \/>\n<meta property=\"og:url\" content=\"https:\/\/www.caudete.org\/ayuntamiento\/se-oferta-una-plaza-en-un-proyecto-de-voluntariado-europeo-en-italia\/\" \/>\n<meta property=\"og:site_name\" content=\"MI Ayuntamiento de Caudete\" \/>\n<meta property=\"article:publisher\" content=\"https:\/\/www.facebook.com\/ayuntamientocaudete\/\" \/>\n<meta property=\"article:published_time\" content=\"2018-11-23T20:52:36+00:00\" \/>\n<meta property=\"article:modified_time\" content=\"2020-12-15T13:01:35+00:00\" \/>\n<meta property=\"og:image\" content=\"https:\/\/www.caudete.org\/ayuntamiento\/wp-content\/uploads\/2020\/12\/pvit.jpg\" \/>\n\t<meta property=\"og:image:width\" content=\"777\" \/>\n\t<meta property=\"og:image:height\" content=\"600\" \/>\n\t<meta property=\"og:image:type\" content=\"image\/jpeg\" \/>\n<meta name=\"author\" content=\"ayun\" \/>\n<meta name=\"twitter:card\" content=\"summary_large_image\" \/>\n<meta name=\"twitter:label1\" content=\"Escrito por\" \/>\n\t<meta name=\"twitter:data1\" content=\"ayun\" \/>\n\t<meta name=\"twitter:label2\" content=\"Tiempo de lectura\" \/>\n\t<meta name=\"twitter:data2\" content=\"1 minuto\" \/>\n<script type=\"application\/ld+json\" class=\"yoast-schema-graph\">{\"@context\":\"https:\\\/\\\/schema.org\",\"@graph\":[{\"@type\":\"Article\",\"@id\":\"https:\\\/\\\/www.caudete.org\\\/ayuntamiento\\\/se-oferta-una-plaza-en-un-proyecto-de-voluntariado-europeo-en-italia\\\/#article\",\"isPartOf\":{\"@id\":\"https:\\\/\\\/www.caudete.org\\\/ayuntamiento\\\/se-oferta-una-plaza-en-un-proyecto-de-voluntariado-europeo-en-italia\\\/\"},\"author\":{\"name\":\"ayun\",\"@id\":\"https:\\\/\\\/www.caudete.org\\\/ayuntamiento\\\/#\\\/schema\\\/person\\\/79f7e19fdd176fc2bc7a289013dc2056\"},\"headline\":\"SE OFERTA UNA PLAZA EN UN PROYECTO DE VOLUNTARIADO EUROPEO EN ITALIA\",\"datePublished\":\"2018-11-23T20:52:36+00:00\",\"dateModified\":\"2020-12-15T13:01:35+00:00\",\"mainEntityOfPage\":{\"@id\":\"https:\\\/\\\/www.caudete.org\\\/ayuntamiento\\\/se-oferta-una-plaza-en-un-proyecto-de-voluntariado-europeo-en-italia\\\/\"},\"wordCount\":233,\"publisher\":{\"@id\":\"https:\\\/\\\/www.caudete.org\\\/ayuntamiento\\\/#organization\"},\"image\":{\"@id\":\"https:\\\/\\\/www.caudete.org\\\/ayuntamiento\\\/se-oferta-una-plaza-en-un-proyecto-de-voluntariado-europeo-en-italia\\\/#primaryimage\"},\"thumbnailUrl\":\"https:\\\/\\\/www.caudete.org\\\/ayuntamiento\\\/wp-content\\\/uploads\\\/2020\\\/12\\\/pvit.jpg\",\"articleSection\":[\"Tabl\u00f3n informativo (Desarrollo local)\"],\"inLanguage\":\"es\"},{\"@type\":\"WebPage\",\"@id\":\"https:\\\/\\\/www.caudete.org\\\/ayuntamiento\\\/se-oferta-una-plaza-en-un-proyecto-de-voluntariado-europeo-en-italia\\\/\",\"url\":\"https:\\\/\\\/www.caudete.org\\\/ayuntamiento\\\/se-oferta-una-plaza-en-un-proyecto-de-voluntariado-europeo-en-italia\\\/\",\"name\":\"SE OFERTA UNA PLAZA EN UN PROYECTO DE VOLUNTARIADO EUROPEO EN ITALIA - MI Ayuntamiento de Caudete\",\"isPartOf\":{\"@id\":\"https:\\\/\\\/www.caudete.org\\\/ayuntamiento\\\/#website\"},\"primaryImageOfPage\":{\"@id\":\"https:\\\/\\\/www.caudete.org\\\/ayuntamiento\\\/se-oferta-una-plaza-en-un-proyecto-de-voluntariado-europeo-en-italia\\\/#primaryimage\"},\"image\":{\"@id\":\"https:\\\/\\\/www.caudete.org\\\/ayuntamiento\\\/se-oferta-una-plaza-en-un-proyecto-de-voluntariado-europeo-en-italia\\\/#primaryimage\"},\"thumbnailUrl\":\"https:\\\/\\\/www.caudete.org\\\/ayuntamiento\\\/wp-content\\\/uploads\\\/2020\\\/12\\\/pvit.jpg\",\"datePublished\":\"2018-11-23T20:52:36+00:00\",\"dateModified\":\"2020-12-15T13:01:35+00:00\",\"description\":\"P\u00e1gina Oficial del Ayuntamiento de Caudete (Albacete)\",\"breadcrumb\":{\"@id\":\"https:\\\/\\\/www.caudete.org\\\/ayuntamiento\\\/se-oferta-una-plaza-en-un-proyecto-de-voluntariado-europeo-en-italia\\\/#breadcrumb\"},\"inLanguage\":\"es\",\"potentialAction\":[{\"@type\":\"ReadAction\",\"target\":[\"https:\\\/\\\/www.caudete.org\\\/ayuntamiento\\\/se-oferta-una-plaza-en-un-proyecto-de-voluntariado-europeo-en-italia\\\/\"]}]},{\"@type\":\"ImageObject\",\"inLanguage\":\"es\",\"@id\":\"https:\\\/\\\/www.caudete.org\\\/ayuntamiento\\\/se-oferta-una-plaza-en-un-proyecto-de-voluntariado-europeo-en-italia\\\/#primaryimage\",\"url\":\"https:\\\/\\\/www.caudete.org\\\/ayuntamiento\\\/wp-content\\\/uploads\\\/2020\\\/12\\\/pvit.jpg\",\"contentUrl\":\"https:\\\/\\\/www.caudete.org\\\/ayuntamiento\\\/wp-content\\\/uploads\\\/2020\\\/12\\\/pvit.jpg\",\"width\":777,\"height\":600},{\"@type\":\"BreadcrumbList\",\"@id\":\"https:\\\/\\\/www.caudete.org\\\/ayuntamiento\\\/se-oferta-una-plaza-en-un-proyecto-de-voluntariado-europeo-en-italia\\\/#breadcrumb\",\"itemListElement\":[{\"@type\":\"ListItem\",\"position\":1,\"name\":\"Inicio\",\"item\":\"https:\\\/\\\/www.caudete.org\\\/ayuntamiento\\\/\"},{\"@type\":\"ListItem\",\"position\":2,\"name\":\"SE OFERTA UNA PLAZA EN UN PROYECTO DE VOLUNTARIADO EUROPEO EN ITALIA\"}]},{\"@type\":\"WebSite\",\"@id\":\"https:\\\/\\\/www.caudete.org\\\/ayuntamiento\\\/#website\",\"url\":\"https:\\\/\\\/www.caudete.org\\\/ayuntamiento\\\/\",\"name\":\"MI Ayuntamiento de Caudete\",\"description\":\"P\u00e1gina Oficial del MI Ayuntamiento de Caudete\",\"publisher\":{\"@id\":\"https:\\\/\\\/www.caudete.org\\\/ayuntamiento\\\/#organization\"},\"potentialAction\":[{\"@type\":\"SearchAction\",\"target\":{\"@type\":\"EntryPoint\",\"urlTemplate\":\"https:\\\/\\\/www.caudete.org\\\/ayuntamiento\\\/?s={search_term_string}\"},\"query-input\":{\"@type\":\"PropertyValueSpecification\",\"valueRequired\":true,\"valueName\":\"search_term_string\"}}],\"inLanguage\":\"es\"},{\"@type\":\"Organization\",\"@id\":\"https:\\\/\\\/www.caudete.org\\\/ayuntamiento\\\/#organization\",\"name\":\"Ayuntamiento de Caudete\",\"url\":\"https:\\\/\\\/www.caudete.org\\\/ayuntamiento\\\/\",\"logo\":{\"@type\":\"ImageObject\",\"inLanguage\":\"es\",\"@id\":\"https:\\\/\\\/www.caudete.org\\\/ayuntamiento\\\/#\\\/schema\\\/logo\\\/image\\\/\",\"url\":\"https:\\\/\\\/www.caudete.org\\\/ayuntamiento\\\/wp-content\\\/uploads\\\/2020\\\/11\\\/logo_ayuntamiento_caudete.jpg\",\"contentUrl\":\"https:\\\/\\\/www.caudete.org\\\/ayuntamiento\\\/wp-content\\\/uploads\\\/2020\\\/11\\\/logo_ayuntamiento_caudete.jpg\",\"width\":600,\"height\":150,\"caption\":\"Ayuntamiento de Caudete\"},\"image\":{\"@id\":\"https:\\\/\\\/www.caudete.org\\\/ayuntamiento\\\/#\\\/schema\\\/logo\\\/image\\\/\"},\"sameAs\":[\"https:\\\/\\\/www.facebook.com\\\/ayuntamientocaudete\\\/\",\"https:\\\/\\\/www.youtube.com\\\/channel\\\/UC6VztHaooNsGpw-tNoBEFnQ\"]},{\"@type\":\"Person\",\"@id\":\"https:\\\/\\\/www.caudete.org\\\/ayuntamiento\\\/#\\\/schema\\\/person\\\/79f7e19fdd176fc2bc7a289013dc2056\",\"name\":\"ayun\",\"image\":{\"@type\":\"ImageObject\",\"inLanguage\":\"es\",\"@id\":\"https:\\\/\\\/secure.gravatar.com\\\/avatar\\\/4ce797ee07c943e7e592f8cd648e503e6cd571387558ed07135799c2bd2847df?s=96&d=mm&r=g\",\"url\":\"https:\\\/\\\/secure.gravatar.com\\\/avatar\\\/4ce797ee07c943e7e592f8cd648e503e6cd571387558ed07135799c2bd2847df?s=96&d=mm&r=g\",\"contentUrl\":\"https:\\\/\\\/secure.gravatar.com\\\/avatar\\\/4ce797ee07c943e7e592f8cd648e503e6cd571387558ed07135799c2bd2847df?s=96&d=mm&r=g\",\"caption\":\"ayun\"},\"sameAs\":[\"http:\\\/\\\/www.caudete.org\\\/ayuntamiento\"],\"url\":\"https:\\\/\\\/www.caudete.org\\\/ayuntamiento\\\/author\\\/ayun\\\/\"}]}<\/script>\n<!-- \/ Yoast SEO plugin. -->","yoast_head_json":{"title":"SE OFERTA UNA PLAZA EN UN PROYECTO DE VOLUNTARIADO EUROPEO EN ITALIA - MI Ayuntamiento de Caudete","description":"P\u00e1gina Oficial del Ayuntamiento de Caudete (Albacete)","robots":{"index":"index","follow":"follow","max-snippet":"max-snippet:-1","max-image-preview":"max-image-preview:large","max-video-preview":"max-video-preview:-1"},"canonical":"https:\/\/www.caudete.org\/ayuntamiento\/se-oferta-una-plaza-en-un-proyecto-de-voluntariado-europeo-en-italia\/","og_locale":"es_ES","og_type":"article","og_title":"SE OFERTA UNA PLAZA EN UN PROYECTO DE VOLUNTARIADO EUROPEO EN ITALIA - MI Ayuntamiento de Caudete","og_description":"P\u00e1gina Oficial del Ayuntamiento de Caudete (Albacete)","og_url":"https:\/\/www.caudete.org\/ayuntamiento\/se-oferta-una-plaza-en-un-proyecto-de-voluntariado-europeo-en-italia\/","og_site_name":"MI Ayuntamiento de Caudete","article_publisher":"https:\/\/www.facebook.com\/ayuntamientocaudete\/","article_published_time":"2018-11-23T20:52:36+00:00","article_modified_time":"2020-12-15T13:01:35+00:00","og_image":[{"width":777,"height":600,"url":"https:\/\/www.caudete.org\/ayuntamiento\/wp-content\/uploads\/2020\/12\/pvit.jpg","type":"image\/jpeg"}],"author":"ayun","twitter_card":"summary_large_image","twitter_misc":{"Escrito por":"ayun","Tiempo de lectura":"1 minuto"},"schema":{"@context":"https:\/\/schema.org","@graph":[{"@type":"Article","@id":"https:\/\/www.caudete.org\/ayuntamiento\/se-oferta-una-plaza-en-un-proyecto-de-voluntariado-europeo-en-italia\/#article","isPartOf":{"@id":"https:\/\/www.caudete.org\/ayuntamiento\/se-oferta-una-plaza-en-un-proyecto-de-voluntariado-europeo-en-italia\/"},"author":{"name":"ayun","@id":"https:\/\/www.caudete.org\/ayuntamiento\/#\/schema\/person\/79f7e19fdd176fc2bc7a289013dc2056"},"headline":"SE OFERTA UNA PLAZA EN UN PROYECTO DE VOLUNTARIADO EUROPEO EN ITALIA","datePublished":"2018-11-23T20:52:36+00:00","dateModified":"2020-12-15T13:01:35+00:00","mainEntityOfPage":{"@id":"https:\/\/www.caudete.org\/ayuntamiento\/se-oferta-una-plaza-en-un-proyecto-de-voluntariado-europeo-en-italia\/"},"wordCount":233,"publisher":{"@id":"https:\/\/www.caudete.org\/ayuntamiento\/#organization"},"image":{"@id":"https:\/\/www.caudete.org\/ayuntamiento\/se-oferta-una-plaza-en-un-proyecto-de-voluntariado-europeo-en-italia\/#primaryimage"},"thumbnailUrl":"https:\/\/www.caudete.org\/ayuntamiento\/wp-content\/uploads\/2020\/12\/pvit.jpg","articleSection":["Tabl\u00f3n informativo (Desarrollo local)"],"inLanguage":"es"},{"@type":"WebPage","@id":"https:\/\/www.caudete.org\/ayuntamiento\/se-oferta-una-plaza-en-un-proyecto-de-voluntariado-europeo-en-italia\/","url":"https:\/\/www.caudete.org\/ayuntamiento\/se-oferta-una-plaza-en-un-proyecto-de-voluntariado-europeo-en-italia\/","name":"SE OFERTA UNA PLAZA EN UN PROYECTO DE VOLUNTARIADO EUROPEO EN ITALIA - MI Ayuntamiento de Caudete","isPartOf":{"@id":"https:\/\/www.caudete.org\/ayuntamiento\/#website"},"primaryImageOfPage":{"@id":"https:\/\/www.caudete.org\/ayuntamiento\/se-oferta-una-plaza-en-un-proyecto-de-voluntariado-europeo-en-italia\/#primaryimage"},"image":{"@id":"https:\/\/www.caudete.org\/ayuntamiento\/se-oferta-una-plaza-en-un-proyecto-de-voluntariado-europeo-en-italia\/#primaryimage"},"thumbnailUrl":"https:\/\/www.caudete.org\/ayuntamiento\/wp-content\/uploads\/2020\/12\/pvit.jpg","datePublished":"2018-11-23T20:52:36+00:00","dateModified":"2020-12-15T13:01:35+00:00","description":"P\u00e1gina Oficial del Ayuntamiento de Caudete (Albacete)","breadcrumb":{"@id":"https:\/\/www.caudete.org\/ayuntamiento\/se-oferta-una-plaza-en-un-proyecto-de-voluntariado-europeo-en-italia\/#breadcrumb"},"inLanguage":"es","potentialAction":[{"@type":"ReadAction","target":["https:\/\/www.caudete.org\/ayuntamiento\/se-oferta-una-plaza-en-un-proyecto-de-voluntariado-europeo-en-italia\/"]}]},{"@type":"ImageObject","inLanguage":"es","@id":"https:\/\/www.caudete.org\/ayuntamiento\/se-oferta-una-plaza-en-un-proyecto-de-voluntariado-europeo-en-italia\/#primaryimage","url":"https:\/\/www.caudete.org\/ayuntamiento\/wp-content\/uploads\/2020\/12\/pvit.jpg","contentUrl":"https:\/\/www.caudete.org\/ayuntamiento\/wp-content\/uploads\/2020\/12\/pvit.jpg","width":777,"height":600},{"@type":"BreadcrumbList","@id":"https:\/\/www.caudete.org\/ayuntamiento\/se-oferta-una-plaza-en-un-proyecto-de-voluntariado-europeo-en-italia\/#breadcrumb","itemListElement":[{"@type":"ListItem","position":1,"name":"Inicio","item":"https:\/\/www.caudete.org\/ayuntamiento\/"},{"@type":"ListItem","position":2,"name":"SE OFERTA UNA PLAZA EN UN PROYECTO DE VOLUNTARIADO EUROPEO EN ITALIA"}]},{"@type":"WebSite","@id":"https:\/\/www.caudete.org\/ayuntamiento\/#website","url":"https:\/\/www.caudete.org\/ayuntamiento\/","name":"MI Ayuntamiento de Caudete","description":"P\u00e1gina Oficial del MI Ayuntamiento de Caudete","publisher":{"@id":"https:\/\/www.caudete.org\/ayuntamiento\/#organization"},"potentialAction":[{"@type":"SearchAction","target":{"@type":"EntryPoint","urlTemplate":"https:\/\/www.caudete.org\/ayuntamiento\/?s={search_term_string}"},"query-input":{"@type":"PropertyValueSpecification","valueRequired":true,"valueName":"search_term_string"}}],"inLanguage":"es"},{"@type":"Organization","@id":"https:\/\/www.caudete.org\/ayuntamiento\/#organization","name":"Ayuntamiento de Caudete","url":"https:\/\/www.caudete.org\/ayuntamiento\/","logo":{"@type":"ImageObject","inLanguage":"es","@id":"https:\/\/www.caudete.org\/ayuntamiento\/#\/schema\/logo\/image\/","url":"https:\/\/www.caudete.org\/ayuntamiento\/wp-content\/uploads\/2020\/11\/logo_ayuntamiento_caudete.jpg","contentUrl":"https:\/\/www.caudete.org\/ayuntamiento\/wp-content\/uploads\/2020\/11\/logo_ayuntamiento_caudete.jpg","width":600,"height":150,"caption":"Ayuntamiento de Caudete"},"image":{"@id":"https:\/\/www.caudete.org\/ayuntamiento\/#\/schema\/logo\/image\/"},"sameAs":["https:\/\/www.facebook.com\/ayuntamientocaudete\/","https:\/\/www.youtube.com\/channel\/UC6VztHaooNsGpw-tNoBEFnQ"]},{"@type":"Person","@id":"https:\/\/www.caudete.org\/ayuntamiento\/#\/schema\/person\/79f7e19fdd176fc2bc7a289013dc2056","name":"ayun","image":{"@type":"ImageObject","inLanguage":"es","@id":"https:\/\/secure.gravatar.com\/avatar\/4ce797ee07c943e7e592f8cd648e503e6cd571387558ed07135799c2bd2847df?s=96&d=mm&r=g","url":"https:\/\/secure.gravatar.com\/avatar\/4ce797ee07c943e7e592f8cd648e503e6cd571387558ed07135799c2bd2847df?s=96&d=mm&r=g","contentUrl":"https:\/\/secure.gravatar.com\/avatar\/4ce797ee07c943e7e592f8cd648e503e6cd571387558ed07135799c2bd2847df?s=96&d=mm&r=g","caption":"ayun"},"sameAs":["http:\/\/www.caudete.org\/ayuntamiento"],"url":"https:\/\/www.caudete.org\/ayuntamiento\/author\/ayun\/"}]}},"_links":{"self":[{"href":"https:\/\/www.caudete.org\/ayuntamiento\/wp-json\/wp\/v2\/posts\/6597","targetHints":{"allow":["GET"]}}],"collection":[{"href":"https:\/\/www.caudete.org\/ayuntamiento\/wp-json\/wp\/v2\/posts"}],"about":[{"href":"https:\/\/www.caudete.org\/ayuntamiento\/wp-json\/wp\/v2\/types\/post"}],"author":[{"embeddable":true,"href":"https:\/\/www.caudete.org\/ayuntamiento\/wp-json\/wp\/v2\/users\/1"}],"replies":[{"embeddable":true,"href":"https:\/\/www.caudete.org\/ayuntamiento\/wp-json\/wp\/v2\/comments?post=6597"}],"version-history":[{"count":2,"href":"https:\/\/www.caudete.org\/ayuntamiento\/wp-json\/wp\/v2\/posts\/6597\/revisions"}],"predecessor-version":[{"id":9762,"href":"https:\/\/www.caudete.org\/ayuntamiento\/wp-json\/wp\/v2\/posts\/6597\/revisions\/9762"}],"wp:featuredmedia":[{"embeddable":true,"href":"https:\/\/www.caudete.org\/ayuntamiento\/wp-json\/wp\/v2\/media\/6598"}],"wp:attachment":[{"href":"https:\/\/www.caudete.org\/ayuntamiento\/wp-json\/wp\/v2\/media?parent=6597"}],"wp:term":[{"taxonomy":"category","embeddable":true,"href":"https:\/\/www.caudete.org\/ayuntamiento\/wp-json\/wp\/v2\/categories?post=6597"},{"taxonomy":"post_tag","embeddable":true,"href":"https:\/\/www.caudete.org\/ayuntamiento\/wp-json\/wp\/v2\/tags?post=6597"}],"curies":[{"name":"wp","href":"https:\/\/api.w.org\/{rel}","templated":true}]}}