{"id":6613,"date":"2019-01-05T22:18:29","date_gmt":"2019-01-05T21:18:29","guid":{"rendered":"http:\/\/www.caudete.org\/ayuntamiento\/?p=6613"},"modified":"2020-12-15T13:58:35","modified_gmt":"2020-12-15T12:58:35","slug":"curso-de-cria-de-gallinas-camperas-y-broiler-cofinanciado-por-el-fondo-europeo-feader-con-la-colaboracion-de-tres-eses-y-grapisa","status":"publish","type":"post","link":"https:\/\/www.caudete.org\/ayuntamiento\/curso-de-cria-de-gallinas-camperas-y-broiler-cofinanciado-por-el-fondo-europeo-feader-con-la-colaboracion-de-tres-eses-y-grapisa\/","title":{"rendered":"CURSO DE CR\u00cdA DE GALLINAS CAMPERAS Y BROILER. Cofinanciado por el Fondo Europeo Feader. Con la colaboraci\u00f3n de Tres Eses y Grapisa"},"content":{"rendered":"<p>DESTINATARIOS: Profesionales del sector agrario y forestal y personas del medio rural que trabajen o vayan a trabajar en estas actividades especialmente los j\u00f3venes y las mujeres. Personas del mundo rural interesadas en adquirir estos conocimientos.<\/p>\n<div id=\"cen_sec_not\">\n<div id=\"noticia\">\n<div id=\"recuadro_not\">\n<p><b>OBJETIVOS:<\/b><\/p>\n<p>Los asistentes al curso podr\u00e1n hacerse una idea de las condiciones de mercado en las que desarrollar\u00e1n su actividad y de las demandas del consumidor que m\u00e1s interesan a su modelo de negocio, y con todo esto definir lo m\u00e1s precisamente posible cual es su producto.<br \/>\nEn funci\u00f3n de la orientaci\u00f3n al mercado y su capacidad de inversi\u00f3n se le ofrecer\u00e1n unos modelos de negocio viables para que le sirva de ayuda para configurar su propia explotaci\u00f3n. Entrando propiamente en la producci\u00f3n de huevos, se le ofrecer\u00e1 una visi\u00f3n de las t\u00e9cnicas de producci\u00f3n m\u00e1s actuales, as\u00ed como un repaso detallado de los pilares de una explotaci\u00f3n de huevos: l os animales, las instalaciones, t\u00e9cnicas de alimentaci\u00f3n y pautas de manejo. Con todo ello ser\u00e1 capaz de conocer las caracter\u00edsticas principales de la actividad, de identificar mejor los riesgos a los que se enfrentar\u00e1 y afrontar con m\u00e1s garant\u00edas de \u00e9xito su primera instalaci\u00f3n.<\/p>\n<p><b>DIAS:<\/b><\/p>\n<p>D\u00eda: Jueves 31 de Enero de 2019<br \/>\nHorario: de 9:00 a 14:00 y de 16:00 a 21:00 horas<br \/>\nD\u00eda: Lunes 4 de Febrero de 2019<br \/>\nHorario de 16:00 a 21:00 horas<br \/>\nD\u00eda: Martes y Mi\u00e9rcoles 4 y 5 de Febrero de 2019<br \/>\nHorario: de 9:00 a 14:00<br \/>\nTotal: 25 horas<br \/>\nCURSO GRATUITO<\/p>\n<p>Centro de Formaci\u00f3n Agroambiental Ctra. de Ayora Km. 1,5 \u2013 02006 ALBACETE X5XC+QJ Albacete<br \/>\n<a href=\"https:\/\/goo.gl\/maps\/EfdRBwiwxsB2\" target=\"_blank\" rel=\"nofollow\">www. goo.gl\/maps\/EfdRBwiwxsB2<\/a><\/p>\n<p><b>INSCRIPCI\u00d3N:<\/b><\/p>\n<p>Para asistir a este curso hay que contactar con:<br \/>\nJuan Carlos Vilches de Frutos<br \/>\nTel\u00e9fono: 967 55 85 50<br \/>\nemail: <a href=\"mailto:jcvilchesd@jccm.es\" target=\"_blank\" rel=\"nofollow\">jcvilchesd@jccm.es<\/a><br \/>\naportando sus datos personales (nombre completo, tel\u00e9fono, correo electr\u00f3nico)<\/p>\n<p>Direcci\u00f3n Provincial de Agricultura Medio Ambiente y Desarrollo Rural de Albacete<br \/>\nTfno: 967 55 85 50<br \/>\ne-mail: <a href=\"mailto:jcvilchesd@jccm.es\" target=\"_blank\" rel=\"nofollow\">jcvilchesd@jccm.es<\/a><\/p>\n<p><b>PROGRAMA:<\/b><\/p>\n<p><b>D\u00eda: Jueves 31 de Enero de 2019 <\/b><br \/>\nHorario: de 9:00 a 14:000 horas<\/p>\n<p>PONENTE: JOSE CARLOS TERRAZ CUENCA, Avicultor profesional, Gerente de Granja Pinseque. Presidente de Avialter (Asociaci\u00f3n Profesional de Avicultura Alternativa) y Presidente de ERPA (Asociaci\u00f3n europea de Aves Rurales)<\/p>\n<p>PRESENTACI\u00d3N JORNADA.<br \/>\nINICIARSE EN AVICULTURA ALTERNATIVA CON \u00c9XITO: Huevos Camperos y Ecol\u00f3gicos<br \/>\nLa avicultura alternativa de puesta en Europa y en Espa\u00f1a. Como iniciarse en avicultura alternativa:<br \/>\nOrientaci\u00f3n Comercial: Circuitos Cortos y Largos de Comercializaci\u00f3n. Inversiones necesarias.<br \/>\nTres modelos de Explotaci\u00f3n para tres niveles de inversi\u00f3n y tres orientaciones comerciales diferentes.<\/p>\n<p><b>D\u00eda: Jueves 31 de Enero de 2019 <\/b><br \/>\nHorario: de 16:00 a 21:00 horas<\/p>\n<p>PONENTE: JOSE CARLOS TERRAZ CUENCA, Avicultor profesional, Gerente de<br \/>\nGranja Pinseque. Presidente de Avialter (Asociaci\u00f3n Profesional de Avicultura Alternativa) y Presidente de ERPA (Asociaci\u00f3n europea de Aves Rurales).<br \/>\nINSTALACIONES Y MANEJO DE GALLINAS EN LIBERTAD<br \/>\nLos Pilares de una explotaci\u00f3n: Las Gallinas.<br \/>\nLa alimentaci\u00f3n. Las instalaciones. El manejo.<br \/>\nPuntos Cr\u00edticos<\/p>\n<p><b>D\u00eda: Lunes 4 de Febrero de 2019 <\/b><br \/>\nHorario: de 16:00 a 21:00 horas<\/p>\n<p>PONENTE: RAM\u00d3N PALLARES SERRANO. Licenciado en Ciencias Qu\u00edmicas. Administrador en diferentes Fabricas de Piensos. Profesor de los Cursos del CESAC y AVIAR sobre nutrici\u00f3n de Broiler, Ponedoras y Reproductoras<br \/>\nPRODUCCION AVICOLA: POLLO BROILER<br \/>\n1.- MANEJO<br \/>\n2.- BIOSEGURIDAD<br \/>\n3.- BIENESTAR ANIMAL<br \/>\n4.- NUTRICION<br \/>\n5.- ECONOMIA<\/p>\n<p><b>D\u00eda: Martes 5 de Febrero de 2019 <\/b><br \/>\nHorario de 9:00 a 14:00 horas<\/p>\n<p>VISITA A UNA GRANJA DE PONEDORAS. ALMANSA HUEVOS CAMPEROS LAS TRES S S.L<\/p>\n<p><b>D\u00eda: Mi\u00e9rcoles 6 de Febrero de 2019 <\/b><br \/>\nHorario de 9:00 a 14:00 horas<\/p>\n<p>VISITA A UNA EXPLOTACI\u00d3N DE BROILER.CASAS DE JUAN NU\u00d1EZ<\/p>\n<\/div>\n<\/div>\n<\/div>\n<div id=\"inf\">\n<p><b>MI Ayuntamiento de Caudete &#8211; <\/b> c\/. Mayor , 2 &#8211; Tel\u00e9fono 965 827 000 &#8211; Fax 96 582 71 52<a href=\"http:\/\/caudete.org\/ayuntamiento\/eniusimg\/enius146\/2019\/01\/adjuntos_fichero_655c1cad0161414e.pdf\" class=\"mtli_attachment mtli_pdf\" target=\"_blank\" rel=\"noopener noreferrer nofollow\">CURSO DE CR\u00cdA DE GALLINAS CAMPERAS Y BROILER <\/a><\/p>\n<p><img fetchpriority=\"high\" decoding=\"async\" class=\"aligncenter size-full wp-image-6614\" src=\"http:\/\/www.caudete.org\/ayuntamiento\/wp-content\/uploads\/2020\/12\/criagallinas1.jpg\" alt=\"\" width=\"800\" height=\"565\" srcset=\"https:\/\/www.caudete.org\/ayuntamiento\/wp-content\/uploads\/2020\/12\/criagallinas1.jpg 800w, https:\/\/www.caudete.org\/ayuntamiento\/wp-content\/uploads\/2020\/12\/criagallinas1-300x212.jpg 300w, https:\/\/www.caudete.org\/ayuntamiento\/wp-content\/uploads\/2020\/12\/criagallinas1-768x542.jpg 768w\" sizes=\"(max-width: 800px) 100vw, 800px\" \/><\/p>\n<p><img decoding=\"async\" class=\"aligncenter size-full wp-image-6615\" src=\"http:\/\/www.caudete.org\/ayuntamiento\/wp-content\/uploads\/2020\/12\/criagallinas2.jpg\" alt=\"\" width=\"800\" height=\"565\" srcset=\"https:\/\/www.caudete.org\/ayuntamiento\/wp-content\/uploads\/2020\/12\/criagallinas2.jpg 800w, https:\/\/www.caudete.org\/ayuntamiento\/wp-content\/uploads\/2020\/12\/criagallinas2-300x212.jpg 300w, https:\/\/www.caudete.org\/ayuntamiento\/wp-content\/uploads\/2020\/12\/criagallinas2-768x542.jpg 768w\" sizes=\"(max-width: 800px) 100vw, 800px\" \/><\/p>\n<\/div>\n","protected":false},"excerpt":{"rendered":"<p>DESTINATARIOS: Profesionales del sector agrario y forestal y personas del medio rural que trabajen o vayan a trabajar en estas actividades especialmente los j\u00f3venes y las mujeres. Personas del mundo rural interesadas en adquirir estos conocimientos. OBJETIVOS: Los asistentes al curso podr\u00e1n hacerse una idea de las condiciones de mercado en las que desarrollar\u00e1n su &hellip;<\/p>\n","protected":false},"author":1,"featured_media":6614,"comment_status":"closed","ping_status":"open","sticky":false,"template":"","format":"standard","meta":{"ngg_post_thumbnail":0,"footnotes":""},"categories":[90],"tags":[],"class_list":["post-6613","post","type-post","status-publish","format-standard","has-post-thumbnail","hentry","category-tablon-informativo-desarrollo-local"],"yoast_head":"<!-- This site is optimized with the Yoast SEO plugin v27.4 - https:\/\/yoast.com\/product\/yoast-seo-wordpress\/ -->\n<title>CURSO DE CR\u00cdA DE GALLINAS CAMPERAS Y BROILER. Cofinanciado por el Fondo Europeo Feader. Con la colaboraci\u00f3n de Tres Eses y Grapisa - MI Ayuntamiento de Caudete<\/title>\n<meta name=\"description\" content=\"P\u00e1gina Oficial del Ayuntamiento de Caudete (Albacete)\" \/>\n<meta name=\"robots\" content=\"index, follow, max-snippet:-1, max-image-preview:large, max-video-preview:-1\" \/>\n<link rel=\"canonical\" href=\"https:\/\/www.caudete.org\/ayuntamiento\/curso-de-cria-de-gallinas-camperas-y-broiler-cofinanciado-por-el-fondo-europeo-feader-con-la-colaboracion-de-tres-eses-y-grapisa\/\" \/>\n<meta property=\"og:locale\" content=\"es_ES\" \/>\n<meta property=\"og:type\" content=\"article\" \/>\n<meta property=\"og:title\" content=\"CURSO DE CR\u00cdA DE GALLINAS CAMPERAS Y BROILER. Cofinanciado por el Fondo Europeo Feader. Con la colaboraci\u00f3n de Tres Eses y Grapisa - MI Ayuntamiento de Caudete\" \/>\n<meta property=\"og:description\" content=\"P\u00e1gina Oficial del Ayuntamiento de Caudete (Albacete)\" \/>\n<meta property=\"og:url\" content=\"https:\/\/www.caudete.org\/ayuntamiento\/curso-de-cria-de-gallinas-camperas-y-broiler-cofinanciado-por-el-fondo-europeo-feader-con-la-colaboracion-de-tres-eses-y-grapisa\/\" \/>\n<meta property=\"og:site_name\" content=\"MI Ayuntamiento de Caudete\" \/>\n<meta property=\"article:publisher\" content=\"https:\/\/www.facebook.com\/ayuntamientocaudete\/\" \/>\n<meta property=\"article:published_time\" content=\"2019-01-05T21:18:29+00:00\" \/>\n<meta property=\"article:modified_time\" content=\"2020-12-15T12:58:35+00:00\" \/>\n<meta property=\"og:image\" content=\"https:\/\/www.caudete.org\/ayuntamiento\/wp-content\/uploads\/2020\/12\/criagallinas1.jpg\" \/>\n\t<meta property=\"og:image:width\" content=\"800\" \/>\n\t<meta property=\"og:image:height\" content=\"565\" \/>\n\t<meta property=\"og:image:type\" content=\"image\/jpeg\" \/>\n<meta name=\"author\" content=\"ayun\" \/>\n<meta name=\"twitter:card\" content=\"summary_large_image\" \/>\n<meta name=\"twitter:label1\" content=\"Escrito por\" \/>\n\t<meta name=\"twitter:data1\" content=\"ayun\" \/>\n\t<meta name=\"twitter:label2\" content=\"Tiempo de lectura\" \/>\n\t<meta name=\"twitter:data2\" content=\"3 minutos\" \/>\n<script type=\"application\/ld+json\" class=\"yoast-schema-graph\">{\"@context\":\"https:\\\/\\\/schema.org\",\"@graph\":[{\"@type\":\"Article\",\"@id\":\"https:\\\/\\\/www.caudete.org\\\/ayuntamiento\\\/curso-de-cria-de-gallinas-camperas-y-broiler-cofinanciado-por-el-fondo-europeo-feader-con-la-colaboracion-de-tres-eses-y-grapisa\\\/#article\",\"isPartOf\":{\"@id\":\"https:\\\/\\\/www.caudete.org\\\/ayuntamiento\\\/curso-de-cria-de-gallinas-camperas-y-broiler-cofinanciado-por-el-fondo-europeo-feader-con-la-colaboracion-de-tres-eses-y-grapisa\\\/\"},\"author\":{\"name\":\"ayun\",\"@id\":\"https:\\\/\\\/www.caudete.org\\\/ayuntamiento\\\/#\\\/schema\\\/person\\\/79f7e19fdd176fc2bc7a289013dc2056\"},\"headline\":\"CURSO DE CR\u00cdA DE GALLINAS CAMPERAS Y BROILER. Cofinanciado por el Fondo Europeo Feader. Con la colaboraci\u00f3n de Tres Eses y Grapisa\",\"datePublished\":\"2019-01-05T21:18:29+00:00\",\"dateModified\":\"2020-12-15T12:58:35+00:00\",\"mainEntityOfPage\":{\"@id\":\"https:\\\/\\\/www.caudete.org\\\/ayuntamiento\\\/curso-de-cria-de-gallinas-camperas-y-broiler-cofinanciado-por-el-fondo-europeo-feader-con-la-colaboracion-de-tres-eses-y-grapisa\\\/\"},\"wordCount\":636,\"publisher\":{\"@id\":\"https:\\\/\\\/www.caudete.org\\\/ayuntamiento\\\/#organization\"},\"image\":{\"@id\":\"https:\\\/\\\/www.caudete.org\\\/ayuntamiento\\\/curso-de-cria-de-gallinas-camperas-y-broiler-cofinanciado-por-el-fondo-europeo-feader-con-la-colaboracion-de-tres-eses-y-grapisa\\\/#primaryimage\"},\"thumbnailUrl\":\"https:\\\/\\\/www.caudete.org\\\/ayuntamiento\\\/wp-content\\\/uploads\\\/2020\\\/12\\\/criagallinas1.jpg\",\"articleSection\":[\"Tabl\u00f3n informativo (Desarrollo local)\"],\"inLanguage\":\"es\"},{\"@type\":\"WebPage\",\"@id\":\"https:\\\/\\\/www.caudete.org\\\/ayuntamiento\\\/curso-de-cria-de-gallinas-camperas-y-broiler-cofinanciado-por-el-fondo-europeo-feader-con-la-colaboracion-de-tres-eses-y-grapisa\\\/\",\"url\":\"https:\\\/\\\/www.caudete.org\\\/ayuntamiento\\\/curso-de-cria-de-gallinas-camperas-y-broiler-cofinanciado-por-el-fondo-europeo-feader-con-la-colaboracion-de-tres-eses-y-grapisa\\\/\",\"name\":\"CURSO DE CR\u00cdA DE GALLINAS CAMPERAS Y BROILER. Cofinanciado por el Fondo Europeo Feader. Con la colaboraci\u00f3n de Tres Eses y Grapisa - MI Ayuntamiento de Caudete\",\"isPartOf\":{\"@id\":\"https:\\\/\\\/www.caudete.org\\\/ayuntamiento\\\/#website\"},\"primaryImageOfPage\":{\"@id\":\"https:\\\/\\\/www.caudete.org\\\/ayuntamiento\\\/curso-de-cria-de-gallinas-camperas-y-broiler-cofinanciado-por-el-fondo-europeo-feader-con-la-colaboracion-de-tres-eses-y-grapisa\\\/#primaryimage\"},\"image\":{\"@id\":\"https:\\\/\\\/www.caudete.org\\\/ayuntamiento\\\/curso-de-cria-de-gallinas-camperas-y-broiler-cofinanciado-por-el-fondo-europeo-feader-con-la-colaboracion-de-tres-eses-y-grapisa\\\/#primaryimage\"},\"thumbnailUrl\":\"https:\\\/\\\/www.caudete.org\\\/ayuntamiento\\\/wp-content\\\/uploads\\\/2020\\\/12\\\/criagallinas1.jpg\",\"datePublished\":\"2019-01-05T21:18:29+00:00\",\"dateModified\":\"2020-12-15T12:58:35+00:00\",\"description\":\"P\u00e1gina Oficial del Ayuntamiento de Caudete (Albacete)\",\"breadcrumb\":{\"@id\":\"https:\\\/\\\/www.caudete.org\\\/ayuntamiento\\\/curso-de-cria-de-gallinas-camperas-y-broiler-cofinanciado-por-el-fondo-europeo-feader-con-la-colaboracion-de-tres-eses-y-grapisa\\\/#breadcrumb\"},\"inLanguage\":\"es\",\"potentialAction\":[{\"@type\":\"ReadAction\",\"target\":[\"https:\\\/\\\/www.caudete.org\\\/ayuntamiento\\\/curso-de-cria-de-gallinas-camperas-y-broiler-cofinanciado-por-el-fondo-europeo-feader-con-la-colaboracion-de-tres-eses-y-grapisa\\\/\"]}]},{\"@type\":\"ImageObject\",\"inLanguage\":\"es\",\"@id\":\"https:\\\/\\\/www.caudete.org\\\/ayuntamiento\\\/curso-de-cria-de-gallinas-camperas-y-broiler-cofinanciado-por-el-fondo-europeo-feader-con-la-colaboracion-de-tres-eses-y-grapisa\\\/#primaryimage\",\"url\":\"https:\\\/\\\/www.caudete.org\\\/ayuntamiento\\\/wp-content\\\/uploads\\\/2020\\\/12\\\/criagallinas1.jpg\",\"contentUrl\":\"https:\\\/\\\/www.caudete.org\\\/ayuntamiento\\\/wp-content\\\/uploads\\\/2020\\\/12\\\/criagallinas1.jpg\",\"width\":800,\"height\":565},{\"@type\":\"BreadcrumbList\",\"@id\":\"https:\\\/\\\/www.caudete.org\\\/ayuntamiento\\\/curso-de-cria-de-gallinas-camperas-y-broiler-cofinanciado-por-el-fondo-europeo-feader-con-la-colaboracion-de-tres-eses-y-grapisa\\\/#breadcrumb\",\"itemListElement\":[{\"@type\":\"ListItem\",\"position\":1,\"name\":\"Inicio\",\"item\":\"https:\\\/\\\/www.caudete.org\\\/ayuntamiento\\\/\"},{\"@type\":\"ListItem\",\"position\":2,\"name\":\"CURSO DE CR\u00cdA DE GALLINAS CAMPERAS Y BROILER. Cofinanciado por el Fondo Europeo Feader. Con la colaboraci\u00f3n de Tres Eses y Grapisa\"}]},{\"@type\":\"WebSite\",\"@id\":\"https:\\\/\\\/www.caudete.org\\\/ayuntamiento\\\/#website\",\"url\":\"https:\\\/\\\/www.caudete.org\\\/ayuntamiento\\\/\",\"name\":\"MI Ayuntamiento de Caudete\",\"description\":\"P\u00e1gina Oficial del MI Ayuntamiento de Caudete\",\"publisher\":{\"@id\":\"https:\\\/\\\/www.caudete.org\\\/ayuntamiento\\\/#organization\"},\"potentialAction\":[{\"@type\":\"SearchAction\",\"target\":{\"@type\":\"EntryPoint\",\"urlTemplate\":\"https:\\\/\\\/www.caudete.org\\\/ayuntamiento\\\/?s={search_term_string}\"},\"query-input\":{\"@type\":\"PropertyValueSpecification\",\"valueRequired\":true,\"valueName\":\"search_term_string\"}}],\"inLanguage\":\"es\"},{\"@type\":\"Organization\",\"@id\":\"https:\\\/\\\/www.caudete.org\\\/ayuntamiento\\\/#organization\",\"name\":\"Ayuntamiento de Caudete\",\"url\":\"https:\\\/\\\/www.caudete.org\\\/ayuntamiento\\\/\",\"logo\":{\"@type\":\"ImageObject\",\"inLanguage\":\"es\",\"@id\":\"https:\\\/\\\/www.caudete.org\\\/ayuntamiento\\\/#\\\/schema\\\/logo\\\/image\\\/\",\"url\":\"https:\\\/\\\/www.caudete.org\\\/ayuntamiento\\\/wp-content\\\/uploads\\\/2020\\\/11\\\/logo_ayuntamiento_caudete.jpg\",\"contentUrl\":\"https:\\\/\\\/www.caudete.org\\\/ayuntamiento\\\/wp-content\\\/uploads\\\/2020\\\/11\\\/logo_ayuntamiento_caudete.jpg\",\"width\":600,\"height\":150,\"caption\":\"Ayuntamiento de Caudete\"},\"image\":{\"@id\":\"https:\\\/\\\/www.caudete.org\\\/ayuntamiento\\\/#\\\/schema\\\/logo\\\/image\\\/\"},\"sameAs\":[\"https:\\\/\\\/www.facebook.com\\\/ayuntamientocaudete\\\/\",\"https:\\\/\\\/www.youtube.com\\\/channel\\\/UC6VztHaooNsGpw-tNoBEFnQ\"]},{\"@type\":\"Person\",\"@id\":\"https:\\\/\\\/www.caudete.org\\\/ayuntamiento\\\/#\\\/schema\\\/person\\\/79f7e19fdd176fc2bc7a289013dc2056\",\"name\":\"ayun\",\"image\":{\"@type\":\"ImageObject\",\"inLanguage\":\"es\",\"@id\":\"https:\\\/\\\/secure.gravatar.com\\\/avatar\\\/4ce797ee07c943e7e592f8cd648e503e6cd571387558ed07135799c2bd2847df?s=96&d=mm&r=g\",\"url\":\"https:\\\/\\\/secure.gravatar.com\\\/avatar\\\/4ce797ee07c943e7e592f8cd648e503e6cd571387558ed07135799c2bd2847df?s=96&d=mm&r=g\",\"contentUrl\":\"https:\\\/\\\/secure.gravatar.com\\\/avatar\\\/4ce797ee07c943e7e592f8cd648e503e6cd571387558ed07135799c2bd2847df?s=96&d=mm&r=g\",\"caption\":\"ayun\"},\"sameAs\":[\"http:\\\/\\\/www.caudete.org\\\/ayuntamiento\"],\"url\":\"https:\\\/\\\/www.caudete.org\\\/ayuntamiento\\\/author\\\/ayun\\\/\"}]}<\/script>\n<!-- \/ Yoast SEO plugin. -->","yoast_head_json":{"title":"CURSO DE CR\u00cdA DE GALLINAS CAMPERAS Y BROILER. Cofinanciado por el Fondo Europeo Feader. Con la colaboraci\u00f3n de Tres Eses y Grapisa - MI Ayuntamiento de Caudete","description":"P\u00e1gina Oficial del Ayuntamiento de Caudete (Albacete)","robots":{"index":"index","follow":"follow","max-snippet":"max-snippet:-1","max-image-preview":"max-image-preview:large","max-video-preview":"max-video-preview:-1"},"canonical":"https:\/\/www.caudete.org\/ayuntamiento\/curso-de-cria-de-gallinas-camperas-y-broiler-cofinanciado-por-el-fondo-europeo-feader-con-la-colaboracion-de-tres-eses-y-grapisa\/","og_locale":"es_ES","og_type":"article","og_title":"CURSO DE CR\u00cdA DE GALLINAS CAMPERAS Y BROILER. Cofinanciado por el Fondo Europeo Feader. Con la colaboraci\u00f3n de Tres Eses y Grapisa - MI Ayuntamiento de Caudete","og_description":"P\u00e1gina Oficial del Ayuntamiento de Caudete (Albacete)","og_url":"https:\/\/www.caudete.org\/ayuntamiento\/curso-de-cria-de-gallinas-camperas-y-broiler-cofinanciado-por-el-fondo-europeo-feader-con-la-colaboracion-de-tres-eses-y-grapisa\/","og_site_name":"MI Ayuntamiento de Caudete","article_publisher":"https:\/\/www.facebook.com\/ayuntamientocaudete\/","article_published_time":"2019-01-05T21:18:29+00:00","article_modified_time":"2020-12-15T12:58:35+00:00","og_image":[{"width":800,"height":565,"url":"https:\/\/www.caudete.org\/ayuntamiento\/wp-content\/uploads\/2020\/12\/criagallinas1.jpg","type":"image\/jpeg"}],"author":"ayun","twitter_card":"summary_large_image","twitter_misc":{"Escrito por":"ayun","Tiempo de lectura":"3 minutos"},"schema":{"@context":"https:\/\/schema.org","@graph":[{"@type":"Article","@id":"https:\/\/www.caudete.org\/ayuntamiento\/curso-de-cria-de-gallinas-camperas-y-broiler-cofinanciado-por-el-fondo-europeo-feader-con-la-colaboracion-de-tres-eses-y-grapisa\/#article","isPartOf":{"@id":"https:\/\/www.caudete.org\/ayuntamiento\/curso-de-cria-de-gallinas-camperas-y-broiler-cofinanciado-por-el-fondo-europeo-feader-con-la-colaboracion-de-tres-eses-y-grapisa\/"},"author":{"name":"ayun","@id":"https:\/\/www.caudete.org\/ayuntamiento\/#\/schema\/person\/79f7e19fdd176fc2bc7a289013dc2056"},"headline":"CURSO DE CR\u00cdA DE GALLINAS CAMPERAS Y BROILER. Cofinanciado por el Fondo Europeo Feader. Con la colaboraci\u00f3n de Tres Eses y Grapisa","datePublished":"2019-01-05T21:18:29+00:00","dateModified":"2020-12-15T12:58:35+00:00","mainEntityOfPage":{"@id":"https:\/\/www.caudete.org\/ayuntamiento\/curso-de-cria-de-gallinas-camperas-y-broiler-cofinanciado-por-el-fondo-europeo-feader-con-la-colaboracion-de-tres-eses-y-grapisa\/"},"wordCount":636,"publisher":{"@id":"https:\/\/www.caudete.org\/ayuntamiento\/#organization"},"image":{"@id":"https:\/\/www.caudete.org\/ayuntamiento\/curso-de-cria-de-gallinas-camperas-y-broiler-cofinanciado-por-el-fondo-europeo-feader-con-la-colaboracion-de-tres-eses-y-grapisa\/#primaryimage"},"thumbnailUrl":"https:\/\/www.caudete.org\/ayuntamiento\/wp-content\/uploads\/2020\/12\/criagallinas1.jpg","articleSection":["Tabl\u00f3n informativo (Desarrollo local)"],"inLanguage":"es"},{"@type":"WebPage","@id":"https:\/\/www.caudete.org\/ayuntamiento\/curso-de-cria-de-gallinas-camperas-y-broiler-cofinanciado-por-el-fondo-europeo-feader-con-la-colaboracion-de-tres-eses-y-grapisa\/","url":"https:\/\/www.caudete.org\/ayuntamiento\/curso-de-cria-de-gallinas-camperas-y-broiler-cofinanciado-por-el-fondo-europeo-feader-con-la-colaboracion-de-tres-eses-y-grapisa\/","name":"CURSO DE CR\u00cdA DE GALLINAS CAMPERAS Y BROILER. Cofinanciado por el Fondo Europeo Feader. Con la colaboraci\u00f3n de Tres Eses y Grapisa - MI Ayuntamiento de Caudete","isPartOf":{"@id":"https:\/\/www.caudete.org\/ayuntamiento\/#website"},"primaryImageOfPage":{"@id":"https:\/\/www.caudete.org\/ayuntamiento\/curso-de-cria-de-gallinas-camperas-y-broiler-cofinanciado-por-el-fondo-europeo-feader-con-la-colaboracion-de-tres-eses-y-grapisa\/#primaryimage"},"image":{"@id":"https:\/\/www.caudete.org\/ayuntamiento\/curso-de-cria-de-gallinas-camperas-y-broiler-cofinanciado-por-el-fondo-europeo-feader-con-la-colaboracion-de-tres-eses-y-grapisa\/#primaryimage"},"thumbnailUrl":"https:\/\/www.caudete.org\/ayuntamiento\/wp-content\/uploads\/2020\/12\/criagallinas1.jpg","datePublished":"2019-01-05T21:18:29+00:00","dateModified":"2020-12-15T12:58:35+00:00","description":"P\u00e1gina Oficial del Ayuntamiento de Caudete (Albacete)","breadcrumb":{"@id":"https:\/\/www.caudete.org\/ayuntamiento\/curso-de-cria-de-gallinas-camperas-y-broiler-cofinanciado-por-el-fondo-europeo-feader-con-la-colaboracion-de-tres-eses-y-grapisa\/#breadcrumb"},"inLanguage":"es","potentialAction":[{"@type":"ReadAction","target":["https:\/\/www.caudete.org\/ayuntamiento\/curso-de-cria-de-gallinas-camperas-y-broiler-cofinanciado-por-el-fondo-europeo-feader-con-la-colaboracion-de-tres-eses-y-grapisa\/"]}]},{"@type":"ImageObject","inLanguage":"es","@id":"https:\/\/www.caudete.org\/ayuntamiento\/curso-de-cria-de-gallinas-camperas-y-broiler-cofinanciado-por-el-fondo-europeo-feader-con-la-colaboracion-de-tres-eses-y-grapisa\/#primaryimage","url":"https:\/\/www.caudete.org\/ayuntamiento\/wp-content\/uploads\/2020\/12\/criagallinas1.jpg","contentUrl":"https:\/\/www.caudete.org\/ayuntamiento\/wp-content\/uploads\/2020\/12\/criagallinas1.jpg","width":800,"height":565},{"@type":"BreadcrumbList","@id":"https:\/\/www.caudete.org\/ayuntamiento\/curso-de-cria-de-gallinas-camperas-y-broiler-cofinanciado-por-el-fondo-europeo-feader-con-la-colaboracion-de-tres-eses-y-grapisa\/#breadcrumb","itemListElement":[{"@type":"ListItem","position":1,"name":"Inicio","item":"https:\/\/www.caudete.org\/ayuntamiento\/"},{"@type":"ListItem","position":2,"name":"CURSO DE CR\u00cdA DE GALLINAS CAMPERAS Y BROILER. Cofinanciado por el Fondo Europeo Feader. Con la colaboraci\u00f3n de Tres Eses y Grapisa"}]},{"@type":"WebSite","@id":"https:\/\/www.caudete.org\/ayuntamiento\/#website","url":"https:\/\/www.caudete.org\/ayuntamiento\/","name":"MI Ayuntamiento de Caudete","description":"P\u00e1gina Oficial del MI Ayuntamiento de Caudete","publisher":{"@id":"https:\/\/www.caudete.org\/ayuntamiento\/#organization"},"potentialAction":[{"@type":"SearchAction","target":{"@type":"EntryPoint","urlTemplate":"https:\/\/www.caudete.org\/ayuntamiento\/?s={search_term_string}"},"query-input":{"@type":"PropertyValueSpecification","valueRequired":true,"valueName":"search_term_string"}}],"inLanguage":"es"},{"@type":"Organization","@id":"https:\/\/www.caudete.org\/ayuntamiento\/#organization","name":"Ayuntamiento de Caudete","url":"https:\/\/www.caudete.org\/ayuntamiento\/","logo":{"@type":"ImageObject","inLanguage":"es","@id":"https:\/\/www.caudete.org\/ayuntamiento\/#\/schema\/logo\/image\/","url":"https:\/\/www.caudete.org\/ayuntamiento\/wp-content\/uploads\/2020\/11\/logo_ayuntamiento_caudete.jpg","contentUrl":"https:\/\/www.caudete.org\/ayuntamiento\/wp-content\/uploads\/2020\/11\/logo_ayuntamiento_caudete.jpg","width":600,"height":150,"caption":"Ayuntamiento de Caudete"},"image":{"@id":"https:\/\/www.caudete.org\/ayuntamiento\/#\/schema\/logo\/image\/"},"sameAs":["https:\/\/www.facebook.com\/ayuntamientocaudete\/","https:\/\/www.youtube.com\/channel\/UC6VztHaooNsGpw-tNoBEFnQ"]},{"@type":"Person","@id":"https:\/\/www.caudete.org\/ayuntamiento\/#\/schema\/person\/79f7e19fdd176fc2bc7a289013dc2056","name":"ayun","image":{"@type":"ImageObject","inLanguage":"es","@id":"https:\/\/secure.gravatar.com\/avatar\/4ce797ee07c943e7e592f8cd648e503e6cd571387558ed07135799c2bd2847df?s=96&d=mm&r=g","url":"https:\/\/secure.gravatar.com\/avatar\/4ce797ee07c943e7e592f8cd648e503e6cd571387558ed07135799c2bd2847df?s=96&d=mm&r=g","contentUrl":"https:\/\/secure.gravatar.com\/avatar\/4ce797ee07c943e7e592f8cd648e503e6cd571387558ed07135799c2bd2847df?s=96&d=mm&r=g","caption":"ayun"},"sameAs":["http:\/\/www.caudete.org\/ayuntamiento"],"url":"https:\/\/www.caudete.org\/ayuntamiento\/author\/ayun\/"}]}},"_links":{"self":[{"href":"https:\/\/www.caudete.org\/ayuntamiento\/wp-json\/wp\/v2\/posts\/6613","targetHints":{"allow":["GET"]}}],"collection":[{"href":"https:\/\/www.caudete.org\/ayuntamiento\/wp-json\/wp\/v2\/posts"}],"about":[{"href":"https:\/\/www.caudete.org\/ayuntamiento\/wp-json\/wp\/v2\/types\/post"}],"author":[{"embeddable":true,"href":"https:\/\/www.caudete.org\/ayuntamiento\/wp-json\/wp\/v2\/users\/1"}],"replies":[{"embeddable":true,"href":"https:\/\/www.caudete.org\/ayuntamiento\/wp-json\/wp\/v2\/comments?post=6613"}],"version-history":[{"count":3,"href":"https:\/\/www.caudete.org\/ayuntamiento\/wp-json\/wp\/v2\/posts\/6613\/revisions"}],"predecessor-version":[{"id":9756,"href":"https:\/\/www.caudete.org\/ayuntamiento\/wp-json\/wp\/v2\/posts\/6613\/revisions\/9756"}],"wp:featuredmedia":[{"embeddable":true,"href":"https:\/\/www.caudete.org\/ayuntamiento\/wp-json\/wp\/v2\/media\/6614"}],"wp:attachment":[{"href":"https:\/\/www.caudete.org\/ayuntamiento\/wp-json\/wp\/v2\/media?parent=6613"}],"wp:term":[{"taxonomy":"category","embeddable":true,"href":"https:\/\/www.caudete.org\/ayuntamiento\/wp-json\/wp\/v2\/categories?post=6613"},{"taxonomy":"post_tag","embeddable":true,"href":"https:\/\/www.caudete.org\/ayuntamiento\/wp-json\/wp\/v2\/tags?post=6613"}],"curies":[{"name":"wp","href":"https:\/\/api.w.org\/{rel}","templated":true}]}}