{"id":6636,"date":"2019-01-05T23:09:26","date_gmt":"2019-01-05T22:09:26","guid":{"rendered":"http:\/\/www.caudete.org\/ayuntamiento\/?p=6636"},"modified":"2020-12-15T13:55:19","modified_gmt":"2020-12-15T12:55:19","slug":"curso-de-tecnica-de-estudio-de-fauna-silvestre-cofinanciado-por-el-fondo-europeo-feader-con-la-colaboracion-de-ambientea-papageno-sociedad-albacetense-de-ornitologia-y-la-asociacion-cientifica-de","status":"publish","type":"post","link":"https:\/\/www.caudete.org\/ayuntamiento\/curso-de-tecnica-de-estudio-de-fauna-silvestre-cofinanciado-por-el-fondo-europeo-feader-con-la-colaboracion-de-ambientea-papageno-sociedad-albacetense-de-ornitologia-y-la-asociacion-cientifica-de\/","title":{"rendered":"CURSO DE T\u00c9CNICA DE ESTUDIO, DE FAUNA SILVESTRE. Cofinanciado por el Fondo Europeo Feader. Con la colaboraci\u00f3n de Ambientea, Papageno, Sociedad Albacetense de ornitolog\u00eda y la Asociaci\u00f3n Cient\u00edfica de Ecolog\u00eda"},"content":{"rendered":"<p><span style=\"text-align: justify;\">DESTINATARIOS: Profesionales del sector agrario y forestal y personas del medio rural que trabajen o vayan a trabajar en estas actividades especialmente los j\u00f3venes y las mujeres. Cualquier persona del medio rural interesada en adquirir estos conocimientos.<\/span><\/p>\n<div id=\"cen_sec_not\">\n<div id=\"noticia\">\n<div id=\"recuadro_not\">\n<p style=\"text-align: justify;\"><b>OBJETIVOS:<\/b><br \/>\nConocer las \u00faltimas t\u00e9cnicas de estudio y seguimiento de fauna silvestre desde una perspectiva ecol\u00f3gica.<br \/>\nInstalar marcas, emisores y geolocalizadores en aves.<br \/>\nAprender a utilizar los equipos de telemetr\u00eda mediante talleres pr\u00e1cticos. Aprender a analizar datos de radio-seguimiento de aves con sistemas de informaci\u00f3n geogr\u00e1fica (SIG).<\/p>\n<p><b>DIAS :<\/b><br \/>\nD\u00edas: del 18 al 22 de MARZO de 2019<br \/>\nHorario: de 16:00 a 21:00 horas<br \/>\nD\u00eda: 22 de MARZO de 2019<br \/>\nHorario: de 9:00 a 14:00 horas<br \/>\nDuraci\u00f3n: 25 horas<\/p>\n<p>Centro de Formaci\u00f3n Agroambiental Ctra. de Ayora Km. 1,5 \u2013 02006 ALBACETE<br \/>\nX5XC+QJ Albacete<\/p>\n<p><b>Haz clic para ver el mapa de situaci\u00f3n <\/b><br \/>\n<a href=\"https:\/\/goo.gl\/maps\/EfdRBwiwxsB2\" target=\"_blank\" rel=\"nofollow\">www.goo.gl\/maps\/EfdRBwiwxsB2<\/a><\/p>\n<p>CURSO GRATUITO<\/p>\n<p><b>INSCRIPCI\u00d3N:<\/b><br \/>\nPara asistir a este curso hay que contactar con:<br \/>\nJuan Carlos Vilches de Frutos<br \/>\nTel\u00e9fono: 967 55 85 50<br \/>\nemail: <a href=\"mailto:jcvilchesd@jccm.es\" target=\"_blank\" rel=\"nofollow\">jcvilchesd@jccm.es<\/a><br \/>\naportando sus datos personales (nombre completo, tel\u00e9fono, correo electr\u00f3nico)<\/p>\n<p>Direcci\u00f3n Provincial de Agricultura Medio Ambiente y Desarrollo Rural de Albacete<br \/>\nTfno: 967 55 85 50<br \/>\ne-mail: <a href=\"mailto:jcvilchesd@jccm.es\" target=\"_blank\" rel=\"nofollow\">jcvilchesd@jccm.es<\/a><\/p>\n<p><b>PROGRAMA:<\/b><br \/>\n<b>D\u00eda: Lunes 18 de MARZO de 2019<br \/>\nHorario: de 16:00 a 21:00 horas <\/b><\/p>\n<p>PONENTE: Sergio O. Pinedo. Coordinador de proyectos ambientales de Ambientea S. Coop.<br \/>\nIntroducci\u00f3n a las t\u00e9cnicas de censo y estudio de fauna silvestre, especialmente aves.<br \/>\nIntroducci\u00f3n al anillamiento cient\u00edfico de aves: utilidad para el estudio de especies, comunidades de aves y gesti\u00f3n de<br \/>\nespacios naturales protegidos Casos pr\u00e1cticos de estudios de avifauna llevados a cabo mediante distintas t\u00e9cnicas de<br \/>\ncenso y marcas.<br \/>\nProgramas de seguimiento de avifauna en la provincia de Albacete.<br \/>\nMetodolog\u00eda y principales resultados.<\/p>\n<p><b>D\u00eda: Martes 19 de MARZO de 2019<br \/>\nHorario: de 16:00 a 21:00 horas <\/b><\/p>\n<p>PONENTE: Sergio O. Pinedo. Coordinador de proyectos ambientales y ecoturismo de Ambientea S. Coop.<br \/>\nSesi\u00f3n pr\u00e1ctica, m\u00e9todos de captura, marcaje y manejo de paseriformes. Sesi\u00f3n pr\u00e1ctica, m\u00e9todos de censo de<br \/>\npaseriformes mediantes estaciones de escucha e itinerarios de censo.<br \/>\nSesi\u00f3n pr\u00e1ctica, montaje de redes japonesas para la captura de paseriformes y quir\u00f3pteros.<br \/>\nMontajes especiales de redes japonesas en altura para el marcaje de aves y quir\u00f3pteros en zonas forestales y\/o cuevas<\/p>\n<p><b>D\u00eda: Mi\u00e9rcoles 20 de MARZO de 2019<br \/>\nHorario: de 16:00 a 21:00 horas <\/b><\/p>\n<p>PONENTE: Paula Mach\u00edn \u00c1lvarez. Directora de Papageno birding y Coordinadora de la Asociaci\u00f3n Cient\u00edfica de Ecolog\u00eda<br \/>\nIntroducci\u00f3n a la Ecolog\u00eda espacial<br \/>\nNuevas tecnolog\u00edas para el estudio de fauna<br \/>\nM\u00e9todos y ejemplos de estudios realizados con tecnolog\u00eda de seguimiento<br \/>\nTaller pr\u00e1ctico de montaje de dispositivos en aves, posibles problemas.<\/p>\n<p><b>D\u00eda. Jueves 21 de MARZO de 2019<br \/>\nHorario: de 16:00 a 21:00 horas <\/b><\/p>\n<p>PONENTE: Juan Fern\u00e1ndez-Elipe. Director de Papageno birding y Coordinador de la Asociaci\u00f3n Cient\u00edfica de Ecolog\u00eda<br \/>\nSeguimiento de aves por radio, \u00bfc\u00f3mo funciona? El radio-seguimiento como m\u00e9todo de estudio de<br \/>\nPONENTE: Paula Mach\u00edn \u00c1lvarez. Directora de Papageno birding y Coordinadora de la Asociaci\u00f3n Cient\u00edfica de Ecolog\u00eda<br \/>\n\u00bfQu\u00e9 an\u00e1lisis podemos hacer con estos datos?<br \/>\nTaller pr\u00e1ctico de an\u00e1lisis de datos de radio-seguimiento en QGIS<\/p>\n<p><b>D\u00eda : Viernes 22 de MARZO de 2019<br \/>\nHorario: de 9:00 a 14:00 horas <\/b><\/p>\n<p>JORNADA PR\u00c1CTICA DE MARCAJE CON EMISORES Y RADIO SEGUIMIENTO DE EJEMPLARES<br \/>\nJuan Fern\u00e1ndez-Elipe. Director de Papageno birding y Coordinador de la Asociaci\u00f3n Cient\u00edfica de Ecolog\u00edca<\/p>\n<p><img fetchpriority=\"high\" decoding=\"async\" class=\"aligncenter size-full wp-image-6637\" src=\"http:\/\/www.caudete.org\/ayuntamiento\/wp-content\/uploads\/2020\/12\/logo-clm-agric.jpg\" alt=\"\" width=\"222\" height=\"227\" srcset=\"https:\/\/www.caudete.org\/ayuntamiento\/wp-content\/uploads\/2020\/12\/logo-clm-agric.jpg 222w, https:\/\/www.caudete.org\/ayuntamiento\/wp-content\/uploads\/2020\/12\/logo-clm-agric-60x60.jpg 60w\" sizes=\"(max-width: 222px) 100vw, 222px\" \/><\/p>\n<\/div>\n<\/div>\n<\/div>\n","protected":false},"excerpt":{"rendered":"<p>DESTINATARIOS: Profesionales del sector agrario y forestal y personas del medio rural que trabajen o vayan a trabajar en estas actividades especialmente los j\u00f3venes y las mujeres. Cualquier persona del medio rural interesada en adquirir estos conocimientos. OBJETIVOS: Conocer las \u00faltimas t\u00e9cnicas de estudio y seguimiento de fauna silvestre desde una perspectiva ecol\u00f3gica. Instalar marcas, &hellip;<\/p>\n","protected":false},"author":1,"featured_media":6637,"comment_status":"closed","ping_status":"open","sticky":false,"template":"","format":"standard","meta":{"ngg_post_thumbnail":0,"footnotes":""},"categories":[90],"tags":[],"class_list":["post-6636","post","type-post","status-publish","format-standard","has-post-thumbnail","hentry","category-tablon-informativo-desarrollo-local"],"yoast_head":"<!-- This site is optimized with the Yoast SEO plugin v27.4 - https:\/\/yoast.com\/product\/yoast-seo-wordpress\/ -->\n<title>CURSO DE T\u00c9CNICA DE ESTUDIO, DE FAUNA SILVESTRE. Cofinanciado por el Fondo Europeo Feader. Con la colaboraci\u00f3n de Ambientea, Papageno, Sociedad Albacetense de ornitolog\u00eda y la Asociaci\u00f3n Cient\u00edfica de Ecolog\u00eda - MI Ayuntamiento de Caudete<\/title>\n<meta name=\"description\" content=\"P\u00e1gina Oficial del Ayuntamiento de Caudete (Albacete)\" \/>\n<meta name=\"robots\" content=\"index, follow, max-snippet:-1, max-image-preview:large, max-video-preview:-1\" \/>\n<link rel=\"canonical\" href=\"https:\/\/www.caudete.org\/ayuntamiento\/curso-de-tecnica-de-estudio-de-fauna-silvestre-cofinanciado-por-el-fondo-europeo-feader-con-la-colaboracion-de-ambientea-papageno-sociedad-albacetense-de-ornitologia-y-la-asociacion-cientifica-de\/\" \/>\n<meta property=\"og:locale\" content=\"es_ES\" \/>\n<meta property=\"og:type\" content=\"article\" \/>\n<meta property=\"og:title\" content=\"CURSO DE T\u00c9CNICA DE ESTUDIO, DE FAUNA SILVESTRE. Cofinanciado por el Fondo Europeo Feader. Con la colaboraci\u00f3n de Ambientea, Papageno, Sociedad Albacetense de ornitolog\u00eda y la Asociaci\u00f3n Cient\u00edfica de Ecolog\u00eda - MI Ayuntamiento de Caudete\" \/>\n<meta property=\"og:description\" content=\"P\u00e1gina Oficial del Ayuntamiento de Caudete (Albacete)\" \/>\n<meta property=\"og:url\" content=\"https:\/\/www.caudete.org\/ayuntamiento\/curso-de-tecnica-de-estudio-de-fauna-silvestre-cofinanciado-por-el-fondo-europeo-feader-con-la-colaboracion-de-ambientea-papageno-sociedad-albacetense-de-ornitologia-y-la-asociacion-cientifica-de\/\" \/>\n<meta property=\"og:site_name\" content=\"MI Ayuntamiento de Caudete\" \/>\n<meta property=\"article:publisher\" content=\"https:\/\/www.facebook.com\/ayuntamientocaudete\/\" \/>\n<meta property=\"article:published_time\" content=\"2019-01-05T22:09:26+00:00\" \/>\n<meta property=\"article:modified_time\" content=\"2020-12-15T12:55:19+00:00\" \/>\n<meta property=\"og:image\" content=\"https:\/\/www.caudete.org\/ayuntamiento\/wp-content\/uploads\/2020\/12\/logo-clm-agric.jpg\" \/>\n\t<meta property=\"og:image:width\" content=\"222\" \/>\n\t<meta property=\"og:image:height\" content=\"227\" \/>\n\t<meta property=\"og:image:type\" content=\"image\/jpeg\" \/>\n<meta name=\"author\" content=\"ayun\" \/>\n<meta name=\"twitter:card\" content=\"summary_large_image\" \/>\n<meta name=\"twitter:label1\" content=\"Escrito por\" \/>\n\t<meta name=\"twitter:data1\" content=\"ayun\" \/>\n\t<meta name=\"twitter:label2\" content=\"Tiempo de lectura\" \/>\n\t<meta name=\"twitter:data2\" content=\"3 minutos\" \/>\n<script type=\"application\/ld+json\" class=\"yoast-schema-graph\">{\"@context\":\"https:\\\/\\\/schema.org\",\"@graph\":[{\"@type\":\"Article\",\"@id\":\"https:\\\/\\\/www.caudete.org\\\/ayuntamiento\\\/curso-de-tecnica-de-estudio-de-fauna-silvestre-cofinanciado-por-el-fondo-europeo-feader-con-la-colaboracion-de-ambientea-papageno-sociedad-albacetense-de-ornitologia-y-la-asociacion-cientifica-de\\\/#article\",\"isPartOf\":{\"@id\":\"https:\\\/\\\/www.caudete.org\\\/ayuntamiento\\\/curso-de-tecnica-de-estudio-de-fauna-silvestre-cofinanciado-por-el-fondo-europeo-feader-con-la-colaboracion-de-ambientea-papageno-sociedad-albacetense-de-ornitologia-y-la-asociacion-cientifica-de\\\/\"},\"author\":{\"name\":\"ayun\",\"@id\":\"https:\\\/\\\/www.caudete.org\\\/ayuntamiento\\\/#\\\/schema\\\/person\\\/79f7e19fdd176fc2bc7a289013dc2056\"},\"headline\":\"CURSO DE T\u00c9CNICA DE ESTUDIO, DE FAUNA SILVESTRE. Cofinanciado por el Fondo Europeo Feader. Con la colaboraci\u00f3n de Ambientea, Papageno, Sociedad Albacetense de ornitolog\u00eda y la Asociaci\u00f3n Cient\u00edfica de Ecolog\u00eda\",\"datePublished\":\"2019-01-05T22:09:26+00:00\",\"dateModified\":\"2020-12-15T12:55:19+00:00\",\"mainEntityOfPage\":{\"@id\":\"https:\\\/\\\/www.caudete.org\\\/ayuntamiento\\\/curso-de-tecnica-de-estudio-de-fauna-silvestre-cofinanciado-por-el-fondo-europeo-feader-con-la-colaboracion-de-ambientea-papageno-sociedad-albacetense-de-ornitologia-y-la-asociacion-cientifica-de\\\/\"},\"wordCount\":612,\"publisher\":{\"@id\":\"https:\\\/\\\/www.caudete.org\\\/ayuntamiento\\\/#organization\"},\"image\":{\"@id\":\"https:\\\/\\\/www.caudete.org\\\/ayuntamiento\\\/curso-de-tecnica-de-estudio-de-fauna-silvestre-cofinanciado-por-el-fondo-europeo-feader-con-la-colaboracion-de-ambientea-papageno-sociedad-albacetense-de-ornitologia-y-la-asociacion-cientifica-de\\\/#primaryimage\"},\"thumbnailUrl\":\"https:\\\/\\\/www.caudete.org\\\/ayuntamiento\\\/wp-content\\\/uploads\\\/2020\\\/12\\\/logo-clm-agric.jpg\",\"articleSection\":[\"Tabl\u00f3n informativo (Desarrollo local)\"],\"inLanguage\":\"es\"},{\"@type\":\"WebPage\",\"@id\":\"https:\\\/\\\/www.caudete.org\\\/ayuntamiento\\\/curso-de-tecnica-de-estudio-de-fauna-silvestre-cofinanciado-por-el-fondo-europeo-feader-con-la-colaboracion-de-ambientea-papageno-sociedad-albacetense-de-ornitologia-y-la-asociacion-cientifica-de\\\/\",\"url\":\"https:\\\/\\\/www.caudete.org\\\/ayuntamiento\\\/curso-de-tecnica-de-estudio-de-fauna-silvestre-cofinanciado-por-el-fondo-europeo-feader-con-la-colaboracion-de-ambientea-papageno-sociedad-albacetense-de-ornitologia-y-la-asociacion-cientifica-de\\\/\",\"name\":\"CURSO DE T\u00c9CNICA DE ESTUDIO, DE FAUNA SILVESTRE. Cofinanciado por el Fondo Europeo Feader. Con la colaboraci\u00f3n de Ambientea, Papageno, Sociedad Albacetense de ornitolog\u00eda y la Asociaci\u00f3n Cient\u00edfica de Ecolog\u00eda - MI Ayuntamiento de Caudete\",\"isPartOf\":{\"@id\":\"https:\\\/\\\/www.caudete.org\\\/ayuntamiento\\\/#website\"},\"primaryImageOfPage\":{\"@id\":\"https:\\\/\\\/www.caudete.org\\\/ayuntamiento\\\/curso-de-tecnica-de-estudio-de-fauna-silvestre-cofinanciado-por-el-fondo-europeo-feader-con-la-colaboracion-de-ambientea-papageno-sociedad-albacetense-de-ornitologia-y-la-asociacion-cientifica-de\\\/#primaryimage\"},\"image\":{\"@id\":\"https:\\\/\\\/www.caudete.org\\\/ayuntamiento\\\/curso-de-tecnica-de-estudio-de-fauna-silvestre-cofinanciado-por-el-fondo-europeo-feader-con-la-colaboracion-de-ambientea-papageno-sociedad-albacetense-de-ornitologia-y-la-asociacion-cientifica-de\\\/#primaryimage\"},\"thumbnailUrl\":\"https:\\\/\\\/www.caudete.org\\\/ayuntamiento\\\/wp-content\\\/uploads\\\/2020\\\/12\\\/logo-clm-agric.jpg\",\"datePublished\":\"2019-01-05T22:09:26+00:00\",\"dateModified\":\"2020-12-15T12:55:19+00:00\",\"description\":\"P\u00e1gina Oficial del Ayuntamiento de Caudete (Albacete)\",\"breadcrumb\":{\"@id\":\"https:\\\/\\\/www.caudete.org\\\/ayuntamiento\\\/curso-de-tecnica-de-estudio-de-fauna-silvestre-cofinanciado-por-el-fondo-europeo-feader-con-la-colaboracion-de-ambientea-papageno-sociedad-albacetense-de-ornitologia-y-la-asociacion-cientifica-de\\\/#breadcrumb\"},\"inLanguage\":\"es\",\"potentialAction\":[{\"@type\":\"ReadAction\",\"target\":[\"https:\\\/\\\/www.caudete.org\\\/ayuntamiento\\\/curso-de-tecnica-de-estudio-de-fauna-silvestre-cofinanciado-por-el-fondo-europeo-feader-con-la-colaboracion-de-ambientea-papageno-sociedad-albacetense-de-ornitologia-y-la-asociacion-cientifica-de\\\/\"]}]},{\"@type\":\"ImageObject\",\"inLanguage\":\"es\",\"@id\":\"https:\\\/\\\/www.caudete.org\\\/ayuntamiento\\\/curso-de-tecnica-de-estudio-de-fauna-silvestre-cofinanciado-por-el-fondo-europeo-feader-con-la-colaboracion-de-ambientea-papageno-sociedad-albacetense-de-ornitologia-y-la-asociacion-cientifica-de\\\/#primaryimage\",\"url\":\"https:\\\/\\\/www.caudete.org\\\/ayuntamiento\\\/wp-content\\\/uploads\\\/2020\\\/12\\\/logo-clm-agric.jpg\",\"contentUrl\":\"https:\\\/\\\/www.caudete.org\\\/ayuntamiento\\\/wp-content\\\/uploads\\\/2020\\\/12\\\/logo-clm-agric.jpg\",\"width\":222,\"height\":227},{\"@type\":\"BreadcrumbList\",\"@id\":\"https:\\\/\\\/www.caudete.org\\\/ayuntamiento\\\/curso-de-tecnica-de-estudio-de-fauna-silvestre-cofinanciado-por-el-fondo-europeo-feader-con-la-colaboracion-de-ambientea-papageno-sociedad-albacetense-de-ornitologia-y-la-asociacion-cientifica-de\\\/#breadcrumb\",\"itemListElement\":[{\"@type\":\"ListItem\",\"position\":1,\"name\":\"Inicio\",\"item\":\"https:\\\/\\\/www.caudete.org\\\/ayuntamiento\\\/\"},{\"@type\":\"ListItem\",\"position\":2,\"name\":\"CURSO DE T\u00c9CNICA DE ESTUDIO, DE FAUNA SILVESTRE. Cofinanciado por el Fondo Europeo Feader. Con la colaboraci\u00f3n de Ambientea, Papageno, Sociedad Albacetense de ornitolog\u00eda y la Asociaci\u00f3n Cient\u00edfica de Ecolog\u00eda\"}]},{\"@type\":\"WebSite\",\"@id\":\"https:\\\/\\\/www.caudete.org\\\/ayuntamiento\\\/#website\",\"url\":\"https:\\\/\\\/www.caudete.org\\\/ayuntamiento\\\/\",\"name\":\"MI Ayuntamiento de Caudete\",\"description\":\"P\u00e1gina Oficial del MI Ayuntamiento de Caudete\",\"publisher\":{\"@id\":\"https:\\\/\\\/www.caudete.org\\\/ayuntamiento\\\/#organization\"},\"potentialAction\":[{\"@type\":\"SearchAction\",\"target\":{\"@type\":\"EntryPoint\",\"urlTemplate\":\"https:\\\/\\\/www.caudete.org\\\/ayuntamiento\\\/?s={search_term_string}\"},\"query-input\":{\"@type\":\"PropertyValueSpecification\",\"valueRequired\":true,\"valueName\":\"search_term_string\"}}],\"inLanguage\":\"es\"},{\"@type\":\"Organization\",\"@id\":\"https:\\\/\\\/www.caudete.org\\\/ayuntamiento\\\/#organization\",\"name\":\"Ayuntamiento de Caudete\",\"url\":\"https:\\\/\\\/www.caudete.org\\\/ayuntamiento\\\/\",\"logo\":{\"@type\":\"ImageObject\",\"inLanguage\":\"es\",\"@id\":\"https:\\\/\\\/www.caudete.org\\\/ayuntamiento\\\/#\\\/schema\\\/logo\\\/image\\\/\",\"url\":\"https:\\\/\\\/www.caudete.org\\\/ayuntamiento\\\/wp-content\\\/uploads\\\/2020\\\/11\\\/logo_ayuntamiento_caudete.jpg\",\"contentUrl\":\"https:\\\/\\\/www.caudete.org\\\/ayuntamiento\\\/wp-content\\\/uploads\\\/2020\\\/11\\\/logo_ayuntamiento_caudete.jpg\",\"width\":600,\"height\":150,\"caption\":\"Ayuntamiento de Caudete\"},\"image\":{\"@id\":\"https:\\\/\\\/www.caudete.org\\\/ayuntamiento\\\/#\\\/schema\\\/logo\\\/image\\\/\"},\"sameAs\":[\"https:\\\/\\\/www.facebook.com\\\/ayuntamientocaudete\\\/\",\"https:\\\/\\\/www.youtube.com\\\/channel\\\/UC6VztHaooNsGpw-tNoBEFnQ\"]},{\"@type\":\"Person\",\"@id\":\"https:\\\/\\\/www.caudete.org\\\/ayuntamiento\\\/#\\\/schema\\\/person\\\/79f7e19fdd176fc2bc7a289013dc2056\",\"name\":\"ayun\",\"image\":{\"@type\":\"ImageObject\",\"inLanguage\":\"es\",\"@id\":\"https:\\\/\\\/secure.gravatar.com\\\/avatar\\\/4ce797ee07c943e7e592f8cd648e503e6cd571387558ed07135799c2bd2847df?s=96&d=mm&r=g\",\"url\":\"https:\\\/\\\/secure.gravatar.com\\\/avatar\\\/4ce797ee07c943e7e592f8cd648e503e6cd571387558ed07135799c2bd2847df?s=96&d=mm&r=g\",\"contentUrl\":\"https:\\\/\\\/secure.gravatar.com\\\/avatar\\\/4ce797ee07c943e7e592f8cd648e503e6cd571387558ed07135799c2bd2847df?s=96&d=mm&r=g\",\"caption\":\"ayun\"},\"sameAs\":[\"http:\\\/\\\/www.caudete.org\\\/ayuntamiento\"],\"url\":\"https:\\\/\\\/www.caudete.org\\\/ayuntamiento\\\/author\\\/ayun\\\/\"}]}<\/script>\n<!-- \/ Yoast SEO plugin. -->","yoast_head_json":{"title":"CURSO DE T\u00c9CNICA DE ESTUDIO, DE FAUNA SILVESTRE. Cofinanciado por el Fondo Europeo Feader. Con la colaboraci\u00f3n de Ambientea, Papageno, Sociedad Albacetense de ornitolog\u00eda y la Asociaci\u00f3n Cient\u00edfica de Ecolog\u00eda - MI Ayuntamiento de Caudete","description":"P\u00e1gina Oficial del Ayuntamiento de Caudete (Albacete)","robots":{"index":"index","follow":"follow","max-snippet":"max-snippet:-1","max-image-preview":"max-image-preview:large","max-video-preview":"max-video-preview:-1"},"canonical":"https:\/\/www.caudete.org\/ayuntamiento\/curso-de-tecnica-de-estudio-de-fauna-silvestre-cofinanciado-por-el-fondo-europeo-feader-con-la-colaboracion-de-ambientea-papageno-sociedad-albacetense-de-ornitologia-y-la-asociacion-cientifica-de\/","og_locale":"es_ES","og_type":"article","og_title":"CURSO DE T\u00c9CNICA DE ESTUDIO, DE FAUNA SILVESTRE. Cofinanciado por el Fondo Europeo Feader. Con la colaboraci\u00f3n de Ambientea, Papageno, Sociedad Albacetense de ornitolog\u00eda y la Asociaci\u00f3n Cient\u00edfica de Ecolog\u00eda - MI Ayuntamiento de Caudete","og_description":"P\u00e1gina Oficial del Ayuntamiento de Caudete (Albacete)","og_url":"https:\/\/www.caudete.org\/ayuntamiento\/curso-de-tecnica-de-estudio-de-fauna-silvestre-cofinanciado-por-el-fondo-europeo-feader-con-la-colaboracion-de-ambientea-papageno-sociedad-albacetense-de-ornitologia-y-la-asociacion-cientifica-de\/","og_site_name":"MI Ayuntamiento de Caudete","article_publisher":"https:\/\/www.facebook.com\/ayuntamientocaudete\/","article_published_time":"2019-01-05T22:09:26+00:00","article_modified_time":"2020-12-15T12:55:19+00:00","og_image":[{"width":222,"height":227,"url":"https:\/\/www.caudete.org\/ayuntamiento\/wp-content\/uploads\/2020\/12\/logo-clm-agric.jpg","type":"image\/jpeg"}],"author":"ayun","twitter_card":"summary_large_image","twitter_misc":{"Escrito por":"ayun","Tiempo de lectura":"3 minutos"},"schema":{"@context":"https:\/\/schema.org","@graph":[{"@type":"Article","@id":"https:\/\/www.caudete.org\/ayuntamiento\/curso-de-tecnica-de-estudio-de-fauna-silvestre-cofinanciado-por-el-fondo-europeo-feader-con-la-colaboracion-de-ambientea-papageno-sociedad-albacetense-de-ornitologia-y-la-asociacion-cientifica-de\/#article","isPartOf":{"@id":"https:\/\/www.caudete.org\/ayuntamiento\/curso-de-tecnica-de-estudio-de-fauna-silvestre-cofinanciado-por-el-fondo-europeo-feader-con-la-colaboracion-de-ambientea-papageno-sociedad-albacetense-de-ornitologia-y-la-asociacion-cientifica-de\/"},"author":{"name":"ayun","@id":"https:\/\/www.caudete.org\/ayuntamiento\/#\/schema\/person\/79f7e19fdd176fc2bc7a289013dc2056"},"headline":"CURSO DE T\u00c9CNICA DE ESTUDIO, DE FAUNA SILVESTRE. Cofinanciado por el Fondo Europeo Feader. Con la colaboraci\u00f3n de Ambientea, Papageno, Sociedad Albacetense de ornitolog\u00eda y la Asociaci\u00f3n Cient\u00edfica de Ecolog\u00eda","datePublished":"2019-01-05T22:09:26+00:00","dateModified":"2020-12-15T12:55:19+00:00","mainEntityOfPage":{"@id":"https:\/\/www.caudete.org\/ayuntamiento\/curso-de-tecnica-de-estudio-de-fauna-silvestre-cofinanciado-por-el-fondo-europeo-feader-con-la-colaboracion-de-ambientea-papageno-sociedad-albacetense-de-ornitologia-y-la-asociacion-cientifica-de\/"},"wordCount":612,"publisher":{"@id":"https:\/\/www.caudete.org\/ayuntamiento\/#organization"},"image":{"@id":"https:\/\/www.caudete.org\/ayuntamiento\/curso-de-tecnica-de-estudio-de-fauna-silvestre-cofinanciado-por-el-fondo-europeo-feader-con-la-colaboracion-de-ambientea-papageno-sociedad-albacetense-de-ornitologia-y-la-asociacion-cientifica-de\/#primaryimage"},"thumbnailUrl":"https:\/\/www.caudete.org\/ayuntamiento\/wp-content\/uploads\/2020\/12\/logo-clm-agric.jpg","articleSection":["Tabl\u00f3n informativo (Desarrollo local)"],"inLanguage":"es"},{"@type":"WebPage","@id":"https:\/\/www.caudete.org\/ayuntamiento\/curso-de-tecnica-de-estudio-de-fauna-silvestre-cofinanciado-por-el-fondo-europeo-feader-con-la-colaboracion-de-ambientea-papageno-sociedad-albacetense-de-ornitologia-y-la-asociacion-cientifica-de\/","url":"https:\/\/www.caudete.org\/ayuntamiento\/curso-de-tecnica-de-estudio-de-fauna-silvestre-cofinanciado-por-el-fondo-europeo-feader-con-la-colaboracion-de-ambientea-papageno-sociedad-albacetense-de-ornitologia-y-la-asociacion-cientifica-de\/","name":"CURSO DE T\u00c9CNICA DE ESTUDIO, DE FAUNA SILVESTRE. Cofinanciado por el Fondo Europeo Feader. Con la colaboraci\u00f3n de Ambientea, Papageno, Sociedad Albacetense de ornitolog\u00eda y la Asociaci\u00f3n Cient\u00edfica de Ecolog\u00eda - MI Ayuntamiento de Caudete","isPartOf":{"@id":"https:\/\/www.caudete.org\/ayuntamiento\/#website"},"primaryImageOfPage":{"@id":"https:\/\/www.caudete.org\/ayuntamiento\/curso-de-tecnica-de-estudio-de-fauna-silvestre-cofinanciado-por-el-fondo-europeo-feader-con-la-colaboracion-de-ambientea-papageno-sociedad-albacetense-de-ornitologia-y-la-asociacion-cientifica-de\/#primaryimage"},"image":{"@id":"https:\/\/www.caudete.org\/ayuntamiento\/curso-de-tecnica-de-estudio-de-fauna-silvestre-cofinanciado-por-el-fondo-europeo-feader-con-la-colaboracion-de-ambientea-papageno-sociedad-albacetense-de-ornitologia-y-la-asociacion-cientifica-de\/#primaryimage"},"thumbnailUrl":"https:\/\/www.caudete.org\/ayuntamiento\/wp-content\/uploads\/2020\/12\/logo-clm-agric.jpg","datePublished":"2019-01-05T22:09:26+00:00","dateModified":"2020-12-15T12:55:19+00:00","description":"P\u00e1gina Oficial del Ayuntamiento de Caudete (Albacete)","breadcrumb":{"@id":"https:\/\/www.caudete.org\/ayuntamiento\/curso-de-tecnica-de-estudio-de-fauna-silvestre-cofinanciado-por-el-fondo-europeo-feader-con-la-colaboracion-de-ambientea-papageno-sociedad-albacetense-de-ornitologia-y-la-asociacion-cientifica-de\/#breadcrumb"},"inLanguage":"es","potentialAction":[{"@type":"ReadAction","target":["https:\/\/www.caudete.org\/ayuntamiento\/curso-de-tecnica-de-estudio-de-fauna-silvestre-cofinanciado-por-el-fondo-europeo-feader-con-la-colaboracion-de-ambientea-papageno-sociedad-albacetense-de-ornitologia-y-la-asociacion-cientifica-de\/"]}]},{"@type":"ImageObject","inLanguage":"es","@id":"https:\/\/www.caudete.org\/ayuntamiento\/curso-de-tecnica-de-estudio-de-fauna-silvestre-cofinanciado-por-el-fondo-europeo-feader-con-la-colaboracion-de-ambientea-papageno-sociedad-albacetense-de-ornitologia-y-la-asociacion-cientifica-de\/#primaryimage","url":"https:\/\/www.caudete.org\/ayuntamiento\/wp-content\/uploads\/2020\/12\/logo-clm-agric.jpg","contentUrl":"https:\/\/www.caudete.org\/ayuntamiento\/wp-content\/uploads\/2020\/12\/logo-clm-agric.jpg","width":222,"height":227},{"@type":"BreadcrumbList","@id":"https:\/\/www.caudete.org\/ayuntamiento\/curso-de-tecnica-de-estudio-de-fauna-silvestre-cofinanciado-por-el-fondo-europeo-feader-con-la-colaboracion-de-ambientea-papageno-sociedad-albacetense-de-ornitologia-y-la-asociacion-cientifica-de\/#breadcrumb","itemListElement":[{"@type":"ListItem","position":1,"name":"Inicio","item":"https:\/\/www.caudete.org\/ayuntamiento\/"},{"@type":"ListItem","position":2,"name":"CURSO DE T\u00c9CNICA DE ESTUDIO, DE FAUNA SILVESTRE. Cofinanciado por el Fondo Europeo Feader. Con la colaboraci\u00f3n de Ambientea, Papageno, Sociedad Albacetense de ornitolog\u00eda y la Asociaci\u00f3n Cient\u00edfica de Ecolog\u00eda"}]},{"@type":"WebSite","@id":"https:\/\/www.caudete.org\/ayuntamiento\/#website","url":"https:\/\/www.caudete.org\/ayuntamiento\/","name":"MI Ayuntamiento de Caudete","description":"P\u00e1gina Oficial del MI Ayuntamiento de Caudete","publisher":{"@id":"https:\/\/www.caudete.org\/ayuntamiento\/#organization"},"potentialAction":[{"@type":"SearchAction","target":{"@type":"EntryPoint","urlTemplate":"https:\/\/www.caudete.org\/ayuntamiento\/?s={search_term_string}"},"query-input":{"@type":"PropertyValueSpecification","valueRequired":true,"valueName":"search_term_string"}}],"inLanguage":"es"},{"@type":"Organization","@id":"https:\/\/www.caudete.org\/ayuntamiento\/#organization","name":"Ayuntamiento de Caudete","url":"https:\/\/www.caudete.org\/ayuntamiento\/","logo":{"@type":"ImageObject","inLanguage":"es","@id":"https:\/\/www.caudete.org\/ayuntamiento\/#\/schema\/logo\/image\/","url":"https:\/\/www.caudete.org\/ayuntamiento\/wp-content\/uploads\/2020\/11\/logo_ayuntamiento_caudete.jpg","contentUrl":"https:\/\/www.caudete.org\/ayuntamiento\/wp-content\/uploads\/2020\/11\/logo_ayuntamiento_caudete.jpg","width":600,"height":150,"caption":"Ayuntamiento de Caudete"},"image":{"@id":"https:\/\/www.caudete.org\/ayuntamiento\/#\/schema\/logo\/image\/"},"sameAs":["https:\/\/www.facebook.com\/ayuntamientocaudete\/","https:\/\/www.youtube.com\/channel\/UC6VztHaooNsGpw-tNoBEFnQ"]},{"@type":"Person","@id":"https:\/\/www.caudete.org\/ayuntamiento\/#\/schema\/person\/79f7e19fdd176fc2bc7a289013dc2056","name":"ayun","image":{"@type":"ImageObject","inLanguage":"es","@id":"https:\/\/secure.gravatar.com\/avatar\/4ce797ee07c943e7e592f8cd648e503e6cd571387558ed07135799c2bd2847df?s=96&d=mm&r=g","url":"https:\/\/secure.gravatar.com\/avatar\/4ce797ee07c943e7e592f8cd648e503e6cd571387558ed07135799c2bd2847df?s=96&d=mm&r=g","contentUrl":"https:\/\/secure.gravatar.com\/avatar\/4ce797ee07c943e7e592f8cd648e503e6cd571387558ed07135799c2bd2847df?s=96&d=mm&r=g","caption":"ayun"},"sameAs":["http:\/\/www.caudete.org\/ayuntamiento"],"url":"https:\/\/www.caudete.org\/ayuntamiento\/author\/ayun\/"}]}},"_links":{"self":[{"href":"https:\/\/www.caudete.org\/ayuntamiento\/wp-json\/wp\/v2\/posts\/6636","targetHints":{"allow":["GET"]}}],"collection":[{"href":"https:\/\/www.caudete.org\/ayuntamiento\/wp-json\/wp\/v2\/posts"}],"about":[{"href":"https:\/\/www.caudete.org\/ayuntamiento\/wp-json\/wp\/v2\/types\/post"}],"author":[{"embeddable":true,"href":"https:\/\/www.caudete.org\/ayuntamiento\/wp-json\/wp\/v2\/users\/1"}],"replies":[{"embeddable":true,"href":"https:\/\/www.caudete.org\/ayuntamiento\/wp-json\/wp\/v2\/comments?post=6636"}],"version-history":[{"count":4,"href":"https:\/\/www.caudete.org\/ayuntamiento\/wp-json\/wp\/v2\/posts\/6636\/revisions"}],"predecessor-version":[{"id":9751,"href":"https:\/\/www.caudete.org\/ayuntamiento\/wp-json\/wp\/v2\/posts\/6636\/revisions\/9751"}],"wp:featuredmedia":[{"embeddable":true,"href":"https:\/\/www.caudete.org\/ayuntamiento\/wp-json\/wp\/v2\/media\/6637"}],"wp:attachment":[{"href":"https:\/\/www.caudete.org\/ayuntamiento\/wp-json\/wp\/v2\/media?parent=6636"}],"wp:term":[{"taxonomy":"category","embeddable":true,"href":"https:\/\/www.caudete.org\/ayuntamiento\/wp-json\/wp\/v2\/categories?post=6636"},{"taxonomy":"post_tag","embeddable":true,"href":"https:\/\/www.caudete.org\/ayuntamiento\/wp-json\/wp\/v2\/tags?post=6636"}],"curies":[{"name":"wp","href":"https:\/\/api.w.org\/{rel}","templated":true}]}}