{"id":6639,"date":"2019-01-05T23:13:33","date_gmt":"2019-01-05T22:13:33","guid":{"rendered":"http:\/\/www.caudete.org\/ayuntamiento\/?p=6639"},"modified":"2020-12-15T13:54:18","modified_gmt":"2020-12-15T12:54:18","slug":"curso-de-inicio-a-la-ornitologia-cofinanciado-por-el-fondo-europeo-feader-con-la-colaboracion-de-la-asociacion-cientifica-ecologica","status":"publish","type":"post","link":"https:\/\/www.caudete.org\/ayuntamiento\/curso-de-inicio-a-la-ornitologia-cofinanciado-por-el-fondo-europeo-feader-con-la-colaboracion-de-la-asociacion-cientifica-ecologica\/","title":{"rendered":"CURSO DE INICIO A LA ORNITOLOG\u00cdA. Cofinanciado por el Fondo Europeo Feader. Con la colaboraci\u00f3n de la Asociaci\u00f3n Cient\u00edfica Ecol\u00f3gica"},"content":{"rendered":"<p>DESTINATARIOS: Profesionales del sector agrario y forestal y personas del medio rural que trabajen o vayan a trabajar en estas actividades especialmente los j\u00f3venes y las mujeres. Cualquier persona del medio rural interesada en adquirir estos conocimientos.<\/p>\n<div id=\"cen_sec_not\">\n<div id=\"noticia\">\n<div id=\"recuadro_not\">\n<p><b>OBJETIVOS:<\/b><br \/>\nConocer las principales especies de aves, sus caracter\u00edsticas, ecolog\u00eda y situaci\u00f3n de conservaci\u00f3n. Aprender a usar herramientas de estudio de aves. Saber identificar las especies de aves de su entorno.<\/p>\n<p><b>DIAS :<\/b><br \/>\nD\u00edas: del 1 al 4 de ABRIL de 2019<br \/>\nHorario: de 16:00 a 21:00 horas<br \/>\nDuraci\u00f3n: 20 horas<br \/>\nCURSO GRATUITO<\/p>\n<p>Centro de Formaci\u00f3n Agroambiental Ctra. de Ayora Km. 1,5 \u2013 02006 ALBACETE<br \/>\nX5XC+QJ Albacete<br \/>\n<b>Haz clic para ver el mapa de situaci\u00f3n <\/b><br \/>\n<a href=\"https:\/\/goo.gl\/maps\/EfdRBwiwxsB2\" target=\"_blank\" rel=\"nofollow\">www.goo.gl\/maps\/EfdRBwiwxsB2<\/a><\/p>\n<p><b>INSCRIPCI\u00d3N:<\/b><br \/>\nPara asistir a este curso hay que contactar con:<br \/>\nJuan Carlos Vilches de Frutos<br \/>\nTel\u00e9fono: 967 55 85 50<br \/>\nemail: <a href=\"mailto:jcvilchesd@jccm.es\" target=\"_blank\" rel=\"nofollow\">jcvilchesd@jccm.es<\/a><br \/>\naportando sus datos personales (nombre completo, tel\u00e9fono, correo electr\u00f3nico)<\/p>\n<p>Direcci\u00f3n Provincial de Agricultura Medio Ambiente y Desarrollo Rural de Albacete<br \/>\nTfno: 967 55 85 50<br \/>\ne-mail: <a href=\"mailto:jcvilchesd@jccm.es\" target=\"_blank\" rel=\"nofollow\">jcvilchesd@jccm.es<\/a><\/p>\n<p><b>PROGRAMA:<\/b><\/p>\n<p><b>PONENTE: <\/b><br \/>\nJuan Fern\u00e1ndez-Elipe. Director de Papageno birding y<br \/>\nCoordinador de la Asociaci\u00f3n Cient\u00edfica de Ecolog\u00eda<\/p>\n<p><b>D\u00eda: Lunes 1 Abril de 2019 <\/b><br \/>\nHorario: de 16:00 a 21:00 horas.<\/p>\n<p>&#8211; CARACTERISTICAS Y PECULIARIDADES DE LAS AVES<\/p>\n<p><b>D\u00eda: Martes 2 de Abril de 2019 <\/b><br \/>\nHorario: de 16:00 a 21:00 horas.<\/p>\n<p>&#8211; PRINCIPALES GRUPOS TAXON\u00d3MICOS Y PRINCIPALES ESPECIES<\/p>\n<p><b>D\u00eda: Mi\u00e9rcoles 3 de Abril de 2019 <\/b><br \/>\nHorario: de 16:00 a 21:00 horas.<\/p>\n<p>&#8211; APRENDIZAJE PR\u00c1CTICO DE M\u00c9TODOS DE ESTUDIO DE LAS AVES<\/p>\n<p><b>D\u00eda: Jueves 4 de Abril de 2019 <\/b><br \/>\nHorario: de 9:00 a 14:00 horas.<\/p>\n<p>&#8211; IDENTIFICACI\u00d3N EN CAMPO<\/p>\n<p><a href=\"http:\/\/caudete.org\/ayuntamiento\/eniusimg\/enius146\/2019\/03\/adjuntos_fichero_916e659d16894dbd.pdf\" class=\"mtli_attachment mtli_pdf\" target=\"_blank\" rel=\"noopener noreferrer nofollow\">CURSO DE INICIO A LA ORNITOLOG\u00cdA <\/a><\/p>\n<p><a href=\"http:\/\/caudete.org\/ayuntamiento\/eniusimg\/enius146\/2019\/03\/adjuntos_fichero_1224655e8f9d9782.pdf\" class=\"mtli_attachment mtli_pdf\" target=\"_blank\" rel=\"noopener noreferrer nofollow\">SOLICITUD DE ASISTENCIA A LAS ACCIONES FORMATIVAS AGRARIAS <\/a><\/p>\n<p><img fetchpriority=\"high\" decoding=\"async\" class=\"aligncenter size-full wp-image-6640\" src=\"http:\/\/www.caudete.org\/ayuntamiento\/wp-content\/uploads\/2020\/12\/ort1.jpg\" alt=\"\" width=\"800\" height=\"565\" srcset=\"https:\/\/www.caudete.org\/ayuntamiento\/wp-content\/uploads\/2020\/12\/ort1.jpg 800w, https:\/\/www.caudete.org\/ayuntamiento\/wp-content\/uploads\/2020\/12\/ort1-300x212.jpg 300w, https:\/\/www.caudete.org\/ayuntamiento\/wp-content\/uploads\/2020\/12\/ort1-768x542.jpg 768w\" sizes=\"(max-width: 800px) 100vw, 800px\" \/><\/p>\n<p><img decoding=\"async\" class=\"aligncenter size-full wp-image-6641\" src=\"http:\/\/www.caudete.org\/ayuntamiento\/wp-content\/uploads\/2020\/12\/ort2.jpg\" alt=\"\" width=\"800\" height=\"565\" srcset=\"https:\/\/www.caudete.org\/ayuntamiento\/wp-content\/uploads\/2020\/12\/ort2.jpg 800w, https:\/\/www.caudete.org\/ayuntamiento\/wp-content\/uploads\/2020\/12\/ort2-300x212.jpg 300w, https:\/\/www.caudete.org\/ayuntamiento\/wp-content\/uploads\/2020\/12\/ort2-768x542.jpg 768w\" sizes=\"(max-width: 800px) 100vw, 800px\" \/><\/p>\n<\/div>\n<\/div>\n<\/div>\n","protected":false},"excerpt":{"rendered":"<p>DESTINATARIOS: Profesionales del sector agrario y forestal y personas del medio rural que trabajen o vayan a trabajar en estas actividades especialmente los j\u00f3venes y las mujeres. Cualquier persona del medio rural interesada en adquirir estos conocimientos. OBJETIVOS: Conocer las principales especies de aves, sus caracter\u00edsticas, ecolog\u00eda y situaci\u00f3n de conservaci\u00f3n. Aprender a usar herramientas &hellip;<\/p>\n","protected":false},"author":1,"featured_media":6640,"comment_status":"closed","ping_status":"open","sticky":false,"template":"","format":"standard","meta":{"ngg_post_thumbnail":0,"footnotes":""},"categories":[90],"tags":[],"class_list":["post-6639","post","type-post","status-publish","format-standard","has-post-thumbnail","hentry","category-tablon-informativo-desarrollo-local"],"yoast_head":"<!-- This site is optimized with the Yoast SEO plugin v27.4 - https:\/\/yoast.com\/product\/yoast-seo-wordpress\/ -->\n<title>CURSO DE INICIO A LA ORNITOLOG\u00cdA. Cofinanciado por el Fondo Europeo Feader. Con la colaboraci\u00f3n de la Asociaci\u00f3n Cient\u00edfica Ecol\u00f3gica - MI Ayuntamiento de Caudete<\/title>\n<meta name=\"description\" content=\"P\u00e1gina Oficial del Ayuntamiento de Caudete (Albacete)\" \/>\n<meta name=\"robots\" content=\"index, follow, max-snippet:-1, max-image-preview:large, max-video-preview:-1\" \/>\n<link rel=\"canonical\" href=\"https:\/\/www.caudete.org\/ayuntamiento\/curso-de-inicio-a-la-ornitologia-cofinanciado-por-el-fondo-europeo-feader-con-la-colaboracion-de-la-asociacion-cientifica-ecologica\/\" \/>\n<meta property=\"og:locale\" content=\"es_ES\" \/>\n<meta property=\"og:type\" content=\"article\" \/>\n<meta property=\"og:title\" content=\"CURSO DE INICIO A LA ORNITOLOG\u00cdA. Cofinanciado por el Fondo Europeo Feader. Con la colaboraci\u00f3n de la Asociaci\u00f3n Cient\u00edfica Ecol\u00f3gica - MI Ayuntamiento de Caudete\" \/>\n<meta property=\"og:description\" content=\"P\u00e1gina Oficial del Ayuntamiento de Caudete (Albacete)\" \/>\n<meta property=\"og:url\" content=\"https:\/\/www.caudete.org\/ayuntamiento\/curso-de-inicio-a-la-ornitologia-cofinanciado-por-el-fondo-europeo-feader-con-la-colaboracion-de-la-asociacion-cientifica-ecologica\/\" \/>\n<meta property=\"og:site_name\" content=\"MI Ayuntamiento de Caudete\" \/>\n<meta property=\"article:publisher\" content=\"https:\/\/www.facebook.com\/ayuntamientocaudete\/\" \/>\n<meta property=\"article:published_time\" content=\"2019-01-05T22:13:33+00:00\" \/>\n<meta property=\"article:modified_time\" content=\"2020-12-15T12:54:18+00:00\" \/>\n<meta property=\"og:image\" content=\"https:\/\/www.caudete.org\/ayuntamiento\/wp-content\/uploads\/2020\/12\/ort1.jpg\" \/>\n\t<meta property=\"og:image:width\" content=\"800\" \/>\n\t<meta property=\"og:image:height\" content=\"565\" \/>\n\t<meta property=\"og:image:type\" content=\"image\/jpeg\" \/>\n<meta name=\"author\" content=\"ayun\" \/>\n<meta name=\"twitter:card\" content=\"summary_large_image\" \/>\n<meta name=\"twitter:label1\" content=\"Escrito por\" \/>\n\t<meta name=\"twitter:data1\" content=\"ayun\" \/>\n\t<meta name=\"twitter:label2\" content=\"Tiempo de lectura\" \/>\n\t<meta name=\"twitter:data2\" content=\"1 minuto\" \/>\n<script type=\"application\/ld+json\" class=\"yoast-schema-graph\">{\"@context\":\"https:\\\/\\\/schema.org\",\"@graph\":[{\"@type\":\"Article\",\"@id\":\"https:\\\/\\\/www.caudete.org\\\/ayuntamiento\\\/curso-de-inicio-a-la-ornitologia-cofinanciado-por-el-fondo-europeo-feader-con-la-colaboracion-de-la-asociacion-cientifica-ecologica\\\/#article\",\"isPartOf\":{\"@id\":\"https:\\\/\\\/www.caudete.org\\\/ayuntamiento\\\/curso-de-inicio-a-la-ornitologia-cofinanciado-por-el-fondo-europeo-feader-con-la-colaboracion-de-la-asociacion-cientifica-ecologica\\\/\"},\"author\":{\"name\":\"ayun\",\"@id\":\"https:\\\/\\\/www.caudete.org\\\/ayuntamiento\\\/#\\\/schema\\\/person\\\/79f7e19fdd176fc2bc7a289013dc2056\"},\"headline\":\"CURSO DE INICIO A LA ORNITOLOG\u00cdA. Cofinanciado por el Fondo Europeo Feader. Con la colaboraci\u00f3n de la Asociaci\u00f3n Cient\u00edfica Ecol\u00f3gica\",\"datePublished\":\"2019-01-05T22:13:33+00:00\",\"dateModified\":\"2020-12-15T12:54:18+00:00\",\"mainEntityOfPage\":{\"@id\":\"https:\\\/\\\/www.caudete.org\\\/ayuntamiento\\\/curso-de-inicio-a-la-ornitologia-cofinanciado-por-el-fondo-europeo-feader-con-la-colaboracion-de-la-asociacion-cientifica-ecologica\\\/\"},\"wordCount\":300,\"publisher\":{\"@id\":\"https:\\\/\\\/www.caudete.org\\\/ayuntamiento\\\/#organization\"},\"image\":{\"@id\":\"https:\\\/\\\/www.caudete.org\\\/ayuntamiento\\\/curso-de-inicio-a-la-ornitologia-cofinanciado-por-el-fondo-europeo-feader-con-la-colaboracion-de-la-asociacion-cientifica-ecologica\\\/#primaryimage\"},\"thumbnailUrl\":\"https:\\\/\\\/www.caudete.org\\\/ayuntamiento\\\/wp-content\\\/uploads\\\/2020\\\/12\\\/ort1.jpg\",\"articleSection\":[\"Tabl\u00f3n informativo (Desarrollo local)\"],\"inLanguage\":\"es\"},{\"@type\":\"WebPage\",\"@id\":\"https:\\\/\\\/www.caudete.org\\\/ayuntamiento\\\/curso-de-inicio-a-la-ornitologia-cofinanciado-por-el-fondo-europeo-feader-con-la-colaboracion-de-la-asociacion-cientifica-ecologica\\\/\",\"url\":\"https:\\\/\\\/www.caudete.org\\\/ayuntamiento\\\/curso-de-inicio-a-la-ornitologia-cofinanciado-por-el-fondo-europeo-feader-con-la-colaboracion-de-la-asociacion-cientifica-ecologica\\\/\",\"name\":\"CURSO DE INICIO A LA ORNITOLOG\u00cdA. Cofinanciado por el Fondo Europeo Feader. Con la colaboraci\u00f3n de la Asociaci\u00f3n Cient\u00edfica Ecol\u00f3gica - MI Ayuntamiento de Caudete\",\"isPartOf\":{\"@id\":\"https:\\\/\\\/www.caudete.org\\\/ayuntamiento\\\/#website\"},\"primaryImageOfPage\":{\"@id\":\"https:\\\/\\\/www.caudete.org\\\/ayuntamiento\\\/curso-de-inicio-a-la-ornitologia-cofinanciado-por-el-fondo-europeo-feader-con-la-colaboracion-de-la-asociacion-cientifica-ecologica\\\/#primaryimage\"},\"image\":{\"@id\":\"https:\\\/\\\/www.caudete.org\\\/ayuntamiento\\\/curso-de-inicio-a-la-ornitologia-cofinanciado-por-el-fondo-europeo-feader-con-la-colaboracion-de-la-asociacion-cientifica-ecologica\\\/#primaryimage\"},\"thumbnailUrl\":\"https:\\\/\\\/www.caudete.org\\\/ayuntamiento\\\/wp-content\\\/uploads\\\/2020\\\/12\\\/ort1.jpg\",\"datePublished\":\"2019-01-05T22:13:33+00:00\",\"dateModified\":\"2020-12-15T12:54:18+00:00\",\"description\":\"P\u00e1gina Oficial del Ayuntamiento de Caudete (Albacete)\",\"breadcrumb\":{\"@id\":\"https:\\\/\\\/www.caudete.org\\\/ayuntamiento\\\/curso-de-inicio-a-la-ornitologia-cofinanciado-por-el-fondo-europeo-feader-con-la-colaboracion-de-la-asociacion-cientifica-ecologica\\\/#breadcrumb\"},\"inLanguage\":\"es\",\"potentialAction\":[{\"@type\":\"ReadAction\",\"target\":[\"https:\\\/\\\/www.caudete.org\\\/ayuntamiento\\\/curso-de-inicio-a-la-ornitologia-cofinanciado-por-el-fondo-europeo-feader-con-la-colaboracion-de-la-asociacion-cientifica-ecologica\\\/\"]}]},{\"@type\":\"ImageObject\",\"inLanguage\":\"es\",\"@id\":\"https:\\\/\\\/www.caudete.org\\\/ayuntamiento\\\/curso-de-inicio-a-la-ornitologia-cofinanciado-por-el-fondo-europeo-feader-con-la-colaboracion-de-la-asociacion-cientifica-ecologica\\\/#primaryimage\",\"url\":\"https:\\\/\\\/www.caudete.org\\\/ayuntamiento\\\/wp-content\\\/uploads\\\/2020\\\/12\\\/ort1.jpg\",\"contentUrl\":\"https:\\\/\\\/www.caudete.org\\\/ayuntamiento\\\/wp-content\\\/uploads\\\/2020\\\/12\\\/ort1.jpg\",\"width\":800,\"height\":565},{\"@type\":\"BreadcrumbList\",\"@id\":\"https:\\\/\\\/www.caudete.org\\\/ayuntamiento\\\/curso-de-inicio-a-la-ornitologia-cofinanciado-por-el-fondo-europeo-feader-con-la-colaboracion-de-la-asociacion-cientifica-ecologica\\\/#breadcrumb\",\"itemListElement\":[{\"@type\":\"ListItem\",\"position\":1,\"name\":\"Inicio\",\"item\":\"https:\\\/\\\/www.caudete.org\\\/ayuntamiento\\\/\"},{\"@type\":\"ListItem\",\"position\":2,\"name\":\"CURSO DE INICIO A LA ORNITOLOG\u00cdA. Cofinanciado por el Fondo Europeo Feader. Con la colaboraci\u00f3n de la Asociaci\u00f3n Cient\u00edfica Ecol\u00f3gica\"}]},{\"@type\":\"WebSite\",\"@id\":\"https:\\\/\\\/www.caudete.org\\\/ayuntamiento\\\/#website\",\"url\":\"https:\\\/\\\/www.caudete.org\\\/ayuntamiento\\\/\",\"name\":\"MI Ayuntamiento de Caudete\",\"description\":\"P\u00e1gina Oficial del MI Ayuntamiento de Caudete\",\"publisher\":{\"@id\":\"https:\\\/\\\/www.caudete.org\\\/ayuntamiento\\\/#organization\"},\"potentialAction\":[{\"@type\":\"SearchAction\",\"target\":{\"@type\":\"EntryPoint\",\"urlTemplate\":\"https:\\\/\\\/www.caudete.org\\\/ayuntamiento\\\/?s={search_term_string}\"},\"query-input\":{\"@type\":\"PropertyValueSpecification\",\"valueRequired\":true,\"valueName\":\"search_term_string\"}}],\"inLanguage\":\"es\"},{\"@type\":\"Organization\",\"@id\":\"https:\\\/\\\/www.caudete.org\\\/ayuntamiento\\\/#organization\",\"name\":\"Ayuntamiento de Caudete\",\"url\":\"https:\\\/\\\/www.caudete.org\\\/ayuntamiento\\\/\",\"logo\":{\"@type\":\"ImageObject\",\"inLanguage\":\"es\",\"@id\":\"https:\\\/\\\/www.caudete.org\\\/ayuntamiento\\\/#\\\/schema\\\/logo\\\/image\\\/\",\"url\":\"https:\\\/\\\/www.caudete.org\\\/ayuntamiento\\\/wp-content\\\/uploads\\\/2020\\\/11\\\/logo_ayuntamiento_caudete.jpg\",\"contentUrl\":\"https:\\\/\\\/www.caudete.org\\\/ayuntamiento\\\/wp-content\\\/uploads\\\/2020\\\/11\\\/logo_ayuntamiento_caudete.jpg\",\"width\":600,\"height\":150,\"caption\":\"Ayuntamiento de Caudete\"},\"image\":{\"@id\":\"https:\\\/\\\/www.caudete.org\\\/ayuntamiento\\\/#\\\/schema\\\/logo\\\/image\\\/\"},\"sameAs\":[\"https:\\\/\\\/www.facebook.com\\\/ayuntamientocaudete\\\/\",\"https:\\\/\\\/www.youtube.com\\\/channel\\\/UC6VztHaooNsGpw-tNoBEFnQ\"]},{\"@type\":\"Person\",\"@id\":\"https:\\\/\\\/www.caudete.org\\\/ayuntamiento\\\/#\\\/schema\\\/person\\\/79f7e19fdd176fc2bc7a289013dc2056\",\"name\":\"ayun\",\"image\":{\"@type\":\"ImageObject\",\"inLanguage\":\"es\",\"@id\":\"https:\\\/\\\/secure.gravatar.com\\\/avatar\\\/4ce797ee07c943e7e592f8cd648e503e6cd571387558ed07135799c2bd2847df?s=96&d=mm&r=g\",\"url\":\"https:\\\/\\\/secure.gravatar.com\\\/avatar\\\/4ce797ee07c943e7e592f8cd648e503e6cd571387558ed07135799c2bd2847df?s=96&d=mm&r=g\",\"contentUrl\":\"https:\\\/\\\/secure.gravatar.com\\\/avatar\\\/4ce797ee07c943e7e592f8cd648e503e6cd571387558ed07135799c2bd2847df?s=96&d=mm&r=g\",\"caption\":\"ayun\"},\"sameAs\":[\"http:\\\/\\\/www.caudete.org\\\/ayuntamiento\"],\"url\":\"https:\\\/\\\/www.caudete.org\\\/ayuntamiento\\\/author\\\/ayun\\\/\"}]}<\/script>\n<!-- \/ Yoast SEO plugin. -->","yoast_head_json":{"title":"CURSO DE INICIO A LA ORNITOLOG\u00cdA. Cofinanciado por el Fondo Europeo Feader. Con la colaboraci\u00f3n de la Asociaci\u00f3n Cient\u00edfica Ecol\u00f3gica - MI Ayuntamiento de Caudete","description":"P\u00e1gina Oficial del Ayuntamiento de Caudete (Albacete)","robots":{"index":"index","follow":"follow","max-snippet":"max-snippet:-1","max-image-preview":"max-image-preview:large","max-video-preview":"max-video-preview:-1"},"canonical":"https:\/\/www.caudete.org\/ayuntamiento\/curso-de-inicio-a-la-ornitologia-cofinanciado-por-el-fondo-europeo-feader-con-la-colaboracion-de-la-asociacion-cientifica-ecologica\/","og_locale":"es_ES","og_type":"article","og_title":"CURSO DE INICIO A LA ORNITOLOG\u00cdA. Cofinanciado por el Fondo Europeo Feader. Con la colaboraci\u00f3n de la Asociaci\u00f3n Cient\u00edfica Ecol\u00f3gica - MI Ayuntamiento de Caudete","og_description":"P\u00e1gina Oficial del Ayuntamiento de Caudete (Albacete)","og_url":"https:\/\/www.caudete.org\/ayuntamiento\/curso-de-inicio-a-la-ornitologia-cofinanciado-por-el-fondo-europeo-feader-con-la-colaboracion-de-la-asociacion-cientifica-ecologica\/","og_site_name":"MI Ayuntamiento de Caudete","article_publisher":"https:\/\/www.facebook.com\/ayuntamientocaudete\/","article_published_time":"2019-01-05T22:13:33+00:00","article_modified_time":"2020-12-15T12:54:18+00:00","og_image":[{"width":800,"height":565,"url":"https:\/\/www.caudete.org\/ayuntamiento\/wp-content\/uploads\/2020\/12\/ort1.jpg","type":"image\/jpeg"}],"author":"ayun","twitter_card":"summary_large_image","twitter_misc":{"Escrito por":"ayun","Tiempo de lectura":"1 minuto"},"schema":{"@context":"https:\/\/schema.org","@graph":[{"@type":"Article","@id":"https:\/\/www.caudete.org\/ayuntamiento\/curso-de-inicio-a-la-ornitologia-cofinanciado-por-el-fondo-europeo-feader-con-la-colaboracion-de-la-asociacion-cientifica-ecologica\/#article","isPartOf":{"@id":"https:\/\/www.caudete.org\/ayuntamiento\/curso-de-inicio-a-la-ornitologia-cofinanciado-por-el-fondo-europeo-feader-con-la-colaboracion-de-la-asociacion-cientifica-ecologica\/"},"author":{"name":"ayun","@id":"https:\/\/www.caudete.org\/ayuntamiento\/#\/schema\/person\/79f7e19fdd176fc2bc7a289013dc2056"},"headline":"CURSO DE INICIO A LA ORNITOLOG\u00cdA. Cofinanciado por el Fondo Europeo Feader. Con la colaboraci\u00f3n de la Asociaci\u00f3n Cient\u00edfica Ecol\u00f3gica","datePublished":"2019-01-05T22:13:33+00:00","dateModified":"2020-12-15T12:54:18+00:00","mainEntityOfPage":{"@id":"https:\/\/www.caudete.org\/ayuntamiento\/curso-de-inicio-a-la-ornitologia-cofinanciado-por-el-fondo-europeo-feader-con-la-colaboracion-de-la-asociacion-cientifica-ecologica\/"},"wordCount":300,"publisher":{"@id":"https:\/\/www.caudete.org\/ayuntamiento\/#organization"},"image":{"@id":"https:\/\/www.caudete.org\/ayuntamiento\/curso-de-inicio-a-la-ornitologia-cofinanciado-por-el-fondo-europeo-feader-con-la-colaboracion-de-la-asociacion-cientifica-ecologica\/#primaryimage"},"thumbnailUrl":"https:\/\/www.caudete.org\/ayuntamiento\/wp-content\/uploads\/2020\/12\/ort1.jpg","articleSection":["Tabl\u00f3n informativo (Desarrollo local)"],"inLanguage":"es"},{"@type":"WebPage","@id":"https:\/\/www.caudete.org\/ayuntamiento\/curso-de-inicio-a-la-ornitologia-cofinanciado-por-el-fondo-europeo-feader-con-la-colaboracion-de-la-asociacion-cientifica-ecologica\/","url":"https:\/\/www.caudete.org\/ayuntamiento\/curso-de-inicio-a-la-ornitologia-cofinanciado-por-el-fondo-europeo-feader-con-la-colaboracion-de-la-asociacion-cientifica-ecologica\/","name":"CURSO DE INICIO A LA ORNITOLOG\u00cdA. Cofinanciado por el Fondo Europeo Feader. Con la colaboraci\u00f3n de la Asociaci\u00f3n Cient\u00edfica Ecol\u00f3gica - MI Ayuntamiento de Caudete","isPartOf":{"@id":"https:\/\/www.caudete.org\/ayuntamiento\/#website"},"primaryImageOfPage":{"@id":"https:\/\/www.caudete.org\/ayuntamiento\/curso-de-inicio-a-la-ornitologia-cofinanciado-por-el-fondo-europeo-feader-con-la-colaboracion-de-la-asociacion-cientifica-ecologica\/#primaryimage"},"image":{"@id":"https:\/\/www.caudete.org\/ayuntamiento\/curso-de-inicio-a-la-ornitologia-cofinanciado-por-el-fondo-europeo-feader-con-la-colaboracion-de-la-asociacion-cientifica-ecologica\/#primaryimage"},"thumbnailUrl":"https:\/\/www.caudete.org\/ayuntamiento\/wp-content\/uploads\/2020\/12\/ort1.jpg","datePublished":"2019-01-05T22:13:33+00:00","dateModified":"2020-12-15T12:54:18+00:00","description":"P\u00e1gina Oficial del Ayuntamiento de Caudete (Albacete)","breadcrumb":{"@id":"https:\/\/www.caudete.org\/ayuntamiento\/curso-de-inicio-a-la-ornitologia-cofinanciado-por-el-fondo-europeo-feader-con-la-colaboracion-de-la-asociacion-cientifica-ecologica\/#breadcrumb"},"inLanguage":"es","potentialAction":[{"@type":"ReadAction","target":["https:\/\/www.caudete.org\/ayuntamiento\/curso-de-inicio-a-la-ornitologia-cofinanciado-por-el-fondo-europeo-feader-con-la-colaboracion-de-la-asociacion-cientifica-ecologica\/"]}]},{"@type":"ImageObject","inLanguage":"es","@id":"https:\/\/www.caudete.org\/ayuntamiento\/curso-de-inicio-a-la-ornitologia-cofinanciado-por-el-fondo-europeo-feader-con-la-colaboracion-de-la-asociacion-cientifica-ecologica\/#primaryimage","url":"https:\/\/www.caudete.org\/ayuntamiento\/wp-content\/uploads\/2020\/12\/ort1.jpg","contentUrl":"https:\/\/www.caudete.org\/ayuntamiento\/wp-content\/uploads\/2020\/12\/ort1.jpg","width":800,"height":565},{"@type":"BreadcrumbList","@id":"https:\/\/www.caudete.org\/ayuntamiento\/curso-de-inicio-a-la-ornitologia-cofinanciado-por-el-fondo-europeo-feader-con-la-colaboracion-de-la-asociacion-cientifica-ecologica\/#breadcrumb","itemListElement":[{"@type":"ListItem","position":1,"name":"Inicio","item":"https:\/\/www.caudete.org\/ayuntamiento\/"},{"@type":"ListItem","position":2,"name":"CURSO DE INICIO A LA ORNITOLOG\u00cdA. Cofinanciado por el Fondo Europeo Feader. Con la colaboraci\u00f3n de la Asociaci\u00f3n Cient\u00edfica Ecol\u00f3gica"}]},{"@type":"WebSite","@id":"https:\/\/www.caudete.org\/ayuntamiento\/#website","url":"https:\/\/www.caudete.org\/ayuntamiento\/","name":"MI Ayuntamiento de Caudete","description":"P\u00e1gina Oficial del MI Ayuntamiento de Caudete","publisher":{"@id":"https:\/\/www.caudete.org\/ayuntamiento\/#organization"},"potentialAction":[{"@type":"SearchAction","target":{"@type":"EntryPoint","urlTemplate":"https:\/\/www.caudete.org\/ayuntamiento\/?s={search_term_string}"},"query-input":{"@type":"PropertyValueSpecification","valueRequired":true,"valueName":"search_term_string"}}],"inLanguage":"es"},{"@type":"Organization","@id":"https:\/\/www.caudete.org\/ayuntamiento\/#organization","name":"Ayuntamiento de Caudete","url":"https:\/\/www.caudete.org\/ayuntamiento\/","logo":{"@type":"ImageObject","inLanguage":"es","@id":"https:\/\/www.caudete.org\/ayuntamiento\/#\/schema\/logo\/image\/","url":"https:\/\/www.caudete.org\/ayuntamiento\/wp-content\/uploads\/2020\/11\/logo_ayuntamiento_caudete.jpg","contentUrl":"https:\/\/www.caudete.org\/ayuntamiento\/wp-content\/uploads\/2020\/11\/logo_ayuntamiento_caudete.jpg","width":600,"height":150,"caption":"Ayuntamiento de Caudete"},"image":{"@id":"https:\/\/www.caudete.org\/ayuntamiento\/#\/schema\/logo\/image\/"},"sameAs":["https:\/\/www.facebook.com\/ayuntamientocaudete\/","https:\/\/www.youtube.com\/channel\/UC6VztHaooNsGpw-tNoBEFnQ"]},{"@type":"Person","@id":"https:\/\/www.caudete.org\/ayuntamiento\/#\/schema\/person\/79f7e19fdd176fc2bc7a289013dc2056","name":"ayun","image":{"@type":"ImageObject","inLanguage":"es","@id":"https:\/\/secure.gravatar.com\/avatar\/4ce797ee07c943e7e592f8cd648e503e6cd571387558ed07135799c2bd2847df?s=96&d=mm&r=g","url":"https:\/\/secure.gravatar.com\/avatar\/4ce797ee07c943e7e592f8cd648e503e6cd571387558ed07135799c2bd2847df?s=96&d=mm&r=g","contentUrl":"https:\/\/secure.gravatar.com\/avatar\/4ce797ee07c943e7e592f8cd648e503e6cd571387558ed07135799c2bd2847df?s=96&d=mm&r=g","caption":"ayun"},"sameAs":["http:\/\/www.caudete.org\/ayuntamiento"],"url":"https:\/\/www.caudete.org\/ayuntamiento\/author\/ayun\/"}]}},"_links":{"self":[{"href":"https:\/\/www.caudete.org\/ayuntamiento\/wp-json\/wp\/v2\/posts\/6639","targetHints":{"allow":["GET"]}}],"collection":[{"href":"https:\/\/www.caudete.org\/ayuntamiento\/wp-json\/wp\/v2\/posts"}],"about":[{"href":"https:\/\/www.caudete.org\/ayuntamiento\/wp-json\/wp\/v2\/types\/post"}],"author":[{"embeddable":true,"href":"https:\/\/www.caudete.org\/ayuntamiento\/wp-json\/wp\/v2\/users\/1"}],"replies":[{"embeddable":true,"href":"https:\/\/www.caudete.org\/ayuntamiento\/wp-json\/wp\/v2\/comments?post=6639"}],"version-history":[{"count":3,"href":"https:\/\/www.caudete.org\/ayuntamiento\/wp-json\/wp\/v2\/posts\/6639\/revisions"}],"predecessor-version":[{"id":9749,"href":"https:\/\/www.caudete.org\/ayuntamiento\/wp-json\/wp\/v2\/posts\/6639\/revisions\/9749"}],"wp:featuredmedia":[{"embeddable":true,"href":"https:\/\/www.caudete.org\/ayuntamiento\/wp-json\/wp\/v2\/media\/6640"}],"wp:attachment":[{"href":"https:\/\/www.caudete.org\/ayuntamiento\/wp-json\/wp\/v2\/media?parent=6639"}],"wp:term":[{"taxonomy":"category","embeddable":true,"href":"https:\/\/www.caudete.org\/ayuntamiento\/wp-json\/wp\/v2\/categories?post=6639"},{"taxonomy":"post_tag","embeddable":true,"href":"https:\/\/www.caudete.org\/ayuntamiento\/wp-json\/wp\/v2\/tags?post=6639"}],"curies":[{"name":"wp","href":"https:\/\/api.w.org\/{rel}","templated":true}]}}