{"id":6646,"date":"2019-01-05T23:20:49","date_gmt":"2019-01-05T22:20:49","guid":{"rendered":"http:\/\/www.caudete.org\/ayuntamiento\/?p=6646"},"modified":"2020-12-15T13:53:04","modified_gmt":"2020-12-15T12:53:04","slug":"curso-de-fomento-del-pastoreo-en-sistemas-de-produccion-ganaderia-extensiva-cofinanciado-por-el-fondo-europeo-feader-con-la-colaboracion-de-cabrito-celtiberico-agrace-y-agrama","status":"publish","type":"post","link":"https:\/\/www.caudete.org\/ayuntamiento\/curso-de-fomento-del-pastoreo-en-sistemas-de-produccion-ganaderia-extensiva-cofinanciado-por-el-fondo-europeo-feader-con-la-colaboracion-de-cabrito-celtiberico-agrace-y-agrama\/","title":{"rendered":"CURSO DE FOMENTO DEL PASTOREO EN SISTEMAS DE PRODUCCI\u00d3N GANADER\u00cdA EXTENSIVA . Cofinanciado por el Fondo Europeo Feader. Con la colaboraci\u00f3n de cabrito Celtib\u00e9rico, AGRACE y AGRAMA"},"content":{"rendered":"<p>DESTINATARIOS: Profesionales del sector agrario y forestal y personas del medio rural que trabajen o vayan a trabajar en estas actividades especialmente los j\u00f3venes y las mujeres. Personas del mundo rural interesadas en adquirir estos conocimientos.<\/p>\n<div id=\"cen_sec_not\">\n<div id=\"noticia\">\n<div id=\"recuadro_not\">\n<p><b>OBJETIVOS:<\/b><br \/>\nLas razas aut\u00f3ctonas en peligro de extinci\u00f3n tienen un alto riesgo de desaparecer v\u00edctimas de la competencia con otras razas, que por su mayor producci\u00f3n y rentabilidad econ\u00f3mica han situado a estas razas aut\u00f3ctonas al borde de la extinci\u00f3n. Es por ello que precisan un apoyo de los poderes p\u00fablicos para su conservaci\u00f3n y mantenimiento.<br \/>\nPor otra parte contribuyen a la biodiversidad y conservaci\u00f3n de los ecosistemas.<br \/>\nLa Administraci\u00f3n de Castilla-La Mancha para apoyar a estas razas ha publicado:<br \/>\n&#8211; Orden de 22\/05\/2015, de la Consejer\u00eda de Agricultura, por la que se establecen las bases reguladoras para la concesi\u00f3n de subvenciones para la operaci\u00f3n de conservaci\u00f3n de razas aut\u00f3ctonas en peligro de extinci\u00f3n y Resoluci\u00f3n de 07\/02\/2018, de la Direcci\u00f3n General de Desarrollo Rural, por la que se realiza la convocatoria en 2018.<br \/>\n&#8211; Orden de 22\/05\/ 2015, de la Consejer\u00eda de Agricultura de Ayuda de Fomento de Pastoreo y la Resoluci\u00f3n 31\/01\/2017 de la Direcci\u00f3n General de Desarrollo Rural por la que se realiza la convocatoria en 2017 y la Resoluci\u00f3n de 06\/02\/2018 por la que se realiza la convocatoria en 2018.<br \/>\nMEDIANTE ESTE CURSO SE PUEDE JUSTIFICAR LA FORMACI\u00d3N ADECUADA QUE EXIGE LAS CITADAS ORDENES<\/p>\n<p><b>DIAS :<\/b><br \/>\nD\u00edas: del 8 al 11 de ABRIL de 2019<br \/>\nHorario: de 16:00 a 21:00 horas<br \/>\nDuraci\u00f3n: 20 horas<br \/>\nCURSO GRATUITO<\/p>\n<p>Centro de Formaci\u00f3n Agroambiental Ctra. de Ayora Km. 1,5 \u2013 02006 ALBACETE<br \/>\nX5XC+QJ Albacete<br \/>\n<b>Haz clic para ver el mapa de situaci\u00f3n <\/b><br \/>\n<a href=\"https:\/\/goo.gl\/maps\/EfdRBwiwxsB2\" target=\"_blank\" rel=\"nofollow\">www.goo.gl\/maps\/EfdRBwiwxsB2<\/a><\/p>\n<p><b>INSCRIPCI\u00d3N:<\/b><br \/>\nPara asistir a este curso hay que contactar con:<br \/>\nJuan Carlos Vilches de Frutos<br \/>\nTel\u00e9fono: 967 55 85 50<br \/>\nemail: <a href=\"mailto:jcvilchesd@jccm.es\" target=\"_blank\" rel=\"nofollow\">jcvilchesd@jccm.es<\/a><br \/>\naportando sus datos personales (nombre completo, tel\u00e9fono, correo electr\u00f3nico)<\/p>\n<p>Direcci\u00f3n Provincial de Agricultura Medio Ambiente y Desarrollo Rural de Albacete<br \/>\nTfno: 967 55 85 50<br \/>\ne-mail: <a href=\"mailto:jcvilchesd@jccm.es\" target=\"_blank\" rel=\"nofollow\">jcvilchesd@jccm.es<\/a><\/p>\n<p><b>PROGRAMA:<\/b><\/p>\n<p><b>D\u00eda: Lunes 8 de Abril de 2019 <\/b><br \/>\nHorario: de 16:00 a 21:00 horas.<\/p>\n<p><b>PONENTE: <\/b>Jose Carlos Ramirez Fernandez. Veterinario de ADSG. Profesor del CIFP de Aguas Nuevas.<\/p>\n<p>&#8211; Hist\u00f3rico: Ley de 7 de Octubre de 1938. Decreto 1256\/1969 de 6 de Junio y<br \/>\nReglamento de Pastos, Hierbas y Rastrojeras.<br \/>\n&#8211; Ley 7\/2000 de 23-11-2000 de Ordenaci\u00f3n de Aprovechamiento de Pastos, Hierbas y<br \/>\nRastrojeras en C-LM<br \/>\n&#8211; O. de 22\/05\/2015 de la Consejer\u00eda de Agricultura. Bases Reguladoras para la subvenci\u00f3n de Fomento de Pastoreo<br \/>\n&#8211; Resoluci\u00f3n 02\/06\/2015<\/p>\n<p><b>D\u00eda: Martes 9 de Abril de 2019 <\/b><br \/>\nHorario: de 16:00 a 21:00 horas.<\/p>\n<p><b>PONENTE: <\/b>Roberto Gallego Soria. Veterinario Secretario Ejecutivo de AGRAMA<\/p>\n<p>&#8211; Situaci\u00f3n y Estrategia mundial de los Recursos Zoogen\u00e9ticos<br \/>\n&#8211; La Diversidad gen\u00e9tica como clave para mejora de la alimentaci\u00f3n<br \/>\n&#8211; Importancia de las Razas Aut\u00f3ctonas<br \/>\n&#8211; Perspectivas de Futuro: Medidas de apoyo, Programas de Mejora y de Calidad Diferenciada<\/p>\n<p>d\u00eda: mi\u00e9rcoles 10 de abril 2019<br \/>\nHorario: de 16:00 a 21:00 horas.<\/p>\n<p><b>PONENTE: <\/b>Laura Escribano S\u00e1nchez. Veterinaria T\u00e9cnica Superior de la Direcci\u00f3n Provincial de Agricultura.<\/p>\n<p>&#8211; Fisiolog\u00eda y etolog\u00eda de los peque\u00f1os rumiantes<br \/>\n&#8211; Concepto de bienestar animal. Prevenci\u00f3n sanitaria y sanidad animal como factores de bienestar animal. Ayuda al bienestar en explotaciones de ovino y caprino.<br \/>\n&#8211; Normativa b\u00e1sica en bienestar animal<br \/>\n&#8211; Comportamiento, manejo, instalaciones y sus implicaciones en el &#8212; bienestar animal.<br \/>\n&#8211; Salud y seguridad laboral en las explotaciones<\/p>\n<p>d\u00eda: jueves 11 de abril 2019<br \/>\nHorario: de 16:00 a 21:00 horas.<\/p>\n<p><b>PONENTE: <\/b>Maria Dolores Sanchez Sanchez. Veterinaria. Secretaria T\u00e9cnica Ejecutiva de AGRACE<\/p>\n<p>&#8211; Repercusiones culturales, econ\u00f3micas, ecol\u00f3gicas y sociales de la conservaci\u00f3n de los<br \/>\nRGAD y la fijaci\u00f3n de la poblaci\u00f3n al territorio.<br \/>\n. Importancia de Blanca Celtib\u00e9rica y otras razas de caprino de orientaci\u00f3n c\u00e1rnica.<\/p>\n<p><a href=\"http:\/\/caudete.org\/ayuntamiento\/eniusimg\/enius146\/2019\/03\/adjuntos_fichero_5d425f850cd4b091.pdf\" class=\"mtli_attachment mtli_pdf\" target=\"_blank\" rel=\"noopener noreferrer nofollow\">CURSO DE FOMENTO DEL PASTOREO EN SISTEMAS DE PRODUCCI\u00d3N GANADER\u00cdA EXTENSIVA&nbsp;<\/a><\/p>\n<p><a href=\"http:\/\/caudete.org\/ayuntamiento\/eniusimg\/enius146\/2019\/03\/adjuntos_fichero_221643f6908a3cf9.pdf\" class=\"mtli_attachment mtli_pdf\" target=\"_blank\" rel=\"noopener noreferrer nofollow\">SOLICITUD DE ASISTENCIA A LAS ACCIONES FORMATIVAS AGRARIAS <\/a><\/p>\n<p><img fetchpriority=\"high\" decoding=\"async\" class=\"aligncenter size-full wp-image-6647\" src=\"http:\/\/www.caudete.org\/ayuntamiento\/wp-content\/uploads\/2020\/12\/past1.jpg\" alt=\"\" width=\"800\" height=\"565\" srcset=\"https:\/\/www.caudete.org\/ayuntamiento\/wp-content\/uploads\/2020\/12\/past1.jpg 800w, https:\/\/www.caudete.org\/ayuntamiento\/wp-content\/uploads\/2020\/12\/past1-300x212.jpg 300w, https:\/\/www.caudete.org\/ayuntamiento\/wp-content\/uploads\/2020\/12\/past1-768x542.jpg 768w\" sizes=\"(max-width: 800px) 100vw, 800px\" \/><\/p>\n<p><img decoding=\"async\" class=\"aligncenter size-full wp-image-6650\" src=\"http:\/\/www.caudete.org\/ayuntamiento\/wp-content\/uploads\/2019\/01\/past2.jpg\" alt=\"\" width=\"800\" height=\"565\" srcset=\"https:\/\/www.caudete.org\/ayuntamiento\/wp-content\/uploads\/2019\/01\/past2.jpg 800w, https:\/\/www.caudete.org\/ayuntamiento\/wp-content\/uploads\/2019\/01\/past2-300x212.jpg 300w, https:\/\/www.caudete.org\/ayuntamiento\/wp-content\/uploads\/2019\/01\/past2-768x542.jpg 768w\" sizes=\"(max-width: 800px) 100vw, 800px\" \/><\/p>\n<\/div>\n<\/div>\n<\/div>\n","protected":false},"excerpt":{"rendered":"<p>DESTINATARIOS: Profesionales del sector agrario y forestal y personas del medio rural que trabajen o vayan a trabajar en estas actividades especialmente los j\u00f3venes y las mujeres. Personas del mundo rural interesadas en adquirir estos conocimientos. OBJETIVOS: Las razas aut\u00f3ctonas en peligro de extinci\u00f3n tienen un alto riesgo de desaparecer v\u00edctimas de la competencia con &hellip;<\/p>\n","protected":false},"author":1,"featured_media":6647,"comment_status":"closed","ping_status":"open","sticky":false,"template":"","format":"standard","meta":{"ngg_post_thumbnail":0,"footnotes":""},"categories":[90],"tags":[],"class_list":["post-6646","post","type-post","status-publish","format-standard","has-post-thumbnail","hentry","category-tablon-informativo-desarrollo-local"],"yoast_head":"<!-- This site is optimized with the Yoast SEO plugin v27.5 - https:\/\/yoast.com\/product\/yoast-seo-wordpress\/ -->\n<title>CURSO DE FOMENTO DEL PASTOREO EN SISTEMAS DE PRODUCCI\u00d3N GANADER\u00cdA EXTENSIVA . Cofinanciado por el Fondo Europeo Feader. Con la colaboraci\u00f3n de cabrito Celtib\u00e9rico, AGRACE y AGRAMA - MI Ayuntamiento de Caudete<\/title>\n<meta name=\"description\" content=\"P\u00e1gina Oficial del Ayuntamiento de Caudete (Albacete)\" \/>\n<meta name=\"robots\" content=\"index, follow, max-snippet:-1, max-image-preview:large, max-video-preview:-1\" \/>\n<link rel=\"canonical\" href=\"https:\/\/www.caudete.org\/ayuntamiento\/curso-de-fomento-del-pastoreo-en-sistemas-de-produccion-ganaderia-extensiva-cofinanciado-por-el-fondo-europeo-feader-con-la-colaboracion-de-cabrito-celtiberico-agrace-y-agrama\/\" \/>\n<meta property=\"og:locale\" content=\"es_ES\" \/>\n<meta property=\"og:type\" content=\"article\" \/>\n<meta property=\"og:title\" content=\"CURSO DE FOMENTO DEL PASTOREO EN SISTEMAS DE PRODUCCI\u00d3N GANADER\u00cdA EXTENSIVA . Cofinanciado por el Fondo Europeo Feader. Con la colaboraci\u00f3n de cabrito Celtib\u00e9rico, AGRACE y AGRAMA - MI Ayuntamiento de Caudete\" \/>\n<meta property=\"og:description\" content=\"P\u00e1gina Oficial del Ayuntamiento de Caudete (Albacete)\" \/>\n<meta property=\"og:url\" content=\"https:\/\/www.caudete.org\/ayuntamiento\/curso-de-fomento-del-pastoreo-en-sistemas-de-produccion-ganaderia-extensiva-cofinanciado-por-el-fondo-europeo-feader-con-la-colaboracion-de-cabrito-celtiberico-agrace-y-agrama\/\" \/>\n<meta property=\"og:site_name\" content=\"MI Ayuntamiento de Caudete\" \/>\n<meta property=\"article:publisher\" content=\"https:\/\/www.facebook.com\/ayuntamientocaudete\/\" \/>\n<meta property=\"article:published_time\" content=\"2019-01-05T22:20:49+00:00\" \/>\n<meta property=\"article:modified_time\" content=\"2020-12-15T12:53:04+00:00\" \/>\n<meta property=\"og:image\" content=\"https:\/\/www.caudete.org\/ayuntamiento\/wp-content\/uploads\/2020\/12\/past1.jpg\" \/>\n\t<meta property=\"og:image:width\" content=\"800\" \/>\n\t<meta property=\"og:image:height\" content=\"565\" \/>\n\t<meta property=\"og:image:type\" content=\"image\/jpeg\" \/>\n<meta name=\"author\" content=\"ayun\" \/>\n<meta name=\"twitter:card\" content=\"summary_large_image\" \/>\n<meta name=\"twitter:label1\" content=\"Escrito por\" \/>\n\t<meta name=\"twitter:data1\" content=\"ayun\" \/>\n\t<meta name=\"twitter:label2\" content=\"Tiempo de lectura\" \/>\n\t<meta name=\"twitter:data2\" content=\"3 minutos\" \/>\n<script type=\"application\/ld+json\" class=\"yoast-schema-graph\">{\"@context\":\"https:\\\/\\\/schema.org\",\"@graph\":[{\"@type\":\"Article\",\"@id\":\"https:\\\/\\\/www.caudete.org\\\/ayuntamiento\\\/curso-de-fomento-del-pastoreo-en-sistemas-de-produccion-ganaderia-extensiva-cofinanciado-por-el-fondo-europeo-feader-con-la-colaboracion-de-cabrito-celtiberico-agrace-y-agrama\\\/#article\",\"isPartOf\":{\"@id\":\"https:\\\/\\\/www.caudete.org\\\/ayuntamiento\\\/curso-de-fomento-del-pastoreo-en-sistemas-de-produccion-ganaderia-extensiva-cofinanciado-por-el-fondo-europeo-feader-con-la-colaboracion-de-cabrito-celtiberico-agrace-y-agrama\\\/\"},\"author\":{\"name\":\"ayun\",\"@id\":\"https:\\\/\\\/www.caudete.org\\\/ayuntamiento\\\/#\\\/schema\\\/person\\\/79f7e19fdd176fc2bc7a289013dc2056\"},\"headline\":\"CURSO DE FOMENTO DEL PASTOREO EN SISTEMAS DE PRODUCCI\u00d3N GANADER\u00cdA EXTENSIVA . Cofinanciado por el Fondo Europeo Feader. Con la colaboraci\u00f3n de cabrito Celtib\u00e9rico, AGRACE y AGRAMA\",\"datePublished\":\"2019-01-05T22:20:49+00:00\",\"dateModified\":\"2020-12-15T12:53:04+00:00\",\"mainEntityOfPage\":{\"@id\":\"https:\\\/\\\/www.caudete.org\\\/ayuntamiento\\\/curso-de-fomento-del-pastoreo-en-sistemas-de-produccion-ganaderia-extensiva-cofinanciado-por-el-fondo-europeo-feader-con-la-colaboracion-de-cabrito-celtiberico-agrace-y-agrama\\\/\"},\"wordCount\":695,\"publisher\":{\"@id\":\"https:\\\/\\\/www.caudete.org\\\/ayuntamiento\\\/#organization\"},\"image\":{\"@id\":\"https:\\\/\\\/www.caudete.org\\\/ayuntamiento\\\/curso-de-fomento-del-pastoreo-en-sistemas-de-produccion-ganaderia-extensiva-cofinanciado-por-el-fondo-europeo-feader-con-la-colaboracion-de-cabrito-celtiberico-agrace-y-agrama\\\/#primaryimage\"},\"thumbnailUrl\":\"https:\\\/\\\/www.caudete.org\\\/ayuntamiento\\\/wp-content\\\/uploads\\\/2020\\\/12\\\/past1.jpg\",\"articleSection\":[\"Tabl\u00f3n informativo (Desarrollo local)\"],\"inLanguage\":\"es\"},{\"@type\":\"WebPage\",\"@id\":\"https:\\\/\\\/www.caudete.org\\\/ayuntamiento\\\/curso-de-fomento-del-pastoreo-en-sistemas-de-produccion-ganaderia-extensiva-cofinanciado-por-el-fondo-europeo-feader-con-la-colaboracion-de-cabrito-celtiberico-agrace-y-agrama\\\/\",\"url\":\"https:\\\/\\\/www.caudete.org\\\/ayuntamiento\\\/curso-de-fomento-del-pastoreo-en-sistemas-de-produccion-ganaderia-extensiva-cofinanciado-por-el-fondo-europeo-feader-con-la-colaboracion-de-cabrito-celtiberico-agrace-y-agrama\\\/\",\"name\":\"CURSO DE FOMENTO DEL PASTOREO EN SISTEMAS DE PRODUCCI\u00d3N GANADER\u00cdA EXTENSIVA . Cofinanciado por el Fondo Europeo Feader. Con la colaboraci\u00f3n de cabrito Celtib\u00e9rico, AGRACE y AGRAMA - MI Ayuntamiento de Caudete\",\"isPartOf\":{\"@id\":\"https:\\\/\\\/www.caudete.org\\\/ayuntamiento\\\/#website\"},\"primaryImageOfPage\":{\"@id\":\"https:\\\/\\\/www.caudete.org\\\/ayuntamiento\\\/curso-de-fomento-del-pastoreo-en-sistemas-de-produccion-ganaderia-extensiva-cofinanciado-por-el-fondo-europeo-feader-con-la-colaboracion-de-cabrito-celtiberico-agrace-y-agrama\\\/#primaryimage\"},\"image\":{\"@id\":\"https:\\\/\\\/www.caudete.org\\\/ayuntamiento\\\/curso-de-fomento-del-pastoreo-en-sistemas-de-produccion-ganaderia-extensiva-cofinanciado-por-el-fondo-europeo-feader-con-la-colaboracion-de-cabrito-celtiberico-agrace-y-agrama\\\/#primaryimage\"},\"thumbnailUrl\":\"https:\\\/\\\/www.caudete.org\\\/ayuntamiento\\\/wp-content\\\/uploads\\\/2020\\\/12\\\/past1.jpg\",\"datePublished\":\"2019-01-05T22:20:49+00:00\",\"dateModified\":\"2020-12-15T12:53:04+00:00\",\"description\":\"P\u00e1gina Oficial del Ayuntamiento de Caudete (Albacete)\",\"breadcrumb\":{\"@id\":\"https:\\\/\\\/www.caudete.org\\\/ayuntamiento\\\/curso-de-fomento-del-pastoreo-en-sistemas-de-produccion-ganaderia-extensiva-cofinanciado-por-el-fondo-europeo-feader-con-la-colaboracion-de-cabrito-celtiberico-agrace-y-agrama\\\/#breadcrumb\"},\"inLanguage\":\"es\",\"potentialAction\":[{\"@type\":\"ReadAction\",\"target\":[\"https:\\\/\\\/www.caudete.org\\\/ayuntamiento\\\/curso-de-fomento-del-pastoreo-en-sistemas-de-produccion-ganaderia-extensiva-cofinanciado-por-el-fondo-europeo-feader-con-la-colaboracion-de-cabrito-celtiberico-agrace-y-agrama\\\/\"]}]},{\"@type\":\"ImageObject\",\"inLanguage\":\"es\",\"@id\":\"https:\\\/\\\/www.caudete.org\\\/ayuntamiento\\\/curso-de-fomento-del-pastoreo-en-sistemas-de-produccion-ganaderia-extensiva-cofinanciado-por-el-fondo-europeo-feader-con-la-colaboracion-de-cabrito-celtiberico-agrace-y-agrama\\\/#primaryimage\",\"url\":\"https:\\\/\\\/www.caudete.org\\\/ayuntamiento\\\/wp-content\\\/uploads\\\/2020\\\/12\\\/past1.jpg\",\"contentUrl\":\"https:\\\/\\\/www.caudete.org\\\/ayuntamiento\\\/wp-content\\\/uploads\\\/2020\\\/12\\\/past1.jpg\",\"width\":800,\"height\":565},{\"@type\":\"BreadcrumbList\",\"@id\":\"https:\\\/\\\/www.caudete.org\\\/ayuntamiento\\\/curso-de-fomento-del-pastoreo-en-sistemas-de-produccion-ganaderia-extensiva-cofinanciado-por-el-fondo-europeo-feader-con-la-colaboracion-de-cabrito-celtiberico-agrace-y-agrama\\\/#breadcrumb\",\"itemListElement\":[{\"@type\":\"ListItem\",\"position\":1,\"name\":\"Inicio\",\"item\":\"https:\\\/\\\/www.caudete.org\\\/ayuntamiento\\\/\"},{\"@type\":\"ListItem\",\"position\":2,\"name\":\"CURSO DE FOMENTO DEL PASTOREO EN SISTEMAS DE PRODUCCI\u00d3N GANADER\u00cdA EXTENSIVA . Cofinanciado por el Fondo Europeo Feader. Con la colaboraci\u00f3n de cabrito Celtib\u00e9rico, AGRACE y AGRAMA\"}]},{\"@type\":\"WebSite\",\"@id\":\"https:\\\/\\\/www.caudete.org\\\/ayuntamiento\\\/#website\",\"url\":\"https:\\\/\\\/www.caudete.org\\\/ayuntamiento\\\/\",\"name\":\"MI Ayuntamiento de Caudete\",\"description\":\"P\u00e1gina Oficial del MI Ayuntamiento de Caudete\",\"publisher\":{\"@id\":\"https:\\\/\\\/www.caudete.org\\\/ayuntamiento\\\/#organization\"},\"potentialAction\":[{\"@type\":\"SearchAction\",\"target\":{\"@type\":\"EntryPoint\",\"urlTemplate\":\"https:\\\/\\\/www.caudete.org\\\/ayuntamiento\\\/?s={search_term_string}\"},\"query-input\":{\"@type\":\"PropertyValueSpecification\",\"valueRequired\":true,\"valueName\":\"search_term_string\"}}],\"inLanguage\":\"es\"},{\"@type\":\"Organization\",\"@id\":\"https:\\\/\\\/www.caudete.org\\\/ayuntamiento\\\/#organization\",\"name\":\"Ayuntamiento de Caudete\",\"url\":\"https:\\\/\\\/www.caudete.org\\\/ayuntamiento\\\/\",\"logo\":{\"@type\":\"ImageObject\",\"inLanguage\":\"es\",\"@id\":\"https:\\\/\\\/www.caudete.org\\\/ayuntamiento\\\/#\\\/schema\\\/logo\\\/image\\\/\",\"url\":\"https:\\\/\\\/www.caudete.org\\\/ayuntamiento\\\/wp-content\\\/uploads\\\/2020\\\/11\\\/logo_ayuntamiento_caudete.jpg\",\"contentUrl\":\"https:\\\/\\\/www.caudete.org\\\/ayuntamiento\\\/wp-content\\\/uploads\\\/2020\\\/11\\\/logo_ayuntamiento_caudete.jpg\",\"width\":600,\"height\":150,\"caption\":\"Ayuntamiento de Caudete\"},\"image\":{\"@id\":\"https:\\\/\\\/www.caudete.org\\\/ayuntamiento\\\/#\\\/schema\\\/logo\\\/image\\\/\"},\"sameAs\":[\"https:\\\/\\\/www.facebook.com\\\/ayuntamientocaudete\\\/\",\"https:\\\/\\\/www.youtube.com\\\/channel\\\/UC6VztHaooNsGpw-tNoBEFnQ\"]},{\"@type\":\"Person\",\"@id\":\"https:\\\/\\\/www.caudete.org\\\/ayuntamiento\\\/#\\\/schema\\\/person\\\/79f7e19fdd176fc2bc7a289013dc2056\",\"name\":\"ayun\",\"image\":{\"@type\":\"ImageObject\",\"inLanguage\":\"es\",\"@id\":\"https:\\\/\\\/secure.gravatar.com\\\/avatar\\\/4ce797ee07c943e7e592f8cd648e503e6cd571387558ed07135799c2bd2847df?s=96&d=mm&r=g\",\"url\":\"https:\\\/\\\/secure.gravatar.com\\\/avatar\\\/4ce797ee07c943e7e592f8cd648e503e6cd571387558ed07135799c2bd2847df?s=96&d=mm&r=g\",\"contentUrl\":\"https:\\\/\\\/secure.gravatar.com\\\/avatar\\\/4ce797ee07c943e7e592f8cd648e503e6cd571387558ed07135799c2bd2847df?s=96&d=mm&r=g\",\"caption\":\"ayun\"},\"sameAs\":[\"http:\\\/\\\/www.caudete.org\\\/ayuntamiento\"],\"url\":\"https:\\\/\\\/www.caudete.org\\\/ayuntamiento\\\/author\\\/ayun\\\/\"}]}<\/script>\n<!-- \/ Yoast SEO plugin. -->","yoast_head_json":{"title":"CURSO DE FOMENTO DEL PASTOREO EN SISTEMAS DE PRODUCCI\u00d3N GANADER\u00cdA EXTENSIVA . Cofinanciado por el Fondo Europeo Feader. Con la colaboraci\u00f3n de cabrito Celtib\u00e9rico, AGRACE y AGRAMA - MI Ayuntamiento de Caudete","description":"P\u00e1gina Oficial del Ayuntamiento de Caudete (Albacete)","robots":{"index":"index","follow":"follow","max-snippet":"max-snippet:-1","max-image-preview":"max-image-preview:large","max-video-preview":"max-video-preview:-1"},"canonical":"https:\/\/www.caudete.org\/ayuntamiento\/curso-de-fomento-del-pastoreo-en-sistemas-de-produccion-ganaderia-extensiva-cofinanciado-por-el-fondo-europeo-feader-con-la-colaboracion-de-cabrito-celtiberico-agrace-y-agrama\/","og_locale":"es_ES","og_type":"article","og_title":"CURSO DE FOMENTO DEL PASTOREO EN SISTEMAS DE PRODUCCI\u00d3N GANADER\u00cdA EXTENSIVA . Cofinanciado por el Fondo Europeo Feader. Con la colaboraci\u00f3n de cabrito Celtib\u00e9rico, AGRACE y AGRAMA - MI Ayuntamiento de Caudete","og_description":"P\u00e1gina Oficial del Ayuntamiento de Caudete (Albacete)","og_url":"https:\/\/www.caudete.org\/ayuntamiento\/curso-de-fomento-del-pastoreo-en-sistemas-de-produccion-ganaderia-extensiva-cofinanciado-por-el-fondo-europeo-feader-con-la-colaboracion-de-cabrito-celtiberico-agrace-y-agrama\/","og_site_name":"MI Ayuntamiento de Caudete","article_publisher":"https:\/\/www.facebook.com\/ayuntamientocaudete\/","article_published_time":"2019-01-05T22:20:49+00:00","article_modified_time":"2020-12-15T12:53:04+00:00","og_image":[{"width":800,"height":565,"url":"https:\/\/www.caudete.org\/ayuntamiento\/wp-content\/uploads\/2020\/12\/past1.jpg","type":"image\/jpeg"}],"author":"ayun","twitter_card":"summary_large_image","twitter_misc":{"Escrito por":"ayun","Tiempo de lectura":"3 minutos"},"schema":{"@context":"https:\/\/schema.org","@graph":[{"@type":"Article","@id":"https:\/\/www.caudete.org\/ayuntamiento\/curso-de-fomento-del-pastoreo-en-sistemas-de-produccion-ganaderia-extensiva-cofinanciado-por-el-fondo-europeo-feader-con-la-colaboracion-de-cabrito-celtiberico-agrace-y-agrama\/#article","isPartOf":{"@id":"https:\/\/www.caudete.org\/ayuntamiento\/curso-de-fomento-del-pastoreo-en-sistemas-de-produccion-ganaderia-extensiva-cofinanciado-por-el-fondo-europeo-feader-con-la-colaboracion-de-cabrito-celtiberico-agrace-y-agrama\/"},"author":{"name":"ayun","@id":"https:\/\/www.caudete.org\/ayuntamiento\/#\/schema\/person\/79f7e19fdd176fc2bc7a289013dc2056"},"headline":"CURSO DE FOMENTO DEL PASTOREO EN SISTEMAS DE PRODUCCI\u00d3N GANADER\u00cdA EXTENSIVA . Cofinanciado por el Fondo Europeo Feader. Con la colaboraci\u00f3n de cabrito Celtib\u00e9rico, AGRACE y AGRAMA","datePublished":"2019-01-05T22:20:49+00:00","dateModified":"2020-12-15T12:53:04+00:00","mainEntityOfPage":{"@id":"https:\/\/www.caudete.org\/ayuntamiento\/curso-de-fomento-del-pastoreo-en-sistemas-de-produccion-ganaderia-extensiva-cofinanciado-por-el-fondo-europeo-feader-con-la-colaboracion-de-cabrito-celtiberico-agrace-y-agrama\/"},"wordCount":695,"publisher":{"@id":"https:\/\/www.caudete.org\/ayuntamiento\/#organization"},"image":{"@id":"https:\/\/www.caudete.org\/ayuntamiento\/curso-de-fomento-del-pastoreo-en-sistemas-de-produccion-ganaderia-extensiva-cofinanciado-por-el-fondo-europeo-feader-con-la-colaboracion-de-cabrito-celtiberico-agrace-y-agrama\/#primaryimage"},"thumbnailUrl":"https:\/\/www.caudete.org\/ayuntamiento\/wp-content\/uploads\/2020\/12\/past1.jpg","articleSection":["Tabl\u00f3n informativo (Desarrollo local)"],"inLanguage":"es"},{"@type":"WebPage","@id":"https:\/\/www.caudete.org\/ayuntamiento\/curso-de-fomento-del-pastoreo-en-sistemas-de-produccion-ganaderia-extensiva-cofinanciado-por-el-fondo-europeo-feader-con-la-colaboracion-de-cabrito-celtiberico-agrace-y-agrama\/","url":"https:\/\/www.caudete.org\/ayuntamiento\/curso-de-fomento-del-pastoreo-en-sistemas-de-produccion-ganaderia-extensiva-cofinanciado-por-el-fondo-europeo-feader-con-la-colaboracion-de-cabrito-celtiberico-agrace-y-agrama\/","name":"CURSO DE FOMENTO DEL PASTOREO EN SISTEMAS DE PRODUCCI\u00d3N GANADER\u00cdA EXTENSIVA . Cofinanciado por el Fondo Europeo Feader. Con la colaboraci\u00f3n de cabrito Celtib\u00e9rico, AGRACE y AGRAMA - MI Ayuntamiento de Caudete","isPartOf":{"@id":"https:\/\/www.caudete.org\/ayuntamiento\/#website"},"primaryImageOfPage":{"@id":"https:\/\/www.caudete.org\/ayuntamiento\/curso-de-fomento-del-pastoreo-en-sistemas-de-produccion-ganaderia-extensiva-cofinanciado-por-el-fondo-europeo-feader-con-la-colaboracion-de-cabrito-celtiberico-agrace-y-agrama\/#primaryimage"},"image":{"@id":"https:\/\/www.caudete.org\/ayuntamiento\/curso-de-fomento-del-pastoreo-en-sistemas-de-produccion-ganaderia-extensiva-cofinanciado-por-el-fondo-europeo-feader-con-la-colaboracion-de-cabrito-celtiberico-agrace-y-agrama\/#primaryimage"},"thumbnailUrl":"https:\/\/www.caudete.org\/ayuntamiento\/wp-content\/uploads\/2020\/12\/past1.jpg","datePublished":"2019-01-05T22:20:49+00:00","dateModified":"2020-12-15T12:53:04+00:00","description":"P\u00e1gina Oficial del Ayuntamiento de Caudete (Albacete)","breadcrumb":{"@id":"https:\/\/www.caudete.org\/ayuntamiento\/curso-de-fomento-del-pastoreo-en-sistemas-de-produccion-ganaderia-extensiva-cofinanciado-por-el-fondo-europeo-feader-con-la-colaboracion-de-cabrito-celtiberico-agrace-y-agrama\/#breadcrumb"},"inLanguage":"es","potentialAction":[{"@type":"ReadAction","target":["https:\/\/www.caudete.org\/ayuntamiento\/curso-de-fomento-del-pastoreo-en-sistemas-de-produccion-ganaderia-extensiva-cofinanciado-por-el-fondo-europeo-feader-con-la-colaboracion-de-cabrito-celtiberico-agrace-y-agrama\/"]}]},{"@type":"ImageObject","inLanguage":"es","@id":"https:\/\/www.caudete.org\/ayuntamiento\/curso-de-fomento-del-pastoreo-en-sistemas-de-produccion-ganaderia-extensiva-cofinanciado-por-el-fondo-europeo-feader-con-la-colaboracion-de-cabrito-celtiberico-agrace-y-agrama\/#primaryimage","url":"https:\/\/www.caudete.org\/ayuntamiento\/wp-content\/uploads\/2020\/12\/past1.jpg","contentUrl":"https:\/\/www.caudete.org\/ayuntamiento\/wp-content\/uploads\/2020\/12\/past1.jpg","width":800,"height":565},{"@type":"BreadcrumbList","@id":"https:\/\/www.caudete.org\/ayuntamiento\/curso-de-fomento-del-pastoreo-en-sistemas-de-produccion-ganaderia-extensiva-cofinanciado-por-el-fondo-europeo-feader-con-la-colaboracion-de-cabrito-celtiberico-agrace-y-agrama\/#breadcrumb","itemListElement":[{"@type":"ListItem","position":1,"name":"Inicio","item":"https:\/\/www.caudete.org\/ayuntamiento\/"},{"@type":"ListItem","position":2,"name":"CURSO DE FOMENTO DEL PASTOREO EN SISTEMAS DE PRODUCCI\u00d3N GANADER\u00cdA EXTENSIVA . Cofinanciado por el Fondo Europeo Feader. Con la colaboraci\u00f3n de cabrito Celtib\u00e9rico, AGRACE y AGRAMA"}]},{"@type":"WebSite","@id":"https:\/\/www.caudete.org\/ayuntamiento\/#website","url":"https:\/\/www.caudete.org\/ayuntamiento\/","name":"MI Ayuntamiento de Caudete","description":"P\u00e1gina Oficial del MI Ayuntamiento de Caudete","publisher":{"@id":"https:\/\/www.caudete.org\/ayuntamiento\/#organization"},"potentialAction":[{"@type":"SearchAction","target":{"@type":"EntryPoint","urlTemplate":"https:\/\/www.caudete.org\/ayuntamiento\/?s={search_term_string}"},"query-input":{"@type":"PropertyValueSpecification","valueRequired":true,"valueName":"search_term_string"}}],"inLanguage":"es"},{"@type":"Organization","@id":"https:\/\/www.caudete.org\/ayuntamiento\/#organization","name":"Ayuntamiento de Caudete","url":"https:\/\/www.caudete.org\/ayuntamiento\/","logo":{"@type":"ImageObject","inLanguage":"es","@id":"https:\/\/www.caudete.org\/ayuntamiento\/#\/schema\/logo\/image\/","url":"https:\/\/www.caudete.org\/ayuntamiento\/wp-content\/uploads\/2020\/11\/logo_ayuntamiento_caudete.jpg","contentUrl":"https:\/\/www.caudete.org\/ayuntamiento\/wp-content\/uploads\/2020\/11\/logo_ayuntamiento_caudete.jpg","width":600,"height":150,"caption":"Ayuntamiento de Caudete"},"image":{"@id":"https:\/\/www.caudete.org\/ayuntamiento\/#\/schema\/logo\/image\/"},"sameAs":["https:\/\/www.facebook.com\/ayuntamientocaudete\/","https:\/\/www.youtube.com\/channel\/UC6VztHaooNsGpw-tNoBEFnQ"]},{"@type":"Person","@id":"https:\/\/www.caudete.org\/ayuntamiento\/#\/schema\/person\/79f7e19fdd176fc2bc7a289013dc2056","name":"ayun","image":{"@type":"ImageObject","inLanguage":"es","@id":"https:\/\/secure.gravatar.com\/avatar\/4ce797ee07c943e7e592f8cd648e503e6cd571387558ed07135799c2bd2847df?s=96&d=mm&r=g","url":"https:\/\/secure.gravatar.com\/avatar\/4ce797ee07c943e7e592f8cd648e503e6cd571387558ed07135799c2bd2847df?s=96&d=mm&r=g","contentUrl":"https:\/\/secure.gravatar.com\/avatar\/4ce797ee07c943e7e592f8cd648e503e6cd571387558ed07135799c2bd2847df?s=96&d=mm&r=g","caption":"ayun"},"sameAs":["http:\/\/www.caudete.org\/ayuntamiento"],"url":"https:\/\/www.caudete.org\/ayuntamiento\/author\/ayun\/"}]}},"_links":{"self":[{"href":"https:\/\/www.caudete.org\/ayuntamiento\/wp-json\/wp\/v2\/posts\/6646","targetHints":{"allow":["GET"]}}],"collection":[{"href":"https:\/\/www.caudete.org\/ayuntamiento\/wp-json\/wp\/v2\/posts"}],"about":[{"href":"https:\/\/www.caudete.org\/ayuntamiento\/wp-json\/wp\/v2\/types\/post"}],"author":[{"embeddable":true,"href":"https:\/\/www.caudete.org\/ayuntamiento\/wp-json\/wp\/v2\/users\/1"}],"replies":[{"embeddable":true,"href":"https:\/\/www.caudete.org\/ayuntamiento\/wp-json\/wp\/v2\/comments?post=6646"}],"version-history":[{"count":5,"href":"https:\/\/www.caudete.org\/ayuntamiento\/wp-json\/wp\/v2\/posts\/6646\/revisions"}],"predecessor-version":[{"id":9745,"href":"https:\/\/www.caudete.org\/ayuntamiento\/wp-json\/wp\/v2\/posts\/6646\/revisions\/9745"}],"wp:featuredmedia":[{"embeddable":true,"href":"https:\/\/www.caudete.org\/ayuntamiento\/wp-json\/wp\/v2\/media\/6647"}],"wp:attachment":[{"href":"https:\/\/www.caudete.org\/ayuntamiento\/wp-json\/wp\/v2\/media?parent=6646"}],"wp:term":[{"taxonomy":"category","embeddable":true,"href":"https:\/\/www.caudete.org\/ayuntamiento\/wp-json\/wp\/v2\/categories?post=6646"},{"taxonomy":"post_tag","embeddable":true,"href":"https:\/\/www.caudete.org\/ayuntamiento\/wp-json\/wp\/v2\/tags?post=6646"}],"curies":[{"name":"wp","href":"https:\/\/api.w.org\/{rel}","templated":true}]}}