{"id":6664,"date":"2019-02-05T23:44:40","date_gmt":"2019-02-05T22:44:40","guid":{"rendered":"http:\/\/www.caudete.org\/ayuntamiento\/?p=6664"},"modified":"2020-12-15T13:51:46","modified_gmt":"2020-12-15T12:51:46","slug":"subvenciones-de-la-jccm-2019","status":"publish","type":"post","link":"https:\/\/www.caudete.org\/ayuntamiento\/subvenciones-de-la-jccm-2019\/","title":{"rendered":"SUBVENCIONES de la JCCM 2019"},"content":{"rendered":"<h5 style=\"text-align: justify;\">Para la cualificaci\u00f3n y la inserci\u00f3n de personas desempleadas en el mercado laboral. Plazo presentaci\u00f3n solicitudes hasta el 30 de octubre de 2019.<\/h5>\n<p style=\"text-align: justify;\">Los beneficiarios podr\u00e1n ser empresas y entidades sin \u00e1nimo de lucro por la realizaci\u00f3n de contratos para:<\/p>\n<p style=\"text-align: justify;\"><strong>La formaci\u00f3n y el aprendizaje:<\/strong><\/p>\n<p style=\"text-align: justify;\">(<a href=\"https:\/\/www.jccm.es\/tramitesygestiones\/subvencion-por-la-formalizacion-de-contrato-para-la-formacion-y-el-aprendizaje\" target=\"_blank\" rel=\"nofollow\">https:\/\/www.jccm.es\/tramitesygestiones\/subvencion-por-la-formalizacion-de-contrato-para-la-formacion-y-el-aprendizaje<\/a>),<\/p>\n<p style=\"text-align: justify;\"><strong>Contratos en pr\u00e1cticas:<\/strong><\/p>\n<p style=\"text-align: justify;\">(<a href=\"https:\/\/www.jccm.es\/tramitesygestiones\/subvencion-por-la-formalizacion-de-contratos-en-practicas\" target=\"_blank\" rel=\"nofollow\">https:\/\/www.jccm.es\/tramitesygestiones\/subvencion-por-la-formalizacion-de-contratos-en-practicas<\/a>),<\/p>\n<p style=\"text-align: justify;\"><strong>Contratos de relevo:<\/strong><\/p>\n<p style=\"text-align: justify;\">(<a href=\"https:\/\/www.jccm.es\/tramitesygestiones\/subvencion-por-formalizacion-de-contratos-de-relevo\" target=\"_blank\" rel=\"nofollow\">https:\/\/www.jccm.es\/tramitesygestiones\/subvencion-por-formalizacion-de-contratos-de-relevo<\/a>),<\/p>\n<p style=\"text-align: justify;\">As\u00ed como la <strong>transformaci\u00f3n en contratos indefinidos de estos contratos y de los contratos de trabajadores\/as en procesos de inserci\u00f3n en empresas de inserci\u00f3n:<\/strong><\/p>\n<p style=\"text-align: justify;\">(<a href=\"https:\/\/www.jccm.es\/tramitesygestiones\/subvenc-por-transformac-en-contr-indefin-de-los-contr-para-la-formac-y-el\" target=\"_blank\" rel=\"nofollow\">https:\/\/www.jccm.es\/tramitesygestiones\/subvenc-por-transformac-en-contr-indefin-de-los-contr-para-la-formac-y-el<\/a>).<\/p>\n<p style=\"text-align: justify;\">Estas subvenciones tienen la finalidad de ofrecer a personas jovenes la oportunidad de adquirir experiencia profesional, facilitando su inserci\u00f3n laboral y empleabilidad.<\/p>\n<p style=\"text-align: justify;\">La subvenci\u00f3n ser\u00e1 de 5.140,00 euros, pudiendo verse incrementada esta cantidad cuando se cumplan las condiciones establecidas en las bases reguladoras publicadas en el <strong>Decreto 97\/2018 de 27 de diciembre de 2018 (<u>DOCM de 3 de enero\/2019<\/u>).<\/strong><\/p>\n<p style=\"text-align: justify;\"><strong>Lugar de presentaci\u00f3n:&nbsp;&nbsp;<\/strong>Hasta el 30 de octubre de 2019 por v\u00eda telem\u00e1tica, cumplimentando el formulario correspondiente en la sede electr\u00f3nica:&nbsp;&nbsp;<a href=\"http:\/\/www.jccm.es\/\" target=\"_blank\" rel=\"nofollow\">www.jccm.es<\/a><\/p>\n<p style=\"text-align: justify;\">Para m\u00e1s informaci\u00f3n: Oficina de la Agencia de Desarrollo Local de Caudete. Tel. 965827000 Ext. 306. &nbsp;desarrollo@caudete.org<\/p>\n<p><img fetchpriority=\"high\" decoding=\"async\" class=\"aligncenter size-full wp-image-6631\" src=\"http:\/\/www.caudete.org\/ayuntamiento\/wp-content\/uploads\/2020\/12\/logo-clm.jpg\" alt=\"\" width=\"800\" height=\"468\" srcset=\"https:\/\/www.caudete.org\/ayuntamiento\/wp-content\/uploads\/2020\/12\/logo-clm.jpg 800w, https:\/\/www.caudete.org\/ayuntamiento\/wp-content\/uploads\/2020\/12\/logo-clm-300x176.jpg 300w, https:\/\/www.caudete.org\/ayuntamiento\/wp-content\/uploads\/2020\/12\/logo-clm-768x449.jpg 768w\" sizes=\"(max-width: 800px) 100vw, 800px\" \/><\/p>\n","protected":false},"excerpt":{"rendered":"<p>Para la cualificaci\u00f3n y la inserci\u00f3n de personas desempleadas en el mercado laboral. Plazo presentaci\u00f3n solicitudes hasta el 30 de octubre de 2019. Los beneficiarios podr\u00e1n ser empresas y entidades sin \u00e1nimo de lucro por la realizaci\u00f3n de contratos para: La formaci\u00f3n y el aprendizaje: (https:\/\/www.jccm.es\/tramitesygestiones\/subvencion-por-la-formalizacion-de-contrato-para-la-formacion-y-el-aprendizaje), Contratos en pr\u00e1cticas: (https:\/\/www.jccm.es\/tramitesygestiones\/subvencion-por-la-formalizacion-de-contratos-en-practicas), Contratos de relevo: (https:\/\/www.jccm.es\/tramitesygestiones\/subvencion-por-formalizacion-de-contratos-de-relevo), As\u00ed &hellip;<\/p>\n","protected":false},"author":1,"featured_media":6631,"comment_status":"closed","ping_status":"open","sticky":false,"template":"","format":"standard","meta":{"ngg_post_thumbnail":0,"footnotes":""},"categories":[90],"tags":[],"class_list":["post-6664","post","type-post","status-publish","format-standard","has-post-thumbnail","hentry","category-tablon-informativo-desarrollo-local"],"yoast_head":"<!-- This site is optimized with the Yoast SEO plugin v27.4 - https:\/\/yoast.com\/product\/yoast-seo-wordpress\/ -->\n<title>SUBVENCIONES de la JCCM 2019 - MI Ayuntamiento de Caudete<\/title>\n<meta name=\"description\" content=\"P\u00e1gina Oficial del Ayuntamiento de Caudete (Albacete)\" \/>\n<meta name=\"robots\" content=\"index, follow, max-snippet:-1, max-image-preview:large, max-video-preview:-1\" \/>\n<link rel=\"canonical\" href=\"https:\/\/www.caudete.org\/ayuntamiento\/subvenciones-de-la-jccm-2019\/\" \/>\n<meta property=\"og:locale\" content=\"es_ES\" \/>\n<meta property=\"og:type\" content=\"article\" \/>\n<meta property=\"og:title\" content=\"SUBVENCIONES de la JCCM 2019 - MI Ayuntamiento de Caudete\" \/>\n<meta property=\"og:description\" content=\"P\u00e1gina Oficial del Ayuntamiento de Caudete (Albacete)\" \/>\n<meta property=\"og:url\" content=\"https:\/\/www.caudete.org\/ayuntamiento\/subvenciones-de-la-jccm-2019\/\" \/>\n<meta property=\"og:site_name\" content=\"MI Ayuntamiento de Caudete\" \/>\n<meta property=\"article:publisher\" content=\"https:\/\/www.facebook.com\/ayuntamientocaudete\/\" \/>\n<meta property=\"article:published_time\" content=\"2019-02-05T22:44:40+00:00\" \/>\n<meta property=\"article:modified_time\" content=\"2020-12-15T12:51:46+00:00\" \/>\n<meta property=\"og:image\" content=\"https:\/\/www.caudete.org\/ayuntamiento\/wp-content\/uploads\/2020\/12\/logo-clm.jpg\" \/>\n\t<meta property=\"og:image:width\" content=\"800\" \/>\n\t<meta property=\"og:image:height\" content=\"468\" \/>\n\t<meta property=\"og:image:type\" content=\"image\/jpeg\" \/>\n<meta name=\"author\" content=\"ayun\" \/>\n<meta name=\"twitter:card\" content=\"summary_large_image\" \/>\n<meta name=\"twitter:label1\" content=\"Escrito por\" \/>\n\t<meta name=\"twitter:data1\" content=\"ayun\" \/>\n\t<meta name=\"twitter:label2\" content=\"Tiempo de lectura\" \/>\n\t<meta name=\"twitter:data2\" content=\"1 minuto\" \/>\n<script type=\"application\/ld+json\" class=\"yoast-schema-graph\">{\"@context\":\"https:\\\/\\\/schema.org\",\"@graph\":[{\"@type\":\"Article\",\"@id\":\"https:\\\/\\\/www.caudete.org\\\/ayuntamiento\\\/subvenciones-de-la-jccm-2019\\\/#article\",\"isPartOf\":{\"@id\":\"https:\\\/\\\/www.caudete.org\\\/ayuntamiento\\\/subvenciones-de-la-jccm-2019\\\/\"},\"author\":{\"name\":\"ayun\",\"@id\":\"https:\\\/\\\/www.caudete.org\\\/ayuntamiento\\\/#\\\/schema\\\/person\\\/79f7e19fdd176fc2bc7a289013dc2056\"},\"headline\":\"SUBVENCIONES de la JCCM 2019\",\"datePublished\":\"2019-02-05T22:44:40+00:00\",\"dateModified\":\"2020-12-15T12:51:46+00:00\",\"mainEntityOfPage\":{\"@id\":\"https:\\\/\\\/www.caudete.org\\\/ayuntamiento\\\/subvenciones-de-la-jccm-2019\\\/\"},\"wordCount\":218,\"publisher\":{\"@id\":\"https:\\\/\\\/www.caudete.org\\\/ayuntamiento\\\/#organization\"},\"image\":{\"@id\":\"https:\\\/\\\/www.caudete.org\\\/ayuntamiento\\\/subvenciones-de-la-jccm-2019\\\/#primaryimage\"},\"thumbnailUrl\":\"https:\\\/\\\/www.caudete.org\\\/ayuntamiento\\\/wp-content\\\/uploads\\\/2020\\\/12\\\/logo-clm.jpg\",\"articleSection\":[\"Tabl\u00f3n informativo (Desarrollo local)\"],\"inLanguage\":\"es\"},{\"@type\":\"WebPage\",\"@id\":\"https:\\\/\\\/www.caudete.org\\\/ayuntamiento\\\/subvenciones-de-la-jccm-2019\\\/\",\"url\":\"https:\\\/\\\/www.caudete.org\\\/ayuntamiento\\\/subvenciones-de-la-jccm-2019\\\/\",\"name\":\"SUBVENCIONES de la JCCM 2019 - MI Ayuntamiento de Caudete\",\"isPartOf\":{\"@id\":\"https:\\\/\\\/www.caudete.org\\\/ayuntamiento\\\/#website\"},\"primaryImageOfPage\":{\"@id\":\"https:\\\/\\\/www.caudete.org\\\/ayuntamiento\\\/subvenciones-de-la-jccm-2019\\\/#primaryimage\"},\"image\":{\"@id\":\"https:\\\/\\\/www.caudete.org\\\/ayuntamiento\\\/subvenciones-de-la-jccm-2019\\\/#primaryimage\"},\"thumbnailUrl\":\"https:\\\/\\\/www.caudete.org\\\/ayuntamiento\\\/wp-content\\\/uploads\\\/2020\\\/12\\\/logo-clm.jpg\",\"datePublished\":\"2019-02-05T22:44:40+00:00\",\"dateModified\":\"2020-12-15T12:51:46+00:00\",\"description\":\"P\u00e1gina Oficial del Ayuntamiento de Caudete (Albacete)\",\"breadcrumb\":{\"@id\":\"https:\\\/\\\/www.caudete.org\\\/ayuntamiento\\\/subvenciones-de-la-jccm-2019\\\/#breadcrumb\"},\"inLanguage\":\"es\",\"potentialAction\":[{\"@type\":\"ReadAction\",\"target\":[\"https:\\\/\\\/www.caudete.org\\\/ayuntamiento\\\/subvenciones-de-la-jccm-2019\\\/\"]}]},{\"@type\":\"ImageObject\",\"inLanguage\":\"es\",\"@id\":\"https:\\\/\\\/www.caudete.org\\\/ayuntamiento\\\/subvenciones-de-la-jccm-2019\\\/#primaryimage\",\"url\":\"https:\\\/\\\/www.caudete.org\\\/ayuntamiento\\\/wp-content\\\/uploads\\\/2020\\\/12\\\/logo-clm.jpg\",\"contentUrl\":\"https:\\\/\\\/www.caudete.org\\\/ayuntamiento\\\/wp-content\\\/uploads\\\/2020\\\/12\\\/logo-clm.jpg\",\"width\":800,\"height\":468},{\"@type\":\"BreadcrumbList\",\"@id\":\"https:\\\/\\\/www.caudete.org\\\/ayuntamiento\\\/subvenciones-de-la-jccm-2019\\\/#breadcrumb\",\"itemListElement\":[{\"@type\":\"ListItem\",\"position\":1,\"name\":\"Inicio\",\"item\":\"https:\\\/\\\/www.caudete.org\\\/ayuntamiento\\\/\"},{\"@type\":\"ListItem\",\"position\":2,\"name\":\"SUBVENCIONES de la JCCM 2019\"}]},{\"@type\":\"WebSite\",\"@id\":\"https:\\\/\\\/www.caudete.org\\\/ayuntamiento\\\/#website\",\"url\":\"https:\\\/\\\/www.caudete.org\\\/ayuntamiento\\\/\",\"name\":\"MI Ayuntamiento de Caudete\",\"description\":\"P\u00e1gina Oficial del MI Ayuntamiento de Caudete\",\"publisher\":{\"@id\":\"https:\\\/\\\/www.caudete.org\\\/ayuntamiento\\\/#organization\"},\"potentialAction\":[{\"@type\":\"SearchAction\",\"target\":{\"@type\":\"EntryPoint\",\"urlTemplate\":\"https:\\\/\\\/www.caudete.org\\\/ayuntamiento\\\/?s={search_term_string}\"},\"query-input\":{\"@type\":\"PropertyValueSpecification\",\"valueRequired\":true,\"valueName\":\"search_term_string\"}}],\"inLanguage\":\"es\"},{\"@type\":\"Organization\",\"@id\":\"https:\\\/\\\/www.caudete.org\\\/ayuntamiento\\\/#organization\",\"name\":\"Ayuntamiento de Caudete\",\"url\":\"https:\\\/\\\/www.caudete.org\\\/ayuntamiento\\\/\",\"logo\":{\"@type\":\"ImageObject\",\"inLanguage\":\"es\",\"@id\":\"https:\\\/\\\/www.caudete.org\\\/ayuntamiento\\\/#\\\/schema\\\/logo\\\/image\\\/\",\"url\":\"https:\\\/\\\/www.caudete.org\\\/ayuntamiento\\\/wp-content\\\/uploads\\\/2020\\\/11\\\/logo_ayuntamiento_caudete.jpg\",\"contentUrl\":\"https:\\\/\\\/www.caudete.org\\\/ayuntamiento\\\/wp-content\\\/uploads\\\/2020\\\/11\\\/logo_ayuntamiento_caudete.jpg\",\"width\":600,\"height\":150,\"caption\":\"Ayuntamiento de Caudete\"},\"image\":{\"@id\":\"https:\\\/\\\/www.caudete.org\\\/ayuntamiento\\\/#\\\/schema\\\/logo\\\/image\\\/\"},\"sameAs\":[\"https:\\\/\\\/www.facebook.com\\\/ayuntamientocaudete\\\/\",\"https:\\\/\\\/www.youtube.com\\\/channel\\\/UC6VztHaooNsGpw-tNoBEFnQ\"]},{\"@type\":\"Person\",\"@id\":\"https:\\\/\\\/www.caudete.org\\\/ayuntamiento\\\/#\\\/schema\\\/person\\\/79f7e19fdd176fc2bc7a289013dc2056\",\"name\":\"ayun\",\"image\":{\"@type\":\"ImageObject\",\"inLanguage\":\"es\",\"@id\":\"https:\\\/\\\/secure.gravatar.com\\\/avatar\\\/4ce797ee07c943e7e592f8cd648e503e6cd571387558ed07135799c2bd2847df?s=96&d=mm&r=g\",\"url\":\"https:\\\/\\\/secure.gravatar.com\\\/avatar\\\/4ce797ee07c943e7e592f8cd648e503e6cd571387558ed07135799c2bd2847df?s=96&d=mm&r=g\",\"contentUrl\":\"https:\\\/\\\/secure.gravatar.com\\\/avatar\\\/4ce797ee07c943e7e592f8cd648e503e6cd571387558ed07135799c2bd2847df?s=96&d=mm&r=g\",\"caption\":\"ayun\"},\"sameAs\":[\"http:\\\/\\\/www.caudete.org\\\/ayuntamiento\"],\"url\":\"https:\\\/\\\/www.caudete.org\\\/ayuntamiento\\\/author\\\/ayun\\\/\"}]}<\/script>\n<!-- \/ Yoast SEO plugin. -->","yoast_head_json":{"title":"SUBVENCIONES de la JCCM 2019 - MI Ayuntamiento de Caudete","description":"P\u00e1gina Oficial del Ayuntamiento de Caudete (Albacete)","robots":{"index":"index","follow":"follow","max-snippet":"max-snippet:-1","max-image-preview":"max-image-preview:large","max-video-preview":"max-video-preview:-1"},"canonical":"https:\/\/www.caudete.org\/ayuntamiento\/subvenciones-de-la-jccm-2019\/","og_locale":"es_ES","og_type":"article","og_title":"SUBVENCIONES de la JCCM 2019 - MI Ayuntamiento de Caudete","og_description":"P\u00e1gina Oficial del Ayuntamiento de Caudete (Albacete)","og_url":"https:\/\/www.caudete.org\/ayuntamiento\/subvenciones-de-la-jccm-2019\/","og_site_name":"MI Ayuntamiento de Caudete","article_publisher":"https:\/\/www.facebook.com\/ayuntamientocaudete\/","article_published_time":"2019-02-05T22:44:40+00:00","article_modified_time":"2020-12-15T12:51:46+00:00","og_image":[{"width":800,"height":468,"url":"https:\/\/www.caudete.org\/ayuntamiento\/wp-content\/uploads\/2020\/12\/logo-clm.jpg","type":"image\/jpeg"}],"author":"ayun","twitter_card":"summary_large_image","twitter_misc":{"Escrito por":"ayun","Tiempo de lectura":"1 minuto"},"schema":{"@context":"https:\/\/schema.org","@graph":[{"@type":"Article","@id":"https:\/\/www.caudete.org\/ayuntamiento\/subvenciones-de-la-jccm-2019\/#article","isPartOf":{"@id":"https:\/\/www.caudete.org\/ayuntamiento\/subvenciones-de-la-jccm-2019\/"},"author":{"name":"ayun","@id":"https:\/\/www.caudete.org\/ayuntamiento\/#\/schema\/person\/79f7e19fdd176fc2bc7a289013dc2056"},"headline":"SUBVENCIONES de la JCCM 2019","datePublished":"2019-02-05T22:44:40+00:00","dateModified":"2020-12-15T12:51:46+00:00","mainEntityOfPage":{"@id":"https:\/\/www.caudete.org\/ayuntamiento\/subvenciones-de-la-jccm-2019\/"},"wordCount":218,"publisher":{"@id":"https:\/\/www.caudete.org\/ayuntamiento\/#organization"},"image":{"@id":"https:\/\/www.caudete.org\/ayuntamiento\/subvenciones-de-la-jccm-2019\/#primaryimage"},"thumbnailUrl":"https:\/\/www.caudete.org\/ayuntamiento\/wp-content\/uploads\/2020\/12\/logo-clm.jpg","articleSection":["Tabl\u00f3n informativo (Desarrollo local)"],"inLanguage":"es"},{"@type":"WebPage","@id":"https:\/\/www.caudete.org\/ayuntamiento\/subvenciones-de-la-jccm-2019\/","url":"https:\/\/www.caudete.org\/ayuntamiento\/subvenciones-de-la-jccm-2019\/","name":"SUBVENCIONES de la JCCM 2019 - MI Ayuntamiento de Caudete","isPartOf":{"@id":"https:\/\/www.caudete.org\/ayuntamiento\/#website"},"primaryImageOfPage":{"@id":"https:\/\/www.caudete.org\/ayuntamiento\/subvenciones-de-la-jccm-2019\/#primaryimage"},"image":{"@id":"https:\/\/www.caudete.org\/ayuntamiento\/subvenciones-de-la-jccm-2019\/#primaryimage"},"thumbnailUrl":"https:\/\/www.caudete.org\/ayuntamiento\/wp-content\/uploads\/2020\/12\/logo-clm.jpg","datePublished":"2019-02-05T22:44:40+00:00","dateModified":"2020-12-15T12:51:46+00:00","description":"P\u00e1gina Oficial del Ayuntamiento de Caudete (Albacete)","breadcrumb":{"@id":"https:\/\/www.caudete.org\/ayuntamiento\/subvenciones-de-la-jccm-2019\/#breadcrumb"},"inLanguage":"es","potentialAction":[{"@type":"ReadAction","target":["https:\/\/www.caudete.org\/ayuntamiento\/subvenciones-de-la-jccm-2019\/"]}]},{"@type":"ImageObject","inLanguage":"es","@id":"https:\/\/www.caudete.org\/ayuntamiento\/subvenciones-de-la-jccm-2019\/#primaryimage","url":"https:\/\/www.caudete.org\/ayuntamiento\/wp-content\/uploads\/2020\/12\/logo-clm.jpg","contentUrl":"https:\/\/www.caudete.org\/ayuntamiento\/wp-content\/uploads\/2020\/12\/logo-clm.jpg","width":800,"height":468},{"@type":"BreadcrumbList","@id":"https:\/\/www.caudete.org\/ayuntamiento\/subvenciones-de-la-jccm-2019\/#breadcrumb","itemListElement":[{"@type":"ListItem","position":1,"name":"Inicio","item":"https:\/\/www.caudete.org\/ayuntamiento\/"},{"@type":"ListItem","position":2,"name":"SUBVENCIONES de la JCCM 2019"}]},{"@type":"WebSite","@id":"https:\/\/www.caudete.org\/ayuntamiento\/#website","url":"https:\/\/www.caudete.org\/ayuntamiento\/","name":"MI Ayuntamiento de Caudete","description":"P\u00e1gina Oficial del MI Ayuntamiento de Caudete","publisher":{"@id":"https:\/\/www.caudete.org\/ayuntamiento\/#organization"},"potentialAction":[{"@type":"SearchAction","target":{"@type":"EntryPoint","urlTemplate":"https:\/\/www.caudete.org\/ayuntamiento\/?s={search_term_string}"},"query-input":{"@type":"PropertyValueSpecification","valueRequired":true,"valueName":"search_term_string"}}],"inLanguage":"es"},{"@type":"Organization","@id":"https:\/\/www.caudete.org\/ayuntamiento\/#organization","name":"Ayuntamiento de Caudete","url":"https:\/\/www.caudete.org\/ayuntamiento\/","logo":{"@type":"ImageObject","inLanguage":"es","@id":"https:\/\/www.caudete.org\/ayuntamiento\/#\/schema\/logo\/image\/","url":"https:\/\/www.caudete.org\/ayuntamiento\/wp-content\/uploads\/2020\/11\/logo_ayuntamiento_caudete.jpg","contentUrl":"https:\/\/www.caudete.org\/ayuntamiento\/wp-content\/uploads\/2020\/11\/logo_ayuntamiento_caudete.jpg","width":600,"height":150,"caption":"Ayuntamiento de Caudete"},"image":{"@id":"https:\/\/www.caudete.org\/ayuntamiento\/#\/schema\/logo\/image\/"},"sameAs":["https:\/\/www.facebook.com\/ayuntamientocaudete\/","https:\/\/www.youtube.com\/channel\/UC6VztHaooNsGpw-tNoBEFnQ"]},{"@type":"Person","@id":"https:\/\/www.caudete.org\/ayuntamiento\/#\/schema\/person\/79f7e19fdd176fc2bc7a289013dc2056","name":"ayun","image":{"@type":"ImageObject","inLanguage":"es","@id":"https:\/\/secure.gravatar.com\/avatar\/4ce797ee07c943e7e592f8cd648e503e6cd571387558ed07135799c2bd2847df?s=96&d=mm&r=g","url":"https:\/\/secure.gravatar.com\/avatar\/4ce797ee07c943e7e592f8cd648e503e6cd571387558ed07135799c2bd2847df?s=96&d=mm&r=g","contentUrl":"https:\/\/secure.gravatar.com\/avatar\/4ce797ee07c943e7e592f8cd648e503e6cd571387558ed07135799c2bd2847df?s=96&d=mm&r=g","caption":"ayun"},"sameAs":["http:\/\/www.caudete.org\/ayuntamiento"],"url":"https:\/\/www.caudete.org\/ayuntamiento\/author\/ayun\/"}]}},"_links":{"self":[{"href":"https:\/\/www.caudete.org\/ayuntamiento\/wp-json\/wp\/v2\/posts\/6664","targetHints":{"allow":["GET"]}}],"collection":[{"href":"https:\/\/www.caudete.org\/ayuntamiento\/wp-json\/wp\/v2\/posts"}],"about":[{"href":"https:\/\/www.caudete.org\/ayuntamiento\/wp-json\/wp\/v2\/types\/post"}],"author":[{"embeddable":true,"href":"https:\/\/www.caudete.org\/ayuntamiento\/wp-json\/wp\/v2\/users\/1"}],"replies":[{"embeddable":true,"href":"https:\/\/www.caudete.org\/ayuntamiento\/wp-json\/wp\/v2\/comments?post=6664"}],"version-history":[{"count":3,"href":"https:\/\/www.caudete.org\/ayuntamiento\/wp-json\/wp\/v2\/posts\/6664\/revisions"}],"predecessor-version":[{"id":9743,"href":"https:\/\/www.caudete.org\/ayuntamiento\/wp-json\/wp\/v2\/posts\/6664\/revisions\/9743"}],"wp:featuredmedia":[{"embeddable":true,"href":"https:\/\/www.caudete.org\/ayuntamiento\/wp-json\/wp\/v2\/media\/6631"}],"wp:attachment":[{"href":"https:\/\/www.caudete.org\/ayuntamiento\/wp-json\/wp\/v2\/media?parent=6664"}],"wp:term":[{"taxonomy":"category","embeddable":true,"href":"https:\/\/www.caudete.org\/ayuntamiento\/wp-json\/wp\/v2\/categories?post=6664"},{"taxonomy":"post_tag","embeddable":true,"href":"https:\/\/www.caudete.org\/ayuntamiento\/wp-json\/wp\/v2\/tags?post=6664"}],"curies":[{"name":"wp","href":"https:\/\/api.w.org\/{rel}","templated":true}]}}