{"id":6675,"date":"2019-02-05T23:53:47","date_gmt":"2019-02-05T22:53:47","guid":{"rendered":"http:\/\/www.caudete.org\/ayuntamiento\/?p=6675"},"modified":"2020-12-15T13:50:41","modified_gmt":"2020-12-15T12:50:41","slug":"subvencion-de-jccm-en-el-marco-del-programa-de-asesoramiento-a-pymes-para-la-transformacion-digital","status":"publish","type":"post","link":"https:\/\/www.caudete.org\/ayuntamiento\/subvencion-de-jccm-en-el-marco-del-programa-de-asesoramiento-a-pymes-para-la-transformacion-digital\/","title":{"rendered":"SUBVENCION DE JCCM en el marco del programa de asesoramiento a pymes para la transformaci\u00f3n digital"},"content":{"rendered":"<h5 style=\"text-align: justify;\">Plazo de presentaci\u00f3n de solicitudes hasta el 15 de junio de 2019.<\/h5>\n<p style=\"text-align: justify;\"><span style=\"font-family: Verdana, sans-serif;\">Los beneficiarios podr\u00e1n ser pymes que no tengan la consideraci\u00f3n de microempresas, acorde con la definici\u00f3n descrita en el anexo I del Reglamente (UE) n\u00ba651\/2014 de 17 de junio de 2014, as\u00ed como agrupaciones de personas f\u00edsicas o jur\u00eddicas privadas, comunidades de bienes o cualquier otro tipo de unidad econ\u00f3mica o patrimonio separado que, aun careciendo de personalidad jur\u00eddica, puedan llevar a cabo los proyectos, actividades o comportamientos que motivan la concesi\u00f3n de la subvenci\u00f3n.<\/span><\/p>\n<p style=\"text-align: justify;\">Esta subvenci\u00f3n tiene la finalidad de impulsar la digitalizaci\u00f3n de las pymes que realicen actividad econ\u00f3mica en Castilla-La Mancha y dotarlas de estrategias, iniciativas y acciones que les ayuden en esa transformaci\u00f3n, cuando se cumplan las condiciones establecidas en el <strong><span style=\"color: #000000;\">Decreto 72\/2018 de 9 de octubre de 2018 (<\/span><\/strong><strong><span style=\"color: #000000;\"><u>DOCM de 16 de octubre\/2018<\/u><\/span><\/strong><strong><span style=\"color: #000000;\">).<\/span><\/strong><\/p>\n<p style=\"text-align: justify;\"><strong><span style=\"color: #000000;\"><b>Lugar de presentaci\u00f3n:<\/b><\/span><\/strong><strong><span style=\"color: #000000;\">H<\/span><\/strong><span style=\"color: #000000;\">asta el <\/span><span style=\"color: #000000;\">15 de junio<\/span><span style=\"color: #000000;\">de 2019 por v\u00eda telem\u00e1tica, cumplimentando el formulario correspondiente en la sede electr\u00f3nica <\/span><a href=\"http:\/\/www.jccm.es\/\" target=\"_blank\" rel=\"nofollow\"><span style=\"color: #004080;\"><u>www.jccm.es<\/u><\/span><\/a><\/p>\n<p style=\"text-align: justify;\"><span style=\"color: #000000;\"><b>Para m\u00e1s informaci\u00f3n:<\/b><\/span><span style=\"color: #000000;\">Oficina de la Agencia de Desarrollo Local de Caudete. Tel. 965827000 Ext. 306.<\/span><span style=\"color: #000000;\">desarrollo@caudete.org<\/span><\/p>\n","protected":false},"excerpt":{"rendered":"<p>Plazo de presentaci\u00f3n de solicitudes hasta el 15 de junio de 2019. Los beneficiarios podr\u00e1n ser pymes que no tengan la consideraci\u00f3n de microempresas, acorde con la definici\u00f3n descrita en el anexo I del Reglamente (UE) n\u00ba651\/2014 de 17 de junio de 2014, as\u00ed como agrupaciones de personas f\u00edsicas o jur\u00eddicas privadas, comunidades de bienes &hellip;<\/p>\n","protected":false},"author":1,"featured_media":6676,"comment_status":"closed","ping_status":"open","sticky":false,"template":"","format":"standard","meta":{"ngg_post_thumbnail":0,"footnotes":""},"categories":[90],"tags":[],"class_list":["post-6675","post","type-post","status-publish","format-standard","has-post-thumbnail","hentry","category-tablon-informativo-desarrollo-local"],"yoast_head":"<!-- This site is optimized with the Yoast SEO plugin v27.5 - https:\/\/yoast.com\/product\/yoast-seo-wordpress\/ -->\n<title>SUBVENCION DE JCCM en el marco del programa de asesoramiento a pymes para la transformaci\u00f3n digital - MI Ayuntamiento de Caudete<\/title>\n<meta name=\"description\" content=\"P\u00e1gina Oficial del Ayuntamiento de Caudete (Albacete)\" \/>\n<meta name=\"robots\" content=\"index, follow, max-snippet:-1, max-image-preview:large, max-video-preview:-1\" \/>\n<link rel=\"canonical\" href=\"https:\/\/www.caudete.org\/ayuntamiento\/subvencion-de-jccm-en-el-marco-del-programa-de-asesoramiento-a-pymes-para-la-transformacion-digital\/\" \/>\n<meta property=\"og:locale\" content=\"es_ES\" \/>\n<meta property=\"og:type\" content=\"article\" \/>\n<meta property=\"og:title\" content=\"SUBVENCION DE JCCM en el marco del programa de asesoramiento a pymes para la transformaci\u00f3n digital - MI Ayuntamiento de Caudete\" \/>\n<meta property=\"og:description\" content=\"P\u00e1gina Oficial del Ayuntamiento de Caudete (Albacete)\" \/>\n<meta property=\"og:url\" content=\"https:\/\/www.caudete.org\/ayuntamiento\/subvencion-de-jccm-en-el-marco-del-programa-de-asesoramiento-a-pymes-para-la-transformacion-digital\/\" \/>\n<meta property=\"og:site_name\" content=\"MI Ayuntamiento de Caudete\" \/>\n<meta property=\"article:publisher\" content=\"https:\/\/www.facebook.com\/ayuntamientocaudete\/\" \/>\n<meta property=\"article:published_time\" content=\"2019-02-05T22:53:47+00:00\" \/>\n<meta property=\"article:modified_time\" content=\"2020-12-15T12:50:41+00:00\" \/>\n<meta property=\"og:image\" content=\"https:\/\/www.caudete.org\/ayuntamiento\/wp-content\/uploads\/2020\/12\/clmdof.jpg\" \/>\n\t<meta property=\"og:image:width\" content=\"640\" \/>\n\t<meta property=\"og:image:height\" content=\"433\" \/>\n\t<meta property=\"og:image:type\" content=\"image\/jpeg\" \/>\n<meta name=\"author\" content=\"ayun\" \/>\n<meta name=\"twitter:card\" content=\"summary_large_image\" \/>\n<meta name=\"twitter:label1\" content=\"Escrito por\" \/>\n\t<meta name=\"twitter:data1\" content=\"ayun\" \/>\n\t<meta name=\"twitter:label2\" content=\"Tiempo de lectura\" \/>\n\t<meta name=\"twitter:data2\" content=\"1 minuto\" \/>\n<script type=\"application\/ld+json\" class=\"yoast-schema-graph\">{\"@context\":\"https:\\\/\\\/schema.org\",\"@graph\":[{\"@type\":\"Article\",\"@id\":\"https:\\\/\\\/www.caudete.org\\\/ayuntamiento\\\/subvencion-de-jccm-en-el-marco-del-programa-de-asesoramiento-a-pymes-para-la-transformacion-digital\\\/#article\",\"isPartOf\":{\"@id\":\"https:\\\/\\\/www.caudete.org\\\/ayuntamiento\\\/subvencion-de-jccm-en-el-marco-del-programa-de-asesoramiento-a-pymes-para-la-transformacion-digital\\\/\"},\"author\":{\"name\":\"ayun\",\"@id\":\"https:\\\/\\\/www.caudete.org\\\/ayuntamiento\\\/#\\\/schema\\\/person\\\/79f7e19fdd176fc2bc7a289013dc2056\"},\"headline\":\"SUBVENCION DE JCCM en el marco del programa de asesoramiento a pymes para la transformaci\u00f3n digital\",\"datePublished\":\"2019-02-05T22:53:47+00:00\",\"dateModified\":\"2020-12-15T12:50:41+00:00\",\"mainEntityOfPage\":{\"@id\":\"https:\\\/\\\/www.caudete.org\\\/ayuntamiento\\\/subvencion-de-jccm-en-el-marco-del-programa-de-asesoramiento-a-pymes-para-la-transformacion-digital\\\/\"},\"wordCount\":209,\"publisher\":{\"@id\":\"https:\\\/\\\/www.caudete.org\\\/ayuntamiento\\\/#organization\"},\"image\":{\"@id\":\"https:\\\/\\\/www.caudete.org\\\/ayuntamiento\\\/subvencion-de-jccm-en-el-marco-del-programa-de-asesoramiento-a-pymes-para-la-transformacion-digital\\\/#primaryimage\"},\"thumbnailUrl\":\"https:\\\/\\\/www.caudete.org\\\/ayuntamiento\\\/wp-content\\\/uploads\\\/2020\\\/12\\\/clmdof.jpg\",\"articleSection\":[\"Tabl\u00f3n informativo (Desarrollo local)\"],\"inLanguage\":\"es\"},{\"@type\":\"WebPage\",\"@id\":\"https:\\\/\\\/www.caudete.org\\\/ayuntamiento\\\/subvencion-de-jccm-en-el-marco-del-programa-de-asesoramiento-a-pymes-para-la-transformacion-digital\\\/\",\"url\":\"https:\\\/\\\/www.caudete.org\\\/ayuntamiento\\\/subvencion-de-jccm-en-el-marco-del-programa-de-asesoramiento-a-pymes-para-la-transformacion-digital\\\/\",\"name\":\"SUBVENCION DE JCCM en el marco del programa de asesoramiento a pymes para la transformaci\u00f3n digital - MI Ayuntamiento de Caudete\",\"isPartOf\":{\"@id\":\"https:\\\/\\\/www.caudete.org\\\/ayuntamiento\\\/#website\"},\"primaryImageOfPage\":{\"@id\":\"https:\\\/\\\/www.caudete.org\\\/ayuntamiento\\\/subvencion-de-jccm-en-el-marco-del-programa-de-asesoramiento-a-pymes-para-la-transformacion-digital\\\/#primaryimage\"},\"image\":{\"@id\":\"https:\\\/\\\/www.caudete.org\\\/ayuntamiento\\\/subvencion-de-jccm-en-el-marco-del-programa-de-asesoramiento-a-pymes-para-la-transformacion-digital\\\/#primaryimage\"},\"thumbnailUrl\":\"https:\\\/\\\/www.caudete.org\\\/ayuntamiento\\\/wp-content\\\/uploads\\\/2020\\\/12\\\/clmdof.jpg\",\"datePublished\":\"2019-02-05T22:53:47+00:00\",\"dateModified\":\"2020-12-15T12:50:41+00:00\",\"description\":\"P\u00e1gina Oficial del Ayuntamiento de Caudete (Albacete)\",\"breadcrumb\":{\"@id\":\"https:\\\/\\\/www.caudete.org\\\/ayuntamiento\\\/subvencion-de-jccm-en-el-marco-del-programa-de-asesoramiento-a-pymes-para-la-transformacion-digital\\\/#breadcrumb\"},\"inLanguage\":\"es\",\"potentialAction\":[{\"@type\":\"ReadAction\",\"target\":[\"https:\\\/\\\/www.caudete.org\\\/ayuntamiento\\\/subvencion-de-jccm-en-el-marco-del-programa-de-asesoramiento-a-pymes-para-la-transformacion-digital\\\/\"]}]},{\"@type\":\"ImageObject\",\"inLanguage\":\"es\",\"@id\":\"https:\\\/\\\/www.caudete.org\\\/ayuntamiento\\\/subvencion-de-jccm-en-el-marco-del-programa-de-asesoramiento-a-pymes-para-la-transformacion-digital\\\/#primaryimage\",\"url\":\"https:\\\/\\\/www.caudete.org\\\/ayuntamiento\\\/wp-content\\\/uploads\\\/2020\\\/12\\\/clmdof.jpg\",\"contentUrl\":\"https:\\\/\\\/www.caudete.org\\\/ayuntamiento\\\/wp-content\\\/uploads\\\/2020\\\/12\\\/clmdof.jpg\",\"width\":640,\"height\":433},{\"@type\":\"BreadcrumbList\",\"@id\":\"https:\\\/\\\/www.caudete.org\\\/ayuntamiento\\\/subvencion-de-jccm-en-el-marco-del-programa-de-asesoramiento-a-pymes-para-la-transformacion-digital\\\/#breadcrumb\",\"itemListElement\":[{\"@type\":\"ListItem\",\"position\":1,\"name\":\"Inicio\",\"item\":\"https:\\\/\\\/www.caudete.org\\\/ayuntamiento\\\/\"},{\"@type\":\"ListItem\",\"position\":2,\"name\":\"SUBVENCION DE JCCM en el marco del programa de asesoramiento a pymes para la transformaci\u00f3n digital\"}]},{\"@type\":\"WebSite\",\"@id\":\"https:\\\/\\\/www.caudete.org\\\/ayuntamiento\\\/#website\",\"url\":\"https:\\\/\\\/www.caudete.org\\\/ayuntamiento\\\/\",\"name\":\"MI Ayuntamiento de Caudete\",\"description\":\"P\u00e1gina Oficial del MI Ayuntamiento de Caudete\",\"publisher\":{\"@id\":\"https:\\\/\\\/www.caudete.org\\\/ayuntamiento\\\/#organization\"},\"potentialAction\":[{\"@type\":\"SearchAction\",\"target\":{\"@type\":\"EntryPoint\",\"urlTemplate\":\"https:\\\/\\\/www.caudete.org\\\/ayuntamiento\\\/?s={search_term_string}\"},\"query-input\":{\"@type\":\"PropertyValueSpecification\",\"valueRequired\":true,\"valueName\":\"search_term_string\"}}],\"inLanguage\":\"es\"},{\"@type\":\"Organization\",\"@id\":\"https:\\\/\\\/www.caudete.org\\\/ayuntamiento\\\/#organization\",\"name\":\"Ayuntamiento de Caudete\",\"url\":\"https:\\\/\\\/www.caudete.org\\\/ayuntamiento\\\/\",\"logo\":{\"@type\":\"ImageObject\",\"inLanguage\":\"es\",\"@id\":\"https:\\\/\\\/www.caudete.org\\\/ayuntamiento\\\/#\\\/schema\\\/logo\\\/image\\\/\",\"url\":\"https:\\\/\\\/www.caudete.org\\\/ayuntamiento\\\/wp-content\\\/uploads\\\/2020\\\/11\\\/logo_ayuntamiento_caudete.jpg\",\"contentUrl\":\"https:\\\/\\\/www.caudete.org\\\/ayuntamiento\\\/wp-content\\\/uploads\\\/2020\\\/11\\\/logo_ayuntamiento_caudete.jpg\",\"width\":600,\"height\":150,\"caption\":\"Ayuntamiento de Caudete\"},\"image\":{\"@id\":\"https:\\\/\\\/www.caudete.org\\\/ayuntamiento\\\/#\\\/schema\\\/logo\\\/image\\\/\"},\"sameAs\":[\"https:\\\/\\\/www.facebook.com\\\/ayuntamientocaudete\\\/\",\"https:\\\/\\\/www.youtube.com\\\/channel\\\/UC6VztHaooNsGpw-tNoBEFnQ\"]},{\"@type\":\"Person\",\"@id\":\"https:\\\/\\\/www.caudete.org\\\/ayuntamiento\\\/#\\\/schema\\\/person\\\/79f7e19fdd176fc2bc7a289013dc2056\",\"name\":\"ayun\",\"image\":{\"@type\":\"ImageObject\",\"inLanguage\":\"es\",\"@id\":\"https:\\\/\\\/secure.gravatar.com\\\/avatar\\\/4ce797ee07c943e7e592f8cd648e503e6cd571387558ed07135799c2bd2847df?s=96&d=mm&r=g\",\"url\":\"https:\\\/\\\/secure.gravatar.com\\\/avatar\\\/4ce797ee07c943e7e592f8cd648e503e6cd571387558ed07135799c2bd2847df?s=96&d=mm&r=g\",\"contentUrl\":\"https:\\\/\\\/secure.gravatar.com\\\/avatar\\\/4ce797ee07c943e7e592f8cd648e503e6cd571387558ed07135799c2bd2847df?s=96&d=mm&r=g\",\"caption\":\"ayun\"},\"sameAs\":[\"http:\\\/\\\/www.caudete.org\\\/ayuntamiento\"],\"url\":\"https:\\\/\\\/www.caudete.org\\\/ayuntamiento\\\/author\\\/ayun\\\/\"}]}<\/script>\n<!-- \/ Yoast SEO plugin. -->","yoast_head_json":{"title":"SUBVENCION DE JCCM en el marco del programa de asesoramiento a pymes para la transformaci\u00f3n digital - MI Ayuntamiento de Caudete","description":"P\u00e1gina Oficial del Ayuntamiento de Caudete (Albacete)","robots":{"index":"index","follow":"follow","max-snippet":"max-snippet:-1","max-image-preview":"max-image-preview:large","max-video-preview":"max-video-preview:-1"},"canonical":"https:\/\/www.caudete.org\/ayuntamiento\/subvencion-de-jccm-en-el-marco-del-programa-de-asesoramiento-a-pymes-para-la-transformacion-digital\/","og_locale":"es_ES","og_type":"article","og_title":"SUBVENCION DE JCCM en el marco del programa de asesoramiento a pymes para la transformaci\u00f3n digital - MI Ayuntamiento de Caudete","og_description":"P\u00e1gina Oficial del Ayuntamiento de Caudete (Albacete)","og_url":"https:\/\/www.caudete.org\/ayuntamiento\/subvencion-de-jccm-en-el-marco-del-programa-de-asesoramiento-a-pymes-para-la-transformacion-digital\/","og_site_name":"MI Ayuntamiento de Caudete","article_publisher":"https:\/\/www.facebook.com\/ayuntamientocaudete\/","article_published_time":"2019-02-05T22:53:47+00:00","article_modified_time":"2020-12-15T12:50:41+00:00","og_image":[{"width":640,"height":433,"url":"https:\/\/www.caudete.org\/ayuntamiento\/wp-content\/uploads\/2020\/12\/clmdof.jpg","type":"image\/jpeg"}],"author":"ayun","twitter_card":"summary_large_image","twitter_misc":{"Escrito por":"ayun","Tiempo de lectura":"1 minuto"},"schema":{"@context":"https:\/\/schema.org","@graph":[{"@type":"Article","@id":"https:\/\/www.caudete.org\/ayuntamiento\/subvencion-de-jccm-en-el-marco-del-programa-de-asesoramiento-a-pymes-para-la-transformacion-digital\/#article","isPartOf":{"@id":"https:\/\/www.caudete.org\/ayuntamiento\/subvencion-de-jccm-en-el-marco-del-programa-de-asesoramiento-a-pymes-para-la-transformacion-digital\/"},"author":{"name":"ayun","@id":"https:\/\/www.caudete.org\/ayuntamiento\/#\/schema\/person\/79f7e19fdd176fc2bc7a289013dc2056"},"headline":"SUBVENCION DE JCCM en el marco del programa de asesoramiento a pymes para la transformaci\u00f3n digital","datePublished":"2019-02-05T22:53:47+00:00","dateModified":"2020-12-15T12:50:41+00:00","mainEntityOfPage":{"@id":"https:\/\/www.caudete.org\/ayuntamiento\/subvencion-de-jccm-en-el-marco-del-programa-de-asesoramiento-a-pymes-para-la-transformacion-digital\/"},"wordCount":209,"publisher":{"@id":"https:\/\/www.caudete.org\/ayuntamiento\/#organization"},"image":{"@id":"https:\/\/www.caudete.org\/ayuntamiento\/subvencion-de-jccm-en-el-marco-del-programa-de-asesoramiento-a-pymes-para-la-transformacion-digital\/#primaryimage"},"thumbnailUrl":"https:\/\/www.caudete.org\/ayuntamiento\/wp-content\/uploads\/2020\/12\/clmdof.jpg","articleSection":["Tabl\u00f3n informativo (Desarrollo local)"],"inLanguage":"es"},{"@type":"WebPage","@id":"https:\/\/www.caudete.org\/ayuntamiento\/subvencion-de-jccm-en-el-marco-del-programa-de-asesoramiento-a-pymes-para-la-transformacion-digital\/","url":"https:\/\/www.caudete.org\/ayuntamiento\/subvencion-de-jccm-en-el-marco-del-programa-de-asesoramiento-a-pymes-para-la-transformacion-digital\/","name":"SUBVENCION DE JCCM en el marco del programa de asesoramiento a pymes para la transformaci\u00f3n digital - MI Ayuntamiento de Caudete","isPartOf":{"@id":"https:\/\/www.caudete.org\/ayuntamiento\/#website"},"primaryImageOfPage":{"@id":"https:\/\/www.caudete.org\/ayuntamiento\/subvencion-de-jccm-en-el-marco-del-programa-de-asesoramiento-a-pymes-para-la-transformacion-digital\/#primaryimage"},"image":{"@id":"https:\/\/www.caudete.org\/ayuntamiento\/subvencion-de-jccm-en-el-marco-del-programa-de-asesoramiento-a-pymes-para-la-transformacion-digital\/#primaryimage"},"thumbnailUrl":"https:\/\/www.caudete.org\/ayuntamiento\/wp-content\/uploads\/2020\/12\/clmdof.jpg","datePublished":"2019-02-05T22:53:47+00:00","dateModified":"2020-12-15T12:50:41+00:00","description":"P\u00e1gina Oficial del Ayuntamiento de Caudete (Albacete)","breadcrumb":{"@id":"https:\/\/www.caudete.org\/ayuntamiento\/subvencion-de-jccm-en-el-marco-del-programa-de-asesoramiento-a-pymes-para-la-transformacion-digital\/#breadcrumb"},"inLanguage":"es","potentialAction":[{"@type":"ReadAction","target":["https:\/\/www.caudete.org\/ayuntamiento\/subvencion-de-jccm-en-el-marco-del-programa-de-asesoramiento-a-pymes-para-la-transformacion-digital\/"]}]},{"@type":"ImageObject","inLanguage":"es","@id":"https:\/\/www.caudete.org\/ayuntamiento\/subvencion-de-jccm-en-el-marco-del-programa-de-asesoramiento-a-pymes-para-la-transformacion-digital\/#primaryimage","url":"https:\/\/www.caudete.org\/ayuntamiento\/wp-content\/uploads\/2020\/12\/clmdof.jpg","contentUrl":"https:\/\/www.caudete.org\/ayuntamiento\/wp-content\/uploads\/2020\/12\/clmdof.jpg","width":640,"height":433},{"@type":"BreadcrumbList","@id":"https:\/\/www.caudete.org\/ayuntamiento\/subvencion-de-jccm-en-el-marco-del-programa-de-asesoramiento-a-pymes-para-la-transformacion-digital\/#breadcrumb","itemListElement":[{"@type":"ListItem","position":1,"name":"Inicio","item":"https:\/\/www.caudete.org\/ayuntamiento\/"},{"@type":"ListItem","position":2,"name":"SUBVENCION DE JCCM en el marco del programa de asesoramiento a pymes para la transformaci\u00f3n digital"}]},{"@type":"WebSite","@id":"https:\/\/www.caudete.org\/ayuntamiento\/#website","url":"https:\/\/www.caudete.org\/ayuntamiento\/","name":"MI Ayuntamiento de Caudete","description":"P\u00e1gina Oficial del MI Ayuntamiento de Caudete","publisher":{"@id":"https:\/\/www.caudete.org\/ayuntamiento\/#organization"},"potentialAction":[{"@type":"SearchAction","target":{"@type":"EntryPoint","urlTemplate":"https:\/\/www.caudete.org\/ayuntamiento\/?s={search_term_string}"},"query-input":{"@type":"PropertyValueSpecification","valueRequired":true,"valueName":"search_term_string"}}],"inLanguage":"es"},{"@type":"Organization","@id":"https:\/\/www.caudete.org\/ayuntamiento\/#organization","name":"Ayuntamiento de Caudete","url":"https:\/\/www.caudete.org\/ayuntamiento\/","logo":{"@type":"ImageObject","inLanguage":"es","@id":"https:\/\/www.caudete.org\/ayuntamiento\/#\/schema\/logo\/image\/","url":"https:\/\/www.caudete.org\/ayuntamiento\/wp-content\/uploads\/2020\/11\/logo_ayuntamiento_caudete.jpg","contentUrl":"https:\/\/www.caudete.org\/ayuntamiento\/wp-content\/uploads\/2020\/11\/logo_ayuntamiento_caudete.jpg","width":600,"height":150,"caption":"Ayuntamiento de Caudete"},"image":{"@id":"https:\/\/www.caudete.org\/ayuntamiento\/#\/schema\/logo\/image\/"},"sameAs":["https:\/\/www.facebook.com\/ayuntamientocaudete\/","https:\/\/www.youtube.com\/channel\/UC6VztHaooNsGpw-tNoBEFnQ"]},{"@type":"Person","@id":"https:\/\/www.caudete.org\/ayuntamiento\/#\/schema\/person\/79f7e19fdd176fc2bc7a289013dc2056","name":"ayun","image":{"@type":"ImageObject","inLanguage":"es","@id":"https:\/\/secure.gravatar.com\/avatar\/4ce797ee07c943e7e592f8cd648e503e6cd571387558ed07135799c2bd2847df?s=96&d=mm&r=g","url":"https:\/\/secure.gravatar.com\/avatar\/4ce797ee07c943e7e592f8cd648e503e6cd571387558ed07135799c2bd2847df?s=96&d=mm&r=g","contentUrl":"https:\/\/secure.gravatar.com\/avatar\/4ce797ee07c943e7e592f8cd648e503e6cd571387558ed07135799c2bd2847df?s=96&d=mm&r=g","caption":"ayun"},"sameAs":["http:\/\/www.caudete.org\/ayuntamiento"],"url":"https:\/\/www.caudete.org\/ayuntamiento\/author\/ayun\/"}]}},"_links":{"self":[{"href":"https:\/\/www.caudete.org\/ayuntamiento\/wp-json\/wp\/v2\/posts\/6675","targetHints":{"allow":["GET"]}}],"collection":[{"href":"https:\/\/www.caudete.org\/ayuntamiento\/wp-json\/wp\/v2\/posts"}],"about":[{"href":"https:\/\/www.caudete.org\/ayuntamiento\/wp-json\/wp\/v2\/types\/post"}],"author":[{"embeddable":true,"href":"https:\/\/www.caudete.org\/ayuntamiento\/wp-json\/wp\/v2\/users\/1"}],"replies":[{"embeddable":true,"href":"https:\/\/www.caudete.org\/ayuntamiento\/wp-json\/wp\/v2\/comments?post=6675"}],"version-history":[{"count":2,"href":"https:\/\/www.caudete.org\/ayuntamiento\/wp-json\/wp\/v2\/posts\/6675\/revisions"}],"predecessor-version":[{"id":9740,"href":"https:\/\/www.caudete.org\/ayuntamiento\/wp-json\/wp\/v2\/posts\/6675\/revisions\/9740"}],"wp:featuredmedia":[{"embeddable":true,"href":"https:\/\/www.caudete.org\/ayuntamiento\/wp-json\/wp\/v2\/media\/6676"}],"wp:attachment":[{"href":"https:\/\/www.caudete.org\/ayuntamiento\/wp-json\/wp\/v2\/media?parent=6675"}],"wp:term":[{"taxonomy":"category","embeddable":true,"href":"https:\/\/www.caudete.org\/ayuntamiento\/wp-json\/wp\/v2\/categories?post=6675"},{"taxonomy":"post_tag","embeddable":true,"href":"https:\/\/www.caudete.org\/ayuntamiento\/wp-json\/wp\/v2\/tags?post=6675"}],"curies":[{"name":"wp","href":"https:\/\/api.w.org\/{rel}","templated":true}]}}