{"id":6701,"date":"2019-03-06T00:22:32","date_gmt":"2019-03-05T23:22:32","guid":{"rendered":"http:\/\/www.caudete.org\/ayuntamiento\/?p=6701"},"modified":"2020-12-15T13:47:04","modified_gmt":"2020-12-15T12:47:04","slug":"ayudas-para-el-aprovechamiento-de-las-energias-renovables-en-castilla-la-mancha-para-2019-cofinanciadas-por-el-fondo-europeo-de-desarrollo-regional","status":"publish","type":"post","link":"https:\/\/www.caudete.org\/ayuntamiento\/ayudas-para-el-aprovechamiento-de-las-energias-renovables-en-castilla-la-mancha-para-2019-cofinanciadas-por-el-fondo-europeo-de-desarrollo-regional\/","title":{"rendered":"Ayudas para el aprovechamiento de las energ\u00edas renovables en Castilla-La Mancha para 2019, cofinanciadas por el Fondo Europeo de Desarrollo Regional"},"content":{"rendered":"<h5>Plazo presentaci\u00f3n solicitudes hasta el 8 mayo de 2019.<\/h5>\n<p>La finalidad de estas subvenciones es incentivar el uso de las energ\u00edas renovables como energ\u00edas limpias que sirven para establecer un modelo de desarrollo sostenible y de ahorro energ\u00e9tico.<\/p>\n<p>Podr\u00e1n ser beneficiarios de las subvenciones de la presente convocatoria en el \u00e1rea tecnol\u00f3gica convocada de fotovoltaica o mixta e\u00f3 lica-fotovoltaica, con y sin acumulaci\u00f3n: las Pymes de naturaleza privada que desarrollen su actividad econ\u00f3mica en Castilla-La Mancha, los ayuntamientos de Castilla-La Mancha, las personas f\u00edsicas y comunidades de propietarios.<\/p>\n<p>La cuant\u00eda de la subvenci\u00f3n ser\u00e1 del 40 % del coste subvencionable con un l\u00edmite de 30.000 euros por proyecto.<\/p>\n<p>Lugar de presentaci\u00f3n: Las solicitudes efectuadas por ayuntamientos, Pymes y comunidades de propietarios, se presentar\u00e1n de forma telem\u00e1tica con firma electr\u00f3nica, a trav\u00e9s del formulario que se incorpora como Anexo I de la presente resoluci\u00f3n, que se incluir\u00e1 en la sede electr\u00f3nica de la Administraci\u00f3n de la Junta de Comunidades de Castilla-La Mancha:<\/p>\n<p><strong><a href=\"https:\/\/www.jccm.es\" target=\"_blank\" rel=\"nofollow\">www.jccm.es<\/a><\/strong><\/p>\n<p>y en la p\u00e1gina de la oficina virtual en la direcci\u00f3n web:<\/p>\n<p><strong><a href=\"https:\/\/ovcis.castillalamancha.es\/OficinaVirtualCIS\" target=\"_blank\" rel=\"nofollow\">https:\/\/ovcis.castillalamancha.es\/OficinaVirtualCIS<\/a><\/strong><\/p>\n<p>Las solicitudes efectuadas por personas f\u00edsicas a t\u00edtulo privado, podr\u00e1n presentarse de las siguientes formas:<\/p>\n<p>a) Como en el caso anterior. Al presentarse de esta forma, la documentaci\u00f3n que se requiera deber\u00e1 ser digitalizada y presentada junto a la solicitud como archivos anexos a la misma.<\/p>\n<p>b) Mediante su presentaci\u00f3n en cualquiera de los registros y por los medios previstos en el art\u00edculo 16.4 de la Ley 39\/2015, de 1 de octubre, del Procedimiento Administrativo Com\u00fan de las Administraciones P\u00fablicas.<\/p>\n<p><b>Para m\u00e1s informaci\u00f3n:<\/b><\/p>\n<p><strong><a href=\"https:\/\/www.jccm.es\/tramitesygestiones\/solicitud-de-ayuda-para-el-aprovechamiento-de-energias-renovables-2019\" target=\"_blank\" rel=\"nofollow\">www.jccm.es\/tramitesygestiones\/solicitud-de-ayuda-para-el-aprovechamiento-de-energias-renovables-2019<\/a><\/strong><\/p>\n<p>O, en caso necesario, en Oficina de la Agencia de Desarrollo Local de Caudete, tel. 965827000 Ext. 306, desarrollo@caudete.org<\/p>\n","protected":false},"excerpt":{"rendered":"<p>Plazo presentaci\u00f3n solicitudes hasta el 8 mayo de 2019. La finalidad de estas subvenciones es incentivar el uso de las energ\u00edas renovables como energ\u00edas limpias que sirven para establecer un modelo de desarrollo sostenible y de ahorro energ\u00e9tico. Podr\u00e1n ser beneficiarios de las subvenciones de la presente convocatoria en el \u00e1rea tecnol\u00f3gica convocada de fotovoltaica &hellip;<\/p>\n","protected":false},"author":1,"featured_media":6702,"comment_status":"closed","ping_status":"open","sticky":false,"template":"","format":"standard","meta":{"ngg_post_thumbnail":0,"footnotes":""},"categories":[90],"tags":[],"class_list":["post-6701","post","type-post","status-publish","format-standard","has-post-thumbnail","hentry","category-tablon-informativo-desarrollo-local"],"yoast_head":"<!-- This site is optimized with the Yoast SEO plugin v27.5 - https:\/\/yoast.com\/product\/yoast-seo-wordpress\/ -->\n<title>Ayudas para el aprovechamiento de las energ\u00edas renovables en Castilla-La Mancha para 2019, cofinanciadas por el Fondo Europeo de Desarrollo Regional - MI Ayuntamiento de Caudete<\/title>\n<meta name=\"description\" content=\"P\u00e1gina Oficial del Ayuntamiento de Caudete (Albacete)\" \/>\n<meta name=\"robots\" content=\"index, follow, max-snippet:-1, max-image-preview:large, max-video-preview:-1\" \/>\n<link rel=\"canonical\" href=\"https:\/\/www.caudete.org\/ayuntamiento\/ayudas-para-el-aprovechamiento-de-las-energias-renovables-en-castilla-la-mancha-para-2019-cofinanciadas-por-el-fondo-europeo-de-desarrollo-regional\/\" \/>\n<meta property=\"og:locale\" content=\"es_ES\" \/>\n<meta property=\"og:type\" content=\"article\" \/>\n<meta property=\"og:title\" content=\"Ayudas para el aprovechamiento de las energ\u00edas renovables en Castilla-La Mancha para 2019, cofinanciadas por el Fondo Europeo de Desarrollo Regional - MI Ayuntamiento de Caudete\" \/>\n<meta property=\"og:description\" content=\"P\u00e1gina Oficial del Ayuntamiento de Caudete (Albacete)\" \/>\n<meta property=\"og:url\" content=\"https:\/\/www.caudete.org\/ayuntamiento\/ayudas-para-el-aprovechamiento-de-las-energias-renovables-en-castilla-la-mancha-para-2019-cofinanciadas-por-el-fondo-europeo-de-desarrollo-regional\/\" \/>\n<meta property=\"og:site_name\" content=\"MI Ayuntamiento de Caudete\" \/>\n<meta property=\"article:publisher\" content=\"https:\/\/www.facebook.com\/ayuntamientocaudete\/\" \/>\n<meta property=\"article:published_time\" content=\"2019-03-05T23:22:32+00:00\" \/>\n<meta property=\"article:modified_time\" content=\"2020-12-15T12:47:04+00:00\" \/>\n<meta property=\"og:image\" content=\"https:\/\/www.caudete.org\/ayuntamiento\/wp-content\/uploads\/2020\/12\/enerene.jpg\" \/>\n\t<meta property=\"og:image:width\" content=\"400\" \/>\n\t<meta property=\"og:image:height\" content=\"258\" \/>\n\t<meta property=\"og:image:type\" content=\"image\/jpeg\" \/>\n<meta name=\"author\" content=\"ayun\" \/>\n<meta name=\"twitter:card\" content=\"summary_large_image\" \/>\n<meta name=\"twitter:label1\" content=\"Escrito por\" \/>\n\t<meta name=\"twitter:data1\" content=\"ayun\" \/>\n\t<meta name=\"twitter:label2\" content=\"Tiempo de lectura\" \/>\n\t<meta name=\"twitter:data2\" content=\"2 minutos\" \/>\n<script type=\"application\/ld+json\" class=\"yoast-schema-graph\">{\"@context\":\"https:\\\/\\\/schema.org\",\"@graph\":[{\"@type\":\"Article\",\"@id\":\"https:\\\/\\\/www.caudete.org\\\/ayuntamiento\\\/ayudas-para-el-aprovechamiento-de-las-energias-renovables-en-castilla-la-mancha-para-2019-cofinanciadas-por-el-fondo-europeo-de-desarrollo-regional\\\/#article\",\"isPartOf\":{\"@id\":\"https:\\\/\\\/www.caudete.org\\\/ayuntamiento\\\/ayudas-para-el-aprovechamiento-de-las-energias-renovables-en-castilla-la-mancha-para-2019-cofinanciadas-por-el-fondo-europeo-de-desarrollo-regional\\\/\"},\"author\":{\"name\":\"ayun\",\"@id\":\"https:\\\/\\\/www.caudete.org\\\/ayuntamiento\\\/#\\\/schema\\\/person\\\/79f7e19fdd176fc2bc7a289013dc2056\"},\"headline\":\"Ayudas para el aprovechamiento de las energ\u00edas renovables en Castilla-La Mancha para 2019, cofinanciadas por el Fondo Europeo de Desarrollo Regional\",\"datePublished\":\"2019-03-05T23:22:32+00:00\",\"dateModified\":\"2020-12-15T12:47:04+00:00\",\"mainEntityOfPage\":{\"@id\":\"https:\\\/\\\/www.caudete.org\\\/ayuntamiento\\\/ayudas-para-el-aprovechamiento-de-las-energias-renovables-en-castilla-la-mancha-para-2019-cofinanciadas-por-el-fondo-europeo-de-desarrollo-regional\\\/\"},\"wordCount\":333,\"publisher\":{\"@id\":\"https:\\\/\\\/www.caudete.org\\\/ayuntamiento\\\/#organization\"},\"image\":{\"@id\":\"https:\\\/\\\/www.caudete.org\\\/ayuntamiento\\\/ayudas-para-el-aprovechamiento-de-las-energias-renovables-en-castilla-la-mancha-para-2019-cofinanciadas-por-el-fondo-europeo-de-desarrollo-regional\\\/#primaryimage\"},\"thumbnailUrl\":\"https:\\\/\\\/www.caudete.org\\\/ayuntamiento\\\/wp-content\\\/uploads\\\/2020\\\/12\\\/enerene.jpg\",\"articleSection\":[\"Tabl\u00f3n informativo (Desarrollo local)\"],\"inLanguage\":\"es\"},{\"@type\":\"WebPage\",\"@id\":\"https:\\\/\\\/www.caudete.org\\\/ayuntamiento\\\/ayudas-para-el-aprovechamiento-de-las-energias-renovables-en-castilla-la-mancha-para-2019-cofinanciadas-por-el-fondo-europeo-de-desarrollo-regional\\\/\",\"url\":\"https:\\\/\\\/www.caudete.org\\\/ayuntamiento\\\/ayudas-para-el-aprovechamiento-de-las-energias-renovables-en-castilla-la-mancha-para-2019-cofinanciadas-por-el-fondo-europeo-de-desarrollo-regional\\\/\",\"name\":\"Ayudas para el aprovechamiento de las energ\u00edas renovables en Castilla-La Mancha para 2019, cofinanciadas por el Fondo Europeo de Desarrollo Regional - MI Ayuntamiento de Caudete\",\"isPartOf\":{\"@id\":\"https:\\\/\\\/www.caudete.org\\\/ayuntamiento\\\/#website\"},\"primaryImageOfPage\":{\"@id\":\"https:\\\/\\\/www.caudete.org\\\/ayuntamiento\\\/ayudas-para-el-aprovechamiento-de-las-energias-renovables-en-castilla-la-mancha-para-2019-cofinanciadas-por-el-fondo-europeo-de-desarrollo-regional\\\/#primaryimage\"},\"image\":{\"@id\":\"https:\\\/\\\/www.caudete.org\\\/ayuntamiento\\\/ayudas-para-el-aprovechamiento-de-las-energias-renovables-en-castilla-la-mancha-para-2019-cofinanciadas-por-el-fondo-europeo-de-desarrollo-regional\\\/#primaryimage\"},\"thumbnailUrl\":\"https:\\\/\\\/www.caudete.org\\\/ayuntamiento\\\/wp-content\\\/uploads\\\/2020\\\/12\\\/enerene.jpg\",\"datePublished\":\"2019-03-05T23:22:32+00:00\",\"dateModified\":\"2020-12-15T12:47:04+00:00\",\"description\":\"P\u00e1gina Oficial del Ayuntamiento de Caudete (Albacete)\",\"breadcrumb\":{\"@id\":\"https:\\\/\\\/www.caudete.org\\\/ayuntamiento\\\/ayudas-para-el-aprovechamiento-de-las-energias-renovables-en-castilla-la-mancha-para-2019-cofinanciadas-por-el-fondo-europeo-de-desarrollo-regional\\\/#breadcrumb\"},\"inLanguage\":\"es\",\"potentialAction\":[{\"@type\":\"ReadAction\",\"target\":[\"https:\\\/\\\/www.caudete.org\\\/ayuntamiento\\\/ayudas-para-el-aprovechamiento-de-las-energias-renovables-en-castilla-la-mancha-para-2019-cofinanciadas-por-el-fondo-europeo-de-desarrollo-regional\\\/\"]}]},{\"@type\":\"ImageObject\",\"inLanguage\":\"es\",\"@id\":\"https:\\\/\\\/www.caudete.org\\\/ayuntamiento\\\/ayudas-para-el-aprovechamiento-de-las-energias-renovables-en-castilla-la-mancha-para-2019-cofinanciadas-por-el-fondo-europeo-de-desarrollo-regional\\\/#primaryimage\",\"url\":\"https:\\\/\\\/www.caudete.org\\\/ayuntamiento\\\/wp-content\\\/uploads\\\/2020\\\/12\\\/enerene.jpg\",\"contentUrl\":\"https:\\\/\\\/www.caudete.org\\\/ayuntamiento\\\/wp-content\\\/uploads\\\/2020\\\/12\\\/enerene.jpg\",\"width\":400,\"height\":258},{\"@type\":\"BreadcrumbList\",\"@id\":\"https:\\\/\\\/www.caudete.org\\\/ayuntamiento\\\/ayudas-para-el-aprovechamiento-de-las-energias-renovables-en-castilla-la-mancha-para-2019-cofinanciadas-por-el-fondo-europeo-de-desarrollo-regional\\\/#breadcrumb\",\"itemListElement\":[{\"@type\":\"ListItem\",\"position\":1,\"name\":\"Inicio\",\"item\":\"https:\\\/\\\/www.caudete.org\\\/ayuntamiento\\\/\"},{\"@type\":\"ListItem\",\"position\":2,\"name\":\"Ayudas para el aprovechamiento de las energ\u00edas renovables en Castilla-La Mancha para 2019, cofinanciadas por el Fondo Europeo de Desarrollo Regional\"}]},{\"@type\":\"WebSite\",\"@id\":\"https:\\\/\\\/www.caudete.org\\\/ayuntamiento\\\/#website\",\"url\":\"https:\\\/\\\/www.caudete.org\\\/ayuntamiento\\\/\",\"name\":\"MI Ayuntamiento de Caudete\",\"description\":\"P\u00e1gina Oficial del MI Ayuntamiento de Caudete\",\"publisher\":{\"@id\":\"https:\\\/\\\/www.caudete.org\\\/ayuntamiento\\\/#organization\"},\"potentialAction\":[{\"@type\":\"SearchAction\",\"target\":{\"@type\":\"EntryPoint\",\"urlTemplate\":\"https:\\\/\\\/www.caudete.org\\\/ayuntamiento\\\/?s={search_term_string}\"},\"query-input\":{\"@type\":\"PropertyValueSpecification\",\"valueRequired\":true,\"valueName\":\"search_term_string\"}}],\"inLanguage\":\"es\"},{\"@type\":\"Organization\",\"@id\":\"https:\\\/\\\/www.caudete.org\\\/ayuntamiento\\\/#organization\",\"name\":\"Ayuntamiento de Caudete\",\"url\":\"https:\\\/\\\/www.caudete.org\\\/ayuntamiento\\\/\",\"logo\":{\"@type\":\"ImageObject\",\"inLanguage\":\"es\",\"@id\":\"https:\\\/\\\/www.caudete.org\\\/ayuntamiento\\\/#\\\/schema\\\/logo\\\/image\\\/\",\"url\":\"https:\\\/\\\/www.caudete.org\\\/ayuntamiento\\\/wp-content\\\/uploads\\\/2020\\\/11\\\/logo_ayuntamiento_caudete.jpg\",\"contentUrl\":\"https:\\\/\\\/www.caudete.org\\\/ayuntamiento\\\/wp-content\\\/uploads\\\/2020\\\/11\\\/logo_ayuntamiento_caudete.jpg\",\"width\":600,\"height\":150,\"caption\":\"Ayuntamiento de Caudete\"},\"image\":{\"@id\":\"https:\\\/\\\/www.caudete.org\\\/ayuntamiento\\\/#\\\/schema\\\/logo\\\/image\\\/\"},\"sameAs\":[\"https:\\\/\\\/www.facebook.com\\\/ayuntamientocaudete\\\/\",\"https:\\\/\\\/www.youtube.com\\\/channel\\\/UC6VztHaooNsGpw-tNoBEFnQ\"]},{\"@type\":\"Person\",\"@id\":\"https:\\\/\\\/www.caudete.org\\\/ayuntamiento\\\/#\\\/schema\\\/person\\\/79f7e19fdd176fc2bc7a289013dc2056\",\"name\":\"ayun\",\"image\":{\"@type\":\"ImageObject\",\"inLanguage\":\"es\",\"@id\":\"https:\\\/\\\/secure.gravatar.com\\\/avatar\\\/4ce797ee07c943e7e592f8cd648e503e6cd571387558ed07135799c2bd2847df?s=96&d=mm&r=g\",\"url\":\"https:\\\/\\\/secure.gravatar.com\\\/avatar\\\/4ce797ee07c943e7e592f8cd648e503e6cd571387558ed07135799c2bd2847df?s=96&d=mm&r=g\",\"contentUrl\":\"https:\\\/\\\/secure.gravatar.com\\\/avatar\\\/4ce797ee07c943e7e592f8cd648e503e6cd571387558ed07135799c2bd2847df?s=96&d=mm&r=g\",\"caption\":\"ayun\"},\"sameAs\":[\"http:\\\/\\\/www.caudete.org\\\/ayuntamiento\"],\"url\":\"https:\\\/\\\/www.caudete.org\\\/ayuntamiento\\\/author\\\/ayun\\\/\"}]}<\/script>\n<!-- \/ Yoast SEO plugin. -->","yoast_head_json":{"title":"Ayudas para el aprovechamiento de las energ\u00edas renovables en Castilla-La Mancha para 2019, cofinanciadas por el Fondo Europeo de Desarrollo Regional - MI Ayuntamiento de Caudete","description":"P\u00e1gina Oficial del Ayuntamiento de Caudete (Albacete)","robots":{"index":"index","follow":"follow","max-snippet":"max-snippet:-1","max-image-preview":"max-image-preview:large","max-video-preview":"max-video-preview:-1"},"canonical":"https:\/\/www.caudete.org\/ayuntamiento\/ayudas-para-el-aprovechamiento-de-las-energias-renovables-en-castilla-la-mancha-para-2019-cofinanciadas-por-el-fondo-europeo-de-desarrollo-regional\/","og_locale":"es_ES","og_type":"article","og_title":"Ayudas para el aprovechamiento de las energ\u00edas renovables en Castilla-La Mancha para 2019, cofinanciadas por el Fondo Europeo de Desarrollo Regional - MI Ayuntamiento de Caudete","og_description":"P\u00e1gina Oficial del Ayuntamiento de Caudete (Albacete)","og_url":"https:\/\/www.caudete.org\/ayuntamiento\/ayudas-para-el-aprovechamiento-de-las-energias-renovables-en-castilla-la-mancha-para-2019-cofinanciadas-por-el-fondo-europeo-de-desarrollo-regional\/","og_site_name":"MI Ayuntamiento de Caudete","article_publisher":"https:\/\/www.facebook.com\/ayuntamientocaudete\/","article_published_time":"2019-03-05T23:22:32+00:00","article_modified_time":"2020-12-15T12:47:04+00:00","og_image":[{"width":400,"height":258,"url":"https:\/\/www.caudete.org\/ayuntamiento\/wp-content\/uploads\/2020\/12\/enerene.jpg","type":"image\/jpeg"}],"author":"ayun","twitter_card":"summary_large_image","twitter_misc":{"Escrito por":"ayun","Tiempo de lectura":"2 minutos"},"schema":{"@context":"https:\/\/schema.org","@graph":[{"@type":"Article","@id":"https:\/\/www.caudete.org\/ayuntamiento\/ayudas-para-el-aprovechamiento-de-las-energias-renovables-en-castilla-la-mancha-para-2019-cofinanciadas-por-el-fondo-europeo-de-desarrollo-regional\/#article","isPartOf":{"@id":"https:\/\/www.caudete.org\/ayuntamiento\/ayudas-para-el-aprovechamiento-de-las-energias-renovables-en-castilla-la-mancha-para-2019-cofinanciadas-por-el-fondo-europeo-de-desarrollo-regional\/"},"author":{"name":"ayun","@id":"https:\/\/www.caudete.org\/ayuntamiento\/#\/schema\/person\/79f7e19fdd176fc2bc7a289013dc2056"},"headline":"Ayudas para el aprovechamiento de las energ\u00edas renovables en Castilla-La Mancha para 2019, cofinanciadas por el Fondo Europeo de Desarrollo Regional","datePublished":"2019-03-05T23:22:32+00:00","dateModified":"2020-12-15T12:47:04+00:00","mainEntityOfPage":{"@id":"https:\/\/www.caudete.org\/ayuntamiento\/ayudas-para-el-aprovechamiento-de-las-energias-renovables-en-castilla-la-mancha-para-2019-cofinanciadas-por-el-fondo-europeo-de-desarrollo-regional\/"},"wordCount":333,"publisher":{"@id":"https:\/\/www.caudete.org\/ayuntamiento\/#organization"},"image":{"@id":"https:\/\/www.caudete.org\/ayuntamiento\/ayudas-para-el-aprovechamiento-de-las-energias-renovables-en-castilla-la-mancha-para-2019-cofinanciadas-por-el-fondo-europeo-de-desarrollo-regional\/#primaryimage"},"thumbnailUrl":"https:\/\/www.caudete.org\/ayuntamiento\/wp-content\/uploads\/2020\/12\/enerene.jpg","articleSection":["Tabl\u00f3n informativo (Desarrollo local)"],"inLanguage":"es"},{"@type":"WebPage","@id":"https:\/\/www.caudete.org\/ayuntamiento\/ayudas-para-el-aprovechamiento-de-las-energias-renovables-en-castilla-la-mancha-para-2019-cofinanciadas-por-el-fondo-europeo-de-desarrollo-regional\/","url":"https:\/\/www.caudete.org\/ayuntamiento\/ayudas-para-el-aprovechamiento-de-las-energias-renovables-en-castilla-la-mancha-para-2019-cofinanciadas-por-el-fondo-europeo-de-desarrollo-regional\/","name":"Ayudas para el aprovechamiento de las energ\u00edas renovables en Castilla-La Mancha para 2019, cofinanciadas por el Fondo Europeo de Desarrollo Regional - MI Ayuntamiento de Caudete","isPartOf":{"@id":"https:\/\/www.caudete.org\/ayuntamiento\/#website"},"primaryImageOfPage":{"@id":"https:\/\/www.caudete.org\/ayuntamiento\/ayudas-para-el-aprovechamiento-de-las-energias-renovables-en-castilla-la-mancha-para-2019-cofinanciadas-por-el-fondo-europeo-de-desarrollo-regional\/#primaryimage"},"image":{"@id":"https:\/\/www.caudete.org\/ayuntamiento\/ayudas-para-el-aprovechamiento-de-las-energias-renovables-en-castilla-la-mancha-para-2019-cofinanciadas-por-el-fondo-europeo-de-desarrollo-regional\/#primaryimage"},"thumbnailUrl":"https:\/\/www.caudete.org\/ayuntamiento\/wp-content\/uploads\/2020\/12\/enerene.jpg","datePublished":"2019-03-05T23:22:32+00:00","dateModified":"2020-12-15T12:47:04+00:00","description":"P\u00e1gina Oficial del Ayuntamiento de Caudete (Albacete)","breadcrumb":{"@id":"https:\/\/www.caudete.org\/ayuntamiento\/ayudas-para-el-aprovechamiento-de-las-energias-renovables-en-castilla-la-mancha-para-2019-cofinanciadas-por-el-fondo-europeo-de-desarrollo-regional\/#breadcrumb"},"inLanguage":"es","potentialAction":[{"@type":"ReadAction","target":["https:\/\/www.caudete.org\/ayuntamiento\/ayudas-para-el-aprovechamiento-de-las-energias-renovables-en-castilla-la-mancha-para-2019-cofinanciadas-por-el-fondo-europeo-de-desarrollo-regional\/"]}]},{"@type":"ImageObject","inLanguage":"es","@id":"https:\/\/www.caudete.org\/ayuntamiento\/ayudas-para-el-aprovechamiento-de-las-energias-renovables-en-castilla-la-mancha-para-2019-cofinanciadas-por-el-fondo-europeo-de-desarrollo-regional\/#primaryimage","url":"https:\/\/www.caudete.org\/ayuntamiento\/wp-content\/uploads\/2020\/12\/enerene.jpg","contentUrl":"https:\/\/www.caudete.org\/ayuntamiento\/wp-content\/uploads\/2020\/12\/enerene.jpg","width":400,"height":258},{"@type":"BreadcrumbList","@id":"https:\/\/www.caudete.org\/ayuntamiento\/ayudas-para-el-aprovechamiento-de-las-energias-renovables-en-castilla-la-mancha-para-2019-cofinanciadas-por-el-fondo-europeo-de-desarrollo-regional\/#breadcrumb","itemListElement":[{"@type":"ListItem","position":1,"name":"Inicio","item":"https:\/\/www.caudete.org\/ayuntamiento\/"},{"@type":"ListItem","position":2,"name":"Ayudas para el aprovechamiento de las energ\u00edas renovables en Castilla-La Mancha para 2019, cofinanciadas por el Fondo Europeo de Desarrollo Regional"}]},{"@type":"WebSite","@id":"https:\/\/www.caudete.org\/ayuntamiento\/#website","url":"https:\/\/www.caudete.org\/ayuntamiento\/","name":"MI Ayuntamiento de Caudete","description":"P\u00e1gina Oficial del MI Ayuntamiento de Caudete","publisher":{"@id":"https:\/\/www.caudete.org\/ayuntamiento\/#organization"},"potentialAction":[{"@type":"SearchAction","target":{"@type":"EntryPoint","urlTemplate":"https:\/\/www.caudete.org\/ayuntamiento\/?s={search_term_string}"},"query-input":{"@type":"PropertyValueSpecification","valueRequired":true,"valueName":"search_term_string"}}],"inLanguage":"es"},{"@type":"Organization","@id":"https:\/\/www.caudete.org\/ayuntamiento\/#organization","name":"Ayuntamiento de Caudete","url":"https:\/\/www.caudete.org\/ayuntamiento\/","logo":{"@type":"ImageObject","inLanguage":"es","@id":"https:\/\/www.caudete.org\/ayuntamiento\/#\/schema\/logo\/image\/","url":"https:\/\/www.caudete.org\/ayuntamiento\/wp-content\/uploads\/2020\/11\/logo_ayuntamiento_caudete.jpg","contentUrl":"https:\/\/www.caudete.org\/ayuntamiento\/wp-content\/uploads\/2020\/11\/logo_ayuntamiento_caudete.jpg","width":600,"height":150,"caption":"Ayuntamiento de Caudete"},"image":{"@id":"https:\/\/www.caudete.org\/ayuntamiento\/#\/schema\/logo\/image\/"},"sameAs":["https:\/\/www.facebook.com\/ayuntamientocaudete\/","https:\/\/www.youtube.com\/channel\/UC6VztHaooNsGpw-tNoBEFnQ"]},{"@type":"Person","@id":"https:\/\/www.caudete.org\/ayuntamiento\/#\/schema\/person\/79f7e19fdd176fc2bc7a289013dc2056","name":"ayun","image":{"@type":"ImageObject","inLanguage":"es","@id":"https:\/\/secure.gravatar.com\/avatar\/4ce797ee07c943e7e592f8cd648e503e6cd571387558ed07135799c2bd2847df?s=96&d=mm&r=g","url":"https:\/\/secure.gravatar.com\/avatar\/4ce797ee07c943e7e592f8cd648e503e6cd571387558ed07135799c2bd2847df?s=96&d=mm&r=g","contentUrl":"https:\/\/secure.gravatar.com\/avatar\/4ce797ee07c943e7e592f8cd648e503e6cd571387558ed07135799c2bd2847df?s=96&d=mm&r=g","caption":"ayun"},"sameAs":["http:\/\/www.caudete.org\/ayuntamiento"],"url":"https:\/\/www.caudete.org\/ayuntamiento\/author\/ayun\/"}]}},"_links":{"self":[{"href":"https:\/\/www.caudete.org\/ayuntamiento\/wp-json\/wp\/v2\/posts\/6701","targetHints":{"allow":["GET"]}}],"collection":[{"href":"https:\/\/www.caudete.org\/ayuntamiento\/wp-json\/wp\/v2\/posts"}],"about":[{"href":"https:\/\/www.caudete.org\/ayuntamiento\/wp-json\/wp\/v2\/types\/post"}],"author":[{"embeddable":true,"href":"https:\/\/www.caudete.org\/ayuntamiento\/wp-json\/wp\/v2\/users\/1"}],"replies":[{"embeddable":true,"href":"https:\/\/www.caudete.org\/ayuntamiento\/wp-json\/wp\/v2\/comments?post=6701"}],"version-history":[{"count":2,"href":"https:\/\/www.caudete.org\/ayuntamiento\/wp-json\/wp\/v2\/posts\/6701\/revisions"}],"predecessor-version":[{"id":9733,"href":"https:\/\/www.caudete.org\/ayuntamiento\/wp-json\/wp\/v2\/posts\/6701\/revisions\/9733"}],"wp:featuredmedia":[{"embeddable":true,"href":"https:\/\/www.caudete.org\/ayuntamiento\/wp-json\/wp\/v2\/media\/6702"}],"wp:attachment":[{"href":"https:\/\/www.caudete.org\/ayuntamiento\/wp-json\/wp\/v2\/media?parent=6701"}],"wp:term":[{"taxonomy":"category","embeddable":true,"href":"https:\/\/www.caudete.org\/ayuntamiento\/wp-json\/wp\/v2\/categories?post=6701"},{"taxonomy":"post_tag","embeddable":true,"href":"https:\/\/www.caudete.org\/ayuntamiento\/wp-json\/wp\/v2\/tags?post=6701"}],"curies":[{"name":"wp","href":"https:\/\/api.w.org\/{rel}","templated":true}]}}