{"id":6704,"date":"2019-03-06T00:30:17","date_gmt":"2019-03-05T23:30:17","guid":{"rendered":"http:\/\/www.caudete.org\/ayuntamiento\/?p=6704"},"modified":"2020-12-15T13:46:41","modified_gmt":"2020-12-15T12:46:41","slug":"ayudas-de-la-direccion-general-de-turismo-comercio-y-artesania-destinadas-a-impulsar-la-modernizacion-mejora-y-promocion-del-comercio-minorista-en-castilla-la-mancha-para-2019","status":"publish","type":"post","link":"https:\/\/www.caudete.org\/ayuntamiento\/ayudas-de-la-direccion-general-de-turismo-comercio-y-artesania-destinadas-a-impulsar-la-modernizacion-mejora-y-promocion-del-comercio-minorista-en-castilla-la-mancha-para-2019\/","title":{"rendered":"Ayudas de la Direcci\u00f3n General de Turismo, Comercio y Artesan\u00eda destinadas a impulsar la modernizaci\u00f3n, mejora y promoci\u00f3n del comercio minorista en Castilla-La Mancha para 2019"},"content":{"rendered":"<h5 style=\"text-align: justify;\">Plazo presentaci\u00f3n solicitudes: Desde el d\u00eda 24 de abril de 2019 hasta el d\u00eda 23 de mayo de 2019.<\/h5>\n<p style=\"text-align: justify;\"><span style=\"color: #000000;\"><span style=\"font-family: Verdana, Geneva, Arial, Helvetica, sans-serif;\">La finalidad<\/span><\/span><span style=\"color: #000000;\"><span style=\"font-family: Verdana, Geneva, Arial, Helvetica, sans-serif;\">de la convocatoria es <\/span><\/span><span style=\"color: #000000;\"><span style=\"font-family: Verdana, Geneva, Arial, Helvetica, sans-serif;\">p<\/span><\/span><span style=\"color: #000000;\"><span style=\"font-family: Verdana, Geneva, Arial, Helvetica, sans-serif;\">otenciar la actividad comercial minorista de nuestra regi\u00f3n, consolidar el tejido empresarial existente, estimular el empleo en el sector e incrementar su competitividad y rentabilidad. <\/span><\/span><\/p>\n<p style=\"text-align: justify;\"><span style=\"color: #000000;\"><span style=\"font-family: Verdana, Geneva, Arial, Helvetica, sans-serif;\"><b>Beneficiarios<\/b><\/span><\/span><span style=\"color: #000000;\"><span style=\"font-family: Verdana, Geneva, Arial, Helvetica, sans-serif;\">: <\/span><\/span><\/p>\n<p style=\"text-align: justify;\"><span style=\"color: #000000;\"><span style=\"font-family: Verdana, Geneva, Arial, Helvetica, sans-serif;\"><b>a)<\/b><b>En la l\u00ednea para la modernizaci\u00f3n y mejora del comercio minorista<\/b>: las personas f\u00edsicas o jur\u00eddicas, incluidas las comunidades de bienes o cualquier otro tipo de unidad econ\u00f3mica o de entidad carente de personalidad jur\u00eddica, que desarrollen una actividad comercial minorista incluida en alguno de los ep\u00edgrafes del Impuesto de Actividades Econ\u00f3micas recogidos en el anexo de la orden de bases reguladoras. <\/span><\/span><\/p>\n<p style=\"text-align: justify;\"><span style=\"color: #000000;\"><span style=\"font-family: Verdana, Geneva, Arial, Helvetica, sans-serif;\">Esta l\u00ednea tiene por objeto la incorporaci\u00f3n de nuevas tecnolog\u00edas al comercio minorista, destinadas a la mejora de la gesti\u00f3n empresarial, as\u00ed como el fomento de la presencia en internet a trav\u00e9s del comercio electr\u00f3nico, y apoyar al comerciante en la mejora de su imagen comercial, de manera que les produzcan un salto cualitativo y mejoren su competitividad. <\/span><\/span><\/p>\n<p style=\"text-align: justify;\"><span style=\"color: #000000;\"><span style=\"font-family: Verdana, Geneva, Arial, Helvetica, sans-serif;\"><b>b)<\/b><b>En la l\u00ednea para la promoci\u00f3n del comercio minorista<\/b>: las asociaciones de comerciantes cuyos asociados sean personas f\u00edsicas o jur\u00eddicas, incluidas las comunidades de bienes o cualquier otro tipo de unidad econ\u00f3mica o de entidad carente de personalidad jur\u00eddica, que desarrollen una actividad comercial minorista incluida en alguno de los ep\u00edgrafes del Impuesto de Actividades Econ\u00f3micas recogidos en el anexo de la orden de bases reguladoras. <\/span><\/span><\/p>\n<p style=\"text-align: justify;\"><span style=\"color: #000000;\"><span style=\"font-family: Verdana, Geneva, Arial, Helvetica, sans-serif;\">Esta l\u00ednea tiene por objeto incentivar a las asociaciones de comerciantes para coordinar las diversas actividades conjuntas de los establecimientos comerciales minoristas, con la finalidad de que \u00e9stos ofrezcan a los ciudadanos una oferta comercial continuada, plural, especializada y competitiva. <\/span><\/span><\/p>\n<p style=\"text-align: justify;\"><span style=\"color: #000000;\"><span style=\"font-family: Verdana, Geneva, Arial, Helvetica, sans-serif;\"><b>Requisitos: <\/b><\/span><\/span><\/p>\n<p style=\"text-align: justify;\"><span style=\"color: #000000;\"><span style=\"font-family: Verdana, Geneva, Arial, Helvetica, sans-serif;\"><b>a)<\/b>Que se realicen dentro del territorio de la Comunidad Aut\u00f3noma de Castilla-La Mancha. <\/span><\/span><\/p>\n<p style=\"text-align: justify;\"><span style=\"color: #000000;\"><span style=\"font-family: Verdana, Geneva, Arial, Helvetica, sans-serif;\"><b>b)<\/b>Que no se hayan iniciado con anterioridad a la fecha de presentaci\u00f3n de la solicitud. Se considerar\u00e1n iniciadas las actuaciones cuando exista cualquier compromiso en firme de adquisici\u00f3n de bienes o prestaci\u00f3n de servicios que afecte al proyecto, o cuando se emitan facturas o se realicen pagos. <\/span><\/span><\/p>\n<p style=\"text-align: justify;\"><span style=\"color: #000000;\"><span style=\"font-family: Verdana, Geneva, Arial, Helvetica, sans-serif;\"><b>c) <\/b>Que el importe total de inversi\u00f3n subvencionable, IVA excluido, no sea inferior a 1.000 euros ni superior a 5.000 euros. <\/span><\/span><\/p>\n<p style=\"text-align: justify;\"><span style=\"color: #000000;\"><span style=\"font-family: Verdana, Geneva, Arial, Helvetica, sans-serif;\"><b>C<\/b><\/span><\/span><span style=\"color: #000000;\"><span style=\"font-family: Verdana, Geneva, Arial, Helvetica, sans-serif;\"><b>uant\u00eda:<\/b><\/span><\/span><span style=\"color: #000000;\"><span style=\"font-family: Verdana, Geneva, Arial, Helvetica, sans-serif;\">La cuant\u00eda de la subvenci\u00f3n que podr\u00e1 concederse para ambas l\u00edneas no podr\u00e1 superar el 70% del gasto que se considere subvencionable. <\/span><\/span><\/p>\n<p style=\"text-align: justify;\"><span style=\"color: #000000;\"><span style=\"font-family: Verdana, Geneva, Arial, Helvetica, sans-serif;\"><b>Gastos subvencionables:<\/b><\/span><\/span><span style=\"color: #000000;\"><span style=\"font-family: Verdana, Geneva, Arial, Helvetica, sans-serif;\">Se consideran gastos subvencionables los costes reales, efectivamente realizados, que se adquieran a terceros en condiciones normales de mercado, respondan de manera indubitada a la naturaleza de la actuaci\u00f3n subvencionada y se realicen, adquieran y paguen, en todo caso, dentro del periodo comprendido entre la fecha de presentaci\u00f3n de la solicitud y el \u00faltimo d\u00eda del plazo de ejecuci\u00f3n determinado en la resoluci\u00f3n individual de concesi\u00f3n. <\/span><\/span><\/p>\n<p style=\"text-align: justify;\"><span style=\"color: #000000;\"><span style=\"font-family: Verdana, Geneva, Arial, Helvetica, sans-serif;\"><b>Actuaciones subvencionables:<\/b><\/span><\/span><\/p>\n<p style=\"text-align: justify;\"><span style=\"color: #000000;\"><span style=\"font-family: Verdana, Geneva, Arial, Helvetica, sans-serif;\"><b>&#8211; En la l\u00ednea para la modernizaci\u00f3n y mejora del comercio minorista<\/b><\/span><\/span><\/p>\n<p style=\"text-align: justify;\"><span style=\"color: #000000;\"><span style=\"font-family: Verdana, Geneva, Arial, Helvetica, sans-serif;\">a) Obras de renovaci\u00f3n, ampliaci\u00f3n o acondicionamiento del establecimiento comercial. <\/span><\/span><\/p>\n<p style=\"text-align: justify;\"><span style=\"color: #000000;\"><span style=\"font-family: Verdana, Geneva, Arial, Helvetica, sans-serif;\">b) Inversiones en iluminaci\u00f3n, decoraci\u00f3n, pintura, escaparates, fachadas, o la eliminaci\u00f3n de barreras arquitect\u00f3nicas para facilitar el acceso de personas con movilidad reducida y las obras imprescindibles para estas actuaciones. <\/span><\/span><\/p>\n<p style=\"text-align: justify;\"><span style=\"color: #000000;\"><span style=\"font-family: Verdana, Geneva, Arial, Helvetica, sans-serif;\">c) Adquisici\u00f3n del equipamiento comercial espec\u00edfico y los bienes muebles especializados necesarios para el ejercicio de la venta, as\u00ed como aquellos necesarios para el ahorro energ\u00e9tico y para garantizar la seguridad de los establecimientos.<\/span><\/span><\/p>\n<p style=\"text-align: justify;\"><span style=\"color: #000000;\"><span style=\"font-family: Verdana, Geneva, Arial, Helvetica, sans-serif;\">d) Adquisici\u00f3n, instalaci\u00f3n y montaje de equipamiento inform\u00e1tico y\/o tecnol\u00f3gico espec\u00edfico para la gesti\u00f3n empresarial, incluida la inversi\u00f3n en terminales de puntos de venta, balanzas electr\u00f3nicas y similares.<\/span><\/span><\/p>\n<p style=\"text-align: justify;\"><span style=\"color: #000000;\"><span style=\"font-family: Verdana, Geneva, Arial, Helvetica, sans-serif;\">e) Adquisici\u00f3n e implantaci\u00f3n de software espec\u00edfico directamente relacionado con el desarrollo de la actividad empresarial. <\/span><\/span><\/p>\n<p style=\"text-align: justify;\"><span style=\"color: #000000;\"><span style=\"font-family: Verdana, Geneva, Arial, Helvetica, sans-serif;\">f) Desarrollo e implantaci\u00f3n de una p\u00e1gina web de comercio electr\u00f3nico (e-commerce). <\/span><\/span><\/p>\n<p style=\"text-align: justify;\"><span style=\"color: #000000;\"><span style=\"font-family: Verdana, Geneva, Arial, Helvetica, sans-serif;\">g) Elaboraci\u00f3n de un manual de identidad corporativa. <\/span><\/span><\/p>\n<p style=\"text-align: justify;\"><span style=\"color: #000000;\"><span style=\"font-family: Verdana, Geneva, Arial, Helvetica, sans-serif;\"><b>&#8211; <\/b><b>En la l\u00ednea para la promoci\u00f3n del comercio minorista<\/b>:<\/span><\/span><\/p>\n<p style=\"text-align: justify;\"><span style=\"color: #000000;\"><span style=\"font-family: Verdana, Geneva, Arial, Helvetica, sans-serif;\">a) Acciones de animaci\u00f3n comercial, publicidad, promoci\u00f3n de ventas y escaparatismo. <\/span><\/span><\/p>\n<p style=\"text-align: justify;\"><span style=\"color: #000000;\"><span style=\"font-family: Verdana, Geneva, Arial, Helvetica, sans-serif;\">b) Adquisici\u00f3n e instalaci\u00f3n de proyectos globales de sistemas de entoldado o microclima. c) Puesta en marcha de programas de fidelizaci\u00f3n u otros proyectos funcionales de car\u00e1cter colectivo cuya finalidad sea aumentar las ventas, atraer a nuevos consumidores y satisfacer la clientela. <\/span><\/span><\/p>\n<p style=\"text-align: justify;\"><span style=\"color: #000000;\"><span style=\"font-family: Verdana, Geneva, Arial, Helvetica, sans-serif;\">d) Instalaci\u00f3n de una zona Wifi gratuita de acceso controlado en su \u00e1mbito f\u00edsico de ubicaci\u00f3n, tanto para uso interno de las pymes comerciales como para uso de sus clientes. e) Desarrollo e implantaci\u00f3n de una p\u00e1gina web corporativa y\/o de comercio electr\u00f3nico (e-commerce).<\/span><\/span><\/p>\n<p style=\"text-align: justify;\"><span style=\"color: #000000;\"><span style=\"font-family: Verdana, Geneva, Arial, Helvetica, sans-serif;\">f) Adquisici\u00f3n, instalaci\u00f3n y montaje de equipamiento inform\u00e1tico y\/o tecnol\u00f3gico necesario para el funcionamiento de la asociaci\u00f3n. <\/span><\/span><\/p>\n<p style=\"text-align: justify;\"><span style=\"color: #000000;\"><span style=\"font-family: Verdana, Geneva, Arial, Helvetica, sans-serif;\">g) Adquisici\u00f3n e implantaci\u00f3n de software espec\u00edfico directamente relacionado con el funcionamiento de la asociaci\u00f3n. <\/span><\/span><\/p>\n<p style=\"text-align: justify;\"><strong><span style=\"color: #000000;\"><span style=\"font-family: Verdana, Geneva, Arial, Helvetica, sans-serif;\">Lugar de presentaci\u00f3n <\/span><\/span><\/strong><strong><span style=\"color: #000000;\"><span style=\"font-family: Verdana, Geneva, Arial, Helvetica, sans-serif;\">de solicitudes<\/span><\/span><\/strong><strong><span style=\"color: #000000;\"><span style=\"font-family: Verdana, Geneva, Arial, Helvetica, sans-serif;\">: <\/span><\/span><\/strong><\/p>\n<p style=\"text-align: justify;\"><strong><span style=\"color: #000000;\"><span style=\"font-family: Verdana, Geneva, Arial, Helvetica, sans-serif;\">Las solicitudes se presentar\u00e1n ante la Direcci\u00f3n General de Turismo, Comercio y Artesan\u00eda, de forma telem\u00e1tica con firma electr\u00f3nica, a trav\u00e9s del formulario normalizado que figura como Anexo I <\/span><\/span><\/strong><strong><span style=\"color: #000000;\"><span style=\"font-family: Verdana, Geneva, Arial, Helvetica, sans-serif;\">de<\/span><\/span><\/strong><strong><span style=\"color: #000000;\"><span style=\"font-family: Verdana, Geneva, Arial, Helvetica, sans-serif;\">la Resoluci\u00f3n de 11\/04\/2019<\/span><\/span><\/strong><strong><span style=\"color: #000000;\"><span style=\"font-family: Verdana, Geneva, Arial, Helvetica, sans-serif;\">, incluido en la sede electr\u00f3nica de la Administraci\u00f3n de la Junta de Comunidades de Castilla- La Mancha (https:\/\/www.jccm.es). <\/span><\/span><\/strong><\/p>\n<p style=\"text-align: justify;\"><b><strong><span style=\"color: #000000;\"><span style=\"font-family: Verdana, Geneva, Arial, Helvetica, sans-serif;\">Para m\u00e1s informaci\u00f3n: <\/span><\/span><\/strong><\/b><\/p>\n<p style=\"text-align: justify;\"><strong><span style=\"color: #000000;\"><span style=\"font-family: Verdana, Geneva, Arial, Helvetica, sans-serif;\">En <\/span><\/span><\/strong><strong><span style=\"color: #000000;\"><span style=\"font-family: Verdana, Geneva, Arial, Helvetica, sans-serif;\"><b>https:\/\/www.jccm.es\/tramitesygestiones\/ayudas-destinadas-impulsar-la-modernizacion-mejora-y-promocion-del-comercio<\/b><\/span><\/span><\/strong><strong><span style=\"color: #000000;\"><span style=\"font-family: Verdana, Geneva, Arial, Helvetica, sans-serif;\">o <\/span><\/span><\/strong><strong><span style=\"color: #000000;\"><span style=\"font-family: Verdana, Geneva, Arial, Helvetica, sans-serif;\">en <\/span><\/span><\/strong><strong><a href=\"https:\/\/docm.jccm.es\/portaldocm\/descargarArchivo.do?ruta=2019\/04\/23\/pdf\/2019_3941.pdf&amp;tipo=rutaDocm\" target=\"_blank\" rel=\"noopener noreferrer nofollow\">https:\/\/docm.jccm.es\/portaldocm\/descargarArchivo.do?ruta=2019\/04\/23\/pdf\/2019_3941.pdf&amp;tipo=rutaDocm<\/a><\/strong><strong><span style=\"color: #000000;\"><span style=\"font-family: Verdana, Geneva, Arial, Helvetica, sans-serif;\">o <\/span><\/span><\/strong><strong><span style=\"color: #000000;\"><span style=\"font-family: Verdana, Geneva, Arial, Helvetica, sans-serif;\">llamando a l<\/span><\/span><\/strong><strong><span style=\"color: #000000;\"><span style=\"font-family: Verdana, Geneva, Arial, Helvetica, sans-serif;\">os <\/span><\/span><\/strong><strong><span style=\"color: #000000;\"><span style=\"font-family: Verdana, Geneva, Arial, Helvetica, sans-serif;\">tel\u00e9fono<\/span><\/span><\/strong><strong><span style=\"color: #000000;\"><span style=\"font-family: Verdana, Geneva, Arial, Helvetica, sans-serif;\">s<\/span><\/span><\/strong><strong><span style=\"color: #000000;\"><span style=\"font-family: Verdana, Geneva, Arial, Helvetica, sans-serif;\">925265691-925286380.<\/span><\/span><\/strong><\/p>\n<p style=\"text-align: justify;\"><strong><span style=\"color: #000000;\"><span style=\"font-family: Verdana, Geneva, Arial, Helvetica, sans-serif;\">E<\/span><\/span><\/strong><strong><span style=\"color: #000000;\"><span style=\"font-family: Verdana, Geneva, Arial, Helvetica, sans-serif;\">n caso necesario, en<\/span><\/span><\/strong><b><\/b><span style=\"color: #000000;\"><span style=\"font-family: Verdana, Geneva, Arial, Helvetica, sans-serif;\">Oficina de la Agencia de Desarrollo Local de Caudete, <\/span><\/span><span style=\"color: #000000;\"><span style=\"font-family: Verdana, Geneva, Arial, Helvetica, sans-serif;\">t<\/span><\/span><span style=\"color: #000000;\"><span style=\"font-family: Verdana, Geneva, Arial, Helvetica, sans-serif;\">el. 965827000 Ext. 306, desarrollo@caudete.org<\/span><\/span><\/p>\n","protected":false},"excerpt":{"rendered":"<p>Plazo presentaci\u00f3n solicitudes: Desde el d\u00eda 24 de abril de 2019 hasta el d\u00eda 23 de mayo de 2019. La finalidadde la convocatoria es potenciar la actividad comercial minorista de nuestra regi\u00f3n, consolidar el tejido empresarial existente, estimular el empleo en el sector e incrementar su competitividad y rentabilidad. Beneficiarios: a)En la l\u00ednea para la &hellip;<\/p>\n","protected":false},"author":1,"featured_media":6705,"comment_status":"closed","ping_status":"open","sticky":false,"template":"","format":"standard","meta":{"ngg_post_thumbnail":0,"footnotes":""},"categories":[90],"tags":[],"class_list":["post-6704","post","type-post","status-publish","format-standard","has-post-thumbnail","hentry","category-tablon-informativo-desarrollo-local"],"yoast_head":"<!-- This site is optimized with the Yoast SEO plugin v27.5 - https:\/\/yoast.com\/product\/yoast-seo-wordpress\/ -->\n<title>Ayudas de la Direcci\u00f3n General de Turismo, Comercio y Artesan\u00eda destinadas a impulsar la modernizaci\u00f3n, mejora y promoci\u00f3n del comercio minorista en Castilla-La Mancha para 2019 - MI Ayuntamiento de Caudete<\/title>\n<meta name=\"description\" content=\"P\u00e1gina Oficial del Ayuntamiento de Caudete (Albacete)\" \/>\n<meta name=\"robots\" content=\"index, follow, max-snippet:-1, max-image-preview:large, max-video-preview:-1\" \/>\n<link rel=\"canonical\" href=\"https:\/\/www.caudete.org\/ayuntamiento\/ayudas-de-la-direccion-general-de-turismo-comercio-y-artesania-destinadas-a-impulsar-la-modernizacion-mejora-y-promocion-del-comercio-minorista-en-castilla-la-mancha-para-2019\/\" \/>\n<meta property=\"og:locale\" content=\"es_ES\" \/>\n<meta property=\"og:type\" content=\"article\" \/>\n<meta property=\"og:title\" content=\"Ayudas de la Direcci\u00f3n General de Turismo, Comercio y Artesan\u00eda destinadas a impulsar la modernizaci\u00f3n, mejora y promoci\u00f3n del comercio minorista en Castilla-La Mancha para 2019 - MI Ayuntamiento de Caudete\" \/>\n<meta property=\"og:description\" content=\"P\u00e1gina Oficial del Ayuntamiento de Caudete (Albacete)\" \/>\n<meta property=\"og:url\" content=\"https:\/\/www.caudete.org\/ayuntamiento\/ayudas-de-la-direccion-general-de-turismo-comercio-y-artesania-destinadas-a-impulsar-la-modernizacion-mejora-y-promocion-del-comercio-minorista-en-castilla-la-mancha-para-2019\/\" \/>\n<meta property=\"og:site_name\" content=\"MI Ayuntamiento de Caudete\" \/>\n<meta property=\"article:publisher\" content=\"https:\/\/www.facebook.com\/ayuntamientocaudete\/\" \/>\n<meta property=\"article:published_time\" content=\"2019-03-05T23:30:17+00:00\" \/>\n<meta property=\"article:modified_time\" content=\"2020-12-15T12:46:41+00:00\" \/>\n<meta property=\"og:image\" content=\"https:\/\/www.caudete.org\/ayuntamiento\/wp-content\/uploads\/2020\/12\/ayumino.jpg\" \/>\n\t<meta property=\"og:image:width\" content=\"770\" \/>\n\t<meta property=\"og:image:height\" content=\"513\" \/>\n\t<meta property=\"og:image:type\" content=\"image\/jpeg\" \/>\n<meta name=\"author\" content=\"ayun\" \/>\n<meta name=\"twitter:card\" content=\"summary_large_image\" \/>\n<meta name=\"twitter:label1\" content=\"Escrito por\" \/>\n\t<meta name=\"twitter:data1\" content=\"ayun\" \/>\n\t<meta name=\"twitter:label2\" content=\"Tiempo de lectura\" \/>\n\t<meta name=\"twitter:data2\" content=\"5 minutos\" \/>\n<script type=\"application\/ld+json\" class=\"yoast-schema-graph\">{\"@context\":\"https:\\\/\\\/schema.org\",\"@graph\":[{\"@type\":\"Article\",\"@id\":\"https:\\\/\\\/www.caudete.org\\\/ayuntamiento\\\/ayudas-de-la-direccion-general-de-turismo-comercio-y-artesania-destinadas-a-impulsar-la-modernizacion-mejora-y-promocion-del-comercio-minorista-en-castilla-la-mancha-para-2019\\\/#article\",\"isPartOf\":{\"@id\":\"https:\\\/\\\/www.caudete.org\\\/ayuntamiento\\\/ayudas-de-la-direccion-general-de-turismo-comercio-y-artesania-destinadas-a-impulsar-la-modernizacion-mejora-y-promocion-del-comercio-minorista-en-castilla-la-mancha-para-2019\\\/\"},\"author\":{\"name\":\"ayun\",\"@id\":\"https:\\\/\\\/www.caudete.org\\\/ayuntamiento\\\/#\\\/schema\\\/person\\\/79f7e19fdd176fc2bc7a289013dc2056\"},\"headline\":\"Ayudas de la Direcci\u00f3n General de Turismo, Comercio y Artesan\u00eda destinadas a impulsar la modernizaci\u00f3n, mejora y promoci\u00f3n del comercio minorista en Castilla-La Mancha para 2019\",\"datePublished\":\"2019-03-05T23:30:17+00:00\",\"dateModified\":\"2020-12-15T12:46:41+00:00\",\"mainEntityOfPage\":{\"@id\":\"https:\\\/\\\/www.caudete.org\\\/ayuntamiento\\\/ayudas-de-la-direccion-general-de-turismo-comercio-y-artesania-destinadas-a-impulsar-la-modernizacion-mejora-y-promocion-del-comercio-minorista-en-castilla-la-mancha-para-2019\\\/\"},\"wordCount\":989,\"publisher\":{\"@id\":\"https:\\\/\\\/www.caudete.org\\\/ayuntamiento\\\/#organization\"},\"image\":{\"@id\":\"https:\\\/\\\/www.caudete.org\\\/ayuntamiento\\\/ayudas-de-la-direccion-general-de-turismo-comercio-y-artesania-destinadas-a-impulsar-la-modernizacion-mejora-y-promocion-del-comercio-minorista-en-castilla-la-mancha-para-2019\\\/#primaryimage\"},\"thumbnailUrl\":\"https:\\\/\\\/www.caudete.org\\\/ayuntamiento\\\/wp-content\\\/uploads\\\/2020\\\/12\\\/ayumino.jpg\",\"articleSection\":[\"Tabl\u00f3n informativo (Desarrollo local)\"],\"inLanguage\":\"es\"},{\"@type\":\"WebPage\",\"@id\":\"https:\\\/\\\/www.caudete.org\\\/ayuntamiento\\\/ayudas-de-la-direccion-general-de-turismo-comercio-y-artesania-destinadas-a-impulsar-la-modernizacion-mejora-y-promocion-del-comercio-minorista-en-castilla-la-mancha-para-2019\\\/\",\"url\":\"https:\\\/\\\/www.caudete.org\\\/ayuntamiento\\\/ayudas-de-la-direccion-general-de-turismo-comercio-y-artesania-destinadas-a-impulsar-la-modernizacion-mejora-y-promocion-del-comercio-minorista-en-castilla-la-mancha-para-2019\\\/\",\"name\":\"Ayudas de la Direcci\u00f3n General de Turismo, Comercio y Artesan\u00eda destinadas a impulsar la modernizaci\u00f3n, mejora y promoci\u00f3n del comercio minorista en Castilla-La Mancha para 2019 - MI Ayuntamiento de Caudete\",\"isPartOf\":{\"@id\":\"https:\\\/\\\/www.caudete.org\\\/ayuntamiento\\\/#website\"},\"primaryImageOfPage\":{\"@id\":\"https:\\\/\\\/www.caudete.org\\\/ayuntamiento\\\/ayudas-de-la-direccion-general-de-turismo-comercio-y-artesania-destinadas-a-impulsar-la-modernizacion-mejora-y-promocion-del-comercio-minorista-en-castilla-la-mancha-para-2019\\\/#primaryimage\"},\"image\":{\"@id\":\"https:\\\/\\\/www.caudete.org\\\/ayuntamiento\\\/ayudas-de-la-direccion-general-de-turismo-comercio-y-artesania-destinadas-a-impulsar-la-modernizacion-mejora-y-promocion-del-comercio-minorista-en-castilla-la-mancha-para-2019\\\/#primaryimage\"},\"thumbnailUrl\":\"https:\\\/\\\/www.caudete.org\\\/ayuntamiento\\\/wp-content\\\/uploads\\\/2020\\\/12\\\/ayumino.jpg\",\"datePublished\":\"2019-03-05T23:30:17+00:00\",\"dateModified\":\"2020-12-15T12:46:41+00:00\",\"description\":\"P\u00e1gina Oficial del Ayuntamiento de Caudete (Albacete)\",\"breadcrumb\":{\"@id\":\"https:\\\/\\\/www.caudete.org\\\/ayuntamiento\\\/ayudas-de-la-direccion-general-de-turismo-comercio-y-artesania-destinadas-a-impulsar-la-modernizacion-mejora-y-promocion-del-comercio-minorista-en-castilla-la-mancha-para-2019\\\/#breadcrumb\"},\"inLanguage\":\"es\",\"potentialAction\":[{\"@type\":\"ReadAction\",\"target\":[\"https:\\\/\\\/www.caudete.org\\\/ayuntamiento\\\/ayudas-de-la-direccion-general-de-turismo-comercio-y-artesania-destinadas-a-impulsar-la-modernizacion-mejora-y-promocion-del-comercio-minorista-en-castilla-la-mancha-para-2019\\\/\"]}]},{\"@type\":\"ImageObject\",\"inLanguage\":\"es\",\"@id\":\"https:\\\/\\\/www.caudete.org\\\/ayuntamiento\\\/ayudas-de-la-direccion-general-de-turismo-comercio-y-artesania-destinadas-a-impulsar-la-modernizacion-mejora-y-promocion-del-comercio-minorista-en-castilla-la-mancha-para-2019\\\/#primaryimage\",\"url\":\"https:\\\/\\\/www.caudete.org\\\/ayuntamiento\\\/wp-content\\\/uploads\\\/2020\\\/12\\\/ayumino.jpg\",\"contentUrl\":\"https:\\\/\\\/www.caudete.org\\\/ayuntamiento\\\/wp-content\\\/uploads\\\/2020\\\/12\\\/ayumino.jpg\",\"width\":770,\"height\":513},{\"@type\":\"BreadcrumbList\",\"@id\":\"https:\\\/\\\/www.caudete.org\\\/ayuntamiento\\\/ayudas-de-la-direccion-general-de-turismo-comercio-y-artesania-destinadas-a-impulsar-la-modernizacion-mejora-y-promocion-del-comercio-minorista-en-castilla-la-mancha-para-2019\\\/#breadcrumb\",\"itemListElement\":[{\"@type\":\"ListItem\",\"position\":1,\"name\":\"Inicio\",\"item\":\"https:\\\/\\\/www.caudete.org\\\/ayuntamiento\\\/\"},{\"@type\":\"ListItem\",\"position\":2,\"name\":\"Ayudas de la Direcci\u00f3n General de Turismo, Comercio y Artesan\u00eda destinadas a impulsar la modernizaci\u00f3n, mejora y promoci\u00f3n del comercio minorista en Castilla-La Mancha para 2019\"}]},{\"@type\":\"WebSite\",\"@id\":\"https:\\\/\\\/www.caudete.org\\\/ayuntamiento\\\/#website\",\"url\":\"https:\\\/\\\/www.caudete.org\\\/ayuntamiento\\\/\",\"name\":\"MI Ayuntamiento de Caudete\",\"description\":\"P\u00e1gina Oficial del MI Ayuntamiento de Caudete\",\"publisher\":{\"@id\":\"https:\\\/\\\/www.caudete.org\\\/ayuntamiento\\\/#organization\"},\"potentialAction\":[{\"@type\":\"SearchAction\",\"target\":{\"@type\":\"EntryPoint\",\"urlTemplate\":\"https:\\\/\\\/www.caudete.org\\\/ayuntamiento\\\/?s={search_term_string}\"},\"query-input\":{\"@type\":\"PropertyValueSpecification\",\"valueRequired\":true,\"valueName\":\"search_term_string\"}}],\"inLanguage\":\"es\"},{\"@type\":\"Organization\",\"@id\":\"https:\\\/\\\/www.caudete.org\\\/ayuntamiento\\\/#organization\",\"name\":\"Ayuntamiento de Caudete\",\"url\":\"https:\\\/\\\/www.caudete.org\\\/ayuntamiento\\\/\",\"logo\":{\"@type\":\"ImageObject\",\"inLanguage\":\"es\",\"@id\":\"https:\\\/\\\/www.caudete.org\\\/ayuntamiento\\\/#\\\/schema\\\/logo\\\/image\\\/\",\"url\":\"https:\\\/\\\/www.caudete.org\\\/ayuntamiento\\\/wp-content\\\/uploads\\\/2020\\\/11\\\/logo_ayuntamiento_caudete.jpg\",\"contentUrl\":\"https:\\\/\\\/www.caudete.org\\\/ayuntamiento\\\/wp-content\\\/uploads\\\/2020\\\/11\\\/logo_ayuntamiento_caudete.jpg\",\"width\":600,\"height\":150,\"caption\":\"Ayuntamiento de Caudete\"},\"image\":{\"@id\":\"https:\\\/\\\/www.caudete.org\\\/ayuntamiento\\\/#\\\/schema\\\/logo\\\/image\\\/\"},\"sameAs\":[\"https:\\\/\\\/www.facebook.com\\\/ayuntamientocaudete\\\/\",\"https:\\\/\\\/www.youtube.com\\\/channel\\\/UC6VztHaooNsGpw-tNoBEFnQ\"]},{\"@type\":\"Person\",\"@id\":\"https:\\\/\\\/www.caudete.org\\\/ayuntamiento\\\/#\\\/schema\\\/person\\\/79f7e19fdd176fc2bc7a289013dc2056\",\"name\":\"ayun\",\"image\":{\"@type\":\"ImageObject\",\"inLanguage\":\"es\",\"@id\":\"https:\\\/\\\/secure.gravatar.com\\\/avatar\\\/4ce797ee07c943e7e592f8cd648e503e6cd571387558ed07135799c2bd2847df?s=96&d=mm&r=g\",\"url\":\"https:\\\/\\\/secure.gravatar.com\\\/avatar\\\/4ce797ee07c943e7e592f8cd648e503e6cd571387558ed07135799c2bd2847df?s=96&d=mm&r=g\",\"contentUrl\":\"https:\\\/\\\/secure.gravatar.com\\\/avatar\\\/4ce797ee07c943e7e592f8cd648e503e6cd571387558ed07135799c2bd2847df?s=96&d=mm&r=g\",\"caption\":\"ayun\"},\"sameAs\":[\"http:\\\/\\\/www.caudete.org\\\/ayuntamiento\"],\"url\":\"https:\\\/\\\/www.caudete.org\\\/ayuntamiento\\\/author\\\/ayun\\\/\"}]}<\/script>\n<!-- \/ Yoast SEO plugin. -->","yoast_head_json":{"title":"Ayudas de la Direcci\u00f3n General de Turismo, Comercio y Artesan\u00eda destinadas a impulsar la modernizaci\u00f3n, mejora y promoci\u00f3n del comercio minorista en Castilla-La Mancha para 2019 - MI Ayuntamiento de Caudete","description":"P\u00e1gina Oficial del Ayuntamiento de Caudete (Albacete)","robots":{"index":"index","follow":"follow","max-snippet":"max-snippet:-1","max-image-preview":"max-image-preview:large","max-video-preview":"max-video-preview:-1"},"canonical":"https:\/\/www.caudete.org\/ayuntamiento\/ayudas-de-la-direccion-general-de-turismo-comercio-y-artesania-destinadas-a-impulsar-la-modernizacion-mejora-y-promocion-del-comercio-minorista-en-castilla-la-mancha-para-2019\/","og_locale":"es_ES","og_type":"article","og_title":"Ayudas de la Direcci\u00f3n General de Turismo, Comercio y Artesan\u00eda destinadas a impulsar la modernizaci\u00f3n, mejora y promoci\u00f3n del comercio minorista en Castilla-La Mancha para 2019 - MI Ayuntamiento de Caudete","og_description":"P\u00e1gina Oficial del Ayuntamiento de Caudete (Albacete)","og_url":"https:\/\/www.caudete.org\/ayuntamiento\/ayudas-de-la-direccion-general-de-turismo-comercio-y-artesania-destinadas-a-impulsar-la-modernizacion-mejora-y-promocion-del-comercio-minorista-en-castilla-la-mancha-para-2019\/","og_site_name":"MI Ayuntamiento de Caudete","article_publisher":"https:\/\/www.facebook.com\/ayuntamientocaudete\/","article_published_time":"2019-03-05T23:30:17+00:00","article_modified_time":"2020-12-15T12:46:41+00:00","og_image":[{"width":770,"height":513,"url":"https:\/\/www.caudete.org\/ayuntamiento\/wp-content\/uploads\/2020\/12\/ayumino.jpg","type":"image\/jpeg"}],"author":"ayun","twitter_card":"summary_large_image","twitter_misc":{"Escrito por":"ayun","Tiempo de lectura":"5 minutos"},"schema":{"@context":"https:\/\/schema.org","@graph":[{"@type":"Article","@id":"https:\/\/www.caudete.org\/ayuntamiento\/ayudas-de-la-direccion-general-de-turismo-comercio-y-artesania-destinadas-a-impulsar-la-modernizacion-mejora-y-promocion-del-comercio-minorista-en-castilla-la-mancha-para-2019\/#article","isPartOf":{"@id":"https:\/\/www.caudete.org\/ayuntamiento\/ayudas-de-la-direccion-general-de-turismo-comercio-y-artesania-destinadas-a-impulsar-la-modernizacion-mejora-y-promocion-del-comercio-minorista-en-castilla-la-mancha-para-2019\/"},"author":{"name":"ayun","@id":"https:\/\/www.caudete.org\/ayuntamiento\/#\/schema\/person\/79f7e19fdd176fc2bc7a289013dc2056"},"headline":"Ayudas de la Direcci\u00f3n General de Turismo, Comercio y Artesan\u00eda destinadas a impulsar la modernizaci\u00f3n, mejora y promoci\u00f3n del comercio minorista en Castilla-La Mancha para 2019","datePublished":"2019-03-05T23:30:17+00:00","dateModified":"2020-12-15T12:46:41+00:00","mainEntityOfPage":{"@id":"https:\/\/www.caudete.org\/ayuntamiento\/ayudas-de-la-direccion-general-de-turismo-comercio-y-artesania-destinadas-a-impulsar-la-modernizacion-mejora-y-promocion-del-comercio-minorista-en-castilla-la-mancha-para-2019\/"},"wordCount":989,"publisher":{"@id":"https:\/\/www.caudete.org\/ayuntamiento\/#organization"},"image":{"@id":"https:\/\/www.caudete.org\/ayuntamiento\/ayudas-de-la-direccion-general-de-turismo-comercio-y-artesania-destinadas-a-impulsar-la-modernizacion-mejora-y-promocion-del-comercio-minorista-en-castilla-la-mancha-para-2019\/#primaryimage"},"thumbnailUrl":"https:\/\/www.caudete.org\/ayuntamiento\/wp-content\/uploads\/2020\/12\/ayumino.jpg","articleSection":["Tabl\u00f3n informativo (Desarrollo local)"],"inLanguage":"es"},{"@type":"WebPage","@id":"https:\/\/www.caudete.org\/ayuntamiento\/ayudas-de-la-direccion-general-de-turismo-comercio-y-artesania-destinadas-a-impulsar-la-modernizacion-mejora-y-promocion-del-comercio-minorista-en-castilla-la-mancha-para-2019\/","url":"https:\/\/www.caudete.org\/ayuntamiento\/ayudas-de-la-direccion-general-de-turismo-comercio-y-artesania-destinadas-a-impulsar-la-modernizacion-mejora-y-promocion-del-comercio-minorista-en-castilla-la-mancha-para-2019\/","name":"Ayudas de la Direcci\u00f3n General de Turismo, Comercio y Artesan\u00eda destinadas a impulsar la modernizaci\u00f3n, mejora y promoci\u00f3n del comercio minorista en Castilla-La Mancha para 2019 - MI Ayuntamiento de Caudete","isPartOf":{"@id":"https:\/\/www.caudete.org\/ayuntamiento\/#website"},"primaryImageOfPage":{"@id":"https:\/\/www.caudete.org\/ayuntamiento\/ayudas-de-la-direccion-general-de-turismo-comercio-y-artesania-destinadas-a-impulsar-la-modernizacion-mejora-y-promocion-del-comercio-minorista-en-castilla-la-mancha-para-2019\/#primaryimage"},"image":{"@id":"https:\/\/www.caudete.org\/ayuntamiento\/ayudas-de-la-direccion-general-de-turismo-comercio-y-artesania-destinadas-a-impulsar-la-modernizacion-mejora-y-promocion-del-comercio-minorista-en-castilla-la-mancha-para-2019\/#primaryimage"},"thumbnailUrl":"https:\/\/www.caudete.org\/ayuntamiento\/wp-content\/uploads\/2020\/12\/ayumino.jpg","datePublished":"2019-03-05T23:30:17+00:00","dateModified":"2020-12-15T12:46:41+00:00","description":"P\u00e1gina Oficial del Ayuntamiento de Caudete (Albacete)","breadcrumb":{"@id":"https:\/\/www.caudete.org\/ayuntamiento\/ayudas-de-la-direccion-general-de-turismo-comercio-y-artesania-destinadas-a-impulsar-la-modernizacion-mejora-y-promocion-del-comercio-minorista-en-castilla-la-mancha-para-2019\/#breadcrumb"},"inLanguage":"es","potentialAction":[{"@type":"ReadAction","target":["https:\/\/www.caudete.org\/ayuntamiento\/ayudas-de-la-direccion-general-de-turismo-comercio-y-artesania-destinadas-a-impulsar-la-modernizacion-mejora-y-promocion-del-comercio-minorista-en-castilla-la-mancha-para-2019\/"]}]},{"@type":"ImageObject","inLanguage":"es","@id":"https:\/\/www.caudete.org\/ayuntamiento\/ayudas-de-la-direccion-general-de-turismo-comercio-y-artesania-destinadas-a-impulsar-la-modernizacion-mejora-y-promocion-del-comercio-minorista-en-castilla-la-mancha-para-2019\/#primaryimage","url":"https:\/\/www.caudete.org\/ayuntamiento\/wp-content\/uploads\/2020\/12\/ayumino.jpg","contentUrl":"https:\/\/www.caudete.org\/ayuntamiento\/wp-content\/uploads\/2020\/12\/ayumino.jpg","width":770,"height":513},{"@type":"BreadcrumbList","@id":"https:\/\/www.caudete.org\/ayuntamiento\/ayudas-de-la-direccion-general-de-turismo-comercio-y-artesania-destinadas-a-impulsar-la-modernizacion-mejora-y-promocion-del-comercio-minorista-en-castilla-la-mancha-para-2019\/#breadcrumb","itemListElement":[{"@type":"ListItem","position":1,"name":"Inicio","item":"https:\/\/www.caudete.org\/ayuntamiento\/"},{"@type":"ListItem","position":2,"name":"Ayudas de la Direcci\u00f3n General de Turismo, Comercio y Artesan\u00eda destinadas a impulsar la modernizaci\u00f3n, mejora y promoci\u00f3n del comercio minorista en Castilla-La Mancha para 2019"}]},{"@type":"WebSite","@id":"https:\/\/www.caudete.org\/ayuntamiento\/#website","url":"https:\/\/www.caudete.org\/ayuntamiento\/","name":"MI Ayuntamiento de Caudete","description":"P\u00e1gina Oficial del MI Ayuntamiento de Caudete","publisher":{"@id":"https:\/\/www.caudete.org\/ayuntamiento\/#organization"},"potentialAction":[{"@type":"SearchAction","target":{"@type":"EntryPoint","urlTemplate":"https:\/\/www.caudete.org\/ayuntamiento\/?s={search_term_string}"},"query-input":{"@type":"PropertyValueSpecification","valueRequired":true,"valueName":"search_term_string"}}],"inLanguage":"es"},{"@type":"Organization","@id":"https:\/\/www.caudete.org\/ayuntamiento\/#organization","name":"Ayuntamiento de Caudete","url":"https:\/\/www.caudete.org\/ayuntamiento\/","logo":{"@type":"ImageObject","inLanguage":"es","@id":"https:\/\/www.caudete.org\/ayuntamiento\/#\/schema\/logo\/image\/","url":"https:\/\/www.caudete.org\/ayuntamiento\/wp-content\/uploads\/2020\/11\/logo_ayuntamiento_caudete.jpg","contentUrl":"https:\/\/www.caudete.org\/ayuntamiento\/wp-content\/uploads\/2020\/11\/logo_ayuntamiento_caudete.jpg","width":600,"height":150,"caption":"Ayuntamiento de Caudete"},"image":{"@id":"https:\/\/www.caudete.org\/ayuntamiento\/#\/schema\/logo\/image\/"},"sameAs":["https:\/\/www.facebook.com\/ayuntamientocaudete\/","https:\/\/www.youtube.com\/channel\/UC6VztHaooNsGpw-tNoBEFnQ"]},{"@type":"Person","@id":"https:\/\/www.caudete.org\/ayuntamiento\/#\/schema\/person\/79f7e19fdd176fc2bc7a289013dc2056","name":"ayun","image":{"@type":"ImageObject","inLanguage":"es","@id":"https:\/\/secure.gravatar.com\/avatar\/4ce797ee07c943e7e592f8cd648e503e6cd571387558ed07135799c2bd2847df?s=96&d=mm&r=g","url":"https:\/\/secure.gravatar.com\/avatar\/4ce797ee07c943e7e592f8cd648e503e6cd571387558ed07135799c2bd2847df?s=96&d=mm&r=g","contentUrl":"https:\/\/secure.gravatar.com\/avatar\/4ce797ee07c943e7e592f8cd648e503e6cd571387558ed07135799c2bd2847df?s=96&d=mm&r=g","caption":"ayun"},"sameAs":["http:\/\/www.caudete.org\/ayuntamiento"],"url":"https:\/\/www.caudete.org\/ayuntamiento\/author\/ayun\/"}]}},"_links":{"self":[{"href":"https:\/\/www.caudete.org\/ayuntamiento\/wp-json\/wp\/v2\/posts\/6704","targetHints":{"allow":["GET"]}}],"collection":[{"href":"https:\/\/www.caudete.org\/ayuntamiento\/wp-json\/wp\/v2\/posts"}],"about":[{"href":"https:\/\/www.caudete.org\/ayuntamiento\/wp-json\/wp\/v2\/types\/post"}],"author":[{"embeddable":true,"href":"https:\/\/www.caudete.org\/ayuntamiento\/wp-json\/wp\/v2\/users\/1"}],"replies":[{"embeddable":true,"href":"https:\/\/www.caudete.org\/ayuntamiento\/wp-json\/wp\/v2\/comments?post=6704"}],"version-history":[{"count":4,"href":"https:\/\/www.caudete.org\/ayuntamiento\/wp-json\/wp\/v2\/posts\/6704\/revisions"}],"predecessor-version":[{"id":9732,"href":"https:\/\/www.caudete.org\/ayuntamiento\/wp-json\/wp\/v2\/posts\/6704\/revisions\/9732"}],"wp:featuredmedia":[{"embeddable":true,"href":"https:\/\/www.caudete.org\/ayuntamiento\/wp-json\/wp\/v2\/media\/6705"}],"wp:attachment":[{"href":"https:\/\/www.caudete.org\/ayuntamiento\/wp-json\/wp\/v2\/media?parent=6704"}],"wp:term":[{"taxonomy":"category","embeddable":true,"href":"https:\/\/www.caudete.org\/ayuntamiento\/wp-json\/wp\/v2\/categories?post=6704"},{"taxonomy":"post_tag","embeddable":true,"href":"https:\/\/www.caudete.org\/ayuntamiento\/wp-json\/wp\/v2\/tags?post=6704"}],"curies":[{"name":"wp","href":"https:\/\/api.w.org\/{rel}","templated":true}]}}