{"id":6709,"date":"2019-03-06T00:36:28","date_gmt":"2019-03-05T23:36:28","guid":{"rendered":"http:\/\/www.caudete.org\/ayuntamiento\/?p=6709"},"modified":"2020-12-15T13:46:09","modified_gmt":"2020-12-15T12:46:09","slug":"ayudas-para-el-desarrollo-de-planes-de-apoyo-a-la-incorporacion-de-tic-en-las-pymes-convocadas-por-el-consejo-de-camaras-de-comercio-industria-y-servicios-de-castilla-la-mancha-y-cofinanciadas-por-e","status":"publish","type":"post","link":"https:\/\/www.caudete.org\/ayuntamiento\/ayudas-para-el-desarrollo-de-planes-de-apoyo-a-la-incorporacion-de-tic-en-las-pymes-convocadas-por-el-consejo-de-camaras-de-comercio-industria-y-servicios-de-castilla-la-mancha-y-cofinanciadas-por-e\/","title":{"rendered":"Ayudas para el desarrollo de planes de apoyo a la incorporaci\u00f3n de TIC en las Pymes, convocadas por el Consejo de C\u00e1maras de Comercio, Industria y Servicios de Castilla-La Mancha y cofinanciadas por el Fondo Europeo de Desarrollo Regional (FEDER)"},"content":{"rendered":"<h5>Plazo presentaci\u00f3n solicitudes: Desde el d\u00eda 6 de mayo de 2019 a partir de las 09:00 horas hasta el d\u00eda 13 de mayo de 2019 a las 14:00 horas (o hasta agotar presupuesto).<\/h5>\n<p><span style=\"color: #000000;\"><span style=\"font-family: Verdana, Geneva, Arial, Helvetica, sans-serif;\">El objeto de la convocatoria es la concesi\u00f3n de ayudas a las empresas de Albacete en el Programa TICC\u00e1maras, para impulsar la incorporaci\u00f3n sistem\u00e1tica de las TIC (Tecnolog\u00edas de la Informaci\u00f3n y de la Comunicaci\u00f3n) a la actividad habitual de las pymes, como herramientas competitivas claves en su estrategia, as\u00ed como maximizar las oportunidades que ofrecen para mejorar su productividad y competitividad. <\/span><\/span><\/p>\n<p><span style=\"color: #000000;\"><span style=\"font-family: Verdana, Geneva, Arial, Helvetica, sans-serif;\"><b>Beneficiarios<\/b><\/span><\/span><span style=\"color: #000000;\"><span style=\"font-family: Verdana, Geneva, Arial, Helvetica, sans-serif;\">: Pymes, micropymes y personas inscritas en el R\u00e9gimen Especial de Trabajadores Aut\u00f3nomos, de la <\/span><\/span><strong><span style=\"color: #000000;\"><span style=\"font-family: Verdana, Geneva, Arial, Helvetica, sans-serif;\"><b>demarcaci\u00f3n territorial de la C\u00e1mara de Comercio de Albacete<\/b><\/span><\/span><\/strong><span style=\"color: #000000;\"><span style=\"font-family: Verdana, Geneva, Arial, Helvetica, sans-serif;\">, que se encuentren dadas de alta en el Censo del IAE. <\/span><\/span><\/p>\n<p><span style=\"color: #000000;\"><span style=\"font-family: Verdana, Geneva, Arial, Helvetica, sans-serif;\"><b>C<\/b><\/span><\/span><span style=\"color: #000000;\"><span style=\"font-family: Verdana, Geneva, Arial, Helvetica, sans-serif;\"><b>uant\u00eda:<\/b><\/span><\/span><span style=\"color: #000000;\"><span style=\"font-family: Verdana, Geneva, Arial, Helvetica, sans-serif;\">El coste m\u00e1ximo por empresa en <\/span><\/span><span style=\"color: #000000;\"><span style=\"font-family: Verdana, Geneva, Arial, Helvetica, sans-serif;\"><b>la Fase I<\/b><\/span><\/span><span style=\"color: #000000;\"><span style=\"font-family: Verdana, Geneva, Arial, Helvetica, sans-serif;\">de Diagn\u00f3stico ser\u00e1 de 1.200 \u20ac y ser\u00e1 cofinanciado por FEDER y el Consejo de C\u00e1maras Oficiales de Comercio, Industria y Servicios de Castilla-La Mancha, por lo que este servicio ser\u00e1 gratuito para las empresas participantes.<\/span><\/span><\/p>\n<p><span style=\"color: #000000;\"><span style=\"font-family: Verdana, Geneva, Arial, Helvetica, sans-serif;\">En la <strong><b>Fase II de Ayudas<\/b><\/strong><strong>, l<\/strong>a cuant\u00eda m\u00e1xima, por empresa, de las ayudas a otorgar con cargo a esta convocatoria es de: <\/span><\/span><\/p>\n<p><span style=\"color: #000000;\"><span style=\"font-family: Verdana, Geneva, Arial, Helvetica, sans-serif;\">&#8211; <\/span><\/span><span style=\"color: #000000;\"><span style=\"font-family: Verdana, Geneva, Arial, Helvetica, sans-serif;\">Coste m\u00e1ximo elegible: <\/span><\/span><strong><span style=\"color: #000000;\"><span style=\"font-family: Verdana, Geneva, Arial, Helvetica, sans-serif;\">7.000 \u20ac (IVA no incluido), prefinanciado en su totalidad por la empresa beneficiaria y cofinanciado al 70% por FEDER, <\/span><\/span><\/strong><span style=\"color: #000000;\"><span style=\"font-family: Verdana, Geneva, Arial, Helvetica, sans-serif;\">siendo por tanto la<\/span><\/span><strong><span style=\"color: #000000;\"><span style=\"font-family: Verdana, Geneva, Arial, Helvetica, sans-serif;\">cuant\u00eda m\u00e1xima de ayuda por empresa de 4.900 \u20ac.<\/span><\/span><\/strong><\/p>\n<p><strong><span style=\"color: #000000;\"><span style=\"font-family: Verdana, Geneva, Arial, Helvetica, sans-serif;\">Lugar de presentaci\u00f3n <\/span><\/span><\/strong><strong><span style=\"color: #000000;\"><span style=\"font-family: Verdana, Geneva, Arial, Helvetica, sans-serif;\">de solicitudes<\/span><\/span><\/strong><strong><span style=\"color: #000000;\"><span style=\"font-family: Verdana, Geneva, Arial, Helvetica, sans-serif;\">: <\/span><\/span><\/strong><\/p>\n<p><strong><span style=\"color: #000000;\"><span style=\"font-family: Verdana, Geneva, Arial, Helvetica, sans-serif;\">&#8211; <\/span><\/span><\/strong><strong><span style=\"color: #000000;\"><span style=\"font-family: Verdana, Geneva, Arial, Helvetica, sans-serif;\">Presencial, <\/span><\/span><\/strong><strong><span style=\"color: #000000;\"><span style=\"font-family: Verdana, Geneva, Arial, Helvetica, sans-serif;\">en la sede de la C\u00e1mara de Comercio de Albacete, Plaza de la Constituci\u00f3n n\u00ba 8, Entreplanta 9 (Albacete).<\/span><\/span><\/strong><\/p>\n<p><strong><span style=\"color: #000000;\"><span style=\"font-family: Verdana, Geneva, Arial, Helvetica, sans-serif;\">&#8211; A trav\u00e9s de <\/span><\/span><\/strong><strong><span style=\"color: #000000;\"><span style=\"font-family: Verdana, Geneva, Arial, Helvetica, sans-serif;\">sede electr\u00f3nica<\/span><\/span><\/strong><span style=\"color: #777777;\"><span style=\"font-family: inherit;\">, <\/span><\/span><strong><span style=\"color: #000000;\"><span style=\"font-family: Verdana, Geneva, Arial, Helvetica, sans-serif;\">accesible en la siguiente direcci\u00f3n:<\/span><\/span><\/strong><\/p>\n<p><strong><a href=\"https:\/\/sede.camara.es\/sede\/castilla-la-mancha\" target=\"_blank\" rel=\"noopener noreferrer nofollow\"><span style=\"color: #000000;\"><span style=\"font-family: Verdana, Geneva, Arial, Helvetica, sans-serif;\"><u>https:\/\/sede.camara.es\/sede\/castilla-la-mancha<\/u><\/span><\/span><\/a><\/strong><span style=\"color: #777777;\"><span style=\"font-family: inherit;\">. <\/span><\/span><\/p>\n<p><strong><span style=\"color: #000000;\"><span style=\"font-family: Verdana, Geneva, Arial, Helvetica, sans-serif;\">Las solicitudes de participaci\u00f3n y admisi\u00f3n de empresas al Programa <\/span><\/span><\/strong><strong><span style=\"color: #000000;\"><span style=\"font-family: Verdana, Geneva, Arial, Helvetica, sans-serif;\">ser\u00e1n seleccionadas por estricto orden de registro de entrada.<\/span><\/span><\/strong><\/p>\n<p><b><strong><span style=\"color: #000000;\"><span style=\"font-family: Verdana, Geneva, Arial, Helvetica, sans-serif;\">Para m\u00e1s informaci\u00f3n: <\/span><\/span><\/strong><\/b><\/p>\n<p><strong><span style=\"color: #000000;\"><span style=\"font-family: Verdana, Geneva, Arial, Helvetica, sans-serif;\">En <\/span><\/span><\/strong><b><strong><span style=\"color: #000000;\"><span style=\"font-family: Verdana, Geneva, Arial, Helvetica, sans-serif;\">https:\/\/camarasclm.com\/programas\/2019\/ticcamaras\/<\/span><\/span><\/strong><\/b><strong><span style=\"color: #000000;\"><span style=\"font-family: Verdana, Geneva, Arial, Helvetica, sans-serif;\">o <\/span><\/span><\/strong><strong><span style=\"color: #000000;\"><span style=\"font-family: Verdana, Geneva, Arial, Helvetica, sans-serif;\">llamando al tel\u00e9fono 925 285534.<\/span><\/span><\/strong><\/p>\n<p><strong><span style=\"color: #000000;\"><span style=\"font-family: Verdana, Geneva, Arial, Helvetica, sans-serif;\">E<\/span><\/span><\/strong><strong><span style=\"color: #000000;\"><span style=\"font-family: Verdana, Geneva, Arial, Helvetica, sans-serif;\">n caso necesario, en <\/span><\/span><\/strong><b><\/b><span style=\"color: #000000;\"><span style=\"font-family: Verdana, Geneva, Arial, Helvetica, sans-serif;\">Oficina de la Agencia de Desarrollo Local de Caudete, <\/span><\/span><span style=\"color: #000000;\"><span style=\"font-family: Verdana, Geneva, Arial, Helvetica, sans-serif;\">t<\/span><\/span><span style=\"color: #000000;\"><span style=\"font-family: Verdana, Geneva, Arial, Helvetica, sans-serif;\">el. 965827000 Ext. 306, desarrollo@caudete.org<\/span><\/span><\/p>\n","protected":false},"excerpt":{"rendered":"<p>Plazo presentaci\u00f3n solicitudes: Desde el d\u00eda 6 de mayo de 2019 a partir de las 09:00 horas hasta el d\u00eda 13 de mayo de 2019 a las 14:00 horas (o hasta agotar presupuesto). El objeto de la convocatoria es la concesi\u00f3n de ayudas a las empresas de Albacete en el Programa TICC\u00e1maras, para impulsar la &hellip;<\/p>\n","protected":false},"author":1,"featured_media":6710,"comment_status":"closed","ping_status":"open","sticky":false,"template":"","format":"standard","meta":{"ngg_post_thumbnail":0,"footnotes":""},"categories":[90],"tags":[],"class_list":["post-6709","post","type-post","status-publish","format-standard","has-post-thumbnail","hentry","category-tablon-informativo-desarrollo-local"],"yoast_head":"<!-- This site is optimized with the Yoast SEO plugin v27.5 - https:\/\/yoast.com\/product\/yoast-seo-wordpress\/ -->\n<title>Ayudas para el desarrollo de planes de apoyo a la incorporaci\u00f3n de TIC en las Pymes, convocadas por el Consejo de C\u00e1maras de Comercio, Industria y Servicios de Castilla-La Mancha y cofinanciadas por el Fondo Europeo de Desarrollo Regional (FEDER) - MI Ayuntamiento de Caudete<\/title>\n<meta name=\"description\" content=\"P\u00e1gina Oficial del Ayuntamiento de Caudete (Albacete)\" \/>\n<meta name=\"robots\" content=\"index, follow, max-snippet:-1, max-image-preview:large, max-video-preview:-1\" \/>\n<link rel=\"canonical\" href=\"https:\/\/www.caudete.org\/ayuntamiento\/ayudas-para-el-desarrollo-de-planes-de-apoyo-a-la-incorporacion-de-tic-en-las-pymes-convocadas-por-el-consejo-de-camaras-de-comercio-industria-y-servicios-de-castilla-la-mancha-y-cofinanciadas-por-e\/\" \/>\n<meta property=\"og:locale\" content=\"es_ES\" \/>\n<meta property=\"og:type\" content=\"article\" \/>\n<meta property=\"og:title\" content=\"Ayudas para el desarrollo de planes de apoyo a la incorporaci\u00f3n de TIC en las Pymes, convocadas por el Consejo de C\u00e1maras de Comercio, Industria y Servicios de Castilla-La Mancha y cofinanciadas por el Fondo Europeo de Desarrollo Regional (FEDER) - MI Ayuntamiento de Caudete\" \/>\n<meta property=\"og:description\" content=\"P\u00e1gina Oficial del Ayuntamiento de Caudete (Albacete)\" \/>\n<meta property=\"og:url\" content=\"https:\/\/www.caudete.org\/ayuntamiento\/ayudas-para-el-desarrollo-de-planes-de-apoyo-a-la-incorporacion-de-tic-en-las-pymes-convocadas-por-el-consejo-de-camaras-de-comercio-industria-y-servicios-de-castilla-la-mancha-y-cofinanciadas-por-e\/\" \/>\n<meta property=\"og:site_name\" content=\"MI Ayuntamiento de Caudete\" \/>\n<meta property=\"article:publisher\" content=\"https:\/\/www.facebook.com\/ayuntamientocaudete\/\" \/>\n<meta property=\"article:published_time\" content=\"2019-03-05T23:36:28+00:00\" \/>\n<meta property=\"article:modified_time\" content=\"2020-12-15T12:46:09+00:00\" \/>\n<meta property=\"og:image\" content=\"https:\/\/www.caudete.org\/ayuntamiento\/wp-content\/uploads\/2020\/12\/ticayud.jpg\" \/>\n\t<meta property=\"og:image:width\" content=\"800\" \/>\n\t<meta property=\"og:image:height\" content=\"421\" \/>\n\t<meta property=\"og:image:type\" content=\"image\/jpeg\" \/>\n<meta name=\"author\" content=\"ayun\" \/>\n<meta name=\"twitter:card\" content=\"summary_large_image\" \/>\n<meta name=\"twitter:label1\" content=\"Escrito por\" \/>\n\t<meta name=\"twitter:data1\" content=\"ayun\" \/>\n\t<meta name=\"twitter:label2\" content=\"Tiempo de lectura\" \/>\n\t<meta name=\"twitter:data2\" content=\"2 minutos\" \/>\n<script type=\"application\/ld+json\" class=\"yoast-schema-graph\">{\"@context\":\"https:\\\/\\\/schema.org\",\"@graph\":[{\"@type\":\"Article\",\"@id\":\"https:\\\/\\\/www.caudete.org\\\/ayuntamiento\\\/ayudas-para-el-desarrollo-de-planes-de-apoyo-a-la-incorporacion-de-tic-en-las-pymes-convocadas-por-el-consejo-de-camaras-de-comercio-industria-y-servicios-de-castilla-la-mancha-y-cofinanciadas-por-e\\\/#article\",\"isPartOf\":{\"@id\":\"https:\\\/\\\/www.caudete.org\\\/ayuntamiento\\\/ayudas-para-el-desarrollo-de-planes-de-apoyo-a-la-incorporacion-de-tic-en-las-pymes-convocadas-por-el-consejo-de-camaras-de-comercio-industria-y-servicios-de-castilla-la-mancha-y-cofinanciadas-por-e\\\/\"},\"author\":{\"name\":\"ayun\",\"@id\":\"https:\\\/\\\/www.caudete.org\\\/ayuntamiento\\\/#\\\/schema\\\/person\\\/79f7e19fdd176fc2bc7a289013dc2056\"},\"headline\":\"Ayudas para el desarrollo de planes de apoyo a la incorporaci\u00f3n de TIC en las Pymes, convocadas por el Consejo de C\u00e1maras de Comercio, Industria y Servicios de Castilla-La Mancha y cofinanciadas por el Fondo Europeo de Desarrollo Regional (FEDER)\",\"datePublished\":\"2019-03-05T23:36:28+00:00\",\"dateModified\":\"2020-12-15T12:46:09+00:00\",\"mainEntityOfPage\":{\"@id\":\"https:\\\/\\\/www.caudete.org\\\/ayuntamiento\\\/ayudas-para-el-desarrollo-de-planes-de-apoyo-a-la-incorporacion-de-tic-en-las-pymes-convocadas-por-el-consejo-de-camaras-de-comercio-industria-y-servicios-de-castilla-la-mancha-y-cofinanciadas-por-e\\\/\"},\"wordCount\":393,\"publisher\":{\"@id\":\"https:\\\/\\\/www.caudete.org\\\/ayuntamiento\\\/#organization\"},\"image\":{\"@id\":\"https:\\\/\\\/www.caudete.org\\\/ayuntamiento\\\/ayudas-para-el-desarrollo-de-planes-de-apoyo-a-la-incorporacion-de-tic-en-las-pymes-convocadas-por-el-consejo-de-camaras-de-comercio-industria-y-servicios-de-castilla-la-mancha-y-cofinanciadas-por-e\\\/#primaryimage\"},\"thumbnailUrl\":\"https:\\\/\\\/www.caudete.org\\\/ayuntamiento\\\/wp-content\\\/uploads\\\/2020\\\/12\\\/ticayud.jpg\",\"articleSection\":[\"Tabl\u00f3n informativo (Desarrollo local)\"],\"inLanguage\":\"es\"},{\"@type\":\"WebPage\",\"@id\":\"https:\\\/\\\/www.caudete.org\\\/ayuntamiento\\\/ayudas-para-el-desarrollo-de-planes-de-apoyo-a-la-incorporacion-de-tic-en-las-pymes-convocadas-por-el-consejo-de-camaras-de-comercio-industria-y-servicios-de-castilla-la-mancha-y-cofinanciadas-por-e\\\/\",\"url\":\"https:\\\/\\\/www.caudete.org\\\/ayuntamiento\\\/ayudas-para-el-desarrollo-de-planes-de-apoyo-a-la-incorporacion-de-tic-en-las-pymes-convocadas-por-el-consejo-de-camaras-de-comercio-industria-y-servicios-de-castilla-la-mancha-y-cofinanciadas-por-e\\\/\",\"name\":\"Ayudas para el desarrollo de planes de apoyo a la incorporaci\u00f3n de TIC en las Pymes, convocadas por el Consejo de C\u00e1maras de Comercio, Industria y Servicios de Castilla-La Mancha y cofinanciadas por el Fondo Europeo de Desarrollo Regional (FEDER) - MI Ayuntamiento de Caudete\",\"isPartOf\":{\"@id\":\"https:\\\/\\\/www.caudete.org\\\/ayuntamiento\\\/#website\"},\"primaryImageOfPage\":{\"@id\":\"https:\\\/\\\/www.caudete.org\\\/ayuntamiento\\\/ayudas-para-el-desarrollo-de-planes-de-apoyo-a-la-incorporacion-de-tic-en-las-pymes-convocadas-por-el-consejo-de-camaras-de-comercio-industria-y-servicios-de-castilla-la-mancha-y-cofinanciadas-por-e\\\/#primaryimage\"},\"image\":{\"@id\":\"https:\\\/\\\/www.caudete.org\\\/ayuntamiento\\\/ayudas-para-el-desarrollo-de-planes-de-apoyo-a-la-incorporacion-de-tic-en-las-pymes-convocadas-por-el-consejo-de-camaras-de-comercio-industria-y-servicios-de-castilla-la-mancha-y-cofinanciadas-por-e\\\/#primaryimage\"},\"thumbnailUrl\":\"https:\\\/\\\/www.caudete.org\\\/ayuntamiento\\\/wp-content\\\/uploads\\\/2020\\\/12\\\/ticayud.jpg\",\"datePublished\":\"2019-03-05T23:36:28+00:00\",\"dateModified\":\"2020-12-15T12:46:09+00:00\",\"description\":\"P\u00e1gina Oficial del Ayuntamiento de Caudete (Albacete)\",\"breadcrumb\":{\"@id\":\"https:\\\/\\\/www.caudete.org\\\/ayuntamiento\\\/ayudas-para-el-desarrollo-de-planes-de-apoyo-a-la-incorporacion-de-tic-en-las-pymes-convocadas-por-el-consejo-de-camaras-de-comercio-industria-y-servicios-de-castilla-la-mancha-y-cofinanciadas-por-e\\\/#breadcrumb\"},\"inLanguage\":\"es\",\"potentialAction\":[{\"@type\":\"ReadAction\",\"target\":[\"https:\\\/\\\/www.caudete.org\\\/ayuntamiento\\\/ayudas-para-el-desarrollo-de-planes-de-apoyo-a-la-incorporacion-de-tic-en-las-pymes-convocadas-por-el-consejo-de-camaras-de-comercio-industria-y-servicios-de-castilla-la-mancha-y-cofinanciadas-por-e\\\/\"]}]},{\"@type\":\"ImageObject\",\"inLanguage\":\"es\",\"@id\":\"https:\\\/\\\/www.caudete.org\\\/ayuntamiento\\\/ayudas-para-el-desarrollo-de-planes-de-apoyo-a-la-incorporacion-de-tic-en-las-pymes-convocadas-por-el-consejo-de-camaras-de-comercio-industria-y-servicios-de-castilla-la-mancha-y-cofinanciadas-por-e\\\/#primaryimage\",\"url\":\"https:\\\/\\\/www.caudete.org\\\/ayuntamiento\\\/wp-content\\\/uploads\\\/2020\\\/12\\\/ticayud.jpg\",\"contentUrl\":\"https:\\\/\\\/www.caudete.org\\\/ayuntamiento\\\/wp-content\\\/uploads\\\/2020\\\/12\\\/ticayud.jpg\",\"width\":800,\"height\":421},{\"@type\":\"BreadcrumbList\",\"@id\":\"https:\\\/\\\/www.caudete.org\\\/ayuntamiento\\\/ayudas-para-el-desarrollo-de-planes-de-apoyo-a-la-incorporacion-de-tic-en-las-pymes-convocadas-por-el-consejo-de-camaras-de-comercio-industria-y-servicios-de-castilla-la-mancha-y-cofinanciadas-por-e\\\/#breadcrumb\",\"itemListElement\":[{\"@type\":\"ListItem\",\"position\":1,\"name\":\"Inicio\",\"item\":\"https:\\\/\\\/www.caudete.org\\\/ayuntamiento\\\/\"},{\"@type\":\"ListItem\",\"position\":2,\"name\":\"Ayudas para el desarrollo de planes de apoyo a la incorporaci\u00f3n de TIC en las Pymes, convocadas por el Consejo de C\u00e1maras de Comercio, Industria y Servicios de Castilla-La Mancha y cofinanciadas por el Fondo Europeo de Desarrollo Regional (FEDER)\"}]},{\"@type\":\"WebSite\",\"@id\":\"https:\\\/\\\/www.caudete.org\\\/ayuntamiento\\\/#website\",\"url\":\"https:\\\/\\\/www.caudete.org\\\/ayuntamiento\\\/\",\"name\":\"MI Ayuntamiento de Caudete\",\"description\":\"P\u00e1gina Oficial del MI Ayuntamiento de Caudete\",\"publisher\":{\"@id\":\"https:\\\/\\\/www.caudete.org\\\/ayuntamiento\\\/#organization\"},\"potentialAction\":[{\"@type\":\"SearchAction\",\"target\":{\"@type\":\"EntryPoint\",\"urlTemplate\":\"https:\\\/\\\/www.caudete.org\\\/ayuntamiento\\\/?s={search_term_string}\"},\"query-input\":{\"@type\":\"PropertyValueSpecification\",\"valueRequired\":true,\"valueName\":\"search_term_string\"}}],\"inLanguage\":\"es\"},{\"@type\":\"Organization\",\"@id\":\"https:\\\/\\\/www.caudete.org\\\/ayuntamiento\\\/#organization\",\"name\":\"Ayuntamiento de Caudete\",\"url\":\"https:\\\/\\\/www.caudete.org\\\/ayuntamiento\\\/\",\"logo\":{\"@type\":\"ImageObject\",\"inLanguage\":\"es\",\"@id\":\"https:\\\/\\\/www.caudete.org\\\/ayuntamiento\\\/#\\\/schema\\\/logo\\\/image\\\/\",\"url\":\"https:\\\/\\\/www.caudete.org\\\/ayuntamiento\\\/wp-content\\\/uploads\\\/2020\\\/11\\\/logo_ayuntamiento_caudete.jpg\",\"contentUrl\":\"https:\\\/\\\/www.caudete.org\\\/ayuntamiento\\\/wp-content\\\/uploads\\\/2020\\\/11\\\/logo_ayuntamiento_caudete.jpg\",\"width\":600,\"height\":150,\"caption\":\"Ayuntamiento de Caudete\"},\"image\":{\"@id\":\"https:\\\/\\\/www.caudete.org\\\/ayuntamiento\\\/#\\\/schema\\\/logo\\\/image\\\/\"},\"sameAs\":[\"https:\\\/\\\/www.facebook.com\\\/ayuntamientocaudete\\\/\",\"https:\\\/\\\/www.youtube.com\\\/channel\\\/UC6VztHaooNsGpw-tNoBEFnQ\"]},{\"@type\":\"Person\",\"@id\":\"https:\\\/\\\/www.caudete.org\\\/ayuntamiento\\\/#\\\/schema\\\/person\\\/79f7e19fdd176fc2bc7a289013dc2056\",\"name\":\"ayun\",\"image\":{\"@type\":\"ImageObject\",\"inLanguage\":\"es\",\"@id\":\"https:\\\/\\\/secure.gravatar.com\\\/avatar\\\/4ce797ee07c943e7e592f8cd648e503e6cd571387558ed07135799c2bd2847df?s=96&d=mm&r=g\",\"url\":\"https:\\\/\\\/secure.gravatar.com\\\/avatar\\\/4ce797ee07c943e7e592f8cd648e503e6cd571387558ed07135799c2bd2847df?s=96&d=mm&r=g\",\"contentUrl\":\"https:\\\/\\\/secure.gravatar.com\\\/avatar\\\/4ce797ee07c943e7e592f8cd648e503e6cd571387558ed07135799c2bd2847df?s=96&d=mm&r=g\",\"caption\":\"ayun\"},\"sameAs\":[\"http:\\\/\\\/www.caudete.org\\\/ayuntamiento\"],\"url\":\"https:\\\/\\\/www.caudete.org\\\/ayuntamiento\\\/author\\\/ayun\\\/\"}]}<\/script>\n<!-- \/ Yoast SEO plugin. -->","yoast_head_json":{"title":"Ayudas para el desarrollo de planes de apoyo a la incorporaci\u00f3n de TIC en las Pymes, convocadas por el Consejo de C\u00e1maras de Comercio, Industria y Servicios de Castilla-La Mancha y cofinanciadas por el Fondo Europeo de Desarrollo Regional (FEDER) - MI Ayuntamiento de Caudete","description":"P\u00e1gina Oficial del Ayuntamiento de Caudete (Albacete)","robots":{"index":"index","follow":"follow","max-snippet":"max-snippet:-1","max-image-preview":"max-image-preview:large","max-video-preview":"max-video-preview:-1"},"canonical":"https:\/\/www.caudete.org\/ayuntamiento\/ayudas-para-el-desarrollo-de-planes-de-apoyo-a-la-incorporacion-de-tic-en-las-pymes-convocadas-por-el-consejo-de-camaras-de-comercio-industria-y-servicios-de-castilla-la-mancha-y-cofinanciadas-por-e\/","og_locale":"es_ES","og_type":"article","og_title":"Ayudas para el desarrollo de planes de apoyo a la incorporaci\u00f3n de TIC en las Pymes, convocadas por el Consejo de C\u00e1maras de Comercio, Industria y Servicios de Castilla-La Mancha y cofinanciadas por el Fondo Europeo de Desarrollo Regional (FEDER) - MI Ayuntamiento de Caudete","og_description":"P\u00e1gina Oficial del Ayuntamiento de Caudete (Albacete)","og_url":"https:\/\/www.caudete.org\/ayuntamiento\/ayudas-para-el-desarrollo-de-planes-de-apoyo-a-la-incorporacion-de-tic-en-las-pymes-convocadas-por-el-consejo-de-camaras-de-comercio-industria-y-servicios-de-castilla-la-mancha-y-cofinanciadas-por-e\/","og_site_name":"MI Ayuntamiento de Caudete","article_publisher":"https:\/\/www.facebook.com\/ayuntamientocaudete\/","article_published_time":"2019-03-05T23:36:28+00:00","article_modified_time":"2020-12-15T12:46:09+00:00","og_image":[{"width":800,"height":421,"url":"https:\/\/www.caudete.org\/ayuntamiento\/wp-content\/uploads\/2020\/12\/ticayud.jpg","type":"image\/jpeg"}],"author":"ayun","twitter_card":"summary_large_image","twitter_misc":{"Escrito por":"ayun","Tiempo de lectura":"2 minutos"},"schema":{"@context":"https:\/\/schema.org","@graph":[{"@type":"Article","@id":"https:\/\/www.caudete.org\/ayuntamiento\/ayudas-para-el-desarrollo-de-planes-de-apoyo-a-la-incorporacion-de-tic-en-las-pymes-convocadas-por-el-consejo-de-camaras-de-comercio-industria-y-servicios-de-castilla-la-mancha-y-cofinanciadas-por-e\/#article","isPartOf":{"@id":"https:\/\/www.caudete.org\/ayuntamiento\/ayudas-para-el-desarrollo-de-planes-de-apoyo-a-la-incorporacion-de-tic-en-las-pymes-convocadas-por-el-consejo-de-camaras-de-comercio-industria-y-servicios-de-castilla-la-mancha-y-cofinanciadas-por-e\/"},"author":{"name":"ayun","@id":"https:\/\/www.caudete.org\/ayuntamiento\/#\/schema\/person\/79f7e19fdd176fc2bc7a289013dc2056"},"headline":"Ayudas para el desarrollo de planes de apoyo a la incorporaci\u00f3n de TIC en las Pymes, convocadas por el Consejo de C\u00e1maras de Comercio, Industria y Servicios de Castilla-La Mancha y cofinanciadas por el Fondo Europeo de Desarrollo Regional (FEDER)","datePublished":"2019-03-05T23:36:28+00:00","dateModified":"2020-12-15T12:46:09+00:00","mainEntityOfPage":{"@id":"https:\/\/www.caudete.org\/ayuntamiento\/ayudas-para-el-desarrollo-de-planes-de-apoyo-a-la-incorporacion-de-tic-en-las-pymes-convocadas-por-el-consejo-de-camaras-de-comercio-industria-y-servicios-de-castilla-la-mancha-y-cofinanciadas-por-e\/"},"wordCount":393,"publisher":{"@id":"https:\/\/www.caudete.org\/ayuntamiento\/#organization"},"image":{"@id":"https:\/\/www.caudete.org\/ayuntamiento\/ayudas-para-el-desarrollo-de-planes-de-apoyo-a-la-incorporacion-de-tic-en-las-pymes-convocadas-por-el-consejo-de-camaras-de-comercio-industria-y-servicios-de-castilla-la-mancha-y-cofinanciadas-por-e\/#primaryimage"},"thumbnailUrl":"https:\/\/www.caudete.org\/ayuntamiento\/wp-content\/uploads\/2020\/12\/ticayud.jpg","articleSection":["Tabl\u00f3n informativo (Desarrollo local)"],"inLanguage":"es"},{"@type":"WebPage","@id":"https:\/\/www.caudete.org\/ayuntamiento\/ayudas-para-el-desarrollo-de-planes-de-apoyo-a-la-incorporacion-de-tic-en-las-pymes-convocadas-por-el-consejo-de-camaras-de-comercio-industria-y-servicios-de-castilla-la-mancha-y-cofinanciadas-por-e\/","url":"https:\/\/www.caudete.org\/ayuntamiento\/ayudas-para-el-desarrollo-de-planes-de-apoyo-a-la-incorporacion-de-tic-en-las-pymes-convocadas-por-el-consejo-de-camaras-de-comercio-industria-y-servicios-de-castilla-la-mancha-y-cofinanciadas-por-e\/","name":"Ayudas para el desarrollo de planes de apoyo a la incorporaci\u00f3n de TIC en las Pymes, convocadas por el Consejo de C\u00e1maras de Comercio, Industria y Servicios de Castilla-La Mancha y cofinanciadas por el Fondo Europeo de Desarrollo Regional (FEDER) - MI Ayuntamiento de Caudete","isPartOf":{"@id":"https:\/\/www.caudete.org\/ayuntamiento\/#website"},"primaryImageOfPage":{"@id":"https:\/\/www.caudete.org\/ayuntamiento\/ayudas-para-el-desarrollo-de-planes-de-apoyo-a-la-incorporacion-de-tic-en-las-pymes-convocadas-por-el-consejo-de-camaras-de-comercio-industria-y-servicios-de-castilla-la-mancha-y-cofinanciadas-por-e\/#primaryimage"},"image":{"@id":"https:\/\/www.caudete.org\/ayuntamiento\/ayudas-para-el-desarrollo-de-planes-de-apoyo-a-la-incorporacion-de-tic-en-las-pymes-convocadas-por-el-consejo-de-camaras-de-comercio-industria-y-servicios-de-castilla-la-mancha-y-cofinanciadas-por-e\/#primaryimage"},"thumbnailUrl":"https:\/\/www.caudete.org\/ayuntamiento\/wp-content\/uploads\/2020\/12\/ticayud.jpg","datePublished":"2019-03-05T23:36:28+00:00","dateModified":"2020-12-15T12:46:09+00:00","description":"P\u00e1gina Oficial del Ayuntamiento de Caudete (Albacete)","breadcrumb":{"@id":"https:\/\/www.caudete.org\/ayuntamiento\/ayudas-para-el-desarrollo-de-planes-de-apoyo-a-la-incorporacion-de-tic-en-las-pymes-convocadas-por-el-consejo-de-camaras-de-comercio-industria-y-servicios-de-castilla-la-mancha-y-cofinanciadas-por-e\/#breadcrumb"},"inLanguage":"es","potentialAction":[{"@type":"ReadAction","target":["https:\/\/www.caudete.org\/ayuntamiento\/ayudas-para-el-desarrollo-de-planes-de-apoyo-a-la-incorporacion-de-tic-en-las-pymes-convocadas-por-el-consejo-de-camaras-de-comercio-industria-y-servicios-de-castilla-la-mancha-y-cofinanciadas-por-e\/"]}]},{"@type":"ImageObject","inLanguage":"es","@id":"https:\/\/www.caudete.org\/ayuntamiento\/ayudas-para-el-desarrollo-de-planes-de-apoyo-a-la-incorporacion-de-tic-en-las-pymes-convocadas-por-el-consejo-de-camaras-de-comercio-industria-y-servicios-de-castilla-la-mancha-y-cofinanciadas-por-e\/#primaryimage","url":"https:\/\/www.caudete.org\/ayuntamiento\/wp-content\/uploads\/2020\/12\/ticayud.jpg","contentUrl":"https:\/\/www.caudete.org\/ayuntamiento\/wp-content\/uploads\/2020\/12\/ticayud.jpg","width":800,"height":421},{"@type":"BreadcrumbList","@id":"https:\/\/www.caudete.org\/ayuntamiento\/ayudas-para-el-desarrollo-de-planes-de-apoyo-a-la-incorporacion-de-tic-en-las-pymes-convocadas-por-el-consejo-de-camaras-de-comercio-industria-y-servicios-de-castilla-la-mancha-y-cofinanciadas-por-e\/#breadcrumb","itemListElement":[{"@type":"ListItem","position":1,"name":"Inicio","item":"https:\/\/www.caudete.org\/ayuntamiento\/"},{"@type":"ListItem","position":2,"name":"Ayudas para el desarrollo de planes de apoyo a la incorporaci\u00f3n de TIC en las Pymes, convocadas por el Consejo de C\u00e1maras de Comercio, Industria y Servicios de Castilla-La Mancha y cofinanciadas por el Fondo Europeo de Desarrollo Regional (FEDER)"}]},{"@type":"WebSite","@id":"https:\/\/www.caudete.org\/ayuntamiento\/#website","url":"https:\/\/www.caudete.org\/ayuntamiento\/","name":"MI Ayuntamiento de Caudete","description":"P\u00e1gina Oficial del MI Ayuntamiento de Caudete","publisher":{"@id":"https:\/\/www.caudete.org\/ayuntamiento\/#organization"},"potentialAction":[{"@type":"SearchAction","target":{"@type":"EntryPoint","urlTemplate":"https:\/\/www.caudete.org\/ayuntamiento\/?s={search_term_string}"},"query-input":{"@type":"PropertyValueSpecification","valueRequired":true,"valueName":"search_term_string"}}],"inLanguage":"es"},{"@type":"Organization","@id":"https:\/\/www.caudete.org\/ayuntamiento\/#organization","name":"Ayuntamiento de Caudete","url":"https:\/\/www.caudete.org\/ayuntamiento\/","logo":{"@type":"ImageObject","inLanguage":"es","@id":"https:\/\/www.caudete.org\/ayuntamiento\/#\/schema\/logo\/image\/","url":"https:\/\/www.caudete.org\/ayuntamiento\/wp-content\/uploads\/2020\/11\/logo_ayuntamiento_caudete.jpg","contentUrl":"https:\/\/www.caudete.org\/ayuntamiento\/wp-content\/uploads\/2020\/11\/logo_ayuntamiento_caudete.jpg","width":600,"height":150,"caption":"Ayuntamiento de Caudete"},"image":{"@id":"https:\/\/www.caudete.org\/ayuntamiento\/#\/schema\/logo\/image\/"},"sameAs":["https:\/\/www.facebook.com\/ayuntamientocaudete\/","https:\/\/www.youtube.com\/channel\/UC6VztHaooNsGpw-tNoBEFnQ"]},{"@type":"Person","@id":"https:\/\/www.caudete.org\/ayuntamiento\/#\/schema\/person\/79f7e19fdd176fc2bc7a289013dc2056","name":"ayun","image":{"@type":"ImageObject","inLanguage":"es","@id":"https:\/\/secure.gravatar.com\/avatar\/4ce797ee07c943e7e592f8cd648e503e6cd571387558ed07135799c2bd2847df?s=96&d=mm&r=g","url":"https:\/\/secure.gravatar.com\/avatar\/4ce797ee07c943e7e592f8cd648e503e6cd571387558ed07135799c2bd2847df?s=96&d=mm&r=g","contentUrl":"https:\/\/secure.gravatar.com\/avatar\/4ce797ee07c943e7e592f8cd648e503e6cd571387558ed07135799c2bd2847df?s=96&d=mm&r=g","caption":"ayun"},"sameAs":["http:\/\/www.caudete.org\/ayuntamiento"],"url":"https:\/\/www.caudete.org\/ayuntamiento\/author\/ayun\/"}]}},"_links":{"self":[{"href":"https:\/\/www.caudete.org\/ayuntamiento\/wp-json\/wp\/v2\/posts\/6709","targetHints":{"allow":["GET"]}}],"collection":[{"href":"https:\/\/www.caudete.org\/ayuntamiento\/wp-json\/wp\/v2\/posts"}],"about":[{"href":"https:\/\/www.caudete.org\/ayuntamiento\/wp-json\/wp\/v2\/types\/post"}],"author":[{"embeddable":true,"href":"https:\/\/www.caudete.org\/ayuntamiento\/wp-json\/wp\/v2\/users\/1"}],"replies":[{"embeddable":true,"href":"https:\/\/www.caudete.org\/ayuntamiento\/wp-json\/wp\/v2\/comments?post=6709"}],"version-history":[{"count":3,"href":"https:\/\/www.caudete.org\/ayuntamiento\/wp-json\/wp\/v2\/posts\/6709\/revisions"}],"predecessor-version":[{"id":9731,"href":"https:\/\/www.caudete.org\/ayuntamiento\/wp-json\/wp\/v2\/posts\/6709\/revisions\/9731"}],"wp:featuredmedia":[{"embeddable":true,"href":"https:\/\/www.caudete.org\/ayuntamiento\/wp-json\/wp\/v2\/media\/6710"}],"wp:attachment":[{"href":"https:\/\/www.caudete.org\/ayuntamiento\/wp-json\/wp\/v2\/media?parent=6709"}],"wp:term":[{"taxonomy":"category","embeddable":true,"href":"https:\/\/www.caudete.org\/ayuntamiento\/wp-json\/wp\/v2\/categories?post=6709"},{"taxonomy":"post_tag","embeddable":true,"href":"https:\/\/www.caudete.org\/ayuntamiento\/wp-json\/wp\/v2\/tags?post=6709"}],"curies":[{"name":"wp","href":"https:\/\/api.w.org\/{rel}","templated":true}]}}