{"id":6713,"date":"2019-03-06T00:40:48","date_gmt":"2019-03-05T23:40:48","guid":{"rendered":"http:\/\/www.caudete.org\/ayuntamiento\/?p=6713"},"modified":"2020-12-15T13:45:37","modified_gmt":"2020-12-15T12:45:37","slug":"anuncio-para-la-contratacion-laboral-temporal-de-un-a-administrativo-a-a-media-jornada-para-el-grupo-de-accion-local-asociacion-monte-iberico-corredor-de-almansa","status":"publish","type":"post","link":"https:\/\/www.caudete.org\/ayuntamiento\/anuncio-para-la-contratacion-laboral-temporal-de-un-a-administrativo-a-a-media-jornada-para-el-grupo-de-accion-local-asociacion-monte-iberico-corredor-de-almansa\/","title":{"rendered":"ANUNCIO PARA LA CONTRATACI\u00d3N LABORAL TEMPORAL DE UN\/A ADMINISTRATIVO\/A, A MEDIA JORNADA PARA EL GRUPO DE ACCI\u00d3N LOCAL \u201cASOCIACI\u00d3N MONTE IBERICO CORREDOR DE ALMANSA\u201d"},"content":{"rendered":"<h5>En virtud del Acuerdo adoptado en fecha 23 de abril de 2019, por la Junta Directiva del Grupo de Acci\u00f3n Local Monte Ib\u00e9rico Corredor de Almansa, referente a la convocatoria para proveer una plaza.<\/h5>\n<p>En el tabl\u00f3n de Anuncios de la sede electr\u00f3nica del Grupo de Acci\u00f3n Local Monte Ib\u00e9rico Corredor de Almansa (www.cedermonteiberico.com), se han publicado \u00edntegramente las bases que han de regir la convocatoria para proveer:<\/p>\n<p>Una plaza de&nbsp; un\/a administrativo\/a a media jornada, mediante contrato laboral temporal, modalidad eventual por circunstancias de la producci\u00f3n (modelo 502), mediante el sistema concurso-oposici\u00f3n.<\/p>\n<p>El plazo de presentaci\u00f3n de solicitudes ser\u00e1 de <strong>20 d\u00edas naturales<\/strong>a contar desde el siguiente al de la publicaci\u00f3n de esta Resoluci\u00f3n en el Tabl\u00f3n de Anuncios.<\/p>\n<p>Los sucesivos anuncios referentes a esta convocatoria, cuando procedan,&nbsp;&nbsp; se har\u00e1n p\u00fablicos en la forma prevista en las bases.<\/p>\n<p>Bonete a 24 de abril de 2019<\/p>\n<p><strong>EL PRESIDENTE <\/strong><\/p>\n<p><strong>Fdo<\/strong>. Javier S\u00e1nchez Rosell\u00f3<\/p>\n<p><a href=\"http:\/\/caudete.org\/ayuntamiento\/eniusimg\/enius146\/2019\/04\/adjuntos_fichero_7f5292e54f1e2b58.pdf\" class=\"mtli_attachment mtli_pdf\" target=\"_blank\" rel=\"noopener noreferrer nofollow\">BASES DE LA CONVOCATORIA <\/a><\/p>\n<p><img fetchpriority=\"high\" decoding=\"async\" class=\"aligncenter size-full wp-image-6716\" src=\"http:\/\/www.caudete.org\/ayuntamiento\/wp-content\/uploads\/2020\/12\/monti2.jpg\" alt=\"\" width=\"349\" height=\"200\" srcset=\"https:\/\/www.caudete.org\/ayuntamiento\/wp-content\/uploads\/2020\/12\/monti2.jpg 349w, https:\/\/www.caudete.org\/ayuntamiento\/wp-content\/uploads\/2020\/12\/monti2-300x172.jpg 300w\" sizes=\"(max-width: 349px) 100vw, 349px\" \/><\/p>\n","protected":false},"excerpt":{"rendered":"<p>En virtud del Acuerdo adoptado en fecha 23 de abril de 2019, por la Junta Directiva del Grupo de Acci\u00f3n Local Monte Ib\u00e9rico Corredor de Almansa, referente a la convocatoria para proveer una plaza. En el tabl\u00f3n de Anuncios de la sede electr\u00f3nica del Grupo de Acci\u00f3n Local Monte Ib\u00e9rico Corredor de Almansa (www.cedermonteiberico.com), se &hellip;<\/p>\n","protected":false},"author":1,"featured_media":6715,"comment_status":"closed","ping_status":"open","sticky":false,"template":"","format":"standard","meta":{"ngg_post_thumbnail":0,"footnotes":""},"categories":[90],"tags":[],"class_list":["post-6713","post","type-post","status-publish","format-standard","has-post-thumbnail","hentry","category-tablon-informativo-desarrollo-local"],"yoast_head":"<!-- This site is optimized with the Yoast SEO plugin v27.5 - https:\/\/yoast.com\/product\/yoast-seo-wordpress\/ -->\n<title>ANUNCIO PARA LA CONTRATACI\u00d3N LABORAL TEMPORAL DE UN\/A ADMINISTRATIVO\/A, A MEDIA JORNADA PARA EL GRUPO DE ACCI\u00d3N LOCAL \u201cASOCIACI\u00d3N MONTE IBERICO CORREDOR DE ALMANSA\u201d - MI Ayuntamiento de Caudete<\/title>\n<meta name=\"description\" content=\"P\u00e1gina Oficial del Ayuntamiento de Caudete (Albacete)\" \/>\n<meta name=\"robots\" content=\"index, follow, max-snippet:-1, max-image-preview:large, max-video-preview:-1\" \/>\n<link rel=\"canonical\" href=\"https:\/\/www.caudete.org\/ayuntamiento\/anuncio-para-la-contratacion-laboral-temporal-de-un-a-administrativo-a-a-media-jornada-para-el-grupo-de-accion-local-asociacion-monte-iberico-corredor-de-almansa\/\" \/>\n<meta property=\"og:locale\" content=\"es_ES\" \/>\n<meta property=\"og:type\" content=\"article\" \/>\n<meta property=\"og:title\" content=\"ANUNCIO PARA LA CONTRATACI\u00d3N LABORAL TEMPORAL DE UN\/A ADMINISTRATIVO\/A, A MEDIA JORNADA PARA EL GRUPO DE ACCI\u00d3N LOCAL \u201cASOCIACI\u00d3N MONTE IBERICO CORREDOR DE ALMANSA\u201d - MI Ayuntamiento de Caudete\" \/>\n<meta property=\"og:description\" content=\"P\u00e1gina Oficial del Ayuntamiento de Caudete (Albacete)\" \/>\n<meta property=\"og:url\" content=\"https:\/\/www.caudete.org\/ayuntamiento\/anuncio-para-la-contratacion-laboral-temporal-de-un-a-administrativo-a-a-media-jornada-para-el-grupo-de-accion-local-asociacion-monte-iberico-corredor-de-almansa\/\" \/>\n<meta property=\"og:site_name\" content=\"MI Ayuntamiento de Caudete\" \/>\n<meta property=\"article:publisher\" content=\"https:\/\/www.facebook.com\/ayuntamientocaudete\/\" \/>\n<meta property=\"article:published_time\" content=\"2019-03-05T23:40:48+00:00\" \/>\n<meta property=\"article:modified_time\" content=\"2020-12-15T12:45:37+00:00\" \/>\n<meta property=\"og:image\" content=\"https:\/\/www.caudete.org\/ayuntamiento\/wp-content\/uploads\/2020\/12\/monti1.jpg\" \/>\n\t<meta property=\"og:image:width\" content=\"416\" \/>\n\t<meta property=\"og:image:height\" content=\"200\" \/>\n\t<meta property=\"og:image:type\" content=\"image\/jpeg\" \/>\n<meta name=\"author\" content=\"ayun\" \/>\n<meta name=\"twitter:card\" content=\"summary_large_image\" \/>\n<meta name=\"twitter:label1\" content=\"Escrito por\" \/>\n\t<meta name=\"twitter:data1\" content=\"ayun\" \/>\n\t<meta name=\"twitter:label2\" content=\"Tiempo de lectura\" \/>\n\t<meta name=\"twitter:data2\" content=\"1 minuto\" \/>\n<script type=\"application\/ld+json\" class=\"yoast-schema-graph\">{\"@context\":\"https:\\\/\\\/schema.org\",\"@graph\":[{\"@type\":\"Article\",\"@id\":\"https:\\\/\\\/www.caudete.org\\\/ayuntamiento\\\/anuncio-para-la-contratacion-laboral-temporal-de-un-a-administrativo-a-a-media-jornada-para-el-grupo-de-accion-local-asociacion-monte-iberico-corredor-de-almansa\\\/#article\",\"isPartOf\":{\"@id\":\"https:\\\/\\\/www.caudete.org\\\/ayuntamiento\\\/anuncio-para-la-contratacion-laboral-temporal-de-un-a-administrativo-a-a-media-jornada-para-el-grupo-de-accion-local-asociacion-monte-iberico-corredor-de-almansa\\\/\"},\"author\":{\"name\":\"ayun\",\"@id\":\"https:\\\/\\\/www.caudete.org\\\/ayuntamiento\\\/#\\\/schema\\\/person\\\/79f7e19fdd176fc2bc7a289013dc2056\"},\"headline\":\"ANUNCIO PARA LA CONTRATACI\u00d3N LABORAL TEMPORAL DE UN\\\/A ADMINISTRATIVO\\\/A, A MEDIA JORNADA PARA EL GRUPO DE ACCI\u00d3N LOCAL \u201cASOCIACI\u00d3N MONTE IBERICO CORREDOR DE ALMANSA\u201d\",\"datePublished\":\"2019-03-05T23:40:48+00:00\",\"dateModified\":\"2020-12-15T12:45:37+00:00\",\"mainEntityOfPage\":{\"@id\":\"https:\\\/\\\/www.caudete.org\\\/ayuntamiento\\\/anuncio-para-la-contratacion-laboral-temporal-de-un-a-administrativo-a-a-media-jornada-para-el-grupo-de-accion-local-asociacion-monte-iberico-corredor-de-almansa\\\/\"},\"wordCount\":202,\"publisher\":{\"@id\":\"https:\\\/\\\/www.caudete.org\\\/ayuntamiento\\\/#organization\"},\"image\":{\"@id\":\"https:\\\/\\\/www.caudete.org\\\/ayuntamiento\\\/anuncio-para-la-contratacion-laboral-temporal-de-un-a-administrativo-a-a-media-jornada-para-el-grupo-de-accion-local-asociacion-monte-iberico-corredor-de-almansa\\\/#primaryimage\"},\"thumbnailUrl\":\"https:\\\/\\\/www.caudete.org\\\/ayuntamiento\\\/wp-content\\\/uploads\\\/2020\\\/12\\\/monti1.jpg\",\"articleSection\":[\"Tabl\u00f3n informativo (Desarrollo local)\"],\"inLanguage\":\"es\"},{\"@type\":\"WebPage\",\"@id\":\"https:\\\/\\\/www.caudete.org\\\/ayuntamiento\\\/anuncio-para-la-contratacion-laboral-temporal-de-un-a-administrativo-a-a-media-jornada-para-el-grupo-de-accion-local-asociacion-monte-iberico-corredor-de-almansa\\\/\",\"url\":\"https:\\\/\\\/www.caudete.org\\\/ayuntamiento\\\/anuncio-para-la-contratacion-laboral-temporal-de-un-a-administrativo-a-a-media-jornada-para-el-grupo-de-accion-local-asociacion-monte-iberico-corredor-de-almansa\\\/\",\"name\":\"ANUNCIO PARA LA CONTRATACI\u00d3N LABORAL TEMPORAL DE UN\\\/A ADMINISTRATIVO\\\/A, A MEDIA JORNADA PARA EL GRUPO DE ACCI\u00d3N LOCAL \u201cASOCIACI\u00d3N MONTE IBERICO CORREDOR DE ALMANSA\u201d - MI Ayuntamiento de Caudete\",\"isPartOf\":{\"@id\":\"https:\\\/\\\/www.caudete.org\\\/ayuntamiento\\\/#website\"},\"primaryImageOfPage\":{\"@id\":\"https:\\\/\\\/www.caudete.org\\\/ayuntamiento\\\/anuncio-para-la-contratacion-laboral-temporal-de-un-a-administrativo-a-a-media-jornada-para-el-grupo-de-accion-local-asociacion-monte-iberico-corredor-de-almansa\\\/#primaryimage\"},\"image\":{\"@id\":\"https:\\\/\\\/www.caudete.org\\\/ayuntamiento\\\/anuncio-para-la-contratacion-laboral-temporal-de-un-a-administrativo-a-a-media-jornada-para-el-grupo-de-accion-local-asociacion-monte-iberico-corredor-de-almansa\\\/#primaryimage\"},\"thumbnailUrl\":\"https:\\\/\\\/www.caudete.org\\\/ayuntamiento\\\/wp-content\\\/uploads\\\/2020\\\/12\\\/monti1.jpg\",\"datePublished\":\"2019-03-05T23:40:48+00:00\",\"dateModified\":\"2020-12-15T12:45:37+00:00\",\"description\":\"P\u00e1gina Oficial del Ayuntamiento de Caudete (Albacete)\",\"breadcrumb\":{\"@id\":\"https:\\\/\\\/www.caudete.org\\\/ayuntamiento\\\/anuncio-para-la-contratacion-laboral-temporal-de-un-a-administrativo-a-a-media-jornada-para-el-grupo-de-accion-local-asociacion-monte-iberico-corredor-de-almansa\\\/#breadcrumb\"},\"inLanguage\":\"es\",\"potentialAction\":[{\"@type\":\"ReadAction\",\"target\":[\"https:\\\/\\\/www.caudete.org\\\/ayuntamiento\\\/anuncio-para-la-contratacion-laboral-temporal-de-un-a-administrativo-a-a-media-jornada-para-el-grupo-de-accion-local-asociacion-monte-iberico-corredor-de-almansa\\\/\"]}]},{\"@type\":\"ImageObject\",\"inLanguage\":\"es\",\"@id\":\"https:\\\/\\\/www.caudete.org\\\/ayuntamiento\\\/anuncio-para-la-contratacion-laboral-temporal-de-un-a-administrativo-a-a-media-jornada-para-el-grupo-de-accion-local-asociacion-monte-iberico-corredor-de-almansa\\\/#primaryimage\",\"url\":\"https:\\\/\\\/www.caudete.org\\\/ayuntamiento\\\/wp-content\\\/uploads\\\/2020\\\/12\\\/monti1.jpg\",\"contentUrl\":\"https:\\\/\\\/www.caudete.org\\\/ayuntamiento\\\/wp-content\\\/uploads\\\/2020\\\/12\\\/monti1.jpg\",\"width\":416,\"height\":200},{\"@type\":\"BreadcrumbList\",\"@id\":\"https:\\\/\\\/www.caudete.org\\\/ayuntamiento\\\/anuncio-para-la-contratacion-laboral-temporal-de-un-a-administrativo-a-a-media-jornada-para-el-grupo-de-accion-local-asociacion-monte-iberico-corredor-de-almansa\\\/#breadcrumb\",\"itemListElement\":[{\"@type\":\"ListItem\",\"position\":1,\"name\":\"Inicio\",\"item\":\"https:\\\/\\\/www.caudete.org\\\/ayuntamiento\\\/\"},{\"@type\":\"ListItem\",\"position\":2,\"name\":\"ANUNCIO PARA LA CONTRATACI\u00d3N LABORAL TEMPORAL DE UN\\\/A ADMINISTRATIVO\\\/A, A MEDIA JORNADA PARA EL GRUPO DE ACCI\u00d3N LOCAL \u201cASOCIACI\u00d3N MONTE IBERICO CORREDOR DE ALMANSA\u201d\"}]},{\"@type\":\"WebSite\",\"@id\":\"https:\\\/\\\/www.caudete.org\\\/ayuntamiento\\\/#website\",\"url\":\"https:\\\/\\\/www.caudete.org\\\/ayuntamiento\\\/\",\"name\":\"MI Ayuntamiento de Caudete\",\"description\":\"P\u00e1gina Oficial del MI Ayuntamiento de Caudete\",\"publisher\":{\"@id\":\"https:\\\/\\\/www.caudete.org\\\/ayuntamiento\\\/#organization\"},\"potentialAction\":[{\"@type\":\"SearchAction\",\"target\":{\"@type\":\"EntryPoint\",\"urlTemplate\":\"https:\\\/\\\/www.caudete.org\\\/ayuntamiento\\\/?s={search_term_string}\"},\"query-input\":{\"@type\":\"PropertyValueSpecification\",\"valueRequired\":true,\"valueName\":\"search_term_string\"}}],\"inLanguage\":\"es\"},{\"@type\":\"Organization\",\"@id\":\"https:\\\/\\\/www.caudete.org\\\/ayuntamiento\\\/#organization\",\"name\":\"Ayuntamiento de Caudete\",\"url\":\"https:\\\/\\\/www.caudete.org\\\/ayuntamiento\\\/\",\"logo\":{\"@type\":\"ImageObject\",\"inLanguage\":\"es\",\"@id\":\"https:\\\/\\\/www.caudete.org\\\/ayuntamiento\\\/#\\\/schema\\\/logo\\\/image\\\/\",\"url\":\"https:\\\/\\\/www.caudete.org\\\/ayuntamiento\\\/wp-content\\\/uploads\\\/2020\\\/11\\\/logo_ayuntamiento_caudete.jpg\",\"contentUrl\":\"https:\\\/\\\/www.caudete.org\\\/ayuntamiento\\\/wp-content\\\/uploads\\\/2020\\\/11\\\/logo_ayuntamiento_caudete.jpg\",\"width\":600,\"height\":150,\"caption\":\"Ayuntamiento de Caudete\"},\"image\":{\"@id\":\"https:\\\/\\\/www.caudete.org\\\/ayuntamiento\\\/#\\\/schema\\\/logo\\\/image\\\/\"},\"sameAs\":[\"https:\\\/\\\/www.facebook.com\\\/ayuntamientocaudete\\\/\",\"https:\\\/\\\/www.youtube.com\\\/channel\\\/UC6VztHaooNsGpw-tNoBEFnQ\"]},{\"@type\":\"Person\",\"@id\":\"https:\\\/\\\/www.caudete.org\\\/ayuntamiento\\\/#\\\/schema\\\/person\\\/79f7e19fdd176fc2bc7a289013dc2056\",\"name\":\"ayun\",\"image\":{\"@type\":\"ImageObject\",\"inLanguage\":\"es\",\"@id\":\"https:\\\/\\\/secure.gravatar.com\\\/avatar\\\/4ce797ee07c943e7e592f8cd648e503e6cd571387558ed07135799c2bd2847df?s=96&d=mm&r=g\",\"url\":\"https:\\\/\\\/secure.gravatar.com\\\/avatar\\\/4ce797ee07c943e7e592f8cd648e503e6cd571387558ed07135799c2bd2847df?s=96&d=mm&r=g\",\"contentUrl\":\"https:\\\/\\\/secure.gravatar.com\\\/avatar\\\/4ce797ee07c943e7e592f8cd648e503e6cd571387558ed07135799c2bd2847df?s=96&d=mm&r=g\",\"caption\":\"ayun\"},\"sameAs\":[\"http:\\\/\\\/www.caudete.org\\\/ayuntamiento\"],\"url\":\"https:\\\/\\\/www.caudete.org\\\/ayuntamiento\\\/author\\\/ayun\\\/\"}]}<\/script>\n<!-- \/ Yoast SEO plugin. -->","yoast_head_json":{"title":"ANUNCIO PARA LA CONTRATACI\u00d3N LABORAL TEMPORAL DE UN\/A ADMINISTRATIVO\/A, A MEDIA JORNADA PARA EL GRUPO DE ACCI\u00d3N LOCAL \u201cASOCIACI\u00d3N MONTE IBERICO CORREDOR DE ALMANSA\u201d - MI Ayuntamiento de Caudete","description":"P\u00e1gina Oficial del Ayuntamiento de Caudete (Albacete)","robots":{"index":"index","follow":"follow","max-snippet":"max-snippet:-1","max-image-preview":"max-image-preview:large","max-video-preview":"max-video-preview:-1"},"canonical":"https:\/\/www.caudete.org\/ayuntamiento\/anuncio-para-la-contratacion-laboral-temporal-de-un-a-administrativo-a-a-media-jornada-para-el-grupo-de-accion-local-asociacion-monte-iberico-corredor-de-almansa\/","og_locale":"es_ES","og_type":"article","og_title":"ANUNCIO PARA LA CONTRATACI\u00d3N LABORAL TEMPORAL DE UN\/A ADMINISTRATIVO\/A, A MEDIA JORNADA PARA EL GRUPO DE ACCI\u00d3N LOCAL \u201cASOCIACI\u00d3N MONTE IBERICO CORREDOR DE ALMANSA\u201d - MI Ayuntamiento de Caudete","og_description":"P\u00e1gina Oficial del Ayuntamiento de Caudete (Albacete)","og_url":"https:\/\/www.caudete.org\/ayuntamiento\/anuncio-para-la-contratacion-laboral-temporal-de-un-a-administrativo-a-a-media-jornada-para-el-grupo-de-accion-local-asociacion-monte-iberico-corredor-de-almansa\/","og_site_name":"MI Ayuntamiento de Caudete","article_publisher":"https:\/\/www.facebook.com\/ayuntamientocaudete\/","article_published_time":"2019-03-05T23:40:48+00:00","article_modified_time":"2020-12-15T12:45:37+00:00","og_image":[{"width":416,"height":200,"url":"https:\/\/www.caudete.org\/ayuntamiento\/wp-content\/uploads\/2020\/12\/monti1.jpg","type":"image\/jpeg"}],"author":"ayun","twitter_card":"summary_large_image","twitter_misc":{"Escrito por":"ayun","Tiempo de lectura":"1 minuto"},"schema":{"@context":"https:\/\/schema.org","@graph":[{"@type":"Article","@id":"https:\/\/www.caudete.org\/ayuntamiento\/anuncio-para-la-contratacion-laboral-temporal-de-un-a-administrativo-a-a-media-jornada-para-el-grupo-de-accion-local-asociacion-monte-iberico-corredor-de-almansa\/#article","isPartOf":{"@id":"https:\/\/www.caudete.org\/ayuntamiento\/anuncio-para-la-contratacion-laboral-temporal-de-un-a-administrativo-a-a-media-jornada-para-el-grupo-de-accion-local-asociacion-monte-iberico-corredor-de-almansa\/"},"author":{"name":"ayun","@id":"https:\/\/www.caudete.org\/ayuntamiento\/#\/schema\/person\/79f7e19fdd176fc2bc7a289013dc2056"},"headline":"ANUNCIO PARA LA CONTRATACI\u00d3N LABORAL TEMPORAL DE UN\/A ADMINISTRATIVO\/A, A MEDIA JORNADA PARA EL GRUPO DE ACCI\u00d3N LOCAL \u201cASOCIACI\u00d3N MONTE IBERICO CORREDOR DE ALMANSA\u201d","datePublished":"2019-03-05T23:40:48+00:00","dateModified":"2020-12-15T12:45:37+00:00","mainEntityOfPage":{"@id":"https:\/\/www.caudete.org\/ayuntamiento\/anuncio-para-la-contratacion-laboral-temporal-de-un-a-administrativo-a-a-media-jornada-para-el-grupo-de-accion-local-asociacion-monte-iberico-corredor-de-almansa\/"},"wordCount":202,"publisher":{"@id":"https:\/\/www.caudete.org\/ayuntamiento\/#organization"},"image":{"@id":"https:\/\/www.caudete.org\/ayuntamiento\/anuncio-para-la-contratacion-laboral-temporal-de-un-a-administrativo-a-a-media-jornada-para-el-grupo-de-accion-local-asociacion-monte-iberico-corredor-de-almansa\/#primaryimage"},"thumbnailUrl":"https:\/\/www.caudete.org\/ayuntamiento\/wp-content\/uploads\/2020\/12\/monti1.jpg","articleSection":["Tabl\u00f3n informativo (Desarrollo local)"],"inLanguage":"es"},{"@type":"WebPage","@id":"https:\/\/www.caudete.org\/ayuntamiento\/anuncio-para-la-contratacion-laboral-temporal-de-un-a-administrativo-a-a-media-jornada-para-el-grupo-de-accion-local-asociacion-monte-iberico-corredor-de-almansa\/","url":"https:\/\/www.caudete.org\/ayuntamiento\/anuncio-para-la-contratacion-laboral-temporal-de-un-a-administrativo-a-a-media-jornada-para-el-grupo-de-accion-local-asociacion-monte-iberico-corredor-de-almansa\/","name":"ANUNCIO PARA LA CONTRATACI\u00d3N LABORAL TEMPORAL DE UN\/A ADMINISTRATIVO\/A, A MEDIA JORNADA PARA EL GRUPO DE ACCI\u00d3N LOCAL \u201cASOCIACI\u00d3N MONTE IBERICO CORREDOR DE ALMANSA\u201d - MI Ayuntamiento de Caudete","isPartOf":{"@id":"https:\/\/www.caudete.org\/ayuntamiento\/#website"},"primaryImageOfPage":{"@id":"https:\/\/www.caudete.org\/ayuntamiento\/anuncio-para-la-contratacion-laboral-temporal-de-un-a-administrativo-a-a-media-jornada-para-el-grupo-de-accion-local-asociacion-monte-iberico-corredor-de-almansa\/#primaryimage"},"image":{"@id":"https:\/\/www.caudete.org\/ayuntamiento\/anuncio-para-la-contratacion-laboral-temporal-de-un-a-administrativo-a-a-media-jornada-para-el-grupo-de-accion-local-asociacion-monte-iberico-corredor-de-almansa\/#primaryimage"},"thumbnailUrl":"https:\/\/www.caudete.org\/ayuntamiento\/wp-content\/uploads\/2020\/12\/monti1.jpg","datePublished":"2019-03-05T23:40:48+00:00","dateModified":"2020-12-15T12:45:37+00:00","description":"P\u00e1gina Oficial del Ayuntamiento de Caudete (Albacete)","breadcrumb":{"@id":"https:\/\/www.caudete.org\/ayuntamiento\/anuncio-para-la-contratacion-laboral-temporal-de-un-a-administrativo-a-a-media-jornada-para-el-grupo-de-accion-local-asociacion-monte-iberico-corredor-de-almansa\/#breadcrumb"},"inLanguage":"es","potentialAction":[{"@type":"ReadAction","target":["https:\/\/www.caudete.org\/ayuntamiento\/anuncio-para-la-contratacion-laboral-temporal-de-un-a-administrativo-a-a-media-jornada-para-el-grupo-de-accion-local-asociacion-monte-iberico-corredor-de-almansa\/"]}]},{"@type":"ImageObject","inLanguage":"es","@id":"https:\/\/www.caudete.org\/ayuntamiento\/anuncio-para-la-contratacion-laboral-temporal-de-un-a-administrativo-a-a-media-jornada-para-el-grupo-de-accion-local-asociacion-monte-iberico-corredor-de-almansa\/#primaryimage","url":"https:\/\/www.caudete.org\/ayuntamiento\/wp-content\/uploads\/2020\/12\/monti1.jpg","contentUrl":"https:\/\/www.caudete.org\/ayuntamiento\/wp-content\/uploads\/2020\/12\/monti1.jpg","width":416,"height":200},{"@type":"BreadcrumbList","@id":"https:\/\/www.caudete.org\/ayuntamiento\/anuncio-para-la-contratacion-laboral-temporal-de-un-a-administrativo-a-a-media-jornada-para-el-grupo-de-accion-local-asociacion-monte-iberico-corredor-de-almansa\/#breadcrumb","itemListElement":[{"@type":"ListItem","position":1,"name":"Inicio","item":"https:\/\/www.caudete.org\/ayuntamiento\/"},{"@type":"ListItem","position":2,"name":"ANUNCIO PARA LA CONTRATACI\u00d3N LABORAL TEMPORAL DE UN\/A ADMINISTRATIVO\/A, A MEDIA JORNADA PARA EL GRUPO DE ACCI\u00d3N LOCAL \u201cASOCIACI\u00d3N MONTE IBERICO CORREDOR DE ALMANSA\u201d"}]},{"@type":"WebSite","@id":"https:\/\/www.caudete.org\/ayuntamiento\/#website","url":"https:\/\/www.caudete.org\/ayuntamiento\/","name":"MI Ayuntamiento de Caudete","description":"P\u00e1gina Oficial del MI Ayuntamiento de Caudete","publisher":{"@id":"https:\/\/www.caudete.org\/ayuntamiento\/#organization"},"potentialAction":[{"@type":"SearchAction","target":{"@type":"EntryPoint","urlTemplate":"https:\/\/www.caudete.org\/ayuntamiento\/?s={search_term_string}"},"query-input":{"@type":"PropertyValueSpecification","valueRequired":true,"valueName":"search_term_string"}}],"inLanguage":"es"},{"@type":"Organization","@id":"https:\/\/www.caudete.org\/ayuntamiento\/#organization","name":"Ayuntamiento de Caudete","url":"https:\/\/www.caudete.org\/ayuntamiento\/","logo":{"@type":"ImageObject","inLanguage":"es","@id":"https:\/\/www.caudete.org\/ayuntamiento\/#\/schema\/logo\/image\/","url":"https:\/\/www.caudete.org\/ayuntamiento\/wp-content\/uploads\/2020\/11\/logo_ayuntamiento_caudete.jpg","contentUrl":"https:\/\/www.caudete.org\/ayuntamiento\/wp-content\/uploads\/2020\/11\/logo_ayuntamiento_caudete.jpg","width":600,"height":150,"caption":"Ayuntamiento de Caudete"},"image":{"@id":"https:\/\/www.caudete.org\/ayuntamiento\/#\/schema\/logo\/image\/"},"sameAs":["https:\/\/www.facebook.com\/ayuntamientocaudete\/","https:\/\/www.youtube.com\/channel\/UC6VztHaooNsGpw-tNoBEFnQ"]},{"@type":"Person","@id":"https:\/\/www.caudete.org\/ayuntamiento\/#\/schema\/person\/79f7e19fdd176fc2bc7a289013dc2056","name":"ayun","image":{"@type":"ImageObject","inLanguage":"es","@id":"https:\/\/secure.gravatar.com\/avatar\/4ce797ee07c943e7e592f8cd648e503e6cd571387558ed07135799c2bd2847df?s=96&d=mm&r=g","url":"https:\/\/secure.gravatar.com\/avatar\/4ce797ee07c943e7e592f8cd648e503e6cd571387558ed07135799c2bd2847df?s=96&d=mm&r=g","contentUrl":"https:\/\/secure.gravatar.com\/avatar\/4ce797ee07c943e7e592f8cd648e503e6cd571387558ed07135799c2bd2847df?s=96&d=mm&r=g","caption":"ayun"},"sameAs":["http:\/\/www.caudete.org\/ayuntamiento"],"url":"https:\/\/www.caudete.org\/ayuntamiento\/author\/ayun\/"}]}},"_links":{"self":[{"href":"https:\/\/www.caudete.org\/ayuntamiento\/wp-json\/wp\/v2\/posts\/6713","targetHints":{"allow":["GET"]}}],"collection":[{"href":"https:\/\/www.caudete.org\/ayuntamiento\/wp-json\/wp\/v2\/posts"}],"about":[{"href":"https:\/\/www.caudete.org\/ayuntamiento\/wp-json\/wp\/v2\/types\/post"}],"author":[{"embeddable":true,"href":"https:\/\/www.caudete.org\/ayuntamiento\/wp-json\/wp\/v2\/users\/1"}],"replies":[{"embeddable":true,"href":"https:\/\/www.caudete.org\/ayuntamiento\/wp-json\/wp\/v2\/comments?post=6713"}],"version-history":[{"count":2,"href":"https:\/\/www.caudete.org\/ayuntamiento\/wp-json\/wp\/v2\/posts\/6713\/revisions"}],"predecessor-version":[{"id":9730,"href":"https:\/\/www.caudete.org\/ayuntamiento\/wp-json\/wp\/v2\/posts\/6713\/revisions\/9730"}],"wp:featuredmedia":[{"embeddable":true,"href":"https:\/\/www.caudete.org\/ayuntamiento\/wp-json\/wp\/v2\/media\/6715"}],"wp:attachment":[{"href":"https:\/\/www.caudete.org\/ayuntamiento\/wp-json\/wp\/v2\/media?parent=6713"}],"wp:term":[{"taxonomy":"category","embeddable":true,"href":"https:\/\/www.caudete.org\/ayuntamiento\/wp-json\/wp\/v2\/categories?post=6713"},{"taxonomy":"post_tag","embeddable":true,"href":"https:\/\/www.caudete.org\/ayuntamiento\/wp-json\/wp\/v2\/tags?post=6713"}],"curies":[{"name":"wp","href":"https:\/\/api.w.org\/{rel}","templated":true}]}}