{"id":6718,"date":"2019-03-06T00:47:21","date_gmt":"2019-03-05T23:47:21","guid":{"rendered":"http:\/\/www.caudete.org\/ayuntamiento\/?p=6718"},"modified":"2020-12-15T13:45:13","modified_gmt":"2020-12-15T12:45:13","slug":"ayudas-adelante-inversionde-la-direccion-general-de-empresas-competitividad-e-internacionalizacion-para-la-inversion-y-la-mejora-de-la-productividad-empresarial-en-castilla-la-manch","status":"publish","type":"post","link":"https:\/\/www.caudete.org\/ayuntamiento\/ayudas-adelante-inversionde-la-direccion-general-de-empresas-competitividad-e-internacionalizacion-para-la-inversion-y-la-mejora-de-la-productividad-empresarial-en-castilla-la-manch\/","title":{"rendered":"AYUDAS \u201cADELANTE INVERSI\u00d3N\u201dDE LA DIRECCI\u00d3N GENERAL DE EMPRESAS, COMPETITIVIDAD E INTERNACIONALIZACI\u00d3N PARA LA INVERSI\u00d3N Y LA MEJORA DE LA PRODUCTIVIDAD EMPRESARIAL EN CASTILLA-LA MANCHA PARA 2019, COFINANCIADAS POR EL FONDO EUROPEO DE DESARROLLO REGIONAL"},"content":{"rendered":"<h5 style=\"text-align: justify;\">Plazo presentaci\u00f3n solicitudes: Desde el d\u00eda 3 de mayo de 2019 hasta el 3 de junio de 2019.<\/h5>\n<p style=\"text-align: justify;\"><strong>El objetivo de la ayuda<\/strong>, enmarcada en el Plan Adelante 2016-2019, es facilitar financiaci\u00f3n a las empresas para poner en marcha un proyecto empresarial, su incorporaci\u00f3n al tejido empresarial de Castilla-La Mancha y la mejora de su productividad, as\u00ed como la mejora de los procesos y productos fabricados en la regi\u00f3n y la apertura a nuevos mercados.<\/p>\n<p style=\"text-align: justify;\"><strong>Los beneficiarios <\/strong>ser\u00e1n las pymes con \u00e1nimo de lucro, acorde con la definici\u00f3n prevista en el anexo I del Reglamento (UE) n.\u00ba 651\/2014 de 17 de junio de 2014, que proyecten llevar a cabo una inversi\u00f3n en un centro de trabajo en Castilla-La Mancha y que realicen alguna actuaci\u00f3n subvencionable como:<\/p>\n<p style=\"text-align: justify;\">a) La <strong>Creaci\u00f3n<\/strong>de un nuevo establecimiento siempre que, en el mismo, se cree alg\u00fan puesto de trabajo.<\/p>\n<p style=\"text-align: justify;\">b) La <strong>ampliaci\u00f3n<\/strong>de la capacidad de un establecimiento existente siempre que suponga un incremento de las unidades producidas o del n\u00famero de servicios prestados.<\/p>\n<p style=\"text-align: justify;\">c) La <strong>diversificaci\u00f3n<\/strong>de la producci\u00f3n de un establecimiento en productos que anteriormente no se produc\u00edan en el mismo.<\/p>\n<p style=\"text-align: justify;\">d) La <strong>transformaci\u00f3n<\/strong>fundamental del proceso global de producci\u00f3n de un establecimiento existente, siempre y cuando los costes subvencionables superen la amortizaci\u00f3n de los activos relativos a la actividad que se va a modernizar en los tres ejercios fiscales anteriores.<\/p>\n<p style=\"text-align: justify;\">Las actuaciones o proyectos <strong>no podr\u00e1n ser inferiores a 5.000\u20ac ni podr\u00e1n superar los 900.000\u20ac.<\/strong><\/p>\n<p style=\"text-align: justify;\">La inversi\u00f3n subvencionable ser\u00e1 la <strong>relativa a los siguientes conceptos<\/strong>:<\/p>\n<p style=\"text-align: justify;\">a) <strong>Adquisici\u00f3n de terrenos<\/strong>no edificados y terrenos edificados para la implantaci\u00f3n del proyecto. <em>M\u00e1x. 10% del total de la inversi\u00f3n subvencionable excluidos apartados b), c), d) y e).<\/em><\/p>\n<p style=\"text-align: justify;\">b) <strong>Urbanizaci\u00f3n de terrenos<\/strong>para la implantaci\u00f3n del proyecto. <em>La superficie m\u00e1xima subvencionable no podr\u00e1 superar en m\u00e1s de cinco veces la superficie construida en planta baja, salvo que las caracter\u00edsticas del proyecto lo justifiquen. M\u00e1x. 60% del total de la inversi\u00f3n subvencionable excluidos apartados a), c), d) y e).<\/em><\/p>\n<p style=\"text-align: justify;\">c) <strong>Adquisici\u00f3n de edificios<\/strong>. <em>M\u00e1x. 60% del total de la inversi\u00f3n subvencionable excluidos apartados a), b), d) y e).<\/em><\/p>\n<p style=\"text-align: justify;\">d) <strong>Realizaci\u00f3n de obra civil<\/strong>. <em>M\u00e1x. 60% del total de la inversi\u00f3n subvencionable excluidos apartados a), b), c) y e).<\/em><\/p>\n<p style=\"text-align: justify;\">e) <strong>Trabajos de planificaci\u00f3n e ingenier\u00eda<\/strong>del proyecto asociados a la inversi\u00f3n en obra civil. <em>M\u00e1x. 10% de la inversi\u00f3n subvencionable aprobada de obra civil.<\/em><\/p>\n<p style=\"text-align: justify;\">f) <strong>Adquisici\u00f3n de bienes de equipo, maquinaria, instalaciones y utilllaje<\/strong>.<\/p>\n<p style=\"text-align: justify;\">g) <strong>Mobiliario y enseres<\/strong>.<\/p>\n<p style=\"text-align: justify;\">h) <strong>Equipos y programas inform\u00e1ticos<\/strong>.<\/p>\n<p style=\"text-align: justify;\"><strong>Lugar de presentaci\u00f3n: <\/strong><strong>H<\/strong>asta el 3<strong>de Junio<\/strong>por v\u00eda telem\u00e1tica, cumplimentando el formulario correspondiente en la sede electr\u00f3nica <a href=\"http:\/\/www.jccm.es\/\" target=\"_blank\" rel=\"nofollow\">www.jccm.es<\/a><\/p>\n<p style=\"text-align: justify;\"><strong>Para m\u00e1s informaci\u00f3n, <\/strong><strong>consulte<\/strong><\/p>\n<p style=\"text-align: justify;\"><a href=\"https:\/\/docm.castillalamancha.es\/portaldocm\/descargarArchivo.do?ruta=2019\/03\/11\/pdf\/2019_2267.pdf&amp;tipo=rutaDocm\" target=\"_blank\" rel=\"noopener noreferrer nofollow\"><strong>https:\/\/docm.castillalamancha.es\/portaldocm\/descargarArchivo.do?ruta=2019\/03\/11\/pdf\/2019_2267.pdf&amp;tipo=rutaDocm<\/strong><\/a><strong>,<\/strong><\/p>\n<p style=\"text-align: justify;\"><a href=\"https:\/\/docm.castillalamancha.es\/portaldocm\/descargarArchivo.do?ruta=2019\/05\/02\/pdf\/2019_4203.pdf&amp;tipo=rutaDocm\" target=\"_blank\" rel=\"noopener noreferrer nofollow\"><strong>https:\/\/docm.castillalamancha.es\/portaldocm\/descargarArchivo.do?ruta=2019\/05\/02\/pdf\/2019_4203.pdf&amp;tipo=rutaDocm<\/strong><\/a><\/p>\n<p style=\"text-align: justify;\"><strong>En caso necesario, en<\/strong>Oficina de la Agencia de Desarrollo Local de Caudete, tel. 965827000 Ext. 306,&nbsp; desarrollo@caudete.org<\/p>\n<p><img fetchpriority=\"high\" decoding=\"async\" class=\"aligncenter size-full wp-image-6719\" src=\"http:\/\/www.caudete.org\/ayuntamiento\/wp-content\/uploads\/2020\/12\/planade2019.jpg\" alt=\"\" width=\"800\" height=\"448\" srcset=\"https:\/\/www.caudete.org\/ayuntamiento\/wp-content\/uploads\/2020\/12\/planade2019.jpg 800w, https:\/\/www.caudete.org\/ayuntamiento\/wp-content\/uploads\/2020\/12\/planade2019-300x168.jpg 300w, https:\/\/www.caudete.org\/ayuntamiento\/wp-content\/uploads\/2020\/12\/planade2019-768x430.jpg 768w\" sizes=\"(max-width: 800px) 100vw, 800px\" \/><\/p>\n","protected":false},"excerpt":{"rendered":"<p>Plazo presentaci\u00f3n solicitudes: Desde el d\u00eda 3 de mayo de 2019 hasta el 3 de junio de 2019. El objetivo de la ayuda, enmarcada en el Plan Adelante 2016-2019, es facilitar financiaci\u00f3n a las empresas para poner en marcha un proyecto empresarial, su incorporaci\u00f3n al tejido empresarial de Castilla-La Mancha y la mejora de su &hellip;<\/p>\n","protected":false},"author":1,"featured_media":6719,"comment_status":"closed","ping_status":"open","sticky":false,"template":"","format":"standard","meta":{"ngg_post_thumbnail":0,"footnotes":""},"categories":[90],"tags":[],"class_list":["post-6718","post","type-post","status-publish","format-standard","has-post-thumbnail","hentry","category-tablon-informativo-desarrollo-local"],"yoast_head":"<!-- This site is optimized with the Yoast SEO plugin v27.5 - https:\/\/yoast.com\/product\/yoast-seo-wordpress\/ -->\n<title>AYUDAS \u201cADELANTE INVERSI\u00d3N\u201dDE LA DIRECCI\u00d3N GENERAL DE EMPRESAS, COMPETITIVIDAD E INTERNACIONALIZACI\u00d3N PARA LA INVERSI\u00d3N Y LA MEJORA DE LA PRODUCTIVIDAD EMPRESARIAL EN CASTILLA-LA MANCHA PARA 2019, COFINANCIADAS POR EL FONDO EUROPEO DE DESARROLLO REGIONAL - MI Ayuntamiento de Caudete<\/title>\n<meta name=\"description\" content=\"P\u00e1gina Oficial del Ayuntamiento de Caudete (Albacete)\" \/>\n<meta name=\"robots\" content=\"index, follow, max-snippet:-1, max-image-preview:large, max-video-preview:-1\" \/>\n<link rel=\"canonical\" href=\"https:\/\/www.caudete.org\/ayuntamiento\/ayudas-adelante-inversionde-la-direccion-general-de-empresas-competitividad-e-internacionalizacion-para-la-inversion-y-la-mejora-de-la-productividad-empresarial-en-castilla-la-manch\/\" \/>\n<meta property=\"og:locale\" content=\"es_ES\" \/>\n<meta property=\"og:type\" content=\"article\" \/>\n<meta property=\"og:title\" content=\"AYUDAS \u201cADELANTE INVERSI\u00d3N\u201dDE LA DIRECCI\u00d3N GENERAL DE EMPRESAS, COMPETITIVIDAD E INTERNACIONALIZACI\u00d3N PARA LA INVERSI\u00d3N Y LA MEJORA DE LA PRODUCTIVIDAD EMPRESARIAL EN CASTILLA-LA MANCHA PARA 2019, COFINANCIADAS POR EL FONDO EUROPEO DE DESARROLLO REGIONAL - MI Ayuntamiento de Caudete\" \/>\n<meta property=\"og:description\" content=\"P\u00e1gina Oficial del Ayuntamiento de Caudete (Albacete)\" \/>\n<meta property=\"og:url\" content=\"https:\/\/www.caudete.org\/ayuntamiento\/ayudas-adelante-inversionde-la-direccion-general-de-empresas-competitividad-e-internacionalizacion-para-la-inversion-y-la-mejora-de-la-productividad-empresarial-en-castilla-la-manch\/\" \/>\n<meta property=\"og:site_name\" content=\"MI Ayuntamiento de Caudete\" \/>\n<meta property=\"article:publisher\" content=\"https:\/\/www.facebook.com\/ayuntamientocaudete\/\" \/>\n<meta property=\"article:published_time\" content=\"2019-03-05T23:47:21+00:00\" \/>\n<meta property=\"article:modified_time\" content=\"2020-12-15T12:45:13+00:00\" \/>\n<meta property=\"og:image\" content=\"https:\/\/www.caudete.org\/ayuntamiento\/wp-content\/uploads\/2020\/12\/planade2019.jpg\" \/>\n\t<meta property=\"og:image:width\" content=\"800\" \/>\n\t<meta property=\"og:image:height\" content=\"448\" \/>\n\t<meta property=\"og:image:type\" content=\"image\/jpeg\" \/>\n<meta name=\"author\" content=\"ayun\" \/>\n<meta name=\"twitter:card\" content=\"summary_large_image\" \/>\n<meta name=\"twitter:label1\" content=\"Escrito por\" \/>\n\t<meta name=\"twitter:data1\" content=\"ayun\" \/>\n\t<meta name=\"twitter:label2\" content=\"Tiempo de lectura\" \/>\n\t<meta name=\"twitter:data2\" content=\"3 minutos\" \/>\n<script type=\"application\/ld+json\" class=\"yoast-schema-graph\">{\"@context\":\"https:\\\/\\\/schema.org\",\"@graph\":[{\"@type\":\"Article\",\"@id\":\"https:\\\/\\\/www.caudete.org\\\/ayuntamiento\\\/ayudas-adelante-inversionde-la-direccion-general-de-empresas-competitividad-e-internacionalizacion-para-la-inversion-y-la-mejora-de-la-productividad-empresarial-en-castilla-la-manch\\\/#article\",\"isPartOf\":{\"@id\":\"https:\\\/\\\/www.caudete.org\\\/ayuntamiento\\\/ayudas-adelante-inversionde-la-direccion-general-de-empresas-competitividad-e-internacionalizacion-para-la-inversion-y-la-mejora-de-la-productividad-empresarial-en-castilla-la-manch\\\/\"},\"author\":{\"name\":\"ayun\",\"@id\":\"https:\\\/\\\/www.caudete.org\\\/ayuntamiento\\\/#\\\/schema\\\/person\\\/79f7e19fdd176fc2bc7a289013dc2056\"},\"headline\":\"AYUDAS \u201cADELANTE INVERSI\u00d3N\u201dDE LA DIRECCI\u00d3N GENERAL DE EMPRESAS, COMPETITIVIDAD E INTERNACIONALIZACI\u00d3N PARA LA INVERSI\u00d3N Y LA MEJORA DE LA PRODUCTIVIDAD EMPRESARIAL EN CASTILLA-LA MANCHA PARA 2019, COFINANCIADAS POR EL FONDO EUROPEO DE DESARROLLO REGIONAL\",\"datePublished\":\"2019-03-05T23:47:21+00:00\",\"dateModified\":\"2020-12-15T12:45:13+00:00\",\"mainEntityOfPage\":{\"@id\":\"https:\\\/\\\/www.caudete.org\\\/ayuntamiento\\\/ayudas-adelante-inversionde-la-direccion-general-de-empresas-competitividad-e-internacionalizacion-para-la-inversion-y-la-mejora-de-la-productividad-empresarial-en-castilla-la-manch\\\/\"},\"wordCount\":552,\"publisher\":{\"@id\":\"https:\\\/\\\/www.caudete.org\\\/ayuntamiento\\\/#organization\"},\"image\":{\"@id\":\"https:\\\/\\\/www.caudete.org\\\/ayuntamiento\\\/ayudas-adelante-inversionde-la-direccion-general-de-empresas-competitividad-e-internacionalizacion-para-la-inversion-y-la-mejora-de-la-productividad-empresarial-en-castilla-la-manch\\\/#primaryimage\"},\"thumbnailUrl\":\"https:\\\/\\\/www.caudete.org\\\/ayuntamiento\\\/wp-content\\\/uploads\\\/2020\\\/12\\\/planade2019.jpg\",\"articleSection\":[\"Tabl\u00f3n informativo (Desarrollo local)\"],\"inLanguage\":\"es\"},{\"@type\":\"WebPage\",\"@id\":\"https:\\\/\\\/www.caudete.org\\\/ayuntamiento\\\/ayudas-adelante-inversionde-la-direccion-general-de-empresas-competitividad-e-internacionalizacion-para-la-inversion-y-la-mejora-de-la-productividad-empresarial-en-castilla-la-manch\\\/\",\"url\":\"https:\\\/\\\/www.caudete.org\\\/ayuntamiento\\\/ayudas-adelante-inversionde-la-direccion-general-de-empresas-competitividad-e-internacionalizacion-para-la-inversion-y-la-mejora-de-la-productividad-empresarial-en-castilla-la-manch\\\/\",\"name\":\"AYUDAS \u201cADELANTE INVERSI\u00d3N\u201dDE LA DIRECCI\u00d3N GENERAL DE EMPRESAS, COMPETITIVIDAD E INTERNACIONALIZACI\u00d3N PARA LA INVERSI\u00d3N Y LA MEJORA DE LA PRODUCTIVIDAD EMPRESARIAL EN CASTILLA-LA MANCHA PARA 2019, COFINANCIADAS POR EL FONDO EUROPEO DE DESARROLLO REGIONAL - MI Ayuntamiento de Caudete\",\"isPartOf\":{\"@id\":\"https:\\\/\\\/www.caudete.org\\\/ayuntamiento\\\/#website\"},\"primaryImageOfPage\":{\"@id\":\"https:\\\/\\\/www.caudete.org\\\/ayuntamiento\\\/ayudas-adelante-inversionde-la-direccion-general-de-empresas-competitividad-e-internacionalizacion-para-la-inversion-y-la-mejora-de-la-productividad-empresarial-en-castilla-la-manch\\\/#primaryimage\"},\"image\":{\"@id\":\"https:\\\/\\\/www.caudete.org\\\/ayuntamiento\\\/ayudas-adelante-inversionde-la-direccion-general-de-empresas-competitividad-e-internacionalizacion-para-la-inversion-y-la-mejora-de-la-productividad-empresarial-en-castilla-la-manch\\\/#primaryimage\"},\"thumbnailUrl\":\"https:\\\/\\\/www.caudete.org\\\/ayuntamiento\\\/wp-content\\\/uploads\\\/2020\\\/12\\\/planade2019.jpg\",\"datePublished\":\"2019-03-05T23:47:21+00:00\",\"dateModified\":\"2020-12-15T12:45:13+00:00\",\"description\":\"P\u00e1gina Oficial del Ayuntamiento de Caudete (Albacete)\",\"breadcrumb\":{\"@id\":\"https:\\\/\\\/www.caudete.org\\\/ayuntamiento\\\/ayudas-adelante-inversionde-la-direccion-general-de-empresas-competitividad-e-internacionalizacion-para-la-inversion-y-la-mejora-de-la-productividad-empresarial-en-castilla-la-manch\\\/#breadcrumb\"},\"inLanguage\":\"es\",\"potentialAction\":[{\"@type\":\"ReadAction\",\"target\":[\"https:\\\/\\\/www.caudete.org\\\/ayuntamiento\\\/ayudas-adelante-inversionde-la-direccion-general-de-empresas-competitividad-e-internacionalizacion-para-la-inversion-y-la-mejora-de-la-productividad-empresarial-en-castilla-la-manch\\\/\"]}]},{\"@type\":\"ImageObject\",\"inLanguage\":\"es\",\"@id\":\"https:\\\/\\\/www.caudete.org\\\/ayuntamiento\\\/ayudas-adelante-inversionde-la-direccion-general-de-empresas-competitividad-e-internacionalizacion-para-la-inversion-y-la-mejora-de-la-productividad-empresarial-en-castilla-la-manch\\\/#primaryimage\",\"url\":\"https:\\\/\\\/www.caudete.org\\\/ayuntamiento\\\/wp-content\\\/uploads\\\/2020\\\/12\\\/planade2019.jpg\",\"contentUrl\":\"https:\\\/\\\/www.caudete.org\\\/ayuntamiento\\\/wp-content\\\/uploads\\\/2020\\\/12\\\/planade2019.jpg\",\"width\":800,\"height\":448},{\"@type\":\"BreadcrumbList\",\"@id\":\"https:\\\/\\\/www.caudete.org\\\/ayuntamiento\\\/ayudas-adelante-inversionde-la-direccion-general-de-empresas-competitividad-e-internacionalizacion-para-la-inversion-y-la-mejora-de-la-productividad-empresarial-en-castilla-la-manch\\\/#breadcrumb\",\"itemListElement\":[{\"@type\":\"ListItem\",\"position\":1,\"name\":\"Inicio\",\"item\":\"https:\\\/\\\/www.caudete.org\\\/ayuntamiento\\\/\"},{\"@type\":\"ListItem\",\"position\":2,\"name\":\"AYUDAS \u201cADELANTE INVERSI\u00d3N\u201dDE LA DIRECCI\u00d3N GENERAL DE EMPRESAS, COMPETITIVIDAD E INTERNACIONALIZACI\u00d3N PARA LA INVERSI\u00d3N Y LA MEJORA DE LA PRODUCTIVIDAD EMPRESARIAL EN CASTILLA-LA MANCHA PARA 2019, COFINANCIADAS POR EL FONDO EUROPEO DE DESARROLLO REGIONAL\"}]},{\"@type\":\"WebSite\",\"@id\":\"https:\\\/\\\/www.caudete.org\\\/ayuntamiento\\\/#website\",\"url\":\"https:\\\/\\\/www.caudete.org\\\/ayuntamiento\\\/\",\"name\":\"MI Ayuntamiento de Caudete\",\"description\":\"P\u00e1gina Oficial del MI Ayuntamiento de Caudete\",\"publisher\":{\"@id\":\"https:\\\/\\\/www.caudete.org\\\/ayuntamiento\\\/#organization\"},\"potentialAction\":[{\"@type\":\"SearchAction\",\"target\":{\"@type\":\"EntryPoint\",\"urlTemplate\":\"https:\\\/\\\/www.caudete.org\\\/ayuntamiento\\\/?s={search_term_string}\"},\"query-input\":{\"@type\":\"PropertyValueSpecification\",\"valueRequired\":true,\"valueName\":\"search_term_string\"}}],\"inLanguage\":\"es\"},{\"@type\":\"Organization\",\"@id\":\"https:\\\/\\\/www.caudete.org\\\/ayuntamiento\\\/#organization\",\"name\":\"Ayuntamiento de Caudete\",\"url\":\"https:\\\/\\\/www.caudete.org\\\/ayuntamiento\\\/\",\"logo\":{\"@type\":\"ImageObject\",\"inLanguage\":\"es\",\"@id\":\"https:\\\/\\\/www.caudete.org\\\/ayuntamiento\\\/#\\\/schema\\\/logo\\\/image\\\/\",\"url\":\"https:\\\/\\\/www.caudete.org\\\/ayuntamiento\\\/wp-content\\\/uploads\\\/2020\\\/11\\\/logo_ayuntamiento_caudete.jpg\",\"contentUrl\":\"https:\\\/\\\/www.caudete.org\\\/ayuntamiento\\\/wp-content\\\/uploads\\\/2020\\\/11\\\/logo_ayuntamiento_caudete.jpg\",\"width\":600,\"height\":150,\"caption\":\"Ayuntamiento de Caudete\"},\"image\":{\"@id\":\"https:\\\/\\\/www.caudete.org\\\/ayuntamiento\\\/#\\\/schema\\\/logo\\\/image\\\/\"},\"sameAs\":[\"https:\\\/\\\/www.facebook.com\\\/ayuntamientocaudete\\\/\",\"https:\\\/\\\/www.youtube.com\\\/channel\\\/UC6VztHaooNsGpw-tNoBEFnQ\"]},{\"@type\":\"Person\",\"@id\":\"https:\\\/\\\/www.caudete.org\\\/ayuntamiento\\\/#\\\/schema\\\/person\\\/79f7e19fdd176fc2bc7a289013dc2056\",\"name\":\"ayun\",\"image\":{\"@type\":\"ImageObject\",\"inLanguage\":\"es\",\"@id\":\"https:\\\/\\\/secure.gravatar.com\\\/avatar\\\/4ce797ee07c943e7e592f8cd648e503e6cd571387558ed07135799c2bd2847df?s=96&d=mm&r=g\",\"url\":\"https:\\\/\\\/secure.gravatar.com\\\/avatar\\\/4ce797ee07c943e7e592f8cd648e503e6cd571387558ed07135799c2bd2847df?s=96&d=mm&r=g\",\"contentUrl\":\"https:\\\/\\\/secure.gravatar.com\\\/avatar\\\/4ce797ee07c943e7e592f8cd648e503e6cd571387558ed07135799c2bd2847df?s=96&d=mm&r=g\",\"caption\":\"ayun\"},\"sameAs\":[\"http:\\\/\\\/www.caudete.org\\\/ayuntamiento\"],\"url\":\"https:\\\/\\\/www.caudete.org\\\/ayuntamiento\\\/author\\\/ayun\\\/\"}]}<\/script>\n<!-- \/ Yoast SEO plugin. -->","yoast_head_json":{"title":"AYUDAS \u201cADELANTE INVERSI\u00d3N\u201dDE LA DIRECCI\u00d3N GENERAL DE EMPRESAS, COMPETITIVIDAD E INTERNACIONALIZACI\u00d3N PARA LA INVERSI\u00d3N Y LA MEJORA DE LA PRODUCTIVIDAD EMPRESARIAL EN CASTILLA-LA MANCHA PARA 2019, COFINANCIADAS POR EL FONDO EUROPEO DE DESARROLLO REGIONAL - MI Ayuntamiento de Caudete","description":"P\u00e1gina Oficial del Ayuntamiento de Caudete (Albacete)","robots":{"index":"index","follow":"follow","max-snippet":"max-snippet:-1","max-image-preview":"max-image-preview:large","max-video-preview":"max-video-preview:-1"},"canonical":"https:\/\/www.caudete.org\/ayuntamiento\/ayudas-adelante-inversionde-la-direccion-general-de-empresas-competitividad-e-internacionalizacion-para-la-inversion-y-la-mejora-de-la-productividad-empresarial-en-castilla-la-manch\/","og_locale":"es_ES","og_type":"article","og_title":"AYUDAS \u201cADELANTE INVERSI\u00d3N\u201dDE LA DIRECCI\u00d3N GENERAL DE EMPRESAS, COMPETITIVIDAD E INTERNACIONALIZACI\u00d3N PARA LA INVERSI\u00d3N Y LA MEJORA DE LA PRODUCTIVIDAD EMPRESARIAL EN CASTILLA-LA MANCHA PARA 2019, COFINANCIADAS POR EL FONDO EUROPEO DE DESARROLLO REGIONAL - MI Ayuntamiento de Caudete","og_description":"P\u00e1gina Oficial del Ayuntamiento de Caudete (Albacete)","og_url":"https:\/\/www.caudete.org\/ayuntamiento\/ayudas-adelante-inversionde-la-direccion-general-de-empresas-competitividad-e-internacionalizacion-para-la-inversion-y-la-mejora-de-la-productividad-empresarial-en-castilla-la-manch\/","og_site_name":"MI Ayuntamiento de Caudete","article_publisher":"https:\/\/www.facebook.com\/ayuntamientocaudete\/","article_published_time":"2019-03-05T23:47:21+00:00","article_modified_time":"2020-12-15T12:45:13+00:00","og_image":[{"width":800,"height":448,"url":"https:\/\/www.caudete.org\/ayuntamiento\/wp-content\/uploads\/2020\/12\/planade2019.jpg","type":"image\/jpeg"}],"author":"ayun","twitter_card":"summary_large_image","twitter_misc":{"Escrito por":"ayun","Tiempo de lectura":"3 minutos"},"schema":{"@context":"https:\/\/schema.org","@graph":[{"@type":"Article","@id":"https:\/\/www.caudete.org\/ayuntamiento\/ayudas-adelante-inversionde-la-direccion-general-de-empresas-competitividad-e-internacionalizacion-para-la-inversion-y-la-mejora-de-la-productividad-empresarial-en-castilla-la-manch\/#article","isPartOf":{"@id":"https:\/\/www.caudete.org\/ayuntamiento\/ayudas-adelante-inversionde-la-direccion-general-de-empresas-competitividad-e-internacionalizacion-para-la-inversion-y-la-mejora-de-la-productividad-empresarial-en-castilla-la-manch\/"},"author":{"name":"ayun","@id":"https:\/\/www.caudete.org\/ayuntamiento\/#\/schema\/person\/79f7e19fdd176fc2bc7a289013dc2056"},"headline":"AYUDAS \u201cADELANTE INVERSI\u00d3N\u201dDE LA DIRECCI\u00d3N GENERAL DE EMPRESAS, COMPETITIVIDAD E INTERNACIONALIZACI\u00d3N PARA LA INVERSI\u00d3N Y LA MEJORA DE LA PRODUCTIVIDAD EMPRESARIAL EN CASTILLA-LA MANCHA PARA 2019, COFINANCIADAS POR EL FONDO EUROPEO DE DESARROLLO REGIONAL","datePublished":"2019-03-05T23:47:21+00:00","dateModified":"2020-12-15T12:45:13+00:00","mainEntityOfPage":{"@id":"https:\/\/www.caudete.org\/ayuntamiento\/ayudas-adelante-inversionde-la-direccion-general-de-empresas-competitividad-e-internacionalizacion-para-la-inversion-y-la-mejora-de-la-productividad-empresarial-en-castilla-la-manch\/"},"wordCount":552,"publisher":{"@id":"https:\/\/www.caudete.org\/ayuntamiento\/#organization"},"image":{"@id":"https:\/\/www.caudete.org\/ayuntamiento\/ayudas-adelante-inversionde-la-direccion-general-de-empresas-competitividad-e-internacionalizacion-para-la-inversion-y-la-mejora-de-la-productividad-empresarial-en-castilla-la-manch\/#primaryimage"},"thumbnailUrl":"https:\/\/www.caudete.org\/ayuntamiento\/wp-content\/uploads\/2020\/12\/planade2019.jpg","articleSection":["Tabl\u00f3n informativo (Desarrollo local)"],"inLanguage":"es"},{"@type":"WebPage","@id":"https:\/\/www.caudete.org\/ayuntamiento\/ayudas-adelante-inversionde-la-direccion-general-de-empresas-competitividad-e-internacionalizacion-para-la-inversion-y-la-mejora-de-la-productividad-empresarial-en-castilla-la-manch\/","url":"https:\/\/www.caudete.org\/ayuntamiento\/ayudas-adelante-inversionde-la-direccion-general-de-empresas-competitividad-e-internacionalizacion-para-la-inversion-y-la-mejora-de-la-productividad-empresarial-en-castilla-la-manch\/","name":"AYUDAS \u201cADELANTE INVERSI\u00d3N\u201dDE LA DIRECCI\u00d3N GENERAL DE EMPRESAS, COMPETITIVIDAD E INTERNACIONALIZACI\u00d3N PARA LA INVERSI\u00d3N Y LA MEJORA DE LA PRODUCTIVIDAD EMPRESARIAL EN CASTILLA-LA MANCHA PARA 2019, COFINANCIADAS POR EL FONDO EUROPEO DE DESARROLLO REGIONAL - MI Ayuntamiento de Caudete","isPartOf":{"@id":"https:\/\/www.caudete.org\/ayuntamiento\/#website"},"primaryImageOfPage":{"@id":"https:\/\/www.caudete.org\/ayuntamiento\/ayudas-adelante-inversionde-la-direccion-general-de-empresas-competitividad-e-internacionalizacion-para-la-inversion-y-la-mejora-de-la-productividad-empresarial-en-castilla-la-manch\/#primaryimage"},"image":{"@id":"https:\/\/www.caudete.org\/ayuntamiento\/ayudas-adelante-inversionde-la-direccion-general-de-empresas-competitividad-e-internacionalizacion-para-la-inversion-y-la-mejora-de-la-productividad-empresarial-en-castilla-la-manch\/#primaryimage"},"thumbnailUrl":"https:\/\/www.caudete.org\/ayuntamiento\/wp-content\/uploads\/2020\/12\/planade2019.jpg","datePublished":"2019-03-05T23:47:21+00:00","dateModified":"2020-12-15T12:45:13+00:00","description":"P\u00e1gina Oficial del Ayuntamiento de Caudete (Albacete)","breadcrumb":{"@id":"https:\/\/www.caudete.org\/ayuntamiento\/ayudas-adelante-inversionde-la-direccion-general-de-empresas-competitividad-e-internacionalizacion-para-la-inversion-y-la-mejora-de-la-productividad-empresarial-en-castilla-la-manch\/#breadcrumb"},"inLanguage":"es","potentialAction":[{"@type":"ReadAction","target":["https:\/\/www.caudete.org\/ayuntamiento\/ayudas-adelante-inversionde-la-direccion-general-de-empresas-competitividad-e-internacionalizacion-para-la-inversion-y-la-mejora-de-la-productividad-empresarial-en-castilla-la-manch\/"]}]},{"@type":"ImageObject","inLanguage":"es","@id":"https:\/\/www.caudete.org\/ayuntamiento\/ayudas-adelante-inversionde-la-direccion-general-de-empresas-competitividad-e-internacionalizacion-para-la-inversion-y-la-mejora-de-la-productividad-empresarial-en-castilla-la-manch\/#primaryimage","url":"https:\/\/www.caudete.org\/ayuntamiento\/wp-content\/uploads\/2020\/12\/planade2019.jpg","contentUrl":"https:\/\/www.caudete.org\/ayuntamiento\/wp-content\/uploads\/2020\/12\/planade2019.jpg","width":800,"height":448},{"@type":"BreadcrumbList","@id":"https:\/\/www.caudete.org\/ayuntamiento\/ayudas-adelante-inversionde-la-direccion-general-de-empresas-competitividad-e-internacionalizacion-para-la-inversion-y-la-mejora-de-la-productividad-empresarial-en-castilla-la-manch\/#breadcrumb","itemListElement":[{"@type":"ListItem","position":1,"name":"Inicio","item":"https:\/\/www.caudete.org\/ayuntamiento\/"},{"@type":"ListItem","position":2,"name":"AYUDAS \u201cADELANTE INVERSI\u00d3N\u201dDE LA DIRECCI\u00d3N GENERAL DE EMPRESAS, COMPETITIVIDAD E INTERNACIONALIZACI\u00d3N PARA LA INVERSI\u00d3N Y LA MEJORA DE LA PRODUCTIVIDAD EMPRESARIAL EN CASTILLA-LA MANCHA PARA 2019, COFINANCIADAS POR EL FONDO EUROPEO DE DESARROLLO REGIONAL"}]},{"@type":"WebSite","@id":"https:\/\/www.caudete.org\/ayuntamiento\/#website","url":"https:\/\/www.caudete.org\/ayuntamiento\/","name":"MI Ayuntamiento de Caudete","description":"P\u00e1gina Oficial del MI Ayuntamiento de Caudete","publisher":{"@id":"https:\/\/www.caudete.org\/ayuntamiento\/#organization"},"potentialAction":[{"@type":"SearchAction","target":{"@type":"EntryPoint","urlTemplate":"https:\/\/www.caudete.org\/ayuntamiento\/?s={search_term_string}"},"query-input":{"@type":"PropertyValueSpecification","valueRequired":true,"valueName":"search_term_string"}}],"inLanguage":"es"},{"@type":"Organization","@id":"https:\/\/www.caudete.org\/ayuntamiento\/#organization","name":"Ayuntamiento de Caudete","url":"https:\/\/www.caudete.org\/ayuntamiento\/","logo":{"@type":"ImageObject","inLanguage":"es","@id":"https:\/\/www.caudete.org\/ayuntamiento\/#\/schema\/logo\/image\/","url":"https:\/\/www.caudete.org\/ayuntamiento\/wp-content\/uploads\/2020\/11\/logo_ayuntamiento_caudete.jpg","contentUrl":"https:\/\/www.caudete.org\/ayuntamiento\/wp-content\/uploads\/2020\/11\/logo_ayuntamiento_caudete.jpg","width":600,"height":150,"caption":"Ayuntamiento de Caudete"},"image":{"@id":"https:\/\/www.caudete.org\/ayuntamiento\/#\/schema\/logo\/image\/"},"sameAs":["https:\/\/www.facebook.com\/ayuntamientocaudete\/","https:\/\/www.youtube.com\/channel\/UC6VztHaooNsGpw-tNoBEFnQ"]},{"@type":"Person","@id":"https:\/\/www.caudete.org\/ayuntamiento\/#\/schema\/person\/79f7e19fdd176fc2bc7a289013dc2056","name":"ayun","image":{"@type":"ImageObject","inLanguage":"es","@id":"https:\/\/secure.gravatar.com\/avatar\/4ce797ee07c943e7e592f8cd648e503e6cd571387558ed07135799c2bd2847df?s=96&d=mm&r=g","url":"https:\/\/secure.gravatar.com\/avatar\/4ce797ee07c943e7e592f8cd648e503e6cd571387558ed07135799c2bd2847df?s=96&d=mm&r=g","contentUrl":"https:\/\/secure.gravatar.com\/avatar\/4ce797ee07c943e7e592f8cd648e503e6cd571387558ed07135799c2bd2847df?s=96&d=mm&r=g","caption":"ayun"},"sameAs":["http:\/\/www.caudete.org\/ayuntamiento"],"url":"https:\/\/www.caudete.org\/ayuntamiento\/author\/ayun\/"}]}},"_links":{"self":[{"href":"https:\/\/www.caudete.org\/ayuntamiento\/wp-json\/wp\/v2\/posts\/6718","targetHints":{"allow":["GET"]}}],"collection":[{"href":"https:\/\/www.caudete.org\/ayuntamiento\/wp-json\/wp\/v2\/posts"}],"about":[{"href":"https:\/\/www.caudete.org\/ayuntamiento\/wp-json\/wp\/v2\/types\/post"}],"author":[{"embeddable":true,"href":"https:\/\/www.caudete.org\/ayuntamiento\/wp-json\/wp\/v2\/users\/1"}],"replies":[{"embeddable":true,"href":"https:\/\/www.caudete.org\/ayuntamiento\/wp-json\/wp\/v2\/comments?post=6718"}],"version-history":[{"count":3,"href":"https:\/\/www.caudete.org\/ayuntamiento\/wp-json\/wp\/v2\/posts\/6718\/revisions"}],"predecessor-version":[{"id":9729,"href":"https:\/\/www.caudete.org\/ayuntamiento\/wp-json\/wp\/v2\/posts\/6718\/revisions\/9729"}],"wp:featuredmedia":[{"embeddable":true,"href":"https:\/\/www.caudete.org\/ayuntamiento\/wp-json\/wp\/v2\/media\/6719"}],"wp:attachment":[{"href":"https:\/\/www.caudete.org\/ayuntamiento\/wp-json\/wp\/v2\/media?parent=6718"}],"wp:term":[{"taxonomy":"category","embeddable":true,"href":"https:\/\/www.caudete.org\/ayuntamiento\/wp-json\/wp\/v2\/categories?post=6718"},{"taxonomy":"post_tag","embeddable":true,"href":"https:\/\/www.caudete.org\/ayuntamiento\/wp-json\/wp\/v2\/tags?post=6718"}],"curies":[{"name":"wp","href":"https:\/\/api.w.org\/{rel}","templated":true}]}}