{"id":6724,"date":"2019-03-06T00:56:38","date_gmt":"2019-03-05T23:56:38","guid":{"rendered":"http:\/\/www.caudete.org\/ayuntamiento\/?p=6724"},"modified":"2020-12-15T13:43:57","modified_gmt":"2020-12-15T12:43:57","slug":"curso-de-metodos-de-control-de-especies-cinegeticas-predadoras-cofinanciado-por-el-fondo-europeo-feader-con-la-colaboracion-de-aproca-castilla-la-mancha","status":"publish","type":"post","link":"https:\/\/www.caudete.org\/ayuntamiento\/curso-de-metodos-de-control-de-especies-cinegeticas-predadoras-cofinanciado-por-el-fondo-europeo-feader-con-la-colaboracion-de-aproca-castilla-la-mancha\/","title":{"rendered":"CURSO DE M\u00c9TODOS DE CONTROL DE ESPECIES CINEGETICAS PREDADORAS. Cofinanciado por el Fondo Europeo Feader. Con la colaboraci\u00f3n de APROCA Castilla la Mancha"},"content":{"rendered":"<h5 style=\"text-align: justify;\">DESTINATARIOS: Profesionales del sector agrario y forestal y personas del medio rural que trabajen o vayan a trabajar en estas actividades especialmente los j\u00f3venes y las mujeres. Cualquier persona del medio rural interesada en adquirir estos conocimientos.<\/h5>\n<p style=\"text-align: justify;\"><b>OBJETIVOS:<\/b><br \/>\nImplementar en la poblaci\u00f3n rural la normativa sobre m\u00e9todos de captura de especies cineg\u00e9ticas depredadoras homologados y los requisitos que deben cumplir las personas que deseen utilizarlos.<\/p>\n<p><b>DIAS :<\/b><br \/>\nD\u00edas: Del 3 al 5 de JUNIO de 2019<br \/>\nHorario: 16:00 a 21:00 horas<br \/>\nTotal: 15 horas<\/p>\n<p>Centro de Formaci\u00f3n Agroambiental Ctra. de Ayora Km. 1,5 \u2013 02006 ALBACETE<br \/>\nX5XC+QJ Albacete<br \/>\n<b>Haz clic para ver el mapa de situaci\u00f3n <\/b><br \/>\n<a href=\"https:\/\/goo.gl\/maps\/EfdRBwiwxsB2\" target=\"_blank\" rel=\"noopener noreferrer nofollow\">www.goo.gl\/maps\/EfdRBwiwxsB2<\/a><\/p>\n<p><b>INSCRIPCI\u00d3N:<\/b><br \/>\nPara asistir a este curso hay que contactar con:<br \/>\nJuan Carlos Vilches de Frutos<br \/>\nTel\u00e9fono: 967 55 85 50<br \/>\nemail: <a href=\"mailto:jcvilchesd@jccm.es\" target=\"_blank\" rel=\"nofollow\">jcvilchesd@jccm.es<\/a><br \/>\naportando sus datos personales (nombre completo, tel\u00e9fono, correo electr\u00f3nico)<\/p>\n<p>Direcci\u00f3n Provincial de Agricultura Medio Ambiente y Desarrollo Rural de Albacete<br \/>\nTfno: 967 55 85 50<br \/>\ne-mail: <a href=\"mailto:jcvilchesd@jccm.es\" target=\"_blank\" rel=\"nofollow\">jcvilchesd@jccm.es<\/a><\/p>\n<p><b>PROGRAMA:<\/b><\/p>\n<p><b>DIA : Lunes 3 de JUNIO de 2019 <\/b><br \/>\nHorario: de 16:00 a 21:00 horas<\/p>\n<p>PONENTES: Luc\u00eda C\u00e1mara \u00c1lvarez, Ing.T\u00e9c.Forestal de APROCA CLM; y Carlos Pacheco del Cerro, Ing. T\u00e9cnico Forestal<\/p>\n<p>Normativa\u2010Directrices T\u00e9cnicas para la captura de esp. Cineg\u00e9ticas predadoras.<br \/>\nMarcaje, precintado e identificaci\u00f3n de los sistemas de captura.<br \/>\nEcolog\u00eda de la predaci\u00f3n.<br \/>\nRelaciones depredador\u2010presa.<br \/>\nEquilibrio ecol\u00f3gico de poblaciones.<br \/>\nEspecies objetivo.<br \/>\nIdentificaci\u00f3n, biolog\u00eda, ecolog\u00eda y comportamiento.<\/p>\n<p><b>DIA : Martes 4 de JUNIO de 2019 <\/b><br \/>\nHorario: de16:00 a 21:00 horas<\/p>\n<p>PONENTES: Carlos Pacheco del Cerro, Ing. T\u00e9cnico Forestal, y Luc\u00eda C\u00e1mara \u00c1lvarez, Ing. T\u00e9c. Forestal de APROCA CLM<\/p>\n<p>Especies no objetivo.<br \/>\nIdentificaci\u00f3n, biolog\u00eda, ecolog\u00eda y comportamiento.<br \/>\nM\u00e9todos de censo, conteo de efectivos y seguimiento de<br \/>\npoblaciones. Cartograf\u00eda, GPS y coordenadas UTM.<\/p>\n<p><b>DIA : Mi\u00e9rcoles 5 de JUNIO de 2019 <\/b><br \/>\nHorario: de 16:00 a 21:00 horas<\/p>\n<p>PONENTE: Enrique Frances Cardona, Trampero profesional<\/p>\n<p>Problem\u00e1tica actual y aspectos \u00e9ticos del trampeo.<br \/>\nSistemas de retenci\u00f3n homologados. Descripci\u00f3n, montaje, armado y colocaci\u00f3n.<br \/>\nCebos y atrayentes.<br \/>\nManejo y sacrificio de las capturas.<br \/>\nAspectos sanitarios, prevenci\u00f3n de riesgos para el usuario y bienestar de las capturas.<\/p>\n<p><a href=\"http:\/\/caudete.org\/ayuntamiento\/eniusimg\/enius146\/2019\/05\/adjuntos_fichero_4998ecd6778829c1.pdf\" class=\"mtli_attachment mtli_pdf\" target=\"_blank\" rel=\"noopener noreferrer nofollow\">CURSO METODOS CONTROL PREDADORES <\/a><\/p>\n<p><img fetchpriority=\"high\" decoding=\"async\" class=\"aligncenter size-full wp-image-6725\" src=\"http:\/\/www.caudete.org\/ayuntamiento\/wp-content\/uploads\/2020\/12\/controlespecies1.jpg\" alt=\"\" width=\"800\" height=\"565\" srcset=\"https:\/\/www.caudete.org\/ayuntamiento\/wp-content\/uploads\/2020\/12\/controlespecies1.jpg 800w, https:\/\/www.caudete.org\/ayuntamiento\/wp-content\/uploads\/2020\/12\/controlespecies1-300x212.jpg 300w, https:\/\/www.caudete.org\/ayuntamiento\/wp-content\/uploads\/2020\/12\/controlespecies1-768x542.jpg 768w\" sizes=\"(max-width: 800px) 100vw, 800px\" \/><\/p>\n<p><img decoding=\"async\" class=\"aligncenter size-full wp-image-6726\" src=\"http:\/\/www.caudete.org\/ayuntamiento\/wp-content\/uploads\/2020\/12\/controlespecies2.jpg\" alt=\"\" width=\"800\" height=\"565\" srcset=\"https:\/\/www.caudete.org\/ayuntamiento\/wp-content\/uploads\/2020\/12\/controlespecies2.jpg 800w, https:\/\/www.caudete.org\/ayuntamiento\/wp-content\/uploads\/2020\/12\/controlespecies2-300x212.jpg 300w, https:\/\/www.caudete.org\/ayuntamiento\/wp-content\/uploads\/2020\/12\/controlespecies2-768x542.jpg 768w\" sizes=\"(max-width: 800px) 100vw, 800px\" \/><\/p>\n","protected":false},"excerpt":{"rendered":"<p>DESTINATARIOS: Profesionales del sector agrario y forestal y personas del medio rural que trabajen o vayan a trabajar en estas actividades especialmente los j\u00f3venes y las mujeres. Cualquier persona del medio rural interesada en adquirir estos conocimientos. OBJETIVOS: Implementar en la poblaci\u00f3n rural la normativa sobre m\u00e9todos de captura de especies cineg\u00e9ticas depredadoras homologados y &hellip;<\/p>\n","protected":false},"author":1,"featured_media":6725,"comment_status":"closed","ping_status":"open","sticky":false,"template":"","format":"standard","meta":{"ngg_post_thumbnail":0,"footnotes":""},"categories":[90],"tags":[],"class_list":["post-6724","post","type-post","status-publish","format-standard","has-post-thumbnail","hentry","category-tablon-informativo-desarrollo-local"],"yoast_head":"<!-- This site is optimized with the Yoast SEO plugin v27.5 - https:\/\/yoast.com\/product\/yoast-seo-wordpress\/ -->\n<title>CURSO DE M\u00c9TODOS DE CONTROL DE ESPECIES CINEGETICAS PREDADORAS. Cofinanciado por el Fondo Europeo Feader. Con la colaboraci\u00f3n de APROCA Castilla la Mancha - MI Ayuntamiento de Caudete<\/title>\n<meta name=\"description\" content=\"P\u00e1gina Oficial del Ayuntamiento de Caudete (Albacete)\" \/>\n<meta name=\"robots\" content=\"index, follow, max-snippet:-1, max-image-preview:large, max-video-preview:-1\" \/>\n<link rel=\"canonical\" href=\"https:\/\/www.caudete.org\/ayuntamiento\/curso-de-metodos-de-control-de-especies-cinegeticas-predadoras-cofinanciado-por-el-fondo-europeo-feader-con-la-colaboracion-de-aproca-castilla-la-mancha\/\" \/>\n<meta property=\"og:locale\" content=\"es_ES\" \/>\n<meta property=\"og:type\" content=\"article\" \/>\n<meta property=\"og:title\" content=\"CURSO DE M\u00c9TODOS DE CONTROL DE ESPECIES CINEGETICAS PREDADORAS. Cofinanciado por el Fondo Europeo Feader. Con la colaboraci\u00f3n de APROCA Castilla la Mancha - MI Ayuntamiento de Caudete\" \/>\n<meta property=\"og:description\" content=\"P\u00e1gina Oficial del Ayuntamiento de Caudete (Albacete)\" \/>\n<meta property=\"og:url\" content=\"https:\/\/www.caudete.org\/ayuntamiento\/curso-de-metodos-de-control-de-especies-cinegeticas-predadoras-cofinanciado-por-el-fondo-europeo-feader-con-la-colaboracion-de-aproca-castilla-la-mancha\/\" \/>\n<meta property=\"og:site_name\" content=\"MI Ayuntamiento de Caudete\" \/>\n<meta property=\"article:publisher\" content=\"https:\/\/www.facebook.com\/ayuntamientocaudete\/\" \/>\n<meta property=\"article:published_time\" content=\"2019-03-05T23:56:38+00:00\" \/>\n<meta property=\"article:modified_time\" content=\"2020-12-15T12:43:57+00:00\" \/>\n<meta property=\"og:image\" content=\"https:\/\/www.caudete.org\/ayuntamiento\/wp-content\/uploads\/2020\/12\/controlespecies1.jpg\" \/>\n\t<meta property=\"og:image:width\" content=\"800\" \/>\n\t<meta property=\"og:image:height\" content=\"565\" \/>\n\t<meta property=\"og:image:type\" content=\"image\/jpeg\" \/>\n<meta name=\"author\" content=\"ayun\" \/>\n<meta name=\"twitter:card\" content=\"summary_large_image\" \/>\n<meta name=\"twitter:label1\" content=\"Escrito por\" \/>\n\t<meta name=\"twitter:data1\" content=\"ayun\" \/>\n\t<meta name=\"twitter:label2\" content=\"Tiempo de lectura\" \/>\n\t<meta name=\"twitter:data2\" content=\"2 minutos\" \/>\n<script type=\"application\/ld+json\" class=\"yoast-schema-graph\">{\"@context\":\"https:\\\/\\\/schema.org\",\"@graph\":[{\"@type\":\"Article\",\"@id\":\"https:\\\/\\\/www.caudete.org\\\/ayuntamiento\\\/curso-de-metodos-de-control-de-especies-cinegeticas-predadoras-cofinanciado-por-el-fondo-europeo-feader-con-la-colaboracion-de-aproca-castilla-la-mancha\\\/#article\",\"isPartOf\":{\"@id\":\"https:\\\/\\\/www.caudete.org\\\/ayuntamiento\\\/curso-de-metodos-de-control-de-especies-cinegeticas-predadoras-cofinanciado-por-el-fondo-europeo-feader-con-la-colaboracion-de-aproca-castilla-la-mancha\\\/\"},\"author\":{\"name\":\"ayun\",\"@id\":\"https:\\\/\\\/www.caudete.org\\\/ayuntamiento\\\/#\\\/schema\\\/person\\\/79f7e19fdd176fc2bc7a289013dc2056\"},\"headline\":\"CURSO DE M\u00c9TODOS DE CONTROL DE ESPECIES CINEGETICAS PREDADORAS. Cofinanciado por el Fondo Europeo Feader. Con la colaboraci\u00f3n de APROCA Castilla la Mancha\",\"datePublished\":\"2019-03-05T23:56:38+00:00\",\"dateModified\":\"2020-12-15T12:43:57+00:00\",\"mainEntityOfPage\":{\"@id\":\"https:\\\/\\\/www.caudete.org\\\/ayuntamiento\\\/curso-de-metodos-de-control-de-especies-cinegeticas-predadoras-cofinanciado-por-el-fondo-europeo-feader-con-la-colaboracion-de-aproca-castilla-la-mancha\\\/\"},\"wordCount\":385,\"publisher\":{\"@id\":\"https:\\\/\\\/www.caudete.org\\\/ayuntamiento\\\/#organization\"},\"image\":{\"@id\":\"https:\\\/\\\/www.caudete.org\\\/ayuntamiento\\\/curso-de-metodos-de-control-de-especies-cinegeticas-predadoras-cofinanciado-por-el-fondo-europeo-feader-con-la-colaboracion-de-aproca-castilla-la-mancha\\\/#primaryimage\"},\"thumbnailUrl\":\"https:\\\/\\\/www.caudete.org\\\/ayuntamiento\\\/wp-content\\\/uploads\\\/2020\\\/12\\\/controlespecies1.jpg\",\"articleSection\":[\"Tabl\u00f3n informativo (Desarrollo local)\"],\"inLanguage\":\"es\"},{\"@type\":\"WebPage\",\"@id\":\"https:\\\/\\\/www.caudete.org\\\/ayuntamiento\\\/curso-de-metodos-de-control-de-especies-cinegeticas-predadoras-cofinanciado-por-el-fondo-europeo-feader-con-la-colaboracion-de-aproca-castilla-la-mancha\\\/\",\"url\":\"https:\\\/\\\/www.caudete.org\\\/ayuntamiento\\\/curso-de-metodos-de-control-de-especies-cinegeticas-predadoras-cofinanciado-por-el-fondo-europeo-feader-con-la-colaboracion-de-aproca-castilla-la-mancha\\\/\",\"name\":\"CURSO DE M\u00c9TODOS DE CONTROL DE ESPECIES CINEGETICAS PREDADORAS. Cofinanciado por el Fondo Europeo Feader. Con la colaboraci\u00f3n de APROCA Castilla la Mancha - MI Ayuntamiento de Caudete\",\"isPartOf\":{\"@id\":\"https:\\\/\\\/www.caudete.org\\\/ayuntamiento\\\/#website\"},\"primaryImageOfPage\":{\"@id\":\"https:\\\/\\\/www.caudete.org\\\/ayuntamiento\\\/curso-de-metodos-de-control-de-especies-cinegeticas-predadoras-cofinanciado-por-el-fondo-europeo-feader-con-la-colaboracion-de-aproca-castilla-la-mancha\\\/#primaryimage\"},\"image\":{\"@id\":\"https:\\\/\\\/www.caudete.org\\\/ayuntamiento\\\/curso-de-metodos-de-control-de-especies-cinegeticas-predadoras-cofinanciado-por-el-fondo-europeo-feader-con-la-colaboracion-de-aproca-castilla-la-mancha\\\/#primaryimage\"},\"thumbnailUrl\":\"https:\\\/\\\/www.caudete.org\\\/ayuntamiento\\\/wp-content\\\/uploads\\\/2020\\\/12\\\/controlespecies1.jpg\",\"datePublished\":\"2019-03-05T23:56:38+00:00\",\"dateModified\":\"2020-12-15T12:43:57+00:00\",\"description\":\"P\u00e1gina Oficial del Ayuntamiento de Caudete (Albacete)\",\"breadcrumb\":{\"@id\":\"https:\\\/\\\/www.caudete.org\\\/ayuntamiento\\\/curso-de-metodos-de-control-de-especies-cinegeticas-predadoras-cofinanciado-por-el-fondo-europeo-feader-con-la-colaboracion-de-aproca-castilla-la-mancha\\\/#breadcrumb\"},\"inLanguage\":\"es\",\"potentialAction\":[{\"@type\":\"ReadAction\",\"target\":[\"https:\\\/\\\/www.caudete.org\\\/ayuntamiento\\\/curso-de-metodos-de-control-de-especies-cinegeticas-predadoras-cofinanciado-por-el-fondo-europeo-feader-con-la-colaboracion-de-aproca-castilla-la-mancha\\\/\"]}]},{\"@type\":\"ImageObject\",\"inLanguage\":\"es\",\"@id\":\"https:\\\/\\\/www.caudete.org\\\/ayuntamiento\\\/curso-de-metodos-de-control-de-especies-cinegeticas-predadoras-cofinanciado-por-el-fondo-europeo-feader-con-la-colaboracion-de-aproca-castilla-la-mancha\\\/#primaryimage\",\"url\":\"https:\\\/\\\/www.caudete.org\\\/ayuntamiento\\\/wp-content\\\/uploads\\\/2020\\\/12\\\/controlespecies1.jpg\",\"contentUrl\":\"https:\\\/\\\/www.caudete.org\\\/ayuntamiento\\\/wp-content\\\/uploads\\\/2020\\\/12\\\/controlespecies1.jpg\",\"width\":800,\"height\":565},{\"@type\":\"BreadcrumbList\",\"@id\":\"https:\\\/\\\/www.caudete.org\\\/ayuntamiento\\\/curso-de-metodos-de-control-de-especies-cinegeticas-predadoras-cofinanciado-por-el-fondo-europeo-feader-con-la-colaboracion-de-aproca-castilla-la-mancha\\\/#breadcrumb\",\"itemListElement\":[{\"@type\":\"ListItem\",\"position\":1,\"name\":\"Inicio\",\"item\":\"https:\\\/\\\/www.caudete.org\\\/ayuntamiento\\\/\"},{\"@type\":\"ListItem\",\"position\":2,\"name\":\"CURSO DE M\u00c9TODOS DE CONTROL DE ESPECIES CINEGETICAS PREDADORAS. Cofinanciado por el Fondo Europeo Feader. Con la colaboraci\u00f3n de APROCA Castilla la Mancha\"}]},{\"@type\":\"WebSite\",\"@id\":\"https:\\\/\\\/www.caudete.org\\\/ayuntamiento\\\/#website\",\"url\":\"https:\\\/\\\/www.caudete.org\\\/ayuntamiento\\\/\",\"name\":\"MI Ayuntamiento de Caudete\",\"description\":\"P\u00e1gina Oficial del MI Ayuntamiento de Caudete\",\"publisher\":{\"@id\":\"https:\\\/\\\/www.caudete.org\\\/ayuntamiento\\\/#organization\"},\"potentialAction\":[{\"@type\":\"SearchAction\",\"target\":{\"@type\":\"EntryPoint\",\"urlTemplate\":\"https:\\\/\\\/www.caudete.org\\\/ayuntamiento\\\/?s={search_term_string}\"},\"query-input\":{\"@type\":\"PropertyValueSpecification\",\"valueRequired\":true,\"valueName\":\"search_term_string\"}}],\"inLanguage\":\"es\"},{\"@type\":\"Organization\",\"@id\":\"https:\\\/\\\/www.caudete.org\\\/ayuntamiento\\\/#organization\",\"name\":\"Ayuntamiento de Caudete\",\"url\":\"https:\\\/\\\/www.caudete.org\\\/ayuntamiento\\\/\",\"logo\":{\"@type\":\"ImageObject\",\"inLanguage\":\"es\",\"@id\":\"https:\\\/\\\/www.caudete.org\\\/ayuntamiento\\\/#\\\/schema\\\/logo\\\/image\\\/\",\"url\":\"https:\\\/\\\/www.caudete.org\\\/ayuntamiento\\\/wp-content\\\/uploads\\\/2020\\\/11\\\/logo_ayuntamiento_caudete.jpg\",\"contentUrl\":\"https:\\\/\\\/www.caudete.org\\\/ayuntamiento\\\/wp-content\\\/uploads\\\/2020\\\/11\\\/logo_ayuntamiento_caudete.jpg\",\"width\":600,\"height\":150,\"caption\":\"Ayuntamiento de Caudete\"},\"image\":{\"@id\":\"https:\\\/\\\/www.caudete.org\\\/ayuntamiento\\\/#\\\/schema\\\/logo\\\/image\\\/\"},\"sameAs\":[\"https:\\\/\\\/www.facebook.com\\\/ayuntamientocaudete\\\/\",\"https:\\\/\\\/www.youtube.com\\\/channel\\\/UC6VztHaooNsGpw-tNoBEFnQ\"]},{\"@type\":\"Person\",\"@id\":\"https:\\\/\\\/www.caudete.org\\\/ayuntamiento\\\/#\\\/schema\\\/person\\\/79f7e19fdd176fc2bc7a289013dc2056\",\"name\":\"ayun\",\"image\":{\"@type\":\"ImageObject\",\"inLanguage\":\"es\",\"@id\":\"https:\\\/\\\/secure.gravatar.com\\\/avatar\\\/4ce797ee07c943e7e592f8cd648e503e6cd571387558ed07135799c2bd2847df?s=96&d=mm&r=g\",\"url\":\"https:\\\/\\\/secure.gravatar.com\\\/avatar\\\/4ce797ee07c943e7e592f8cd648e503e6cd571387558ed07135799c2bd2847df?s=96&d=mm&r=g\",\"contentUrl\":\"https:\\\/\\\/secure.gravatar.com\\\/avatar\\\/4ce797ee07c943e7e592f8cd648e503e6cd571387558ed07135799c2bd2847df?s=96&d=mm&r=g\",\"caption\":\"ayun\"},\"sameAs\":[\"http:\\\/\\\/www.caudete.org\\\/ayuntamiento\"],\"url\":\"https:\\\/\\\/www.caudete.org\\\/ayuntamiento\\\/author\\\/ayun\\\/\"}]}<\/script>\n<!-- \/ Yoast SEO plugin. -->","yoast_head_json":{"title":"CURSO DE M\u00c9TODOS DE CONTROL DE ESPECIES CINEGETICAS PREDADORAS. Cofinanciado por el Fondo Europeo Feader. Con la colaboraci\u00f3n de APROCA Castilla la Mancha - MI Ayuntamiento de Caudete","description":"P\u00e1gina Oficial del Ayuntamiento de Caudete (Albacete)","robots":{"index":"index","follow":"follow","max-snippet":"max-snippet:-1","max-image-preview":"max-image-preview:large","max-video-preview":"max-video-preview:-1"},"canonical":"https:\/\/www.caudete.org\/ayuntamiento\/curso-de-metodos-de-control-de-especies-cinegeticas-predadoras-cofinanciado-por-el-fondo-europeo-feader-con-la-colaboracion-de-aproca-castilla-la-mancha\/","og_locale":"es_ES","og_type":"article","og_title":"CURSO DE M\u00c9TODOS DE CONTROL DE ESPECIES CINEGETICAS PREDADORAS. Cofinanciado por el Fondo Europeo Feader. Con la colaboraci\u00f3n de APROCA Castilla la Mancha - MI Ayuntamiento de Caudete","og_description":"P\u00e1gina Oficial del Ayuntamiento de Caudete (Albacete)","og_url":"https:\/\/www.caudete.org\/ayuntamiento\/curso-de-metodos-de-control-de-especies-cinegeticas-predadoras-cofinanciado-por-el-fondo-europeo-feader-con-la-colaboracion-de-aproca-castilla-la-mancha\/","og_site_name":"MI Ayuntamiento de Caudete","article_publisher":"https:\/\/www.facebook.com\/ayuntamientocaudete\/","article_published_time":"2019-03-05T23:56:38+00:00","article_modified_time":"2020-12-15T12:43:57+00:00","og_image":[{"width":800,"height":565,"url":"https:\/\/www.caudete.org\/ayuntamiento\/wp-content\/uploads\/2020\/12\/controlespecies1.jpg","type":"image\/jpeg"}],"author":"ayun","twitter_card":"summary_large_image","twitter_misc":{"Escrito por":"ayun","Tiempo de lectura":"2 minutos"},"schema":{"@context":"https:\/\/schema.org","@graph":[{"@type":"Article","@id":"https:\/\/www.caudete.org\/ayuntamiento\/curso-de-metodos-de-control-de-especies-cinegeticas-predadoras-cofinanciado-por-el-fondo-europeo-feader-con-la-colaboracion-de-aproca-castilla-la-mancha\/#article","isPartOf":{"@id":"https:\/\/www.caudete.org\/ayuntamiento\/curso-de-metodos-de-control-de-especies-cinegeticas-predadoras-cofinanciado-por-el-fondo-europeo-feader-con-la-colaboracion-de-aproca-castilla-la-mancha\/"},"author":{"name":"ayun","@id":"https:\/\/www.caudete.org\/ayuntamiento\/#\/schema\/person\/79f7e19fdd176fc2bc7a289013dc2056"},"headline":"CURSO DE M\u00c9TODOS DE CONTROL DE ESPECIES CINEGETICAS PREDADORAS. Cofinanciado por el Fondo Europeo Feader. Con la colaboraci\u00f3n de APROCA Castilla la Mancha","datePublished":"2019-03-05T23:56:38+00:00","dateModified":"2020-12-15T12:43:57+00:00","mainEntityOfPage":{"@id":"https:\/\/www.caudete.org\/ayuntamiento\/curso-de-metodos-de-control-de-especies-cinegeticas-predadoras-cofinanciado-por-el-fondo-europeo-feader-con-la-colaboracion-de-aproca-castilla-la-mancha\/"},"wordCount":385,"publisher":{"@id":"https:\/\/www.caudete.org\/ayuntamiento\/#organization"},"image":{"@id":"https:\/\/www.caudete.org\/ayuntamiento\/curso-de-metodos-de-control-de-especies-cinegeticas-predadoras-cofinanciado-por-el-fondo-europeo-feader-con-la-colaboracion-de-aproca-castilla-la-mancha\/#primaryimage"},"thumbnailUrl":"https:\/\/www.caudete.org\/ayuntamiento\/wp-content\/uploads\/2020\/12\/controlespecies1.jpg","articleSection":["Tabl\u00f3n informativo (Desarrollo local)"],"inLanguage":"es"},{"@type":"WebPage","@id":"https:\/\/www.caudete.org\/ayuntamiento\/curso-de-metodos-de-control-de-especies-cinegeticas-predadoras-cofinanciado-por-el-fondo-europeo-feader-con-la-colaboracion-de-aproca-castilla-la-mancha\/","url":"https:\/\/www.caudete.org\/ayuntamiento\/curso-de-metodos-de-control-de-especies-cinegeticas-predadoras-cofinanciado-por-el-fondo-europeo-feader-con-la-colaboracion-de-aproca-castilla-la-mancha\/","name":"CURSO DE M\u00c9TODOS DE CONTROL DE ESPECIES CINEGETICAS PREDADORAS. Cofinanciado por el Fondo Europeo Feader. Con la colaboraci\u00f3n de APROCA Castilla la Mancha - MI Ayuntamiento de Caudete","isPartOf":{"@id":"https:\/\/www.caudete.org\/ayuntamiento\/#website"},"primaryImageOfPage":{"@id":"https:\/\/www.caudete.org\/ayuntamiento\/curso-de-metodos-de-control-de-especies-cinegeticas-predadoras-cofinanciado-por-el-fondo-europeo-feader-con-la-colaboracion-de-aproca-castilla-la-mancha\/#primaryimage"},"image":{"@id":"https:\/\/www.caudete.org\/ayuntamiento\/curso-de-metodos-de-control-de-especies-cinegeticas-predadoras-cofinanciado-por-el-fondo-europeo-feader-con-la-colaboracion-de-aproca-castilla-la-mancha\/#primaryimage"},"thumbnailUrl":"https:\/\/www.caudete.org\/ayuntamiento\/wp-content\/uploads\/2020\/12\/controlespecies1.jpg","datePublished":"2019-03-05T23:56:38+00:00","dateModified":"2020-12-15T12:43:57+00:00","description":"P\u00e1gina Oficial del Ayuntamiento de Caudete (Albacete)","breadcrumb":{"@id":"https:\/\/www.caudete.org\/ayuntamiento\/curso-de-metodos-de-control-de-especies-cinegeticas-predadoras-cofinanciado-por-el-fondo-europeo-feader-con-la-colaboracion-de-aproca-castilla-la-mancha\/#breadcrumb"},"inLanguage":"es","potentialAction":[{"@type":"ReadAction","target":["https:\/\/www.caudete.org\/ayuntamiento\/curso-de-metodos-de-control-de-especies-cinegeticas-predadoras-cofinanciado-por-el-fondo-europeo-feader-con-la-colaboracion-de-aproca-castilla-la-mancha\/"]}]},{"@type":"ImageObject","inLanguage":"es","@id":"https:\/\/www.caudete.org\/ayuntamiento\/curso-de-metodos-de-control-de-especies-cinegeticas-predadoras-cofinanciado-por-el-fondo-europeo-feader-con-la-colaboracion-de-aproca-castilla-la-mancha\/#primaryimage","url":"https:\/\/www.caudete.org\/ayuntamiento\/wp-content\/uploads\/2020\/12\/controlespecies1.jpg","contentUrl":"https:\/\/www.caudete.org\/ayuntamiento\/wp-content\/uploads\/2020\/12\/controlespecies1.jpg","width":800,"height":565},{"@type":"BreadcrumbList","@id":"https:\/\/www.caudete.org\/ayuntamiento\/curso-de-metodos-de-control-de-especies-cinegeticas-predadoras-cofinanciado-por-el-fondo-europeo-feader-con-la-colaboracion-de-aproca-castilla-la-mancha\/#breadcrumb","itemListElement":[{"@type":"ListItem","position":1,"name":"Inicio","item":"https:\/\/www.caudete.org\/ayuntamiento\/"},{"@type":"ListItem","position":2,"name":"CURSO DE M\u00c9TODOS DE CONTROL DE ESPECIES CINEGETICAS PREDADORAS. Cofinanciado por el Fondo Europeo Feader. Con la colaboraci\u00f3n de APROCA Castilla la Mancha"}]},{"@type":"WebSite","@id":"https:\/\/www.caudete.org\/ayuntamiento\/#website","url":"https:\/\/www.caudete.org\/ayuntamiento\/","name":"MI Ayuntamiento de Caudete","description":"P\u00e1gina Oficial del MI Ayuntamiento de Caudete","publisher":{"@id":"https:\/\/www.caudete.org\/ayuntamiento\/#organization"},"potentialAction":[{"@type":"SearchAction","target":{"@type":"EntryPoint","urlTemplate":"https:\/\/www.caudete.org\/ayuntamiento\/?s={search_term_string}"},"query-input":{"@type":"PropertyValueSpecification","valueRequired":true,"valueName":"search_term_string"}}],"inLanguage":"es"},{"@type":"Organization","@id":"https:\/\/www.caudete.org\/ayuntamiento\/#organization","name":"Ayuntamiento de Caudete","url":"https:\/\/www.caudete.org\/ayuntamiento\/","logo":{"@type":"ImageObject","inLanguage":"es","@id":"https:\/\/www.caudete.org\/ayuntamiento\/#\/schema\/logo\/image\/","url":"https:\/\/www.caudete.org\/ayuntamiento\/wp-content\/uploads\/2020\/11\/logo_ayuntamiento_caudete.jpg","contentUrl":"https:\/\/www.caudete.org\/ayuntamiento\/wp-content\/uploads\/2020\/11\/logo_ayuntamiento_caudete.jpg","width":600,"height":150,"caption":"Ayuntamiento de Caudete"},"image":{"@id":"https:\/\/www.caudete.org\/ayuntamiento\/#\/schema\/logo\/image\/"},"sameAs":["https:\/\/www.facebook.com\/ayuntamientocaudete\/","https:\/\/www.youtube.com\/channel\/UC6VztHaooNsGpw-tNoBEFnQ"]},{"@type":"Person","@id":"https:\/\/www.caudete.org\/ayuntamiento\/#\/schema\/person\/79f7e19fdd176fc2bc7a289013dc2056","name":"ayun","image":{"@type":"ImageObject","inLanguage":"es","@id":"https:\/\/secure.gravatar.com\/avatar\/4ce797ee07c943e7e592f8cd648e503e6cd571387558ed07135799c2bd2847df?s=96&d=mm&r=g","url":"https:\/\/secure.gravatar.com\/avatar\/4ce797ee07c943e7e592f8cd648e503e6cd571387558ed07135799c2bd2847df?s=96&d=mm&r=g","contentUrl":"https:\/\/secure.gravatar.com\/avatar\/4ce797ee07c943e7e592f8cd648e503e6cd571387558ed07135799c2bd2847df?s=96&d=mm&r=g","caption":"ayun"},"sameAs":["http:\/\/www.caudete.org\/ayuntamiento"],"url":"https:\/\/www.caudete.org\/ayuntamiento\/author\/ayun\/"}]}},"_links":{"self":[{"href":"https:\/\/www.caudete.org\/ayuntamiento\/wp-json\/wp\/v2\/posts\/6724","targetHints":{"allow":["GET"]}}],"collection":[{"href":"https:\/\/www.caudete.org\/ayuntamiento\/wp-json\/wp\/v2\/posts"}],"about":[{"href":"https:\/\/www.caudete.org\/ayuntamiento\/wp-json\/wp\/v2\/types\/post"}],"author":[{"embeddable":true,"href":"https:\/\/www.caudete.org\/ayuntamiento\/wp-json\/wp\/v2\/users\/1"}],"replies":[{"embeddable":true,"href":"https:\/\/www.caudete.org\/ayuntamiento\/wp-json\/wp\/v2\/comments?post=6724"}],"version-history":[{"count":4,"href":"https:\/\/www.caudete.org\/ayuntamiento\/wp-json\/wp\/v2\/posts\/6724\/revisions"}],"predecessor-version":[{"id":9725,"href":"https:\/\/www.caudete.org\/ayuntamiento\/wp-json\/wp\/v2\/posts\/6724\/revisions\/9725"}],"wp:featuredmedia":[{"embeddable":true,"href":"https:\/\/www.caudete.org\/ayuntamiento\/wp-json\/wp\/v2\/media\/6725"}],"wp:attachment":[{"href":"https:\/\/www.caudete.org\/ayuntamiento\/wp-json\/wp\/v2\/media?parent=6724"}],"wp:term":[{"taxonomy":"category","embeddable":true,"href":"https:\/\/www.caudete.org\/ayuntamiento\/wp-json\/wp\/v2\/categories?post=6724"},{"taxonomy":"post_tag","embeddable":true,"href":"https:\/\/www.caudete.org\/ayuntamiento\/wp-json\/wp\/v2\/tags?post=6724"}],"curies":[{"name":"wp","href":"https:\/\/api.w.org\/{rel}","templated":true}]}}