{"id":6743,"date":"2020-12-06T11:45:25","date_gmt":"2020-12-06T10:45:25","guid":{"rendered":"http:\/\/www.caudete.org\/ayuntamiento\/?p=6743"},"modified":"2020-12-14T19:17:32","modified_gmt":"2020-12-14T18:17:32","slug":"convocado-pleno-extraordinario-para-el-10-12-2020","status":"publish","type":"post","link":"https:\/\/www.caudete.org\/ayuntamiento\/convocado-pleno-extraordinario-para-el-10-12-2020\/","title":{"rendered":"Convocado pleno extraordinario para el 10-12-2020"},"content":{"rendered":"<p style=\"text-align: justify;\">D. MOIS\u00c9S L\u00d3PEZ MART\u00cdNEZ, Alcalde-Presidente del M.I. Ayuntamiento de Caudete (Provincia de Albacete).<\/p>\n<p style=\"text-align: justify;\">La presente convocatoria de la sesi\u00f3n extraordinaria del Pleno de la Corporaci\u00f3n se motiva por una parte, en la conveniencia de aprobaci\u00f3n, si procede, de la propuesta de asistencia telem\u00e1tica de los corporativos a las sesiones de los \u00f3rganos colegiados especialmente por la situaci\u00f3n de emergencia sanitaria; en la urgencia de concesi\u00f3n de la subvenci\u00f3n a C\u00e1ritas para que pueda hacer frente a los gastos para atender las necesidades humanitarias ocasionadas por la Covid-19, y en el resto de los Puntos, en la necesidad de aprobaci\u00f3n de estos expedientes que se incluyen en el Orden del D\u00eda antes de la&nbsp; finalizaci\u00f3n del a\u00f1o 2020, pues conllevan en su tramitaci\u00f3n el cumplimiento de una serie de plazos y resulta preciso la adopci\u00f3n de los acuerdos preceptivos antes de la finalizaci\u00f3n del Ejercicio.&nbsp;<\/p>\n<p style=\"text-align: justify;\">En virtud de lo dispuesto en los art\u00edculos 80 y siguientes&nbsp; del&nbsp; Reglamento de Organizaci\u00f3n, Funcionamiento&nbsp; y&nbsp; R\u00e9gimen&nbsp; Jur\u00eddico&nbsp; de&nbsp; las&nbsp; Entidades&nbsp; Locales,&nbsp; aprobado&nbsp; por&nbsp; Real&nbsp; Decreto 2568\/1986, de 28 de noviembre, y en el&nbsp; art\u00edculo 47.2 del&nbsp; Texto Refundido de las disposiciones legales vigentes en materia de r\u00e9gimen local aprobado por Real Decreto Legislativo 781\/1986, de 18 de abril, esta Alcald\u00eda-Presidencia, <strong>HA RESUELTO<\/strong>&nbsp;<\/p>\n<p style=\"text-align: justify;\"><strong>PRIMERO.<\/strong><\/p>\n<p style=\"text-align: justify;\">Convocar al Pleno en Sesi\u00f3n extraordinaria, <strong>el&nbsp;&nbsp; jueves, 10 de diciembre de 2020, a&nbsp; las 12:00 horas,<\/strong>en el Sal\u00f3n de Sesiones, sito en la Primera Planta del edificio de la Casa de la Cultura de Caudete, actuando como Secretaria, la Secretaria del&nbsp; Ayuntamiento, y con el siguiente&nbsp;<\/p>\n<p style=\"text-align: justify;\"><strong>ORDEN DEL D\u00cdA<\/strong>&nbsp;<\/p>\n<p style=\"text-align: justify;\">1\u00ba.- APROBACI\u00d3N PROPUESTA DE ASISTENCIA TELEM\u00c1TICA DE LOS CONCEJALES A LAS SESIONES DE LOS \u00d3RGANOS COLEGIADOS DEL AYUNTAMIENTO.&nbsp;<\/p>\n<p style=\"text-align: justify;\">2\u00ba.- RESOLUCI\u00d3N DE ALEGACIONES PRESENTADAS AL ACUERDO DE APROBACI\u00d3N INICIAL DE&nbsp; LA&nbsp; MODIFICACI\u00d3N&nbsp; DE&nbsp; LA&nbsp; ORDENANZA&nbsp; FISCAL&nbsp; N.\u00ba&nbsp; 10&nbsp; REGULADORA&nbsp; R.S.U.,&nbsp; Y&nbsp; SI PROCEDE, APROBACI\u00d3N DEFINITIVA DE DICHA ORDENANZA FISCAL.&nbsp;<\/p>\n<p style=\"text-align: justify;\">3\u00ba.-&nbsp; APROBACI\u00d3N&nbsp; CONCESI\u00d3N&nbsp; SUBVENCI\u00d3N&nbsp; DIRECTA&nbsp; A&nbsp; \u201cC\u00c1RITAS&nbsp; DIOCESANA&nbsp; DE ALBACETE\u201d PARA ATENDER EMERGENCIA SOCIAL PROVOCADA POR LA COVID-19.&nbsp;<\/p>\n<p style=\"text-align: justify;\">4\u00ba.-&nbsp; EXPEDIENTE&nbsp; CONVENIO&nbsp; CON&nbsp; LA&nbsp; DIPUTACI\u00d3N&nbsp; PROVINCIAL&nbsp; DE&nbsp; ALBACETE&nbsp; DE DELEGACI\u00d3N&nbsp; DE&nbsp; LOS&nbsp; INGRESOS&nbsp; DE&nbsp; DERECHO&nbsp; P\u00daBLICO&nbsp; EN&nbsp; MATERIA&nbsp; DE&nbsp; GESTI\u00d3N, RECAUDACI\u00d3N E INSPECCI\u00d3N.&nbsp;<\/p>\n<p style=\"text-align: justify;\"><strong>SEGUNDO.<\/strong><\/p>\n<p style=\"text-align: justify;\">Notificar esta Resoluci\u00f3n a los miembros del Ayuntamiento Pleno, as\u00ed como publicarlo en el Tabl\u00f3n de Anuncios municipal.&nbsp;<\/p>\n<p style=\"text-align: justify;\">A tenor de lo dispuesto en el Art\u00edculo 90.2 del vigente Reglamento de Organizaci\u00f3n, Funcionamiento y R\u00e9gimen Jur\u00eddico de las Corporaciones Locales, en caso de inasistencia del n\u00famero suficiente de miembros para celebrar la presente sesi\u00f3n, la misma se entender\u00e1 autom\u00e1ticamente convocada para la misma hora dos d\u00edas despu\u00e9s.<\/p>\n<p><a href=\"http:\/\/caudete.org\/ayuntamiento\/eniusimg\/enius146\/2020\/12\/adjuntos_fichero_0a0dfe2f3ef6ada5.pdf\" class=\"mtli_attachment mtli_pdf\" target=\"_blank\" rel=\"noopener noreferrer nofollow\">PLENO EXTRAORDINARIO PARA EL 10-12-2020 <\/a><\/p>\n<p><img fetchpriority=\"high\" decoding=\"async\" class=\"aligncenter size-full wp-image-6744\" src=\"http:\/\/www.caudete.org\/ayuntamiento\/wp-content\/uploads\/2020\/12\/pleno122020.jpg\" alt=\"\" width=\"800\" height=\"450\" srcset=\"https:\/\/www.caudete.org\/ayuntamiento\/wp-content\/uploads\/2020\/12\/pleno122020.jpg 800w, https:\/\/www.caudete.org\/ayuntamiento\/wp-content\/uploads\/2020\/12\/pleno122020-300x169.jpg 300w, https:\/\/www.caudete.org\/ayuntamiento\/wp-content\/uploads\/2020\/12\/pleno122020-768x432.jpg 768w\" sizes=\"(max-width: 800px) 100vw, 800px\" \/><\/p>\n","protected":false},"excerpt":{"rendered":"<p>D. MOIS\u00c9S L\u00d3PEZ MART\u00cdNEZ, Alcalde-Presidente del M.I. Ayuntamiento de Caudete (Provincia de Albacete). La presente convocatoria de la sesi\u00f3n extraordinaria del Pleno de la Corporaci\u00f3n se motiva por una parte, en la conveniencia de aprobaci\u00f3n, si procede, de la propuesta de asistencia telem\u00e1tica de los corporativos a las sesiones de los \u00f3rganos colegiados especialmente por &hellip;<\/p>\n","protected":false},"author":1,"featured_media":6744,"comment_status":"closed","ping_status":"open","sticky":false,"template":"","format":"standard","meta":{"ngg_post_thumbnail":0,"footnotes":""},"categories":[20],"tags":[],"class_list":["post-6743","post","type-post","status-publish","format-standard","has-post-thumbnail","hentry","category-ayuntamiento"],"yoast_head":"<!-- This site is optimized with the Yoast SEO plugin v27.5 - https:\/\/yoast.com\/product\/yoast-seo-wordpress\/ -->\n<title>Convocado pleno extraordinario para el 10-12-2020 - MI Ayuntamiento de Caudete<\/title>\n<meta name=\"description\" content=\"P\u00e1gina Oficial del Ayuntamiento de Caudete (Albacete)\" \/>\n<meta name=\"robots\" content=\"index, follow, max-snippet:-1, max-image-preview:large, max-video-preview:-1\" \/>\n<link rel=\"canonical\" href=\"https:\/\/www.caudete.org\/ayuntamiento\/convocado-pleno-extraordinario-para-el-10-12-2020\/\" \/>\n<meta property=\"og:locale\" content=\"es_ES\" \/>\n<meta property=\"og:type\" content=\"article\" \/>\n<meta property=\"og:title\" content=\"Convocado pleno extraordinario para el 10-12-2020 - MI Ayuntamiento de Caudete\" \/>\n<meta property=\"og:description\" content=\"P\u00e1gina Oficial del Ayuntamiento de Caudete (Albacete)\" \/>\n<meta property=\"og:url\" content=\"https:\/\/www.caudete.org\/ayuntamiento\/convocado-pleno-extraordinario-para-el-10-12-2020\/\" \/>\n<meta property=\"og:site_name\" content=\"MI Ayuntamiento de Caudete\" \/>\n<meta property=\"article:publisher\" content=\"https:\/\/www.facebook.com\/ayuntamientocaudete\/\" \/>\n<meta property=\"article:published_time\" content=\"2020-12-06T10:45:25+00:00\" \/>\n<meta property=\"article:modified_time\" content=\"2020-12-14T18:17:32+00:00\" \/>\n<meta property=\"og:image\" content=\"https:\/\/www.caudete.org\/ayuntamiento\/wp-content\/uploads\/2020\/12\/pleno122020.jpg\" \/>\n\t<meta property=\"og:image:width\" content=\"800\" \/>\n\t<meta property=\"og:image:height\" content=\"450\" \/>\n\t<meta property=\"og:image:type\" content=\"image\/jpeg\" \/>\n<meta name=\"author\" content=\"ayun\" \/>\n<meta name=\"twitter:card\" content=\"summary_large_image\" \/>\n<meta name=\"twitter:label1\" content=\"Escrito por\" \/>\n\t<meta name=\"twitter:data1\" content=\"ayun\" \/>\n\t<meta name=\"twitter:label2\" content=\"Tiempo de lectura\" \/>\n\t<meta name=\"twitter:data2\" content=\"3 minutos\" \/>\n<script type=\"application\/ld+json\" class=\"yoast-schema-graph\">{\"@context\":\"https:\\\/\\\/schema.org\",\"@graph\":[{\"@type\":\"Article\",\"@id\":\"https:\\\/\\\/www.caudete.org\\\/ayuntamiento\\\/convocado-pleno-extraordinario-para-el-10-12-2020\\\/#article\",\"isPartOf\":{\"@id\":\"https:\\\/\\\/www.caudete.org\\\/ayuntamiento\\\/convocado-pleno-extraordinario-para-el-10-12-2020\\\/\"},\"author\":{\"name\":\"ayun\",\"@id\":\"https:\\\/\\\/www.caudete.org\\\/ayuntamiento\\\/#\\\/schema\\\/person\\\/79f7e19fdd176fc2bc7a289013dc2056\"},\"headline\":\"Convocado pleno extraordinario para el 10-12-2020\",\"datePublished\":\"2020-12-06T10:45:25+00:00\",\"dateModified\":\"2020-12-14T18:17:32+00:00\",\"mainEntityOfPage\":{\"@id\":\"https:\\\/\\\/www.caudete.org\\\/ayuntamiento\\\/convocado-pleno-extraordinario-para-el-10-12-2020\\\/\"},\"wordCount\":545,\"image\":{\"@id\":\"https:\\\/\\\/www.caudete.org\\\/ayuntamiento\\\/convocado-pleno-extraordinario-para-el-10-12-2020\\\/#primaryimage\"},\"thumbnailUrl\":\"https:\\\/\\\/www.caudete.org\\\/ayuntamiento\\\/wp-content\\\/uploads\\\/2020\\\/12\\\/pleno122020.jpg\",\"articleSection\":[\"Ayuntamiento\"],\"inLanguage\":\"es\"},{\"@type\":\"WebPage\",\"@id\":\"https:\\\/\\\/www.caudete.org\\\/ayuntamiento\\\/convocado-pleno-extraordinario-para-el-10-12-2020\\\/\",\"url\":\"https:\\\/\\\/www.caudete.org\\\/ayuntamiento\\\/convocado-pleno-extraordinario-para-el-10-12-2020\\\/\",\"name\":\"Convocado pleno extraordinario para el 10-12-2020 - MI Ayuntamiento de Caudete\",\"isPartOf\":{\"@id\":\"https:\\\/\\\/www.caudete.org\\\/ayuntamiento\\\/#website\"},\"primaryImageOfPage\":{\"@id\":\"https:\\\/\\\/www.caudete.org\\\/ayuntamiento\\\/convocado-pleno-extraordinario-para-el-10-12-2020\\\/#primaryimage\"},\"image\":{\"@id\":\"https:\\\/\\\/www.caudete.org\\\/ayuntamiento\\\/convocado-pleno-extraordinario-para-el-10-12-2020\\\/#primaryimage\"},\"thumbnailUrl\":\"https:\\\/\\\/www.caudete.org\\\/ayuntamiento\\\/wp-content\\\/uploads\\\/2020\\\/12\\\/pleno122020.jpg\",\"datePublished\":\"2020-12-06T10:45:25+00:00\",\"dateModified\":\"2020-12-14T18:17:32+00:00\",\"author\":{\"@id\":\"https:\\\/\\\/www.caudete.org\\\/ayuntamiento\\\/#\\\/schema\\\/person\\\/79f7e19fdd176fc2bc7a289013dc2056\"},\"description\":\"P\u00e1gina Oficial del Ayuntamiento de Caudete (Albacete)\",\"breadcrumb\":{\"@id\":\"https:\\\/\\\/www.caudete.org\\\/ayuntamiento\\\/convocado-pleno-extraordinario-para-el-10-12-2020\\\/#breadcrumb\"},\"inLanguage\":\"es\",\"potentialAction\":[{\"@type\":\"ReadAction\",\"target\":[\"https:\\\/\\\/www.caudete.org\\\/ayuntamiento\\\/convocado-pleno-extraordinario-para-el-10-12-2020\\\/\"]}]},{\"@type\":\"ImageObject\",\"inLanguage\":\"es\",\"@id\":\"https:\\\/\\\/www.caudete.org\\\/ayuntamiento\\\/convocado-pleno-extraordinario-para-el-10-12-2020\\\/#primaryimage\",\"url\":\"https:\\\/\\\/www.caudete.org\\\/ayuntamiento\\\/wp-content\\\/uploads\\\/2020\\\/12\\\/pleno122020.jpg\",\"contentUrl\":\"https:\\\/\\\/www.caudete.org\\\/ayuntamiento\\\/wp-content\\\/uploads\\\/2020\\\/12\\\/pleno122020.jpg\",\"width\":800,\"height\":450},{\"@type\":\"BreadcrumbList\",\"@id\":\"https:\\\/\\\/www.caudete.org\\\/ayuntamiento\\\/convocado-pleno-extraordinario-para-el-10-12-2020\\\/#breadcrumb\",\"itemListElement\":[{\"@type\":\"ListItem\",\"position\":1,\"name\":\"Inicio\",\"item\":\"https:\\\/\\\/www.caudete.org\\\/ayuntamiento\\\/\"},{\"@type\":\"ListItem\",\"position\":2,\"name\":\"Convocado pleno extraordinario para el 10-12-2020\"}]},{\"@type\":\"WebSite\",\"@id\":\"https:\\\/\\\/www.caudete.org\\\/ayuntamiento\\\/#website\",\"url\":\"https:\\\/\\\/www.caudete.org\\\/ayuntamiento\\\/\",\"name\":\"MI Ayuntamiento de Caudete\",\"description\":\"P\u00e1gina Oficial del MI Ayuntamiento de Caudete\",\"potentialAction\":[{\"@type\":\"SearchAction\",\"target\":{\"@type\":\"EntryPoint\",\"urlTemplate\":\"https:\\\/\\\/www.caudete.org\\\/ayuntamiento\\\/?s={search_term_string}\"},\"query-input\":{\"@type\":\"PropertyValueSpecification\",\"valueRequired\":true,\"valueName\":\"search_term_string\"}}],\"inLanguage\":\"es\"},{\"@type\":\"Person\",\"@id\":\"https:\\\/\\\/www.caudete.org\\\/ayuntamiento\\\/#\\\/schema\\\/person\\\/79f7e19fdd176fc2bc7a289013dc2056\",\"name\":\"ayun\",\"image\":{\"@type\":\"ImageObject\",\"inLanguage\":\"es\",\"@id\":\"https:\\\/\\\/secure.gravatar.com\\\/avatar\\\/4ce797ee07c943e7e592f8cd648e503e6cd571387558ed07135799c2bd2847df?s=96&d=mm&r=g\",\"url\":\"https:\\\/\\\/secure.gravatar.com\\\/avatar\\\/4ce797ee07c943e7e592f8cd648e503e6cd571387558ed07135799c2bd2847df?s=96&d=mm&r=g\",\"contentUrl\":\"https:\\\/\\\/secure.gravatar.com\\\/avatar\\\/4ce797ee07c943e7e592f8cd648e503e6cd571387558ed07135799c2bd2847df?s=96&d=mm&r=g\",\"caption\":\"ayun\"},\"sameAs\":[\"http:\\\/\\\/www.caudete.org\\\/ayuntamiento\"],\"url\":\"https:\\\/\\\/www.caudete.org\\\/ayuntamiento\\\/author\\\/ayun\\\/\"}]}<\/script>\n<!-- \/ Yoast SEO plugin. -->","yoast_head_json":{"title":"Convocado pleno extraordinario para el 10-12-2020 - MI Ayuntamiento de Caudete","description":"P\u00e1gina Oficial del Ayuntamiento de Caudete (Albacete)","robots":{"index":"index","follow":"follow","max-snippet":"max-snippet:-1","max-image-preview":"max-image-preview:large","max-video-preview":"max-video-preview:-1"},"canonical":"https:\/\/www.caudete.org\/ayuntamiento\/convocado-pleno-extraordinario-para-el-10-12-2020\/","og_locale":"es_ES","og_type":"article","og_title":"Convocado pleno extraordinario para el 10-12-2020 - MI Ayuntamiento de Caudete","og_description":"P\u00e1gina Oficial del Ayuntamiento de Caudete (Albacete)","og_url":"https:\/\/www.caudete.org\/ayuntamiento\/convocado-pleno-extraordinario-para-el-10-12-2020\/","og_site_name":"MI Ayuntamiento de Caudete","article_publisher":"https:\/\/www.facebook.com\/ayuntamientocaudete\/","article_published_time":"2020-12-06T10:45:25+00:00","article_modified_time":"2020-12-14T18:17:32+00:00","og_image":[{"width":800,"height":450,"url":"https:\/\/www.caudete.org\/ayuntamiento\/wp-content\/uploads\/2020\/12\/pleno122020.jpg","type":"image\/jpeg"}],"author":"ayun","twitter_card":"summary_large_image","twitter_misc":{"Escrito por":"ayun","Tiempo de lectura":"3 minutos"},"schema":{"@context":"https:\/\/schema.org","@graph":[{"@type":"Article","@id":"https:\/\/www.caudete.org\/ayuntamiento\/convocado-pleno-extraordinario-para-el-10-12-2020\/#article","isPartOf":{"@id":"https:\/\/www.caudete.org\/ayuntamiento\/convocado-pleno-extraordinario-para-el-10-12-2020\/"},"author":{"name":"ayun","@id":"https:\/\/www.caudete.org\/ayuntamiento\/#\/schema\/person\/79f7e19fdd176fc2bc7a289013dc2056"},"headline":"Convocado pleno extraordinario para el 10-12-2020","datePublished":"2020-12-06T10:45:25+00:00","dateModified":"2020-12-14T18:17:32+00:00","mainEntityOfPage":{"@id":"https:\/\/www.caudete.org\/ayuntamiento\/convocado-pleno-extraordinario-para-el-10-12-2020\/"},"wordCount":545,"image":{"@id":"https:\/\/www.caudete.org\/ayuntamiento\/convocado-pleno-extraordinario-para-el-10-12-2020\/#primaryimage"},"thumbnailUrl":"https:\/\/www.caudete.org\/ayuntamiento\/wp-content\/uploads\/2020\/12\/pleno122020.jpg","articleSection":["Ayuntamiento"],"inLanguage":"es"},{"@type":"WebPage","@id":"https:\/\/www.caudete.org\/ayuntamiento\/convocado-pleno-extraordinario-para-el-10-12-2020\/","url":"https:\/\/www.caudete.org\/ayuntamiento\/convocado-pleno-extraordinario-para-el-10-12-2020\/","name":"Convocado pleno extraordinario para el 10-12-2020 - MI Ayuntamiento de Caudete","isPartOf":{"@id":"https:\/\/www.caudete.org\/ayuntamiento\/#website"},"primaryImageOfPage":{"@id":"https:\/\/www.caudete.org\/ayuntamiento\/convocado-pleno-extraordinario-para-el-10-12-2020\/#primaryimage"},"image":{"@id":"https:\/\/www.caudete.org\/ayuntamiento\/convocado-pleno-extraordinario-para-el-10-12-2020\/#primaryimage"},"thumbnailUrl":"https:\/\/www.caudete.org\/ayuntamiento\/wp-content\/uploads\/2020\/12\/pleno122020.jpg","datePublished":"2020-12-06T10:45:25+00:00","dateModified":"2020-12-14T18:17:32+00:00","author":{"@id":"https:\/\/www.caudete.org\/ayuntamiento\/#\/schema\/person\/79f7e19fdd176fc2bc7a289013dc2056"},"description":"P\u00e1gina Oficial del Ayuntamiento de Caudete (Albacete)","breadcrumb":{"@id":"https:\/\/www.caudete.org\/ayuntamiento\/convocado-pleno-extraordinario-para-el-10-12-2020\/#breadcrumb"},"inLanguage":"es","potentialAction":[{"@type":"ReadAction","target":["https:\/\/www.caudete.org\/ayuntamiento\/convocado-pleno-extraordinario-para-el-10-12-2020\/"]}]},{"@type":"ImageObject","inLanguage":"es","@id":"https:\/\/www.caudete.org\/ayuntamiento\/convocado-pleno-extraordinario-para-el-10-12-2020\/#primaryimage","url":"https:\/\/www.caudete.org\/ayuntamiento\/wp-content\/uploads\/2020\/12\/pleno122020.jpg","contentUrl":"https:\/\/www.caudete.org\/ayuntamiento\/wp-content\/uploads\/2020\/12\/pleno122020.jpg","width":800,"height":450},{"@type":"BreadcrumbList","@id":"https:\/\/www.caudete.org\/ayuntamiento\/convocado-pleno-extraordinario-para-el-10-12-2020\/#breadcrumb","itemListElement":[{"@type":"ListItem","position":1,"name":"Inicio","item":"https:\/\/www.caudete.org\/ayuntamiento\/"},{"@type":"ListItem","position":2,"name":"Convocado pleno extraordinario para el 10-12-2020"}]},{"@type":"WebSite","@id":"https:\/\/www.caudete.org\/ayuntamiento\/#website","url":"https:\/\/www.caudete.org\/ayuntamiento\/","name":"MI Ayuntamiento de Caudete","description":"P\u00e1gina Oficial del MI Ayuntamiento de Caudete","potentialAction":[{"@type":"SearchAction","target":{"@type":"EntryPoint","urlTemplate":"https:\/\/www.caudete.org\/ayuntamiento\/?s={search_term_string}"},"query-input":{"@type":"PropertyValueSpecification","valueRequired":true,"valueName":"search_term_string"}}],"inLanguage":"es"},{"@type":"Person","@id":"https:\/\/www.caudete.org\/ayuntamiento\/#\/schema\/person\/79f7e19fdd176fc2bc7a289013dc2056","name":"ayun","image":{"@type":"ImageObject","inLanguage":"es","@id":"https:\/\/secure.gravatar.com\/avatar\/4ce797ee07c943e7e592f8cd648e503e6cd571387558ed07135799c2bd2847df?s=96&d=mm&r=g","url":"https:\/\/secure.gravatar.com\/avatar\/4ce797ee07c943e7e592f8cd648e503e6cd571387558ed07135799c2bd2847df?s=96&d=mm&r=g","contentUrl":"https:\/\/secure.gravatar.com\/avatar\/4ce797ee07c943e7e592f8cd648e503e6cd571387558ed07135799c2bd2847df?s=96&d=mm&r=g","caption":"ayun"},"sameAs":["http:\/\/www.caudete.org\/ayuntamiento"],"url":"https:\/\/www.caudete.org\/ayuntamiento\/author\/ayun\/"}]}},"_links":{"self":[{"href":"https:\/\/www.caudete.org\/ayuntamiento\/wp-json\/wp\/v2\/posts\/6743","targetHints":{"allow":["GET"]}}],"collection":[{"href":"https:\/\/www.caudete.org\/ayuntamiento\/wp-json\/wp\/v2\/posts"}],"about":[{"href":"https:\/\/www.caudete.org\/ayuntamiento\/wp-json\/wp\/v2\/types\/post"}],"author":[{"embeddable":true,"href":"https:\/\/www.caudete.org\/ayuntamiento\/wp-json\/wp\/v2\/users\/1"}],"replies":[{"embeddable":true,"href":"https:\/\/www.caudete.org\/ayuntamiento\/wp-json\/wp\/v2\/comments?post=6743"}],"version-history":[{"count":4,"href":"https:\/\/www.caudete.org\/ayuntamiento\/wp-json\/wp\/v2\/posts\/6743\/revisions"}],"predecessor-version":[{"id":9419,"href":"https:\/\/www.caudete.org\/ayuntamiento\/wp-json\/wp\/v2\/posts\/6743\/revisions\/9419"}],"wp:featuredmedia":[{"embeddable":true,"href":"https:\/\/www.caudete.org\/ayuntamiento\/wp-json\/wp\/v2\/media\/6744"}],"wp:attachment":[{"href":"https:\/\/www.caudete.org\/ayuntamiento\/wp-json\/wp\/v2\/media?parent=6743"}],"wp:term":[{"taxonomy":"category","embeddable":true,"href":"https:\/\/www.caudete.org\/ayuntamiento\/wp-json\/wp\/v2\/categories?post=6743"},{"taxonomy":"post_tag","embeddable":true,"href":"https:\/\/www.caudete.org\/ayuntamiento\/wp-json\/wp\/v2\/tags?post=6743"}],"curies":[{"name":"wp","href":"https:\/\/api.w.org\/{rel}","templated":true}]}}