{"id":6776,"date":"2019-04-06T11:56:27","date_gmt":"2019-04-06T09:56:27","guid":{"rendered":"http:\/\/www.caudete.org\/ayuntamiento\/?p=6776"},"modified":"2020-12-15T13:41:59","modified_gmt":"2020-12-15T12:41:59","slug":"orden-75-2019-por-la-que-se-desarrollan-las-bases-reguladoras-del-programa-de-incentivos-a-la-movilidad-eficiente-y-sostenible-programa-moves-de-la-consejeria-de-economia-empresas-y-empleo-bdns-45","status":"publish","type":"post","link":"https:\/\/www.caudete.org\/ayuntamiento\/orden-75-2019-por-la-que-se-desarrollan-las-bases-reguladoras-del-programa-de-incentivos-a-la-movilidad-eficiente-y-sostenible-programa-moves-de-la-consejeria-de-economia-empresas-y-empleo-bdns-45\/","title":{"rendered":"Orden 75\/2019 por la que se desarrollan las bases reguladoras del Programa de incentivos a la movilidad eficiente y sostenible (Programa Moves) de la Consejer\u00eda de Econom\u00eda, Empresas y Empleo. BDNS 455815"},"content":{"rendered":"<h5 style=\"text-align: justify;\">Plazo presentaci\u00f3n solicitudes: Desde el d\u00eda 23 de mayo de 2019 hasta el d\u00eda 31 de diciembre de 2019 o hasta que se agote el presupuesto.<\/h5>\n<p style=\"text-align: justify;\"><b>El Objeto <\/b>de la orden es desarrollar las bases reguladoras y convocar para 2019 las ayudas p\u00fablicas destinadas a actuaciones de apoyo a la movilidad basada en criterios de eficiencia energ\u00e9tica, sostenibilidad e impulso del uso de energ\u00edas alternativas, incluida la disposici\u00f3n de las infraestructuras de recarga de veh\u00edculos el\u00e9ctricos, que se contienen en el Real Decreto 72\/2019, de 15 de febrero, por el que se regula el programa de incentivos a la movilidad eficiente y sostenible (Programa MOVES).<\/p>\n<p style=\"text-align: justify;\"><b>Actuaciones subvencionables: <\/b><\/p>\n<p style=\"text-align: justify;\">&#8211; Actuaci\u00f3n 1: Adquisici\u00f3n de veh\u00edculos de energ\u00edas alternativas, siendo obligatorio el achatarramiento de un veh\u00edculo M1 de m\u00e1s de 10 a\u00f1os o de un veh\u00edculo N1 de m\u00e1s de 7 a\u00f1os para las adquisiciones de veh\u00edculos nuevos M1 o N1.<\/p>\n<p style=\"text-align: justify;\">&#8211; Actuaci\u00f3n 2: Implantaci\u00f3n de infraestructura de recarga de veh\u00edculos el\u00e9ctricos.<\/p>\n<p style=\"text-align: justify;\">&#8211; Actuaci\u00f3n 3: Implantaci\u00f3n de sistemas de pr\u00e9stamos de bicicletas el\u00e9ctricas.<\/p>\n<p style=\"text-align: justify;\">&#8211; Actuaci\u00f3n 4: Implantaci\u00f3n de medidas contenidas en planes de transporte al trabajo en empresas.<\/p>\n<p style=\"text-align: justify;\"><b>Destinatarios de las ayudas: <\/b><\/p>\n<p style=\"text-align: justify;\">En las actuaciones 1 y 2:<\/p>\n<p style=\"text-align: justify;\">1\u00ba &#8211; Los profesionales aut\u00f3nomos.<br \/>\n2\u00ba &#8211; Las personas f\u00edsicas, no aut\u00f3nomos, mayores de edad.<br \/>\n3\u00ba &#8211; Las Comunidades de Propietarios.<br \/>\n4\u00ba &#8211; Las personas jur\u00eddicas, v\u00e1lidamente constituidas, y otras entidades cuyo NIF comience por las letras A, B, C, D, E, F, G, J, N, R o W.<br \/>\n5\u00ba &#8211; El sector p\u00fablico que comprende la Administraci\u00f3n General del Estado, las administraciones de las comunidades aut\u00f3nomas, entidades de la Administraci\u00f3n local de Castilla-La Mancha y el sector p\u00fablico institucional.<\/p>\n<p style=\"text-align: justify;\">En las Actuaciones 3 y 4:<\/p>\n<p style=\"text-align: justify;\">Todos los anteriores salvo los de los puntos 2\u00ba y 3\u00ba.<\/p>\n<p style=\"text-align: justify;\"><b>Cuant\u00eda:<\/b><\/p>\n<p style=\"text-align: justify;\">Las cuant\u00edas y l\u00edmites de las ayudas para cada una de las actuaciones subvencionables ser\u00e1n las establecidas, respectivamente, en el anexo III del Real Decreto 72\/2019, de 15 de febrero.<\/p>\n<p style=\"text-align: justify;\">P\u00e1gina 21 del pdf https:\/\/www.boe.es\/boe\/dias\/2019\/02\/16\/pdfs\/BOE-A-2019-2148.pdf<\/p>\n<p style=\"text-align: justify;\">Lugar de presentaci\u00f3n de solicitudes:<br \/>\na) Las personas f\u00edsicas a t\u00edtulo privado:<\/p>\n<p style=\"text-align: justify;\">1\u00ba- Preferentemente de forma telem\u00e1tica con firma electr\u00f3nica, a trav\u00e9s del formulario que se incorpora como Anexo I de la resoluci\u00f3n, que se incluir\u00e1 en la sede electr\u00f3nica de la Administraci\u00f3n de la Junta de Comunidades de Castilla-La Mancha https:\/\/www. jccm.es y en la p\u00e1gina de la oficina virtual en la direcci\u00f3n web https:\/\/ovcis.castillalamancha.es\/OficinaVirtualCIS\/.<\/p>\n<p style=\"text-align: justify;\">2\u00ba- Mediante su presentaci\u00f3n en cualquiera de los registros y por los medios previstos en el art\u00edculo 16.4 de la Ley 39\/2015, de 1 de octubre, del Procedimiento Administrativo Com\u00fan de las Administraciones P\u00fablicas.<\/p>\n<p style=\"text-align: justify;\">b) Las personas jur\u00eddicas, profesionales aut\u00f3nomos, comunidades de propietarios y el sector p\u00fablico establecido en el art\u00edculo 2 de la Ley 40\/2015 de 1 de octubre, de forma telem\u00e1tica con firma electr\u00f3nica, a trav\u00e9s del formulario que se incorpora como Anexo I de la resoluci\u00f3n, que se incluir\u00e1 en la sede electr\u00f3nica de la Administraci\u00f3n de la Junta de Comunidades de Castilla-La Mancha https:\/\/www. jccm.es y en la p\u00e1gina de la oficina virtual en la direcci\u00f3n web de <b>Programa MOVES 2019 <\/b><br \/>\n<a href=\"https:\/\/ovcis.castillalamancha.es\/OficinaVirtualCIS\/\" target=\"_blank\" rel=\"noopener noreferrer nofollow\">HAZ CLIC AQU\u00cd <\/a><\/p>\n<p style=\"text-align: justify;\"><b>Para m\u00e1s informaci\u00f3n:<\/b><br \/>\n<a href=\"https:\/\/www.jccm.es\/tramitesygestiones\/solicitud-de-ayuda-programa-moves\" target=\"_blank\" rel=\"noopener noreferrer nofollow\">HAZ CLIC AQU\u00cd<\/a><\/p>\n<p style=\"text-align: justify;\">o, en caso necesario, en Oficina de la Agencia de Desarrollo Local de Caudete, tel. 965827000 Ext. 306, desarrollo@caudete.org<\/p>\n<p><img fetchpriority=\"high\" decoding=\"async\" class=\"aligncenter size-full wp-image-6778\" src=\"http:\/\/www.caudete.org\/ayuntamiento\/wp-content\/uploads\/2020\/12\/moves.jpg\" alt=\"\" width=\"600\" height=\"600\" srcset=\"https:\/\/www.caudete.org\/ayuntamiento\/wp-content\/uploads\/2020\/12\/moves.jpg 600w, https:\/\/www.caudete.org\/ayuntamiento\/wp-content\/uploads\/2020\/12\/moves-300x300.jpg 300w, https:\/\/www.caudete.org\/ayuntamiento\/wp-content\/uploads\/2020\/12\/moves-150x150.jpg 150w, https:\/\/www.caudete.org\/ayuntamiento\/wp-content\/uploads\/2020\/12\/moves-60x60.jpg 60w\" sizes=\"(max-width: 600px) 100vw, 600px\" \/><\/p>\n","protected":false},"excerpt":{"rendered":"<p>Plazo presentaci\u00f3n solicitudes: Desde el d\u00eda 23 de mayo de 2019 hasta el d\u00eda 31 de diciembre de 2019 o hasta que se agote el presupuesto. El Objeto de la orden es desarrollar las bases reguladoras y convocar para 2019 las ayudas p\u00fablicas destinadas a actuaciones de apoyo a la movilidad basada en criterios de &hellip;<\/p>\n","protected":false},"author":1,"featured_media":6778,"comment_status":"closed","ping_status":"open","sticky":false,"template":"","format":"standard","meta":{"ngg_post_thumbnail":0,"footnotes":""},"categories":[90],"tags":[],"class_list":["post-6776","post","type-post","status-publish","format-standard","has-post-thumbnail","hentry","category-tablon-informativo-desarrollo-local"],"yoast_head":"<!-- This site is optimized with the Yoast SEO plugin v27.5 - https:\/\/yoast.com\/product\/yoast-seo-wordpress\/ -->\n<title>Orden 75\/2019 por la que se desarrollan las bases reguladoras del Programa de incentivos a la movilidad eficiente y sostenible (Programa Moves) de la Consejer\u00eda de Econom\u00eda, Empresas y Empleo. BDNS 455815 - MI Ayuntamiento de Caudete<\/title>\n<meta name=\"description\" content=\"P\u00e1gina Oficial del Ayuntamiento de Caudete (Albacete)\" \/>\n<meta name=\"robots\" content=\"index, follow, max-snippet:-1, max-image-preview:large, max-video-preview:-1\" \/>\n<link rel=\"canonical\" href=\"https:\/\/www.caudete.org\/ayuntamiento\/orden-75-2019-por-la-que-se-desarrollan-las-bases-reguladoras-del-programa-de-incentivos-a-la-movilidad-eficiente-y-sostenible-programa-moves-de-la-consejeria-de-economia-empresas-y-empleo-bdns-45\/\" \/>\n<meta property=\"og:locale\" content=\"es_ES\" \/>\n<meta property=\"og:type\" content=\"article\" \/>\n<meta property=\"og:title\" content=\"Orden 75\/2019 por la que se desarrollan las bases reguladoras del Programa de incentivos a la movilidad eficiente y sostenible (Programa Moves) de la Consejer\u00eda de Econom\u00eda, Empresas y Empleo. BDNS 455815 - MI Ayuntamiento de Caudete\" \/>\n<meta property=\"og:description\" content=\"P\u00e1gina Oficial del Ayuntamiento de Caudete (Albacete)\" \/>\n<meta property=\"og:url\" content=\"https:\/\/www.caudete.org\/ayuntamiento\/orden-75-2019-por-la-que-se-desarrollan-las-bases-reguladoras-del-programa-de-incentivos-a-la-movilidad-eficiente-y-sostenible-programa-moves-de-la-consejeria-de-economia-empresas-y-empleo-bdns-45\/\" \/>\n<meta property=\"og:site_name\" content=\"MI Ayuntamiento de Caudete\" \/>\n<meta property=\"article:publisher\" content=\"https:\/\/www.facebook.com\/ayuntamientocaudete\/\" \/>\n<meta property=\"article:published_time\" content=\"2019-04-06T09:56:27+00:00\" \/>\n<meta property=\"article:modified_time\" content=\"2020-12-15T12:41:59+00:00\" \/>\n<meta property=\"og:image\" content=\"https:\/\/www.caudete.org\/ayuntamiento\/wp-content\/uploads\/2020\/12\/moves.jpg\" \/>\n\t<meta property=\"og:image:width\" content=\"600\" \/>\n\t<meta property=\"og:image:height\" content=\"600\" \/>\n\t<meta property=\"og:image:type\" content=\"image\/jpeg\" \/>\n<meta name=\"author\" content=\"ayun\" \/>\n<meta name=\"twitter:card\" content=\"summary_large_image\" \/>\n<meta name=\"twitter:label1\" content=\"Escrito por\" \/>\n\t<meta name=\"twitter:data1\" content=\"ayun\" \/>\n\t<meta name=\"twitter:label2\" content=\"Tiempo de lectura\" \/>\n\t<meta name=\"twitter:data2\" content=\"3 minutos\" \/>\n<script type=\"application\/ld+json\" class=\"yoast-schema-graph\">{\"@context\":\"https:\\\/\\\/schema.org\",\"@graph\":[{\"@type\":\"Article\",\"@id\":\"https:\\\/\\\/www.caudete.org\\\/ayuntamiento\\\/orden-75-2019-por-la-que-se-desarrollan-las-bases-reguladoras-del-programa-de-incentivos-a-la-movilidad-eficiente-y-sostenible-programa-moves-de-la-consejeria-de-economia-empresas-y-empleo-bdns-45\\\/#article\",\"isPartOf\":{\"@id\":\"https:\\\/\\\/www.caudete.org\\\/ayuntamiento\\\/orden-75-2019-por-la-que-se-desarrollan-las-bases-reguladoras-del-programa-de-incentivos-a-la-movilidad-eficiente-y-sostenible-programa-moves-de-la-consejeria-de-economia-empresas-y-empleo-bdns-45\\\/\"},\"author\":{\"name\":\"ayun\",\"@id\":\"https:\\\/\\\/www.caudete.org\\\/ayuntamiento\\\/#\\\/schema\\\/person\\\/79f7e19fdd176fc2bc7a289013dc2056\"},\"headline\":\"Orden 75\\\/2019 por la que se desarrollan las bases reguladoras del Programa de incentivos a la movilidad eficiente y sostenible (Programa Moves) de la Consejer\u00eda de Econom\u00eda, Empresas y Empleo. BDNS 455815\",\"datePublished\":\"2019-04-06T09:56:27+00:00\",\"dateModified\":\"2020-12-15T12:41:59+00:00\",\"mainEntityOfPage\":{\"@id\":\"https:\\\/\\\/www.caudete.org\\\/ayuntamiento\\\/orden-75-2019-por-la-que-se-desarrollan-las-bases-reguladoras-del-programa-de-incentivos-a-la-movilidad-eficiente-y-sostenible-programa-moves-de-la-consejeria-de-economia-empresas-y-empleo-bdns-45\\\/\"},\"wordCount\":626,\"publisher\":{\"@id\":\"https:\\\/\\\/www.caudete.org\\\/ayuntamiento\\\/#organization\"},\"image\":{\"@id\":\"https:\\\/\\\/www.caudete.org\\\/ayuntamiento\\\/orden-75-2019-por-la-que-se-desarrollan-las-bases-reguladoras-del-programa-de-incentivos-a-la-movilidad-eficiente-y-sostenible-programa-moves-de-la-consejeria-de-economia-empresas-y-empleo-bdns-45\\\/#primaryimage\"},\"thumbnailUrl\":\"https:\\\/\\\/www.caudete.org\\\/ayuntamiento\\\/wp-content\\\/uploads\\\/2020\\\/12\\\/moves.jpg\",\"articleSection\":[\"Tabl\u00f3n informativo (Desarrollo local)\"],\"inLanguage\":\"es\"},{\"@type\":\"WebPage\",\"@id\":\"https:\\\/\\\/www.caudete.org\\\/ayuntamiento\\\/orden-75-2019-por-la-que-se-desarrollan-las-bases-reguladoras-del-programa-de-incentivos-a-la-movilidad-eficiente-y-sostenible-programa-moves-de-la-consejeria-de-economia-empresas-y-empleo-bdns-45\\\/\",\"url\":\"https:\\\/\\\/www.caudete.org\\\/ayuntamiento\\\/orden-75-2019-por-la-que-se-desarrollan-las-bases-reguladoras-del-programa-de-incentivos-a-la-movilidad-eficiente-y-sostenible-programa-moves-de-la-consejeria-de-economia-empresas-y-empleo-bdns-45\\\/\",\"name\":\"Orden 75\\\/2019 por la que se desarrollan las bases reguladoras del Programa de incentivos a la movilidad eficiente y sostenible (Programa Moves) de la Consejer\u00eda de Econom\u00eda, Empresas y Empleo. BDNS 455815 - MI Ayuntamiento de Caudete\",\"isPartOf\":{\"@id\":\"https:\\\/\\\/www.caudete.org\\\/ayuntamiento\\\/#website\"},\"primaryImageOfPage\":{\"@id\":\"https:\\\/\\\/www.caudete.org\\\/ayuntamiento\\\/orden-75-2019-por-la-que-se-desarrollan-las-bases-reguladoras-del-programa-de-incentivos-a-la-movilidad-eficiente-y-sostenible-programa-moves-de-la-consejeria-de-economia-empresas-y-empleo-bdns-45\\\/#primaryimage\"},\"image\":{\"@id\":\"https:\\\/\\\/www.caudete.org\\\/ayuntamiento\\\/orden-75-2019-por-la-que-se-desarrollan-las-bases-reguladoras-del-programa-de-incentivos-a-la-movilidad-eficiente-y-sostenible-programa-moves-de-la-consejeria-de-economia-empresas-y-empleo-bdns-45\\\/#primaryimage\"},\"thumbnailUrl\":\"https:\\\/\\\/www.caudete.org\\\/ayuntamiento\\\/wp-content\\\/uploads\\\/2020\\\/12\\\/moves.jpg\",\"datePublished\":\"2019-04-06T09:56:27+00:00\",\"dateModified\":\"2020-12-15T12:41:59+00:00\",\"description\":\"P\u00e1gina Oficial del Ayuntamiento de Caudete (Albacete)\",\"breadcrumb\":{\"@id\":\"https:\\\/\\\/www.caudete.org\\\/ayuntamiento\\\/orden-75-2019-por-la-que-se-desarrollan-las-bases-reguladoras-del-programa-de-incentivos-a-la-movilidad-eficiente-y-sostenible-programa-moves-de-la-consejeria-de-economia-empresas-y-empleo-bdns-45\\\/#breadcrumb\"},\"inLanguage\":\"es\",\"potentialAction\":[{\"@type\":\"ReadAction\",\"target\":[\"https:\\\/\\\/www.caudete.org\\\/ayuntamiento\\\/orden-75-2019-por-la-que-se-desarrollan-las-bases-reguladoras-del-programa-de-incentivos-a-la-movilidad-eficiente-y-sostenible-programa-moves-de-la-consejeria-de-economia-empresas-y-empleo-bdns-45\\\/\"]}]},{\"@type\":\"ImageObject\",\"inLanguage\":\"es\",\"@id\":\"https:\\\/\\\/www.caudete.org\\\/ayuntamiento\\\/orden-75-2019-por-la-que-se-desarrollan-las-bases-reguladoras-del-programa-de-incentivos-a-la-movilidad-eficiente-y-sostenible-programa-moves-de-la-consejeria-de-economia-empresas-y-empleo-bdns-45\\\/#primaryimage\",\"url\":\"https:\\\/\\\/www.caudete.org\\\/ayuntamiento\\\/wp-content\\\/uploads\\\/2020\\\/12\\\/moves.jpg\",\"contentUrl\":\"https:\\\/\\\/www.caudete.org\\\/ayuntamiento\\\/wp-content\\\/uploads\\\/2020\\\/12\\\/moves.jpg\",\"width\":600,\"height\":600},{\"@type\":\"BreadcrumbList\",\"@id\":\"https:\\\/\\\/www.caudete.org\\\/ayuntamiento\\\/orden-75-2019-por-la-que-se-desarrollan-las-bases-reguladoras-del-programa-de-incentivos-a-la-movilidad-eficiente-y-sostenible-programa-moves-de-la-consejeria-de-economia-empresas-y-empleo-bdns-45\\\/#breadcrumb\",\"itemListElement\":[{\"@type\":\"ListItem\",\"position\":1,\"name\":\"Inicio\",\"item\":\"https:\\\/\\\/www.caudete.org\\\/ayuntamiento\\\/\"},{\"@type\":\"ListItem\",\"position\":2,\"name\":\"Orden 75\\\/2019 por la que se desarrollan las bases reguladoras del Programa de incentivos a la movilidad eficiente y sostenible (Programa Moves) de la Consejer\u00eda de Econom\u00eda, Empresas y Empleo. BDNS 455815\"}]},{\"@type\":\"WebSite\",\"@id\":\"https:\\\/\\\/www.caudete.org\\\/ayuntamiento\\\/#website\",\"url\":\"https:\\\/\\\/www.caudete.org\\\/ayuntamiento\\\/\",\"name\":\"MI Ayuntamiento de Caudete\",\"description\":\"P\u00e1gina Oficial del MI Ayuntamiento de Caudete\",\"publisher\":{\"@id\":\"https:\\\/\\\/www.caudete.org\\\/ayuntamiento\\\/#organization\"},\"potentialAction\":[{\"@type\":\"SearchAction\",\"target\":{\"@type\":\"EntryPoint\",\"urlTemplate\":\"https:\\\/\\\/www.caudete.org\\\/ayuntamiento\\\/?s={search_term_string}\"},\"query-input\":{\"@type\":\"PropertyValueSpecification\",\"valueRequired\":true,\"valueName\":\"search_term_string\"}}],\"inLanguage\":\"es\"},{\"@type\":\"Organization\",\"@id\":\"https:\\\/\\\/www.caudete.org\\\/ayuntamiento\\\/#organization\",\"name\":\"Ayuntamiento de Caudete\",\"url\":\"https:\\\/\\\/www.caudete.org\\\/ayuntamiento\\\/\",\"logo\":{\"@type\":\"ImageObject\",\"inLanguage\":\"es\",\"@id\":\"https:\\\/\\\/www.caudete.org\\\/ayuntamiento\\\/#\\\/schema\\\/logo\\\/image\\\/\",\"url\":\"https:\\\/\\\/www.caudete.org\\\/ayuntamiento\\\/wp-content\\\/uploads\\\/2020\\\/11\\\/logo_ayuntamiento_caudete.jpg\",\"contentUrl\":\"https:\\\/\\\/www.caudete.org\\\/ayuntamiento\\\/wp-content\\\/uploads\\\/2020\\\/11\\\/logo_ayuntamiento_caudete.jpg\",\"width\":600,\"height\":150,\"caption\":\"Ayuntamiento de Caudete\"},\"image\":{\"@id\":\"https:\\\/\\\/www.caudete.org\\\/ayuntamiento\\\/#\\\/schema\\\/logo\\\/image\\\/\"},\"sameAs\":[\"https:\\\/\\\/www.facebook.com\\\/ayuntamientocaudete\\\/\",\"https:\\\/\\\/www.youtube.com\\\/channel\\\/UC6VztHaooNsGpw-tNoBEFnQ\"]},{\"@type\":\"Person\",\"@id\":\"https:\\\/\\\/www.caudete.org\\\/ayuntamiento\\\/#\\\/schema\\\/person\\\/79f7e19fdd176fc2bc7a289013dc2056\",\"name\":\"ayun\",\"image\":{\"@type\":\"ImageObject\",\"inLanguage\":\"es\",\"@id\":\"https:\\\/\\\/secure.gravatar.com\\\/avatar\\\/4ce797ee07c943e7e592f8cd648e503e6cd571387558ed07135799c2bd2847df?s=96&d=mm&r=g\",\"url\":\"https:\\\/\\\/secure.gravatar.com\\\/avatar\\\/4ce797ee07c943e7e592f8cd648e503e6cd571387558ed07135799c2bd2847df?s=96&d=mm&r=g\",\"contentUrl\":\"https:\\\/\\\/secure.gravatar.com\\\/avatar\\\/4ce797ee07c943e7e592f8cd648e503e6cd571387558ed07135799c2bd2847df?s=96&d=mm&r=g\",\"caption\":\"ayun\"},\"sameAs\":[\"http:\\\/\\\/www.caudete.org\\\/ayuntamiento\"],\"url\":\"https:\\\/\\\/www.caudete.org\\\/ayuntamiento\\\/author\\\/ayun\\\/\"}]}<\/script>\n<!-- \/ Yoast SEO plugin. -->","yoast_head_json":{"title":"Orden 75\/2019 por la que se desarrollan las bases reguladoras del Programa de incentivos a la movilidad eficiente y sostenible (Programa Moves) de la Consejer\u00eda de Econom\u00eda, Empresas y Empleo. BDNS 455815 - MI Ayuntamiento de Caudete","description":"P\u00e1gina Oficial del Ayuntamiento de Caudete (Albacete)","robots":{"index":"index","follow":"follow","max-snippet":"max-snippet:-1","max-image-preview":"max-image-preview:large","max-video-preview":"max-video-preview:-1"},"canonical":"https:\/\/www.caudete.org\/ayuntamiento\/orden-75-2019-por-la-que-se-desarrollan-las-bases-reguladoras-del-programa-de-incentivos-a-la-movilidad-eficiente-y-sostenible-programa-moves-de-la-consejeria-de-economia-empresas-y-empleo-bdns-45\/","og_locale":"es_ES","og_type":"article","og_title":"Orden 75\/2019 por la que se desarrollan las bases reguladoras del Programa de incentivos a la movilidad eficiente y sostenible (Programa Moves) de la Consejer\u00eda de Econom\u00eda, Empresas y Empleo. BDNS 455815 - MI Ayuntamiento de Caudete","og_description":"P\u00e1gina Oficial del Ayuntamiento de Caudete (Albacete)","og_url":"https:\/\/www.caudete.org\/ayuntamiento\/orden-75-2019-por-la-que-se-desarrollan-las-bases-reguladoras-del-programa-de-incentivos-a-la-movilidad-eficiente-y-sostenible-programa-moves-de-la-consejeria-de-economia-empresas-y-empleo-bdns-45\/","og_site_name":"MI Ayuntamiento de Caudete","article_publisher":"https:\/\/www.facebook.com\/ayuntamientocaudete\/","article_published_time":"2019-04-06T09:56:27+00:00","article_modified_time":"2020-12-15T12:41:59+00:00","og_image":[{"width":600,"height":600,"url":"https:\/\/www.caudete.org\/ayuntamiento\/wp-content\/uploads\/2020\/12\/moves.jpg","type":"image\/jpeg"}],"author":"ayun","twitter_card":"summary_large_image","twitter_misc":{"Escrito por":"ayun","Tiempo de lectura":"3 minutos"},"schema":{"@context":"https:\/\/schema.org","@graph":[{"@type":"Article","@id":"https:\/\/www.caudete.org\/ayuntamiento\/orden-75-2019-por-la-que-se-desarrollan-las-bases-reguladoras-del-programa-de-incentivos-a-la-movilidad-eficiente-y-sostenible-programa-moves-de-la-consejeria-de-economia-empresas-y-empleo-bdns-45\/#article","isPartOf":{"@id":"https:\/\/www.caudete.org\/ayuntamiento\/orden-75-2019-por-la-que-se-desarrollan-las-bases-reguladoras-del-programa-de-incentivos-a-la-movilidad-eficiente-y-sostenible-programa-moves-de-la-consejeria-de-economia-empresas-y-empleo-bdns-45\/"},"author":{"name":"ayun","@id":"https:\/\/www.caudete.org\/ayuntamiento\/#\/schema\/person\/79f7e19fdd176fc2bc7a289013dc2056"},"headline":"Orden 75\/2019 por la que se desarrollan las bases reguladoras del Programa de incentivos a la movilidad eficiente y sostenible (Programa Moves) de la Consejer\u00eda de Econom\u00eda, Empresas y Empleo. BDNS 455815","datePublished":"2019-04-06T09:56:27+00:00","dateModified":"2020-12-15T12:41:59+00:00","mainEntityOfPage":{"@id":"https:\/\/www.caudete.org\/ayuntamiento\/orden-75-2019-por-la-que-se-desarrollan-las-bases-reguladoras-del-programa-de-incentivos-a-la-movilidad-eficiente-y-sostenible-programa-moves-de-la-consejeria-de-economia-empresas-y-empleo-bdns-45\/"},"wordCount":626,"publisher":{"@id":"https:\/\/www.caudete.org\/ayuntamiento\/#organization"},"image":{"@id":"https:\/\/www.caudete.org\/ayuntamiento\/orden-75-2019-por-la-que-se-desarrollan-las-bases-reguladoras-del-programa-de-incentivos-a-la-movilidad-eficiente-y-sostenible-programa-moves-de-la-consejeria-de-economia-empresas-y-empleo-bdns-45\/#primaryimage"},"thumbnailUrl":"https:\/\/www.caudete.org\/ayuntamiento\/wp-content\/uploads\/2020\/12\/moves.jpg","articleSection":["Tabl\u00f3n informativo (Desarrollo local)"],"inLanguage":"es"},{"@type":"WebPage","@id":"https:\/\/www.caudete.org\/ayuntamiento\/orden-75-2019-por-la-que-se-desarrollan-las-bases-reguladoras-del-programa-de-incentivos-a-la-movilidad-eficiente-y-sostenible-programa-moves-de-la-consejeria-de-economia-empresas-y-empleo-bdns-45\/","url":"https:\/\/www.caudete.org\/ayuntamiento\/orden-75-2019-por-la-que-se-desarrollan-las-bases-reguladoras-del-programa-de-incentivos-a-la-movilidad-eficiente-y-sostenible-programa-moves-de-la-consejeria-de-economia-empresas-y-empleo-bdns-45\/","name":"Orden 75\/2019 por la que se desarrollan las bases reguladoras del Programa de incentivos a la movilidad eficiente y sostenible (Programa Moves) de la Consejer\u00eda de Econom\u00eda, Empresas y Empleo. BDNS 455815 - MI Ayuntamiento de Caudete","isPartOf":{"@id":"https:\/\/www.caudete.org\/ayuntamiento\/#website"},"primaryImageOfPage":{"@id":"https:\/\/www.caudete.org\/ayuntamiento\/orden-75-2019-por-la-que-se-desarrollan-las-bases-reguladoras-del-programa-de-incentivos-a-la-movilidad-eficiente-y-sostenible-programa-moves-de-la-consejeria-de-economia-empresas-y-empleo-bdns-45\/#primaryimage"},"image":{"@id":"https:\/\/www.caudete.org\/ayuntamiento\/orden-75-2019-por-la-que-se-desarrollan-las-bases-reguladoras-del-programa-de-incentivos-a-la-movilidad-eficiente-y-sostenible-programa-moves-de-la-consejeria-de-economia-empresas-y-empleo-bdns-45\/#primaryimage"},"thumbnailUrl":"https:\/\/www.caudete.org\/ayuntamiento\/wp-content\/uploads\/2020\/12\/moves.jpg","datePublished":"2019-04-06T09:56:27+00:00","dateModified":"2020-12-15T12:41:59+00:00","description":"P\u00e1gina Oficial del Ayuntamiento de Caudete (Albacete)","breadcrumb":{"@id":"https:\/\/www.caudete.org\/ayuntamiento\/orden-75-2019-por-la-que-se-desarrollan-las-bases-reguladoras-del-programa-de-incentivos-a-la-movilidad-eficiente-y-sostenible-programa-moves-de-la-consejeria-de-economia-empresas-y-empleo-bdns-45\/#breadcrumb"},"inLanguage":"es","potentialAction":[{"@type":"ReadAction","target":["https:\/\/www.caudete.org\/ayuntamiento\/orden-75-2019-por-la-que-se-desarrollan-las-bases-reguladoras-del-programa-de-incentivos-a-la-movilidad-eficiente-y-sostenible-programa-moves-de-la-consejeria-de-economia-empresas-y-empleo-bdns-45\/"]}]},{"@type":"ImageObject","inLanguage":"es","@id":"https:\/\/www.caudete.org\/ayuntamiento\/orden-75-2019-por-la-que-se-desarrollan-las-bases-reguladoras-del-programa-de-incentivos-a-la-movilidad-eficiente-y-sostenible-programa-moves-de-la-consejeria-de-economia-empresas-y-empleo-bdns-45\/#primaryimage","url":"https:\/\/www.caudete.org\/ayuntamiento\/wp-content\/uploads\/2020\/12\/moves.jpg","contentUrl":"https:\/\/www.caudete.org\/ayuntamiento\/wp-content\/uploads\/2020\/12\/moves.jpg","width":600,"height":600},{"@type":"BreadcrumbList","@id":"https:\/\/www.caudete.org\/ayuntamiento\/orden-75-2019-por-la-que-se-desarrollan-las-bases-reguladoras-del-programa-de-incentivos-a-la-movilidad-eficiente-y-sostenible-programa-moves-de-la-consejeria-de-economia-empresas-y-empleo-bdns-45\/#breadcrumb","itemListElement":[{"@type":"ListItem","position":1,"name":"Inicio","item":"https:\/\/www.caudete.org\/ayuntamiento\/"},{"@type":"ListItem","position":2,"name":"Orden 75\/2019 por la que se desarrollan las bases reguladoras del Programa de incentivos a la movilidad eficiente y sostenible (Programa Moves) de la Consejer\u00eda de Econom\u00eda, Empresas y Empleo. BDNS 455815"}]},{"@type":"WebSite","@id":"https:\/\/www.caudete.org\/ayuntamiento\/#website","url":"https:\/\/www.caudete.org\/ayuntamiento\/","name":"MI Ayuntamiento de Caudete","description":"P\u00e1gina Oficial del MI Ayuntamiento de Caudete","publisher":{"@id":"https:\/\/www.caudete.org\/ayuntamiento\/#organization"},"potentialAction":[{"@type":"SearchAction","target":{"@type":"EntryPoint","urlTemplate":"https:\/\/www.caudete.org\/ayuntamiento\/?s={search_term_string}"},"query-input":{"@type":"PropertyValueSpecification","valueRequired":true,"valueName":"search_term_string"}}],"inLanguage":"es"},{"@type":"Organization","@id":"https:\/\/www.caudete.org\/ayuntamiento\/#organization","name":"Ayuntamiento de Caudete","url":"https:\/\/www.caudete.org\/ayuntamiento\/","logo":{"@type":"ImageObject","inLanguage":"es","@id":"https:\/\/www.caudete.org\/ayuntamiento\/#\/schema\/logo\/image\/","url":"https:\/\/www.caudete.org\/ayuntamiento\/wp-content\/uploads\/2020\/11\/logo_ayuntamiento_caudete.jpg","contentUrl":"https:\/\/www.caudete.org\/ayuntamiento\/wp-content\/uploads\/2020\/11\/logo_ayuntamiento_caudete.jpg","width":600,"height":150,"caption":"Ayuntamiento de Caudete"},"image":{"@id":"https:\/\/www.caudete.org\/ayuntamiento\/#\/schema\/logo\/image\/"},"sameAs":["https:\/\/www.facebook.com\/ayuntamientocaudete\/","https:\/\/www.youtube.com\/channel\/UC6VztHaooNsGpw-tNoBEFnQ"]},{"@type":"Person","@id":"https:\/\/www.caudete.org\/ayuntamiento\/#\/schema\/person\/79f7e19fdd176fc2bc7a289013dc2056","name":"ayun","image":{"@type":"ImageObject","inLanguage":"es","@id":"https:\/\/secure.gravatar.com\/avatar\/4ce797ee07c943e7e592f8cd648e503e6cd571387558ed07135799c2bd2847df?s=96&d=mm&r=g","url":"https:\/\/secure.gravatar.com\/avatar\/4ce797ee07c943e7e592f8cd648e503e6cd571387558ed07135799c2bd2847df?s=96&d=mm&r=g","contentUrl":"https:\/\/secure.gravatar.com\/avatar\/4ce797ee07c943e7e592f8cd648e503e6cd571387558ed07135799c2bd2847df?s=96&d=mm&r=g","caption":"ayun"},"sameAs":["http:\/\/www.caudete.org\/ayuntamiento"],"url":"https:\/\/www.caudete.org\/ayuntamiento\/author\/ayun\/"}]}},"_links":{"self":[{"href":"https:\/\/www.caudete.org\/ayuntamiento\/wp-json\/wp\/v2\/posts\/6776","targetHints":{"allow":["GET"]}}],"collection":[{"href":"https:\/\/www.caudete.org\/ayuntamiento\/wp-json\/wp\/v2\/posts"}],"about":[{"href":"https:\/\/www.caudete.org\/ayuntamiento\/wp-json\/wp\/v2\/types\/post"}],"author":[{"embeddable":true,"href":"https:\/\/www.caudete.org\/ayuntamiento\/wp-json\/wp\/v2\/users\/1"}],"replies":[{"embeddable":true,"href":"https:\/\/www.caudete.org\/ayuntamiento\/wp-json\/wp\/v2\/comments?post=6776"}],"version-history":[{"count":4,"href":"https:\/\/www.caudete.org\/ayuntamiento\/wp-json\/wp\/v2\/posts\/6776\/revisions"}],"predecessor-version":[{"id":9721,"href":"https:\/\/www.caudete.org\/ayuntamiento\/wp-json\/wp\/v2\/posts\/6776\/revisions\/9721"}],"wp:featuredmedia":[{"embeddable":true,"href":"https:\/\/www.caudete.org\/ayuntamiento\/wp-json\/wp\/v2\/media\/6778"}],"wp:attachment":[{"href":"https:\/\/www.caudete.org\/ayuntamiento\/wp-json\/wp\/v2\/media?parent=6776"}],"wp:term":[{"taxonomy":"category","embeddable":true,"href":"https:\/\/www.caudete.org\/ayuntamiento\/wp-json\/wp\/v2\/categories?post=6776"},{"taxonomy":"post_tag","embeddable":true,"href":"https:\/\/www.caudete.org\/ayuntamiento\/wp-json\/wp\/v2\/tags?post=6776"}],"curies":[{"name":"wp","href":"https:\/\/api.w.org\/{rel}","templated":true}]}}