{"id":6810,"date":"2019-04-06T12:05:37","date_gmt":"2019-04-06T10:05:37","guid":{"rendered":"http:\/\/www.caudete.org\/ayuntamiento\/?p=6810"},"modified":"2020-12-15T13:40:48","modified_gmt":"2020-12-15T12:40:48","slug":"curso-de-produccion-carne-y-aprovechamientos-del-ciervo-cofinanciado-por-el-fondo-europeo-feader-con-la-colaboracion-de-etsiam-escuela-tecnica-superios-de-ingenieros-agronomos-y-de-montes-albacet","status":"publish","type":"post","link":"https:\/\/www.caudete.org\/ayuntamiento\/curso-de-produccion-carne-y-aprovechamientos-del-ciervo-cofinanciado-por-el-fondo-europeo-feader-con-la-colaboracion-de-etsiam-escuela-tecnica-superios-de-ingenieros-agronomos-y-de-montes-albacet\/","title":{"rendered":"CURSO DE PRODUCCION, CARNE Y APROVECHAMIENTOS DEL CIERVO . Cofinanciado por el Fondo Europeo Feader. Con la colaboraci\u00f3n de Etsiam (Escuela T\u00e9cnica Superios de Ingenieros Agr\u00f3nomos y de Montes Albacete. Universidad de Castilla-La Mancha UCLM"},"content":{"rendered":"<h5 style=\"text-align: justify;\">DESTINATARIOS: Profesionales del sector agrario y forestal y personas del medio rural que trabajen o vayan a trabajar en estas actividades especialmente los j\u00f3venes y las mujeres. Personas del mundo rural interesadas en adquirir estos conocimientos<\/h5>\n<p style=\"text-align: justify;\"><b>OBJETIVOS:<\/b><br \/>\nConocer las caracter\u00edsticas generales de la especie, y las bases de la producci\u00f3n de ciervos. Tambi\u00e9n se abordar\u00e1n medidas de gesti\u00f3n cineg\u00e9tica relacionadas con la producci\u00f3n de ciervos, as\u00ed como la base cient\u00edfica de algunas medidas de gesti\u00f3n y aspectos de su producci\u00f3n. Objetivos productivos de las explotaciones de ciervos: leche, carne, cuernas y animales para caza. Instalaciones y su funcionalidad. Centr\u00e1ndose especialmente en la producci\u00f3n de carne, leche, sus caracter\u00edsticas, procesado y comercializaci\u00f3n, pero tambi\u00e9n en productos novedosos para el mercado asi\u00e1tico. Pr\u00e1cticas de manejo habituales en granjas de ciervos.<\/p>\n<p><b>DIAS :<\/b><br \/>\nD\u00edas: 12-13-17-18 de junio de 2019<br \/>\nHorario: d\u00edas 12-13-17 de 15:30 a20:30 horas d\u00eda 18 de 14:00 a 20:30 horas<br \/>\nTotal: 20 horas<br \/>\nCURSO GRATUITO<\/p>\n<p>Lugar: Sal\u00f3n de Actos de la ETSIAM y Campos de Pr\u00e1cticas ETSIAM (UCLM) Carretera de las Pe\u00f1as km. 3,2 ALBACETE<\/p>\n<p><b>INSCRIPCI\u00d3N:<\/b><br \/>\nPara asistir a este curso hay que contactar con:<br \/>\nJuan Carlos Vilches de Frutos<br \/>\nTel\u00e9fono: 967 55 85 50<br \/>\nemail: <a href=\"mailto:jcvilchesd@jccm.es\" target=\"_blank\" rel=\"nofollow\">jcvilchesd@jccm.es<\/a><br \/>\naportando sus datos personales (nombre completo, tel\u00e9fono, correo electr\u00f3nico)<\/p>\n<p>Direcci\u00f3n Provincial de Agricultura Medio Ambiente y Desarrollo Rural de Albacete<br \/>\nTfno: 967 55 85 50<br \/>\ne-mail: <a href=\"mailto:jcvilchesd@jccm.es\" target=\"_blank\" rel=\"nofollow\">jcvilchesd@jccm.es<\/a><\/p>\n<p><b>PROFESORES <\/b><br \/>\nAntonio J. Ca\u00f1ones Castillo (Ca\u00f1ones Servicios Cineg\u00e9ticos S.L.),<br \/>\nDaniel Franco Ruiz (CETECA, Centro Tecnol\u00f3gico de la carne, Orense),<br \/>\nTom\u00e1s Landete Castillejos y Andr\u00e9s J. Garc\u00eda D\u00edaz (Catedr\u00e1ticos UCLM en el \u00c1rea de Producci\u00f3n Animal de la E.T.S.I. Agr\u00f3nomos y de Montes de Albacete).<br \/>\nFrancisco Hidalgo Garc\u00eda (doctorando en la ETSIAM de Albacete).<br \/>\nJose M\u00aa Lujan Gomez (Encargado de Granja)<\/p>\n<p><b>PROGRAMA:<\/b><\/p>\n<p><b>D\u00eda: Mi\u00e9rcoles 12 de junio de 2019 <\/b><\/p>\n<p>15:30 Introducci\u00f3n y biolog\u00eda aplicada a la gesti\u00f3n y producci\u00f3n de ciervos<br \/>\n17:00 Generalidades sobre la producci\u00f3n de ciervos<br \/>\n19:00 Lactaci\u00f3n y crecimiento de gabatos<br \/>\n20:30 Finalizaci\u00f3n jornada te\u00f3rica<\/p>\n<p><b>D\u00eda: Jueves 13 de junio de 2019 <\/b><\/p>\n<p>15:30 Claves para la cr\u00eda de venados y ciervas grandes.<br \/>\n17:00 Manejo y producci\u00f3n de ciervos en extensivo<br \/>\n19:00 Otros productos del ciervo: el gran potencial del mercado de medicina tradicional asi\u00e1tica, para deportistas y<br \/>\notros.<br \/>\n20:30 Finalizaci\u00f3n jornada te\u00f3rica<\/p>\n<p><b>D\u00eda: Lunes 17 de junio de 2019 <\/b><\/p>\n<p>15:30 Producci\u00f3n de carne de ciervo. Caracter\u00edsiticas, calidad, posibilidades\u2026.<br \/>\n20:30 Finalizaci\u00f3n jornada te\u00f3rica<\/p>\n<p><b>D\u00eda: Martes 18 de junio de 2019 <\/b><\/p>\n<p>14:00 COCINA Y DEGUSTACI\u00d3N DE CARNE DE CIERVO. COMIDA GRATUITA PARA LOS ASISTENTES<br \/>\n16:30 Visita a las instalaciones de la granja de la UCLM. Manejo de ciervos. Orde\u00f1o de ciervas. Pr\u00e1cticas zoot\u00e9cnicas<br \/>\n19:00 Puesta en com\u00fan de las impresiones de los participantes<br \/>\nacerca de la producci\u00f3n de ciervos.<br \/>\n20:00 Examen y clausura del curso<br \/>\n20:30 Finalizaci\u00f3n jornada<\/p>\n<p><a href=\"http:\/\/caudete.org\/ayuntamiento\/eniusimg\/enius146\/2019\/05\/adjuntos_fichero_bc48b84470dd0ee5.pdf\" class=\"mtli_attachment mtli_pdf\" target=\"_blank\" rel=\"noopener noreferrer nofollow\">PRODUCCION ,CARNE Y APROVECHAMIENTOS DEL CIERVO <\/a><\/p>\n<p><img fetchpriority=\"high\" decoding=\"async\" class=\"aligncenter size-full wp-image-6811\" src=\"http:\/\/www.caudete.org\/ayuntamiento\/wp-content\/uploads\/2020\/12\/procarne1.jpg\" alt=\"\" width=\"800\" height=\"565\" srcset=\"https:\/\/www.caudete.org\/ayuntamiento\/wp-content\/uploads\/2020\/12\/procarne1.jpg 800w, https:\/\/www.caudete.org\/ayuntamiento\/wp-content\/uploads\/2020\/12\/procarne1-300x212.jpg 300w, https:\/\/www.caudete.org\/ayuntamiento\/wp-content\/uploads\/2020\/12\/procarne1-768x542.jpg 768w\" sizes=\"(max-width: 800px) 100vw, 800px\" \/><\/p>\n<p><img decoding=\"async\" class=\"aligncenter size-full wp-image-6812\" src=\"http:\/\/www.caudete.org\/ayuntamiento\/wp-content\/uploads\/2020\/12\/procarne2.jpg\" alt=\"\" width=\"800\" height=\"565\" srcset=\"https:\/\/www.caudete.org\/ayuntamiento\/wp-content\/uploads\/2020\/12\/procarne2.jpg 800w, https:\/\/www.caudete.org\/ayuntamiento\/wp-content\/uploads\/2020\/12\/procarne2-300x212.jpg 300w, https:\/\/www.caudete.org\/ayuntamiento\/wp-content\/uploads\/2020\/12\/procarne2-768x542.jpg 768w\" sizes=\"(max-width: 800px) 100vw, 800px\" \/><\/p>\n","protected":false},"excerpt":{"rendered":"<p>DESTINATARIOS: Profesionales del sector agrario y forestal y personas del medio rural que trabajen o vayan a trabajar en estas actividades especialmente los j\u00f3venes y las mujeres. Personas del mundo rural interesadas en adquirir estos conocimientos OBJETIVOS: Conocer las caracter\u00edsticas generales de la especie, y las bases de la producci\u00f3n de ciervos. Tambi\u00e9n se abordar\u00e1n &hellip;<\/p>\n","protected":false},"author":1,"featured_media":6811,"comment_status":"closed","ping_status":"open","sticky":false,"template":"","format":"standard","meta":{"ngg_post_thumbnail":0,"footnotes":""},"categories":[90],"tags":[],"class_list":["post-6810","post","type-post","status-publish","format-standard","has-post-thumbnail","hentry","category-tablon-informativo-desarrollo-local"],"yoast_head":"<!-- This site is optimized with the Yoast SEO plugin v27.5 - https:\/\/yoast.com\/product\/yoast-seo-wordpress\/ -->\n<title>CURSO DE PRODUCCION, CARNE Y APROVECHAMIENTOS DEL CIERVO . Cofinanciado por el Fondo Europeo Feader. Con la colaboraci\u00f3n de Etsiam (Escuela T\u00e9cnica Superios de Ingenieros Agr\u00f3nomos y de Montes Albacete. Universidad de Castilla-La Mancha UCLM - MI Ayuntamiento de Caudete<\/title>\n<meta name=\"description\" content=\"P\u00e1gina Oficial del Ayuntamiento de Caudete (Albacete)\" \/>\n<meta name=\"robots\" content=\"index, follow, max-snippet:-1, max-image-preview:large, max-video-preview:-1\" \/>\n<link rel=\"canonical\" href=\"https:\/\/www.caudete.org\/ayuntamiento\/curso-de-produccion-carne-y-aprovechamientos-del-ciervo-cofinanciado-por-el-fondo-europeo-feader-con-la-colaboracion-de-etsiam-escuela-tecnica-superios-de-ingenieros-agronomos-y-de-montes-albacet\/\" \/>\n<meta property=\"og:locale\" content=\"es_ES\" \/>\n<meta property=\"og:type\" content=\"article\" \/>\n<meta property=\"og:title\" content=\"CURSO DE PRODUCCION, CARNE Y APROVECHAMIENTOS DEL CIERVO . Cofinanciado por el Fondo Europeo Feader. Con la colaboraci\u00f3n de Etsiam (Escuela T\u00e9cnica Superios de Ingenieros Agr\u00f3nomos y de Montes Albacete. Universidad de Castilla-La Mancha UCLM - MI Ayuntamiento de Caudete\" \/>\n<meta property=\"og:description\" content=\"P\u00e1gina Oficial del Ayuntamiento de Caudete (Albacete)\" \/>\n<meta property=\"og:url\" content=\"https:\/\/www.caudete.org\/ayuntamiento\/curso-de-produccion-carne-y-aprovechamientos-del-ciervo-cofinanciado-por-el-fondo-europeo-feader-con-la-colaboracion-de-etsiam-escuela-tecnica-superios-de-ingenieros-agronomos-y-de-montes-albacet\/\" \/>\n<meta property=\"og:site_name\" content=\"MI Ayuntamiento de Caudete\" \/>\n<meta property=\"article:publisher\" content=\"https:\/\/www.facebook.com\/ayuntamientocaudete\/\" \/>\n<meta property=\"article:published_time\" content=\"2019-04-06T10:05:37+00:00\" \/>\n<meta property=\"article:modified_time\" content=\"2020-12-15T12:40:48+00:00\" \/>\n<meta property=\"og:image\" content=\"https:\/\/www.caudete.org\/ayuntamiento\/wp-content\/uploads\/2020\/12\/procarne1.jpg\" \/>\n\t<meta property=\"og:image:width\" content=\"800\" \/>\n\t<meta property=\"og:image:height\" content=\"565\" \/>\n\t<meta property=\"og:image:type\" content=\"image\/jpeg\" \/>\n<meta name=\"author\" content=\"ayun\" \/>\n<meta name=\"twitter:card\" content=\"summary_large_image\" \/>\n<meta name=\"twitter:label1\" content=\"Escrito por\" \/>\n\t<meta name=\"twitter:data1\" content=\"ayun\" \/>\n\t<meta name=\"twitter:label2\" content=\"Tiempo de lectura\" \/>\n\t<meta name=\"twitter:data2\" content=\"3 minutos\" \/>\n<script type=\"application\/ld+json\" class=\"yoast-schema-graph\">{\"@context\":\"https:\\\/\\\/schema.org\",\"@graph\":[{\"@type\":\"Article\",\"@id\":\"https:\\\/\\\/www.caudete.org\\\/ayuntamiento\\\/curso-de-produccion-carne-y-aprovechamientos-del-ciervo-cofinanciado-por-el-fondo-europeo-feader-con-la-colaboracion-de-etsiam-escuela-tecnica-superios-de-ingenieros-agronomos-y-de-montes-albacet\\\/#article\",\"isPartOf\":{\"@id\":\"https:\\\/\\\/www.caudete.org\\\/ayuntamiento\\\/curso-de-produccion-carne-y-aprovechamientos-del-ciervo-cofinanciado-por-el-fondo-europeo-feader-con-la-colaboracion-de-etsiam-escuela-tecnica-superios-de-ingenieros-agronomos-y-de-montes-albacet\\\/\"},\"author\":{\"name\":\"ayun\",\"@id\":\"https:\\\/\\\/www.caudete.org\\\/ayuntamiento\\\/#\\\/schema\\\/person\\\/79f7e19fdd176fc2bc7a289013dc2056\"},\"headline\":\"CURSO DE PRODUCCION, CARNE Y APROVECHAMIENTOS DEL CIERVO . Cofinanciado por el Fondo Europeo Feader. Con la colaboraci\u00f3n de Etsiam (Escuela T\u00e9cnica Superios de Ingenieros Agr\u00f3nomos y de Montes Albacete. Universidad de Castilla-La Mancha UCLM\",\"datePublished\":\"2019-04-06T10:05:37+00:00\",\"dateModified\":\"2020-12-15T12:40:48+00:00\",\"mainEntityOfPage\":{\"@id\":\"https:\\\/\\\/www.caudete.org\\\/ayuntamiento\\\/curso-de-produccion-carne-y-aprovechamientos-del-ciervo-cofinanciado-por-el-fondo-europeo-feader-con-la-colaboracion-de-etsiam-escuela-tecnica-superios-de-ingenieros-agronomos-y-de-montes-albacet\\\/\"},\"wordCount\":537,\"publisher\":{\"@id\":\"https:\\\/\\\/www.caudete.org\\\/ayuntamiento\\\/#organization\"},\"image\":{\"@id\":\"https:\\\/\\\/www.caudete.org\\\/ayuntamiento\\\/curso-de-produccion-carne-y-aprovechamientos-del-ciervo-cofinanciado-por-el-fondo-europeo-feader-con-la-colaboracion-de-etsiam-escuela-tecnica-superios-de-ingenieros-agronomos-y-de-montes-albacet\\\/#primaryimage\"},\"thumbnailUrl\":\"https:\\\/\\\/www.caudete.org\\\/ayuntamiento\\\/wp-content\\\/uploads\\\/2020\\\/12\\\/procarne1.jpg\",\"articleSection\":[\"Tabl\u00f3n informativo (Desarrollo local)\"],\"inLanguage\":\"es\"},{\"@type\":\"WebPage\",\"@id\":\"https:\\\/\\\/www.caudete.org\\\/ayuntamiento\\\/curso-de-produccion-carne-y-aprovechamientos-del-ciervo-cofinanciado-por-el-fondo-europeo-feader-con-la-colaboracion-de-etsiam-escuela-tecnica-superios-de-ingenieros-agronomos-y-de-montes-albacet\\\/\",\"url\":\"https:\\\/\\\/www.caudete.org\\\/ayuntamiento\\\/curso-de-produccion-carne-y-aprovechamientos-del-ciervo-cofinanciado-por-el-fondo-europeo-feader-con-la-colaboracion-de-etsiam-escuela-tecnica-superios-de-ingenieros-agronomos-y-de-montes-albacet\\\/\",\"name\":\"CURSO DE PRODUCCION, CARNE Y APROVECHAMIENTOS DEL CIERVO . Cofinanciado por el Fondo Europeo Feader. Con la colaboraci\u00f3n de Etsiam (Escuela T\u00e9cnica Superios de Ingenieros Agr\u00f3nomos y de Montes Albacete. Universidad de Castilla-La Mancha UCLM - MI Ayuntamiento de Caudete\",\"isPartOf\":{\"@id\":\"https:\\\/\\\/www.caudete.org\\\/ayuntamiento\\\/#website\"},\"primaryImageOfPage\":{\"@id\":\"https:\\\/\\\/www.caudete.org\\\/ayuntamiento\\\/curso-de-produccion-carne-y-aprovechamientos-del-ciervo-cofinanciado-por-el-fondo-europeo-feader-con-la-colaboracion-de-etsiam-escuela-tecnica-superios-de-ingenieros-agronomos-y-de-montes-albacet\\\/#primaryimage\"},\"image\":{\"@id\":\"https:\\\/\\\/www.caudete.org\\\/ayuntamiento\\\/curso-de-produccion-carne-y-aprovechamientos-del-ciervo-cofinanciado-por-el-fondo-europeo-feader-con-la-colaboracion-de-etsiam-escuela-tecnica-superios-de-ingenieros-agronomos-y-de-montes-albacet\\\/#primaryimage\"},\"thumbnailUrl\":\"https:\\\/\\\/www.caudete.org\\\/ayuntamiento\\\/wp-content\\\/uploads\\\/2020\\\/12\\\/procarne1.jpg\",\"datePublished\":\"2019-04-06T10:05:37+00:00\",\"dateModified\":\"2020-12-15T12:40:48+00:00\",\"description\":\"P\u00e1gina Oficial del Ayuntamiento de Caudete (Albacete)\",\"breadcrumb\":{\"@id\":\"https:\\\/\\\/www.caudete.org\\\/ayuntamiento\\\/curso-de-produccion-carne-y-aprovechamientos-del-ciervo-cofinanciado-por-el-fondo-europeo-feader-con-la-colaboracion-de-etsiam-escuela-tecnica-superios-de-ingenieros-agronomos-y-de-montes-albacet\\\/#breadcrumb\"},\"inLanguage\":\"es\",\"potentialAction\":[{\"@type\":\"ReadAction\",\"target\":[\"https:\\\/\\\/www.caudete.org\\\/ayuntamiento\\\/curso-de-produccion-carne-y-aprovechamientos-del-ciervo-cofinanciado-por-el-fondo-europeo-feader-con-la-colaboracion-de-etsiam-escuela-tecnica-superios-de-ingenieros-agronomos-y-de-montes-albacet\\\/\"]}]},{\"@type\":\"ImageObject\",\"inLanguage\":\"es\",\"@id\":\"https:\\\/\\\/www.caudete.org\\\/ayuntamiento\\\/curso-de-produccion-carne-y-aprovechamientos-del-ciervo-cofinanciado-por-el-fondo-europeo-feader-con-la-colaboracion-de-etsiam-escuela-tecnica-superios-de-ingenieros-agronomos-y-de-montes-albacet\\\/#primaryimage\",\"url\":\"https:\\\/\\\/www.caudete.org\\\/ayuntamiento\\\/wp-content\\\/uploads\\\/2020\\\/12\\\/procarne1.jpg\",\"contentUrl\":\"https:\\\/\\\/www.caudete.org\\\/ayuntamiento\\\/wp-content\\\/uploads\\\/2020\\\/12\\\/procarne1.jpg\",\"width\":800,\"height\":565},{\"@type\":\"BreadcrumbList\",\"@id\":\"https:\\\/\\\/www.caudete.org\\\/ayuntamiento\\\/curso-de-produccion-carne-y-aprovechamientos-del-ciervo-cofinanciado-por-el-fondo-europeo-feader-con-la-colaboracion-de-etsiam-escuela-tecnica-superios-de-ingenieros-agronomos-y-de-montes-albacet\\\/#breadcrumb\",\"itemListElement\":[{\"@type\":\"ListItem\",\"position\":1,\"name\":\"Inicio\",\"item\":\"https:\\\/\\\/www.caudete.org\\\/ayuntamiento\\\/\"},{\"@type\":\"ListItem\",\"position\":2,\"name\":\"CURSO DE PRODUCCION, CARNE Y APROVECHAMIENTOS DEL CIERVO . Cofinanciado por el Fondo Europeo Feader. Con la colaboraci\u00f3n de Etsiam (Escuela T\u00e9cnica Superios de Ingenieros Agr\u00f3nomos y de Montes Albacete. Universidad de Castilla-La Mancha UCLM\"}]},{\"@type\":\"WebSite\",\"@id\":\"https:\\\/\\\/www.caudete.org\\\/ayuntamiento\\\/#website\",\"url\":\"https:\\\/\\\/www.caudete.org\\\/ayuntamiento\\\/\",\"name\":\"MI Ayuntamiento de Caudete\",\"description\":\"P\u00e1gina Oficial del MI Ayuntamiento de Caudete\",\"publisher\":{\"@id\":\"https:\\\/\\\/www.caudete.org\\\/ayuntamiento\\\/#organization\"},\"potentialAction\":[{\"@type\":\"SearchAction\",\"target\":{\"@type\":\"EntryPoint\",\"urlTemplate\":\"https:\\\/\\\/www.caudete.org\\\/ayuntamiento\\\/?s={search_term_string}\"},\"query-input\":{\"@type\":\"PropertyValueSpecification\",\"valueRequired\":true,\"valueName\":\"search_term_string\"}}],\"inLanguage\":\"es\"},{\"@type\":\"Organization\",\"@id\":\"https:\\\/\\\/www.caudete.org\\\/ayuntamiento\\\/#organization\",\"name\":\"Ayuntamiento de Caudete\",\"url\":\"https:\\\/\\\/www.caudete.org\\\/ayuntamiento\\\/\",\"logo\":{\"@type\":\"ImageObject\",\"inLanguage\":\"es\",\"@id\":\"https:\\\/\\\/www.caudete.org\\\/ayuntamiento\\\/#\\\/schema\\\/logo\\\/image\\\/\",\"url\":\"https:\\\/\\\/www.caudete.org\\\/ayuntamiento\\\/wp-content\\\/uploads\\\/2020\\\/11\\\/logo_ayuntamiento_caudete.jpg\",\"contentUrl\":\"https:\\\/\\\/www.caudete.org\\\/ayuntamiento\\\/wp-content\\\/uploads\\\/2020\\\/11\\\/logo_ayuntamiento_caudete.jpg\",\"width\":600,\"height\":150,\"caption\":\"Ayuntamiento de Caudete\"},\"image\":{\"@id\":\"https:\\\/\\\/www.caudete.org\\\/ayuntamiento\\\/#\\\/schema\\\/logo\\\/image\\\/\"},\"sameAs\":[\"https:\\\/\\\/www.facebook.com\\\/ayuntamientocaudete\\\/\",\"https:\\\/\\\/www.youtube.com\\\/channel\\\/UC6VztHaooNsGpw-tNoBEFnQ\"]},{\"@type\":\"Person\",\"@id\":\"https:\\\/\\\/www.caudete.org\\\/ayuntamiento\\\/#\\\/schema\\\/person\\\/79f7e19fdd176fc2bc7a289013dc2056\",\"name\":\"ayun\",\"image\":{\"@type\":\"ImageObject\",\"inLanguage\":\"es\",\"@id\":\"https:\\\/\\\/secure.gravatar.com\\\/avatar\\\/4ce797ee07c943e7e592f8cd648e503e6cd571387558ed07135799c2bd2847df?s=96&d=mm&r=g\",\"url\":\"https:\\\/\\\/secure.gravatar.com\\\/avatar\\\/4ce797ee07c943e7e592f8cd648e503e6cd571387558ed07135799c2bd2847df?s=96&d=mm&r=g\",\"contentUrl\":\"https:\\\/\\\/secure.gravatar.com\\\/avatar\\\/4ce797ee07c943e7e592f8cd648e503e6cd571387558ed07135799c2bd2847df?s=96&d=mm&r=g\",\"caption\":\"ayun\"},\"sameAs\":[\"http:\\\/\\\/www.caudete.org\\\/ayuntamiento\"],\"url\":\"https:\\\/\\\/www.caudete.org\\\/ayuntamiento\\\/author\\\/ayun\\\/\"}]}<\/script>\n<!-- \/ Yoast SEO plugin. -->","yoast_head_json":{"title":"CURSO DE PRODUCCION, CARNE Y APROVECHAMIENTOS DEL CIERVO . Cofinanciado por el Fondo Europeo Feader. Con la colaboraci\u00f3n de Etsiam (Escuela T\u00e9cnica Superios de Ingenieros Agr\u00f3nomos y de Montes Albacete. Universidad de Castilla-La Mancha UCLM - MI Ayuntamiento de Caudete","description":"P\u00e1gina Oficial del Ayuntamiento de Caudete (Albacete)","robots":{"index":"index","follow":"follow","max-snippet":"max-snippet:-1","max-image-preview":"max-image-preview:large","max-video-preview":"max-video-preview:-1"},"canonical":"https:\/\/www.caudete.org\/ayuntamiento\/curso-de-produccion-carne-y-aprovechamientos-del-ciervo-cofinanciado-por-el-fondo-europeo-feader-con-la-colaboracion-de-etsiam-escuela-tecnica-superios-de-ingenieros-agronomos-y-de-montes-albacet\/","og_locale":"es_ES","og_type":"article","og_title":"CURSO DE PRODUCCION, CARNE Y APROVECHAMIENTOS DEL CIERVO . Cofinanciado por el Fondo Europeo Feader. Con la colaboraci\u00f3n de Etsiam (Escuela T\u00e9cnica Superios de Ingenieros Agr\u00f3nomos y de Montes Albacete. Universidad de Castilla-La Mancha UCLM - MI Ayuntamiento de Caudete","og_description":"P\u00e1gina Oficial del Ayuntamiento de Caudete (Albacete)","og_url":"https:\/\/www.caudete.org\/ayuntamiento\/curso-de-produccion-carne-y-aprovechamientos-del-ciervo-cofinanciado-por-el-fondo-europeo-feader-con-la-colaboracion-de-etsiam-escuela-tecnica-superios-de-ingenieros-agronomos-y-de-montes-albacet\/","og_site_name":"MI Ayuntamiento de Caudete","article_publisher":"https:\/\/www.facebook.com\/ayuntamientocaudete\/","article_published_time":"2019-04-06T10:05:37+00:00","article_modified_time":"2020-12-15T12:40:48+00:00","og_image":[{"width":800,"height":565,"url":"https:\/\/www.caudete.org\/ayuntamiento\/wp-content\/uploads\/2020\/12\/procarne1.jpg","type":"image\/jpeg"}],"author":"ayun","twitter_card":"summary_large_image","twitter_misc":{"Escrito por":"ayun","Tiempo de lectura":"3 minutos"},"schema":{"@context":"https:\/\/schema.org","@graph":[{"@type":"Article","@id":"https:\/\/www.caudete.org\/ayuntamiento\/curso-de-produccion-carne-y-aprovechamientos-del-ciervo-cofinanciado-por-el-fondo-europeo-feader-con-la-colaboracion-de-etsiam-escuela-tecnica-superios-de-ingenieros-agronomos-y-de-montes-albacet\/#article","isPartOf":{"@id":"https:\/\/www.caudete.org\/ayuntamiento\/curso-de-produccion-carne-y-aprovechamientos-del-ciervo-cofinanciado-por-el-fondo-europeo-feader-con-la-colaboracion-de-etsiam-escuela-tecnica-superios-de-ingenieros-agronomos-y-de-montes-albacet\/"},"author":{"name":"ayun","@id":"https:\/\/www.caudete.org\/ayuntamiento\/#\/schema\/person\/79f7e19fdd176fc2bc7a289013dc2056"},"headline":"CURSO DE PRODUCCION, CARNE Y APROVECHAMIENTOS DEL CIERVO . Cofinanciado por el Fondo Europeo Feader. Con la colaboraci\u00f3n de Etsiam (Escuela T\u00e9cnica Superios de Ingenieros Agr\u00f3nomos y de Montes Albacete. Universidad de Castilla-La Mancha UCLM","datePublished":"2019-04-06T10:05:37+00:00","dateModified":"2020-12-15T12:40:48+00:00","mainEntityOfPage":{"@id":"https:\/\/www.caudete.org\/ayuntamiento\/curso-de-produccion-carne-y-aprovechamientos-del-ciervo-cofinanciado-por-el-fondo-europeo-feader-con-la-colaboracion-de-etsiam-escuela-tecnica-superios-de-ingenieros-agronomos-y-de-montes-albacet\/"},"wordCount":537,"publisher":{"@id":"https:\/\/www.caudete.org\/ayuntamiento\/#organization"},"image":{"@id":"https:\/\/www.caudete.org\/ayuntamiento\/curso-de-produccion-carne-y-aprovechamientos-del-ciervo-cofinanciado-por-el-fondo-europeo-feader-con-la-colaboracion-de-etsiam-escuela-tecnica-superios-de-ingenieros-agronomos-y-de-montes-albacet\/#primaryimage"},"thumbnailUrl":"https:\/\/www.caudete.org\/ayuntamiento\/wp-content\/uploads\/2020\/12\/procarne1.jpg","articleSection":["Tabl\u00f3n informativo (Desarrollo local)"],"inLanguage":"es"},{"@type":"WebPage","@id":"https:\/\/www.caudete.org\/ayuntamiento\/curso-de-produccion-carne-y-aprovechamientos-del-ciervo-cofinanciado-por-el-fondo-europeo-feader-con-la-colaboracion-de-etsiam-escuela-tecnica-superios-de-ingenieros-agronomos-y-de-montes-albacet\/","url":"https:\/\/www.caudete.org\/ayuntamiento\/curso-de-produccion-carne-y-aprovechamientos-del-ciervo-cofinanciado-por-el-fondo-europeo-feader-con-la-colaboracion-de-etsiam-escuela-tecnica-superios-de-ingenieros-agronomos-y-de-montes-albacet\/","name":"CURSO DE PRODUCCION, CARNE Y APROVECHAMIENTOS DEL CIERVO . Cofinanciado por el Fondo Europeo Feader. Con la colaboraci\u00f3n de Etsiam (Escuela T\u00e9cnica Superios de Ingenieros Agr\u00f3nomos y de Montes Albacete. Universidad de Castilla-La Mancha UCLM - MI Ayuntamiento de Caudete","isPartOf":{"@id":"https:\/\/www.caudete.org\/ayuntamiento\/#website"},"primaryImageOfPage":{"@id":"https:\/\/www.caudete.org\/ayuntamiento\/curso-de-produccion-carne-y-aprovechamientos-del-ciervo-cofinanciado-por-el-fondo-europeo-feader-con-la-colaboracion-de-etsiam-escuela-tecnica-superios-de-ingenieros-agronomos-y-de-montes-albacet\/#primaryimage"},"image":{"@id":"https:\/\/www.caudete.org\/ayuntamiento\/curso-de-produccion-carne-y-aprovechamientos-del-ciervo-cofinanciado-por-el-fondo-europeo-feader-con-la-colaboracion-de-etsiam-escuela-tecnica-superios-de-ingenieros-agronomos-y-de-montes-albacet\/#primaryimage"},"thumbnailUrl":"https:\/\/www.caudete.org\/ayuntamiento\/wp-content\/uploads\/2020\/12\/procarne1.jpg","datePublished":"2019-04-06T10:05:37+00:00","dateModified":"2020-12-15T12:40:48+00:00","description":"P\u00e1gina Oficial del Ayuntamiento de Caudete (Albacete)","breadcrumb":{"@id":"https:\/\/www.caudete.org\/ayuntamiento\/curso-de-produccion-carne-y-aprovechamientos-del-ciervo-cofinanciado-por-el-fondo-europeo-feader-con-la-colaboracion-de-etsiam-escuela-tecnica-superios-de-ingenieros-agronomos-y-de-montes-albacet\/#breadcrumb"},"inLanguage":"es","potentialAction":[{"@type":"ReadAction","target":["https:\/\/www.caudete.org\/ayuntamiento\/curso-de-produccion-carne-y-aprovechamientos-del-ciervo-cofinanciado-por-el-fondo-europeo-feader-con-la-colaboracion-de-etsiam-escuela-tecnica-superios-de-ingenieros-agronomos-y-de-montes-albacet\/"]}]},{"@type":"ImageObject","inLanguage":"es","@id":"https:\/\/www.caudete.org\/ayuntamiento\/curso-de-produccion-carne-y-aprovechamientos-del-ciervo-cofinanciado-por-el-fondo-europeo-feader-con-la-colaboracion-de-etsiam-escuela-tecnica-superios-de-ingenieros-agronomos-y-de-montes-albacet\/#primaryimage","url":"https:\/\/www.caudete.org\/ayuntamiento\/wp-content\/uploads\/2020\/12\/procarne1.jpg","contentUrl":"https:\/\/www.caudete.org\/ayuntamiento\/wp-content\/uploads\/2020\/12\/procarne1.jpg","width":800,"height":565},{"@type":"BreadcrumbList","@id":"https:\/\/www.caudete.org\/ayuntamiento\/curso-de-produccion-carne-y-aprovechamientos-del-ciervo-cofinanciado-por-el-fondo-europeo-feader-con-la-colaboracion-de-etsiam-escuela-tecnica-superios-de-ingenieros-agronomos-y-de-montes-albacet\/#breadcrumb","itemListElement":[{"@type":"ListItem","position":1,"name":"Inicio","item":"https:\/\/www.caudete.org\/ayuntamiento\/"},{"@type":"ListItem","position":2,"name":"CURSO DE PRODUCCION, CARNE Y APROVECHAMIENTOS DEL CIERVO . Cofinanciado por el Fondo Europeo Feader. Con la colaboraci\u00f3n de Etsiam (Escuela T\u00e9cnica Superios de Ingenieros Agr\u00f3nomos y de Montes Albacete. Universidad de Castilla-La Mancha UCLM"}]},{"@type":"WebSite","@id":"https:\/\/www.caudete.org\/ayuntamiento\/#website","url":"https:\/\/www.caudete.org\/ayuntamiento\/","name":"MI Ayuntamiento de Caudete","description":"P\u00e1gina Oficial del MI Ayuntamiento de Caudete","publisher":{"@id":"https:\/\/www.caudete.org\/ayuntamiento\/#organization"},"potentialAction":[{"@type":"SearchAction","target":{"@type":"EntryPoint","urlTemplate":"https:\/\/www.caudete.org\/ayuntamiento\/?s={search_term_string}"},"query-input":{"@type":"PropertyValueSpecification","valueRequired":true,"valueName":"search_term_string"}}],"inLanguage":"es"},{"@type":"Organization","@id":"https:\/\/www.caudete.org\/ayuntamiento\/#organization","name":"Ayuntamiento de Caudete","url":"https:\/\/www.caudete.org\/ayuntamiento\/","logo":{"@type":"ImageObject","inLanguage":"es","@id":"https:\/\/www.caudete.org\/ayuntamiento\/#\/schema\/logo\/image\/","url":"https:\/\/www.caudete.org\/ayuntamiento\/wp-content\/uploads\/2020\/11\/logo_ayuntamiento_caudete.jpg","contentUrl":"https:\/\/www.caudete.org\/ayuntamiento\/wp-content\/uploads\/2020\/11\/logo_ayuntamiento_caudete.jpg","width":600,"height":150,"caption":"Ayuntamiento de Caudete"},"image":{"@id":"https:\/\/www.caudete.org\/ayuntamiento\/#\/schema\/logo\/image\/"},"sameAs":["https:\/\/www.facebook.com\/ayuntamientocaudete\/","https:\/\/www.youtube.com\/channel\/UC6VztHaooNsGpw-tNoBEFnQ"]},{"@type":"Person","@id":"https:\/\/www.caudete.org\/ayuntamiento\/#\/schema\/person\/79f7e19fdd176fc2bc7a289013dc2056","name":"ayun","image":{"@type":"ImageObject","inLanguage":"es","@id":"https:\/\/secure.gravatar.com\/avatar\/4ce797ee07c943e7e592f8cd648e503e6cd571387558ed07135799c2bd2847df?s=96&d=mm&r=g","url":"https:\/\/secure.gravatar.com\/avatar\/4ce797ee07c943e7e592f8cd648e503e6cd571387558ed07135799c2bd2847df?s=96&d=mm&r=g","contentUrl":"https:\/\/secure.gravatar.com\/avatar\/4ce797ee07c943e7e592f8cd648e503e6cd571387558ed07135799c2bd2847df?s=96&d=mm&r=g","caption":"ayun"},"sameAs":["http:\/\/www.caudete.org\/ayuntamiento"],"url":"https:\/\/www.caudete.org\/ayuntamiento\/author\/ayun\/"}]}},"_links":{"self":[{"href":"https:\/\/www.caudete.org\/ayuntamiento\/wp-json\/wp\/v2\/posts\/6810","targetHints":{"allow":["GET"]}}],"collection":[{"href":"https:\/\/www.caudete.org\/ayuntamiento\/wp-json\/wp\/v2\/posts"}],"about":[{"href":"https:\/\/www.caudete.org\/ayuntamiento\/wp-json\/wp\/v2\/types\/post"}],"author":[{"embeddable":true,"href":"https:\/\/www.caudete.org\/ayuntamiento\/wp-json\/wp\/v2\/users\/1"}],"replies":[{"embeddable":true,"href":"https:\/\/www.caudete.org\/ayuntamiento\/wp-json\/wp\/v2\/comments?post=6810"}],"version-history":[{"count":3,"href":"https:\/\/www.caudete.org\/ayuntamiento\/wp-json\/wp\/v2\/posts\/6810\/revisions"}],"predecessor-version":[{"id":9718,"href":"https:\/\/www.caudete.org\/ayuntamiento\/wp-json\/wp\/v2\/posts\/6810\/revisions\/9718"}],"wp:featuredmedia":[{"embeddable":true,"href":"https:\/\/www.caudete.org\/ayuntamiento\/wp-json\/wp\/v2\/media\/6811"}],"wp:attachment":[{"href":"https:\/\/www.caudete.org\/ayuntamiento\/wp-json\/wp\/v2\/media?parent=6810"}],"wp:term":[{"taxonomy":"category","embeddable":true,"href":"https:\/\/www.caudete.org\/ayuntamiento\/wp-json\/wp\/v2\/categories?post=6810"},{"taxonomy":"post_tag","embeddable":true,"href":"https:\/\/www.caudete.org\/ayuntamiento\/wp-json\/wp\/v2\/tags?post=6810"}],"curies":[{"name":"wp","href":"https:\/\/api.w.org\/{rel}","templated":true}]}}