{"id":6819,"date":"2019-04-06T12:11:52","date_gmt":"2019-04-06T10:11:52","guid":{"rendered":"http:\/\/www.caudete.org\/ayuntamiento\/?p=6819"},"modified":"2020-12-15T13:40:11","modified_gmt":"2020-12-15T12:40:11","slug":"curso-de-apicultura-de-iniciacion-cofinanciado-por-el-fondo-europeo-feader","status":"publish","type":"post","link":"https:\/\/www.caudete.org\/ayuntamiento\/curso-de-apicultura-de-iniciacion-cofinanciado-por-el-fondo-europeo-feader\/","title":{"rendered":"CURSO DE APICULTURA DE INICIACI\u00d3N . Cofinanciado por el Fondo Europeo Feader"},"content":{"rendered":"<h5 style=\"text-align: justify;\">DESTINATARIOS: Profesionales del sector agrario y forestal y personas del medio rural que trabajen o vayan a trabajar en estas actividades especialmente los j\u00f3venes y las mujeres. Cualquier persona del medio rural interesada en adquirir estos conocimientos<\/h5>\n<p style=\"text-align: justify;\"><b>OBJETIVOS:<\/b><br \/>\nTransmitir a los apicultores los conocimientos b\u00e1sicos sobre la biolog\u00eda de las colonias de Apis mellifera que puedan aplicar para una explotaci\u00f3n racional de las mismas, potenciando aquellos aspectos que mejoren su vigor y resistencia frente a las enfermedades ap\u00edcolas.<br \/>\nSensibilizar a los productores ap\u00edcolas del importante papel que sus abejas desempe\u00f1an en el mantenimiento de la Biodiversidad en Zonas Naturales, en virtud de su potencial polinizador, as\u00ed como de la necesidad de introducir en sus explotaciones pr\u00e1cticas de manejo que contribuyan a obtener rendimientos productivos de una forma sostenible y compatible con la conservaci\u00f3n medioambiental.<br \/>\nDotar a los apicultores de la formaci\u00f3n exigida en la Orden de 04\/03\/2016, de la Consejer\u00eda de Agricultura, Medio Ambiente y Desarrollo Rural, por la que se modifica la Orden de 24\/03\/2015, de la Consejer\u00eda de Agricultura, por la que se establecen las bases reguladoras para la concesi\u00f3n de subvenciones para la operaci\u00f3n de apicultura para mejora de la biodiversidad incluida en la medida de agroambiente y clima en el marco del Programa de Desarrollo Rural para Castilla-La Mancha 2014-2020.<\/p>\n<p><b>DIAS :<\/b><br \/>\nD\u00edas: del 10 al 13 de JUNIO de 2019<br \/>\nHorario: de 16:00 a 21:00 horas<br \/>\nTotal: 20 horas<\/p>\n<p>Centro de Formaci\u00f3n Agroambiental Ctra. de Ayora Km. 1,5 \u2013 02006 ALBACETE<br \/>\nX5XC+QJ Albacete<br \/>\n<b>Haz clic para ver el mapa de situaci\u00f3n <\/b><br \/>\n<a href=\"https:\/\/goo.gl\/maps\/EfdRBwiwxsB2\" target=\"_blank\" rel=\"nofollow\">www.goo.gl\/maps\/EfdRBwiwxsB2<\/a><\/p>\n<p><b>INSCRIPCI\u00d3N:<\/b><br \/>\nPara asistir a este curso hay que contactar con:<br \/>\nJuan Carlos Vilches de Frutos<br \/>\nTel\u00e9fono: 967 55 85 50<br \/>\nemail: <a href=\"mailto:jcvilchesd@jccm.es\" target=\"_blank\" rel=\"nofollow\">jcvilchesd@jccm.es<\/a><br \/>\naportando sus datos personales (nombre completo, tel\u00e9fono, correo electr\u00f3nico)<\/p>\n<p>Direcci\u00f3n Provincial de Agricultura Medio Ambiente y Desarrollo Rural de Albacete<br \/>\nTfno: 967 55 85 50<br \/>\ne-mail: <a href=\"mailto:jcvilchesd@jccm.es\" target=\"_blank\" rel=\"nofollow\">jcvilchesd@jccm.es<\/a><\/p>\n<p><b>PROGRAMA:<\/b><\/p>\n<p><b>PONENTES: <\/b><br \/>\n-Andr\u00e9s Valero Valera. Veterinario Jefe de Comarca Ganadera de Hell\u00edn. Apicultor<br \/>\n-Claudio Villar Mart\u00ednez. Veterinario Oficial de Ganader\u00eda de la OCA de Villarrobledo. Apicultor<\/p>\n<p><b>D\u00eda: Lunes 10 de Junio de 2019<br \/>\nHorario: de 16:00 a 21:00 horas <\/b><\/p>\n<p>\u2022\u00bfQu\u00e9 es la apicultura?<br \/>\n\u2022 La colmena: Individuos de la colonia: Anatom\u00eda y Fisiolog\u00eda. Ciclo<br \/>\nBiol\u00f3gico. Organizaci\u00f3n Social.<br \/>\n\u2022 Apicultura fijista y movilista: Tipos de colmenas y Accesorios.<br \/>\n\u2022 Material del apicultor.<br \/>\n\u2022Concepto de colmenar: Elecci\u00f3n de emplazamiento e instalaci\u00f3n.<br \/>\n\u2022 Alimentaci\u00f3n: capricho o necesidad.<br \/>\n\u2022Multiplicaci\u00f3n del colmenar.<br \/>\n\u2022Productos de la colmena.<br \/>\n\u2022Legislaci\u00f3n ap\u00edcola.<\/p>\n<p><b>D\u00eda: Martes 11 de Junio de 2019<br \/>\nHorario: de 16:00 a 21:00 horas <\/b><\/p>\n<p>\u2022 Enfermedades de las abejas.<br \/>\n\u2022 Diagn\u00f3stico y tratamiento<br \/>\n\u2022Lucha qu\u00edmica, biol\u00f3gica o integrada..<\/p>\n<p><b>D\u00eda: Mi\u00e9rcoles 12 de Junio de 2019<br \/>\nHorario: de 16:00 a 21:00 horas <\/b><\/p>\n<p>\u2022 Biodiversidad floral en Espa\u00f1a. Vegetaci\u00f3n entom\u00f3fila. Flora ap\u00edcola. Calendario Floral.<br \/>\n\u2022 Trashumancia: Importancia pol\u00ednica y econ\u00f3mica<br \/>\n\u2022Calendario del apicultor.<br \/>\n\u2022 Zonas de Producci\u00f3n y tipos de miel en Espa\u00f1a.<br \/>\n\u2022 Cata de miel<\/p>\n<p><b>D\u00eda: Jueves 13 de Junio de 2019<br \/>\nHorario: de 16:00 a 21:00 horas <\/b><\/p>\n<p>VISITA A EXPLOTACION APICOLA<\/p>\n<p><a href=\"http:\/\/caudete.org\/ayuntamiento\/eniusimg\/enius146\/2019\/05\/adjuntos_fichero_6238be83ffee904c.pdf\" class=\"mtli_attachment mtli_pdf\" target=\"_blank\" rel=\"noopener noreferrer nofollow\">CURSO DE APICULTURA DE INICIACI\u00d3N<\/a><\/p>\n<p><img fetchpriority=\"high\" decoding=\"async\" class=\"aligncenter size-full wp-image-6822\" src=\"http:\/\/www.caudete.org\/ayuntamiento\/wp-content\/uploads\/2019\/04\/apicultura1.jpg\" alt=\"\" width=\"800\" height=\"565\" srcset=\"https:\/\/www.caudete.org\/ayuntamiento\/wp-content\/uploads\/2019\/04\/apicultura1.jpg 800w, https:\/\/www.caudete.org\/ayuntamiento\/wp-content\/uploads\/2019\/04\/apicultura1-300x212.jpg 300w, https:\/\/www.caudete.org\/ayuntamiento\/wp-content\/uploads\/2019\/04\/apicultura1-768x542.jpg 768w\" sizes=\"(max-width: 800px) 100vw, 800px\" \/><\/p>\n","protected":false},"excerpt":{"rendered":"<p>DESTINATARIOS: Profesionales del sector agrario y forestal y personas del medio rural que trabajen o vayan a trabajar en estas actividades especialmente los j\u00f3venes y las mujeres. Cualquier persona del medio rural interesada en adquirir estos conocimientos OBJETIVOS: Transmitir a los apicultores los conocimientos b\u00e1sicos sobre la biolog\u00eda de las colonias de Apis mellifera que &hellip;<\/p>\n","protected":false},"author":1,"featured_media":6822,"comment_status":"closed","ping_status":"open","sticky":false,"template":"","format":"standard","meta":{"ngg_post_thumbnail":0,"footnotes":""},"categories":[90],"tags":[],"class_list":["post-6819","post","type-post","status-publish","format-standard","has-post-thumbnail","hentry","category-tablon-informativo-desarrollo-local"],"yoast_head":"<!-- This site is optimized with the Yoast SEO plugin v27.5 - https:\/\/yoast.com\/product\/yoast-seo-wordpress\/ -->\n<title>CURSO DE APICULTURA DE INICIACI\u00d3N . Cofinanciado por el Fondo Europeo Feader - MI Ayuntamiento de Caudete<\/title>\n<meta name=\"description\" content=\"P\u00e1gina Oficial del Ayuntamiento de Caudete (Albacete)\" \/>\n<meta name=\"robots\" content=\"index, follow, max-snippet:-1, max-image-preview:large, max-video-preview:-1\" \/>\n<link rel=\"canonical\" href=\"https:\/\/www.caudete.org\/ayuntamiento\/curso-de-apicultura-de-iniciacion-cofinanciado-por-el-fondo-europeo-feader\/\" \/>\n<meta property=\"og:locale\" content=\"es_ES\" \/>\n<meta property=\"og:type\" content=\"article\" \/>\n<meta property=\"og:title\" content=\"CURSO DE APICULTURA DE INICIACI\u00d3N . Cofinanciado por el Fondo Europeo Feader - MI Ayuntamiento de Caudete\" \/>\n<meta property=\"og:description\" content=\"P\u00e1gina Oficial del Ayuntamiento de Caudete (Albacete)\" \/>\n<meta property=\"og:url\" content=\"https:\/\/www.caudete.org\/ayuntamiento\/curso-de-apicultura-de-iniciacion-cofinanciado-por-el-fondo-europeo-feader\/\" \/>\n<meta property=\"og:site_name\" content=\"MI Ayuntamiento de Caudete\" \/>\n<meta property=\"article:publisher\" content=\"https:\/\/www.facebook.com\/ayuntamientocaudete\/\" \/>\n<meta property=\"article:published_time\" content=\"2019-04-06T10:11:52+00:00\" \/>\n<meta property=\"article:modified_time\" content=\"2020-12-15T12:40:11+00:00\" \/>\n<meta property=\"og:image\" content=\"https:\/\/www.caudete.org\/ayuntamiento\/wp-content\/uploads\/2019\/04\/apicultura1.jpg\" \/>\n\t<meta property=\"og:image:width\" content=\"800\" \/>\n\t<meta property=\"og:image:height\" content=\"565\" \/>\n\t<meta property=\"og:image:type\" content=\"image\/jpeg\" \/>\n<meta name=\"author\" content=\"ayun\" \/>\n<meta name=\"twitter:card\" content=\"summary_large_image\" \/>\n<meta name=\"twitter:label1\" content=\"Escrito por\" \/>\n\t<meta name=\"twitter:data1\" content=\"ayun\" \/>\n\t<meta name=\"twitter:label2\" content=\"Tiempo de lectura\" \/>\n\t<meta name=\"twitter:data2\" content=\"3 minutos\" \/>\n<script type=\"application\/ld+json\" class=\"yoast-schema-graph\">{\"@context\":\"https:\\\/\\\/schema.org\",\"@graph\":[{\"@type\":\"Article\",\"@id\":\"https:\\\/\\\/www.caudete.org\\\/ayuntamiento\\\/curso-de-apicultura-de-iniciacion-cofinanciado-por-el-fondo-europeo-feader\\\/#article\",\"isPartOf\":{\"@id\":\"https:\\\/\\\/www.caudete.org\\\/ayuntamiento\\\/curso-de-apicultura-de-iniciacion-cofinanciado-por-el-fondo-europeo-feader\\\/\"},\"author\":{\"name\":\"ayun\",\"@id\":\"https:\\\/\\\/www.caudete.org\\\/ayuntamiento\\\/#\\\/schema\\\/person\\\/79f7e19fdd176fc2bc7a289013dc2056\"},\"headline\":\"CURSO DE APICULTURA DE INICIACI\u00d3N . Cofinanciado por el Fondo Europeo Feader\",\"datePublished\":\"2019-04-06T10:11:52+00:00\",\"dateModified\":\"2020-12-15T12:40:11+00:00\",\"mainEntityOfPage\":{\"@id\":\"https:\\\/\\\/www.caudete.org\\\/ayuntamiento\\\/curso-de-apicultura-de-iniciacion-cofinanciado-por-el-fondo-europeo-feader\\\/\"},\"wordCount\":524,\"publisher\":{\"@id\":\"https:\\\/\\\/www.caudete.org\\\/ayuntamiento\\\/#organization\"},\"image\":{\"@id\":\"https:\\\/\\\/www.caudete.org\\\/ayuntamiento\\\/curso-de-apicultura-de-iniciacion-cofinanciado-por-el-fondo-europeo-feader\\\/#primaryimage\"},\"thumbnailUrl\":\"https:\\\/\\\/www.caudete.org\\\/ayuntamiento\\\/wp-content\\\/uploads\\\/2019\\\/04\\\/apicultura1.jpg\",\"articleSection\":[\"Tabl\u00f3n informativo (Desarrollo local)\"],\"inLanguage\":\"es\"},{\"@type\":\"WebPage\",\"@id\":\"https:\\\/\\\/www.caudete.org\\\/ayuntamiento\\\/curso-de-apicultura-de-iniciacion-cofinanciado-por-el-fondo-europeo-feader\\\/\",\"url\":\"https:\\\/\\\/www.caudete.org\\\/ayuntamiento\\\/curso-de-apicultura-de-iniciacion-cofinanciado-por-el-fondo-europeo-feader\\\/\",\"name\":\"CURSO DE APICULTURA DE INICIACI\u00d3N . Cofinanciado por el Fondo Europeo Feader - MI Ayuntamiento de Caudete\",\"isPartOf\":{\"@id\":\"https:\\\/\\\/www.caudete.org\\\/ayuntamiento\\\/#website\"},\"primaryImageOfPage\":{\"@id\":\"https:\\\/\\\/www.caudete.org\\\/ayuntamiento\\\/curso-de-apicultura-de-iniciacion-cofinanciado-por-el-fondo-europeo-feader\\\/#primaryimage\"},\"image\":{\"@id\":\"https:\\\/\\\/www.caudete.org\\\/ayuntamiento\\\/curso-de-apicultura-de-iniciacion-cofinanciado-por-el-fondo-europeo-feader\\\/#primaryimage\"},\"thumbnailUrl\":\"https:\\\/\\\/www.caudete.org\\\/ayuntamiento\\\/wp-content\\\/uploads\\\/2019\\\/04\\\/apicultura1.jpg\",\"datePublished\":\"2019-04-06T10:11:52+00:00\",\"dateModified\":\"2020-12-15T12:40:11+00:00\",\"description\":\"P\u00e1gina Oficial del Ayuntamiento de Caudete (Albacete)\",\"breadcrumb\":{\"@id\":\"https:\\\/\\\/www.caudete.org\\\/ayuntamiento\\\/curso-de-apicultura-de-iniciacion-cofinanciado-por-el-fondo-europeo-feader\\\/#breadcrumb\"},\"inLanguage\":\"es\",\"potentialAction\":[{\"@type\":\"ReadAction\",\"target\":[\"https:\\\/\\\/www.caudete.org\\\/ayuntamiento\\\/curso-de-apicultura-de-iniciacion-cofinanciado-por-el-fondo-europeo-feader\\\/\"]}]},{\"@type\":\"ImageObject\",\"inLanguage\":\"es\",\"@id\":\"https:\\\/\\\/www.caudete.org\\\/ayuntamiento\\\/curso-de-apicultura-de-iniciacion-cofinanciado-por-el-fondo-europeo-feader\\\/#primaryimage\",\"url\":\"https:\\\/\\\/www.caudete.org\\\/ayuntamiento\\\/wp-content\\\/uploads\\\/2019\\\/04\\\/apicultura1.jpg\",\"contentUrl\":\"https:\\\/\\\/www.caudete.org\\\/ayuntamiento\\\/wp-content\\\/uploads\\\/2019\\\/04\\\/apicultura1.jpg\",\"width\":800,\"height\":565},{\"@type\":\"BreadcrumbList\",\"@id\":\"https:\\\/\\\/www.caudete.org\\\/ayuntamiento\\\/curso-de-apicultura-de-iniciacion-cofinanciado-por-el-fondo-europeo-feader\\\/#breadcrumb\",\"itemListElement\":[{\"@type\":\"ListItem\",\"position\":1,\"name\":\"Inicio\",\"item\":\"https:\\\/\\\/www.caudete.org\\\/ayuntamiento\\\/\"},{\"@type\":\"ListItem\",\"position\":2,\"name\":\"CURSO DE APICULTURA DE INICIACI\u00d3N . Cofinanciado por el Fondo Europeo Feader\"}]},{\"@type\":\"WebSite\",\"@id\":\"https:\\\/\\\/www.caudete.org\\\/ayuntamiento\\\/#website\",\"url\":\"https:\\\/\\\/www.caudete.org\\\/ayuntamiento\\\/\",\"name\":\"MI Ayuntamiento de Caudete\",\"description\":\"P\u00e1gina Oficial del MI Ayuntamiento de Caudete\",\"publisher\":{\"@id\":\"https:\\\/\\\/www.caudete.org\\\/ayuntamiento\\\/#organization\"},\"potentialAction\":[{\"@type\":\"SearchAction\",\"target\":{\"@type\":\"EntryPoint\",\"urlTemplate\":\"https:\\\/\\\/www.caudete.org\\\/ayuntamiento\\\/?s={search_term_string}\"},\"query-input\":{\"@type\":\"PropertyValueSpecification\",\"valueRequired\":true,\"valueName\":\"search_term_string\"}}],\"inLanguage\":\"es\"},{\"@type\":\"Organization\",\"@id\":\"https:\\\/\\\/www.caudete.org\\\/ayuntamiento\\\/#organization\",\"name\":\"Ayuntamiento de Caudete\",\"url\":\"https:\\\/\\\/www.caudete.org\\\/ayuntamiento\\\/\",\"logo\":{\"@type\":\"ImageObject\",\"inLanguage\":\"es\",\"@id\":\"https:\\\/\\\/www.caudete.org\\\/ayuntamiento\\\/#\\\/schema\\\/logo\\\/image\\\/\",\"url\":\"https:\\\/\\\/www.caudete.org\\\/ayuntamiento\\\/wp-content\\\/uploads\\\/2020\\\/11\\\/logo_ayuntamiento_caudete.jpg\",\"contentUrl\":\"https:\\\/\\\/www.caudete.org\\\/ayuntamiento\\\/wp-content\\\/uploads\\\/2020\\\/11\\\/logo_ayuntamiento_caudete.jpg\",\"width\":600,\"height\":150,\"caption\":\"Ayuntamiento de Caudete\"},\"image\":{\"@id\":\"https:\\\/\\\/www.caudete.org\\\/ayuntamiento\\\/#\\\/schema\\\/logo\\\/image\\\/\"},\"sameAs\":[\"https:\\\/\\\/www.facebook.com\\\/ayuntamientocaudete\\\/\",\"https:\\\/\\\/www.youtube.com\\\/channel\\\/UC6VztHaooNsGpw-tNoBEFnQ\"]},{\"@type\":\"Person\",\"@id\":\"https:\\\/\\\/www.caudete.org\\\/ayuntamiento\\\/#\\\/schema\\\/person\\\/79f7e19fdd176fc2bc7a289013dc2056\",\"name\":\"ayun\",\"image\":{\"@type\":\"ImageObject\",\"inLanguage\":\"es\",\"@id\":\"https:\\\/\\\/secure.gravatar.com\\\/avatar\\\/4ce797ee07c943e7e592f8cd648e503e6cd571387558ed07135799c2bd2847df?s=96&d=mm&r=g\",\"url\":\"https:\\\/\\\/secure.gravatar.com\\\/avatar\\\/4ce797ee07c943e7e592f8cd648e503e6cd571387558ed07135799c2bd2847df?s=96&d=mm&r=g\",\"contentUrl\":\"https:\\\/\\\/secure.gravatar.com\\\/avatar\\\/4ce797ee07c943e7e592f8cd648e503e6cd571387558ed07135799c2bd2847df?s=96&d=mm&r=g\",\"caption\":\"ayun\"},\"sameAs\":[\"http:\\\/\\\/www.caudete.org\\\/ayuntamiento\"],\"url\":\"https:\\\/\\\/www.caudete.org\\\/ayuntamiento\\\/author\\\/ayun\\\/\"}]}<\/script>\n<!-- \/ Yoast SEO plugin. -->","yoast_head_json":{"title":"CURSO DE APICULTURA DE INICIACI\u00d3N . Cofinanciado por el Fondo Europeo Feader - MI Ayuntamiento de Caudete","description":"P\u00e1gina Oficial del Ayuntamiento de Caudete (Albacete)","robots":{"index":"index","follow":"follow","max-snippet":"max-snippet:-1","max-image-preview":"max-image-preview:large","max-video-preview":"max-video-preview:-1"},"canonical":"https:\/\/www.caudete.org\/ayuntamiento\/curso-de-apicultura-de-iniciacion-cofinanciado-por-el-fondo-europeo-feader\/","og_locale":"es_ES","og_type":"article","og_title":"CURSO DE APICULTURA DE INICIACI\u00d3N . Cofinanciado por el Fondo Europeo Feader - MI Ayuntamiento de Caudete","og_description":"P\u00e1gina Oficial del Ayuntamiento de Caudete (Albacete)","og_url":"https:\/\/www.caudete.org\/ayuntamiento\/curso-de-apicultura-de-iniciacion-cofinanciado-por-el-fondo-europeo-feader\/","og_site_name":"MI Ayuntamiento de Caudete","article_publisher":"https:\/\/www.facebook.com\/ayuntamientocaudete\/","article_published_time":"2019-04-06T10:11:52+00:00","article_modified_time":"2020-12-15T12:40:11+00:00","og_image":[{"width":800,"height":565,"url":"https:\/\/www.caudete.org\/ayuntamiento\/wp-content\/uploads\/2019\/04\/apicultura1.jpg","type":"image\/jpeg"}],"author":"ayun","twitter_card":"summary_large_image","twitter_misc":{"Escrito por":"ayun","Tiempo de lectura":"3 minutos"},"schema":{"@context":"https:\/\/schema.org","@graph":[{"@type":"Article","@id":"https:\/\/www.caudete.org\/ayuntamiento\/curso-de-apicultura-de-iniciacion-cofinanciado-por-el-fondo-europeo-feader\/#article","isPartOf":{"@id":"https:\/\/www.caudete.org\/ayuntamiento\/curso-de-apicultura-de-iniciacion-cofinanciado-por-el-fondo-europeo-feader\/"},"author":{"name":"ayun","@id":"https:\/\/www.caudete.org\/ayuntamiento\/#\/schema\/person\/79f7e19fdd176fc2bc7a289013dc2056"},"headline":"CURSO DE APICULTURA DE INICIACI\u00d3N . Cofinanciado por el Fondo Europeo Feader","datePublished":"2019-04-06T10:11:52+00:00","dateModified":"2020-12-15T12:40:11+00:00","mainEntityOfPage":{"@id":"https:\/\/www.caudete.org\/ayuntamiento\/curso-de-apicultura-de-iniciacion-cofinanciado-por-el-fondo-europeo-feader\/"},"wordCount":524,"publisher":{"@id":"https:\/\/www.caudete.org\/ayuntamiento\/#organization"},"image":{"@id":"https:\/\/www.caudete.org\/ayuntamiento\/curso-de-apicultura-de-iniciacion-cofinanciado-por-el-fondo-europeo-feader\/#primaryimage"},"thumbnailUrl":"https:\/\/www.caudete.org\/ayuntamiento\/wp-content\/uploads\/2019\/04\/apicultura1.jpg","articleSection":["Tabl\u00f3n informativo (Desarrollo local)"],"inLanguage":"es"},{"@type":"WebPage","@id":"https:\/\/www.caudete.org\/ayuntamiento\/curso-de-apicultura-de-iniciacion-cofinanciado-por-el-fondo-europeo-feader\/","url":"https:\/\/www.caudete.org\/ayuntamiento\/curso-de-apicultura-de-iniciacion-cofinanciado-por-el-fondo-europeo-feader\/","name":"CURSO DE APICULTURA DE INICIACI\u00d3N . Cofinanciado por el Fondo Europeo Feader - MI Ayuntamiento de Caudete","isPartOf":{"@id":"https:\/\/www.caudete.org\/ayuntamiento\/#website"},"primaryImageOfPage":{"@id":"https:\/\/www.caudete.org\/ayuntamiento\/curso-de-apicultura-de-iniciacion-cofinanciado-por-el-fondo-europeo-feader\/#primaryimage"},"image":{"@id":"https:\/\/www.caudete.org\/ayuntamiento\/curso-de-apicultura-de-iniciacion-cofinanciado-por-el-fondo-europeo-feader\/#primaryimage"},"thumbnailUrl":"https:\/\/www.caudete.org\/ayuntamiento\/wp-content\/uploads\/2019\/04\/apicultura1.jpg","datePublished":"2019-04-06T10:11:52+00:00","dateModified":"2020-12-15T12:40:11+00:00","description":"P\u00e1gina Oficial del Ayuntamiento de Caudete (Albacete)","breadcrumb":{"@id":"https:\/\/www.caudete.org\/ayuntamiento\/curso-de-apicultura-de-iniciacion-cofinanciado-por-el-fondo-europeo-feader\/#breadcrumb"},"inLanguage":"es","potentialAction":[{"@type":"ReadAction","target":["https:\/\/www.caudete.org\/ayuntamiento\/curso-de-apicultura-de-iniciacion-cofinanciado-por-el-fondo-europeo-feader\/"]}]},{"@type":"ImageObject","inLanguage":"es","@id":"https:\/\/www.caudete.org\/ayuntamiento\/curso-de-apicultura-de-iniciacion-cofinanciado-por-el-fondo-europeo-feader\/#primaryimage","url":"https:\/\/www.caudete.org\/ayuntamiento\/wp-content\/uploads\/2019\/04\/apicultura1.jpg","contentUrl":"https:\/\/www.caudete.org\/ayuntamiento\/wp-content\/uploads\/2019\/04\/apicultura1.jpg","width":800,"height":565},{"@type":"BreadcrumbList","@id":"https:\/\/www.caudete.org\/ayuntamiento\/curso-de-apicultura-de-iniciacion-cofinanciado-por-el-fondo-europeo-feader\/#breadcrumb","itemListElement":[{"@type":"ListItem","position":1,"name":"Inicio","item":"https:\/\/www.caudete.org\/ayuntamiento\/"},{"@type":"ListItem","position":2,"name":"CURSO DE APICULTURA DE INICIACI\u00d3N . Cofinanciado por el Fondo Europeo Feader"}]},{"@type":"WebSite","@id":"https:\/\/www.caudete.org\/ayuntamiento\/#website","url":"https:\/\/www.caudete.org\/ayuntamiento\/","name":"MI Ayuntamiento de Caudete","description":"P\u00e1gina Oficial del MI Ayuntamiento de Caudete","publisher":{"@id":"https:\/\/www.caudete.org\/ayuntamiento\/#organization"},"potentialAction":[{"@type":"SearchAction","target":{"@type":"EntryPoint","urlTemplate":"https:\/\/www.caudete.org\/ayuntamiento\/?s={search_term_string}"},"query-input":{"@type":"PropertyValueSpecification","valueRequired":true,"valueName":"search_term_string"}}],"inLanguage":"es"},{"@type":"Organization","@id":"https:\/\/www.caudete.org\/ayuntamiento\/#organization","name":"Ayuntamiento de Caudete","url":"https:\/\/www.caudete.org\/ayuntamiento\/","logo":{"@type":"ImageObject","inLanguage":"es","@id":"https:\/\/www.caudete.org\/ayuntamiento\/#\/schema\/logo\/image\/","url":"https:\/\/www.caudete.org\/ayuntamiento\/wp-content\/uploads\/2020\/11\/logo_ayuntamiento_caudete.jpg","contentUrl":"https:\/\/www.caudete.org\/ayuntamiento\/wp-content\/uploads\/2020\/11\/logo_ayuntamiento_caudete.jpg","width":600,"height":150,"caption":"Ayuntamiento de Caudete"},"image":{"@id":"https:\/\/www.caudete.org\/ayuntamiento\/#\/schema\/logo\/image\/"},"sameAs":["https:\/\/www.facebook.com\/ayuntamientocaudete\/","https:\/\/www.youtube.com\/channel\/UC6VztHaooNsGpw-tNoBEFnQ"]},{"@type":"Person","@id":"https:\/\/www.caudete.org\/ayuntamiento\/#\/schema\/person\/79f7e19fdd176fc2bc7a289013dc2056","name":"ayun","image":{"@type":"ImageObject","inLanguage":"es","@id":"https:\/\/secure.gravatar.com\/avatar\/4ce797ee07c943e7e592f8cd648e503e6cd571387558ed07135799c2bd2847df?s=96&d=mm&r=g","url":"https:\/\/secure.gravatar.com\/avatar\/4ce797ee07c943e7e592f8cd648e503e6cd571387558ed07135799c2bd2847df?s=96&d=mm&r=g","contentUrl":"https:\/\/secure.gravatar.com\/avatar\/4ce797ee07c943e7e592f8cd648e503e6cd571387558ed07135799c2bd2847df?s=96&d=mm&r=g","caption":"ayun"},"sameAs":["http:\/\/www.caudete.org\/ayuntamiento"],"url":"https:\/\/www.caudete.org\/ayuntamiento\/author\/ayun\/"}]}},"_links":{"self":[{"href":"https:\/\/www.caudete.org\/ayuntamiento\/wp-json\/wp\/v2\/posts\/6819","targetHints":{"allow":["GET"]}}],"collection":[{"href":"https:\/\/www.caudete.org\/ayuntamiento\/wp-json\/wp\/v2\/posts"}],"about":[{"href":"https:\/\/www.caudete.org\/ayuntamiento\/wp-json\/wp\/v2\/types\/post"}],"author":[{"embeddable":true,"href":"https:\/\/www.caudete.org\/ayuntamiento\/wp-json\/wp\/v2\/users\/1"}],"replies":[{"embeddable":true,"href":"https:\/\/www.caudete.org\/ayuntamiento\/wp-json\/wp\/v2\/comments?post=6819"}],"version-history":[{"count":3,"href":"https:\/\/www.caudete.org\/ayuntamiento\/wp-json\/wp\/v2\/posts\/6819\/revisions"}],"predecessor-version":[{"id":9717,"href":"https:\/\/www.caudete.org\/ayuntamiento\/wp-json\/wp\/v2\/posts\/6819\/revisions\/9717"}],"wp:featuredmedia":[{"embeddable":true,"href":"https:\/\/www.caudete.org\/ayuntamiento\/wp-json\/wp\/v2\/media\/6822"}],"wp:attachment":[{"href":"https:\/\/www.caudete.org\/ayuntamiento\/wp-json\/wp\/v2\/media?parent=6819"}],"wp:term":[{"taxonomy":"category","embeddable":true,"href":"https:\/\/www.caudete.org\/ayuntamiento\/wp-json\/wp\/v2\/categories?post=6819"},{"taxonomy":"post_tag","embeddable":true,"href":"https:\/\/www.caudete.org\/ayuntamiento\/wp-json\/wp\/v2\/tags?post=6819"}],"curies":[{"name":"wp","href":"https:\/\/api.w.org\/{rel}","templated":true}]}}