{"id":6826,"date":"2019-04-06T12:15:50","date_gmt":"2019-04-06T10:15:50","guid":{"rendered":"http:\/\/www.caudete.org\/ayuntamiento\/?p=6826"},"modified":"2020-12-15T13:39:35","modified_gmt":"2020-12-15T12:39:35","slug":"resolucion-de-la-direccion-general-de-programas-de-empleo-por-la-que-se-publican-los-creditos-para-las-subvenciones-destinadas-a-fomentar-el-autoempleo-la-creacion-de-empresas-y-el-emprendimiento-en","status":"publish","type":"post","link":"https:\/\/www.caudete.org\/ayuntamiento\/resolucion-de-la-direccion-general-de-programas-de-empleo-por-la-que-se-publican-los-creditos-para-las-subvenciones-destinadas-a-fomentar-el-autoempleo-la-creacion-de-empresas-y-el-emprendimiento-en\/","title":{"rendered":"Resoluci\u00f3n de la Direcci\u00f3n General de Programas de Empleo, por la que se publican los cr\u00e9ditos para las subvenciones destinadas a fomentar el autoempleo, la creaci\u00f3n de empresas y el emprendimiento en el 2019 cofinanciado por el Fondo Social Europeo. BDNS"},"content":{"rendered":"<h5 style=\"text-align: justify;\">Plazo presentaci\u00f3n solicitudes: Desde el d\u00eda 25 de mayo de 2019 hasta el d\u00eda 30 de noviembre de 2019.<\/h5>\n<p style=\"text-align: justify;\"><b>El Objeto de la resoluci\u00f3n es regular el procedimiento de concesi\u00f3n directa de subvenciones destinadas a: <\/b><\/p>\n<p>&#8211; L\u00ednea 1: Ayudas para el establecimiento de personas desempleadas como trabajadoras aut\u00f3nomas (para esta l\u00ednea, ser\u00e1n subvencionables los gastos realizados y pagados dentro del per\u00edodo comprendido desde el 1 de noviembre de 2016 hasta el 31 de octubre de 2019). M\u00e1s informaci\u00f3n en:<br \/>\n<a href=\"https:\/\/www.jccm.es\/tramitesygestiones\/ayudas-para-el-establecimiento-de-personas-desempleadas-como-trabajadoras\" target=\"_blank\" rel=\"noopener noreferrer nofollow\">www.jccm.es\/tramitesygestiones\/ayudas-para-el-establecimiento-de-personas-desempleadas-como-trabajadoras<\/a><\/p>\n<p>&#8211; L\u00ednea 2: Ayudas para la consolidaci\u00f3n de proyectos. M\u00e1s informaci\u00f3n en:<br \/>\n<a href=\"https:\/\/www.jccm.es\/tramitesygestiones\/ayudas-para-la-consolidacion-de-proyectos\" target=\"_blank\" rel=\"noopener noreferrer nofollow\">www.jccm.es\/tramitesygestiones\/ayudas-para-la-consolidacion-de-proyectos<\/a><\/p>\n<p>&#8211; L\u00ednea 3: Ayudas para favorecer la conciliaci\u00f3n de la vida laboral, familiar y personal del titular de la actividad emprendedora. M\u00e1s informaci\u00f3n en:<br \/>\n<a href=\"https:\/\/www.jccm.es\/tramitesygestiones\/ayudas-para-favorecer-la-conciliacion-de-la-vida-laboral-familiar-y-personal-del\" target=\"_blank\" rel=\"noopener noreferrer nofollow\">www.jccm.es\/tramitesygestiones\/ayudas-para-favorecer-la-conciliacion-de-la-vida-laboral-familiar-y-personal-del<\/a><\/p>\n<p>&#8211; L\u00ednea 4: Ayudas para el fomento del relevo generacional, a trav\u00e9s de las siguientes modalidades de subvenci\u00f3n:<\/p>\n<p>1\u00aa. Subvenci\u00f3n por la transmisi\u00f3n de la actividad empresarial. M\u00e1s informaci\u00f3n en:<br \/>\n<a href=\"https:\/\/www.jccm.es\/tramitesygestiones\/ayudas-de-fomento-al-relevo-generacional-subvencion-por-transmision-de-la\" target=\"_blank\" rel=\"noopener noreferrer nofollow\">www.jccm.es\/tramitesygestiones\/ayudas-de-fomento-al-relevo-generacional-subvencion-por-transmision-de-la<\/a><\/p>\n<p>2\u00aa. Subvenci\u00f3n por la contrataci\u00f3n de duraci\u00f3n determinada del relevista por la persona titular de la actividad empresarial. M\u00e1s informaci\u00f3n en:<br \/>\n<a href=\"https:\/\/www.jccm.es\/tramitesygestiones\/ayudas-de-fomento-al-relevo-generacional-subvencion-por-contratacion-de- duracion\" target=\"_blank\" rel=\"noopener noreferrer nofollow\">www.jccm.es\/tramitesygestiones\/ayudas-de-fomento-al-relevo-generacional-subvencion-por-contratacion-de-duracion<\/a><\/p>\n<p>&#8211; L\u00ednea 5: Ayudas al familiar colaborador del titular de la empresa. M\u00e1s informaci\u00f3n en:<br \/>\n<a href=\"https:\/\/www.jccm.es\/tramitesygestiones\/ayudas-del-familiar-colaborador-que-causa-alta-en-el-reta-o-en-la-mutualidad-del\" target=\"_blank\" rel=\"noopener noreferrer nofollow\">www.jccm.es\/tramitesygestiones\/ayudas-del-familiar-colaborador-que-causa-alta-en-el-reta-o-en-la-mutualidad-del<\/a><\/p>\n<p>&#8211; L\u00ednea 6: Ayudas por la primera contrataci\u00f3n indefinida de personas por cuenta ajena (aplicable tambi\u00e9n a sociedades civiles no patrimoniales y a sociedades limitadas unipersonales). M\u00e1s informaci\u00f3n en:<br \/>\n<a href=\"https:\/\/www.jccm.es\/tramitesygestiones\/ayudas-por-la-primera-contratacion-indefinida-de-personas-por-cuenta-ajena\" target=\"_blank\" rel=\"noopener noreferrer nofollow\">www.jccm.es\/tramitesygestiones\/ayudas-por-<br \/>\nla-primera-contratacion-indefinida-de-personas-por-cuenta-ajena<\/a><\/p>\n<p>Para las l\u00edneas 2, 3, 4, 5 y 6 ser\u00e1n subvencionables los gastos y contrataciones o altas realizados entre el 1 de noviembre de 2018 hasta el 31 de octubre de 2019.<\/p>\n<p>L\u00ednea 1: Ayudas para el establecimiento de personas desempleadas como trabajadoras aut\u00f3nomas.<\/p>\n<p>El objeto de esta l\u00ednea es ayudar al establecimiento de personas desempleadas como trabajadoras aut\u00f3nomas e impulsar el empleo por cuenta propia mediante el inicio de una actividad econ\u00f3mica en Castilla-La Mancha, compensando los gastos de inicio de actividad a los que se enfrenta toda persona emprendedora.<\/p>\n<p><strong>Destinatarios:<\/strong><br \/>\na) Las personas f\u00edsicas establecidas como trabajadoras aut\u00f3nomas o por cuenta propia que realicen la actividad en nombre propio.<br \/>\nb) Las personas f\u00edsicas que formen parte, en su calidad de trabajadoras aut\u00f3nomas, de comunidades de bienes, siempre que las subvenciones se soliciten a t\u00edtulo personal y su actividad econ\u00f3mica no sea la mera administraci\u00f3n de bienes o masas patrimoniales.<\/p>\n<p>Actuaciones subvencionables por la puesta en marcha de un nuevo proyecto empresarial:<\/p>\n<p>a) Cotizaciones al RETA o mutualidad del colegio profesional correspondiente.<br \/>\nb) Gastos necesarios para obtener la financiaci\u00f3n de proyectos, entendiendo como tales:<\/p>\n<p>1\u00ba. Gastos de estudio destinados a la obtenci\u00f3n del pr\u00e9stamo, incluyendo tambi\u00e9n los de tasaci\u00f3n de inmuebles que figuren como garant\u00eda del pr\u00e9stamo o para adquisici\u00f3n del local donde se instalar\u00e1 la actividad empresarial.<br \/>\n2\u00ba. Gastos de formalizaci\u00f3n del pr\u00e9stamo o aval, incluyendo gastos de notario, registro e impuesto de actos jur\u00eddicos documentados.<br \/>\n3\u00ba. Gastos de estudio y formalizaci\u00f3n de un contrato de Leasing y\/o Renting.<br \/>\n4\u00ba. Gastos de estudio y formalizaci\u00f3n de Aval Castilla la Mancha.<br \/>\n5\u00ba. Gastos de obtenci\u00f3n de cr\u00e9ditos y l\u00edneas de descuento.<\/p>\n<p>c) Tasas, licencias municipales, licencias regionales Impuesto de Actos Jur\u00eddicos Documentados, siempre que sean necesarios para el inicio de la actividad.<br \/>\nd) Gastos correspondientes al pago de c\u00e1nones de entrada por franquicia, as\u00ed como c\u00e1nones de adhesi\u00f3n de agentes de entidades de cr\u00e9dito que se establezcan en el correspondiente contrato mercantil de agencia.<br \/>\ne) Dise\u00f1o de imagen corporativa.<br \/>\nf) Gastos de publicidad y marketing relacionados con la actividad emprendedora.<br \/>\ng) Dise\u00f1o y elaboraci\u00f3n de p\u00e1gina web o portales corporativos virtuales.<br \/>\nh) Posicionamiento web.<br \/>\ni) Dise\u00f1o y elaboraci\u00f3n de cat\u00e1logos de productos y\/o servicios prestados por la empresa, cuyos productos o servicios no est\u00e9n singularizados para su venta directa.<br \/>\nj) Cuota de incorporaci\u00f3n, alta o inscripci\u00f3n inicial en el colegio profesional correspondiente.<br \/>\nk) Desarrollo de prototipos de I+D, incluido el material y fungibles necesarios para la construcci\u00f3n y puesta en marcha de prototipos.<br \/>\nl) Inversiones en patentes y modelos de utilidad, incluida la tasa de solicitud de registro de marca o nombre comercial a nivel nacional en la Oficina Espa\u00f1ola de Patentes y Marcas (s\u00f3lo primera marca y una clase).<br \/>\nm) Gastos de constituci\u00f3n de sociedad unipersonal de responsabilidad limitada correspondientes a notar\u00eda, registro mercantil y gastos de publicaci\u00f3n en el Bolet\u00edn Oficial del Registro Mercantil.<br \/>\nn) Certificaci\u00f3n de sistemas de gesti\u00f3n y productos: calidad, medioambiental, I+D-I, seguridad.<\/p>\n<p><b>Cuant\u00eda: <\/b><br \/>\na) Cuando el beneficiario sea un hombre: hasta un m\u00e1ximo de 3.500 euros, que se incrementar\u00e1 en 600 euros cuando el hombre tenga la condici\u00f3n de persona con discapacidad.<br \/>\nb) Cuando la beneficiaria sea una mujer: hasta un m\u00e1ximo de 4.500 euros, que se incrementar\u00e1 en 800 euros cuando la mujer tenga la condici\u00f3n de persona con discapacidad o y con 500 euros m\u00e1s cuando la mujer tenga acreditada la condici\u00f3n de v\u00edctima de violencia de g\u00e9nero.<\/p>\n<p>Las anteriores ayudas se incrementar\u00e1n en 500 euros cuando la persona tenga la condici\u00f3n de desempleada de larga duraci\u00f3n, \u00f3 que sea una persona en situaci\u00f3n de exclusi\u00f3n social.<\/p>\n<p><b>Lugar de presentaci\u00f3n de solicitudes: <\/b><\/p>\n<p>La presentaci\u00f3n de solicitudes s\u00f3lo ser\u00e1 de forma telem\u00e1tica con firma electr\u00f3nica, a trav\u00e9s de los formularios que se incluir\u00e1n en la sede electr\u00f3nica de la Administraci\u00f3n de la Junta de Comunidades de Castilla-La Mancha:<br \/>\n<a href=\"https:\/\/www.jccm.es\" target=\"_blank\" rel=\"noopener noreferrer nofollow\">www.jccm.es<\/a><\/p>\n<p>as\u00ed como en la Oficina Virtual de la Consejer\u00eda competente en materia de autoempleo, en la direcci\u00f3n web:<br \/>\n<a href=\"https:\/\/e-empleo.jccm.es\/ovi\/\" target=\"_blank\" rel=\"noopener noreferrer nofollow\">www.e-empleo.jccm.es\/ovi\/<\/a><\/p>\n<p><b>Informaci\u00f3n Adicional dirigi\u00e9ndose a <\/b>incentivos@jccm.es<\/p>\n<p>o, en caso necesario, en Oficina de la Agencia de Desarrollo Local de Caudete, tel. 965827000 Ext. 306, desarrollo@caudete.org<\/p>\n","protected":false},"excerpt":{"rendered":"<p>Plazo presentaci\u00f3n solicitudes: Desde el d\u00eda 25 de mayo de 2019 hasta el d\u00eda 30 de noviembre de 2019. El Objeto de la resoluci\u00f3n es regular el procedimiento de concesi\u00f3n directa de subvenciones destinadas a: &#8211; L\u00ednea 1: Ayudas para el establecimiento de personas desempleadas como trabajadoras aut\u00f3nomas (para esta l\u00ednea, ser\u00e1n subvencionables los gastos &hellip;<\/p>\n","protected":false},"author":1,"featured_media":6829,"comment_status":"closed","ping_status":"open","sticky":false,"template":"","format":"standard","meta":{"ngg_post_thumbnail":0,"footnotes":""},"categories":[90],"tags":[],"class_list":["post-6826","post","type-post","status-publish","format-standard","has-post-thumbnail","hentry","category-tablon-informativo-desarrollo-local"],"yoast_head":"<!-- This site is optimized with the Yoast SEO plugin v27.5 - https:\/\/yoast.com\/product\/yoast-seo-wordpress\/ -->\n<title>Resoluci\u00f3n de la Direcci\u00f3n General de Programas de Empleo, por la que se publican los cr\u00e9ditos para las subvenciones destinadas a fomentar el autoempleo, la creaci\u00f3n de empresas y el emprendimiento en el 2019 cofinanciado por el Fondo Social Europeo. BDNS - MI Ayuntamiento de Caudete<\/title>\n<meta name=\"description\" content=\"P\u00e1gina Oficial del Ayuntamiento de Caudete (Albacete)\" \/>\n<meta name=\"robots\" content=\"index, follow, max-snippet:-1, max-image-preview:large, max-video-preview:-1\" \/>\n<link rel=\"canonical\" href=\"https:\/\/www.caudete.org\/ayuntamiento\/resolucion-de-la-direccion-general-de-programas-de-empleo-por-la-que-se-publican-los-creditos-para-las-subvenciones-destinadas-a-fomentar-el-autoempleo-la-creacion-de-empresas-y-el-emprendimiento-en\/\" \/>\n<meta property=\"og:locale\" content=\"es_ES\" \/>\n<meta property=\"og:type\" content=\"article\" \/>\n<meta property=\"og:title\" content=\"Resoluci\u00f3n de la Direcci\u00f3n General de Programas de Empleo, por la que se publican los cr\u00e9ditos para las subvenciones destinadas a fomentar el autoempleo, la creaci\u00f3n de empresas y el emprendimiento en el 2019 cofinanciado por el Fondo Social Europeo. BDNS - MI Ayuntamiento de Caudete\" \/>\n<meta property=\"og:description\" content=\"P\u00e1gina Oficial del Ayuntamiento de Caudete (Albacete)\" \/>\n<meta property=\"og:url\" content=\"https:\/\/www.caudete.org\/ayuntamiento\/resolucion-de-la-direccion-general-de-programas-de-empleo-por-la-que-se-publican-los-creditos-para-las-subvenciones-destinadas-a-fomentar-el-autoempleo-la-creacion-de-empresas-y-el-emprendimiento-en\/\" \/>\n<meta property=\"og:site_name\" content=\"MI Ayuntamiento de Caudete\" \/>\n<meta property=\"article:publisher\" content=\"https:\/\/www.facebook.com\/ayuntamientocaudete\/\" \/>\n<meta property=\"article:published_time\" content=\"2019-04-06T10:15:50+00:00\" \/>\n<meta property=\"article:modified_time\" content=\"2020-12-15T12:39:35+00:00\" \/>\n<meta property=\"og:image\" content=\"https:\/\/www.caudete.org\/ayuntamiento\/wp-content\/uploads\/2020\/12\/bdns.jpg\" \/>\n\t<meta property=\"og:image:width\" content=\"301\" \/>\n\t<meta property=\"og:image:height\" content=\"200\" \/>\n\t<meta property=\"og:image:type\" content=\"image\/jpeg\" \/>\n<meta name=\"author\" content=\"ayun\" \/>\n<meta name=\"twitter:card\" content=\"summary_large_image\" \/>\n<meta name=\"twitter:label1\" content=\"Escrito por\" \/>\n\t<meta name=\"twitter:data1\" content=\"ayun\" \/>\n\t<meta name=\"twitter:label2\" content=\"Tiempo de lectura\" \/>\n\t<meta name=\"twitter:data2\" content=\"5 minutos\" \/>\n<script type=\"application\/ld+json\" class=\"yoast-schema-graph\">{\"@context\":\"https:\\\/\\\/schema.org\",\"@graph\":[{\"@type\":\"Article\",\"@id\":\"https:\\\/\\\/www.caudete.org\\\/ayuntamiento\\\/resolucion-de-la-direccion-general-de-programas-de-empleo-por-la-que-se-publican-los-creditos-para-las-subvenciones-destinadas-a-fomentar-el-autoempleo-la-creacion-de-empresas-y-el-emprendimiento-en\\\/#article\",\"isPartOf\":{\"@id\":\"https:\\\/\\\/www.caudete.org\\\/ayuntamiento\\\/resolucion-de-la-direccion-general-de-programas-de-empleo-por-la-que-se-publican-los-creditos-para-las-subvenciones-destinadas-a-fomentar-el-autoempleo-la-creacion-de-empresas-y-el-emprendimiento-en\\\/\"},\"author\":{\"name\":\"ayun\",\"@id\":\"https:\\\/\\\/www.caudete.org\\\/ayuntamiento\\\/#\\\/schema\\\/person\\\/79f7e19fdd176fc2bc7a289013dc2056\"},\"headline\":\"Resoluci\u00f3n de la Direcci\u00f3n General de Programas de Empleo, por la que se publican los cr\u00e9ditos para las subvenciones destinadas a fomentar el autoempleo, la creaci\u00f3n de empresas y el emprendimiento en el 2019 cofinanciado por el Fondo Social Europeo. BDNS\",\"datePublished\":\"2019-04-06T10:15:50+00:00\",\"dateModified\":\"2020-12-15T12:39:35+00:00\",\"mainEntityOfPage\":{\"@id\":\"https:\\\/\\\/www.caudete.org\\\/ayuntamiento\\\/resolucion-de-la-direccion-general-de-programas-de-empleo-por-la-que-se-publican-los-creditos-para-las-subvenciones-destinadas-a-fomentar-el-autoempleo-la-creacion-de-empresas-y-el-emprendimiento-en\\\/\"},\"wordCount\":1065,\"publisher\":{\"@id\":\"https:\\\/\\\/www.caudete.org\\\/ayuntamiento\\\/#organization\"},\"image\":{\"@id\":\"https:\\\/\\\/www.caudete.org\\\/ayuntamiento\\\/resolucion-de-la-direccion-general-de-programas-de-empleo-por-la-que-se-publican-los-creditos-para-las-subvenciones-destinadas-a-fomentar-el-autoempleo-la-creacion-de-empresas-y-el-emprendimiento-en\\\/#primaryimage\"},\"thumbnailUrl\":\"https:\\\/\\\/www.caudete.org\\\/ayuntamiento\\\/wp-content\\\/uploads\\\/2020\\\/12\\\/bdns.jpg\",\"articleSection\":[\"Tabl\u00f3n informativo (Desarrollo local)\"],\"inLanguage\":\"es\"},{\"@type\":\"WebPage\",\"@id\":\"https:\\\/\\\/www.caudete.org\\\/ayuntamiento\\\/resolucion-de-la-direccion-general-de-programas-de-empleo-por-la-que-se-publican-los-creditos-para-las-subvenciones-destinadas-a-fomentar-el-autoempleo-la-creacion-de-empresas-y-el-emprendimiento-en\\\/\",\"url\":\"https:\\\/\\\/www.caudete.org\\\/ayuntamiento\\\/resolucion-de-la-direccion-general-de-programas-de-empleo-por-la-que-se-publican-los-creditos-para-las-subvenciones-destinadas-a-fomentar-el-autoempleo-la-creacion-de-empresas-y-el-emprendimiento-en\\\/\",\"name\":\"Resoluci\u00f3n de la Direcci\u00f3n General de Programas de Empleo, por la que se publican los cr\u00e9ditos para las subvenciones destinadas a fomentar el autoempleo, la creaci\u00f3n de empresas y el emprendimiento en el 2019 cofinanciado por el Fondo Social Europeo. BDNS - MI Ayuntamiento de Caudete\",\"isPartOf\":{\"@id\":\"https:\\\/\\\/www.caudete.org\\\/ayuntamiento\\\/#website\"},\"primaryImageOfPage\":{\"@id\":\"https:\\\/\\\/www.caudete.org\\\/ayuntamiento\\\/resolucion-de-la-direccion-general-de-programas-de-empleo-por-la-que-se-publican-los-creditos-para-las-subvenciones-destinadas-a-fomentar-el-autoempleo-la-creacion-de-empresas-y-el-emprendimiento-en\\\/#primaryimage\"},\"image\":{\"@id\":\"https:\\\/\\\/www.caudete.org\\\/ayuntamiento\\\/resolucion-de-la-direccion-general-de-programas-de-empleo-por-la-que-se-publican-los-creditos-para-las-subvenciones-destinadas-a-fomentar-el-autoempleo-la-creacion-de-empresas-y-el-emprendimiento-en\\\/#primaryimage\"},\"thumbnailUrl\":\"https:\\\/\\\/www.caudete.org\\\/ayuntamiento\\\/wp-content\\\/uploads\\\/2020\\\/12\\\/bdns.jpg\",\"datePublished\":\"2019-04-06T10:15:50+00:00\",\"dateModified\":\"2020-12-15T12:39:35+00:00\",\"description\":\"P\u00e1gina Oficial del Ayuntamiento de Caudete (Albacete)\",\"breadcrumb\":{\"@id\":\"https:\\\/\\\/www.caudete.org\\\/ayuntamiento\\\/resolucion-de-la-direccion-general-de-programas-de-empleo-por-la-que-se-publican-los-creditos-para-las-subvenciones-destinadas-a-fomentar-el-autoempleo-la-creacion-de-empresas-y-el-emprendimiento-en\\\/#breadcrumb\"},\"inLanguage\":\"es\",\"potentialAction\":[{\"@type\":\"ReadAction\",\"target\":[\"https:\\\/\\\/www.caudete.org\\\/ayuntamiento\\\/resolucion-de-la-direccion-general-de-programas-de-empleo-por-la-que-se-publican-los-creditos-para-las-subvenciones-destinadas-a-fomentar-el-autoempleo-la-creacion-de-empresas-y-el-emprendimiento-en\\\/\"]}]},{\"@type\":\"ImageObject\",\"inLanguage\":\"es\",\"@id\":\"https:\\\/\\\/www.caudete.org\\\/ayuntamiento\\\/resolucion-de-la-direccion-general-de-programas-de-empleo-por-la-que-se-publican-los-creditos-para-las-subvenciones-destinadas-a-fomentar-el-autoempleo-la-creacion-de-empresas-y-el-emprendimiento-en\\\/#primaryimage\",\"url\":\"https:\\\/\\\/www.caudete.org\\\/ayuntamiento\\\/wp-content\\\/uploads\\\/2020\\\/12\\\/bdns.jpg\",\"contentUrl\":\"https:\\\/\\\/www.caudete.org\\\/ayuntamiento\\\/wp-content\\\/uploads\\\/2020\\\/12\\\/bdns.jpg\",\"width\":301,\"height\":200},{\"@type\":\"BreadcrumbList\",\"@id\":\"https:\\\/\\\/www.caudete.org\\\/ayuntamiento\\\/resolucion-de-la-direccion-general-de-programas-de-empleo-por-la-que-se-publican-los-creditos-para-las-subvenciones-destinadas-a-fomentar-el-autoempleo-la-creacion-de-empresas-y-el-emprendimiento-en\\\/#breadcrumb\",\"itemListElement\":[{\"@type\":\"ListItem\",\"position\":1,\"name\":\"Inicio\",\"item\":\"https:\\\/\\\/www.caudete.org\\\/ayuntamiento\\\/\"},{\"@type\":\"ListItem\",\"position\":2,\"name\":\"Resoluci\u00f3n de la Direcci\u00f3n General de Programas de Empleo, por la que se publican los cr\u00e9ditos para las subvenciones destinadas a fomentar el autoempleo, la creaci\u00f3n de empresas y el emprendimiento en el 2019 cofinanciado por el Fondo Social Europeo. BDNS\"}]},{\"@type\":\"WebSite\",\"@id\":\"https:\\\/\\\/www.caudete.org\\\/ayuntamiento\\\/#website\",\"url\":\"https:\\\/\\\/www.caudete.org\\\/ayuntamiento\\\/\",\"name\":\"MI Ayuntamiento de Caudete\",\"description\":\"P\u00e1gina Oficial del MI Ayuntamiento de Caudete\",\"publisher\":{\"@id\":\"https:\\\/\\\/www.caudete.org\\\/ayuntamiento\\\/#organization\"},\"potentialAction\":[{\"@type\":\"SearchAction\",\"target\":{\"@type\":\"EntryPoint\",\"urlTemplate\":\"https:\\\/\\\/www.caudete.org\\\/ayuntamiento\\\/?s={search_term_string}\"},\"query-input\":{\"@type\":\"PropertyValueSpecification\",\"valueRequired\":true,\"valueName\":\"search_term_string\"}}],\"inLanguage\":\"es\"},{\"@type\":\"Organization\",\"@id\":\"https:\\\/\\\/www.caudete.org\\\/ayuntamiento\\\/#organization\",\"name\":\"Ayuntamiento de Caudete\",\"url\":\"https:\\\/\\\/www.caudete.org\\\/ayuntamiento\\\/\",\"logo\":{\"@type\":\"ImageObject\",\"inLanguage\":\"es\",\"@id\":\"https:\\\/\\\/www.caudete.org\\\/ayuntamiento\\\/#\\\/schema\\\/logo\\\/image\\\/\",\"url\":\"https:\\\/\\\/www.caudete.org\\\/ayuntamiento\\\/wp-content\\\/uploads\\\/2020\\\/11\\\/logo_ayuntamiento_caudete.jpg\",\"contentUrl\":\"https:\\\/\\\/www.caudete.org\\\/ayuntamiento\\\/wp-content\\\/uploads\\\/2020\\\/11\\\/logo_ayuntamiento_caudete.jpg\",\"width\":600,\"height\":150,\"caption\":\"Ayuntamiento de Caudete\"},\"image\":{\"@id\":\"https:\\\/\\\/www.caudete.org\\\/ayuntamiento\\\/#\\\/schema\\\/logo\\\/image\\\/\"},\"sameAs\":[\"https:\\\/\\\/www.facebook.com\\\/ayuntamientocaudete\\\/\",\"https:\\\/\\\/www.youtube.com\\\/channel\\\/UC6VztHaooNsGpw-tNoBEFnQ\"]},{\"@type\":\"Person\",\"@id\":\"https:\\\/\\\/www.caudete.org\\\/ayuntamiento\\\/#\\\/schema\\\/person\\\/79f7e19fdd176fc2bc7a289013dc2056\",\"name\":\"ayun\",\"image\":{\"@type\":\"ImageObject\",\"inLanguage\":\"es\",\"@id\":\"https:\\\/\\\/secure.gravatar.com\\\/avatar\\\/4ce797ee07c943e7e592f8cd648e503e6cd571387558ed07135799c2bd2847df?s=96&d=mm&r=g\",\"url\":\"https:\\\/\\\/secure.gravatar.com\\\/avatar\\\/4ce797ee07c943e7e592f8cd648e503e6cd571387558ed07135799c2bd2847df?s=96&d=mm&r=g\",\"contentUrl\":\"https:\\\/\\\/secure.gravatar.com\\\/avatar\\\/4ce797ee07c943e7e592f8cd648e503e6cd571387558ed07135799c2bd2847df?s=96&d=mm&r=g\",\"caption\":\"ayun\"},\"sameAs\":[\"http:\\\/\\\/www.caudete.org\\\/ayuntamiento\"],\"url\":\"https:\\\/\\\/www.caudete.org\\\/ayuntamiento\\\/author\\\/ayun\\\/\"}]}<\/script>\n<!-- \/ Yoast SEO plugin. -->","yoast_head_json":{"title":"Resoluci\u00f3n de la Direcci\u00f3n General de Programas de Empleo, por la que se publican los cr\u00e9ditos para las subvenciones destinadas a fomentar el autoempleo, la creaci\u00f3n de empresas y el emprendimiento en el 2019 cofinanciado por el Fondo Social Europeo. BDNS - MI Ayuntamiento de Caudete","description":"P\u00e1gina Oficial del Ayuntamiento de Caudete (Albacete)","robots":{"index":"index","follow":"follow","max-snippet":"max-snippet:-1","max-image-preview":"max-image-preview:large","max-video-preview":"max-video-preview:-1"},"canonical":"https:\/\/www.caudete.org\/ayuntamiento\/resolucion-de-la-direccion-general-de-programas-de-empleo-por-la-que-se-publican-los-creditos-para-las-subvenciones-destinadas-a-fomentar-el-autoempleo-la-creacion-de-empresas-y-el-emprendimiento-en\/","og_locale":"es_ES","og_type":"article","og_title":"Resoluci\u00f3n de la Direcci\u00f3n General de Programas de Empleo, por la que se publican los cr\u00e9ditos para las subvenciones destinadas a fomentar el autoempleo, la creaci\u00f3n de empresas y el emprendimiento en el 2019 cofinanciado por el Fondo Social Europeo. BDNS - MI Ayuntamiento de Caudete","og_description":"P\u00e1gina Oficial del Ayuntamiento de Caudete (Albacete)","og_url":"https:\/\/www.caudete.org\/ayuntamiento\/resolucion-de-la-direccion-general-de-programas-de-empleo-por-la-que-se-publican-los-creditos-para-las-subvenciones-destinadas-a-fomentar-el-autoempleo-la-creacion-de-empresas-y-el-emprendimiento-en\/","og_site_name":"MI Ayuntamiento de Caudete","article_publisher":"https:\/\/www.facebook.com\/ayuntamientocaudete\/","article_published_time":"2019-04-06T10:15:50+00:00","article_modified_time":"2020-12-15T12:39:35+00:00","og_image":[{"width":301,"height":200,"url":"https:\/\/www.caudete.org\/ayuntamiento\/wp-content\/uploads\/2020\/12\/bdns.jpg","type":"image\/jpeg"}],"author":"ayun","twitter_card":"summary_large_image","twitter_misc":{"Escrito por":"ayun","Tiempo de lectura":"5 minutos"},"schema":{"@context":"https:\/\/schema.org","@graph":[{"@type":"Article","@id":"https:\/\/www.caudete.org\/ayuntamiento\/resolucion-de-la-direccion-general-de-programas-de-empleo-por-la-que-se-publican-los-creditos-para-las-subvenciones-destinadas-a-fomentar-el-autoempleo-la-creacion-de-empresas-y-el-emprendimiento-en\/#article","isPartOf":{"@id":"https:\/\/www.caudete.org\/ayuntamiento\/resolucion-de-la-direccion-general-de-programas-de-empleo-por-la-que-se-publican-los-creditos-para-las-subvenciones-destinadas-a-fomentar-el-autoempleo-la-creacion-de-empresas-y-el-emprendimiento-en\/"},"author":{"name":"ayun","@id":"https:\/\/www.caudete.org\/ayuntamiento\/#\/schema\/person\/79f7e19fdd176fc2bc7a289013dc2056"},"headline":"Resoluci\u00f3n de la Direcci\u00f3n General de Programas de Empleo, por la que se publican los cr\u00e9ditos para las subvenciones destinadas a fomentar el autoempleo, la creaci\u00f3n de empresas y el emprendimiento en el 2019 cofinanciado por el Fondo Social Europeo. BDNS","datePublished":"2019-04-06T10:15:50+00:00","dateModified":"2020-12-15T12:39:35+00:00","mainEntityOfPage":{"@id":"https:\/\/www.caudete.org\/ayuntamiento\/resolucion-de-la-direccion-general-de-programas-de-empleo-por-la-que-se-publican-los-creditos-para-las-subvenciones-destinadas-a-fomentar-el-autoempleo-la-creacion-de-empresas-y-el-emprendimiento-en\/"},"wordCount":1065,"publisher":{"@id":"https:\/\/www.caudete.org\/ayuntamiento\/#organization"},"image":{"@id":"https:\/\/www.caudete.org\/ayuntamiento\/resolucion-de-la-direccion-general-de-programas-de-empleo-por-la-que-se-publican-los-creditos-para-las-subvenciones-destinadas-a-fomentar-el-autoempleo-la-creacion-de-empresas-y-el-emprendimiento-en\/#primaryimage"},"thumbnailUrl":"https:\/\/www.caudete.org\/ayuntamiento\/wp-content\/uploads\/2020\/12\/bdns.jpg","articleSection":["Tabl\u00f3n informativo (Desarrollo local)"],"inLanguage":"es"},{"@type":"WebPage","@id":"https:\/\/www.caudete.org\/ayuntamiento\/resolucion-de-la-direccion-general-de-programas-de-empleo-por-la-que-se-publican-los-creditos-para-las-subvenciones-destinadas-a-fomentar-el-autoempleo-la-creacion-de-empresas-y-el-emprendimiento-en\/","url":"https:\/\/www.caudete.org\/ayuntamiento\/resolucion-de-la-direccion-general-de-programas-de-empleo-por-la-que-se-publican-los-creditos-para-las-subvenciones-destinadas-a-fomentar-el-autoempleo-la-creacion-de-empresas-y-el-emprendimiento-en\/","name":"Resoluci\u00f3n de la Direcci\u00f3n General de Programas de Empleo, por la que se publican los cr\u00e9ditos para las subvenciones destinadas a fomentar el autoempleo, la creaci\u00f3n de empresas y el emprendimiento en el 2019 cofinanciado por el Fondo Social Europeo. BDNS - MI Ayuntamiento de Caudete","isPartOf":{"@id":"https:\/\/www.caudete.org\/ayuntamiento\/#website"},"primaryImageOfPage":{"@id":"https:\/\/www.caudete.org\/ayuntamiento\/resolucion-de-la-direccion-general-de-programas-de-empleo-por-la-que-se-publican-los-creditos-para-las-subvenciones-destinadas-a-fomentar-el-autoempleo-la-creacion-de-empresas-y-el-emprendimiento-en\/#primaryimage"},"image":{"@id":"https:\/\/www.caudete.org\/ayuntamiento\/resolucion-de-la-direccion-general-de-programas-de-empleo-por-la-que-se-publican-los-creditos-para-las-subvenciones-destinadas-a-fomentar-el-autoempleo-la-creacion-de-empresas-y-el-emprendimiento-en\/#primaryimage"},"thumbnailUrl":"https:\/\/www.caudete.org\/ayuntamiento\/wp-content\/uploads\/2020\/12\/bdns.jpg","datePublished":"2019-04-06T10:15:50+00:00","dateModified":"2020-12-15T12:39:35+00:00","description":"P\u00e1gina Oficial del Ayuntamiento de Caudete (Albacete)","breadcrumb":{"@id":"https:\/\/www.caudete.org\/ayuntamiento\/resolucion-de-la-direccion-general-de-programas-de-empleo-por-la-que-se-publican-los-creditos-para-las-subvenciones-destinadas-a-fomentar-el-autoempleo-la-creacion-de-empresas-y-el-emprendimiento-en\/#breadcrumb"},"inLanguage":"es","potentialAction":[{"@type":"ReadAction","target":["https:\/\/www.caudete.org\/ayuntamiento\/resolucion-de-la-direccion-general-de-programas-de-empleo-por-la-que-se-publican-los-creditos-para-las-subvenciones-destinadas-a-fomentar-el-autoempleo-la-creacion-de-empresas-y-el-emprendimiento-en\/"]}]},{"@type":"ImageObject","inLanguage":"es","@id":"https:\/\/www.caudete.org\/ayuntamiento\/resolucion-de-la-direccion-general-de-programas-de-empleo-por-la-que-se-publican-los-creditos-para-las-subvenciones-destinadas-a-fomentar-el-autoempleo-la-creacion-de-empresas-y-el-emprendimiento-en\/#primaryimage","url":"https:\/\/www.caudete.org\/ayuntamiento\/wp-content\/uploads\/2020\/12\/bdns.jpg","contentUrl":"https:\/\/www.caudete.org\/ayuntamiento\/wp-content\/uploads\/2020\/12\/bdns.jpg","width":301,"height":200},{"@type":"BreadcrumbList","@id":"https:\/\/www.caudete.org\/ayuntamiento\/resolucion-de-la-direccion-general-de-programas-de-empleo-por-la-que-se-publican-los-creditos-para-las-subvenciones-destinadas-a-fomentar-el-autoempleo-la-creacion-de-empresas-y-el-emprendimiento-en\/#breadcrumb","itemListElement":[{"@type":"ListItem","position":1,"name":"Inicio","item":"https:\/\/www.caudete.org\/ayuntamiento\/"},{"@type":"ListItem","position":2,"name":"Resoluci\u00f3n de la Direcci\u00f3n General de Programas de Empleo, por la que se publican los cr\u00e9ditos para las subvenciones destinadas a fomentar el autoempleo, la creaci\u00f3n de empresas y el emprendimiento en el 2019 cofinanciado por el Fondo Social Europeo. BDNS"}]},{"@type":"WebSite","@id":"https:\/\/www.caudete.org\/ayuntamiento\/#website","url":"https:\/\/www.caudete.org\/ayuntamiento\/","name":"MI Ayuntamiento de Caudete","description":"P\u00e1gina Oficial del MI Ayuntamiento de Caudete","publisher":{"@id":"https:\/\/www.caudete.org\/ayuntamiento\/#organization"},"potentialAction":[{"@type":"SearchAction","target":{"@type":"EntryPoint","urlTemplate":"https:\/\/www.caudete.org\/ayuntamiento\/?s={search_term_string}"},"query-input":{"@type":"PropertyValueSpecification","valueRequired":true,"valueName":"search_term_string"}}],"inLanguage":"es"},{"@type":"Organization","@id":"https:\/\/www.caudete.org\/ayuntamiento\/#organization","name":"Ayuntamiento de Caudete","url":"https:\/\/www.caudete.org\/ayuntamiento\/","logo":{"@type":"ImageObject","inLanguage":"es","@id":"https:\/\/www.caudete.org\/ayuntamiento\/#\/schema\/logo\/image\/","url":"https:\/\/www.caudete.org\/ayuntamiento\/wp-content\/uploads\/2020\/11\/logo_ayuntamiento_caudete.jpg","contentUrl":"https:\/\/www.caudete.org\/ayuntamiento\/wp-content\/uploads\/2020\/11\/logo_ayuntamiento_caudete.jpg","width":600,"height":150,"caption":"Ayuntamiento de Caudete"},"image":{"@id":"https:\/\/www.caudete.org\/ayuntamiento\/#\/schema\/logo\/image\/"},"sameAs":["https:\/\/www.facebook.com\/ayuntamientocaudete\/","https:\/\/www.youtube.com\/channel\/UC6VztHaooNsGpw-tNoBEFnQ"]},{"@type":"Person","@id":"https:\/\/www.caudete.org\/ayuntamiento\/#\/schema\/person\/79f7e19fdd176fc2bc7a289013dc2056","name":"ayun","image":{"@type":"ImageObject","inLanguage":"es","@id":"https:\/\/secure.gravatar.com\/avatar\/4ce797ee07c943e7e592f8cd648e503e6cd571387558ed07135799c2bd2847df?s=96&d=mm&r=g","url":"https:\/\/secure.gravatar.com\/avatar\/4ce797ee07c943e7e592f8cd648e503e6cd571387558ed07135799c2bd2847df?s=96&d=mm&r=g","contentUrl":"https:\/\/secure.gravatar.com\/avatar\/4ce797ee07c943e7e592f8cd648e503e6cd571387558ed07135799c2bd2847df?s=96&d=mm&r=g","caption":"ayun"},"sameAs":["http:\/\/www.caudete.org\/ayuntamiento"],"url":"https:\/\/www.caudete.org\/ayuntamiento\/author\/ayun\/"}]}},"_links":{"self":[{"href":"https:\/\/www.caudete.org\/ayuntamiento\/wp-json\/wp\/v2\/posts\/6826","targetHints":{"allow":["GET"]}}],"collection":[{"href":"https:\/\/www.caudete.org\/ayuntamiento\/wp-json\/wp\/v2\/posts"}],"about":[{"href":"https:\/\/www.caudete.org\/ayuntamiento\/wp-json\/wp\/v2\/types\/post"}],"author":[{"embeddable":true,"href":"https:\/\/www.caudete.org\/ayuntamiento\/wp-json\/wp\/v2\/users\/1"}],"replies":[{"embeddable":true,"href":"https:\/\/www.caudete.org\/ayuntamiento\/wp-json\/wp\/v2\/comments?post=6826"}],"version-history":[{"count":2,"href":"https:\/\/www.caudete.org\/ayuntamiento\/wp-json\/wp\/v2\/posts\/6826\/revisions"}],"predecessor-version":[{"id":9716,"href":"https:\/\/www.caudete.org\/ayuntamiento\/wp-json\/wp\/v2\/posts\/6826\/revisions\/9716"}],"wp:featuredmedia":[{"embeddable":true,"href":"https:\/\/www.caudete.org\/ayuntamiento\/wp-json\/wp\/v2\/media\/6829"}],"wp:attachment":[{"href":"https:\/\/www.caudete.org\/ayuntamiento\/wp-json\/wp\/v2\/media?parent=6826"}],"wp:term":[{"taxonomy":"category","embeddable":true,"href":"https:\/\/www.caudete.org\/ayuntamiento\/wp-json\/wp\/v2\/categories?post=6826"},{"taxonomy":"post_tag","embeddable":true,"href":"https:\/\/www.caudete.org\/ayuntamiento\/wp-json\/wp\/v2\/tags?post=6826"}],"curies":[{"name":"wp","href":"https:\/\/api.w.org\/{rel}","templated":true}]}}