{"id":6841,"date":"2019-04-06T12:24:58","date_gmt":"2019-04-06T10:24:58","guid":{"rendered":"http:\/\/www.caudete.org\/ayuntamiento\/?p=6841"},"modified":"2020-12-15T13:38:30","modified_gmt":"2020-12-15T12:38:30","slug":"realizacion-de-pruebas-de-evaluacion-de-competencias-clave-de-matematicas-y-comunicacion-en-lengua-castellana-de-nivel-2-y-de-nivel-3-dia-12-de-junio-de-2019","status":"publish","type":"post","link":"https:\/\/www.caudete.org\/ayuntamiento\/realizacion-de-pruebas-de-evaluacion-de-competencias-clave-de-matematicas-y-comunicacion-en-lengua-castellana-de-nivel-2-y-de-nivel-3-dia-12-de-junio-de-2019\/","title":{"rendered":"REALIZACI\u00d3N DE PRUEBAS DE EVALUACI\u00d3N DE COMPETENCIAS CLAVE DE MATEM\u00c1TICAS Y COMUNICACI\u00d3N EN LENGUA CASTELLANA DE NIVEL 2 Y DE NIVEL 3. D\u00cdA 12 DE JUNIO DE 2019"},"content":{"rendered":"<h5 style=\"text-align: justify;\">Se van a celebrar en Albacete, Ciudad Real, Cuenca, Guadalajara, Toledo, Talavera de la Reina e Illescas, el d\u00eda 12 de junio de 2019 las pruebas de evaluaci\u00f3n de las competencias clave de MATEM\u00c1TICAS Y COMUNICACION EN LENGUA CASTELLANA DE NIVEL 2 Y DE MATEM\u00c1TICAS Y COMUNICACI\u00d3N EN LENGUA CASTELLANA DE NIVEL 3.<\/h5>\n<p style=\"text-align: justify;\">Se realizar\u00e1 una prueba por cada materia (una de matem\u00e1ticas y otra de lengua). Las caracter\u00edsticas de cada prueba ser\u00e1n las siguientes:<\/p>\n<p>&#8211; Aproximadamente 15 preguntas de respuesta m\u00faltiple para cada materia. Alguna de ellas puede ser de respuesta abierta.<br \/>\n&#8211; Duraci\u00f3n: M\u00e1ximo 1 hora por materia<br \/>\n&#8211; Materiales que se pueden utilizar: Papel, bol\u00edgrafo.<br \/>\n&#8211; Para superar cada prueba debe contestar correctamente al 50% de las preguntas.<\/p>\n<p>Tendr\u00e1n el siguiente horario:<\/p>\n<p>\u2022 A las 10:30 horas: las pruebas de matem\u00e1ticas nivel 2 y matem\u00e1ticas nivel 3<br \/>\n\u2022 A las 12:30 horas: las pruebas de comunicaci\u00f3n en lengua castellana nivel 2 y comunicaci\u00f3n en lengua castellana nivel 3<\/p>\n<p>Se podr\u00e1 presentar cualquier persona que resida en Castilla\u2010La Mancha, personas trabajadoras desempleadas inscritas en una Oficina de Empleo de Castilla\u2010La Mancha y personas trabajadoras ocupadas que tengan su domicilio o su puesto de trabajo en Castilla\u2010La Mancha, siempre que no posean alguna de las titulaciones o certificaciones exigidas para acceder a la formaci\u00f3n de los m\u00f3dulos formativos de un Certificado de Profesionalidad de nivel 2 o de nivel 3.<\/p>\n<p>Las competencias clave permitir\u00e1n al alumnado adquirir conocimientos b\u00e1sicos para poder cursar con aprovechamiento la formaci\u00f3n correspondiente a los Certificados de Profesionalidad.<\/p>\n<p>Los programas formativos de las competencias clave est\u00e1n disponibles en la p\u00e1gina web:<br \/>\nhttp:\/\/empleoyformacion.jccm.es\/principal\/ciudadania\/formacion\/competencias\u2010clave\/<\/p>\n<p>La solicitud para presentarse a la prueba se har\u00e1 a trav\u00e9s de la Oficina Virtual de la Consejer\u00eda de Econom\u00eda, Empresas y Empleo, apartado Formaci\u00f3n, solicitud\/consulta programaci\u00f3n curso. Puede acceder al enlace: https:\/\/e\u2010empleo.jccm.es\/OVI\/ .<\/p>\n<p><b>TODA LA INFORMACI\u00d3N EN EL ARCHIVO ADJUNTO<\/b><\/p>\n<p><a href=\"http:\/\/caudete.org\/ayuntamiento\/eniusimg\/enius146\/2019\/05\/adjuntos_fichero_4cbaf111a06aa2a4.pdf\" class=\"mtli_attachment mtli_pdf\" target=\"_blank\" rel=\"noopener noreferrer nofollow\">Documento informativo sobre competencias clave<\/a><\/p>\n<p><img fetchpriority=\"high\" decoding=\"async\" class=\"aligncenter size-full wp-image-6844\" src=\"http:\/\/www.caudete.org\/ayuntamiento\/wp-content\/uploads\/2020\/12\/pruebas2019.jpg\" alt=\"\" width=\"800\" height=\"463\" srcset=\"https:\/\/www.caudete.org\/ayuntamiento\/wp-content\/uploads\/2020\/12\/pruebas2019.jpg 800w, https:\/\/www.caudete.org\/ayuntamiento\/wp-content\/uploads\/2020\/12\/pruebas2019-300x174.jpg 300w, https:\/\/www.caudete.org\/ayuntamiento\/wp-content\/uploads\/2020\/12\/pruebas2019-768x444.jpg 768w\" sizes=\"(max-width: 800px) 100vw, 800px\" \/><\/p>\n","protected":false},"excerpt":{"rendered":"<p>Se van a celebrar en Albacete, Ciudad Real, Cuenca, Guadalajara, Toledo, Talavera de la Reina e Illescas, el d\u00eda 12 de junio de 2019 las pruebas de evaluaci\u00f3n de las competencias clave de MATEM\u00c1TICAS Y COMUNICACION EN LENGUA CASTELLANA DE NIVEL 2 Y DE MATEM\u00c1TICAS Y COMUNICACI\u00d3N EN LENGUA CASTELLANA DE NIVEL 3. Se realizar\u00e1 &hellip;<\/p>\n","protected":false},"author":1,"featured_media":6844,"comment_status":"closed","ping_status":"open","sticky":false,"template":"","format":"standard","meta":{"ngg_post_thumbnail":0,"footnotes":""},"categories":[90],"tags":[],"class_list":["post-6841","post","type-post","status-publish","format-standard","has-post-thumbnail","hentry","category-tablon-informativo-desarrollo-local"],"yoast_head":"<!-- This site is optimized with the Yoast SEO plugin v27.5 - https:\/\/yoast.com\/product\/yoast-seo-wordpress\/ -->\n<title>REALIZACI\u00d3N DE PRUEBAS DE EVALUACI\u00d3N DE COMPETENCIAS CLAVE DE MATEM\u00c1TICAS Y COMUNICACI\u00d3N EN LENGUA CASTELLANA DE NIVEL 2 Y DE NIVEL 3. D\u00cdA 12 DE JUNIO DE 2019 - MI Ayuntamiento de Caudete<\/title>\n<meta name=\"description\" content=\"P\u00e1gina Oficial del Ayuntamiento de Caudete (Albacete)\" \/>\n<meta name=\"robots\" content=\"index, follow, max-snippet:-1, max-image-preview:large, max-video-preview:-1\" \/>\n<link rel=\"canonical\" href=\"https:\/\/www.caudete.org\/ayuntamiento\/realizacion-de-pruebas-de-evaluacion-de-competencias-clave-de-matematicas-y-comunicacion-en-lengua-castellana-de-nivel-2-y-de-nivel-3-dia-12-de-junio-de-2019\/\" \/>\n<meta property=\"og:locale\" content=\"es_ES\" \/>\n<meta property=\"og:type\" content=\"article\" \/>\n<meta property=\"og:title\" content=\"REALIZACI\u00d3N DE PRUEBAS DE EVALUACI\u00d3N DE COMPETENCIAS CLAVE DE MATEM\u00c1TICAS Y COMUNICACI\u00d3N EN LENGUA CASTELLANA DE NIVEL 2 Y DE NIVEL 3. D\u00cdA 12 DE JUNIO DE 2019 - MI Ayuntamiento de Caudete\" \/>\n<meta property=\"og:description\" content=\"P\u00e1gina Oficial del Ayuntamiento de Caudete (Albacete)\" \/>\n<meta property=\"og:url\" content=\"https:\/\/www.caudete.org\/ayuntamiento\/realizacion-de-pruebas-de-evaluacion-de-competencias-clave-de-matematicas-y-comunicacion-en-lengua-castellana-de-nivel-2-y-de-nivel-3-dia-12-de-junio-de-2019\/\" \/>\n<meta property=\"og:site_name\" content=\"MI Ayuntamiento de Caudete\" \/>\n<meta property=\"article:publisher\" content=\"https:\/\/www.facebook.com\/ayuntamientocaudete\/\" \/>\n<meta property=\"article:published_time\" content=\"2019-04-06T10:24:58+00:00\" \/>\n<meta property=\"article:modified_time\" content=\"2020-12-15T12:38:30+00:00\" \/>\n<meta property=\"og:image\" content=\"https:\/\/www.caudete.org\/ayuntamiento\/wp-content\/uploads\/2020\/12\/pruebas2019.jpg\" \/>\n\t<meta property=\"og:image:width\" content=\"800\" \/>\n\t<meta property=\"og:image:height\" content=\"463\" \/>\n\t<meta property=\"og:image:type\" content=\"image\/jpeg\" \/>\n<meta name=\"author\" content=\"ayun\" \/>\n<meta name=\"twitter:card\" content=\"summary_large_image\" \/>\n<meta name=\"twitter:label1\" content=\"Escrito por\" \/>\n\t<meta name=\"twitter:data1\" content=\"ayun\" \/>\n\t<meta name=\"twitter:label2\" content=\"Tiempo de lectura\" \/>\n\t<meta name=\"twitter:data2\" content=\"2 minutos\" \/>\n<script type=\"application\/ld+json\" class=\"yoast-schema-graph\">{\"@context\":\"https:\\\/\\\/schema.org\",\"@graph\":[{\"@type\":\"Article\",\"@id\":\"https:\\\/\\\/www.caudete.org\\\/ayuntamiento\\\/realizacion-de-pruebas-de-evaluacion-de-competencias-clave-de-matematicas-y-comunicacion-en-lengua-castellana-de-nivel-2-y-de-nivel-3-dia-12-de-junio-de-2019\\\/#article\",\"isPartOf\":{\"@id\":\"https:\\\/\\\/www.caudete.org\\\/ayuntamiento\\\/realizacion-de-pruebas-de-evaluacion-de-competencias-clave-de-matematicas-y-comunicacion-en-lengua-castellana-de-nivel-2-y-de-nivel-3-dia-12-de-junio-de-2019\\\/\"},\"author\":{\"name\":\"ayun\",\"@id\":\"https:\\\/\\\/www.caudete.org\\\/ayuntamiento\\\/#\\\/schema\\\/person\\\/79f7e19fdd176fc2bc7a289013dc2056\"},\"headline\":\"REALIZACI\u00d3N DE PRUEBAS DE EVALUACI\u00d3N DE COMPETENCIAS CLAVE DE MATEM\u00c1TICAS Y COMUNICACI\u00d3N EN LENGUA CASTELLANA DE NIVEL 2 Y DE NIVEL 3. D\u00cdA 12 DE JUNIO DE 2019\",\"datePublished\":\"2019-04-06T10:24:58+00:00\",\"dateModified\":\"2020-12-15T12:38:30+00:00\",\"mainEntityOfPage\":{\"@id\":\"https:\\\/\\\/www.caudete.org\\\/ayuntamiento\\\/realizacion-de-pruebas-de-evaluacion-de-competencias-clave-de-matematicas-y-comunicacion-en-lengua-castellana-de-nivel-2-y-de-nivel-3-dia-12-de-junio-de-2019\\\/\"},\"wordCount\":371,\"publisher\":{\"@id\":\"https:\\\/\\\/www.caudete.org\\\/ayuntamiento\\\/#organization\"},\"image\":{\"@id\":\"https:\\\/\\\/www.caudete.org\\\/ayuntamiento\\\/realizacion-de-pruebas-de-evaluacion-de-competencias-clave-de-matematicas-y-comunicacion-en-lengua-castellana-de-nivel-2-y-de-nivel-3-dia-12-de-junio-de-2019\\\/#primaryimage\"},\"thumbnailUrl\":\"https:\\\/\\\/www.caudete.org\\\/ayuntamiento\\\/wp-content\\\/uploads\\\/2020\\\/12\\\/pruebas2019.jpg\",\"articleSection\":[\"Tabl\u00f3n informativo (Desarrollo local)\"],\"inLanguage\":\"es\"},{\"@type\":\"WebPage\",\"@id\":\"https:\\\/\\\/www.caudete.org\\\/ayuntamiento\\\/realizacion-de-pruebas-de-evaluacion-de-competencias-clave-de-matematicas-y-comunicacion-en-lengua-castellana-de-nivel-2-y-de-nivel-3-dia-12-de-junio-de-2019\\\/\",\"url\":\"https:\\\/\\\/www.caudete.org\\\/ayuntamiento\\\/realizacion-de-pruebas-de-evaluacion-de-competencias-clave-de-matematicas-y-comunicacion-en-lengua-castellana-de-nivel-2-y-de-nivel-3-dia-12-de-junio-de-2019\\\/\",\"name\":\"REALIZACI\u00d3N DE PRUEBAS DE EVALUACI\u00d3N DE COMPETENCIAS CLAVE DE MATEM\u00c1TICAS Y COMUNICACI\u00d3N EN LENGUA CASTELLANA DE NIVEL 2 Y DE NIVEL 3. D\u00cdA 12 DE JUNIO DE 2019 - MI Ayuntamiento de Caudete\",\"isPartOf\":{\"@id\":\"https:\\\/\\\/www.caudete.org\\\/ayuntamiento\\\/#website\"},\"primaryImageOfPage\":{\"@id\":\"https:\\\/\\\/www.caudete.org\\\/ayuntamiento\\\/realizacion-de-pruebas-de-evaluacion-de-competencias-clave-de-matematicas-y-comunicacion-en-lengua-castellana-de-nivel-2-y-de-nivel-3-dia-12-de-junio-de-2019\\\/#primaryimage\"},\"image\":{\"@id\":\"https:\\\/\\\/www.caudete.org\\\/ayuntamiento\\\/realizacion-de-pruebas-de-evaluacion-de-competencias-clave-de-matematicas-y-comunicacion-en-lengua-castellana-de-nivel-2-y-de-nivel-3-dia-12-de-junio-de-2019\\\/#primaryimage\"},\"thumbnailUrl\":\"https:\\\/\\\/www.caudete.org\\\/ayuntamiento\\\/wp-content\\\/uploads\\\/2020\\\/12\\\/pruebas2019.jpg\",\"datePublished\":\"2019-04-06T10:24:58+00:00\",\"dateModified\":\"2020-12-15T12:38:30+00:00\",\"description\":\"P\u00e1gina Oficial del Ayuntamiento de Caudete (Albacete)\",\"breadcrumb\":{\"@id\":\"https:\\\/\\\/www.caudete.org\\\/ayuntamiento\\\/realizacion-de-pruebas-de-evaluacion-de-competencias-clave-de-matematicas-y-comunicacion-en-lengua-castellana-de-nivel-2-y-de-nivel-3-dia-12-de-junio-de-2019\\\/#breadcrumb\"},\"inLanguage\":\"es\",\"potentialAction\":[{\"@type\":\"ReadAction\",\"target\":[\"https:\\\/\\\/www.caudete.org\\\/ayuntamiento\\\/realizacion-de-pruebas-de-evaluacion-de-competencias-clave-de-matematicas-y-comunicacion-en-lengua-castellana-de-nivel-2-y-de-nivel-3-dia-12-de-junio-de-2019\\\/\"]}]},{\"@type\":\"ImageObject\",\"inLanguage\":\"es\",\"@id\":\"https:\\\/\\\/www.caudete.org\\\/ayuntamiento\\\/realizacion-de-pruebas-de-evaluacion-de-competencias-clave-de-matematicas-y-comunicacion-en-lengua-castellana-de-nivel-2-y-de-nivel-3-dia-12-de-junio-de-2019\\\/#primaryimage\",\"url\":\"https:\\\/\\\/www.caudete.org\\\/ayuntamiento\\\/wp-content\\\/uploads\\\/2020\\\/12\\\/pruebas2019.jpg\",\"contentUrl\":\"https:\\\/\\\/www.caudete.org\\\/ayuntamiento\\\/wp-content\\\/uploads\\\/2020\\\/12\\\/pruebas2019.jpg\",\"width\":800,\"height\":463},{\"@type\":\"BreadcrumbList\",\"@id\":\"https:\\\/\\\/www.caudete.org\\\/ayuntamiento\\\/realizacion-de-pruebas-de-evaluacion-de-competencias-clave-de-matematicas-y-comunicacion-en-lengua-castellana-de-nivel-2-y-de-nivel-3-dia-12-de-junio-de-2019\\\/#breadcrumb\",\"itemListElement\":[{\"@type\":\"ListItem\",\"position\":1,\"name\":\"Inicio\",\"item\":\"https:\\\/\\\/www.caudete.org\\\/ayuntamiento\\\/\"},{\"@type\":\"ListItem\",\"position\":2,\"name\":\"REALIZACI\u00d3N DE PRUEBAS DE EVALUACI\u00d3N DE COMPETENCIAS CLAVE DE MATEM\u00c1TICAS Y COMUNICACI\u00d3N EN LENGUA CASTELLANA DE NIVEL 2 Y DE NIVEL 3. D\u00cdA 12 DE JUNIO DE 2019\"}]},{\"@type\":\"WebSite\",\"@id\":\"https:\\\/\\\/www.caudete.org\\\/ayuntamiento\\\/#website\",\"url\":\"https:\\\/\\\/www.caudete.org\\\/ayuntamiento\\\/\",\"name\":\"MI Ayuntamiento de Caudete\",\"description\":\"P\u00e1gina Oficial del MI Ayuntamiento de Caudete\",\"publisher\":{\"@id\":\"https:\\\/\\\/www.caudete.org\\\/ayuntamiento\\\/#organization\"},\"potentialAction\":[{\"@type\":\"SearchAction\",\"target\":{\"@type\":\"EntryPoint\",\"urlTemplate\":\"https:\\\/\\\/www.caudete.org\\\/ayuntamiento\\\/?s={search_term_string}\"},\"query-input\":{\"@type\":\"PropertyValueSpecification\",\"valueRequired\":true,\"valueName\":\"search_term_string\"}}],\"inLanguage\":\"es\"},{\"@type\":\"Organization\",\"@id\":\"https:\\\/\\\/www.caudete.org\\\/ayuntamiento\\\/#organization\",\"name\":\"Ayuntamiento de Caudete\",\"url\":\"https:\\\/\\\/www.caudete.org\\\/ayuntamiento\\\/\",\"logo\":{\"@type\":\"ImageObject\",\"inLanguage\":\"es\",\"@id\":\"https:\\\/\\\/www.caudete.org\\\/ayuntamiento\\\/#\\\/schema\\\/logo\\\/image\\\/\",\"url\":\"https:\\\/\\\/www.caudete.org\\\/ayuntamiento\\\/wp-content\\\/uploads\\\/2020\\\/11\\\/logo_ayuntamiento_caudete.jpg\",\"contentUrl\":\"https:\\\/\\\/www.caudete.org\\\/ayuntamiento\\\/wp-content\\\/uploads\\\/2020\\\/11\\\/logo_ayuntamiento_caudete.jpg\",\"width\":600,\"height\":150,\"caption\":\"Ayuntamiento de Caudete\"},\"image\":{\"@id\":\"https:\\\/\\\/www.caudete.org\\\/ayuntamiento\\\/#\\\/schema\\\/logo\\\/image\\\/\"},\"sameAs\":[\"https:\\\/\\\/www.facebook.com\\\/ayuntamientocaudete\\\/\",\"https:\\\/\\\/www.youtube.com\\\/channel\\\/UC6VztHaooNsGpw-tNoBEFnQ\"]},{\"@type\":\"Person\",\"@id\":\"https:\\\/\\\/www.caudete.org\\\/ayuntamiento\\\/#\\\/schema\\\/person\\\/79f7e19fdd176fc2bc7a289013dc2056\",\"name\":\"ayun\",\"image\":{\"@type\":\"ImageObject\",\"inLanguage\":\"es\",\"@id\":\"https:\\\/\\\/secure.gravatar.com\\\/avatar\\\/4ce797ee07c943e7e592f8cd648e503e6cd571387558ed07135799c2bd2847df?s=96&d=mm&r=g\",\"url\":\"https:\\\/\\\/secure.gravatar.com\\\/avatar\\\/4ce797ee07c943e7e592f8cd648e503e6cd571387558ed07135799c2bd2847df?s=96&d=mm&r=g\",\"contentUrl\":\"https:\\\/\\\/secure.gravatar.com\\\/avatar\\\/4ce797ee07c943e7e592f8cd648e503e6cd571387558ed07135799c2bd2847df?s=96&d=mm&r=g\",\"caption\":\"ayun\"},\"sameAs\":[\"http:\\\/\\\/www.caudete.org\\\/ayuntamiento\"],\"url\":\"https:\\\/\\\/www.caudete.org\\\/ayuntamiento\\\/author\\\/ayun\\\/\"}]}<\/script>\n<!-- \/ Yoast SEO plugin. -->","yoast_head_json":{"title":"REALIZACI\u00d3N DE PRUEBAS DE EVALUACI\u00d3N DE COMPETENCIAS CLAVE DE MATEM\u00c1TICAS Y COMUNICACI\u00d3N EN LENGUA CASTELLANA DE NIVEL 2 Y DE NIVEL 3. D\u00cdA 12 DE JUNIO DE 2019 - MI Ayuntamiento de Caudete","description":"P\u00e1gina Oficial del Ayuntamiento de Caudete (Albacete)","robots":{"index":"index","follow":"follow","max-snippet":"max-snippet:-1","max-image-preview":"max-image-preview:large","max-video-preview":"max-video-preview:-1"},"canonical":"https:\/\/www.caudete.org\/ayuntamiento\/realizacion-de-pruebas-de-evaluacion-de-competencias-clave-de-matematicas-y-comunicacion-en-lengua-castellana-de-nivel-2-y-de-nivel-3-dia-12-de-junio-de-2019\/","og_locale":"es_ES","og_type":"article","og_title":"REALIZACI\u00d3N DE PRUEBAS DE EVALUACI\u00d3N DE COMPETENCIAS CLAVE DE MATEM\u00c1TICAS Y COMUNICACI\u00d3N EN LENGUA CASTELLANA DE NIVEL 2 Y DE NIVEL 3. D\u00cdA 12 DE JUNIO DE 2019 - MI Ayuntamiento de Caudete","og_description":"P\u00e1gina Oficial del Ayuntamiento de Caudete (Albacete)","og_url":"https:\/\/www.caudete.org\/ayuntamiento\/realizacion-de-pruebas-de-evaluacion-de-competencias-clave-de-matematicas-y-comunicacion-en-lengua-castellana-de-nivel-2-y-de-nivel-3-dia-12-de-junio-de-2019\/","og_site_name":"MI Ayuntamiento de Caudete","article_publisher":"https:\/\/www.facebook.com\/ayuntamientocaudete\/","article_published_time":"2019-04-06T10:24:58+00:00","article_modified_time":"2020-12-15T12:38:30+00:00","og_image":[{"width":800,"height":463,"url":"https:\/\/www.caudete.org\/ayuntamiento\/wp-content\/uploads\/2020\/12\/pruebas2019.jpg","type":"image\/jpeg"}],"author":"ayun","twitter_card":"summary_large_image","twitter_misc":{"Escrito por":"ayun","Tiempo de lectura":"2 minutos"},"schema":{"@context":"https:\/\/schema.org","@graph":[{"@type":"Article","@id":"https:\/\/www.caudete.org\/ayuntamiento\/realizacion-de-pruebas-de-evaluacion-de-competencias-clave-de-matematicas-y-comunicacion-en-lengua-castellana-de-nivel-2-y-de-nivel-3-dia-12-de-junio-de-2019\/#article","isPartOf":{"@id":"https:\/\/www.caudete.org\/ayuntamiento\/realizacion-de-pruebas-de-evaluacion-de-competencias-clave-de-matematicas-y-comunicacion-en-lengua-castellana-de-nivel-2-y-de-nivel-3-dia-12-de-junio-de-2019\/"},"author":{"name":"ayun","@id":"https:\/\/www.caudete.org\/ayuntamiento\/#\/schema\/person\/79f7e19fdd176fc2bc7a289013dc2056"},"headline":"REALIZACI\u00d3N DE PRUEBAS DE EVALUACI\u00d3N DE COMPETENCIAS CLAVE DE MATEM\u00c1TICAS Y COMUNICACI\u00d3N EN LENGUA CASTELLANA DE NIVEL 2 Y DE NIVEL 3. D\u00cdA 12 DE JUNIO DE 2019","datePublished":"2019-04-06T10:24:58+00:00","dateModified":"2020-12-15T12:38:30+00:00","mainEntityOfPage":{"@id":"https:\/\/www.caudete.org\/ayuntamiento\/realizacion-de-pruebas-de-evaluacion-de-competencias-clave-de-matematicas-y-comunicacion-en-lengua-castellana-de-nivel-2-y-de-nivel-3-dia-12-de-junio-de-2019\/"},"wordCount":371,"publisher":{"@id":"https:\/\/www.caudete.org\/ayuntamiento\/#organization"},"image":{"@id":"https:\/\/www.caudete.org\/ayuntamiento\/realizacion-de-pruebas-de-evaluacion-de-competencias-clave-de-matematicas-y-comunicacion-en-lengua-castellana-de-nivel-2-y-de-nivel-3-dia-12-de-junio-de-2019\/#primaryimage"},"thumbnailUrl":"https:\/\/www.caudete.org\/ayuntamiento\/wp-content\/uploads\/2020\/12\/pruebas2019.jpg","articleSection":["Tabl\u00f3n informativo (Desarrollo local)"],"inLanguage":"es"},{"@type":"WebPage","@id":"https:\/\/www.caudete.org\/ayuntamiento\/realizacion-de-pruebas-de-evaluacion-de-competencias-clave-de-matematicas-y-comunicacion-en-lengua-castellana-de-nivel-2-y-de-nivel-3-dia-12-de-junio-de-2019\/","url":"https:\/\/www.caudete.org\/ayuntamiento\/realizacion-de-pruebas-de-evaluacion-de-competencias-clave-de-matematicas-y-comunicacion-en-lengua-castellana-de-nivel-2-y-de-nivel-3-dia-12-de-junio-de-2019\/","name":"REALIZACI\u00d3N DE PRUEBAS DE EVALUACI\u00d3N DE COMPETENCIAS CLAVE DE MATEM\u00c1TICAS Y COMUNICACI\u00d3N EN LENGUA CASTELLANA DE NIVEL 2 Y DE NIVEL 3. D\u00cdA 12 DE JUNIO DE 2019 - MI Ayuntamiento de Caudete","isPartOf":{"@id":"https:\/\/www.caudete.org\/ayuntamiento\/#website"},"primaryImageOfPage":{"@id":"https:\/\/www.caudete.org\/ayuntamiento\/realizacion-de-pruebas-de-evaluacion-de-competencias-clave-de-matematicas-y-comunicacion-en-lengua-castellana-de-nivel-2-y-de-nivel-3-dia-12-de-junio-de-2019\/#primaryimage"},"image":{"@id":"https:\/\/www.caudete.org\/ayuntamiento\/realizacion-de-pruebas-de-evaluacion-de-competencias-clave-de-matematicas-y-comunicacion-en-lengua-castellana-de-nivel-2-y-de-nivel-3-dia-12-de-junio-de-2019\/#primaryimage"},"thumbnailUrl":"https:\/\/www.caudete.org\/ayuntamiento\/wp-content\/uploads\/2020\/12\/pruebas2019.jpg","datePublished":"2019-04-06T10:24:58+00:00","dateModified":"2020-12-15T12:38:30+00:00","description":"P\u00e1gina Oficial del Ayuntamiento de Caudete (Albacete)","breadcrumb":{"@id":"https:\/\/www.caudete.org\/ayuntamiento\/realizacion-de-pruebas-de-evaluacion-de-competencias-clave-de-matematicas-y-comunicacion-en-lengua-castellana-de-nivel-2-y-de-nivel-3-dia-12-de-junio-de-2019\/#breadcrumb"},"inLanguage":"es","potentialAction":[{"@type":"ReadAction","target":["https:\/\/www.caudete.org\/ayuntamiento\/realizacion-de-pruebas-de-evaluacion-de-competencias-clave-de-matematicas-y-comunicacion-en-lengua-castellana-de-nivel-2-y-de-nivel-3-dia-12-de-junio-de-2019\/"]}]},{"@type":"ImageObject","inLanguage":"es","@id":"https:\/\/www.caudete.org\/ayuntamiento\/realizacion-de-pruebas-de-evaluacion-de-competencias-clave-de-matematicas-y-comunicacion-en-lengua-castellana-de-nivel-2-y-de-nivel-3-dia-12-de-junio-de-2019\/#primaryimage","url":"https:\/\/www.caudete.org\/ayuntamiento\/wp-content\/uploads\/2020\/12\/pruebas2019.jpg","contentUrl":"https:\/\/www.caudete.org\/ayuntamiento\/wp-content\/uploads\/2020\/12\/pruebas2019.jpg","width":800,"height":463},{"@type":"BreadcrumbList","@id":"https:\/\/www.caudete.org\/ayuntamiento\/realizacion-de-pruebas-de-evaluacion-de-competencias-clave-de-matematicas-y-comunicacion-en-lengua-castellana-de-nivel-2-y-de-nivel-3-dia-12-de-junio-de-2019\/#breadcrumb","itemListElement":[{"@type":"ListItem","position":1,"name":"Inicio","item":"https:\/\/www.caudete.org\/ayuntamiento\/"},{"@type":"ListItem","position":2,"name":"REALIZACI\u00d3N DE PRUEBAS DE EVALUACI\u00d3N DE COMPETENCIAS CLAVE DE MATEM\u00c1TICAS Y COMUNICACI\u00d3N EN LENGUA CASTELLANA DE NIVEL 2 Y DE NIVEL 3. D\u00cdA 12 DE JUNIO DE 2019"}]},{"@type":"WebSite","@id":"https:\/\/www.caudete.org\/ayuntamiento\/#website","url":"https:\/\/www.caudete.org\/ayuntamiento\/","name":"MI Ayuntamiento de Caudete","description":"P\u00e1gina Oficial del MI Ayuntamiento de Caudete","publisher":{"@id":"https:\/\/www.caudete.org\/ayuntamiento\/#organization"},"potentialAction":[{"@type":"SearchAction","target":{"@type":"EntryPoint","urlTemplate":"https:\/\/www.caudete.org\/ayuntamiento\/?s={search_term_string}"},"query-input":{"@type":"PropertyValueSpecification","valueRequired":true,"valueName":"search_term_string"}}],"inLanguage":"es"},{"@type":"Organization","@id":"https:\/\/www.caudete.org\/ayuntamiento\/#organization","name":"Ayuntamiento de Caudete","url":"https:\/\/www.caudete.org\/ayuntamiento\/","logo":{"@type":"ImageObject","inLanguage":"es","@id":"https:\/\/www.caudete.org\/ayuntamiento\/#\/schema\/logo\/image\/","url":"https:\/\/www.caudete.org\/ayuntamiento\/wp-content\/uploads\/2020\/11\/logo_ayuntamiento_caudete.jpg","contentUrl":"https:\/\/www.caudete.org\/ayuntamiento\/wp-content\/uploads\/2020\/11\/logo_ayuntamiento_caudete.jpg","width":600,"height":150,"caption":"Ayuntamiento de Caudete"},"image":{"@id":"https:\/\/www.caudete.org\/ayuntamiento\/#\/schema\/logo\/image\/"},"sameAs":["https:\/\/www.facebook.com\/ayuntamientocaudete\/","https:\/\/www.youtube.com\/channel\/UC6VztHaooNsGpw-tNoBEFnQ"]},{"@type":"Person","@id":"https:\/\/www.caudete.org\/ayuntamiento\/#\/schema\/person\/79f7e19fdd176fc2bc7a289013dc2056","name":"ayun","image":{"@type":"ImageObject","inLanguage":"es","@id":"https:\/\/secure.gravatar.com\/avatar\/4ce797ee07c943e7e592f8cd648e503e6cd571387558ed07135799c2bd2847df?s=96&d=mm&r=g","url":"https:\/\/secure.gravatar.com\/avatar\/4ce797ee07c943e7e592f8cd648e503e6cd571387558ed07135799c2bd2847df?s=96&d=mm&r=g","contentUrl":"https:\/\/secure.gravatar.com\/avatar\/4ce797ee07c943e7e592f8cd648e503e6cd571387558ed07135799c2bd2847df?s=96&d=mm&r=g","caption":"ayun"},"sameAs":["http:\/\/www.caudete.org\/ayuntamiento"],"url":"https:\/\/www.caudete.org\/ayuntamiento\/author\/ayun\/"}]}},"_links":{"self":[{"href":"https:\/\/www.caudete.org\/ayuntamiento\/wp-json\/wp\/v2\/posts\/6841","targetHints":{"allow":["GET"]}}],"collection":[{"href":"https:\/\/www.caudete.org\/ayuntamiento\/wp-json\/wp\/v2\/posts"}],"about":[{"href":"https:\/\/www.caudete.org\/ayuntamiento\/wp-json\/wp\/v2\/types\/post"}],"author":[{"embeddable":true,"href":"https:\/\/www.caudete.org\/ayuntamiento\/wp-json\/wp\/v2\/users\/1"}],"replies":[{"embeddable":true,"href":"https:\/\/www.caudete.org\/ayuntamiento\/wp-json\/wp\/v2\/comments?post=6841"}],"version-history":[{"count":2,"href":"https:\/\/www.caudete.org\/ayuntamiento\/wp-json\/wp\/v2\/posts\/6841\/revisions"}],"predecessor-version":[{"id":9713,"href":"https:\/\/www.caudete.org\/ayuntamiento\/wp-json\/wp\/v2\/posts\/6841\/revisions\/9713"}],"wp:featuredmedia":[{"embeddable":true,"href":"https:\/\/www.caudete.org\/ayuntamiento\/wp-json\/wp\/v2\/media\/6844"}],"wp:attachment":[{"href":"https:\/\/www.caudete.org\/ayuntamiento\/wp-json\/wp\/v2\/media?parent=6841"}],"wp:term":[{"taxonomy":"category","embeddable":true,"href":"https:\/\/www.caudete.org\/ayuntamiento\/wp-json\/wp\/v2\/categories?post=6841"},{"taxonomy":"post_tag","embeddable":true,"href":"https:\/\/www.caudete.org\/ayuntamiento\/wp-json\/wp\/v2\/tags?post=6841"}],"curies":[{"name":"wp","href":"https:\/\/api.w.org\/{rel}","templated":true}]}}