{"id":6853,"date":"2019-04-06T12:28:36","date_gmt":"2019-04-06T10:28:36","guid":{"rendered":"http:\/\/www.caudete.org\/ayuntamiento\/?p=6853"},"modified":"2020-12-15T13:38:01","modified_gmt":"2020-12-15T12:38:01","slug":"resolucion-de-la-direccion-general-de-empresas-competitividad-e-internacionalizacion-por-la-que-se-aprueba-la-convocatoria-de-ayudas-del-programa-de-apoyo-a-la-innovacion-innova-adelante","status":"publish","type":"post","link":"https:\/\/www.caudete.org\/ayuntamiento\/resolucion-de-la-direccion-general-de-empresas-competitividad-e-internacionalizacion-por-la-que-se-aprueba-la-convocatoria-de-ayudas-del-programa-de-apoyo-a-la-innovacion-innova-adelante\/","title":{"rendered":"Resoluci\u00f3n de la Direcci\u00f3n General de Empresas, Competitividad e Internacionalizaci\u00f3n, por la que se aprueba la convocatoria de ayudas del programa de apoyo a la Innovaci\u00f3n \u201cInnova-Adelante\u201d en Castilla-La Mancha, cofinanciable en un 80% por el Fondo Euro"},"content":{"rendered":"<h5 style=\"text-align: justify;\"><b> Plazo presentaci\u00f3n solicitudes: <\/b> Desde el d\u00eda <b> 5 de junio de 2019 <\/b> hasta el <b> 4 de noviembre de 2019. <\/b><\/h5>\n<p style=\"text-align: justify;\"><b>El objeto <\/b>de la resoluci\u00f3n es convocar, para el ejercicio 2019, la concesi\u00f3n de subvenciones en el marco del Programa de apoyo a la innovaci\u00f3n \u201cInnova-Adelante\u201d en Castilla-La Mancha, para los proyectos de innovaci\u00f3n promovidos por empresas.<\/p>\n<p>Estas ayudas tienen por finalidad impulsar y promover las actividades de I+D+i lideradas por empresas, especialmente por pymes, para as\u00ed mejorar su productividad y competitividad a trav\u00e9s de proyectos de innovaci\u00f3n, y apoyar as\u00ed su capacidad para crecer en los mercados regionales, nacionales e internacionales y para implicarse en procesos de innovaci\u00f3n con la finalidad de desarrollar los sectores estrat\u00e9gicos de especializaci\u00f3n inteligente de la regi\u00f3n; favorecer la incorporaci\u00f3n de recursos humanos dedicados a la I+D+i; incrementar las empresas innovadoras y fortalecer la colaboraci\u00f3n y transferencia de conocimiento entre los diferentes actores del sistema regional de innovaci\u00f3n.<\/p>\n<p><b>Los beneficiarios <\/b>podr\u00e1n ser las empresas, con al menos dos trabajadores consignados en el recibo de liquidaci\u00f3n de cotizaciones de la Seguridad Social en el mes anterior a la solicitud de ayuda, que proyecten llevar a cabo una actuaci\u00f3n subvencionable en el territorio de Castilla-La Mancha.<br \/>\nNo ser\u00e1n empresas beneficiarias, aquellas empresas cuyas actividades est\u00e9n expresamente excluidas por la Orden 73\/2019, de 3 de mayo, de la Consejer\u00eda de Econom\u00eda, Empresas y Empleo, as\u00ed como las comunidades de bienes y sociedades civiles, asociaciones, fundaciones, administraciones p\u00fablicas y en general entidades sin \u00e1nimo de lucro.<\/p>\n<p><b>Los Requisitos <\/b>son los indicados en el art\u00edculo 6 y 9 de las bases reguladoras (Orden de 3 de mayo de 2019, de la Consejer\u00eda de Econom\u00eda, Empresas y Empleo, por la que se establecen las bases reguladoras del programa de apoyo a la innovaci\u00f3n \u201cInnova-Adelante\u201d), expresados en las p\u00e1ginas 15126\/15127 y 15128\/15129 del siguiente documento:<\/p>\n<p style=\"text-align: justify;\"><a href=\"https:\/\/docm.jccm.es\/portaldocm\/descargarArchivo.do?ruta=2019\/05\/16\/pdf\/2019_4579.pdf&amp;tipo=rutaDocm\" target=\"_blank\" rel=\"noopener noreferrer nofollow\">https:\/\/docm.jccm.es\/portaldocm\/descargarArchivo.do?ruta=2019\/05\/16\/pdf\/2019_4579.pdf&amp;tipo=rutaDocm<\/a><\/p>\n<p style=\"text-align: justify;\"><b>La cuant\u00eda <\/b>de la subvenci\u00f3n a conceder vendr\u00e1 determinada por un porcentaje que se aplicar\u00e1 a la inversi\u00f3n o coste que se considere subvencionable, en funci\u00f3n del tipo de beneficiario:<\/p>\n<p>a) Un 45% para las microempresas y peque\u00f1as empresas.<br \/>\nb) Un 35% para las medianas empresas<br \/>\nc) Un 25% para las grandes empresas.<\/p>\n<p>Ser\u00e1n gastos subvencionables aquellos que respondan a la naturaleza de la actividad subvencionada, resulten estrictamente necesarios para el desarrollo del proyecto, se realicen dentro del plazo de ejecuci\u00f3n previsto, y se encuentren encuadrados en las tipolog\u00edas de gasto establecidas en el art\u00edculo 10 de la Orden 73\/2019 (p\u00e1ginas 15129\/15130 del documento rese\u00f1ado anteriormente).<br \/>\nEn ning\u00fan caso el coste de adquisici\u00f3n de los gastos subvencionables podr\u00e1 ser superior al valor de mercado.<\/p>\n<p>Las actuaciones o proyectos subvencionables no podr\u00e1n ser inferiores al l\u00edmite m\u00ednimo de inversi\u00f3n subvencionable de 5.000 euros, ni superar el l\u00edmite m\u00e1ximo de inversi\u00f3n subvencionable de 250.000 euros.<\/p>\n<p><b>Lugar de presentaci\u00f3n: <\/b>Hasta el <b>4 de noviembre <\/b>por v\u00eda telem\u00e1tica, cumplimentando el formulario correspondiente en la sede electr\u00f3nica:<\/p>\n<p style=\"text-align: justify;\"><a href=\"http:\/\/www.jccm.es\/\" target=\"_blank\" rel=\"noopener noreferrer nofollow\">www.jccm.es<\/a><\/p>\n<p style=\"text-align: justify;\"><b>Para m\u00e1s informaci\u00f3n, <\/b>consulte<\/p>\n<p style=\"text-align: justify;\"><a href=\"https:\/\/www.jccm.es\/tramitesygestiones\/programa-de-apoyo-la-innovacion-innova-adelante\" target=\"_blank\" rel=\"noopener noreferrer nofollow\"><strong>https:\/\/www.jccm.es\/tramitesygestiones\/programa-de-apoyo-la-innovacion-innova-adelante<\/strong><\/a><\/p>\n<p style=\"text-align: justify;\"><a href=\"https:\/\/docm.jccm.es\/portaldocm\/descargarArchivo.do?ruta=2019\/06\/04\/pdf\/2019_5421.pdf&amp;tipo=rutaDocm\" target=\"_blank\" rel=\"noopener noreferrer nofollow\"><strong>https:\/\/docm.jccm.es\/portaldocm\/descargarArchivo.do?ruta=2019\/06\/04\/pdf\/2019_5421.pdf&amp;tipo=rutaDocm<\/strong><\/a><strong>&nbsp; <\/strong><\/p>\n<p style=\"text-align: justify;\">Para cualquier aclaraci\u00f3n pueden dirigirse a la direcci\u00f3n de correo electr\u00f3nico:<\/p>\n<p style=\"text-align: justify;\"><a href=\"mailto:serviciodeinnovacion@jccm.es\" target=\"_blank\" rel=\"nofollow\"><strong>serviciodeinnovacion@jccm.es<\/strong><\/a><\/p>\n<p style=\"text-align: justify;\">o a los tel\u00e9fonos 925248123 o 925267581 o 925266207<br \/>\no, en caso necesario, en Oficina de la Agencia de Desarrollo Local de Caudete, tel. 965827000 Ext. 306,<\/p>\n<p style=\"text-align: justify;\"><a href=\"mailto:desarrollo@caudete.org\" target=\"_blank\" rel=\"nofollow\">desarrollo@caudete.org<\/a><\/p>\n<p><img fetchpriority=\"high\" decoding=\"async\" class=\"aligncenter size-full wp-image-6855\" src=\"http:\/\/www.caudete.org\/ayuntamiento\/wp-content\/uploads\/2020\/12\/ade2016-2019.jpg\" alt=\"\" width=\"800\" height=\"448\" srcset=\"https:\/\/www.caudete.org\/ayuntamiento\/wp-content\/uploads\/2020\/12\/ade2016-2019.jpg 800w, https:\/\/www.caudete.org\/ayuntamiento\/wp-content\/uploads\/2020\/12\/ade2016-2019-300x168.jpg 300w, https:\/\/www.caudete.org\/ayuntamiento\/wp-content\/uploads\/2020\/12\/ade2016-2019-768x430.jpg 768w\" sizes=\"(max-width: 800px) 100vw, 800px\" \/><\/p>\n","protected":false},"excerpt":{"rendered":"<p>Plazo presentaci\u00f3n solicitudes: Desde el d\u00eda 5 de junio de 2019 hasta el 4 de noviembre de 2019. El objeto de la resoluci\u00f3n es convocar, para el ejercicio 2019, la concesi\u00f3n de subvenciones en el marco del Programa de apoyo a la innovaci\u00f3n \u201cInnova-Adelante\u201d en Castilla-La Mancha, para los proyectos de innovaci\u00f3n promovidos por empresas. &hellip;<\/p>\n","protected":false},"author":1,"featured_media":6855,"comment_status":"closed","ping_status":"open","sticky":false,"template":"","format":"standard","meta":{"ngg_post_thumbnail":0,"footnotes":""},"categories":[90],"tags":[],"class_list":["post-6853","post","type-post","status-publish","format-standard","has-post-thumbnail","hentry","category-tablon-informativo-desarrollo-local"],"yoast_head":"<!-- This site is optimized with the Yoast SEO plugin v27.5 - https:\/\/yoast.com\/product\/yoast-seo-wordpress\/ -->\n<title>Resoluci\u00f3n de la Direcci\u00f3n General de Empresas, Competitividad e Internacionalizaci\u00f3n, por la que se aprueba la convocatoria de ayudas del programa de apoyo a la Innovaci\u00f3n \u201cInnova-Adelante\u201d en Castilla-La Mancha, cofinanciable en un 80% por el Fondo Euro - MI Ayuntamiento de Caudete<\/title>\n<meta name=\"description\" content=\"P\u00e1gina Oficial del Ayuntamiento de Caudete (Albacete)\" \/>\n<meta name=\"robots\" content=\"index, follow, max-snippet:-1, max-image-preview:large, max-video-preview:-1\" \/>\n<link rel=\"canonical\" href=\"https:\/\/www.caudete.org\/ayuntamiento\/resolucion-de-la-direccion-general-de-empresas-competitividad-e-internacionalizacion-por-la-que-se-aprueba-la-convocatoria-de-ayudas-del-programa-de-apoyo-a-la-innovacion-innova-adelante\/\" \/>\n<meta property=\"og:locale\" content=\"es_ES\" \/>\n<meta property=\"og:type\" content=\"article\" \/>\n<meta property=\"og:title\" content=\"Resoluci\u00f3n de la Direcci\u00f3n General de Empresas, Competitividad e Internacionalizaci\u00f3n, por la que se aprueba la convocatoria de ayudas del programa de apoyo a la Innovaci\u00f3n \u201cInnova-Adelante\u201d en Castilla-La Mancha, cofinanciable en un 80% por el Fondo Euro - MI Ayuntamiento de Caudete\" \/>\n<meta property=\"og:description\" content=\"P\u00e1gina Oficial del Ayuntamiento de Caudete (Albacete)\" \/>\n<meta property=\"og:url\" content=\"https:\/\/www.caudete.org\/ayuntamiento\/resolucion-de-la-direccion-general-de-empresas-competitividad-e-internacionalizacion-por-la-que-se-aprueba-la-convocatoria-de-ayudas-del-programa-de-apoyo-a-la-innovacion-innova-adelante\/\" \/>\n<meta property=\"og:site_name\" content=\"MI Ayuntamiento de Caudete\" \/>\n<meta property=\"article:publisher\" content=\"https:\/\/www.facebook.com\/ayuntamientocaudete\/\" \/>\n<meta property=\"article:published_time\" content=\"2019-04-06T10:28:36+00:00\" \/>\n<meta property=\"article:modified_time\" content=\"2020-12-15T12:38:01+00:00\" \/>\n<meta property=\"og:image\" content=\"https:\/\/www.caudete.org\/ayuntamiento\/wp-content\/uploads\/2020\/12\/ade2016-2019.jpg\" \/>\n\t<meta property=\"og:image:width\" content=\"800\" \/>\n\t<meta property=\"og:image:height\" content=\"448\" \/>\n\t<meta property=\"og:image:type\" content=\"image\/jpeg\" \/>\n<meta name=\"author\" content=\"ayun\" \/>\n<meta name=\"twitter:card\" content=\"summary_large_image\" \/>\n<meta name=\"twitter:label1\" content=\"Escrito por\" \/>\n\t<meta name=\"twitter:data1\" content=\"ayun\" \/>\n\t<meta name=\"twitter:label2\" content=\"Tiempo de lectura\" \/>\n\t<meta name=\"twitter:data2\" content=\"3 minutos\" \/>\n<script type=\"application\/ld+json\" class=\"yoast-schema-graph\">{\"@context\":\"https:\\\/\\\/schema.org\",\"@graph\":[{\"@type\":\"Article\",\"@id\":\"https:\\\/\\\/www.caudete.org\\\/ayuntamiento\\\/resolucion-de-la-direccion-general-de-empresas-competitividad-e-internacionalizacion-por-la-que-se-aprueba-la-convocatoria-de-ayudas-del-programa-de-apoyo-a-la-innovacion-innova-adelante\\\/#article\",\"isPartOf\":{\"@id\":\"https:\\\/\\\/www.caudete.org\\\/ayuntamiento\\\/resolucion-de-la-direccion-general-de-empresas-competitividad-e-internacionalizacion-por-la-que-se-aprueba-la-convocatoria-de-ayudas-del-programa-de-apoyo-a-la-innovacion-innova-adelante\\\/\"},\"author\":{\"name\":\"ayun\",\"@id\":\"https:\\\/\\\/www.caudete.org\\\/ayuntamiento\\\/#\\\/schema\\\/person\\\/79f7e19fdd176fc2bc7a289013dc2056\"},\"headline\":\"Resoluci\u00f3n de la Direcci\u00f3n General de Empresas, Competitividad e Internacionalizaci\u00f3n, por la que se aprueba la convocatoria de ayudas del programa de apoyo a la Innovaci\u00f3n \u201cInnova-Adelante\u201d en Castilla-La Mancha, cofinanciable en un 80% por el Fondo Euro\",\"datePublished\":\"2019-04-06T10:28:36+00:00\",\"dateModified\":\"2020-12-15T12:38:01+00:00\",\"mainEntityOfPage\":{\"@id\":\"https:\\\/\\\/www.caudete.org\\\/ayuntamiento\\\/resolucion-de-la-direccion-general-de-empresas-competitividad-e-internacionalizacion-por-la-que-se-aprueba-la-convocatoria-de-ayudas-del-programa-de-apoyo-a-la-innovacion-innova-adelante\\\/\"},\"wordCount\":634,\"publisher\":{\"@id\":\"https:\\\/\\\/www.caudete.org\\\/ayuntamiento\\\/#organization\"},\"image\":{\"@id\":\"https:\\\/\\\/www.caudete.org\\\/ayuntamiento\\\/resolucion-de-la-direccion-general-de-empresas-competitividad-e-internacionalizacion-por-la-que-se-aprueba-la-convocatoria-de-ayudas-del-programa-de-apoyo-a-la-innovacion-innova-adelante\\\/#primaryimage\"},\"thumbnailUrl\":\"https:\\\/\\\/www.caudete.org\\\/ayuntamiento\\\/wp-content\\\/uploads\\\/2020\\\/12\\\/ade2016-2019.jpg\",\"articleSection\":[\"Tabl\u00f3n informativo (Desarrollo local)\"],\"inLanguage\":\"es\"},{\"@type\":\"WebPage\",\"@id\":\"https:\\\/\\\/www.caudete.org\\\/ayuntamiento\\\/resolucion-de-la-direccion-general-de-empresas-competitividad-e-internacionalizacion-por-la-que-se-aprueba-la-convocatoria-de-ayudas-del-programa-de-apoyo-a-la-innovacion-innova-adelante\\\/\",\"url\":\"https:\\\/\\\/www.caudete.org\\\/ayuntamiento\\\/resolucion-de-la-direccion-general-de-empresas-competitividad-e-internacionalizacion-por-la-que-se-aprueba-la-convocatoria-de-ayudas-del-programa-de-apoyo-a-la-innovacion-innova-adelante\\\/\",\"name\":\"Resoluci\u00f3n de la Direcci\u00f3n General de Empresas, Competitividad e Internacionalizaci\u00f3n, por la que se aprueba la convocatoria de ayudas del programa de apoyo a la Innovaci\u00f3n \u201cInnova-Adelante\u201d en Castilla-La Mancha, cofinanciable en un 80% por el Fondo Euro - MI Ayuntamiento de Caudete\",\"isPartOf\":{\"@id\":\"https:\\\/\\\/www.caudete.org\\\/ayuntamiento\\\/#website\"},\"primaryImageOfPage\":{\"@id\":\"https:\\\/\\\/www.caudete.org\\\/ayuntamiento\\\/resolucion-de-la-direccion-general-de-empresas-competitividad-e-internacionalizacion-por-la-que-se-aprueba-la-convocatoria-de-ayudas-del-programa-de-apoyo-a-la-innovacion-innova-adelante\\\/#primaryimage\"},\"image\":{\"@id\":\"https:\\\/\\\/www.caudete.org\\\/ayuntamiento\\\/resolucion-de-la-direccion-general-de-empresas-competitividad-e-internacionalizacion-por-la-que-se-aprueba-la-convocatoria-de-ayudas-del-programa-de-apoyo-a-la-innovacion-innova-adelante\\\/#primaryimage\"},\"thumbnailUrl\":\"https:\\\/\\\/www.caudete.org\\\/ayuntamiento\\\/wp-content\\\/uploads\\\/2020\\\/12\\\/ade2016-2019.jpg\",\"datePublished\":\"2019-04-06T10:28:36+00:00\",\"dateModified\":\"2020-12-15T12:38:01+00:00\",\"description\":\"P\u00e1gina Oficial del Ayuntamiento de Caudete (Albacete)\",\"breadcrumb\":{\"@id\":\"https:\\\/\\\/www.caudete.org\\\/ayuntamiento\\\/resolucion-de-la-direccion-general-de-empresas-competitividad-e-internacionalizacion-por-la-que-se-aprueba-la-convocatoria-de-ayudas-del-programa-de-apoyo-a-la-innovacion-innova-adelante\\\/#breadcrumb\"},\"inLanguage\":\"es\",\"potentialAction\":[{\"@type\":\"ReadAction\",\"target\":[\"https:\\\/\\\/www.caudete.org\\\/ayuntamiento\\\/resolucion-de-la-direccion-general-de-empresas-competitividad-e-internacionalizacion-por-la-que-se-aprueba-la-convocatoria-de-ayudas-del-programa-de-apoyo-a-la-innovacion-innova-adelante\\\/\"]}]},{\"@type\":\"ImageObject\",\"inLanguage\":\"es\",\"@id\":\"https:\\\/\\\/www.caudete.org\\\/ayuntamiento\\\/resolucion-de-la-direccion-general-de-empresas-competitividad-e-internacionalizacion-por-la-que-se-aprueba-la-convocatoria-de-ayudas-del-programa-de-apoyo-a-la-innovacion-innova-adelante\\\/#primaryimage\",\"url\":\"https:\\\/\\\/www.caudete.org\\\/ayuntamiento\\\/wp-content\\\/uploads\\\/2020\\\/12\\\/ade2016-2019.jpg\",\"contentUrl\":\"https:\\\/\\\/www.caudete.org\\\/ayuntamiento\\\/wp-content\\\/uploads\\\/2020\\\/12\\\/ade2016-2019.jpg\",\"width\":800,\"height\":448},{\"@type\":\"BreadcrumbList\",\"@id\":\"https:\\\/\\\/www.caudete.org\\\/ayuntamiento\\\/resolucion-de-la-direccion-general-de-empresas-competitividad-e-internacionalizacion-por-la-que-se-aprueba-la-convocatoria-de-ayudas-del-programa-de-apoyo-a-la-innovacion-innova-adelante\\\/#breadcrumb\",\"itemListElement\":[{\"@type\":\"ListItem\",\"position\":1,\"name\":\"Inicio\",\"item\":\"https:\\\/\\\/www.caudete.org\\\/ayuntamiento\\\/\"},{\"@type\":\"ListItem\",\"position\":2,\"name\":\"Resoluci\u00f3n de la Direcci\u00f3n General de Empresas, Competitividad e Internacionalizaci\u00f3n, por la que se aprueba la convocatoria de ayudas del programa de apoyo a la Innovaci\u00f3n \u201cInnova-Adelante\u201d en Castilla-La Mancha, cofinanciable en un 80% por el Fondo Euro\"}]},{\"@type\":\"WebSite\",\"@id\":\"https:\\\/\\\/www.caudete.org\\\/ayuntamiento\\\/#website\",\"url\":\"https:\\\/\\\/www.caudete.org\\\/ayuntamiento\\\/\",\"name\":\"MI Ayuntamiento de Caudete\",\"description\":\"P\u00e1gina Oficial del MI Ayuntamiento de Caudete\",\"publisher\":{\"@id\":\"https:\\\/\\\/www.caudete.org\\\/ayuntamiento\\\/#organization\"},\"potentialAction\":[{\"@type\":\"SearchAction\",\"target\":{\"@type\":\"EntryPoint\",\"urlTemplate\":\"https:\\\/\\\/www.caudete.org\\\/ayuntamiento\\\/?s={search_term_string}\"},\"query-input\":{\"@type\":\"PropertyValueSpecification\",\"valueRequired\":true,\"valueName\":\"search_term_string\"}}],\"inLanguage\":\"es\"},{\"@type\":\"Organization\",\"@id\":\"https:\\\/\\\/www.caudete.org\\\/ayuntamiento\\\/#organization\",\"name\":\"Ayuntamiento de Caudete\",\"url\":\"https:\\\/\\\/www.caudete.org\\\/ayuntamiento\\\/\",\"logo\":{\"@type\":\"ImageObject\",\"inLanguage\":\"es\",\"@id\":\"https:\\\/\\\/www.caudete.org\\\/ayuntamiento\\\/#\\\/schema\\\/logo\\\/image\\\/\",\"url\":\"https:\\\/\\\/www.caudete.org\\\/ayuntamiento\\\/wp-content\\\/uploads\\\/2020\\\/11\\\/logo_ayuntamiento_caudete.jpg\",\"contentUrl\":\"https:\\\/\\\/www.caudete.org\\\/ayuntamiento\\\/wp-content\\\/uploads\\\/2020\\\/11\\\/logo_ayuntamiento_caudete.jpg\",\"width\":600,\"height\":150,\"caption\":\"Ayuntamiento de Caudete\"},\"image\":{\"@id\":\"https:\\\/\\\/www.caudete.org\\\/ayuntamiento\\\/#\\\/schema\\\/logo\\\/image\\\/\"},\"sameAs\":[\"https:\\\/\\\/www.facebook.com\\\/ayuntamientocaudete\\\/\",\"https:\\\/\\\/www.youtube.com\\\/channel\\\/UC6VztHaooNsGpw-tNoBEFnQ\"]},{\"@type\":\"Person\",\"@id\":\"https:\\\/\\\/www.caudete.org\\\/ayuntamiento\\\/#\\\/schema\\\/person\\\/79f7e19fdd176fc2bc7a289013dc2056\",\"name\":\"ayun\",\"image\":{\"@type\":\"ImageObject\",\"inLanguage\":\"es\",\"@id\":\"https:\\\/\\\/secure.gravatar.com\\\/avatar\\\/4ce797ee07c943e7e592f8cd648e503e6cd571387558ed07135799c2bd2847df?s=96&d=mm&r=g\",\"url\":\"https:\\\/\\\/secure.gravatar.com\\\/avatar\\\/4ce797ee07c943e7e592f8cd648e503e6cd571387558ed07135799c2bd2847df?s=96&d=mm&r=g\",\"contentUrl\":\"https:\\\/\\\/secure.gravatar.com\\\/avatar\\\/4ce797ee07c943e7e592f8cd648e503e6cd571387558ed07135799c2bd2847df?s=96&d=mm&r=g\",\"caption\":\"ayun\"},\"sameAs\":[\"http:\\\/\\\/www.caudete.org\\\/ayuntamiento\"],\"url\":\"https:\\\/\\\/www.caudete.org\\\/ayuntamiento\\\/author\\\/ayun\\\/\"}]}<\/script>\n<!-- \/ Yoast SEO plugin. -->","yoast_head_json":{"title":"Resoluci\u00f3n de la Direcci\u00f3n General de Empresas, Competitividad e Internacionalizaci\u00f3n, por la que se aprueba la convocatoria de ayudas del programa de apoyo a la Innovaci\u00f3n \u201cInnova-Adelante\u201d en Castilla-La Mancha, cofinanciable en un 80% por el Fondo Euro - MI Ayuntamiento de Caudete","description":"P\u00e1gina Oficial del Ayuntamiento de Caudete (Albacete)","robots":{"index":"index","follow":"follow","max-snippet":"max-snippet:-1","max-image-preview":"max-image-preview:large","max-video-preview":"max-video-preview:-1"},"canonical":"https:\/\/www.caudete.org\/ayuntamiento\/resolucion-de-la-direccion-general-de-empresas-competitividad-e-internacionalizacion-por-la-que-se-aprueba-la-convocatoria-de-ayudas-del-programa-de-apoyo-a-la-innovacion-innova-adelante\/","og_locale":"es_ES","og_type":"article","og_title":"Resoluci\u00f3n de la Direcci\u00f3n General de Empresas, Competitividad e Internacionalizaci\u00f3n, por la que se aprueba la convocatoria de ayudas del programa de apoyo a la Innovaci\u00f3n \u201cInnova-Adelante\u201d en Castilla-La Mancha, cofinanciable en un 80% por el Fondo Euro - MI Ayuntamiento de Caudete","og_description":"P\u00e1gina Oficial del Ayuntamiento de Caudete (Albacete)","og_url":"https:\/\/www.caudete.org\/ayuntamiento\/resolucion-de-la-direccion-general-de-empresas-competitividad-e-internacionalizacion-por-la-que-se-aprueba-la-convocatoria-de-ayudas-del-programa-de-apoyo-a-la-innovacion-innova-adelante\/","og_site_name":"MI Ayuntamiento de Caudete","article_publisher":"https:\/\/www.facebook.com\/ayuntamientocaudete\/","article_published_time":"2019-04-06T10:28:36+00:00","article_modified_time":"2020-12-15T12:38:01+00:00","og_image":[{"width":800,"height":448,"url":"https:\/\/www.caudete.org\/ayuntamiento\/wp-content\/uploads\/2020\/12\/ade2016-2019.jpg","type":"image\/jpeg"}],"author":"ayun","twitter_card":"summary_large_image","twitter_misc":{"Escrito por":"ayun","Tiempo de lectura":"3 minutos"},"schema":{"@context":"https:\/\/schema.org","@graph":[{"@type":"Article","@id":"https:\/\/www.caudete.org\/ayuntamiento\/resolucion-de-la-direccion-general-de-empresas-competitividad-e-internacionalizacion-por-la-que-se-aprueba-la-convocatoria-de-ayudas-del-programa-de-apoyo-a-la-innovacion-innova-adelante\/#article","isPartOf":{"@id":"https:\/\/www.caudete.org\/ayuntamiento\/resolucion-de-la-direccion-general-de-empresas-competitividad-e-internacionalizacion-por-la-que-se-aprueba-la-convocatoria-de-ayudas-del-programa-de-apoyo-a-la-innovacion-innova-adelante\/"},"author":{"name":"ayun","@id":"https:\/\/www.caudete.org\/ayuntamiento\/#\/schema\/person\/79f7e19fdd176fc2bc7a289013dc2056"},"headline":"Resoluci\u00f3n de la Direcci\u00f3n General de Empresas, Competitividad e Internacionalizaci\u00f3n, por la que se aprueba la convocatoria de ayudas del programa de apoyo a la Innovaci\u00f3n \u201cInnova-Adelante\u201d en Castilla-La Mancha, cofinanciable en un 80% por el Fondo Euro","datePublished":"2019-04-06T10:28:36+00:00","dateModified":"2020-12-15T12:38:01+00:00","mainEntityOfPage":{"@id":"https:\/\/www.caudete.org\/ayuntamiento\/resolucion-de-la-direccion-general-de-empresas-competitividad-e-internacionalizacion-por-la-que-se-aprueba-la-convocatoria-de-ayudas-del-programa-de-apoyo-a-la-innovacion-innova-adelante\/"},"wordCount":634,"publisher":{"@id":"https:\/\/www.caudete.org\/ayuntamiento\/#organization"},"image":{"@id":"https:\/\/www.caudete.org\/ayuntamiento\/resolucion-de-la-direccion-general-de-empresas-competitividad-e-internacionalizacion-por-la-que-se-aprueba-la-convocatoria-de-ayudas-del-programa-de-apoyo-a-la-innovacion-innova-adelante\/#primaryimage"},"thumbnailUrl":"https:\/\/www.caudete.org\/ayuntamiento\/wp-content\/uploads\/2020\/12\/ade2016-2019.jpg","articleSection":["Tabl\u00f3n informativo (Desarrollo local)"],"inLanguage":"es"},{"@type":"WebPage","@id":"https:\/\/www.caudete.org\/ayuntamiento\/resolucion-de-la-direccion-general-de-empresas-competitividad-e-internacionalizacion-por-la-que-se-aprueba-la-convocatoria-de-ayudas-del-programa-de-apoyo-a-la-innovacion-innova-adelante\/","url":"https:\/\/www.caudete.org\/ayuntamiento\/resolucion-de-la-direccion-general-de-empresas-competitividad-e-internacionalizacion-por-la-que-se-aprueba-la-convocatoria-de-ayudas-del-programa-de-apoyo-a-la-innovacion-innova-adelante\/","name":"Resoluci\u00f3n de la Direcci\u00f3n General de Empresas, Competitividad e Internacionalizaci\u00f3n, por la que se aprueba la convocatoria de ayudas del programa de apoyo a la Innovaci\u00f3n \u201cInnova-Adelante\u201d en Castilla-La Mancha, cofinanciable en un 80% por el Fondo Euro - MI Ayuntamiento de Caudete","isPartOf":{"@id":"https:\/\/www.caudete.org\/ayuntamiento\/#website"},"primaryImageOfPage":{"@id":"https:\/\/www.caudete.org\/ayuntamiento\/resolucion-de-la-direccion-general-de-empresas-competitividad-e-internacionalizacion-por-la-que-se-aprueba-la-convocatoria-de-ayudas-del-programa-de-apoyo-a-la-innovacion-innova-adelante\/#primaryimage"},"image":{"@id":"https:\/\/www.caudete.org\/ayuntamiento\/resolucion-de-la-direccion-general-de-empresas-competitividad-e-internacionalizacion-por-la-que-se-aprueba-la-convocatoria-de-ayudas-del-programa-de-apoyo-a-la-innovacion-innova-adelante\/#primaryimage"},"thumbnailUrl":"https:\/\/www.caudete.org\/ayuntamiento\/wp-content\/uploads\/2020\/12\/ade2016-2019.jpg","datePublished":"2019-04-06T10:28:36+00:00","dateModified":"2020-12-15T12:38:01+00:00","description":"P\u00e1gina Oficial del Ayuntamiento de Caudete (Albacete)","breadcrumb":{"@id":"https:\/\/www.caudete.org\/ayuntamiento\/resolucion-de-la-direccion-general-de-empresas-competitividad-e-internacionalizacion-por-la-que-se-aprueba-la-convocatoria-de-ayudas-del-programa-de-apoyo-a-la-innovacion-innova-adelante\/#breadcrumb"},"inLanguage":"es","potentialAction":[{"@type":"ReadAction","target":["https:\/\/www.caudete.org\/ayuntamiento\/resolucion-de-la-direccion-general-de-empresas-competitividad-e-internacionalizacion-por-la-que-se-aprueba-la-convocatoria-de-ayudas-del-programa-de-apoyo-a-la-innovacion-innova-adelante\/"]}]},{"@type":"ImageObject","inLanguage":"es","@id":"https:\/\/www.caudete.org\/ayuntamiento\/resolucion-de-la-direccion-general-de-empresas-competitividad-e-internacionalizacion-por-la-que-se-aprueba-la-convocatoria-de-ayudas-del-programa-de-apoyo-a-la-innovacion-innova-adelante\/#primaryimage","url":"https:\/\/www.caudete.org\/ayuntamiento\/wp-content\/uploads\/2020\/12\/ade2016-2019.jpg","contentUrl":"https:\/\/www.caudete.org\/ayuntamiento\/wp-content\/uploads\/2020\/12\/ade2016-2019.jpg","width":800,"height":448},{"@type":"BreadcrumbList","@id":"https:\/\/www.caudete.org\/ayuntamiento\/resolucion-de-la-direccion-general-de-empresas-competitividad-e-internacionalizacion-por-la-que-se-aprueba-la-convocatoria-de-ayudas-del-programa-de-apoyo-a-la-innovacion-innova-adelante\/#breadcrumb","itemListElement":[{"@type":"ListItem","position":1,"name":"Inicio","item":"https:\/\/www.caudete.org\/ayuntamiento\/"},{"@type":"ListItem","position":2,"name":"Resoluci\u00f3n de la Direcci\u00f3n General de Empresas, Competitividad e Internacionalizaci\u00f3n, por la que se aprueba la convocatoria de ayudas del programa de apoyo a la Innovaci\u00f3n \u201cInnova-Adelante\u201d en Castilla-La Mancha, cofinanciable en un 80% por el Fondo Euro"}]},{"@type":"WebSite","@id":"https:\/\/www.caudete.org\/ayuntamiento\/#website","url":"https:\/\/www.caudete.org\/ayuntamiento\/","name":"MI Ayuntamiento de Caudete","description":"P\u00e1gina Oficial del MI Ayuntamiento de Caudete","publisher":{"@id":"https:\/\/www.caudete.org\/ayuntamiento\/#organization"},"potentialAction":[{"@type":"SearchAction","target":{"@type":"EntryPoint","urlTemplate":"https:\/\/www.caudete.org\/ayuntamiento\/?s={search_term_string}"},"query-input":{"@type":"PropertyValueSpecification","valueRequired":true,"valueName":"search_term_string"}}],"inLanguage":"es"},{"@type":"Organization","@id":"https:\/\/www.caudete.org\/ayuntamiento\/#organization","name":"Ayuntamiento de Caudete","url":"https:\/\/www.caudete.org\/ayuntamiento\/","logo":{"@type":"ImageObject","inLanguage":"es","@id":"https:\/\/www.caudete.org\/ayuntamiento\/#\/schema\/logo\/image\/","url":"https:\/\/www.caudete.org\/ayuntamiento\/wp-content\/uploads\/2020\/11\/logo_ayuntamiento_caudete.jpg","contentUrl":"https:\/\/www.caudete.org\/ayuntamiento\/wp-content\/uploads\/2020\/11\/logo_ayuntamiento_caudete.jpg","width":600,"height":150,"caption":"Ayuntamiento de Caudete"},"image":{"@id":"https:\/\/www.caudete.org\/ayuntamiento\/#\/schema\/logo\/image\/"},"sameAs":["https:\/\/www.facebook.com\/ayuntamientocaudete\/","https:\/\/www.youtube.com\/channel\/UC6VztHaooNsGpw-tNoBEFnQ"]},{"@type":"Person","@id":"https:\/\/www.caudete.org\/ayuntamiento\/#\/schema\/person\/79f7e19fdd176fc2bc7a289013dc2056","name":"ayun","image":{"@type":"ImageObject","inLanguage":"es","@id":"https:\/\/secure.gravatar.com\/avatar\/4ce797ee07c943e7e592f8cd648e503e6cd571387558ed07135799c2bd2847df?s=96&d=mm&r=g","url":"https:\/\/secure.gravatar.com\/avatar\/4ce797ee07c943e7e592f8cd648e503e6cd571387558ed07135799c2bd2847df?s=96&d=mm&r=g","contentUrl":"https:\/\/secure.gravatar.com\/avatar\/4ce797ee07c943e7e592f8cd648e503e6cd571387558ed07135799c2bd2847df?s=96&d=mm&r=g","caption":"ayun"},"sameAs":["http:\/\/www.caudete.org\/ayuntamiento"],"url":"https:\/\/www.caudete.org\/ayuntamiento\/author\/ayun\/"}]}},"_links":{"self":[{"href":"https:\/\/www.caudete.org\/ayuntamiento\/wp-json\/wp\/v2\/posts\/6853","targetHints":{"allow":["GET"]}}],"collection":[{"href":"https:\/\/www.caudete.org\/ayuntamiento\/wp-json\/wp\/v2\/posts"}],"about":[{"href":"https:\/\/www.caudete.org\/ayuntamiento\/wp-json\/wp\/v2\/types\/post"}],"author":[{"embeddable":true,"href":"https:\/\/www.caudete.org\/ayuntamiento\/wp-json\/wp\/v2\/users\/1"}],"replies":[{"embeddable":true,"href":"https:\/\/www.caudete.org\/ayuntamiento\/wp-json\/wp\/v2\/comments?post=6853"}],"version-history":[{"count":3,"href":"https:\/\/www.caudete.org\/ayuntamiento\/wp-json\/wp\/v2\/posts\/6853\/revisions"}],"predecessor-version":[{"id":9712,"href":"https:\/\/www.caudete.org\/ayuntamiento\/wp-json\/wp\/v2\/posts\/6853\/revisions\/9712"}],"wp:featuredmedia":[{"embeddable":true,"href":"https:\/\/www.caudete.org\/ayuntamiento\/wp-json\/wp\/v2\/media\/6855"}],"wp:attachment":[{"href":"https:\/\/www.caudete.org\/ayuntamiento\/wp-json\/wp\/v2\/media?parent=6853"}],"wp:term":[{"taxonomy":"category","embeddable":true,"href":"https:\/\/www.caudete.org\/ayuntamiento\/wp-json\/wp\/v2\/categories?post=6853"},{"taxonomy":"post_tag","embeddable":true,"href":"https:\/\/www.caudete.org\/ayuntamiento\/wp-json\/wp\/v2\/tags?post=6853"}],"curies":[{"name":"wp","href":"https:\/\/api.w.org\/{rel}","templated":true}]}}