{"id":6872,"date":"2019-04-06T12:39:04","date_gmt":"2019-04-06T10:39:04","guid":{"rendered":"http:\/\/www.caudete.org\/ayuntamiento\/?p=6872"},"modified":"2020-12-15T13:34:18","modified_gmt":"2020-12-15T12:34:18","slug":"curso-de-fomento-del-pastoreo-en-sistemas-de-produccion-ganaderia-extensiva-cofinanciado-por-el-fondo-europeo-feader-con-la-colaboracion-de-asociacion-de-ganadero-de-raza-caprina-blanca-celtiberica","status":"publish","type":"post","link":"https:\/\/www.caudete.org\/ayuntamiento\/curso-de-fomento-del-pastoreo-en-sistemas-de-produccion-ganaderia-extensiva-cofinanciado-por-el-fondo-europeo-feader-con-la-colaboracion-de-asociacion-de-ganadero-de-raza-caprina-blanca-celtiberica\/","title":{"rendered":"CURSO DE FOMENTO DEL PASTOREO EN SISTEMAS DE PRODUCCI\u00d3N GANADER\u00cdA EXTENSIVA. Cofinanciado por el Fondo Europeo Feader. Con la colaboraci\u00f3n de Asociaci\u00f3n de Ganadero de Raza Caprina Blanca Celtib\u00e9rica (AGRACE) y AGRAMA"},"content":{"rendered":"<h5 style=\"text-align: justify;\">DESTINATARIOS: Profesionales del sector agrario y forestal y personas del medio rural que trabajen o vayan a trabajar en estas actividades especialmente los j\u00f3venes y las mujeres. Personas del mundo rural interesadas en adquirir estos conocimientos.<\/h5>\n<p style=\"text-align: justify;\"><b>OBJETIVOS:<\/b><br \/>\nEl Programa de Desarrollo Rural de Castilla-La Mancha 2014\/2020, incluye la Medida de \u201cAgroamabiente y Clima\u201d, que engloba diversas l\u00edneas. Entre ellas est\u00e1 la Operaci\u00f3n de fomento del pastoreo en sistemas de producci\u00f3n ganadera extensiva.<br \/>\nLas ayudas previstas pretenden apoyar una pr\u00e1ctica ganadera extensiva tradicional ligada al factor suelo como es el aprovechamiento de pastos y rastrojeras mediante pastoreo con ganado de las especies ovina y\/o caprina.<br \/>\nLa ganader\u00eda extensiva es importante para el mantenimiento de la actividad ganadera en amplias zonas de Castilla-La Mancha a la vez que imprescindible para la conservaci\u00f3n de los ecosistemas agrarios y sus recursos. Para ello se pretende promover una gesti\u00f3n racional de los aprovechamientos ganaderos para conseguir el mejor aprovechamiento de rastrojeras y superficies pastables, con el respeto a unas cargas ganaderas m\u00e1ximas y m\u00ednimas adecuadas.<br \/>\nLa Orden de 22 de mayo de 2015 (modificada en 2016) de la Consejer\u00eda de Agricultura establece las bases reguladoras de la concesi\u00f3n de subvenciones por el fomento del pastoreo en sistemas de producci\u00f3n ganadera extensiva. La Resoluci\u00f3n de 06\/02\/2018, de la Direcci\u00f3n General de Desarrollo Rural, realizaba la convocatoria en 2018 para la incorporaci\u00f3n de nuevos ganaderos a la operaci\u00f3n de fomento de pastoreo.<\/p>\n<p><b>DIAS :<\/b><br \/>\nD\u00edas: del 15 al 18 de Julio de 2019<br \/>\nHorario: de 16:00 a 21:00 horas<br \/>\nDuraci\u00f3n: 20 horas<br \/>\nCURSO GRATUITO<\/p>\n<p>Centro de Formaci\u00f3n Agroambiental Ctra. de Ayora Km. 1,5 \u2013 02006 ALBACETE<br \/>\nX5XC+QJ Albacete<br \/>\n<b>Haz clic para ver el mapa de situaci\u00f3n <\/b><br \/>\n<a href=\"https:\/\/goo.gl\/maps\/EfdRBwiwxsB2\" target=\"_blank\" rel=\"noopener noreferrer nofollow\">www.goo.gl\/maps\/EfdRBwiwxsB2<\/a><\/p>\n<p><b>INSCRIPCI\u00d3N:<\/b><br \/>\nPara asistir a este curso hay que contactar con:<br \/>\nJuan Carlos Vilches de Frutos<br \/>\nTel\u00e9fono: 967 55 72 30 o 926277327<br \/>\nemail: <a href=\"mailto:iharo@jccm.es\" target=\"_blank\" rel=\"nofollow\">iharo@jccm.es<\/a>o<br \/>\nemail: <a href=\"mailto:esterm@jccm.es\" target=\"_blank\" rel=\"nofollow\">esterm@jccm.es<\/a><br \/>\naportando sus datos personales (nombre completo, tel\u00e9fono, correo electr\u00f3nico)<\/p>\n<p>Direcci\u00f3n Provincial de Agricultura Medio Ambiente y Desarrollo Rural de Albacete<br \/>\nTfno: 967 55 85 50<br \/>\ne-mail: <a href=\"mailto:jcvilchesd@jccm.es\" target=\"_blank\" rel=\"nofollow\">jcvilchesd@jccm.es<\/a><\/p>\n<p><b>PROGRAMA:<\/b><br \/>\n<b>Lunes 15 de Julio de 2019. 16:00 a 21:00 horas <\/b><br \/>\nJose Carlos Ramirez Fernandez. Veterinario de ADSG. Profesor del CIFP de Aguas Nuevas.<\/p>\n<p>\u2022 Ordenaci\u00f3n del Aprovechamiento de Pastos, Hierbas y Rastrojeras en Castilla La Mancha: antecedentes normativos y regulaci\u00f3n actual.<br \/>\n\u2022 PDR CLM 2014\/20: Operaci\u00f3n de fomento del pastoreo en sistemas de producci\u00f3n ganadera extensiva.<br \/>\n\u2022 Cuaderno de explotaci\u00f3n.<\/p>\n<p><b>Martes 16 de Julio de 2019. 16:00 a 21:00 horas <\/b><br \/>\nRoberto Gallego Soria. Veterinario. Secretario Ejecutivo de AGRAMA<\/p>\n<p>\u2022 Recursos pastables en Castilla-La Mancha.<br \/>\n\u2022 Importancia de la raza para la explotaci\u00f3n en pastoreo: las razas aut\u00f3ctonas como mejor exponte de adaptaci\u00f3n.<br \/>\n\u2022 Perspectivas de futuro: medidas de apoyo, programas de mejora y de calidad diferenciada.<\/p>\n<p><b>Mi\u00e9rcoles 17 de Julio de 2019. 16:00 a 21:00 horas <\/b><br \/>\nFrancisco Duro Serrano. Veterinario de ADSG<\/p>\n<p>\u2022 Fisiolog\u00eda y etolog\u00eda de los peque\u00f1os rumiantes en pastoreo.<br \/>\n\u2022 Bienestar animal en ganader\u00eda ovina\/caprina que sale a pastar.<br \/>\n\u2022 Salud y seguridad laboral en las explotaciones extensivas.<\/p>\n<p><b>Jueves 18 de Julio de 2019. 16:00 a 21:00 horas <\/b><br \/>\nMaria Dolores S\u00e1nchez S\u00e1nchez. Veterinaria. Secretaria T\u00e9cnica Ejecutiva de AGRACE<\/p>\n<p>\u2022 Repercusiones culturales, econ\u00f3micas, ecol\u00f3gicas y sociales de la ganader\u00eda extensiva de ovino y caprino.<br \/>\n\u2022 Ejemplos de caprino extensivo de orientaci\u00f3n c\u00e1rnica.<\/p>\n<p><a href=\"http:\/\/caudete.org\/ayuntamiento\/eniusimg\/enius146\/2019\/06\/adjuntos_fichero_3f3ba57c03cfb0f4.pdf\" class=\"mtli_attachment mtli_pdf\" target=\"_blank\" rel=\"noopener noreferrer nofollow\">CURSO DE FOMENTO DEL PASTOREO EN SISTEMAS DE PRODUCCI\u00d3N GANADER\u00cdA EXTENSIVA <\/a><\/p>\n<p><img fetchpriority=\"high\" decoding=\"async\" class=\"aligncenter size-full wp-image-6873\" src=\"http:\/\/www.caudete.org\/ayuntamiento\/wp-content\/uploads\/2020\/12\/cp1.jpg\" alt=\"\" width=\"800\" height=\"554\" srcset=\"https:\/\/www.caudete.org\/ayuntamiento\/wp-content\/uploads\/2020\/12\/cp1.jpg 800w, https:\/\/www.caudete.org\/ayuntamiento\/wp-content\/uploads\/2020\/12\/cp1-300x208.jpg 300w, https:\/\/www.caudete.org\/ayuntamiento\/wp-content\/uploads\/2020\/12\/cp1-768x532.jpg 768w\" sizes=\"(max-width: 800px) 100vw, 800px\" \/><\/p>\n<p><img decoding=\"async\" class=\"aligncenter size-full wp-image-6875\" src=\"http:\/\/www.caudete.org\/ayuntamiento\/wp-content\/uploads\/2020\/12\/cp2.jpg\" alt=\"\" width=\"800\" height=\"554\" srcset=\"https:\/\/www.caudete.org\/ayuntamiento\/wp-content\/uploads\/2020\/12\/cp2.jpg 800w, https:\/\/www.caudete.org\/ayuntamiento\/wp-content\/uploads\/2020\/12\/cp2-300x208.jpg 300w, https:\/\/www.caudete.org\/ayuntamiento\/wp-content\/uploads\/2020\/12\/cp2-768x532.jpg 768w\" sizes=\"(max-width: 800px) 100vw, 800px\" \/><\/p>\n","protected":false},"excerpt":{"rendered":"<p>DESTINATARIOS: Profesionales del sector agrario y forestal y personas del medio rural que trabajen o vayan a trabajar en estas actividades especialmente los j\u00f3venes y las mujeres. Personas del mundo rural interesadas en adquirir estos conocimientos. OBJETIVOS: El Programa de Desarrollo Rural de Castilla-La Mancha 2014\/2020, incluye la Medida de \u201cAgroamabiente y Clima\u201d, que engloba &hellip;<\/p>\n","protected":false},"author":1,"featured_media":6873,"comment_status":"closed","ping_status":"open","sticky":false,"template":"","format":"standard","meta":{"ngg_post_thumbnail":0,"footnotes":""},"categories":[90],"tags":[],"class_list":["post-6872","post","type-post","status-publish","format-standard","has-post-thumbnail","hentry","category-tablon-informativo-desarrollo-local"],"yoast_head":"<!-- This site is optimized with the Yoast SEO plugin v27.5 - https:\/\/yoast.com\/product\/yoast-seo-wordpress\/ -->\n<title>CURSO DE FOMENTO DEL PASTOREO EN SISTEMAS DE PRODUCCI\u00d3N GANADER\u00cdA EXTENSIVA. Cofinanciado por el Fondo Europeo Feader. Con la colaboraci\u00f3n de Asociaci\u00f3n de Ganadero de Raza Caprina Blanca Celtib\u00e9rica (AGRACE) y AGRAMA - MI Ayuntamiento de Caudete<\/title>\n<meta name=\"description\" content=\"P\u00e1gina Oficial del Ayuntamiento de Caudete (Albacete)\" \/>\n<meta name=\"robots\" content=\"index, follow, max-snippet:-1, max-image-preview:large, max-video-preview:-1\" \/>\n<link rel=\"canonical\" href=\"https:\/\/www.caudete.org\/ayuntamiento\/curso-de-fomento-del-pastoreo-en-sistemas-de-produccion-ganaderia-extensiva-cofinanciado-por-el-fondo-europeo-feader-con-la-colaboracion-de-asociacion-de-ganadero-de-raza-caprina-blanca-celtiberica\/\" \/>\n<meta property=\"og:locale\" content=\"es_ES\" \/>\n<meta property=\"og:type\" content=\"article\" \/>\n<meta property=\"og:title\" content=\"CURSO DE FOMENTO DEL PASTOREO EN SISTEMAS DE PRODUCCI\u00d3N GANADER\u00cdA EXTENSIVA. Cofinanciado por el Fondo Europeo Feader. Con la colaboraci\u00f3n de Asociaci\u00f3n de Ganadero de Raza Caprina Blanca Celtib\u00e9rica (AGRACE) y AGRAMA - MI Ayuntamiento de Caudete\" \/>\n<meta property=\"og:description\" content=\"P\u00e1gina Oficial del Ayuntamiento de Caudete (Albacete)\" \/>\n<meta property=\"og:url\" content=\"https:\/\/www.caudete.org\/ayuntamiento\/curso-de-fomento-del-pastoreo-en-sistemas-de-produccion-ganaderia-extensiva-cofinanciado-por-el-fondo-europeo-feader-con-la-colaboracion-de-asociacion-de-ganadero-de-raza-caprina-blanca-celtiberica\/\" \/>\n<meta property=\"og:site_name\" content=\"MI Ayuntamiento de Caudete\" \/>\n<meta property=\"article:publisher\" content=\"https:\/\/www.facebook.com\/ayuntamientocaudete\/\" \/>\n<meta property=\"article:published_time\" content=\"2019-04-06T10:39:04+00:00\" \/>\n<meta property=\"article:modified_time\" content=\"2020-12-15T12:34:18+00:00\" \/>\n<meta property=\"og:image\" content=\"https:\/\/www.caudete.org\/ayuntamiento\/wp-content\/uploads\/2020\/12\/cp1.jpg\" \/>\n\t<meta property=\"og:image:width\" content=\"800\" \/>\n\t<meta property=\"og:image:height\" content=\"554\" \/>\n\t<meta property=\"og:image:type\" content=\"image\/jpeg\" \/>\n<meta name=\"author\" content=\"ayun\" \/>\n<meta name=\"twitter:card\" content=\"summary_large_image\" \/>\n<meta name=\"twitter:label1\" content=\"Escrito por\" \/>\n\t<meta name=\"twitter:data1\" content=\"ayun\" \/>\n\t<meta name=\"twitter:label2\" content=\"Tiempo de lectura\" \/>\n\t<meta name=\"twitter:data2\" content=\"3 minutos\" \/>\n<script type=\"application\/ld+json\" class=\"yoast-schema-graph\">{\"@context\":\"https:\\\/\\\/schema.org\",\"@graph\":[{\"@type\":\"Article\",\"@id\":\"https:\\\/\\\/www.caudete.org\\\/ayuntamiento\\\/curso-de-fomento-del-pastoreo-en-sistemas-de-produccion-ganaderia-extensiva-cofinanciado-por-el-fondo-europeo-feader-con-la-colaboracion-de-asociacion-de-ganadero-de-raza-caprina-blanca-celtiberica\\\/#article\",\"isPartOf\":{\"@id\":\"https:\\\/\\\/www.caudete.org\\\/ayuntamiento\\\/curso-de-fomento-del-pastoreo-en-sistemas-de-produccion-ganaderia-extensiva-cofinanciado-por-el-fondo-europeo-feader-con-la-colaboracion-de-asociacion-de-ganadero-de-raza-caprina-blanca-celtiberica\\\/\"},\"author\":{\"name\":\"ayun\",\"@id\":\"https:\\\/\\\/www.caudete.org\\\/ayuntamiento\\\/#\\\/schema\\\/person\\\/79f7e19fdd176fc2bc7a289013dc2056\"},\"headline\":\"CURSO DE FOMENTO DEL PASTOREO EN SISTEMAS DE PRODUCCI\u00d3N GANADER\u00cdA EXTENSIVA. Cofinanciado por el Fondo Europeo Feader. Con la colaboraci\u00f3n de Asociaci\u00f3n de Ganadero de Raza Caprina Blanca Celtib\u00e9rica (AGRACE) y AGRAMA\",\"datePublished\":\"2019-04-06T10:39:04+00:00\",\"dateModified\":\"2020-12-15T12:34:18+00:00\",\"mainEntityOfPage\":{\"@id\":\"https:\\\/\\\/www.caudete.org\\\/ayuntamiento\\\/curso-de-fomento-del-pastoreo-en-sistemas-de-produccion-ganaderia-extensiva-cofinanciado-por-el-fondo-europeo-feader-con-la-colaboracion-de-asociacion-de-ganadero-de-raza-caprina-blanca-celtiberica\\\/\"},\"wordCount\":596,\"publisher\":{\"@id\":\"https:\\\/\\\/www.caudete.org\\\/ayuntamiento\\\/#organization\"},\"image\":{\"@id\":\"https:\\\/\\\/www.caudete.org\\\/ayuntamiento\\\/curso-de-fomento-del-pastoreo-en-sistemas-de-produccion-ganaderia-extensiva-cofinanciado-por-el-fondo-europeo-feader-con-la-colaboracion-de-asociacion-de-ganadero-de-raza-caprina-blanca-celtiberica\\\/#primaryimage\"},\"thumbnailUrl\":\"https:\\\/\\\/www.caudete.org\\\/ayuntamiento\\\/wp-content\\\/uploads\\\/2020\\\/12\\\/cp1.jpg\",\"articleSection\":[\"Tabl\u00f3n informativo (Desarrollo local)\"],\"inLanguage\":\"es\"},{\"@type\":\"WebPage\",\"@id\":\"https:\\\/\\\/www.caudete.org\\\/ayuntamiento\\\/curso-de-fomento-del-pastoreo-en-sistemas-de-produccion-ganaderia-extensiva-cofinanciado-por-el-fondo-europeo-feader-con-la-colaboracion-de-asociacion-de-ganadero-de-raza-caprina-blanca-celtiberica\\\/\",\"url\":\"https:\\\/\\\/www.caudete.org\\\/ayuntamiento\\\/curso-de-fomento-del-pastoreo-en-sistemas-de-produccion-ganaderia-extensiva-cofinanciado-por-el-fondo-europeo-feader-con-la-colaboracion-de-asociacion-de-ganadero-de-raza-caprina-blanca-celtiberica\\\/\",\"name\":\"CURSO DE FOMENTO DEL PASTOREO EN SISTEMAS DE PRODUCCI\u00d3N GANADER\u00cdA EXTENSIVA. Cofinanciado por el Fondo Europeo Feader. Con la colaboraci\u00f3n de Asociaci\u00f3n de Ganadero de Raza Caprina Blanca Celtib\u00e9rica (AGRACE) y AGRAMA - MI Ayuntamiento de Caudete\",\"isPartOf\":{\"@id\":\"https:\\\/\\\/www.caudete.org\\\/ayuntamiento\\\/#website\"},\"primaryImageOfPage\":{\"@id\":\"https:\\\/\\\/www.caudete.org\\\/ayuntamiento\\\/curso-de-fomento-del-pastoreo-en-sistemas-de-produccion-ganaderia-extensiva-cofinanciado-por-el-fondo-europeo-feader-con-la-colaboracion-de-asociacion-de-ganadero-de-raza-caprina-blanca-celtiberica\\\/#primaryimage\"},\"image\":{\"@id\":\"https:\\\/\\\/www.caudete.org\\\/ayuntamiento\\\/curso-de-fomento-del-pastoreo-en-sistemas-de-produccion-ganaderia-extensiva-cofinanciado-por-el-fondo-europeo-feader-con-la-colaboracion-de-asociacion-de-ganadero-de-raza-caprina-blanca-celtiberica\\\/#primaryimage\"},\"thumbnailUrl\":\"https:\\\/\\\/www.caudete.org\\\/ayuntamiento\\\/wp-content\\\/uploads\\\/2020\\\/12\\\/cp1.jpg\",\"datePublished\":\"2019-04-06T10:39:04+00:00\",\"dateModified\":\"2020-12-15T12:34:18+00:00\",\"description\":\"P\u00e1gina Oficial del Ayuntamiento de Caudete (Albacete)\",\"breadcrumb\":{\"@id\":\"https:\\\/\\\/www.caudete.org\\\/ayuntamiento\\\/curso-de-fomento-del-pastoreo-en-sistemas-de-produccion-ganaderia-extensiva-cofinanciado-por-el-fondo-europeo-feader-con-la-colaboracion-de-asociacion-de-ganadero-de-raza-caprina-blanca-celtiberica\\\/#breadcrumb\"},\"inLanguage\":\"es\",\"potentialAction\":[{\"@type\":\"ReadAction\",\"target\":[\"https:\\\/\\\/www.caudete.org\\\/ayuntamiento\\\/curso-de-fomento-del-pastoreo-en-sistemas-de-produccion-ganaderia-extensiva-cofinanciado-por-el-fondo-europeo-feader-con-la-colaboracion-de-asociacion-de-ganadero-de-raza-caprina-blanca-celtiberica\\\/\"]}]},{\"@type\":\"ImageObject\",\"inLanguage\":\"es\",\"@id\":\"https:\\\/\\\/www.caudete.org\\\/ayuntamiento\\\/curso-de-fomento-del-pastoreo-en-sistemas-de-produccion-ganaderia-extensiva-cofinanciado-por-el-fondo-europeo-feader-con-la-colaboracion-de-asociacion-de-ganadero-de-raza-caprina-blanca-celtiberica\\\/#primaryimage\",\"url\":\"https:\\\/\\\/www.caudete.org\\\/ayuntamiento\\\/wp-content\\\/uploads\\\/2020\\\/12\\\/cp1.jpg\",\"contentUrl\":\"https:\\\/\\\/www.caudete.org\\\/ayuntamiento\\\/wp-content\\\/uploads\\\/2020\\\/12\\\/cp1.jpg\",\"width\":800,\"height\":554},{\"@type\":\"BreadcrumbList\",\"@id\":\"https:\\\/\\\/www.caudete.org\\\/ayuntamiento\\\/curso-de-fomento-del-pastoreo-en-sistemas-de-produccion-ganaderia-extensiva-cofinanciado-por-el-fondo-europeo-feader-con-la-colaboracion-de-asociacion-de-ganadero-de-raza-caprina-blanca-celtiberica\\\/#breadcrumb\",\"itemListElement\":[{\"@type\":\"ListItem\",\"position\":1,\"name\":\"Inicio\",\"item\":\"https:\\\/\\\/www.caudete.org\\\/ayuntamiento\\\/\"},{\"@type\":\"ListItem\",\"position\":2,\"name\":\"CURSO DE FOMENTO DEL PASTOREO EN SISTEMAS DE PRODUCCI\u00d3N GANADER\u00cdA EXTENSIVA. Cofinanciado por el Fondo Europeo Feader. Con la colaboraci\u00f3n de Asociaci\u00f3n de Ganadero de Raza Caprina Blanca Celtib\u00e9rica (AGRACE) y AGRAMA\"}]},{\"@type\":\"WebSite\",\"@id\":\"https:\\\/\\\/www.caudete.org\\\/ayuntamiento\\\/#website\",\"url\":\"https:\\\/\\\/www.caudete.org\\\/ayuntamiento\\\/\",\"name\":\"MI Ayuntamiento de Caudete\",\"description\":\"P\u00e1gina Oficial del MI Ayuntamiento de Caudete\",\"publisher\":{\"@id\":\"https:\\\/\\\/www.caudete.org\\\/ayuntamiento\\\/#organization\"},\"potentialAction\":[{\"@type\":\"SearchAction\",\"target\":{\"@type\":\"EntryPoint\",\"urlTemplate\":\"https:\\\/\\\/www.caudete.org\\\/ayuntamiento\\\/?s={search_term_string}\"},\"query-input\":{\"@type\":\"PropertyValueSpecification\",\"valueRequired\":true,\"valueName\":\"search_term_string\"}}],\"inLanguage\":\"es\"},{\"@type\":\"Organization\",\"@id\":\"https:\\\/\\\/www.caudete.org\\\/ayuntamiento\\\/#organization\",\"name\":\"Ayuntamiento de Caudete\",\"url\":\"https:\\\/\\\/www.caudete.org\\\/ayuntamiento\\\/\",\"logo\":{\"@type\":\"ImageObject\",\"inLanguage\":\"es\",\"@id\":\"https:\\\/\\\/www.caudete.org\\\/ayuntamiento\\\/#\\\/schema\\\/logo\\\/image\\\/\",\"url\":\"https:\\\/\\\/www.caudete.org\\\/ayuntamiento\\\/wp-content\\\/uploads\\\/2020\\\/11\\\/logo_ayuntamiento_caudete.jpg\",\"contentUrl\":\"https:\\\/\\\/www.caudete.org\\\/ayuntamiento\\\/wp-content\\\/uploads\\\/2020\\\/11\\\/logo_ayuntamiento_caudete.jpg\",\"width\":600,\"height\":150,\"caption\":\"Ayuntamiento de Caudete\"},\"image\":{\"@id\":\"https:\\\/\\\/www.caudete.org\\\/ayuntamiento\\\/#\\\/schema\\\/logo\\\/image\\\/\"},\"sameAs\":[\"https:\\\/\\\/www.facebook.com\\\/ayuntamientocaudete\\\/\",\"https:\\\/\\\/www.youtube.com\\\/channel\\\/UC6VztHaooNsGpw-tNoBEFnQ\"]},{\"@type\":\"Person\",\"@id\":\"https:\\\/\\\/www.caudete.org\\\/ayuntamiento\\\/#\\\/schema\\\/person\\\/79f7e19fdd176fc2bc7a289013dc2056\",\"name\":\"ayun\",\"image\":{\"@type\":\"ImageObject\",\"inLanguage\":\"es\",\"@id\":\"https:\\\/\\\/secure.gravatar.com\\\/avatar\\\/4ce797ee07c943e7e592f8cd648e503e6cd571387558ed07135799c2bd2847df?s=96&d=mm&r=g\",\"url\":\"https:\\\/\\\/secure.gravatar.com\\\/avatar\\\/4ce797ee07c943e7e592f8cd648e503e6cd571387558ed07135799c2bd2847df?s=96&d=mm&r=g\",\"contentUrl\":\"https:\\\/\\\/secure.gravatar.com\\\/avatar\\\/4ce797ee07c943e7e592f8cd648e503e6cd571387558ed07135799c2bd2847df?s=96&d=mm&r=g\",\"caption\":\"ayun\"},\"sameAs\":[\"http:\\\/\\\/www.caudete.org\\\/ayuntamiento\"],\"url\":\"https:\\\/\\\/www.caudete.org\\\/ayuntamiento\\\/author\\\/ayun\\\/\"}]}<\/script>\n<!-- \/ Yoast SEO plugin. -->","yoast_head_json":{"title":"CURSO DE FOMENTO DEL PASTOREO EN SISTEMAS DE PRODUCCI\u00d3N GANADER\u00cdA EXTENSIVA. Cofinanciado por el Fondo Europeo Feader. Con la colaboraci\u00f3n de Asociaci\u00f3n de Ganadero de Raza Caprina Blanca Celtib\u00e9rica (AGRACE) y AGRAMA - MI Ayuntamiento de Caudete","description":"P\u00e1gina Oficial del Ayuntamiento de Caudete (Albacete)","robots":{"index":"index","follow":"follow","max-snippet":"max-snippet:-1","max-image-preview":"max-image-preview:large","max-video-preview":"max-video-preview:-1"},"canonical":"https:\/\/www.caudete.org\/ayuntamiento\/curso-de-fomento-del-pastoreo-en-sistemas-de-produccion-ganaderia-extensiva-cofinanciado-por-el-fondo-europeo-feader-con-la-colaboracion-de-asociacion-de-ganadero-de-raza-caprina-blanca-celtiberica\/","og_locale":"es_ES","og_type":"article","og_title":"CURSO DE FOMENTO DEL PASTOREO EN SISTEMAS DE PRODUCCI\u00d3N GANADER\u00cdA EXTENSIVA. Cofinanciado por el Fondo Europeo Feader. Con la colaboraci\u00f3n de Asociaci\u00f3n de Ganadero de Raza Caprina Blanca Celtib\u00e9rica (AGRACE) y AGRAMA - MI Ayuntamiento de Caudete","og_description":"P\u00e1gina Oficial del Ayuntamiento de Caudete (Albacete)","og_url":"https:\/\/www.caudete.org\/ayuntamiento\/curso-de-fomento-del-pastoreo-en-sistemas-de-produccion-ganaderia-extensiva-cofinanciado-por-el-fondo-europeo-feader-con-la-colaboracion-de-asociacion-de-ganadero-de-raza-caprina-blanca-celtiberica\/","og_site_name":"MI Ayuntamiento de Caudete","article_publisher":"https:\/\/www.facebook.com\/ayuntamientocaudete\/","article_published_time":"2019-04-06T10:39:04+00:00","article_modified_time":"2020-12-15T12:34:18+00:00","og_image":[{"width":800,"height":554,"url":"https:\/\/www.caudete.org\/ayuntamiento\/wp-content\/uploads\/2020\/12\/cp1.jpg","type":"image\/jpeg"}],"author":"ayun","twitter_card":"summary_large_image","twitter_misc":{"Escrito por":"ayun","Tiempo de lectura":"3 minutos"},"schema":{"@context":"https:\/\/schema.org","@graph":[{"@type":"Article","@id":"https:\/\/www.caudete.org\/ayuntamiento\/curso-de-fomento-del-pastoreo-en-sistemas-de-produccion-ganaderia-extensiva-cofinanciado-por-el-fondo-europeo-feader-con-la-colaboracion-de-asociacion-de-ganadero-de-raza-caprina-blanca-celtiberica\/#article","isPartOf":{"@id":"https:\/\/www.caudete.org\/ayuntamiento\/curso-de-fomento-del-pastoreo-en-sistemas-de-produccion-ganaderia-extensiva-cofinanciado-por-el-fondo-europeo-feader-con-la-colaboracion-de-asociacion-de-ganadero-de-raza-caprina-blanca-celtiberica\/"},"author":{"name":"ayun","@id":"https:\/\/www.caudete.org\/ayuntamiento\/#\/schema\/person\/79f7e19fdd176fc2bc7a289013dc2056"},"headline":"CURSO DE FOMENTO DEL PASTOREO EN SISTEMAS DE PRODUCCI\u00d3N GANADER\u00cdA EXTENSIVA. Cofinanciado por el Fondo Europeo Feader. Con la colaboraci\u00f3n de Asociaci\u00f3n de Ganadero de Raza Caprina Blanca Celtib\u00e9rica (AGRACE) y AGRAMA","datePublished":"2019-04-06T10:39:04+00:00","dateModified":"2020-12-15T12:34:18+00:00","mainEntityOfPage":{"@id":"https:\/\/www.caudete.org\/ayuntamiento\/curso-de-fomento-del-pastoreo-en-sistemas-de-produccion-ganaderia-extensiva-cofinanciado-por-el-fondo-europeo-feader-con-la-colaboracion-de-asociacion-de-ganadero-de-raza-caprina-blanca-celtiberica\/"},"wordCount":596,"publisher":{"@id":"https:\/\/www.caudete.org\/ayuntamiento\/#organization"},"image":{"@id":"https:\/\/www.caudete.org\/ayuntamiento\/curso-de-fomento-del-pastoreo-en-sistemas-de-produccion-ganaderia-extensiva-cofinanciado-por-el-fondo-europeo-feader-con-la-colaboracion-de-asociacion-de-ganadero-de-raza-caprina-blanca-celtiberica\/#primaryimage"},"thumbnailUrl":"https:\/\/www.caudete.org\/ayuntamiento\/wp-content\/uploads\/2020\/12\/cp1.jpg","articleSection":["Tabl\u00f3n informativo (Desarrollo local)"],"inLanguage":"es"},{"@type":"WebPage","@id":"https:\/\/www.caudete.org\/ayuntamiento\/curso-de-fomento-del-pastoreo-en-sistemas-de-produccion-ganaderia-extensiva-cofinanciado-por-el-fondo-europeo-feader-con-la-colaboracion-de-asociacion-de-ganadero-de-raza-caprina-blanca-celtiberica\/","url":"https:\/\/www.caudete.org\/ayuntamiento\/curso-de-fomento-del-pastoreo-en-sistemas-de-produccion-ganaderia-extensiva-cofinanciado-por-el-fondo-europeo-feader-con-la-colaboracion-de-asociacion-de-ganadero-de-raza-caprina-blanca-celtiberica\/","name":"CURSO DE FOMENTO DEL PASTOREO EN SISTEMAS DE PRODUCCI\u00d3N GANADER\u00cdA EXTENSIVA. Cofinanciado por el Fondo Europeo Feader. Con la colaboraci\u00f3n de Asociaci\u00f3n de Ganadero de Raza Caprina Blanca Celtib\u00e9rica (AGRACE) y AGRAMA - MI Ayuntamiento de Caudete","isPartOf":{"@id":"https:\/\/www.caudete.org\/ayuntamiento\/#website"},"primaryImageOfPage":{"@id":"https:\/\/www.caudete.org\/ayuntamiento\/curso-de-fomento-del-pastoreo-en-sistemas-de-produccion-ganaderia-extensiva-cofinanciado-por-el-fondo-europeo-feader-con-la-colaboracion-de-asociacion-de-ganadero-de-raza-caprina-blanca-celtiberica\/#primaryimage"},"image":{"@id":"https:\/\/www.caudete.org\/ayuntamiento\/curso-de-fomento-del-pastoreo-en-sistemas-de-produccion-ganaderia-extensiva-cofinanciado-por-el-fondo-europeo-feader-con-la-colaboracion-de-asociacion-de-ganadero-de-raza-caprina-blanca-celtiberica\/#primaryimage"},"thumbnailUrl":"https:\/\/www.caudete.org\/ayuntamiento\/wp-content\/uploads\/2020\/12\/cp1.jpg","datePublished":"2019-04-06T10:39:04+00:00","dateModified":"2020-12-15T12:34:18+00:00","description":"P\u00e1gina Oficial del Ayuntamiento de Caudete (Albacete)","breadcrumb":{"@id":"https:\/\/www.caudete.org\/ayuntamiento\/curso-de-fomento-del-pastoreo-en-sistemas-de-produccion-ganaderia-extensiva-cofinanciado-por-el-fondo-europeo-feader-con-la-colaboracion-de-asociacion-de-ganadero-de-raza-caprina-blanca-celtiberica\/#breadcrumb"},"inLanguage":"es","potentialAction":[{"@type":"ReadAction","target":["https:\/\/www.caudete.org\/ayuntamiento\/curso-de-fomento-del-pastoreo-en-sistemas-de-produccion-ganaderia-extensiva-cofinanciado-por-el-fondo-europeo-feader-con-la-colaboracion-de-asociacion-de-ganadero-de-raza-caprina-blanca-celtiberica\/"]}]},{"@type":"ImageObject","inLanguage":"es","@id":"https:\/\/www.caudete.org\/ayuntamiento\/curso-de-fomento-del-pastoreo-en-sistemas-de-produccion-ganaderia-extensiva-cofinanciado-por-el-fondo-europeo-feader-con-la-colaboracion-de-asociacion-de-ganadero-de-raza-caprina-blanca-celtiberica\/#primaryimage","url":"https:\/\/www.caudete.org\/ayuntamiento\/wp-content\/uploads\/2020\/12\/cp1.jpg","contentUrl":"https:\/\/www.caudete.org\/ayuntamiento\/wp-content\/uploads\/2020\/12\/cp1.jpg","width":800,"height":554},{"@type":"BreadcrumbList","@id":"https:\/\/www.caudete.org\/ayuntamiento\/curso-de-fomento-del-pastoreo-en-sistemas-de-produccion-ganaderia-extensiva-cofinanciado-por-el-fondo-europeo-feader-con-la-colaboracion-de-asociacion-de-ganadero-de-raza-caprina-blanca-celtiberica\/#breadcrumb","itemListElement":[{"@type":"ListItem","position":1,"name":"Inicio","item":"https:\/\/www.caudete.org\/ayuntamiento\/"},{"@type":"ListItem","position":2,"name":"CURSO DE FOMENTO DEL PASTOREO EN SISTEMAS DE PRODUCCI\u00d3N GANADER\u00cdA EXTENSIVA. Cofinanciado por el Fondo Europeo Feader. Con la colaboraci\u00f3n de Asociaci\u00f3n de Ganadero de Raza Caprina Blanca Celtib\u00e9rica (AGRACE) y AGRAMA"}]},{"@type":"WebSite","@id":"https:\/\/www.caudete.org\/ayuntamiento\/#website","url":"https:\/\/www.caudete.org\/ayuntamiento\/","name":"MI Ayuntamiento de Caudete","description":"P\u00e1gina Oficial del MI Ayuntamiento de Caudete","publisher":{"@id":"https:\/\/www.caudete.org\/ayuntamiento\/#organization"},"potentialAction":[{"@type":"SearchAction","target":{"@type":"EntryPoint","urlTemplate":"https:\/\/www.caudete.org\/ayuntamiento\/?s={search_term_string}"},"query-input":{"@type":"PropertyValueSpecification","valueRequired":true,"valueName":"search_term_string"}}],"inLanguage":"es"},{"@type":"Organization","@id":"https:\/\/www.caudete.org\/ayuntamiento\/#organization","name":"Ayuntamiento de Caudete","url":"https:\/\/www.caudete.org\/ayuntamiento\/","logo":{"@type":"ImageObject","inLanguage":"es","@id":"https:\/\/www.caudete.org\/ayuntamiento\/#\/schema\/logo\/image\/","url":"https:\/\/www.caudete.org\/ayuntamiento\/wp-content\/uploads\/2020\/11\/logo_ayuntamiento_caudete.jpg","contentUrl":"https:\/\/www.caudete.org\/ayuntamiento\/wp-content\/uploads\/2020\/11\/logo_ayuntamiento_caudete.jpg","width":600,"height":150,"caption":"Ayuntamiento de Caudete"},"image":{"@id":"https:\/\/www.caudete.org\/ayuntamiento\/#\/schema\/logo\/image\/"},"sameAs":["https:\/\/www.facebook.com\/ayuntamientocaudete\/","https:\/\/www.youtube.com\/channel\/UC6VztHaooNsGpw-tNoBEFnQ"]},{"@type":"Person","@id":"https:\/\/www.caudete.org\/ayuntamiento\/#\/schema\/person\/79f7e19fdd176fc2bc7a289013dc2056","name":"ayun","image":{"@type":"ImageObject","inLanguage":"es","@id":"https:\/\/secure.gravatar.com\/avatar\/4ce797ee07c943e7e592f8cd648e503e6cd571387558ed07135799c2bd2847df?s=96&d=mm&r=g","url":"https:\/\/secure.gravatar.com\/avatar\/4ce797ee07c943e7e592f8cd648e503e6cd571387558ed07135799c2bd2847df?s=96&d=mm&r=g","contentUrl":"https:\/\/secure.gravatar.com\/avatar\/4ce797ee07c943e7e592f8cd648e503e6cd571387558ed07135799c2bd2847df?s=96&d=mm&r=g","caption":"ayun"},"sameAs":["http:\/\/www.caudete.org\/ayuntamiento"],"url":"https:\/\/www.caudete.org\/ayuntamiento\/author\/ayun\/"}]}},"_links":{"self":[{"href":"https:\/\/www.caudete.org\/ayuntamiento\/wp-json\/wp\/v2\/posts\/6872","targetHints":{"allow":["GET"]}}],"collection":[{"href":"https:\/\/www.caudete.org\/ayuntamiento\/wp-json\/wp\/v2\/posts"}],"about":[{"href":"https:\/\/www.caudete.org\/ayuntamiento\/wp-json\/wp\/v2\/types\/post"}],"author":[{"embeddable":true,"href":"https:\/\/www.caudete.org\/ayuntamiento\/wp-json\/wp\/v2\/users\/1"}],"replies":[{"embeddable":true,"href":"https:\/\/www.caudete.org\/ayuntamiento\/wp-json\/wp\/v2\/comments?post=6872"}],"version-history":[{"count":2,"href":"https:\/\/www.caudete.org\/ayuntamiento\/wp-json\/wp\/v2\/posts\/6872\/revisions"}],"predecessor-version":[{"id":9708,"href":"https:\/\/www.caudete.org\/ayuntamiento\/wp-json\/wp\/v2\/posts\/6872\/revisions\/9708"}],"wp:featuredmedia":[{"embeddable":true,"href":"https:\/\/www.caudete.org\/ayuntamiento\/wp-json\/wp\/v2\/media\/6873"}],"wp:attachment":[{"href":"https:\/\/www.caudete.org\/ayuntamiento\/wp-json\/wp\/v2\/media?parent=6872"}],"wp:term":[{"taxonomy":"category","embeddable":true,"href":"https:\/\/www.caudete.org\/ayuntamiento\/wp-json\/wp\/v2\/categories?post=6872"},{"taxonomy":"post_tag","embeddable":true,"href":"https:\/\/www.caudete.org\/ayuntamiento\/wp-json\/wp\/v2\/tags?post=6872"}],"curies":[{"name":"wp","href":"https:\/\/api.w.org\/{rel}","templated":true}]}}