{"id":6885,"date":"2019-04-06T12:47:43","date_gmt":"2019-04-06T10:47:43","guid":{"rendered":"http:\/\/www.caudete.org\/ayuntamiento\/?p=6885"},"modified":"2020-12-15T13:32:20","modified_gmt":"2020-12-15T12:32:20","slug":"la-fundacion-laboral-de-la-construccion-ayuda-a-los-jovenes-de-castilla-la-mancha-a-incorporarse-al-mercado-laboral-con-la-campana-hoy","status":"publish","type":"post","link":"https:\/\/www.caudete.org\/ayuntamiento\/la-fundacion-laboral-de-la-construccion-ayuda-a-los-jovenes-de-castilla-la-mancha-a-incorporarse-al-mercado-laboral-con-la-campana-hoy\/","title":{"rendered":"LA FUNDACI\u00d3N LABORAL DE LA CONSTRUCCI\u00d3N AYUDA A LOS J\u00d3VENES DE CASTILLA-LA MANCHA A INCORPORARSE AL MERCADO LABORAL CON LA CAMPA\u00d1A \u201cHOY\u201d"},"content":{"rendered":"<h5 style=\"text-align: justify;\">La entidad paritaria pone en marcha esta semana un ambicioso programa de empleo juvenil, financiado por la Junta, que incluir\u00e1 asesoramiento laboral individualizado, orientaci\u00f3n profesional, talleres de empleo y formaci\u00f3n personalizada, especialmente dirigida a las nuevas tecnolog\u00edas<\/h5>\n<p style=\"text-align: justify;\">Los&nbsp;<a href=\"https:\/\/castillalamancha.fundacionlaboral.org\/formacion\/centros\" target=\"_blank\" rel=\"noopener noreferrer nofollow\"><em>Centros de Formaci\u00f3n de la Fundaci\u00f3n Laboral<\/em><\/a>&nbsp;de la Construcci\u00f3n de Castilla-La Mancha no cierran por vacaciones. Las instalaciones de la entidad paritaria permanecer\u00e1n abiertas para recibir a cualquier joven, menor de 30 a\u00f1os, que quiera participar en la&nbsp;<a href=\"http:\/\/microsites.fundacionlaboral.org\/hoy-orientacion-laboral-jovenes?utm_source=bd180719&amp;utm_medium=noticia&amp;utm_campaign=hoy-cm-julio19\" target=\"_blank\" rel=\"noopener noreferrer nofollow\"><em>campa\u00f1a \u2018HOY\u2019<\/em><\/a>, un&nbsp;<strong>Programa de Orientaci\u00f3n Laboral<\/strong>&nbsp;que tiene como objetivo favorecer la inserci\u00f3n en el mercado de trabajo de los inscritos en el Sistema Nacional de Garant\u00eda Juvenil.<\/p>\n<p style=\"text-align: justify;\">Durante los meses de julio y agosto, los j\u00f3venes castellano-manchegos podr\u00e1n acudir a los Centros de Albacete, Cuenca, Guadalajara, Puertollano y Toledo para participar en el programa financiado por la Junta de Castilla-La Mancha y el Fondo Social Europeo&nbsp;que se enmarca bajo la&nbsp;<a href=\"http:\/\/microsites.fundacionlaboral.org\/hoy-orientacion-laboral-jovenes?utm_source=bd180719&amp;utm_medium=noticia&amp;utm_campaign=hoy-cm-julio19\" target=\"_blank\" rel=\"noopener noreferrer nofollow\"><em>campa\u00f1a \u2018HOY\u2019<\/em><\/a>&nbsp;y que invita a responder a la pregunta \u2018\u00bfSabes a d\u00f3nde quieres llegar, pero no sabes c\u00f3mo?\u2019.<\/p>\n<p style=\"text-align: justify;\">Esta ambiciosa iniciativa pretende fomentar las capacidades, habilidades y actitudes de los&nbsp;<a href=\"http:\/\/microsites.fundacionlaboral.org\/hoy-orientacion-laboral-jovenes?pag=3&amp;idioma=0\" target=\"_blank\" rel=\"noopener noreferrer nofollow\"><em>participantes<\/em><\/a>&nbsp;para conseguir futuros profesionales, adaptados a las demandas y competencias que precisa el mercado de trabajo de la regi\u00f3n. Desde la entidad paritaria&nbsp;se proporcionar\u00e1n las herramientas necesarias para establecer sinergias entre los j\u00f3venes y el tejido empresarial con el fin de incorporarse al mercado laboral.<\/p>\n<p style=\"text-align: justify;\"><strong>Talleres de empleo y formaciones gratuitas<\/strong><\/p>\n<p style=\"text-align: justify;\">Los participantes aprender\u00e1n a utilizar su CV para conseguir sus objetivos profesionales, conocer\u00e1n las mejores herramientas para potenciar su b\u00fasqueda de trabajo, aprender\u00e1n las claves para ser el candidato seleccionado en una entrevista de trabajo o descubrir\u00e1n cu\u00e1les son las habilidades que buscan las empresas. Todo ello, de la mano de un equipo multidisciplinar de expertos en empleo y formaci\u00f3n.<\/p>\n<p style=\"text-align: justify;\">&nbsp;<\/p>\n<p style=\"text-align: justify;\">En un primer momento, los j\u00f3venes recibir\u00e1n sesiones personalizadas para diagnosticar la situaci\u00f3n de partida y establecer un itinerario personalizado de incorporaci\u00f3n laboral que podr\u00e1 incluir acciones de formaci\u00f3n profesional para el empleo, enfocadas en la obtenci\u00f3n de certificados de profesionalidad de \u00e1reas de importante demanda de empleo, o acciones formativas relacionadas con metodolog\u00eda BIM.<\/p>\n<p style=\"text-align: justify;\">&nbsp;Asimismo, el programa incluye un acompa\u00f1amiento individualizado socioeducativo constante, acciones colaborativas grupales de networking, talleres de empleo, visitas a empresas, coaching para el emprendimiento y la creaci\u00f3n de empresas, etc.<\/p>\n<p style=\"text-align: justify;\"><strong>Fuente:&nbsp; <a href=\"https:\/\/www.fundacionlaboral.org\/actualidad\/noticias\/preview\/campana-hoy-jovenes-orientacion-laboral-castilla-lamancha\" target=\"_blank\" rel=\"noopener noreferrer nofollow\">FUNDACI\u00d3N LABORAL DE LA CONSTRUCCI\u00d3N<\/a><\/strong><\/p>\n<p><img fetchpriority=\"high\" decoding=\"async\" class=\"aligncenter size-full wp-image-6886\" src=\"http:\/\/www.caudete.org\/ayuntamiento\/wp-content\/uploads\/2020\/12\/polj.jpg\" alt=\"\" width=\"800\" height=\"476\" srcset=\"https:\/\/www.caudete.org\/ayuntamiento\/wp-content\/uploads\/2020\/12\/polj.jpg 800w, https:\/\/www.caudete.org\/ayuntamiento\/wp-content\/uploads\/2020\/12\/polj-300x179.jpg 300w, https:\/\/www.caudete.org\/ayuntamiento\/wp-content\/uploads\/2020\/12\/polj-768x457.jpg 768w\" sizes=\"(max-width: 800px) 100vw, 800px\" \/><\/p>\n","protected":false},"excerpt":{"rendered":"<p>La entidad paritaria pone en marcha esta semana un ambicioso programa de empleo juvenil, financiado por la Junta, que incluir\u00e1 asesoramiento laboral individualizado, orientaci\u00f3n profesional, talleres de empleo y formaci\u00f3n personalizada, especialmente dirigida a las nuevas tecnolog\u00edas Los&nbsp;Centros de Formaci\u00f3n de la Fundaci\u00f3n Laboral&nbsp;de la Construcci\u00f3n de Castilla-La Mancha no cierran por vacaciones. Las instalaciones &hellip;<\/p>\n","protected":false},"author":1,"featured_media":6886,"comment_status":"closed","ping_status":"open","sticky":false,"template":"","format":"standard","meta":{"ngg_post_thumbnail":0,"footnotes":""},"categories":[90],"tags":[],"class_list":["post-6885","post","type-post","status-publish","format-standard","has-post-thumbnail","hentry","category-tablon-informativo-desarrollo-local"],"yoast_head":"<!-- This site is optimized with the Yoast SEO plugin v27.5 - https:\/\/yoast.com\/product\/yoast-seo-wordpress\/ -->\n<title>LA FUNDACI\u00d3N LABORAL DE LA CONSTRUCCI\u00d3N AYUDA A LOS J\u00d3VENES DE CASTILLA-LA MANCHA A INCORPORARSE AL MERCADO LABORAL CON LA CAMPA\u00d1A \u201cHOY\u201d - MI Ayuntamiento de Caudete<\/title>\n<meta name=\"description\" content=\"P\u00e1gina Oficial del Ayuntamiento de Caudete (Albacete)\" \/>\n<meta name=\"robots\" content=\"index, follow, max-snippet:-1, max-image-preview:large, max-video-preview:-1\" \/>\n<link rel=\"canonical\" href=\"https:\/\/www.caudete.org\/ayuntamiento\/la-fundacion-laboral-de-la-construccion-ayuda-a-los-jovenes-de-castilla-la-mancha-a-incorporarse-al-mercado-laboral-con-la-campana-hoy\/\" \/>\n<meta property=\"og:locale\" content=\"es_ES\" \/>\n<meta property=\"og:type\" content=\"article\" \/>\n<meta property=\"og:title\" content=\"LA FUNDACI\u00d3N LABORAL DE LA CONSTRUCCI\u00d3N AYUDA A LOS J\u00d3VENES DE CASTILLA-LA MANCHA A INCORPORARSE AL MERCADO LABORAL CON LA CAMPA\u00d1A \u201cHOY\u201d - MI Ayuntamiento de Caudete\" \/>\n<meta property=\"og:description\" content=\"P\u00e1gina Oficial del Ayuntamiento de Caudete (Albacete)\" \/>\n<meta property=\"og:url\" content=\"https:\/\/www.caudete.org\/ayuntamiento\/la-fundacion-laboral-de-la-construccion-ayuda-a-los-jovenes-de-castilla-la-mancha-a-incorporarse-al-mercado-laboral-con-la-campana-hoy\/\" \/>\n<meta property=\"og:site_name\" content=\"MI Ayuntamiento de Caudete\" \/>\n<meta property=\"article:publisher\" content=\"https:\/\/www.facebook.com\/ayuntamientocaudete\/\" \/>\n<meta property=\"article:published_time\" content=\"2019-04-06T10:47:43+00:00\" \/>\n<meta property=\"article:modified_time\" content=\"2020-12-15T12:32:20+00:00\" \/>\n<meta property=\"og:image\" content=\"https:\/\/www.caudete.org\/ayuntamiento\/wp-content\/uploads\/2020\/12\/polj.jpg\" \/>\n\t<meta property=\"og:image:width\" content=\"800\" \/>\n\t<meta property=\"og:image:height\" content=\"476\" \/>\n\t<meta property=\"og:image:type\" content=\"image\/jpeg\" \/>\n<meta name=\"author\" content=\"ayun\" \/>\n<meta name=\"twitter:card\" content=\"summary_large_image\" \/>\n<meta name=\"twitter:label1\" content=\"Escrito por\" \/>\n\t<meta name=\"twitter:data1\" content=\"ayun\" \/>\n\t<meta name=\"twitter:label2\" content=\"Tiempo de lectura\" \/>\n\t<meta name=\"twitter:data2\" content=\"2 minutos\" \/>\n<script type=\"application\/ld+json\" class=\"yoast-schema-graph\">{\"@context\":\"https:\\\/\\\/schema.org\",\"@graph\":[{\"@type\":\"Article\",\"@id\":\"https:\\\/\\\/www.caudete.org\\\/ayuntamiento\\\/la-fundacion-laboral-de-la-construccion-ayuda-a-los-jovenes-de-castilla-la-mancha-a-incorporarse-al-mercado-laboral-con-la-campana-hoy\\\/#article\",\"isPartOf\":{\"@id\":\"https:\\\/\\\/www.caudete.org\\\/ayuntamiento\\\/la-fundacion-laboral-de-la-construccion-ayuda-a-los-jovenes-de-castilla-la-mancha-a-incorporarse-al-mercado-laboral-con-la-campana-hoy\\\/\"},\"author\":{\"name\":\"ayun\",\"@id\":\"https:\\\/\\\/www.caudete.org\\\/ayuntamiento\\\/#\\\/schema\\\/person\\\/79f7e19fdd176fc2bc7a289013dc2056\"},\"headline\":\"LA FUNDACI\u00d3N LABORAL DE LA CONSTRUCCI\u00d3N AYUDA A LOS J\u00d3VENES DE CASTILLA-LA MANCHA A INCORPORARSE AL MERCADO LABORAL CON LA CAMPA\u00d1A \u201cHOY\u201d\",\"datePublished\":\"2019-04-06T10:47:43+00:00\",\"dateModified\":\"2020-12-15T12:32:20+00:00\",\"mainEntityOfPage\":{\"@id\":\"https:\\\/\\\/www.caudete.org\\\/ayuntamiento\\\/la-fundacion-laboral-de-la-construccion-ayuda-a-los-jovenes-de-castilla-la-mancha-a-incorporarse-al-mercado-laboral-con-la-campana-hoy\\\/\"},\"wordCount\":462,\"publisher\":{\"@id\":\"https:\\\/\\\/www.caudete.org\\\/ayuntamiento\\\/#organization\"},\"image\":{\"@id\":\"https:\\\/\\\/www.caudete.org\\\/ayuntamiento\\\/la-fundacion-laboral-de-la-construccion-ayuda-a-los-jovenes-de-castilla-la-mancha-a-incorporarse-al-mercado-laboral-con-la-campana-hoy\\\/#primaryimage\"},\"thumbnailUrl\":\"https:\\\/\\\/www.caudete.org\\\/ayuntamiento\\\/wp-content\\\/uploads\\\/2020\\\/12\\\/polj.jpg\",\"articleSection\":[\"Tabl\u00f3n informativo (Desarrollo local)\"],\"inLanguage\":\"es\"},{\"@type\":\"WebPage\",\"@id\":\"https:\\\/\\\/www.caudete.org\\\/ayuntamiento\\\/la-fundacion-laboral-de-la-construccion-ayuda-a-los-jovenes-de-castilla-la-mancha-a-incorporarse-al-mercado-laboral-con-la-campana-hoy\\\/\",\"url\":\"https:\\\/\\\/www.caudete.org\\\/ayuntamiento\\\/la-fundacion-laboral-de-la-construccion-ayuda-a-los-jovenes-de-castilla-la-mancha-a-incorporarse-al-mercado-laboral-con-la-campana-hoy\\\/\",\"name\":\"LA FUNDACI\u00d3N LABORAL DE LA CONSTRUCCI\u00d3N AYUDA A LOS J\u00d3VENES DE CASTILLA-LA MANCHA A INCORPORARSE AL MERCADO LABORAL CON LA CAMPA\u00d1A \u201cHOY\u201d - MI Ayuntamiento de Caudete\",\"isPartOf\":{\"@id\":\"https:\\\/\\\/www.caudete.org\\\/ayuntamiento\\\/#website\"},\"primaryImageOfPage\":{\"@id\":\"https:\\\/\\\/www.caudete.org\\\/ayuntamiento\\\/la-fundacion-laboral-de-la-construccion-ayuda-a-los-jovenes-de-castilla-la-mancha-a-incorporarse-al-mercado-laboral-con-la-campana-hoy\\\/#primaryimage\"},\"image\":{\"@id\":\"https:\\\/\\\/www.caudete.org\\\/ayuntamiento\\\/la-fundacion-laboral-de-la-construccion-ayuda-a-los-jovenes-de-castilla-la-mancha-a-incorporarse-al-mercado-laboral-con-la-campana-hoy\\\/#primaryimage\"},\"thumbnailUrl\":\"https:\\\/\\\/www.caudete.org\\\/ayuntamiento\\\/wp-content\\\/uploads\\\/2020\\\/12\\\/polj.jpg\",\"datePublished\":\"2019-04-06T10:47:43+00:00\",\"dateModified\":\"2020-12-15T12:32:20+00:00\",\"description\":\"P\u00e1gina Oficial del Ayuntamiento de Caudete (Albacete)\",\"breadcrumb\":{\"@id\":\"https:\\\/\\\/www.caudete.org\\\/ayuntamiento\\\/la-fundacion-laboral-de-la-construccion-ayuda-a-los-jovenes-de-castilla-la-mancha-a-incorporarse-al-mercado-laboral-con-la-campana-hoy\\\/#breadcrumb\"},\"inLanguage\":\"es\",\"potentialAction\":[{\"@type\":\"ReadAction\",\"target\":[\"https:\\\/\\\/www.caudete.org\\\/ayuntamiento\\\/la-fundacion-laboral-de-la-construccion-ayuda-a-los-jovenes-de-castilla-la-mancha-a-incorporarse-al-mercado-laboral-con-la-campana-hoy\\\/\"]}]},{\"@type\":\"ImageObject\",\"inLanguage\":\"es\",\"@id\":\"https:\\\/\\\/www.caudete.org\\\/ayuntamiento\\\/la-fundacion-laboral-de-la-construccion-ayuda-a-los-jovenes-de-castilla-la-mancha-a-incorporarse-al-mercado-laboral-con-la-campana-hoy\\\/#primaryimage\",\"url\":\"https:\\\/\\\/www.caudete.org\\\/ayuntamiento\\\/wp-content\\\/uploads\\\/2020\\\/12\\\/polj.jpg\",\"contentUrl\":\"https:\\\/\\\/www.caudete.org\\\/ayuntamiento\\\/wp-content\\\/uploads\\\/2020\\\/12\\\/polj.jpg\",\"width\":800,\"height\":476},{\"@type\":\"BreadcrumbList\",\"@id\":\"https:\\\/\\\/www.caudete.org\\\/ayuntamiento\\\/la-fundacion-laboral-de-la-construccion-ayuda-a-los-jovenes-de-castilla-la-mancha-a-incorporarse-al-mercado-laboral-con-la-campana-hoy\\\/#breadcrumb\",\"itemListElement\":[{\"@type\":\"ListItem\",\"position\":1,\"name\":\"Inicio\",\"item\":\"https:\\\/\\\/www.caudete.org\\\/ayuntamiento\\\/\"},{\"@type\":\"ListItem\",\"position\":2,\"name\":\"LA FUNDACI\u00d3N LABORAL DE LA CONSTRUCCI\u00d3N AYUDA A LOS J\u00d3VENES DE CASTILLA-LA MANCHA A INCORPORARSE AL MERCADO LABORAL CON LA CAMPA\u00d1A \u201cHOY\u201d\"}]},{\"@type\":\"WebSite\",\"@id\":\"https:\\\/\\\/www.caudete.org\\\/ayuntamiento\\\/#website\",\"url\":\"https:\\\/\\\/www.caudete.org\\\/ayuntamiento\\\/\",\"name\":\"MI Ayuntamiento de Caudete\",\"description\":\"P\u00e1gina Oficial del MI Ayuntamiento de Caudete\",\"publisher\":{\"@id\":\"https:\\\/\\\/www.caudete.org\\\/ayuntamiento\\\/#organization\"},\"potentialAction\":[{\"@type\":\"SearchAction\",\"target\":{\"@type\":\"EntryPoint\",\"urlTemplate\":\"https:\\\/\\\/www.caudete.org\\\/ayuntamiento\\\/?s={search_term_string}\"},\"query-input\":{\"@type\":\"PropertyValueSpecification\",\"valueRequired\":true,\"valueName\":\"search_term_string\"}}],\"inLanguage\":\"es\"},{\"@type\":\"Organization\",\"@id\":\"https:\\\/\\\/www.caudete.org\\\/ayuntamiento\\\/#organization\",\"name\":\"Ayuntamiento de Caudete\",\"url\":\"https:\\\/\\\/www.caudete.org\\\/ayuntamiento\\\/\",\"logo\":{\"@type\":\"ImageObject\",\"inLanguage\":\"es\",\"@id\":\"https:\\\/\\\/www.caudete.org\\\/ayuntamiento\\\/#\\\/schema\\\/logo\\\/image\\\/\",\"url\":\"https:\\\/\\\/www.caudete.org\\\/ayuntamiento\\\/wp-content\\\/uploads\\\/2020\\\/11\\\/logo_ayuntamiento_caudete.jpg\",\"contentUrl\":\"https:\\\/\\\/www.caudete.org\\\/ayuntamiento\\\/wp-content\\\/uploads\\\/2020\\\/11\\\/logo_ayuntamiento_caudete.jpg\",\"width\":600,\"height\":150,\"caption\":\"Ayuntamiento de Caudete\"},\"image\":{\"@id\":\"https:\\\/\\\/www.caudete.org\\\/ayuntamiento\\\/#\\\/schema\\\/logo\\\/image\\\/\"},\"sameAs\":[\"https:\\\/\\\/www.facebook.com\\\/ayuntamientocaudete\\\/\",\"https:\\\/\\\/www.youtube.com\\\/channel\\\/UC6VztHaooNsGpw-tNoBEFnQ\"]},{\"@type\":\"Person\",\"@id\":\"https:\\\/\\\/www.caudete.org\\\/ayuntamiento\\\/#\\\/schema\\\/person\\\/79f7e19fdd176fc2bc7a289013dc2056\",\"name\":\"ayun\",\"image\":{\"@type\":\"ImageObject\",\"inLanguage\":\"es\",\"@id\":\"https:\\\/\\\/secure.gravatar.com\\\/avatar\\\/4ce797ee07c943e7e592f8cd648e503e6cd571387558ed07135799c2bd2847df?s=96&d=mm&r=g\",\"url\":\"https:\\\/\\\/secure.gravatar.com\\\/avatar\\\/4ce797ee07c943e7e592f8cd648e503e6cd571387558ed07135799c2bd2847df?s=96&d=mm&r=g\",\"contentUrl\":\"https:\\\/\\\/secure.gravatar.com\\\/avatar\\\/4ce797ee07c943e7e592f8cd648e503e6cd571387558ed07135799c2bd2847df?s=96&d=mm&r=g\",\"caption\":\"ayun\"},\"sameAs\":[\"http:\\\/\\\/www.caudete.org\\\/ayuntamiento\"],\"url\":\"https:\\\/\\\/www.caudete.org\\\/ayuntamiento\\\/author\\\/ayun\\\/\"}]}<\/script>\n<!-- \/ Yoast SEO plugin. -->","yoast_head_json":{"title":"LA FUNDACI\u00d3N LABORAL DE LA CONSTRUCCI\u00d3N AYUDA A LOS J\u00d3VENES DE CASTILLA-LA MANCHA A INCORPORARSE AL MERCADO LABORAL CON LA CAMPA\u00d1A \u201cHOY\u201d - MI Ayuntamiento de Caudete","description":"P\u00e1gina Oficial del Ayuntamiento de Caudete (Albacete)","robots":{"index":"index","follow":"follow","max-snippet":"max-snippet:-1","max-image-preview":"max-image-preview:large","max-video-preview":"max-video-preview:-1"},"canonical":"https:\/\/www.caudete.org\/ayuntamiento\/la-fundacion-laboral-de-la-construccion-ayuda-a-los-jovenes-de-castilla-la-mancha-a-incorporarse-al-mercado-laboral-con-la-campana-hoy\/","og_locale":"es_ES","og_type":"article","og_title":"LA FUNDACI\u00d3N LABORAL DE LA CONSTRUCCI\u00d3N AYUDA A LOS J\u00d3VENES DE CASTILLA-LA MANCHA A INCORPORARSE AL MERCADO LABORAL CON LA CAMPA\u00d1A \u201cHOY\u201d - MI Ayuntamiento de Caudete","og_description":"P\u00e1gina Oficial del Ayuntamiento de Caudete (Albacete)","og_url":"https:\/\/www.caudete.org\/ayuntamiento\/la-fundacion-laboral-de-la-construccion-ayuda-a-los-jovenes-de-castilla-la-mancha-a-incorporarse-al-mercado-laboral-con-la-campana-hoy\/","og_site_name":"MI Ayuntamiento de Caudete","article_publisher":"https:\/\/www.facebook.com\/ayuntamientocaudete\/","article_published_time":"2019-04-06T10:47:43+00:00","article_modified_time":"2020-12-15T12:32:20+00:00","og_image":[{"width":800,"height":476,"url":"https:\/\/www.caudete.org\/ayuntamiento\/wp-content\/uploads\/2020\/12\/polj.jpg","type":"image\/jpeg"}],"author":"ayun","twitter_card":"summary_large_image","twitter_misc":{"Escrito por":"ayun","Tiempo de lectura":"2 minutos"},"schema":{"@context":"https:\/\/schema.org","@graph":[{"@type":"Article","@id":"https:\/\/www.caudete.org\/ayuntamiento\/la-fundacion-laboral-de-la-construccion-ayuda-a-los-jovenes-de-castilla-la-mancha-a-incorporarse-al-mercado-laboral-con-la-campana-hoy\/#article","isPartOf":{"@id":"https:\/\/www.caudete.org\/ayuntamiento\/la-fundacion-laboral-de-la-construccion-ayuda-a-los-jovenes-de-castilla-la-mancha-a-incorporarse-al-mercado-laboral-con-la-campana-hoy\/"},"author":{"name":"ayun","@id":"https:\/\/www.caudete.org\/ayuntamiento\/#\/schema\/person\/79f7e19fdd176fc2bc7a289013dc2056"},"headline":"LA FUNDACI\u00d3N LABORAL DE LA CONSTRUCCI\u00d3N AYUDA A LOS J\u00d3VENES DE CASTILLA-LA MANCHA A INCORPORARSE AL MERCADO LABORAL CON LA CAMPA\u00d1A \u201cHOY\u201d","datePublished":"2019-04-06T10:47:43+00:00","dateModified":"2020-12-15T12:32:20+00:00","mainEntityOfPage":{"@id":"https:\/\/www.caudete.org\/ayuntamiento\/la-fundacion-laboral-de-la-construccion-ayuda-a-los-jovenes-de-castilla-la-mancha-a-incorporarse-al-mercado-laboral-con-la-campana-hoy\/"},"wordCount":462,"publisher":{"@id":"https:\/\/www.caudete.org\/ayuntamiento\/#organization"},"image":{"@id":"https:\/\/www.caudete.org\/ayuntamiento\/la-fundacion-laboral-de-la-construccion-ayuda-a-los-jovenes-de-castilla-la-mancha-a-incorporarse-al-mercado-laboral-con-la-campana-hoy\/#primaryimage"},"thumbnailUrl":"https:\/\/www.caudete.org\/ayuntamiento\/wp-content\/uploads\/2020\/12\/polj.jpg","articleSection":["Tabl\u00f3n informativo (Desarrollo local)"],"inLanguage":"es"},{"@type":"WebPage","@id":"https:\/\/www.caudete.org\/ayuntamiento\/la-fundacion-laboral-de-la-construccion-ayuda-a-los-jovenes-de-castilla-la-mancha-a-incorporarse-al-mercado-laboral-con-la-campana-hoy\/","url":"https:\/\/www.caudete.org\/ayuntamiento\/la-fundacion-laboral-de-la-construccion-ayuda-a-los-jovenes-de-castilla-la-mancha-a-incorporarse-al-mercado-laboral-con-la-campana-hoy\/","name":"LA FUNDACI\u00d3N LABORAL DE LA CONSTRUCCI\u00d3N AYUDA A LOS J\u00d3VENES DE CASTILLA-LA MANCHA A INCORPORARSE AL MERCADO LABORAL CON LA CAMPA\u00d1A \u201cHOY\u201d - MI Ayuntamiento de Caudete","isPartOf":{"@id":"https:\/\/www.caudete.org\/ayuntamiento\/#website"},"primaryImageOfPage":{"@id":"https:\/\/www.caudete.org\/ayuntamiento\/la-fundacion-laboral-de-la-construccion-ayuda-a-los-jovenes-de-castilla-la-mancha-a-incorporarse-al-mercado-laboral-con-la-campana-hoy\/#primaryimage"},"image":{"@id":"https:\/\/www.caudete.org\/ayuntamiento\/la-fundacion-laboral-de-la-construccion-ayuda-a-los-jovenes-de-castilla-la-mancha-a-incorporarse-al-mercado-laboral-con-la-campana-hoy\/#primaryimage"},"thumbnailUrl":"https:\/\/www.caudete.org\/ayuntamiento\/wp-content\/uploads\/2020\/12\/polj.jpg","datePublished":"2019-04-06T10:47:43+00:00","dateModified":"2020-12-15T12:32:20+00:00","description":"P\u00e1gina Oficial del Ayuntamiento de Caudete (Albacete)","breadcrumb":{"@id":"https:\/\/www.caudete.org\/ayuntamiento\/la-fundacion-laboral-de-la-construccion-ayuda-a-los-jovenes-de-castilla-la-mancha-a-incorporarse-al-mercado-laboral-con-la-campana-hoy\/#breadcrumb"},"inLanguage":"es","potentialAction":[{"@type":"ReadAction","target":["https:\/\/www.caudete.org\/ayuntamiento\/la-fundacion-laboral-de-la-construccion-ayuda-a-los-jovenes-de-castilla-la-mancha-a-incorporarse-al-mercado-laboral-con-la-campana-hoy\/"]}]},{"@type":"ImageObject","inLanguage":"es","@id":"https:\/\/www.caudete.org\/ayuntamiento\/la-fundacion-laboral-de-la-construccion-ayuda-a-los-jovenes-de-castilla-la-mancha-a-incorporarse-al-mercado-laboral-con-la-campana-hoy\/#primaryimage","url":"https:\/\/www.caudete.org\/ayuntamiento\/wp-content\/uploads\/2020\/12\/polj.jpg","contentUrl":"https:\/\/www.caudete.org\/ayuntamiento\/wp-content\/uploads\/2020\/12\/polj.jpg","width":800,"height":476},{"@type":"BreadcrumbList","@id":"https:\/\/www.caudete.org\/ayuntamiento\/la-fundacion-laboral-de-la-construccion-ayuda-a-los-jovenes-de-castilla-la-mancha-a-incorporarse-al-mercado-laboral-con-la-campana-hoy\/#breadcrumb","itemListElement":[{"@type":"ListItem","position":1,"name":"Inicio","item":"https:\/\/www.caudete.org\/ayuntamiento\/"},{"@type":"ListItem","position":2,"name":"LA FUNDACI\u00d3N LABORAL DE LA CONSTRUCCI\u00d3N AYUDA A LOS J\u00d3VENES DE CASTILLA-LA MANCHA A INCORPORARSE AL MERCADO LABORAL CON LA CAMPA\u00d1A \u201cHOY\u201d"}]},{"@type":"WebSite","@id":"https:\/\/www.caudete.org\/ayuntamiento\/#website","url":"https:\/\/www.caudete.org\/ayuntamiento\/","name":"MI Ayuntamiento de Caudete","description":"P\u00e1gina Oficial del MI Ayuntamiento de Caudete","publisher":{"@id":"https:\/\/www.caudete.org\/ayuntamiento\/#organization"},"potentialAction":[{"@type":"SearchAction","target":{"@type":"EntryPoint","urlTemplate":"https:\/\/www.caudete.org\/ayuntamiento\/?s={search_term_string}"},"query-input":{"@type":"PropertyValueSpecification","valueRequired":true,"valueName":"search_term_string"}}],"inLanguage":"es"},{"@type":"Organization","@id":"https:\/\/www.caudete.org\/ayuntamiento\/#organization","name":"Ayuntamiento de Caudete","url":"https:\/\/www.caudete.org\/ayuntamiento\/","logo":{"@type":"ImageObject","inLanguage":"es","@id":"https:\/\/www.caudete.org\/ayuntamiento\/#\/schema\/logo\/image\/","url":"https:\/\/www.caudete.org\/ayuntamiento\/wp-content\/uploads\/2020\/11\/logo_ayuntamiento_caudete.jpg","contentUrl":"https:\/\/www.caudete.org\/ayuntamiento\/wp-content\/uploads\/2020\/11\/logo_ayuntamiento_caudete.jpg","width":600,"height":150,"caption":"Ayuntamiento de Caudete"},"image":{"@id":"https:\/\/www.caudete.org\/ayuntamiento\/#\/schema\/logo\/image\/"},"sameAs":["https:\/\/www.facebook.com\/ayuntamientocaudete\/","https:\/\/www.youtube.com\/channel\/UC6VztHaooNsGpw-tNoBEFnQ"]},{"@type":"Person","@id":"https:\/\/www.caudete.org\/ayuntamiento\/#\/schema\/person\/79f7e19fdd176fc2bc7a289013dc2056","name":"ayun","image":{"@type":"ImageObject","inLanguage":"es","@id":"https:\/\/secure.gravatar.com\/avatar\/4ce797ee07c943e7e592f8cd648e503e6cd571387558ed07135799c2bd2847df?s=96&d=mm&r=g","url":"https:\/\/secure.gravatar.com\/avatar\/4ce797ee07c943e7e592f8cd648e503e6cd571387558ed07135799c2bd2847df?s=96&d=mm&r=g","contentUrl":"https:\/\/secure.gravatar.com\/avatar\/4ce797ee07c943e7e592f8cd648e503e6cd571387558ed07135799c2bd2847df?s=96&d=mm&r=g","caption":"ayun"},"sameAs":["http:\/\/www.caudete.org\/ayuntamiento"],"url":"https:\/\/www.caudete.org\/ayuntamiento\/author\/ayun\/"}]}},"_links":{"self":[{"href":"https:\/\/www.caudete.org\/ayuntamiento\/wp-json\/wp\/v2\/posts\/6885","targetHints":{"allow":["GET"]}}],"collection":[{"href":"https:\/\/www.caudete.org\/ayuntamiento\/wp-json\/wp\/v2\/posts"}],"about":[{"href":"https:\/\/www.caudete.org\/ayuntamiento\/wp-json\/wp\/v2\/types\/post"}],"author":[{"embeddable":true,"href":"https:\/\/www.caudete.org\/ayuntamiento\/wp-json\/wp\/v2\/users\/1"}],"replies":[{"embeddable":true,"href":"https:\/\/www.caudete.org\/ayuntamiento\/wp-json\/wp\/v2\/comments?post=6885"}],"version-history":[{"count":2,"href":"https:\/\/www.caudete.org\/ayuntamiento\/wp-json\/wp\/v2\/posts\/6885\/revisions"}],"predecessor-version":[{"id":9704,"href":"https:\/\/www.caudete.org\/ayuntamiento\/wp-json\/wp\/v2\/posts\/6885\/revisions\/9704"}],"wp:featuredmedia":[{"embeddable":true,"href":"https:\/\/www.caudete.org\/ayuntamiento\/wp-json\/wp\/v2\/media\/6886"}],"wp:attachment":[{"href":"https:\/\/www.caudete.org\/ayuntamiento\/wp-json\/wp\/v2\/media?parent=6885"}],"wp:term":[{"taxonomy":"category","embeddable":true,"href":"https:\/\/www.caudete.org\/ayuntamiento\/wp-json\/wp\/v2\/categories?post=6885"},{"taxonomy":"post_tag","embeddable":true,"href":"https:\/\/www.caudete.org\/ayuntamiento\/wp-json\/wp\/v2\/tags?post=6885"}],"curies":[{"name":"wp","href":"https:\/\/api.w.org\/{rel}","templated":true}]}}