{"id":6888,"date":"2019-04-06T12:51:07","date_gmt":"2019-04-06T10:51:07","guid":{"rendered":"http:\/\/www.caudete.org\/ayuntamiento\/?p=6888"},"modified":"2020-12-15T13:27:21","modified_gmt":"2020-12-15T12:27:21","slug":"azuqueca-acogera-un-programa-de-formacion-de-ceftral-para-la-transformacion-digital-de-las-empresas-de-transporte-y-logistica","status":"publish","type":"post","link":"https:\/\/www.caudete.org\/ayuntamiento\/azuqueca-acogera-un-programa-de-formacion-de-ceftral-para-la-transformacion-digital-de-las-empresas-de-transporte-y-logistica\/","title":{"rendered":"AZUQUECA ACOGER\u00c1 UN PROGRAMA DE FORMACI\u00d3N DE CEFTRAL PARA LA TRANSFORMACI\u00d3N DIGITAL DE LAS EMPRESAS DE TRANSPORTE Y LOG\u00cdSTICA"},"content":{"rendered":"<h5 style=\"text-align: justify;\">Se dirige a 25 j\u00f3venes menores de 30 a\u00f1os, con titulaci\u00f3n universitaria o un Ciclo de Grado Superior, residentes en Castilla-La Mancha y desempleados<\/h5>\n<p style=\"text-align: justify;\">Desde este mi\u00e9rcoles, 17 de julio, y hasta el 23 de agosto, permanece abierto el plazo de inscripci\u00f3n en el programa &#8216;Aula Digi&gt;Trans&#8217; que va a desarrollar en Azuqueca de Henares la Confederaci\u00f3n Espa\u00f1ola de Formaci\u00f3n del Transporte y la Log\u00edstica (CEFTRAL). El alcalde azudense, Jos\u00e9 Luis Blanco, junto con la concejala de Europa, Gloria S\u00e1nchez, ha asistido esta ma\u00f1ana en el Centro de Ocio R\u00edo Henares a la presentaci\u00f3n de la iniciativa que va a permitir que 25 j\u00f3venes menores de 30 a\u00f1os reciban formaci\u00f3n sobre la transformaci\u00f3n digital de empresas de transporte y log\u00edstica. La jornada tambi\u00e9n ha contado con la presencia de Juan Pablo Escamilla, secretario general de CEFTRAL, y de Enrique Chinch\u00f3n, presidente de CETM Guadalajara.<\/p>\n<p style=\"text-align: justify;\">&#8220;Esta iniciativa encaja a la perfecci\u00f3n con los planes de formaci\u00f3n innovadora que tenemos en Azuqueca&#8221;, ha afirmado el primer edil. &#8220;Este proyecto va a ayudar a la transformaci\u00f3n de Azuqueca y del Corredor del Henares a trav\u00e9s de la formaci\u00f3n para puestos cualificados en el \u00e1rea de la log\u00edstica y el transporte&#8221;, ha a\u00f1adido.<\/p>\n<p style=\"text-align: justify;\">&#8220;Azuqueca se ubica en un enclave estrat\u00e9gico para la distribuci\u00f3n de mercanc\u00edas en nuestro pa\u00eds y son muchas las empresas que nos trasladan sus problemas para encontrar personal especializado&#8221;, ha explicado Jos\u00e9 Luis Blanco, al tiempo que ha recordado que el municipio cuenta con &#8220;el mejor centro de formaci\u00f3n de Espa\u00f1a para la log\u00edstica y el transporte&#8221;, ubicado en el pol\u00edgono R\u00f3dano, en concreto, en el n\u00famero 12 de la avenida de Lyon. A trav\u00e9s del proyecto &#8216;Aula Digi&gt;Trans&#8217; se va conseguir un doble objetivo: &#8220;por un lado, facilitar el acceso a un puesto de trabajo de calidad a 25 j\u00f3venes y, por el otro, proporcionar a las empresas de nuestro entorno los perfiles especializados que necesitan para sus tareas de organizaci\u00f3n y direcci\u00f3n&#8221;, ha destacado el alcalde, quien ha felicitado a CEFTRAL por el programa y ha ofrecido &#8220;todos los medios del Ayuntamiento para que sea un \u00e9xito&#8221;.<\/p>\n<p style=\"text-align: justify;\"><strong>Detalles del programa<\/strong><\/p>\n<p style=\"text-align: justify;\">Desde CEFTRAL, Juan Pablo Escamilla ha detallado que el programa est\u00e1 financiado al 90 por ciento por el Fondo Social Europeo, mientras que la Junta de Comunidades de Castilla-La Mancha aporta el 10 por ciento restante en el marco del Programa Operativo de Empleo Juvenil de la regi\u00f3n.<\/p>\n<p style=\"text-align: justify;\">&#8216;Aula Digi&gt;Trans&#8217; consiste en un m\u00e1ster de 450 horas lectivas con clases presenciales en el Centro de Formaci\u00f3n de Transporte y Log\u00edstica, de lunes a viernes, de 9 a 15 horas, y una vez a la semana, ingl\u00e9s, de 16 a 18 horas) y con herramientas y metodolog\u00edas innovadoras basadas en las nuevas tecnolog\u00edas. &#8220;Como ayuda para la realizaci\u00f3n del programa, todos los participantes van a recibir una beca de apoyo a las actividades formativas por un importe de 537,84 euros mensuales (IPREM)&#8221;, ha aclarado Escamilla. &#8220;Tambi\u00e9n se contempla un viaje formativo de cuatro d\u00edas para visitar empresas, un curso de miner\u00eda de datos, la posibilidad de presentarse a las pruebas de Competencia Profesional de Mercanc\u00edas del Gestor de Transporte y Pr\u00e1cticas de dos meses de duraci\u00f3n en empresas del Corredor y de Guadalajara&#8221;, ha a\u00f1adido.<\/p>\n<p style=\"text-align: justify;\"><strong>Requisitos<\/strong><\/p>\n<p style=\"text-align: justify;\">Para poder acceder a esta formaci\u00f3n, es necesario tener menos de 30 a\u00f1os, estar empadronado en Castilla-La Mancha, disponer de titulaci\u00f3n universitaria o de ciclo de grado superior, un nivel m\u00ednimo de ingl\u00e9s B1 (requisito no excluyente) y estar desempleado e inscrito en el Sistema Nacional de Garant\u00eda Juvenil.<\/p>\n<p style=\"text-align: justify;\">Las inscripciones se pueden realizar online hasta el 23 de agosto en la p\u00e1gina web&nbsp;<a href=\"http:\/\/www.auladigitrans.es\/\" target=\"_blank\" rel=\"noopener noreferrer nofollow\">www.auladigitrans.es<\/a>. Est\u00e1 previsto que el proyecto &#8216;Aula Digi&gt;Trans&#8217; comience el 17 de septiembre y se prolongue hasta el 18 de diciembre de 2019.<\/p>\n<p style=\"text-align: justify;\"><strong>&nbsp;Fuente:&nbsp; <a href=\"http:\/\/www.azuqueca.es\/no_cache\/actualidad\/noticias\/detalle-de-noticia\/article\/azuqueca-acogera-un-programa-de-formacion-de-ceftral-para-la-transformacion-digital-de-las-empresas.html?fbclid=IwAR3ocXnN1s7fA5y8gsn_OMWPXNZMvbtPGDDF-EqfCPRfkDzOO2POZxlsarc\" target=\"_blank\" rel=\"noopener noreferrer nofollow\">AYUNTAMIENTO DE AZUQUECA DE HENARES<\/a><\/strong><\/p>\n<p><img fetchpriority=\"high\" decoding=\"async\" class=\"aligncenter size-full wp-image-6889\" src=\"http:\/\/www.caudete.org\/ayuntamiento\/wp-content\/uploads\/2020\/12\/cetm.jpg\" alt=\"\" width=\"800\" height=\"281\" srcset=\"https:\/\/www.caudete.org\/ayuntamiento\/wp-content\/uploads\/2020\/12\/cetm.jpg 800w, https:\/\/www.caudete.org\/ayuntamiento\/wp-content\/uploads\/2020\/12\/cetm-300x105.jpg 300w, https:\/\/www.caudete.org\/ayuntamiento\/wp-content\/uploads\/2020\/12\/cetm-768x270.jpg 768w\" sizes=\"(max-width: 800px) 100vw, 800px\" \/><\/p>\n","protected":false},"excerpt":{"rendered":"<p>Se dirige a 25 j\u00f3venes menores de 30 a\u00f1os, con titulaci\u00f3n universitaria o un Ciclo de Grado Superior, residentes en Castilla-La Mancha y desempleados Desde este mi\u00e9rcoles, 17 de julio, y hasta el 23 de agosto, permanece abierto el plazo de inscripci\u00f3n en el programa &#8216;Aula Digi&gt;Trans&#8217; que va a desarrollar en Azuqueca de Henares &hellip;<\/p>\n","protected":false},"author":1,"featured_media":6889,"comment_status":"closed","ping_status":"open","sticky":false,"template":"","format":"standard","meta":{"ngg_post_thumbnail":0,"footnotes":""},"categories":[90],"tags":[],"class_list":["post-6888","post","type-post","status-publish","format-standard","has-post-thumbnail","hentry","category-tablon-informativo-desarrollo-local"],"yoast_head":"<!-- This site is optimized with the Yoast SEO plugin v27.5 - https:\/\/yoast.com\/product\/yoast-seo-wordpress\/ -->\n<title>AZUQUECA ACOGER\u00c1 UN PROGRAMA DE FORMACI\u00d3N DE CEFTRAL PARA LA TRANSFORMACI\u00d3N DIGITAL DE LAS EMPRESAS DE TRANSPORTE Y LOG\u00cdSTICA - MI Ayuntamiento de Caudete<\/title>\n<meta name=\"description\" content=\"P\u00e1gina Oficial del Ayuntamiento de Caudete (Albacete)\" \/>\n<meta name=\"robots\" content=\"index, follow, max-snippet:-1, max-image-preview:large, max-video-preview:-1\" \/>\n<link rel=\"canonical\" href=\"https:\/\/www.caudete.org\/ayuntamiento\/azuqueca-acogera-un-programa-de-formacion-de-ceftral-para-la-transformacion-digital-de-las-empresas-de-transporte-y-logistica\/\" \/>\n<meta property=\"og:locale\" content=\"es_ES\" \/>\n<meta property=\"og:type\" content=\"article\" \/>\n<meta property=\"og:title\" content=\"AZUQUECA ACOGER\u00c1 UN PROGRAMA DE FORMACI\u00d3N DE CEFTRAL PARA LA TRANSFORMACI\u00d3N DIGITAL DE LAS EMPRESAS DE TRANSPORTE Y LOG\u00cdSTICA - MI Ayuntamiento de Caudete\" \/>\n<meta property=\"og:description\" content=\"P\u00e1gina Oficial del Ayuntamiento de Caudete (Albacete)\" \/>\n<meta property=\"og:url\" content=\"https:\/\/www.caudete.org\/ayuntamiento\/azuqueca-acogera-un-programa-de-formacion-de-ceftral-para-la-transformacion-digital-de-las-empresas-de-transporte-y-logistica\/\" \/>\n<meta property=\"og:site_name\" content=\"MI Ayuntamiento de Caudete\" \/>\n<meta property=\"article:publisher\" content=\"https:\/\/www.facebook.com\/ayuntamientocaudete\/\" \/>\n<meta property=\"article:published_time\" content=\"2019-04-06T10:51:07+00:00\" \/>\n<meta property=\"article:modified_time\" content=\"2020-12-15T12:27:21+00:00\" \/>\n<meta property=\"og:image\" content=\"https:\/\/www.caudete.org\/ayuntamiento\/wp-content\/uploads\/2020\/12\/cetm.jpg\" \/>\n\t<meta property=\"og:image:width\" content=\"800\" \/>\n\t<meta property=\"og:image:height\" content=\"281\" \/>\n\t<meta property=\"og:image:type\" content=\"image\/jpeg\" \/>\n<meta name=\"author\" content=\"ayun\" \/>\n<meta name=\"twitter:card\" content=\"summary_large_image\" \/>\n<meta name=\"twitter:label1\" content=\"Escrito por\" \/>\n\t<meta name=\"twitter:data1\" content=\"ayun\" \/>\n\t<meta name=\"twitter:label2\" content=\"Tiempo de lectura\" \/>\n\t<meta name=\"twitter:data2\" content=\"3 minutos\" \/>\n<script type=\"application\/ld+json\" class=\"yoast-schema-graph\">{\"@context\":\"https:\\\/\\\/schema.org\",\"@graph\":[{\"@type\":\"Article\",\"@id\":\"https:\\\/\\\/www.caudete.org\\\/ayuntamiento\\\/azuqueca-acogera-un-programa-de-formacion-de-ceftral-para-la-transformacion-digital-de-las-empresas-de-transporte-y-logistica\\\/#article\",\"isPartOf\":{\"@id\":\"https:\\\/\\\/www.caudete.org\\\/ayuntamiento\\\/azuqueca-acogera-un-programa-de-formacion-de-ceftral-para-la-transformacion-digital-de-las-empresas-de-transporte-y-logistica\\\/\"},\"author\":{\"name\":\"ayun\",\"@id\":\"https:\\\/\\\/www.caudete.org\\\/ayuntamiento\\\/#\\\/schema\\\/person\\\/79f7e19fdd176fc2bc7a289013dc2056\"},\"headline\":\"AZUQUECA ACOGER\u00c1 UN PROGRAMA DE FORMACI\u00d3N DE CEFTRAL PARA LA TRANSFORMACI\u00d3N DIGITAL DE LAS EMPRESAS DE TRANSPORTE Y LOG\u00cdSTICA\",\"datePublished\":\"2019-04-06T10:51:07+00:00\",\"dateModified\":\"2020-12-15T12:27:21+00:00\",\"mainEntityOfPage\":{\"@id\":\"https:\\\/\\\/www.caudete.org\\\/ayuntamiento\\\/azuqueca-acogera-un-programa-de-formacion-de-ceftral-para-la-transformacion-digital-de-las-empresas-de-transporte-y-logistica\\\/\"},\"wordCount\":706,\"publisher\":{\"@id\":\"https:\\\/\\\/www.caudete.org\\\/ayuntamiento\\\/#organization\"},\"image\":{\"@id\":\"https:\\\/\\\/www.caudete.org\\\/ayuntamiento\\\/azuqueca-acogera-un-programa-de-formacion-de-ceftral-para-la-transformacion-digital-de-las-empresas-de-transporte-y-logistica\\\/#primaryimage\"},\"thumbnailUrl\":\"https:\\\/\\\/www.caudete.org\\\/ayuntamiento\\\/wp-content\\\/uploads\\\/2020\\\/12\\\/cetm.jpg\",\"articleSection\":[\"Tabl\u00f3n informativo (Desarrollo local)\"],\"inLanguage\":\"es\"},{\"@type\":\"WebPage\",\"@id\":\"https:\\\/\\\/www.caudete.org\\\/ayuntamiento\\\/azuqueca-acogera-un-programa-de-formacion-de-ceftral-para-la-transformacion-digital-de-las-empresas-de-transporte-y-logistica\\\/\",\"url\":\"https:\\\/\\\/www.caudete.org\\\/ayuntamiento\\\/azuqueca-acogera-un-programa-de-formacion-de-ceftral-para-la-transformacion-digital-de-las-empresas-de-transporte-y-logistica\\\/\",\"name\":\"AZUQUECA ACOGER\u00c1 UN PROGRAMA DE FORMACI\u00d3N DE CEFTRAL PARA LA TRANSFORMACI\u00d3N DIGITAL DE LAS EMPRESAS DE TRANSPORTE Y LOG\u00cdSTICA - MI Ayuntamiento de Caudete\",\"isPartOf\":{\"@id\":\"https:\\\/\\\/www.caudete.org\\\/ayuntamiento\\\/#website\"},\"primaryImageOfPage\":{\"@id\":\"https:\\\/\\\/www.caudete.org\\\/ayuntamiento\\\/azuqueca-acogera-un-programa-de-formacion-de-ceftral-para-la-transformacion-digital-de-las-empresas-de-transporte-y-logistica\\\/#primaryimage\"},\"image\":{\"@id\":\"https:\\\/\\\/www.caudete.org\\\/ayuntamiento\\\/azuqueca-acogera-un-programa-de-formacion-de-ceftral-para-la-transformacion-digital-de-las-empresas-de-transporte-y-logistica\\\/#primaryimage\"},\"thumbnailUrl\":\"https:\\\/\\\/www.caudete.org\\\/ayuntamiento\\\/wp-content\\\/uploads\\\/2020\\\/12\\\/cetm.jpg\",\"datePublished\":\"2019-04-06T10:51:07+00:00\",\"dateModified\":\"2020-12-15T12:27:21+00:00\",\"description\":\"P\u00e1gina Oficial del Ayuntamiento de Caudete (Albacete)\",\"breadcrumb\":{\"@id\":\"https:\\\/\\\/www.caudete.org\\\/ayuntamiento\\\/azuqueca-acogera-un-programa-de-formacion-de-ceftral-para-la-transformacion-digital-de-las-empresas-de-transporte-y-logistica\\\/#breadcrumb\"},\"inLanguage\":\"es\",\"potentialAction\":[{\"@type\":\"ReadAction\",\"target\":[\"https:\\\/\\\/www.caudete.org\\\/ayuntamiento\\\/azuqueca-acogera-un-programa-de-formacion-de-ceftral-para-la-transformacion-digital-de-las-empresas-de-transporte-y-logistica\\\/\"]}]},{\"@type\":\"ImageObject\",\"inLanguage\":\"es\",\"@id\":\"https:\\\/\\\/www.caudete.org\\\/ayuntamiento\\\/azuqueca-acogera-un-programa-de-formacion-de-ceftral-para-la-transformacion-digital-de-las-empresas-de-transporte-y-logistica\\\/#primaryimage\",\"url\":\"https:\\\/\\\/www.caudete.org\\\/ayuntamiento\\\/wp-content\\\/uploads\\\/2020\\\/12\\\/cetm.jpg\",\"contentUrl\":\"https:\\\/\\\/www.caudete.org\\\/ayuntamiento\\\/wp-content\\\/uploads\\\/2020\\\/12\\\/cetm.jpg\",\"width\":800,\"height\":281},{\"@type\":\"BreadcrumbList\",\"@id\":\"https:\\\/\\\/www.caudete.org\\\/ayuntamiento\\\/azuqueca-acogera-un-programa-de-formacion-de-ceftral-para-la-transformacion-digital-de-las-empresas-de-transporte-y-logistica\\\/#breadcrumb\",\"itemListElement\":[{\"@type\":\"ListItem\",\"position\":1,\"name\":\"Inicio\",\"item\":\"https:\\\/\\\/www.caudete.org\\\/ayuntamiento\\\/\"},{\"@type\":\"ListItem\",\"position\":2,\"name\":\"AZUQUECA ACOGER\u00c1 UN PROGRAMA DE FORMACI\u00d3N DE CEFTRAL PARA LA TRANSFORMACI\u00d3N DIGITAL DE LAS EMPRESAS DE TRANSPORTE Y LOG\u00cdSTICA\"}]},{\"@type\":\"WebSite\",\"@id\":\"https:\\\/\\\/www.caudete.org\\\/ayuntamiento\\\/#website\",\"url\":\"https:\\\/\\\/www.caudete.org\\\/ayuntamiento\\\/\",\"name\":\"MI Ayuntamiento de Caudete\",\"description\":\"P\u00e1gina Oficial del MI Ayuntamiento de Caudete\",\"publisher\":{\"@id\":\"https:\\\/\\\/www.caudete.org\\\/ayuntamiento\\\/#organization\"},\"potentialAction\":[{\"@type\":\"SearchAction\",\"target\":{\"@type\":\"EntryPoint\",\"urlTemplate\":\"https:\\\/\\\/www.caudete.org\\\/ayuntamiento\\\/?s={search_term_string}\"},\"query-input\":{\"@type\":\"PropertyValueSpecification\",\"valueRequired\":true,\"valueName\":\"search_term_string\"}}],\"inLanguage\":\"es\"},{\"@type\":\"Organization\",\"@id\":\"https:\\\/\\\/www.caudete.org\\\/ayuntamiento\\\/#organization\",\"name\":\"Ayuntamiento de Caudete\",\"url\":\"https:\\\/\\\/www.caudete.org\\\/ayuntamiento\\\/\",\"logo\":{\"@type\":\"ImageObject\",\"inLanguage\":\"es\",\"@id\":\"https:\\\/\\\/www.caudete.org\\\/ayuntamiento\\\/#\\\/schema\\\/logo\\\/image\\\/\",\"url\":\"https:\\\/\\\/www.caudete.org\\\/ayuntamiento\\\/wp-content\\\/uploads\\\/2020\\\/11\\\/logo_ayuntamiento_caudete.jpg\",\"contentUrl\":\"https:\\\/\\\/www.caudete.org\\\/ayuntamiento\\\/wp-content\\\/uploads\\\/2020\\\/11\\\/logo_ayuntamiento_caudete.jpg\",\"width\":600,\"height\":150,\"caption\":\"Ayuntamiento de Caudete\"},\"image\":{\"@id\":\"https:\\\/\\\/www.caudete.org\\\/ayuntamiento\\\/#\\\/schema\\\/logo\\\/image\\\/\"},\"sameAs\":[\"https:\\\/\\\/www.facebook.com\\\/ayuntamientocaudete\\\/\",\"https:\\\/\\\/www.youtube.com\\\/channel\\\/UC6VztHaooNsGpw-tNoBEFnQ\"]},{\"@type\":\"Person\",\"@id\":\"https:\\\/\\\/www.caudete.org\\\/ayuntamiento\\\/#\\\/schema\\\/person\\\/79f7e19fdd176fc2bc7a289013dc2056\",\"name\":\"ayun\",\"image\":{\"@type\":\"ImageObject\",\"inLanguage\":\"es\",\"@id\":\"https:\\\/\\\/secure.gravatar.com\\\/avatar\\\/4ce797ee07c943e7e592f8cd648e503e6cd571387558ed07135799c2bd2847df?s=96&d=mm&r=g\",\"url\":\"https:\\\/\\\/secure.gravatar.com\\\/avatar\\\/4ce797ee07c943e7e592f8cd648e503e6cd571387558ed07135799c2bd2847df?s=96&d=mm&r=g\",\"contentUrl\":\"https:\\\/\\\/secure.gravatar.com\\\/avatar\\\/4ce797ee07c943e7e592f8cd648e503e6cd571387558ed07135799c2bd2847df?s=96&d=mm&r=g\",\"caption\":\"ayun\"},\"sameAs\":[\"http:\\\/\\\/www.caudete.org\\\/ayuntamiento\"],\"url\":\"https:\\\/\\\/www.caudete.org\\\/ayuntamiento\\\/author\\\/ayun\\\/\"}]}<\/script>\n<!-- \/ Yoast SEO plugin. -->","yoast_head_json":{"title":"AZUQUECA ACOGER\u00c1 UN PROGRAMA DE FORMACI\u00d3N DE CEFTRAL PARA LA TRANSFORMACI\u00d3N DIGITAL DE LAS EMPRESAS DE TRANSPORTE Y LOG\u00cdSTICA - MI Ayuntamiento de Caudete","description":"P\u00e1gina Oficial del Ayuntamiento de Caudete (Albacete)","robots":{"index":"index","follow":"follow","max-snippet":"max-snippet:-1","max-image-preview":"max-image-preview:large","max-video-preview":"max-video-preview:-1"},"canonical":"https:\/\/www.caudete.org\/ayuntamiento\/azuqueca-acogera-un-programa-de-formacion-de-ceftral-para-la-transformacion-digital-de-las-empresas-de-transporte-y-logistica\/","og_locale":"es_ES","og_type":"article","og_title":"AZUQUECA ACOGER\u00c1 UN PROGRAMA DE FORMACI\u00d3N DE CEFTRAL PARA LA TRANSFORMACI\u00d3N DIGITAL DE LAS EMPRESAS DE TRANSPORTE Y LOG\u00cdSTICA - MI Ayuntamiento de Caudete","og_description":"P\u00e1gina Oficial del Ayuntamiento de Caudete (Albacete)","og_url":"https:\/\/www.caudete.org\/ayuntamiento\/azuqueca-acogera-un-programa-de-formacion-de-ceftral-para-la-transformacion-digital-de-las-empresas-de-transporte-y-logistica\/","og_site_name":"MI Ayuntamiento de Caudete","article_publisher":"https:\/\/www.facebook.com\/ayuntamientocaudete\/","article_published_time":"2019-04-06T10:51:07+00:00","article_modified_time":"2020-12-15T12:27:21+00:00","og_image":[{"width":800,"height":281,"url":"https:\/\/www.caudete.org\/ayuntamiento\/wp-content\/uploads\/2020\/12\/cetm.jpg","type":"image\/jpeg"}],"author":"ayun","twitter_card":"summary_large_image","twitter_misc":{"Escrito por":"ayun","Tiempo de lectura":"3 minutos"},"schema":{"@context":"https:\/\/schema.org","@graph":[{"@type":"Article","@id":"https:\/\/www.caudete.org\/ayuntamiento\/azuqueca-acogera-un-programa-de-formacion-de-ceftral-para-la-transformacion-digital-de-las-empresas-de-transporte-y-logistica\/#article","isPartOf":{"@id":"https:\/\/www.caudete.org\/ayuntamiento\/azuqueca-acogera-un-programa-de-formacion-de-ceftral-para-la-transformacion-digital-de-las-empresas-de-transporte-y-logistica\/"},"author":{"name":"ayun","@id":"https:\/\/www.caudete.org\/ayuntamiento\/#\/schema\/person\/79f7e19fdd176fc2bc7a289013dc2056"},"headline":"AZUQUECA ACOGER\u00c1 UN PROGRAMA DE FORMACI\u00d3N DE CEFTRAL PARA LA TRANSFORMACI\u00d3N DIGITAL DE LAS EMPRESAS DE TRANSPORTE Y LOG\u00cdSTICA","datePublished":"2019-04-06T10:51:07+00:00","dateModified":"2020-12-15T12:27:21+00:00","mainEntityOfPage":{"@id":"https:\/\/www.caudete.org\/ayuntamiento\/azuqueca-acogera-un-programa-de-formacion-de-ceftral-para-la-transformacion-digital-de-las-empresas-de-transporte-y-logistica\/"},"wordCount":706,"publisher":{"@id":"https:\/\/www.caudete.org\/ayuntamiento\/#organization"},"image":{"@id":"https:\/\/www.caudete.org\/ayuntamiento\/azuqueca-acogera-un-programa-de-formacion-de-ceftral-para-la-transformacion-digital-de-las-empresas-de-transporte-y-logistica\/#primaryimage"},"thumbnailUrl":"https:\/\/www.caudete.org\/ayuntamiento\/wp-content\/uploads\/2020\/12\/cetm.jpg","articleSection":["Tabl\u00f3n informativo (Desarrollo local)"],"inLanguage":"es"},{"@type":"WebPage","@id":"https:\/\/www.caudete.org\/ayuntamiento\/azuqueca-acogera-un-programa-de-formacion-de-ceftral-para-la-transformacion-digital-de-las-empresas-de-transporte-y-logistica\/","url":"https:\/\/www.caudete.org\/ayuntamiento\/azuqueca-acogera-un-programa-de-formacion-de-ceftral-para-la-transformacion-digital-de-las-empresas-de-transporte-y-logistica\/","name":"AZUQUECA ACOGER\u00c1 UN PROGRAMA DE FORMACI\u00d3N DE CEFTRAL PARA LA TRANSFORMACI\u00d3N DIGITAL DE LAS EMPRESAS DE TRANSPORTE Y LOG\u00cdSTICA - MI Ayuntamiento de Caudete","isPartOf":{"@id":"https:\/\/www.caudete.org\/ayuntamiento\/#website"},"primaryImageOfPage":{"@id":"https:\/\/www.caudete.org\/ayuntamiento\/azuqueca-acogera-un-programa-de-formacion-de-ceftral-para-la-transformacion-digital-de-las-empresas-de-transporte-y-logistica\/#primaryimage"},"image":{"@id":"https:\/\/www.caudete.org\/ayuntamiento\/azuqueca-acogera-un-programa-de-formacion-de-ceftral-para-la-transformacion-digital-de-las-empresas-de-transporte-y-logistica\/#primaryimage"},"thumbnailUrl":"https:\/\/www.caudete.org\/ayuntamiento\/wp-content\/uploads\/2020\/12\/cetm.jpg","datePublished":"2019-04-06T10:51:07+00:00","dateModified":"2020-12-15T12:27:21+00:00","description":"P\u00e1gina Oficial del Ayuntamiento de Caudete (Albacete)","breadcrumb":{"@id":"https:\/\/www.caudete.org\/ayuntamiento\/azuqueca-acogera-un-programa-de-formacion-de-ceftral-para-la-transformacion-digital-de-las-empresas-de-transporte-y-logistica\/#breadcrumb"},"inLanguage":"es","potentialAction":[{"@type":"ReadAction","target":["https:\/\/www.caudete.org\/ayuntamiento\/azuqueca-acogera-un-programa-de-formacion-de-ceftral-para-la-transformacion-digital-de-las-empresas-de-transporte-y-logistica\/"]}]},{"@type":"ImageObject","inLanguage":"es","@id":"https:\/\/www.caudete.org\/ayuntamiento\/azuqueca-acogera-un-programa-de-formacion-de-ceftral-para-la-transformacion-digital-de-las-empresas-de-transporte-y-logistica\/#primaryimage","url":"https:\/\/www.caudete.org\/ayuntamiento\/wp-content\/uploads\/2020\/12\/cetm.jpg","contentUrl":"https:\/\/www.caudete.org\/ayuntamiento\/wp-content\/uploads\/2020\/12\/cetm.jpg","width":800,"height":281},{"@type":"BreadcrumbList","@id":"https:\/\/www.caudete.org\/ayuntamiento\/azuqueca-acogera-un-programa-de-formacion-de-ceftral-para-la-transformacion-digital-de-las-empresas-de-transporte-y-logistica\/#breadcrumb","itemListElement":[{"@type":"ListItem","position":1,"name":"Inicio","item":"https:\/\/www.caudete.org\/ayuntamiento\/"},{"@type":"ListItem","position":2,"name":"AZUQUECA ACOGER\u00c1 UN PROGRAMA DE FORMACI\u00d3N DE CEFTRAL PARA LA TRANSFORMACI\u00d3N DIGITAL DE LAS EMPRESAS DE TRANSPORTE Y LOG\u00cdSTICA"}]},{"@type":"WebSite","@id":"https:\/\/www.caudete.org\/ayuntamiento\/#website","url":"https:\/\/www.caudete.org\/ayuntamiento\/","name":"MI Ayuntamiento de Caudete","description":"P\u00e1gina Oficial del MI Ayuntamiento de Caudete","publisher":{"@id":"https:\/\/www.caudete.org\/ayuntamiento\/#organization"},"potentialAction":[{"@type":"SearchAction","target":{"@type":"EntryPoint","urlTemplate":"https:\/\/www.caudete.org\/ayuntamiento\/?s={search_term_string}"},"query-input":{"@type":"PropertyValueSpecification","valueRequired":true,"valueName":"search_term_string"}}],"inLanguage":"es"},{"@type":"Organization","@id":"https:\/\/www.caudete.org\/ayuntamiento\/#organization","name":"Ayuntamiento de Caudete","url":"https:\/\/www.caudete.org\/ayuntamiento\/","logo":{"@type":"ImageObject","inLanguage":"es","@id":"https:\/\/www.caudete.org\/ayuntamiento\/#\/schema\/logo\/image\/","url":"https:\/\/www.caudete.org\/ayuntamiento\/wp-content\/uploads\/2020\/11\/logo_ayuntamiento_caudete.jpg","contentUrl":"https:\/\/www.caudete.org\/ayuntamiento\/wp-content\/uploads\/2020\/11\/logo_ayuntamiento_caudete.jpg","width":600,"height":150,"caption":"Ayuntamiento de Caudete"},"image":{"@id":"https:\/\/www.caudete.org\/ayuntamiento\/#\/schema\/logo\/image\/"},"sameAs":["https:\/\/www.facebook.com\/ayuntamientocaudete\/","https:\/\/www.youtube.com\/channel\/UC6VztHaooNsGpw-tNoBEFnQ"]},{"@type":"Person","@id":"https:\/\/www.caudete.org\/ayuntamiento\/#\/schema\/person\/79f7e19fdd176fc2bc7a289013dc2056","name":"ayun","image":{"@type":"ImageObject","inLanguage":"es","@id":"https:\/\/secure.gravatar.com\/avatar\/4ce797ee07c943e7e592f8cd648e503e6cd571387558ed07135799c2bd2847df?s=96&d=mm&r=g","url":"https:\/\/secure.gravatar.com\/avatar\/4ce797ee07c943e7e592f8cd648e503e6cd571387558ed07135799c2bd2847df?s=96&d=mm&r=g","contentUrl":"https:\/\/secure.gravatar.com\/avatar\/4ce797ee07c943e7e592f8cd648e503e6cd571387558ed07135799c2bd2847df?s=96&d=mm&r=g","caption":"ayun"},"sameAs":["http:\/\/www.caudete.org\/ayuntamiento"],"url":"https:\/\/www.caudete.org\/ayuntamiento\/author\/ayun\/"}]}},"_links":{"self":[{"href":"https:\/\/www.caudete.org\/ayuntamiento\/wp-json\/wp\/v2\/posts\/6888","targetHints":{"allow":["GET"]}}],"collection":[{"href":"https:\/\/www.caudete.org\/ayuntamiento\/wp-json\/wp\/v2\/posts"}],"about":[{"href":"https:\/\/www.caudete.org\/ayuntamiento\/wp-json\/wp\/v2\/types\/post"}],"author":[{"embeddable":true,"href":"https:\/\/www.caudete.org\/ayuntamiento\/wp-json\/wp\/v2\/users\/1"}],"replies":[{"embeddable":true,"href":"https:\/\/www.caudete.org\/ayuntamiento\/wp-json\/wp\/v2\/comments?post=6888"}],"version-history":[{"count":2,"href":"https:\/\/www.caudete.org\/ayuntamiento\/wp-json\/wp\/v2\/posts\/6888\/revisions"}],"predecessor-version":[{"id":9703,"href":"https:\/\/www.caudete.org\/ayuntamiento\/wp-json\/wp\/v2\/posts\/6888\/revisions\/9703"}],"wp:featuredmedia":[{"embeddable":true,"href":"https:\/\/www.caudete.org\/ayuntamiento\/wp-json\/wp\/v2\/media\/6889"}],"wp:attachment":[{"href":"https:\/\/www.caudete.org\/ayuntamiento\/wp-json\/wp\/v2\/media?parent=6888"}],"wp:term":[{"taxonomy":"category","embeddable":true,"href":"https:\/\/www.caudete.org\/ayuntamiento\/wp-json\/wp\/v2\/categories?post=6888"},{"taxonomy":"post_tag","embeddable":true,"href":"https:\/\/www.caudete.org\/ayuntamiento\/wp-json\/wp\/v2\/tags?post=6888"}],"curies":[{"name":"wp","href":"https:\/\/api.w.org\/{rel}","templated":true}]}}