{"id":6894,"date":"2019-04-06T13:02:44","date_gmt":"2019-04-06T11:02:44","guid":{"rendered":"http:\/\/www.caudete.org\/ayuntamiento\/?p=6894"},"modified":"2020-12-15T13:26:03","modified_gmt":"2020-12-15T12:26:03","slug":"becas-en-desarrollo-rual-innovacion-y-politica-forestal","status":"publish","type":"post","link":"https:\/\/www.caudete.org\/ayuntamiento\/becas-en-desarrollo-rual-innovacion-y-politica-forestal\/","title":{"rendered":"BECAS EN DESARROLLO RURAL, INNOVACI\u00d3N Y POL\u00cdTICA FORESTAL"},"content":{"rendered":"<h5 style=\"text-align: justify;\">Convocatoria, para el ejercicio 2020, de diez becas en r\u00e9gimen de concurrencia competitiva y conforme a los principios de publicidad, transparencia, igualdad y no discriminaci\u00f3n, para la formaci\u00f3n pr\u00e1ctica en las \u00e1reas de conocimiento del desarrollo rural, la innovaci\u00f3n y la pol\u00edtica forestal.<\/h5>\n<p style=\"text-align: justify;\"><strong>Ingenier\u00eda Agron\u00f3mica<\/strong>: 2 becas.<\/p>\n<p style=\"text-align: justify;\"><strong>Ingenier\u00eda de Montes:<\/strong>2 becas.<\/p>\n<p style=\"text-align: justify;\"><strong>Derecho:<\/strong>2 becas.<\/p>\n<p style=\"text-align: justify;\"><strong>Periodismo:<\/strong>2 becas.<\/p>\n<p style=\"text-align: justify;\"><strong>Veterinaria:<\/strong>1 beca.<\/p>\n<p style=\"text-align: justify;\"><strong>Estad\u00edstica:<\/strong>1 beca.<\/p>\n<p style=\"text-align: justify;\">El periodo de duraci\u00f3n del programa de formaci\u00f3n de las becas no ser\u00e1 superior a un a\u00f1o natural desde la fecha de la resoluci\u00f3n de su concesi\u00f3n.<\/p>\n<p style=\"text-align: justify;\">Plazo de presentaci\u00f3n de solicitudes: quince d\u00edas a partir del d\u00eda siguiente al de publicaci\u00f3n del extracto.<\/p>\n<p style=\"text-align: justify;\"><strong>Convoca:<\/strong><\/p>\n<p style=\"text-align: justify;\">Ministerio de Agricultura, Pesca y Alimentaci\u00f3n<\/p>\n<p style=\"text-align: justify;\"><strong>Requisitos:<\/strong><\/p>\n<p style=\"text-align: justify;\">Tener nacionalidad espa\u00f1ola o ser nacional de alg\u00fan Estado miembro de la Uni\u00f3n Europea o de los signatarios del Acuerdo sobre el Espacio Econ\u00f3mico Europeo, residente legal en Espa\u00f1a, en los que concurran las circunstancias previstas en las bases reguladoras y en esta convocatoria, y que cumplan los requisitos establecidos en la Ley 38\/2003, de 17 de noviembre.<\/p>\n<p style=\"text-align: justify;\">Dominio del idioma espa\u00f1ol. S\u00f3lo se requerir\u00e1 prueba documental en los casos en que no se trate de candidatos espa\u00f1oles o hispanoamericanos y que lleven residiendo en Espa\u00f1a por un periodo inferior a dos a\u00f1os.<\/p>\n<p style=\"text-align: justify;\">Estar en posesi\u00f3n o en condiciones de obtener, el \u00faltimo d\u00eda del plazo de presentaci\u00f3n de solicitudes, el t\u00edtulo universitario de licenciado, ingeniero superior, m\u00e1ster o titulaciones equivalentes en las materias y especialidades relacionadas con estas becas Haber finalizado los estudios indicados en el apartado anterior en los seis a\u00f1os anteriores al de la publicaci\u00f3n del extracto de esta convocatoria, para la que se solicite la beca, en el BOE.<\/p>\n<p style=\"text-align: justify;\">No estar incurso en ninguna de las circunstancias y prohibiciones que impiden obtener la condici\u00f3n de beneficiario de subvenciones seg\u00fan el art\u00edculo 13 de la Ley 38\/2003, de 17 de noviembre.<\/p>\n<p style=\"text-align: justify;\">Acreditar mediante titulaci\u00f3n oficial conocimientos del idioma ingl\u00e9s de nivel m\u00ednimo B1.<\/p>\n<p style=\"text-align: justify;\"><strong>Bolet\u00edn Oficial BOE 09\/09\/2019<\/strong><\/p>\n<p style=\"text-align: justify;\"><strong>Dotaci\u00f3n:<\/strong><\/p>\n<p style=\"text-align: justify;\">La cuant\u00eda de estas becas ser\u00e1 de 1.150 euros brutos mensuales.<\/p>\n<p style=\"text-align: justify;\"><strong>M\u00e1s Informaci\u00f3n:<\/strong><\/p>\n<p style=\"text-align: justify;\">Extracto de la Orden de 27 de agosto de 2020, por la que se convocan las becas de formaci\u00f3n pr\u00e1ctica para titulados universitarios en el \u00e1rea de desarrollo rural, innovaci\u00f3n y pol\u00edtica forestal. BOE 9 de septiembre 2019<\/p>\n<p style=\"text-align: justify;\">De conformidad con lo previsto en los art\u00edculos 17.3.b y 20.8.a de la Ley 38\/ 2003, de 17 de noviembre, General de Subvenciones, se publica el extracto de la convocatoria cuyo texto completo puede consultarse en la Base de Datos Nacional de Subvenciones Bases Reguladoras. Orden APA\/511\/2019, de 26 de abril, por la que se establecen las bases reguladoras para la concesi\u00f3n de becas de formaci\u00f3n pr\u00e1ctica para titulados universitarios, en distintas materias del \u00e1mbito del Ministerio de Agricultura, Pesca y Alimentaci\u00f3n y sus Organismos Aut\u00f3nomos. BOE 8 de mayo.<\/p>\n<p style=\"text-align: justify;\"><strong>Clic aqu\u00ed para toda la informaci\u00f3n:<\/strong><\/p>\n<p style=\"text-align: justify;\"><a title=\"http:\/\/www.injuve.es\/convocatorias\/becas\/becas-en-desarrollo-rural-innovacion-y-politica-forestal\" href=\"http:\/\/www.injuve.es\/convocatorias\/becas\/becas-en-desarrollo-rural-innovacion-y-politica-forestal\" target=\"_blank\" rel=\"noopener noreferrer nofollow\">http:\/\/www.injuve.es\/convocatorias\/becas\/becas-en-desarrollo-rural-innovacion-y-politica-forestal<\/a><\/p>\n","protected":false},"excerpt":{"rendered":"<p>Convocatoria, para el ejercicio 2020, de diez becas en r\u00e9gimen de concurrencia competitiva y conforme a los principios de publicidad, transparencia, igualdad y no discriminaci\u00f3n, para la formaci\u00f3n pr\u00e1ctica en las \u00e1reas de conocimiento del desarrollo rural, la innovaci\u00f3n y la pol\u00edtica forestal. Ingenier\u00eda Agron\u00f3mica: 2 becas. Ingenier\u00eda de Montes:2 becas. Derecho:2 becas. Periodismo:2 becas. &hellip;<\/p>\n","protected":false},"author":1,"featured_media":6895,"comment_status":"closed","ping_status":"open","sticky":false,"template":"","format":"standard","meta":{"ngg_post_thumbnail":0,"footnotes":""},"categories":[90],"tags":[],"class_list":["post-6894","post","type-post","status-publish","format-standard","has-post-thumbnail","hentry","category-tablon-informativo-desarrollo-local"],"yoast_head":"<!-- This site is optimized with the Yoast SEO plugin v27.5 - https:\/\/yoast.com\/product\/yoast-seo-wordpress\/ -->\n<title>BECAS EN DESARROLLO RURAL, INNOVACI\u00d3N Y POL\u00cdTICA FORESTAL - MI Ayuntamiento de Caudete<\/title>\n<meta name=\"description\" content=\"P\u00e1gina Oficial del Ayuntamiento de Caudete (Albacete)\" \/>\n<meta name=\"robots\" content=\"index, follow, max-snippet:-1, max-image-preview:large, max-video-preview:-1\" \/>\n<link rel=\"canonical\" href=\"https:\/\/www.caudete.org\/ayuntamiento\/becas-en-desarrollo-rual-innovacion-y-politica-forestal\/\" \/>\n<meta property=\"og:locale\" content=\"es_ES\" \/>\n<meta property=\"og:type\" content=\"article\" \/>\n<meta property=\"og:title\" content=\"BECAS EN DESARROLLO RURAL, INNOVACI\u00d3N Y POL\u00cdTICA FORESTAL - MI Ayuntamiento de Caudete\" \/>\n<meta property=\"og:description\" content=\"P\u00e1gina Oficial del Ayuntamiento de Caudete (Albacete)\" \/>\n<meta property=\"og:url\" content=\"https:\/\/www.caudete.org\/ayuntamiento\/becas-en-desarrollo-rual-innovacion-y-politica-forestal\/\" \/>\n<meta property=\"og:site_name\" content=\"MI Ayuntamiento de Caudete\" \/>\n<meta property=\"article:publisher\" content=\"https:\/\/www.facebook.com\/ayuntamientocaudete\/\" \/>\n<meta property=\"article:published_time\" content=\"2019-04-06T11:02:44+00:00\" \/>\n<meta property=\"article:modified_time\" content=\"2020-12-15T12:26:03+00:00\" \/>\n<meta property=\"og:image\" content=\"https:\/\/www.caudete.org\/ayuntamiento\/wp-content\/uploads\/2020\/12\/bcep.jpg\" \/>\n\t<meta property=\"og:image:width\" content=\"480\" \/>\n\t<meta property=\"og:image:height\" content=\"321\" \/>\n\t<meta property=\"og:image:type\" content=\"image\/jpeg\" \/>\n<meta name=\"author\" content=\"ayun\" \/>\n<meta name=\"twitter:card\" content=\"summary_large_image\" \/>\n<meta name=\"twitter:label1\" content=\"Escrito por\" \/>\n\t<meta name=\"twitter:data1\" content=\"ayun\" \/>\n\t<meta name=\"twitter:label2\" content=\"Tiempo de lectura\" \/>\n\t<meta name=\"twitter:data2\" content=\"3 minutos\" \/>\n<script type=\"application\/ld+json\" class=\"yoast-schema-graph\">{\"@context\":\"https:\\\/\\\/schema.org\",\"@graph\":[{\"@type\":\"Article\",\"@id\":\"https:\\\/\\\/www.caudete.org\\\/ayuntamiento\\\/becas-en-desarrollo-rual-innovacion-y-politica-forestal\\\/#article\",\"isPartOf\":{\"@id\":\"https:\\\/\\\/www.caudete.org\\\/ayuntamiento\\\/becas-en-desarrollo-rual-innovacion-y-politica-forestal\\\/\"},\"author\":{\"name\":\"ayun\",\"@id\":\"https:\\\/\\\/www.caudete.org\\\/ayuntamiento\\\/#\\\/schema\\\/person\\\/79f7e19fdd176fc2bc7a289013dc2056\"},\"headline\":\"BECAS EN DESARROLLO RURAL, INNOVACI\u00d3N Y POL\u00cdTICA FORESTAL\",\"datePublished\":\"2019-04-06T11:02:44+00:00\",\"dateModified\":\"2020-12-15T12:26:03+00:00\",\"mainEntityOfPage\":{\"@id\":\"https:\\\/\\\/www.caudete.org\\\/ayuntamiento\\\/becas-en-desarrollo-rual-innovacion-y-politica-forestal\\\/\"},\"wordCount\":527,\"publisher\":{\"@id\":\"https:\\\/\\\/www.caudete.org\\\/ayuntamiento\\\/#organization\"},\"image\":{\"@id\":\"https:\\\/\\\/www.caudete.org\\\/ayuntamiento\\\/becas-en-desarrollo-rual-innovacion-y-politica-forestal\\\/#primaryimage\"},\"thumbnailUrl\":\"https:\\\/\\\/www.caudete.org\\\/ayuntamiento\\\/wp-content\\\/uploads\\\/2020\\\/12\\\/bcep.jpg\",\"articleSection\":[\"Tabl\u00f3n informativo (Desarrollo local)\"],\"inLanguage\":\"es\"},{\"@type\":\"WebPage\",\"@id\":\"https:\\\/\\\/www.caudete.org\\\/ayuntamiento\\\/becas-en-desarrollo-rual-innovacion-y-politica-forestal\\\/\",\"url\":\"https:\\\/\\\/www.caudete.org\\\/ayuntamiento\\\/becas-en-desarrollo-rual-innovacion-y-politica-forestal\\\/\",\"name\":\"BECAS EN DESARROLLO RURAL, INNOVACI\u00d3N Y POL\u00cdTICA FORESTAL - MI Ayuntamiento de Caudete\",\"isPartOf\":{\"@id\":\"https:\\\/\\\/www.caudete.org\\\/ayuntamiento\\\/#website\"},\"primaryImageOfPage\":{\"@id\":\"https:\\\/\\\/www.caudete.org\\\/ayuntamiento\\\/becas-en-desarrollo-rual-innovacion-y-politica-forestal\\\/#primaryimage\"},\"image\":{\"@id\":\"https:\\\/\\\/www.caudete.org\\\/ayuntamiento\\\/becas-en-desarrollo-rual-innovacion-y-politica-forestal\\\/#primaryimage\"},\"thumbnailUrl\":\"https:\\\/\\\/www.caudete.org\\\/ayuntamiento\\\/wp-content\\\/uploads\\\/2020\\\/12\\\/bcep.jpg\",\"datePublished\":\"2019-04-06T11:02:44+00:00\",\"dateModified\":\"2020-12-15T12:26:03+00:00\",\"description\":\"P\u00e1gina Oficial del Ayuntamiento de Caudete (Albacete)\",\"breadcrumb\":{\"@id\":\"https:\\\/\\\/www.caudete.org\\\/ayuntamiento\\\/becas-en-desarrollo-rual-innovacion-y-politica-forestal\\\/#breadcrumb\"},\"inLanguage\":\"es\",\"potentialAction\":[{\"@type\":\"ReadAction\",\"target\":[\"https:\\\/\\\/www.caudete.org\\\/ayuntamiento\\\/becas-en-desarrollo-rual-innovacion-y-politica-forestal\\\/\"]}]},{\"@type\":\"ImageObject\",\"inLanguage\":\"es\",\"@id\":\"https:\\\/\\\/www.caudete.org\\\/ayuntamiento\\\/becas-en-desarrollo-rual-innovacion-y-politica-forestal\\\/#primaryimage\",\"url\":\"https:\\\/\\\/www.caudete.org\\\/ayuntamiento\\\/wp-content\\\/uploads\\\/2020\\\/12\\\/bcep.jpg\",\"contentUrl\":\"https:\\\/\\\/www.caudete.org\\\/ayuntamiento\\\/wp-content\\\/uploads\\\/2020\\\/12\\\/bcep.jpg\",\"width\":480,\"height\":321},{\"@type\":\"BreadcrumbList\",\"@id\":\"https:\\\/\\\/www.caudete.org\\\/ayuntamiento\\\/becas-en-desarrollo-rual-innovacion-y-politica-forestal\\\/#breadcrumb\",\"itemListElement\":[{\"@type\":\"ListItem\",\"position\":1,\"name\":\"Inicio\",\"item\":\"https:\\\/\\\/www.caudete.org\\\/ayuntamiento\\\/\"},{\"@type\":\"ListItem\",\"position\":2,\"name\":\"BECAS EN DESARROLLO RURAL, INNOVACI\u00d3N Y POL\u00cdTICA FORESTAL\"}]},{\"@type\":\"WebSite\",\"@id\":\"https:\\\/\\\/www.caudete.org\\\/ayuntamiento\\\/#website\",\"url\":\"https:\\\/\\\/www.caudete.org\\\/ayuntamiento\\\/\",\"name\":\"MI Ayuntamiento de Caudete\",\"description\":\"P\u00e1gina Oficial del MI Ayuntamiento de Caudete\",\"publisher\":{\"@id\":\"https:\\\/\\\/www.caudete.org\\\/ayuntamiento\\\/#organization\"},\"potentialAction\":[{\"@type\":\"SearchAction\",\"target\":{\"@type\":\"EntryPoint\",\"urlTemplate\":\"https:\\\/\\\/www.caudete.org\\\/ayuntamiento\\\/?s={search_term_string}\"},\"query-input\":{\"@type\":\"PropertyValueSpecification\",\"valueRequired\":true,\"valueName\":\"search_term_string\"}}],\"inLanguage\":\"es\"},{\"@type\":\"Organization\",\"@id\":\"https:\\\/\\\/www.caudete.org\\\/ayuntamiento\\\/#organization\",\"name\":\"Ayuntamiento de Caudete\",\"url\":\"https:\\\/\\\/www.caudete.org\\\/ayuntamiento\\\/\",\"logo\":{\"@type\":\"ImageObject\",\"inLanguage\":\"es\",\"@id\":\"https:\\\/\\\/www.caudete.org\\\/ayuntamiento\\\/#\\\/schema\\\/logo\\\/image\\\/\",\"url\":\"https:\\\/\\\/www.caudete.org\\\/ayuntamiento\\\/wp-content\\\/uploads\\\/2020\\\/11\\\/logo_ayuntamiento_caudete.jpg\",\"contentUrl\":\"https:\\\/\\\/www.caudete.org\\\/ayuntamiento\\\/wp-content\\\/uploads\\\/2020\\\/11\\\/logo_ayuntamiento_caudete.jpg\",\"width\":600,\"height\":150,\"caption\":\"Ayuntamiento de Caudete\"},\"image\":{\"@id\":\"https:\\\/\\\/www.caudete.org\\\/ayuntamiento\\\/#\\\/schema\\\/logo\\\/image\\\/\"},\"sameAs\":[\"https:\\\/\\\/www.facebook.com\\\/ayuntamientocaudete\\\/\",\"https:\\\/\\\/www.youtube.com\\\/channel\\\/UC6VztHaooNsGpw-tNoBEFnQ\"]},{\"@type\":\"Person\",\"@id\":\"https:\\\/\\\/www.caudete.org\\\/ayuntamiento\\\/#\\\/schema\\\/person\\\/79f7e19fdd176fc2bc7a289013dc2056\",\"name\":\"ayun\",\"image\":{\"@type\":\"ImageObject\",\"inLanguage\":\"es\",\"@id\":\"https:\\\/\\\/secure.gravatar.com\\\/avatar\\\/4ce797ee07c943e7e592f8cd648e503e6cd571387558ed07135799c2bd2847df?s=96&d=mm&r=g\",\"url\":\"https:\\\/\\\/secure.gravatar.com\\\/avatar\\\/4ce797ee07c943e7e592f8cd648e503e6cd571387558ed07135799c2bd2847df?s=96&d=mm&r=g\",\"contentUrl\":\"https:\\\/\\\/secure.gravatar.com\\\/avatar\\\/4ce797ee07c943e7e592f8cd648e503e6cd571387558ed07135799c2bd2847df?s=96&d=mm&r=g\",\"caption\":\"ayun\"},\"sameAs\":[\"http:\\\/\\\/www.caudete.org\\\/ayuntamiento\"],\"url\":\"https:\\\/\\\/www.caudete.org\\\/ayuntamiento\\\/author\\\/ayun\\\/\"}]}<\/script>\n<!-- \/ Yoast SEO plugin. -->","yoast_head_json":{"title":"BECAS EN DESARROLLO RURAL, INNOVACI\u00d3N Y POL\u00cdTICA FORESTAL - MI Ayuntamiento de Caudete","description":"P\u00e1gina Oficial del Ayuntamiento de Caudete (Albacete)","robots":{"index":"index","follow":"follow","max-snippet":"max-snippet:-1","max-image-preview":"max-image-preview:large","max-video-preview":"max-video-preview:-1"},"canonical":"https:\/\/www.caudete.org\/ayuntamiento\/becas-en-desarrollo-rual-innovacion-y-politica-forestal\/","og_locale":"es_ES","og_type":"article","og_title":"BECAS EN DESARROLLO RURAL, INNOVACI\u00d3N Y POL\u00cdTICA FORESTAL - MI Ayuntamiento de Caudete","og_description":"P\u00e1gina Oficial del Ayuntamiento de Caudete (Albacete)","og_url":"https:\/\/www.caudete.org\/ayuntamiento\/becas-en-desarrollo-rual-innovacion-y-politica-forestal\/","og_site_name":"MI Ayuntamiento de Caudete","article_publisher":"https:\/\/www.facebook.com\/ayuntamientocaudete\/","article_published_time":"2019-04-06T11:02:44+00:00","article_modified_time":"2020-12-15T12:26:03+00:00","og_image":[{"width":480,"height":321,"url":"https:\/\/www.caudete.org\/ayuntamiento\/wp-content\/uploads\/2020\/12\/bcep.jpg","type":"image\/jpeg"}],"author":"ayun","twitter_card":"summary_large_image","twitter_misc":{"Escrito por":"ayun","Tiempo de lectura":"3 minutos"},"schema":{"@context":"https:\/\/schema.org","@graph":[{"@type":"Article","@id":"https:\/\/www.caudete.org\/ayuntamiento\/becas-en-desarrollo-rual-innovacion-y-politica-forestal\/#article","isPartOf":{"@id":"https:\/\/www.caudete.org\/ayuntamiento\/becas-en-desarrollo-rual-innovacion-y-politica-forestal\/"},"author":{"name":"ayun","@id":"https:\/\/www.caudete.org\/ayuntamiento\/#\/schema\/person\/79f7e19fdd176fc2bc7a289013dc2056"},"headline":"BECAS EN DESARROLLO RURAL, INNOVACI\u00d3N Y POL\u00cdTICA FORESTAL","datePublished":"2019-04-06T11:02:44+00:00","dateModified":"2020-12-15T12:26:03+00:00","mainEntityOfPage":{"@id":"https:\/\/www.caudete.org\/ayuntamiento\/becas-en-desarrollo-rual-innovacion-y-politica-forestal\/"},"wordCount":527,"publisher":{"@id":"https:\/\/www.caudete.org\/ayuntamiento\/#organization"},"image":{"@id":"https:\/\/www.caudete.org\/ayuntamiento\/becas-en-desarrollo-rual-innovacion-y-politica-forestal\/#primaryimage"},"thumbnailUrl":"https:\/\/www.caudete.org\/ayuntamiento\/wp-content\/uploads\/2020\/12\/bcep.jpg","articleSection":["Tabl\u00f3n informativo (Desarrollo local)"],"inLanguage":"es"},{"@type":"WebPage","@id":"https:\/\/www.caudete.org\/ayuntamiento\/becas-en-desarrollo-rual-innovacion-y-politica-forestal\/","url":"https:\/\/www.caudete.org\/ayuntamiento\/becas-en-desarrollo-rual-innovacion-y-politica-forestal\/","name":"BECAS EN DESARROLLO RURAL, INNOVACI\u00d3N Y POL\u00cdTICA FORESTAL - MI Ayuntamiento de Caudete","isPartOf":{"@id":"https:\/\/www.caudete.org\/ayuntamiento\/#website"},"primaryImageOfPage":{"@id":"https:\/\/www.caudete.org\/ayuntamiento\/becas-en-desarrollo-rual-innovacion-y-politica-forestal\/#primaryimage"},"image":{"@id":"https:\/\/www.caudete.org\/ayuntamiento\/becas-en-desarrollo-rual-innovacion-y-politica-forestal\/#primaryimage"},"thumbnailUrl":"https:\/\/www.caudete.org\/ayuntamiento\/wp-content\/uploads\/2020\/12\/bcep.jpg","datePublished":"2019-04-06T11:02:44+00:00","dateModified":"2020-12-15T12:26:03+00:00","description":"P\u00e1gina Oficial del Ayuntamiento de Caudete (Albacete)","breadcrumb":{"@id":"https:\/\/www.caudete.org\/ayuntamiento\/becas-en-desarrollo-rual-innovacion-y-politica-forestal\/#breadcrumb"},"inLanguage":"es","potentialAction":[{"@type":"ReadAction","target":["https:\/\/www.caudete.org\/ayuntamiento\/becas-en-desarrollo-rual-innovacion-y-politica-forestal\/"]}]},{"@type":"ImageObject","inLanguage":"es","@id":"https:\/\/www.caudete.org\/ayuntamiento\/becas-en-desarrollo-rual-innovacion-y-politica-forestal\/#primaryimage","url":"https:\/\/www.caudete.org\/ayuntamiento\/wp-content\/uploads\/2020\/12\/bcep.jpg","contentUrl":"https:\/\/www.caudete.org\/ayuntamiento\/wp-content\/uploads\/2020\/12\/bcep.jpg","width":480,"height":321},{"@type":"BreadcrumbList","@id":"https:\/\/www.caudete.org\/ayuntamiento\/becas-en-desarrollo-rual-innovacion-y-politica-forestal\/#breadcrumb","itemListElement":[{"@type":"ListItem","position":1,"name":"Inicio","item":"https:\/\/www.caudete.org\/ayuntamiento\/"},{"@type":"ListItem","position":2,"name":"BECAS EN DESARROLLO RURAL, INNOVACI\u00d3N Y POL\u00cdTICA FORESTAL"}]},{"@type":"WebSite","@id":"https:\/\/www.caudete.org\/ayuntamiento\/#website","url":"https:\/\/www.caudete.org\/ayuntamiento\/","name":"MI Ayuntamiento de Caudete","description":"P\u00e1gina Oficial del MI Ayuntamiento de Caudete","publisher":{"@id":"https:\/\/www.caudete.org\/ayuntamiento\/#organization"},"potentialAction":[{"@type":"SearchAction","target":{"@type":"EntryPoint","urlTemplate":"https:\/\/www.caudete.org\/ayuntamiento\/?s={search_term_string}"},"query-input":{"@type":"PropertyValueSpecification","valueRequired":true,"valueName":"search_term_string"}}],"inLanguage":"es"},{"@type":"Organization","@id":"https:\/\/www.caudete.org\/ayuntamiento\/#organization","name":"Ayuntamiento de Caudete","url":"https:\/\/www.caudete.org\/ayuntamiento\/","logo":{"@type":"ImageObject","inLanguage":"es","@id":"https:\/\/www.caudete.org\/ayuntamiento\/#\/schema\/logo\/image\/","url":"https:\/\/www.caudete.org\/ayuntamiento\/wp-content\/uploads\/2020\/11\/logo_ayuntamiento_caudete.jpg","contentUrl":"https:\/\/www.caudete.org\/ayuntamiento\/wp-content\/uploads\/2020\/11\/logo_ayuntamiento_caudete.jpg","width":600,"height":150,"caption":"Ayuntamiento de Caudete"},"image":{"@id":"https:\/\/www.caudete.org\/ayuntamiento\/#\/schema\/logo\/image\/"},"sameAs":["https:\/\/www.facebook.com\/ayuntamientocaudete\/","https:\/\/www.youtube.com\/channel\/UC6VztHaooNsGpw-tNoBEFnQ"]},{"@type":"Person","@id":"https:\/\/www.caudete.org\/ayuntamiento\/#\/schema\/person\/79f7e19fdd176fc2bc7a289013dc2056","name":"ayun","image":{"@type":"ImageObject","inLanguage":"es","@id":"https:\/\/secure.gravatar.com\/avatar\/4ce797ee07c943e7e592f8cd648e503e6cd571387558ed07135799c2bd2847df?s=96&d=mm&r=g","url":"https:\/\/secure.gravatar.com\/avatar\/4ce797ee07c943e7e592f8cd648e503e6cd571387558ed07135799c2bd2847df?s=96&d=mm&r=g","contentUrl":"https:\/\/secure.gravatar.com\/avatar\/4ce797ee07c943e7e592f8cd648e503e6cd571387558ed07135799c2bd2847df?s=96&d=mm&r=g","caption":"ayun"},"sameAs":["http:\/\/www.caudete.org\/ayuntamiento"],"url":"https:\/\/www.caudete.org\/ayuntamiento\/author\/ayun\/"}]}},"_links":{"self":[{"href":"https:\/\/www.caudete.org\/ayuntamiento\/wp-json\/wp\/v2\/posts\/6894","targetHints":{"allow":["GET"]}}],"collection":[{"href":"https:\/\/www.caudete.org\/ayuntamiento\/wp-json\/wp\/v2\/posts"}],"about":[{"href":"https:\/\/www.caudete.org\/ayuntamiento\/wp-json\/wp\/v2\/types\/post"}],"author":[{"embeddable":true,"href":"https:\/\/www.caudete.org\/ayuntamiento\/wp-json\/wp\/v2\/users\/1"}],"replies":[{"embeddable":true,"href":"https:\/\/www.caudete.org\/ayuntamiento\/wp-json\/wp\/v2\/comments?post=6894"}],"version-history":[{"count":2,"href":"https:\/\/www.caudete.org\/ayuntamiento\/wp-json\/wp\/v2\/posts\/6894\/revisions"}],"predecessor-version":[{"id":9701,"href":"https:\/\/www.caudete.org\/ayuntamiento\/wp-json\/wp\/v2\/posts\/6894\/revisions\/9701"}],"wp:featuredmedia":[{"embeddable":true,"href":"https:\/\/www.caudete.org\/ayuntamiento\/wp-json\/wp\/v2\/media\/6895"}],"wp:attachment":[{"href":"https:\/\/www.caudete.org\/ayuntamiento\/wp-json\/wp\/v2\/media?parent=6894"}],"wp:term":[{"taxonomy":"category","embeddable":true,"href":"https:\/\/www.caudete.org\/ayuntamiento\/wp-json\/wp\/v2\/categories?post=6894"},{"taxonomy":"post_tag","embeddable":true,"href":"https:\/\/www.caudete.org\/ayuntamiento\/wp-json\/wp\/v2\/tags?post=6894"}],"curies":[{"name":"wp","href":"https:\/\/api.w.org\/{rel}","templated":true}]}}