{"id":7035,"date":"2019-05-06T14:48:55","date_gmt":"2019-05-06T12:48:55","guid":{"rendered":"http:\/\/www.caudete.org\/ayuntamiento\/?p=7035"},"modified":"2020-12-15T13:21:10","modified_gmt":"2020-12-15T12:21:10","slug":"curso-de-ganaderia-equina-cofinanciado-por-el-fondo-europeo-feader-con-la-colaboracion-aso-ca-man-p-r-e","status":"publish","type":"post","link":"https:\/\/www.caudete.org\/ayuntamiento\/curso-de-ganaderia-equina-cofinanciado-por-el-fondo-europeo-feader-con-la-colaboracion-aso-ca-man-p-r-e\/","title":{"rendered":"CURSO DE GANADERIA EQUINA . Cofinanciado por el Fondo Europeo Feader. Con la colaboraci\u00f3n ASO-CA-MAN P.R.E."},"content":{"rendered":"<h5 style=\"text-align: justify;\">DESTINATARIOS: Profesionales del sector agrario y forestal y personas del medio rural que trabajen o vayan a trabajar en estas actividades especialmente los j\u00f3venes y las mujeres. Cualquier persona del medio rural interesada en adquirir estos conocimientos.<\/h5>\n<p style=\"text-align: justify;\"><b>OBJETIVOS:<\/b><br \/>\nEl incremento en el censo caballar que se ha producido durante estos \u00faltimos a\u00f1os, justifica incluir a el mundo del caballo como objetivo de formaci\u00f3n Con este curso pretendemos dar a conocer algunos aspectos sobre manejo y t\u00e9cnicas de reproducci\u00f3n del caballo. Comercializaci\u00f3n. As\u00ed mismo la funcionalidad, morfolog\u00eda y gen\u00e9tica de nuestro PRE ( pura raza espa\u00f1ola), merece unas consideraciones, no olvidemos que el PRE es la denominaci\u00f3n Oficial que recibe en Espa\u00f1a la raza equina que hist\u00f3ricamente se conoce como Caballo Andaluz. Caballo con soltura, fuerza y elegancia, valorado en el mundo entero. Ideal para la doma y paseo.<br \/>\nNo podemos cerrar este curso sin dar a conocer el proceso patol\u00f3gico m\u00e1s com\u00fan EL COLICO , dejando la patolog\u00eda del pie del caballo para otro curso especifico<\/p>\n<p><b>DIAS :<\/b><br \/>\nD\u00edas: del 18 al 20 de Noviembre de 2019<br \/>\nHorario: de 16:00 a 21:00 horas<br \/>\nD\u00eda: 21 de Noviembre de 2019<br \/>\nHorario: de 9:00 a 14:00 horas<br \/>\nDuraci\u00f3n : 20 horas<br \/>\nCURSO GRATUITO<\/p>\n<p>Centro de Formaci\u00f3n Agroambiental Ctra. de Ayora Km. 1,5 \u2013 02006 ALBACETE<br \/>\nX5XC+QJ Albacete<br \/>\n<b>Haz clic para ver el mapa de situaci\u00f3n <\/b><br \/>\n<a href=\"https:\/\/goo.gl\/maps\/EfdRBwiwxsB2\" target=\"_blank\" rel=\"nofollow\">www.goo.gl\/maps\/EfdRBwiwxsB2<\/a><\/p>\n<p><b>INSCRIPCI\u00d3N:<\/b><br \/>\nPara asistir a este curso hay que contactar con:<br \/>\nJuan Carlos Vilches de Frutos<br \/>\nTel\u00e9fono: 967 55 85 50<br \/>\nemail: <a href=\"mailto:jcvilchesd@jccm.es\" target=\"_blank\" rel=\"nofollow\">jcvilchesd@jccm.es<\/a><br \/>\naportando sus datos personales (nombre completo, tel\u00e9fono, correo electr\u00f3nico)<\/p>\n<p>Direcci\u00f3n Provincial de Agricultura Medio Ambiente y Desarrollo Rural de Albacete<br \/>\nTfno: 967 55 85 50<br \/>\ne-mail: <a href=\"mailto:jcvilchesd@jccm.es\" target=\"_blank\" rel=\"nofollow\">jcvilchesd@jccm.es<\/a><\/p>\n<p><b>PROGRAMA:<\/b><\/p>\n<p><b>D\u00eda: Lunes 18 de Noviembre de 2019<br \/>\nDe 16.00 a 19.00 horas:<\/b><\/p>\n<p>PONENTE.- D. Joaqu\u00edn Pag\u00e1n Mart\u00ednez<br \/>\nVeterinario cl\u00ednico de \u00c9quidos y ganadero.<br \/>\nASPECTOS DE MANEJO Y REPRODUCTIVOS EN EXPLOTACIONES EQUINAS:<br \/>\n-Medicina preventiva en yeguas. Abortos<br \/>\n-Problemas reproductivos del semental y su manejo en condiciones de campo.<\/p>\n<p><b>De 19.00 a 21.00 horas: <\/b><\/p>\n<p>PONENTE.- D. Jos\u00e9 Domingo G\u00f3mez Moya. Veterinario Cl\u00ednico de \u00c9quidos.<br \/>\nREQUISITOS NECESARIOS A LA HORA DE TRANSPORTAR UN CABALLO.<\/p>\n<p><b>D\u00eda: Martes 19 de Noviembre de 2019<br \/>\nDe 16.00 a 21.00 horas:<\/b><\/p>\n<p>PONENTE.- D. Jos\u00e9 Domingo G\u00f3mez Moya. Veterinario Cl\u00ednico de \u00c9quidos.<br \/>\nMORFOLOGIA DEL CABALLO PRE. EVOLUCI\u00d3N HISTORICA.<br \/>\nAspectos funcionales del caballo de pura raza Espa\u00f1ol.<\/p>\n<p><b>D\u00eda: Mi\u00e9rcoles 20 de Noviembre de 2019<br \/>\nDe 16.00 a 19.00 horas:<\/b><\/p>\n<p>PONENTE.- D. Joaqu\u00edn Pag\u00e1n Mart\u00ednez Veterinario cl\u00ednico de \u00c9quidos y ganadero. HEREDABILIDAD DE LACAPA DEL PRE<\/p>\n<p><b>De 19:00 a 21:00 horas:<\/b><\/p>\n<p>PONENTE.- D. Joaqu\u00edn Pag\u00e1n Mart\u00ednez<br \/>\nVeterinario Cl\u00ednico de \u00c9quidos y ganadero<br \/>\nEL C\u00d3LICO EQUINO\u201d ASPECTOS CLINICOS<br \/>\n-Sintomatolog\u00eda, diagn\u00f3stico y tratamiento.<\/p>\n<p><b>D\u00eda: Jueves 21 de Noviembre de 2019<br \/>\nDe 9:00 a 14:00 horas:<\/b><\/p>\n<p>VISITA A UNA EXPLOTACI\u00d3N EQUINA<\/p>\n<p style=\"text-align: justify;\"><a href=\"http:\/\/caudete.org\/ayuntamiento\/eniusimg\/enius146\/2019\/10\/adjuntos_fichero_906474dcac8c5419.pdf\" class=\"mtli_attachment mtli_pdf\" target=\"_blank\" rel=\"noopener noreferrer nofollow\">SOLICITUD DE ASISTENCIA <\/a><\/p>\n<p><img fetchpriority=\"high\" decoding=\"async\" class=\"aligncenter size-full wp-image-7037\" src=\"http:\/\/www.caudete.org\/ayuntamiento\/wp-content\/uploads\/2020\/12\/ganaequi1.jpg\" alt=\"\" width=\"800\" height=\"565\" srcset=\"https:\/\/www.caudete.org\/ayuntamiento\/wp-content\/uploads\/2020\/12\/ganaequi1.jpg 800w, https:\/\/www.caudete.org\/ayuntamiento\/wp-content\/uploads\/2020\/12\/ganaequi1-300x212.jpg 300w, https:\/\/www.caudete.org\/ayuntamiento\/wp-content\/uploads\/2020\/12\/ganaequi1-768x542.jpg 768w\" sizes=\"(max-width: 800px) 100vw, 800px\" \/><\/p>\n<p><img decoding=\"async\" class=\"aligncenter size-full wp-image-7039\" src=\"http:\/\/www.caudete.org\/ayuntamiento\/wp-content\/uploads\/2020\/12\/ganaequi2.jpg\" alt=\"\" width=\"800\" height=\"565\" srcset=\"https:\/\/www.caudete.org\/ayuntamiento\/wp-content\/uploads\/2020\/12\/ganaequi2.jpg 800w, https:\/\/www.caudete.org\/ayuntamiento\/wp-content\/uploads\/2020\/12\/ganaequi2-300x212.jpg 300w, https:\/\/www.caudete.org\/ayuntamiento\/wp-content\/uploads\/2020\/12\/ganaequi2-768x542.jpg 768w\" sizes=\"(max-width: 800px) 100vw, 800px\" \/><\/p>\n","protected":false},"excerpt":{"rendered":"<p>DESTINATARIOS: Profesionales del sector agrario y forestal y personas del medio rural que trabajen o vayan a trabajar en estas actividades especialmente los j\u00f3venes y las mujeres. Cualquier persona del medio rural interesada en adquirir estos conocimientos. OBJETIVOS: El incremento en el censo caballar que se ha producido durante estos \u00faltimos a\u00f1os, justifica incluir a &hellip;<\/p>\n","protected":false},"author":1,"featured_media":7037,"comment_status":"closed","ping_status":"open","sticky":false,"template":"","format":"standard","meta":{"ngg_post_thumbnail":0,"footnotes":""},"categories":[90],"tags":[],"class_list":["post-7035","post","type-post","status-publish","format-standard","has-post-thumbnail","hentry","category-tablon-informativo-desarrollo-local"],"yoast_head":"<!-- This site is optimized with the Yoast SEO plugin v27.5 - https:\/\/yoast.com\/product\/yoast-seo-wordpress\/ -->\n<title>CURSO DE GANADERIA EQUINA . Cofinanciado por el Fondo Europeo Feader. Con la colaboraci\u00f3n ASO-CA-MAN P.R.E. - MI Ayuntamiento de Caudete<\/title>\n<meta name=\"description\" content=\"P\u00e1gina Oficial del Ayuntamiento de Caudete (Albacete)\" \/>\n<meta name=\"robots\" content=\"index, follow, max-snippet:-1, max-image-preview:large, max-video-preview:-1\" \/>\n<link rel=\"canonical\" href=\"https:\/\/www.caudete.org\/ayuntamiento\/curso-de-ganaderia-equina-cofinanciado-por-el-fondo-europeo-feader-con-la-colaboracion-aso-ca-man-p-r-e\/\" \/>\n<meta property=\"og:locale\" content=\"es_ES\" \/>\n<meta property=\"og:type\" content=\"article\" \/>\n<meta property=\"og:title\" content=\"CURSO DE GANADERIA EQUINA . Cofinanciado por el Fondo Europeo Feader. Con la colaboraci\u00f3n ASO-CA-MAN P.R.E. - MI Ayuntamiento de Caudete\" \/>\n<meta property=\"og:description\" content=\"P\u00e1gina Oficial del Ayuntamiento de Caudete (Albacete)\" \/>\n<meta property=\"og:url\" content=\"https:\/\/www.caudete.org\/ayuntamiento\/curso-de-ganaderia-equina-cofinanciado-por-el-fondo-europeo-feader-con-la-colaboracion-aso-ca-man-p-r-e\/\" \/>\n<meta property=\"og:site_name\" content=\"MI Ayuntamiento de Caudete\" \/>\n<meta property=\"article:publisher\" content=\"https:\/\/www.facebook.com\/ayuntamientocaudete\/\" \/>\n<meta property=\"article:published_time\" content=\"2019-05-06T12:48:55+00:00\" \/>\n<meta property=\"article:modified_time\" content=\"2020-12-15T12:21:10+00:00\" \/>\n<meta property=\"og:image\" content=\"https:\/\/www.caudete.org\/ayuntamiento\/wp-content\/uploads\/2020\/12\/ganaequi1.jpg\" \/>\n\t<meta property=\"og:image:width\" content=\"800\" \/>\n\t<meta property=\"og:image:height\" content=\"565\" \/>\n\t<meta property=\"og:image:type\" content=\"image\/jpeg\" \/>\n<meta name=\"author\" content=\"ayun\" \/>\n<meta name=\"twitter:card\" content=\"summary_large_image\" \/>\n<meta name=\"twitter:label1\" content=\"Escrito por\" \/>\n\t<meta name=\"twitter:data1\" content=\"ayun\" \/>\n\t<meta name=\"twitter:label2\" content=\"Tiempo de lectura\" \/>\n\t<meta name=\"twitter:data2\" content=\"2 minutos\" \/>\n<script type=\"application\/ld+json\" class=\"yoast-schema-graph\">{\"@context\":\"https:\\\/\\\/schema.org\",\"@graph\":[{\"@type\":\"Article\",\"@id\":\"https:\\\/\\\/www.caudete.org\\\/ayuntamiento\\\/curso-de-ganaderia-equina-cofinanciado-por-el-fondo-europeo-feader-con-la-colaboracion-aso-ca-man-p-r-e\\\/#article\",\"isPartOf\":{\"@id\":\"https:\\\/\\\/www.caudete.org\\\/ayuntamiento\\\/curso-de-ganaderia-equina-cofinanciado-por-el-fondo-europeo-feader-con-la-colaboracion-aso-ca-man-p-r-e\\\/\"},\"author\":{\"name\":\"ayun\",\"@id\":\"https:\\\/\\\/www.caudete.org\\\/ayuntamiento\\\/#\\\/schema\\\/person\\\/79f7e19fdd176fc2bc7a289013dc2056\"},\"headline\":\"CURSO DE GANADERIA EQUINA . Cofinanciado por el Fondo Europeo Feader. Con la colaboraci\u00f3n ASO-CA-MAN P.R.E.\",\"datePublished\":\"2019-05-06T12:48:55+00:00\",\"dateModified\":\"2020-12-15T12:21:10+00:00\",\"mainEntityOfPage\":{\"@id\":\"https:\\\/\\\/www.caudete.org\\\/ayuntamiento\\\/curso-de-ganaderia-equina-cofinanciado-por-el-fondo-europeo-feader-con-la-colaboracion-aso-ca-man-p-r-e\\\/\"},\"wordCount\":495,\"image\":{\"@id\":\"https:\\\/\\\/www.caudete.org\\\/ayuntamiento\\\/curso-de-ganaderia-equina-cofinanciado-por-el-fondo-europeo-feader-con-la-colaboracion-aso-ca-man-p-r-e\\\/#primaryimage\"},\"thumbnailUrl\":\"https:\\\/\\\/www.caudete.org\\\/ayuntamiento\\\/wp-content\\\/uploads\\\/2020\\\/12\\\/ganaequi1.jpg\",\"articleSection\":[\"Tabl\u00f3n informativo (Desarrollo local)\"],\"inLanguage\":\"es\"},{\"@type\":\"WebPage\",\"@id\":\"https:\\\/\\\/www.caudete.org\\\/ayuntamiento\\\/curso-de-ganaderia-equina-cofinanciado-por-el-fondo-europeo-feader-con-la-colaboracion-aso-ca-man-p-r-e\\\/\",\"url\":\"https:\\\/\\\/www.caudete.org\\\/ayuntamiento\\\/curso-de-ganaderia-equina-cofinanciado-por-el-fondo-europeo-feader-con-la-colaboracion-aso-ca-man-p-r-e\\\/\",\"name\":\"CURSO DE GANADERIA EQUINA . Cofinanciado por el Fondo Europeo Feader. Con la colaboraci\u00f3n ASO-CA-MAN P.R.E. - MI Ayuntamiento de Caudete\",\"isPartOf\":{\"@id\":\"https:\\\/\\\/www.caudete.org\\\/ayuntamiento\\\/#website\"},\"primaryImageOfPage\":{\"@id\":\"https:\\\/\\\/www.caudete.org\\\/ayuntamiento\\\/curso-de-ganaderia-equina-cofinanciado-por-el-fondo-europeo-feader-con-la-colaboracion-aso-ca-man-p-r-e\\\/#primaryimage\"},\"image\":{\"@id\":\"https:\\\/\\\/www.caudete.org\\\/ayuntamiento\\\/curso-de-ganaderia-equina-cofinanciado-por-el-fondo-europeo-feader-con-la-colaboracion-aso-ca-man-p-r-e\\\/#primaryimage\"},\"thumbnailUrl\":\"https:\\\/\\\/www.caudete.org\\\/ayuntamiento\\\/wp-content\\\/uploads\\\/2020\\\/12\\\/ganaequi1.jpg\",\"datePublished\":\"2019-05-06T12:48:55+00:00\",\"dateModified\":\"2020-12-15T12:21:10+00:00\",\"author\":{\"@id\":\"https:\\\/\\\/www.caudete.org\\\/ayuntamiento\\\/#\\\/schema\\\/person\\\/79f7e19fdd176fc2bc7a289013dc2056\"},\"description\":\"P\u00e1gina Oficial del Ayuntamiento de Caudete (Albacete)\",\"breadcrumb\":{\"@id\":\"https:\\\/\\\/www.caudete.org\\\/ayuntamiento\\\/curso-de-ganaderia-equina-cofinanciado-por-el-fondo-europeo-feader-con-la-colaboracion-aso-ca-man-p-r-e\\\/#breadcrumb\"},\"inLanguage\":\"es\",\"potentialAction\":[{\"@type\":\"ReadAction\",\"target\":[\"https:\\\/\\\/www.caudete.org\\\/ayuntamiento\\\/curso-de-ganaderia-equina-cofinanciado-por-el-fondo-europeo-feader-con-la-colaboracion-aso-ca-man-p-r-e\\\/\"]}]},{\"@type\":\"ImageObject\",\"inLanguage\":\"es\",\"@id\":\"https:\\\/\\\/www.caudete.org\\\/ayuntamiento\\\/curso-de-ganaderia-equina-cofinanciado-por-el-fondo-europeo-feader-con-la-colaboracion-aso-ca-man-p-r-e\\\/#primaryimage\",\"url\":\"https:\\\/\\\/www.caudete.org\\\/ayuntamiento\\\/wp-content\\\/uploads\\\/2020\\\/12\\\/ganaequi1.jpg\",\"contentUrl\":\"https:\\\/\\\/www.caudete.org\\\/ayuntamiento\\\/wp-content\\\/uploads\\\/2020\\\/12\\\/ganaequi1.jpg\",\"width\":800,\"height\":565},{\"@type\":\"BreadcrumbList\",\"@id\":\"https:\\\/\\\/www.caudete.org\\\/ayuntamiento\\\/curso-de-ganaderia-equina-cofinanciado-por-el-fondo-europeo-feader-con-la-colaboracion-aso-ca-man-p-r-e\\\/#breadcrumb\",\"itemListElement\":[{\"@type\":\"ListItem\",\"position\":1,\"name\":\"Inicio\",\"item\":\"https:\\\/\\\/www.caudete.org\\\/ayuntamiento\\\/\"},{\"@type\":\"ListItem\",\"position\":2,\"name\":\"CURSO DE GANADERIA EQUINA . Cofinanciado por el Fondo Europeo Feader. Con la colaboraci\u00f3n ASO-CA-MAN P.R.E.\"}]},{\"@type\":\"WebSite\",\"@id\":\"https:\\\/\\\/www.caudete.org\\\/ayuntamiento\\\/#website\",\"url\":\"https:\\\/\\\/www.caudete.org\\\/ayuntamiento\\\/\",\"name\":\"MI Ayuntamiento de Caudete\",\"description\":\"P\u00e1gina Oficial del MI Ayuntamiento de Caudete\",\"potentialAction\":[{\"@type\":\"SearchAction\",\"target\":{\"@type\":\"EntryPoint\",\"urlTemplate\":\"https:\\\/\\\/www.caudete.org\\\/ayuntamiento\\\/?s={search_term_string}\"},\"query-input\":{\"@type\":\"PropertyValueSpecification\",\"valueRequired\":true,\"valueName\":\"search_term_string\"}}],\"inLanguage\":\"es\"},{\"@type\":\"Person\",\"@id\":\"https:\\\/\\\/www.caudete.org\\\/ayuntamiento\\\/#\\\/schema\\\/person\\\/79f7e19fdd176fc2bc7a289013dc2056\",\"name\":\"ayun\",\"image\":{\"@type\":\"ImageObject\",\"inLanguage\":\"es\",\"@id\":\"https:\\\/\\\/secure.gravatar.com\\\/avatar\\\/4ce797ee07c943e7e592f8cd648e503e6cd571387558ed07135799c2bd2847df?s=96&d=mm&r=g\",\"url\":\"https:\\\/\\\/secure.gravatar.com\\\/avatar\\\/4ce797ee07c943e7e592f8cd648e503e6cd571387558ed07135799c2bd2847df?s=96&d=mm&r=g\",\"contentUrl\":\"https:\\\/\\\/secure.gravatar.com\\\/avatar\\\/4ce797ee07c943e7e592f8cd648e503e6cd571387558ed07135799c2bd2847df?s=96&d=mm&r=g\",\"caption\":\"ayun\"},\"sameAs\":[\"http:\\\/\\\/www.caudete.org\\\/ayuntamiento\"],\"url\":\"https:\\\/\\\/www.caudete.org\\\/ayuntamiento\\\/author\\\/ayun\\\/\"}]}<\/script>\n<!-- \/ Yoast SEO plugin. -->","yoast_head_json":{"title":"CURSO DE GANADERIA EQUINA . Cofinanciado por el Fondo Europeo Feader. Con la colaboraci\u00f3n ASO-CA-MAN P.R.E. - MI Ayuntamiento de Caudete","description":"P\u00e1gina Oficial del Ayuntamiento de Caudete (Albacete)","robots":{"index":"index","follow":"follow","max-snippet":"max-snippet:-1","max-image-preview":"max-image-preview:large","max-video-preview":"max-video-preview:-1"},"canonical":"https:\/\/www.caudete.org\/ayuntamiento\/curso-de-ganaderia-equina-cofinanciado-por-el-fondo-europeo-feader-con-la-colaboracion-aso-ca-man-p-r-e\/","og_locale":"es_ES","og_type":"article","og_title":"CURSO DE GANADERIA EQUINA . Cofinanciado por el Fondo Europeo Feader. Con la colaboraci\u00f3n ASO-CA-MAN P.R.E. - MI Ayuntamiento de Caudete","og_description":"P\u00e1gina Oficial del Ayuntamiento de Caudete (Albacete)","og_url":"https:\/\/www.caudete.org\/ayuntamiento\/curso-de-ganaderia-equina-cofinanciado-por-el-fondo-europeo-feader-con-la-colaboracion-aso-ca-man-p-r-e\/","og_site_name":"MI Ayuntamiento de Caudete","article_publisher":"https:\/\/www.facebook.com\/ayuntamientocaudete\/","article_published_time":"2019-05-06T12:48:55+00:00","article_modified_time":"2020-12-15T12:21:10+00:00","og_image":[{"width":800,"height":565,"url":"https:\/\/www.caudete.org\/ayuntamiento\/wp-content\/uploads\/2020\/12\/ganaequi1.jpg","type":"image\/jpeg"}],"author":"ayun","twitter_card":"summary_large_image","twitter_misc":{"Escrito por":"ayun","Tiempo de lectura":"2 minutos"},"schema":{"@context":"https:\/\/schema.org","@graph":[{"@type":"Article","@id":"https:\/\/www.caudete.org\/ayuntamiento\/curso-de-ganaderia-equina-cofinanciado-por-el-fondo-europeo-feader-con-la-colaboracion-aso-ca-man-p-r-e\/#article","isPartOf":{"@id":"https:\/\/www.caudete.org\/ayuntamiento\/curso-de-ganaderia-equina-cofinanciado-por-el-fondo-europeo-feader-con-la-colaboracion-aso-ca-man-p-r-e\/"},"author":{"name":"ayun","@id":"https:\/\/www.caudete.org\/ayuntamiento\/#\/schema\/person\/79f7e19fdd176fc2bc7a289013dc2056"},"headline":"CURSO DE GANADERIA EQUINA . Cofinanciado por el Fondo Europeo Feader. Con la colaboraci\u00f3n ASO-CA-MAN P.R.E.","datePublished":"2019-05-06T12:48:55+00:00","dateModified":"2020-12-15T12:21:10+00:00","mainEntityOfPage":{"@id":"https:\/\/www.caudete.org\/ayuntamiento\/curso-de-ganaderia-equina-cofinanciado-por-el-fondo-europeo-feader-con-la-colaboracion-aso-ca-man-p-r-e\/"},"wordCount":495,"image":{"@id":"https:\/\/www.caudete.org\/ayuntamiento\/curso-de-ganaderia-equina-cofinanciado-por-el-fondo-europeo-feader-con-la-colaboracion-aso-ca-man-p-r-e\/#primaryimage"},"thumbnailUrl":"https:\/\/www.caudete.org\/ayuntamiento\/wp-content\/uploads\/2020\/12\/ganaequi1.jpg","articleSection":["Tabl\u00f3n informativo (Desarrollo local)"],"inLanguage":"es"},{"@type":"WebPage","@id":"https:\/\/www.caudete.org\/ayuntamiento\/curso-de-ganaderia-equina-cofinanciado-por-el-fondo-europeo-feader-con-la-colaboracion-aso-ca-man-p-r-e\/","url":"https:\/\/www.caudete.org\/ayuntamiento\/curso-de-ganaderia-equina-cofinanciado-por-el-fondo-europeo-feader-con-la-colaboracion-aso-ca-man-p-r-e\/","name":"CURSO DE GANADERIA EQUINA . Cofinanciado por el Fondo Europeo Feader. Con la colaboraci\u00f3n ASO-CA-MAN P.R.E. - MI Ayuntamiento de Caudete","isPartOf":{"@id":"https:\/\/www.caudete.org\/ayuntamiento\/#website"},"primaryImageOfPage":{"@id":"https:\/\/www.caudete.org\/ayuntamiento\/curso-de-ganaderia-equina-cofinanciado-por-el-fondo-europeo-feader-con-la-colaboracion-aso-ca-man-p-r-e\/#primaryimage"},"image":{"@id":"https:\/\/www.caudete.org\/ayuntamiento\/curso-de-ganaderia-equina-cofinanciado-por-el-fondo-europeo-feader-con-la-colaboracion-aso-ca-man-p-r-e\/#primaryimage"},"thumbnailUrl":"https:\/\/www.caudete.org\/ayuntamiento\/wp-content\/uploads\/2020\/12\/ganaequi1.jpg","datePublished":"2019-05-06T12:48:55+00:00","dateModified":"2020-12-15T12:21:10+00:00","author":{"@id":"https:\/\/www.caudete.org\/ayuntamiento\/#\/schema\/person\/79f7e19fdd176fc2bc7a289013dc2056"},"description":"P\u00e1gina Oficial del Ayuntamiento de Caudete (Albacete)","breadcrumb":{"@id":"https:\/\/www.caudete.org\/ayuntamiento\/curso-de-ganaderia-equina-cofinanciado-por-el-fondo-europeo-feader-con-la-colaboracion-aso-ca-man-p-r-e\/#breadcrumb"},"inLanguage":"es","potentialAction":[{"@type":"ReadAction","target":["https:\/\/www.caudete.org\/ayuntamiento\/curso-de-ganaderia-equina-cofinanciado-por-el-fondo-europeo-feader-con-la-colaboracion-aso-ca-man-p-r-e\/"]}]},{"@type":"ImageObject","inLanguage":"es","@id":"https:\/\/www.caudete.org\/ayuntamiento\/curso-de-ganaderia-equina-cofinanciado-por-el-fondo-europeo-feader-con-la-colaboracion-aso-ca-man-p-r-e\/#primaryimage","url":"https:\/\/www.caudete.org\/ayuntamiento\/wp-content\/uploads\/2020\/12\/ganaequi1.jpg","contentUrl":"https:\/\/www.caudete.org\/ayuntamiento\/wp-content\/uploads\/2020\/12\/ganaequi1.jpg","width":800,"height":565},{"@type":"BreadcrumbList","@id":"https:\/\/www.caudete.org\/ayuntamiento\/curso-de-ganaderia-equina-cofinanciado-por-el-fondo-europeo-feader-con-la-colaboracion-aso-ca-man-p-r-e\/#breadcrumb","itemListElement":[{"@type":"ListItem","position":1,"name":"Inicio","item":"https:\/\/www.caudete.org\/ayuntamiento\/"},{"@type":"ListItem","position":2,"name":"CURSO DE GANADERIA EQUINA . Cofinanciado por el Fondo Europeo Feader. Con la colaboraci\u00f3n ASO-CA-MAN P.R.E."}]},{"@type":"WebSite","@id":"https:\/\/www.caudete.org\/ayuntamiento\/#website","url":"https:\/\/www.caudete.org\/ayuntamiento\/","name":"MI Ayuntamiento de Caudete","description":"P\u00e1gina Oficial del MI Ayuntamiento de Caudete","potentialAction":[{"@type":"SearchAction","target":{"@type":"EntryPoint","urlTemplate":"https:\/\/www.caudete.org\/ayuntamiento\/?s={search_term_string}"},"query-input":{"@type":"PropertyValueSpecification","valueRequired":true,"valueName":"search_term_string"}}],"inLanguage":"es"},{"@type":"Person","@id":"https:\/\/www.caudete.org\/ayuntamiento\/#\/schema\/person\/79f7e19fdd176fc2bc7a289013dc2056","name":"ayun","image":{"@type":"ImageObject","inLanguage":"es","@id":"https:\/\/secure.gravatar.com\/avatar\/4ce797ee07c943e7e592f8cd648e503e6cd571387558ed07135799c2bd2847df?s=96&d=mm&r=g","url":"https:\/\/secure.gravatar.com\/avatar\/4ce797ee07c943e7e592f8cd648e503e6cd571387558ed07135799c2bd2847df?s=96&d=mm&r=g","contentUrl":"https:\/\/secure.gravatar.com\/avatar\/4ce797ee07c943e7e592f8cd648e503e6cd571387558ed07135799c2bd2847df?s=96&d=mm&r=g","caption":"ayun"},"sameAs":["http:\/\/www.caudete.org\/ayuntamiento"],"url":"https:\/\/www.caudete.org\/ayuntamiento\/author\/ayun\/"}]}},"_links":{"self":[{"href":"https:\/\/www.caudete.org\/ayuntamiento\/wp-json\/wp\/v2\/posts\/7035","targetHints":{"allow":["GET"]}}],"collection":[{"href":"https:\/\/www.caudete.org\/ayuntamiento\/wp-json\/wp\/v2\/posts"}],"about":[{"href":"https:\/\/www.caudete.org\/ayuntamiento\/wp-json\/wp\/v2\/types\/post"}],"author":[{"embeddable":true,"href":"https:\/\/www.caudete.org\/ayuntamiento\/wp-json\/wp\/v2\/users\/1"}],"replies":[{"embeddable":true,"href":"https:\/\/www.caudete.org\/ayuntamiento\/wp-json\/wp\/v2\/comments?post=7035"}],"version-history":[{"count":2,"href":"https:\/\/www.caudete.org\/ayuntamiento\/wp-json\/wp\/v2\/posts\/7035\/revisions"}],"predecessor-version":[{"id":9692,"href":"https:\/\/www.caudete.org\/ayuntamiento\/wp-json\/wp\/v2\/posts\/7035\/revisions\/9692"}],"wp:featuredmedia":[{"embeddable":true,"href":"https:\/\/www.caudete.org\/ayuntamiento\/wp-json\/wp\/v2\/media\/7037"}],"wp:attachment":[{"href":"https:\/\/www.caudete.org\/ayuntamiento\/wp-json\/wp\/v2\/media?parent=7035"}],"wp:term":[{"taxonomy":"category","embeddable":true,"href":"https:\/\/www.caudete.org\/ayuntamiento\/wp-json\/wp\/v2\/categories?post=7035"},{"taxonomy":"post_tag","embeddable":true,"href":"https:\/\/www.caudete.org\/ayuntamiento\/wp-json\/wp\/v2\/tags?post=7035"}],"curies":[{"name":"wp","href":"https:\/\/api.w.org\/{rel}","templated":true}]}}