{"id":7051,"date":"2019-05-06T15:01:51","date_gmt":"2019-05-06T13:01:51","guid":{"rendered":"http:\/\/www.caudete.org\/ayuntamiento\/?p=7051"},"modified":"2020-12-15T13:17:08","modified_gmt":"2020-12-15T12:17:08","slug":"empleo-en-instituciones-de-la-union-europea","status":"publish","type":"post","link":"https:\/\/www.caudete.org\/ayuntamiento\/empleo-en-instituciones-de-la-union-europea\/","title":{"rendered":"EMPLEO EN INSTITUCIONES DE LA UNI\u00d3N EUROPEA"},"content":{"rendered":"<h5 style=\"text-align: justify;\">El Centro de Estudios Europeos Luis Ortega \u00c1lvarez en colaboraci\u00f3n con el Centro Europe Direct Castilla-La Mancha te invitan al taller WORKSHOP 6\u00aa EDICION. Empleo en Instituciones de la Uni\u00f3n Europea.<\/h5>\n<p style=\"text-align: justify;\">&nbsp;Albacete, 11 de noviembre de 2019. 10:00h.<\/p>\n<p style=\"text-align: justify;\">UCLM. Sal\u00f3n de Actos del Edificio Melchor de Macanaz. Plaza de la Universidad, 2 &#8211; Albacete.&nbsp;<\/p>\n<p style=\"text-align: justify;\">\u00bfAlguna vez te has preguntado c\u00f3mo se accede a trabajar en las instituciones Europeas?<\/p>\n<ul style=\"text-align: justify;\">\n<li style=\"list-style-type: none;\">\n<ul>\n<li>\u00bfSabr\u00edas prepararte unas oposiciones a nivel europeo?<\/li>\n<\/ul>\n<\/li>\n<\/ul>\n<ul style=\"text-align: justify;\">\n<li style=\"list-style-type: none;\">\n<ul>\n<li>\u00bfO tal vez quieres conocer qu\u00e9 oportunidades de empleo pueden encontrar en Europa?<\/li>\n<\/ul>\n<\/li>\n<\/ul>\n<ul style=\"text-align: justify;\">\n<li style=\"list-style-type: none;\">\n<ul>\n<li>\u00bfSabes si es necesario homologar tu t\u00edtulo para trabajar en Europa?<strong>&nbsp;<\/strong><\/li>\n<\/ul>\n<\/li>\n<\/ul>\n<p style=\"text-align: justify;\"><strong>An\u00edmate y ac\u00e9rcate. La inscripci\u00f3n es gratuita.<\/strong><\/p>\n<p style=\"text-align: justify;\"><strong>Plazo de inscripci\u00f3n hasta el 11 de noviembre de 2019.<\/strong><\/p>\n<p style=\"text-align: justify;\">Las personas interesadas en participar pueden inscribirse, con car\u00e1cter gratuito, enviando un correo electr\u00f3nico, junto con su nombre y apellidos, a la &nbsp;siguiente direcci\u00f3n:&nbsp; <strong>cde@uclm.es<\/strong>, indicando, en su caso, filiaci\u00f3n con la UCLM.<\/p>\n<p style=\"text-align: justify;\">Se expedir\u00e1 certificado acreditativo de asistencia a todos aquellos que lo soliciten.<\/p>\n<p style=\"text-align: justify;\"><a href=\"http:\/\/www.portaljovenclm.com\/documentos\/noticias\/17792\/Cartelworkshop2019europadirect.pdf\" class=\"mtli_attachment mtli_pdf\" target=\"_blank\" rel=\"noopener noreferrer nofollow\">FOLLETO INFORMACI\u00d3N EMPLEO COMUNITARIO<\/a><\/p>\n<p><a href=\"http:\/\/caudete.org\/ayuntamiento\/eniusimg\/enius146\/2019\/10\/adjuntos_fichero_2bdf0a9a09d73489.pdf\" class=\"mtli_attachment mtli_pdf\" target=\"_blank\" rel=\"noopener noreferrer nofollow\">FOLLETO EMPLEO COMUNITARIO<\/a><\/p>\n<p><img fetchpriority=\"high\" decoding=\"async\" class=\"aligncenter size-full wp-image-7052\" src=\"http:\/\/www.caudete.org\/ayuntamiento\/wp-content\/uploads\/2020\/12\/workshop.jpg\" alt=\"\" width=\"424\" height=\"600\" srcset=\"https:\/\/www.caudete.org\/ayuntamiento\/wp-content\/uploads\/2020\/12\/workshop.jpg 424w, https:\/\/www.caudete.org\/ayuntamiento\/wp-content\/uploads\/2020\/12\/workshop-212x300.jpg 212w\" sizes=\"(max-width: 424px) 100vw, 424px\" \/><\/p>\n","protected":false},"excerpt":{"rendered":"<p>El Centro de Estudios Europeos Luis Ortega \u00c1lvarez en colaboraci\u00f3n con el Centro Europe Direct Castilla-La Mancha te invitan al taller WORKSHOP 6\u00aa EDICION. Empleo en Instituciones de la Uni\u00f3n Europea. &nbsp;Albacete, 11 de noviembre de 2019. 10:00h. UCLM. Sal\u00f3n de Actos del Edificio Melchor de Macanaz. Plaza de la Universidad, 2 &#8211; Albacete.&nbsp; \u00bfAlguna &hellip;<\/p>\n","protected":false},"author":1,"featured_media":7052,"comment_status":"closed","ping_status":"open","sticky":false,"template":"","format":"standard","meta":{"ngg_post_thumbnail":0,"footnotes":""},"categories":[90],"tags":[],"class_list":["post-7051","post","type-post","status-publish","format-standard","has-post-thumbnail","hentry","category-tablon-informativo-desarrollo-local"],"yoast_head":"<!-- This site is optimized with the Yoast SEO plugin v27.5 - https:\/\/yoast.com\/product\/yoast-seo-wordpress\/ -->\n<title>EMPLEO EN INSTITUCIONES DE LA UNI\u00d3N EUROPEA - MI Ayuntamiento de Caudete<\/title>\n<meta name=\"description\" content=\"P\u00e1gina Oficial del Ayuntamiento de Caudete (Albacete)\" \/>\n<meta name=\"robots\" content=\"index, follow, max-snippet:-1, max-image-preview:large, max-video-preview:-1\" \/>\n<link rel=\"canonical\" href=\"https:\/\/www.caudete.org\/ayuntamiento\/empleo-en-instituciones-de-la-union-europea\/\" \/>\n<meta property=\"og:locale\" content=\"es_ES\" \/>\n<meta property=\"og:type\" content=\"article\" \/>\n<meta property=\"og:title\" content=\"EMPLEO EN INSTITUCIONES DE LA UNI\u00d3N EUROPEA - MI Ayuntamiento de Caudete\" \/>\n<meta property=\"og:description\" content=\"P\u00e1gina Oficial del Ayuntamiento de Caudete (Albacete)\" \/>\n<meta property=\"og:url\" content=\"https:\/\/www.caudete.org\/ayuntamiento\/empleo-en-instituciones-de-la-union-europea\/\" \/>\n<meta property=\"og:site_name\" content=\"MI Ayuntamiento de Caudete\" \/>\n<meta property=\"article:publisher\" content=\"https:\/\/www.facebook.com\/ayuntamientocaudete\/\" \/>\n<meta property=\"article:published_time\" content=\"2019-05-06T13:01:51+00:00\" \/>\n<meta property=\"article:modified_time\" content=\"2020-12-15T12:17:08+00:00\" \/>\n<meta property=\"og:image\" content=\"https:\/\/www.caudete.org\/ayuntamiento\/wp-content\/uploads\/2020\/12\/workshop.jpg\" \/>\n\t<meta property=\"og:image:width\" content=\"424\" \/>\n\t<meta property=\"og:image:height\" content=\"600\" \/>\n\t<meta property=\"og:image:type\" content=\"image\/jpeg\" \/>\n<meta name=\"author\" content=\"ayun\" \/>\n<meta name=\"twitter:card\" content=\"summary_large_image\" \/>\n<meta name=\"twitter:label1\" content=\"Escrito por\" \/>\n\t<meta name=\"twitter:data1\" content=\"ayun\" \/>\n\t<meta name=\"twitter:label2\" content=\"Tiempo de lectura\" \/>\n\t<meta name=\"twitter:data2\" content=\"1 minuto\" \/>\n<script type=\"application\/ld+json\" class=\"yoast-schema-graph\">{\"@context\":\"https:\\\/\\\/schema.org\",\"@graph\":[{\"@type\":\"Article\",\"@id\":\"https:\\\/\\\/www.caudete.org\\\/ayuntamiento\\\/empleo-en-instituciones-de-la-union-europea\\\/#article\",\"isPartOf\":{\"@id\":\"https:\\\/\\\/www.caudete.org\\\/ayuntamiento\\\/empleo-en-instituciones-de-la-union-europea\\\/\"},\"author\":{\"name\":\"ayun\",\"@id\":\"https:\\\/\\\/www.caudete.org\\\/ayuntamiento\\\/#\\\/schema\\\/person\\\/79f7e19fdd176fc2bc7a289013dc2056\"},\"headline\":\"EMPLEO EN INSTITUCIONES DE LA UNI\u00d3N EUROPEA\",\"datePublished\":\"2019-05-06T13:01:51+00:00\",\"dateModified\":\"2020-12-15T12:17:08+00:00\",\"mainEntityOfPage\":{\"@id\":\"https:\\\/\\\/www.caudete.org\\\/ayuntamiento\\\/empleo-en-instituciones-de-la-union-europea\\\/\"},\"wordCount\":192,\"image\":{\"@id\":\"https:\\\/\\\/www.caudete.org\\\/ayuntamiento\\\/empleo-en-instituciones-de-la-union-europea\\\/#primaryimage\"},\"thumbnailUrl\":\"https:\\\/\\\/www.caudete.org\\\/ayuntamiento\\\/wp-content\\\/uploads\\\/2020\\\/12\\\/workshop.jpg\",\"articleSection\":[\"Tabl\u00f3n informativo (Desarrollo local)\"],\"inLanguage\":\"es\"},{\"@type\":\"WebPage\",\"@id\":\"https:\\\/\\\/www.caudete.org\\\/ayuntamiento\\\/empleo-en-instituciones-de-la-union-europea\\\/\",\"url\":\"https:\\\/\\\/www.caudete.org\\\/ayuntamiento\\\/empleo-en-instituciones-de-la-union-europea\\\/\",\"name\":\"EMPLEO EN INSTITUCIONES DE LA UNI\u00d3N EUROPEA - MI Ayuntamiento de Caudete\",\"isPartOf\":{\"@id\":\"https:\\\/\\\/www.caudete.org\\\/ayuntamiento\\\/#website\"},\"primaryImageOfPage\":{\"@id\":\"https:\\\/\\\/www.caudete.org\\\/ayuntamiento\\\/empleo-en-instituciones-de-la-union-europea\\\/#primaryimage\"},\"image\":{\"@id\":\"https:\\\/\\\/www.caudete.org\\\/ayuntamiento\\\/empleo-en-instituciones-de-la-union-europea\\\/#primaryimage\"},\"thumbnailUrl\":\"https:\\\/\\\/www.caudete.org\\\/ayuntamiento\\\/wp-content\\\/uploads\\\/2020\\\/12\\\/workshop.jpg\",\"datePublished\":\"2019-05-06T13:01:51+00:00\",\"dateModified\":\"2020-12-15T12:17:08+00:00\",\"author\":{\"@id\":\"https:\\\/\\\/www.caudete.org\\\/ayuntamiento\\\/#\\\/schema\\\/person\\\/79f7e19fdd176fc2bc7a289013dc2056\"},\"description\":\"P\u00e1gina Oficial del Ayuntamiento de Caudete (Albacete)\",\"breadcrumb\":{\"@id\":\"https:\\\/\\\/www.caudete.org\\\/ayuntamiento\\\/empleo-en-instituciones-de-la-union-europea\\\/#breadcrumb\"},\"inLanguage\":\"es\",\"potentialAction\":[{\"@type\":\"ReadAction\",\"target\":[\"https:\\\/\\\/www.caudete.org\\\/ayuntamiento\\\/empleo-en-instituciones-de-la-union-europea\\\/\"]}]},{\"@type\":\"ImageObject\",\"inLanguage\":\"es\",\"@id\":\"https:\\\/\\\/www.caudete.org\\\/ayuntamiento\\\/empleo-en-instituciones-de-la-union-europea\\\/#primaryimage\",\"url\":\"https:\\\/\\\/www.caudete.org\\\/ayuntamiento\\\/wp-content\\\/uploads\\\/2020\\\/12\\\/workshop.jpg\",\"contentUrl\":\"https:\\\/\\\/www.caudete.org\\\/ayuntamiento\\\/wp-content\\\/uploads\\\/2020\\\/12\\\/workshop.jpg\",\"width\":424,\"height\":600},{\"@type\":\"BreadcrumbList\",\"@id\":\"https:\\\/\\\/www.caudete.org\\\/ayuntamiento\\\/empleo-en-instituciones-de-la-union-europea\\\/#breadcrumb\",\"itemListElement\":[{\"@type\":\"ListItem\",\"position\":1,\"name\":\"Inicio\",\"item\":\"https:\\\/\\\/www.caudete.org\\\/ayuntamiento\\\/\"},{\"@type\":\"ListItem\",\"position\":2,\"name\":\"EMPLEO EN INSTITUCIONES DE LA UNI\u00d3N EUROPEA\"}]},{\"@type\":\"WebSite\",\"@id\":\"https:\\\/\\\/www.caudete.org\\\/ayuntamiento\\\/#website\",\"url\":\"https:\\\/\\\/www.caudete.org\\\/ayuntamiento\\\/\",\"name\":\"MI Ayuntamiento de Caudete\",\"description\":\"P\u00e1gina Oficial del MI Ayuntamiento de Caudete\",\"potentialAction\":[{\"@type\":\"SearchAction\",\"target\":{\"@type\":\"EntryPoint\",\"urlTemplate\":\"https:\\\/\\\/www.caudete.org\\\/ayuntamiento\\\/?s={search_term_string}\"},\"query-input\":{\"@type\":\"PropertyValueSpecification\",\"valueRequired\":true,\"valueName\":\"search_term_string\"}}],\"inLanguage\":\"es\"},{\"@type\":\"Person\",\"@id\":\"https:\\\/\\\/www.caudete.org\\\/ayuntamiento\\\/#\\\/schema\\\/person\\\/79f7e19fdd176fc2bc7a289013dc2056\",\"name\":\"ayun\",\"image\":{\"@type\":\"ImageObject\",\"inLanguage\":\"es\",\"@id\":\"https:\\\/\\\/secure.gravatar.com\\\/avatar\\\/4ce797ee07c943e7e592f8cd648e503e6cd571387558ed07135799c2bd2847df?s=96&d=mm&r=g\",\"url\":\"https:\\\/\\\/secure.gravatar.com\\\/avatar\\\/4ce797ee07c943e7e592f8cd648e503e6cd571387558ed07135799c2bd2847df?s=96&d=mm&r=g\",\"contentUrl\":\"https:\\\/\\\/secure.gravatar.com\\\/avatar\\\/4ce797ee07c943e7e592f8cd648e503e6cd571387558ed07135799c2bd2847df?s=96&d=mm&r=g\",\"caption\":\"ayun\"},\"sameAs\":[\"http:\\\/\\\/www.caudete.org\\\/ayuntamiento\"],\"url\":\"https:\\\/\\\/www.caudete.org\\\/ayuntamiento\\\/author\\\/ayun\\\/\"}]}<\/script>\n<!-- \/ Yoast SEO plugin. -->","yoast_head_json":{"title":"EMPLEO EN INSTITUCIONES DE LA UNI\u00d3N EUROPEA - MI Ayuntamiento de Caudete","description":"P\u00e1gina Oficial del Ayuntamiento de Caudete (Albacete)","robots":{"index":"index","follow":"follow","max-snippet":"max-snippet:-1","max-image-preview":"max-image-preview:large","max-video-preview":"max-video-preview:-1"},"canonical":"https:\/\/www.caudete.org\/ayuntamiento\/empleo-en-instituciones-de-la-union-europea\/","og_locale":"es_ES","og_type":"article","og_title":"EMPLEO EN INSTITUCIONES DE LA UNI\u00d3N EUROPEA - MI Ayuntamiento de Caudete","og_description":"P\u00e1gina Oficial del Ayuntamiento de Caudete (Albacete)","og_url":"https:\/\/www.caudete.org\/ayuntamiento\/empleo-en-instituciones-de-la-union-europea\/","og_site_name":"MI Ayuntamiento de Caudete","article_publisher":"https:\/\/www.facebook.com\/ayuntamientocaudete\/","article_published_time":"2019-05-06T13:01:51+00:00","article_modified_time":"2020-12-15T12:17:08+00:00","og_image":[{"width":424,"height":600,"url":"https:\/\/www.caudete.org\/ayuntamiento\/wp-content\/uploads\/2020\/12\/workshop.jpg","type":"image\/jpeg"}],"author":"ayun","twitter_card":"summary_large_image","twitter_misc":{"Escrito por":"ayun","Tiempo de lectura":"1 minuto"},"schema":{"@context":"https:\/\/schema.org","@graph":[{"@type":"Article","@id":"https:\/\/www.caudete.org\/ayuntamiento\/empleo-en-instituciones-de-la-union-europea\/#article","isPartOf":{"@id":"https:\/\/www.caudete.org\/ayuntamiento\/empleo-en-instituciones-de-la-union-europea\/"},"author":{"name":"ayun","@id":"https:\/\/www.caudete.org\/ayuntamiento\/#\/schema\/person\/79f7e19fdd176fc2bc7a289013dc2056"},"headline":"EMPLEO EN INSTITUCIONES DE LA UNI\u00d3N EUROPEA","datePublished":"2019-05-06T13:01:51+00:00","dateModified":"2020-12-15T12:17:08+00:00","mainEntityOfPage":{"@id":"https:\/\/www.caudete.org\/ayuntamiento\/empleo-en-instituciones-de-la-union-europea\/"},"wordCount":192,"image":{"@id":"https:\/\/www.caudete.org\/ayuntamiento\/empleo-en-instituciones-de-la-union-europea\/#primaryimage"},"thumbnailUrl":"https:\/\/www.caudete.org\/ayuntamiento\/wp-content\/uploads\/2020\/12\/workshop.jpg","articleSection":["Tabl\u00f3n informativo (Desarrollo local)"],"inLanguage":"es"},{"@type":"WebPage","@id":"https:\/\/www.caudete.org\/ayuntamiento\/empleo-en-instituciones-de-la-union-europea\/","url":"https:\/\/www.caudete.org\/ayuntamiento\/empleo-en-instituciones-de-la-union-europea\/","name":"EMPLEO EN INSTITUCIONES DE LA UNI\u00d3N EUROPEA - MI Ayuntamiento de Caudete","isPartOf":{"@id":"https:\/\/www.caudete.org\/ayuntamiento\/#website"},"primaryImageOfPage":{"@id":"https:\/\/www.caudete.org\/ayuntamiento\/empleo-en-instituciones-de-la-union-europea\/#primaryimage"},"image":{"@id":"https:\/\/www.caudete.org\/ayuntamiento\/empleo-en-instituciones-de-la-union-europea\/#primaryimage"},"thumbnailUrl":"https:\/\/www.caudete.org\/ayuntamiento\/wp-content\/uploads\/2020\/12\/workshop.jpg","datePublished":"2019-05-06T13:01:51+00:00","dateModified":"2020-12-15T12:17:08+00:00","author":{"@id":"https:\/\/www.caudete.org\/ayuntamiento\/#\/schema\/person\/79f7e19fdd176fc2bc7a289013dc2056"},"description":"P\u00e1gina Oficial del Ayuntamiento de Caudete (Albacete)","breadcrumb":{"@id":"https:\/\/www.caudete.org\/ayuntamiento\/empleo-en-instituciones-de-la-union-europea\/#breadcrumb"},"inLanguage":"es","potentialAction":[{"@type":"ReadAction","target":["https:\/\/www.caudete.org\/ayuntamiento\/empleo-en-instituciones-de-la-union-europea\/"]}]},{"@type":"ImageObject","inLanguage":"es","@id":"https:\/\/www.caudete.org\/ayuntamiento\/empleo-en-instituciones-de-la-union-europea\/#primaryimage","url":"https:\/\/www.caudete.org\/ayuntamiento\/wp-content\/uploads\/2020\/12\/workshop.jpg","contentUrl":"https:\/\/www.caudete.org\/ayuntamiento\/wp-content\/uploads\/2020\/12\/workshop.jpg","width":424,"height":600},{"@type":"BreadcrumbList","@id":"https:\/\/www.caudete.org\/ayuntamiento\/empleo-en-instituciones-de-la-union-europea\/#breadcrumb","itemListElement":[{"@type":"ListItem","position":1,"name":"Inicio","item":"https:\/\/www.caudete.org\/ayuntamiento\/"},{"@type":"ListItem","position":2,"name":"EMPLEO EN INSTITUCIONES DE LA UNI\u00d3N EUROPEA"}]},{"@type":"WebSite","@id":"https:\/\/www.caudete.org\/ayuntamiento\/#website","url":"https:\/\/www.caudete.org\/ayuntamiento\/","name":"MI Ayuntamiento de Caudete","description":"P\u00e1gina Oficial del MI Ayuntamiento de Caudete","potentialAction":[{"@type":"SearchAction","target":{"@type":"EntryPoint","urlTemplate":"https:\/\/www.caudete.org\/ayuntamiento\/?s={search_term_string}"},"query-input":{"@type":"PropertyValueSpecification","valueRequired":true,"valueName":"search_term_string"}}],"inLanguage":"es"},{"@type":"Person","@id":"https:\/\/www.caudete.org\/ayuntamiento\/#\/schema\/person\/79f7e19fdd176fc2bc7a289013dc2056","name":"ayun","image":{"@type":"ImageObject","inLanguage":"es","@id":"https:\/\/secure.gravatar.com\/avatar\/4ce797ee07c943e7e592f8cd648e503e6cd571387558ed07135799c2bd2847df?s=96&d=mm&r=g","url":"https:\/\/secure.gravatar.com\/avatar\/4ce797ee07c943e7e592f8cd648e503e6cd571387558ed07135799c2bd2847df?s=96&d=mm&r=g","contentUrl":"https:\/\/secure.gravatar.com\/avatar\/4ce797ee07c943e7e592f8cd648e503e6cd571387558ed07135799c2bd2847df?s=96&d=mm&r=g","caption":"ayun"},"sameAs":["http:\/\/www.caudete.org\/ayuntamiento"],"url":"https:\/\/www.caudete.org\/ayuntamiento\/author\/ayun\/"}]}},"_links":{"self":[{"href":"https:\/\/www.caudete.org\/ayuntamiento\/wp-json\/wp\/v2\/posts\/7051","targetHints":{"allow":["GET"]}}],"collection":[{"href":"https:\/\/www.caudete.org\/ayuntamiento\/wp-json\/wp\/v2\/posts"}],"about":[{"href":"https:\/\/www.caudete.org\/ayuntamiento\/wp-json\/wp\/v2\/types\/post"}],"author":[{"embeddable":true,"href":"https:\/\/www.caudete.org\/ayuntamiento\/wp-json\/wp\/v2\/users\/1"}],"replies":[{"embeddable":true,"href":"https:\/\/www.caudete.org\/ayuntamiento\/wp-json\/wp\/v2\/comments?post=7051"}],"version-history":[{"count":2,"href":"https:\/\/www.caudete.org\/ayuntamiento\/wp-json\/wp\/v2\/posts\/7051\/revisions"}],"predecessor-version":[{"id":9687,"href":"https:\/\/www.caudete.org\/ayuntamiento\/wp-json\/wp\/v2\/posts\/7051\/revisions\/9687"}],"wp:featuredmedia":[{"embeddable":true,"href":"https:\/\/www.caudete.org\/ayuntamiento\/wp-json\/wp\/v2\/media\/7052"}],"wp:attachment":[{"href":"https:\/\/www.caudete.org\/ayuntamiento\/wp-json\/wp\/v2\/media?parent=7051"}],"wp:term":[{"taxonomy":"category","embeddable":true,"href":"https:\/\/www.caudete.org\/ayuntamiento\/wp-json\/wp\/v2\/categories?post=7051"},{"taxonomy":"post_tag","embeddable":true,"href":"https:\/\/www.caudete.org\/ayuntamiento\/wp-json\/wp\/v2\/tags?post=7051"}],"curies":[{"name":"wp","href":"https:\/\/api.w.org\/{rel}","templated":true}]}}