{"id":7572,"date":"2020-12-07T16:21:40","date_gmt":"2020-12-07T15:21:40","guid":{"rendered":"http:\/\/www.caudete.org\/ayuntamiento\/?p=7572"},"modified":"2020-12-13T18:46:12","modified_gmt":"2020-12-13T17:46:12","slug":"suministro-de-ultimo-recurso-s-u-r-a-partir-del-1-de-julio-de-2009","status":"publish","type":"post","link":"https:\/\/www.caudete.org\/ayuntamiento\/suministro-de-ultimo-recurso-s-u-r-a-partir-del-1-de-julio-de-2009\/","title":{"rendered":"SUMINISTRO DE \u00daLTIMO RECURSO (S.U.R) a partir del 1 de julio de 2009"},"content":{"rendered":"<p>Con fecha 4 de abril de 2009, el Ministerio de Industria, Turismo y Comercio ha publicado el \u201cReal Decreto 485\/2009 de 3 de abril por el que se regula la puesta en marcha del suministro de \u00faltimo recurso en el sector de la energ\u00eda el\u00e9ctrica\u201d. Supone un cambio sustancial respecto al modelo actual ya que se eliminan las tarifas integrales y se crea la tarifa de \u00faltimo recurso.<\/p>\n<div id=\"recuadro_not\">\n<p style=\"text-align: justify;\"><b>\u00bfQu\u00e9 es el suministro de \u00faltimo recurso?<\/b><br \/>\nEs un nuevo modelo de gesti\u00f3n de los contratos el\u00e9ctricos, en el que la actividad de suministro a tarifa, deja de formar parte de la actividad de distribuci\u00f3n, y el suministro pasa a ser ejercido en su totalidad por las empresas comercializadoras en libre competencia siendo los consumidores de electricidad quienes eligen libremente a su empresa comercializadora.<\/p>\n<p><b>\u00bfCu\u00e1ndo entra en vigor?<\/b><br \/>\nA partir del 1 de julio de 2009.<\/p>\n<p><b>\u00bfQu\u00e9 son las tarifas de \u00faltimo recurso?<\/b><br \/>\nSon los precios establecidos por la Administraci\u00f3n que las empresas comercializadoras de \u00faltimo recurso podr\u00e1n cobrar a los consumidores que se acojan a dichas tarifas.<\/p>\n<p>Las tarifas de \u00faltimo recurso ser\u00e1n establecidas por el Ministerio de Industria, Turismo y Comercio.<\/p>\n<p><b>\u00bfQu\u00e9 diferencia hay entre una empresa distribuidora, una comercializadora a mercado libre y una comercializadora de \u00faltimo recurso?<\/b><br \/>\nDistribuidora: Su funci\u00f3n es gestionar las redes de su zona de actuaci\u00f3n para la distribuci\u00f3n de energ\u00eda el\u00e9ctrica desde las centrales de generaci\u00f3n y las redes de transporte hasta los puntos de consumo donde est\u00e1n los clientes. Hasta la fecha ha sido la encargada de gestionar los contratos de los clientes a tarifa integral. A partir del 1 de julio de 2009, seguir\u00e1 siendo responsable de la gesti\u00f3n de la red de distribuci\u00f3n el\u00e9ctrica de su zona de actuaci\u00f3n, de la calidad de suministro, los equipos de medida, la lectura de contadores y de gestionar las solicitudes de nuevos suministros.<br \/>\nComercializadora a mercado libre: Su funci\u00f3n es suministrar energ\u00eda el\u00e9ctrica a los consumidores que est\u00e9n en el mercado libre, es decir, a aquellos que han elegido libremente su comercializadora y pactado unas condiciones de contrato. La factura que el cliente paga a su empresa comercializadora incluye la tarifa de acceso por usar las redes el\u00e9ctricas de la empresa distribuidora y el precio por la energ\u00eda consumida seg\u00fan el contrato firmado con ella.<br \/>\nComercializadora de \u00faltimo recurso: Su funci\u00f3n es suministrar energ\u00eda el\u00e9ctrica a los consumidores que est\u00e9n acogidos a la tarifa de \u00faltimo recurso. La factura que el cliente paga a su empresa comercializadora de \u00faltimo recurso incluir\u00e1 la tarifa de acceso por usar las redes el\u00e9ctricas de la empresa distribuidora y el precio por la energ\u00eda consumida seg\u00fan la tarifa de \u00faltimo recurso establecida por la Administraci\u00f3n.<\/p>\n<p><b>\u00bfQu\u00e9 cambia respecto a la situaci\u00f3n actual?<\/b><br \/>\nA partir del 1 de julio de 2009, desaparecen las tarifas integrales y se crea la tarifa de \u00faltimo recurso.<\/p>\n<p>Los consumidores deber\u00e1n acogerse a la tarifa de \u00faltimo recurso, o bien negociar un precio en el mercado libre.<\/p>\n<p>A partir del 1 de julio los consumidores podr\u00e1n contactar con la distribuidora de su zona para realizar aquellas gestiones sobre aver\u00edas, incidencias o cuestiones relacionadas con las redes de distribuci\u00f3n.<\/p>\n<p><b>\u00bfQu\u00e9 consumidores pueden acogerse a las tarifas de \u00faltimo recurso?<\/b><br \/>\nSe podr\u00e1n acoger a las tarifas de \u00faltimo recurso los consumidores de energ\u00eda el\u00e9ctrica conectados en baja tensi\u00f3n cuya potencia contratada sea inferior o igual a 10 kilovatios. La potencia contratada, se puede consultar en cualquiera de las \u00faltimas facturas. La mayor\u00eda de los consumidores dom\u00e9sticos y algunas peque\u00f1as empresas podr\u00e1n acogerse a la tarifa de \u00faltimo recurso.<\/p>\n<p><b>\u00bfQu\u00e9 ocurre si mi potencia contratada es superior a 10 kilovatios?<\/b><br \/>\nSer\u00e1 necesario contratar con una empresa comercializadora a mercado libre antes del 1 de julio de 2009. En caso contrario, el contrato ser\u00e1 asumido por la empresa comercializadora de \u00faltimo recurso del grupo empresarial propietario de la red de distribuci\u00f3n de la zona, a un precio superior, que determinar\u00e1 el Ministerio de Industria, Turismo y Comercio.<\/p>\n<p><b>\u00bfSe trata de un precio \u201csocial\u201d o \u201csubvencionado\u201d para un determinado colectivo de consumidores?<\/b><br \/>\nNo, no tiene nada que ver con ese tipo de tarifas.<\/p>\n<p>El Ministerio de Industria, Turismo y Comercio establecer\u00e1 las tarifas de \u00faltimo recurso que deber\u00e1n aplicar los comercializadores de \u00faltimo recurso.<\/p>\n<p><b>La entrada del suministro de \u00faltimo recurso, \u00bfTiene alg\u00fan coste adicional para m\u00ed?<\/b><br \/>\nNo, la desaparici\u00f3n de la tarifa integral y el traspaso de los clientes a la tarifa de \u00faltimo recurso, no tendr\u00e1 un coste adicional para el cliente.<\/p>\n<p><b>\u00bfCambiar\u00e1 en algo las caracter\u00edsticas de mi contrato actual?<\/b><br \/>\nLas caracter\u00edsticas del contrato (potencia contratada, periodicidad de la lectura, discriminaci\u00f3n horaria, etc\u00e9tera) no cambiar\u00e1n con el paso a las tarifas de \u00faltimo recurso. Vd. siempre puede solicitar los cambios que considere necesarios.<\/p>\n<p><b>\u00bfPuedo seguir con la tarifa regulada que ten\u00eda hasta ahora?<\/b><br \/>\nNo, la tarifa integral desaparece y a partir del 1 de julio, s\u00f3lo se podr\u00e1 contratar la tarifa de \u00faltimo recurso con un comercializador de \u00faltimo recurso o negociar un precio de mercado libre con una empresa comercializadora.<\/p>\n<p><b>\u00bfQu\u00e9 ocurre si no hago nada?<\/b><br \/>\nSi no se hace nada y se tiene 10 kilovatios o menos de potencia contratada, el contrato ser\u00e1 autom\u00e1ticamente trasferido a la comercializadora de \u00faltimo recurso que le corresponda.<\/p>\n<p><b>\u00bfVan a facilitar a los clientes alguna informaci\u00f3n?<\/b><br \/>\nPr\u00f3ximamente, con la factura, se adjuntar\u00e1 una carta de la empresa distribuidora de la zona con informaci\u00f3n del suministro de \u00faltimo recurso y las alternativas posibles que se mencionan a continuaci\u00f3n:<\/p>\n<p>1. Contratar a precio libre con una empresa comercializadora o,<\/p>\n<p>2. A partir del 1 de julio, contratar la tarifa de \u00faltimo recurso con una empresa comercializadora de \u00faltimo recurso.<\/p>\n<p>3. En caso de no hacer nada, el suministro ser\u00e1 atendido por la empresa comercializadora de \u00faltimo recurso perteneciente al grupo empresarial propietario de la empresa de distribuci\u00f3n de la zona.<\/p>\n<p><b>\u00bfCon qu\u00e9 empresas comercializadoras de \u00faltimo recurso puedo contratar las tarifas de \u00faltimo recurso?<\/b><br \/>\nCon cualquiera de las empresas comercializadoras de \u00faltimo recurso incluidas en el listado de la p\u00e1gina web de la Comisi\u00f3n Nacional de Energ\u00eda:<\/p>\n<p>http:\/\/www.cne.es\/cne\/doc\/publicaciones\/LComer_Elec_14052009.pdf [pdf]\n<p><b>\u00bfCon qu\u00e9 empresas comercializadoras puedo contratar a precio libre?<\/b><br \/>\nCon cualquiera de las empresas comercializadoras incluidas en el listado de la p\u00e1gina web de la Comisi\u00f3n Nacional de Energ\u00eda:<\/p>\n<p>http:\/\/www.cne.es\/cne\/doc\/publicaciones\/LComer_Elec_14052009.pdf [pdf]\n<p><b>\u00bfA qui\u00e9n tengo que llamar cuando tenga una aver\u00eda o incidencia en la red?<\/b><br \/>\nA la empresa distribuidora de electricidad de la zona en la que se encuentre el suministro.<br \/>\nEn el caso de Caudete, como el suministro se encuentra en una zona operada por Iberdrola Distribuci\u00f3n El\u00e9ctrica, S.A.U., se deber\u00e1 llamar al tel\u00e9fono: 901.10.22.10.<\/p>\n<p><b>\u00bfEn qu\u00e9 legislaci\u00f3n est\u00e1 regulado el Suministro de \u00daltimo Recurso?<\/b><br \/>\nLa legislaci\u00f3n aplicable que regula el suministro de \u00faltimo recurso es la siguiente:<\/p>\n<p>Real Decreto 485\/2009, de 3 de abril, por el que se regula la puesta en marcha del suministro de \u00faltimo recurso en el sector de la energ\u00eda el\u00e9ctrica.<\/p>\n<p>Vocabulario utilizado:<br \/>\nEmpresa El\u00e9ctrica: Grupo empresarial cuya actividad principal se dedica a la generaci\u00f3n, distribuci\u00f3n y\/o comercializaci\u00f3n de energ\u00eda el\u00e9ctrica. Una empresa el\u00e9ctrica puede estar integrada verticalmente y poseer una empresa generadora, una distribuidora, una comercializadora y una comercializadora de \u00faltimo recurso dentro del mismo grupo empresarial.<br \/>\nDistribuidora: Empresa cuya funci\u00f3n es la gesti\u00f3n de las redes de distribuci\u00f3n de energ\u00eda el\u00e9ctrica.<br \/>\nComercializadora: Empresa cuya funci\u00f3n es suministrar energ\u00eda a los clientes a mercado libre.<br \/>\nComercializadora de \u00daltimo Recurso: Empresa cuya funci\u00f3n es suministrar energ\u00eda a los clientes a tarifa de \u00faltimo recurso.<br \/>\nTarifa Integral: Tarifa a extinguir el 1 de julio de 2009 que la empresa distribuidora aplicaba a sus clientes de mercado regulado.<br \/>\nTarifa de Acceso: Tarifa que la empresa comercializadora deber\u00e1 pagar a la empresa distribuidora por hacer uso de las redes.<br \/>\nTarifa de \u00daltimo Recurso: Es el precio m\u00e1ximo y m\u00ednimo que podr\u00e1n cobrar los comercializadores de \u00faltimo recurso a los consumidores que se acojan a ella.<\/p>\n<div class=\"clear\" style=\"text-align: justify;\">&nbsp;<\/div>\n<\/div>\n<div class=\"clear\" style=\"text-align: justify;\">&nbsp;<\/div>\n<div id=\"enlaces\">\n<h5 style=\"text-align: justify;\">Enlaces relacionados<\/h5>\n<hr>\n<ul>\n<li style=\"text-align: justify;\"><a href=\"http:\/\/www.boe.es\/boe\/dias\/2009\/04\/04\/pdfs\/BOE-A-2009-5618.pdf\" class=\"mtli_attachment mtli_pdf\" target=\"_blank\" rel=\"noopener noreferrer nofollow\">RD 485\/2009, de 3 de abril, porel que se regula la puesta en marcha del suministro de \u00faltimo recurso en el sector de la energ\u00eda el\u00e9ctrica.<\/a><\/li>\n<\/ul>\n<\/div>\n","protected":false},"excerpt":{"rendered":"<p>Con fecha 4 de abril de 2009, el Ministerio de Industria, Turismo y Comercio ha publicado el \u201cReal Decreto 485\/2009 de 3 de abril por el que se regula la puesta en marcha del suministro de \u00faltimo recurso en el sector de la energ\u00eda el\u00e9ctrica\u201d. Supone un cambio sustancial respecto al modelo actual ya que &hellip;<\/p>\n","protected":false},"author":1,"featured_media":7573,"comment_status":"closed","ping_status":"open","sticky":false,"template":"","format":"standard","meta":{"ngg_post_thumbnail":0,"footnotes":""},"categories":[110],"tags":[],"class_list":["post-7572","post","type-post","status-publish","format-standard","has-post-thumbnail","hentry","category-omic-noticias"],"yoast_head":"<!-- This site is optimized with the Yoast SEO plugin v27.5 - https:\/\/yoast.com\/product\/yoast-seo-wordpress\/ -->\n<title>SUMINISTRO DE \u00daLTIMO RECURSO (S.U.R) a partir del 1 de julio de 2009 - MI Ayuntamiento de Caudete<\/title>\n<meta name=\"description\" content=\"P\u00e1gina Oficial del Ayuntamiento de Caudete (Albacete)\" \/>\n<meta name=\"robots\" content=\"index, follow, max-snippet:-1, max-image-preview:large, max-video-preview:-1\" \/>\n<link rel=\"canonical\" href=\"https:\/\/www.caudete.org\/ayuntamiento\/suministro-de-ultimo-recurso-s-u-r-a-partir-del-1-de-julio-de-2009\/\" \/>\n<meta property=\"og:locale\" content=\"es_ES\" \/>\n<meta property=\"og:type\" content=\"article\" \/>\n<meta property=\"og:title\" content=\"SUMINISTRO DE \u00daLTIMO RECURSO (S.U.R) a partir del 1 de julio de 2009 - MI Ayuntamiento de Caudete\" \/>\n<meta property=\"og:description\" content=\"P\u00e1gina Oficial del Ayuntamiento de Caudete (Albacete)\" \/>\n<meta property=\"og:url\" content=\"https:\/\/www.caudete.org\/ayuntamiento\/suministro-de-ultimo-recurso-s-u-r-a-partir-del-1-de-julio-de-2009\/\" \/>\n<meta property=\"og:site_name\" content=\"MI Ayuntamiento de Caudete\" \/>\n<meta property=\"article:publisher\" content=\"https:\/\/www.facebook.com\/ayuntamientocaudete\/\" \/>\n<meta property=\"article:published_time\" content=\"2020-12-07T15:21:40+00:00\" \/>\n<meta property=\"article:modified_time\" content=\"2020-12-13T17:46:12+00:00\" \/>\n<meta property=\"og:image\" content=\"https:\/\/www.caudete.org\/ayuntamiento\/wp-content\/uploads\/2020\/12\/omic-ray.jpg\" \/>\n\t<meta property=\"og:image:width\" content=\"303\" \/>\n\t<meta property=\"og:image:height\" content=\"200\" \/>\n\t<meta property=\"og:image:type\" content=\"image\/jpeg\" \/>\n<meta name=\"author\" content=\"ayun\" \/>\n<meta name=\"twitter:card\" content=\"summary_large_image\" \/>\n<meta name=\"twitter:label1\" content=\"Escrito por\" \/>\n\t<meta name=\"twitter:data1\" content=\"ayun\" \/>\n\t<meta name=\"twitter:label2\" content=\"Tiempo de lectura\" \/>\n\t<meta name=\"twitter:data2\" content=\"7 minutos\" \/>\n<script type=\"application\/ld+json\" class=\"yoast-schema-graph\">{\"@context\":\"https:\\\/\\\/schema.org\",\"@graph\":[{\"@type\":\"Article\",\"@id\":\"https:\\\/\\\/www.caudete.org\\\/ayuntamiento\\\/suministro-de-ultimo-recurso-s-u-r-a-partir-del-1-de-julio-de-2009\\\/#article\",\"isPartOf\":{\"@id\":\"https:\\\/\\\/www.caudete.org\\\/ayuntamiento\\\/suministro-de-ultimo-recurso-s-u-r-a-partir-del-1-de-julio-de-2009\\\/\"},\"author\":{\"name\":\"ayun\",\"@id\":\"https:\\\/\\\/www.caudete.org\\\/ayuntamiento\\\/#\\\/schema\\\/person\\\/79f7e19fdd176fc2bc7a289013dc2056\"},\"headline\":\"SUMINISTRO DE \u00daLTIMO RECURSO (S.U.R) a partir del 1 de julio de 2009\",\"datePublished\":\"2020-12-07T15:21:40+00:00\",\"dateModified\":\"2020-12-13T17:46:12+00:00\",\"mainEntityOfPage\":{\"@id\":\"https:\\\/\\\/www.caudete.org\\\/ayuntamiento\\\/suministro-de-ultimo-recurso-s-u-r-a-partir-del-1-de-julio-de-2009\\\/\"},\"wordCount\":1444,\"image\":{\"@id\":\"https:\\\/\\\/www.caudete.org\\\/ayuntamiento\\\/suministro-de-ultimo-recurso-s-u-r-a-partir-del-1-de-julio-de-2009\\\/#primaryimage\"},\"thumbnailUrl\":\"https:\\\/\\\/www.caudete.org\\\/ayuntamiento\\\/wp-content\\\/uploads\\\/2020\\\/12\\\/omic-ray.jpg\",\"articleSection\":[\"omic-noticias\"],\"inLanguage\":\"es\"},{\"@type\":\"WebPage\",\"@id\":\"https:\\\/\\\/www.caudete.org\\\/ayuntamiento\\\/suministro-de-ultimo-recurso-s-u-r-a-partir-del-1-de-julio-de-2009\\\/\",\"url\":\"https:\\\/\\\/www.caudete.org\\\/ayuntamiento\\\/suministro-de-ultimo-recurso-s-u-r-a-partir-del-1-de-julio-de-2009\\\/\",\"name\":\"SUMINISTRO DE \u00daLTIMO RECURSO (S.U.R) a partir del 1 de julio de 2009 - MI Ayuntamiento de Caudete\",\"isPartOf\":{\"@id\":\"https:\\\/\\\/www.caudete.org\\\/ayuntamiento\\\/#website\"},\"primaryImageOfPage\":{\"@id\":\"https:\\\/\\\/www.caudete.org\\\/ayuntamiento\\\/suministro-de-ultimo-recurso-s-u-r-a-partir-del-1-de-julio-de-2009\\\/#primaryimage\"},\"image\":{\"@id\":\"https:\\\/\\\/www.caudete.org\\\/ayuntamiento\\\/suministro-de-ultimo-recurso-s-u-r-a-partir-del-1-de-julio-de-2009\\\/#primaryimage\"},\"thumbnailUrl\":\"https:\\\/\\\/www.caudete.org\\\/ayuntamiento\\\/wp-content\\\/uploads\\\/2020\\\/12\\\/omic-ray.jpg\",\"datePublished\":\"2020-12-07T15:21:40+00:00\",\"dateModified\":\"2020-12-13T17:46:12+00:00\",\"author\":{\"@id\":\"https:\\\/\\\/www.caudete.org\\\/ayuntamiento\\\/#\\\/schema\\\/person\\\/79f7e19fdd176fc2bc7a289013dc2056\"},\"description\":\"P\u00e1gina Oficial del Ayuntamiento de Caudete (Albacete)\",\"breadcrumb\":{\"@id\":\"https:\\\/\\\/www.caudete.org\\\/ayuntamiento\\\/suministro-de-ultimo-recurso-s-u-r-a-partir-del-1-de-julio-de-2009\\\/#breadcrumb\"},\"inLanguage\":\"es\",\"potentialAction\":[{\"@type\":\"ReadAction\",\"target\":[\"https:\\\/\\\/www.caudete.org\\\/ayuntamiento\\\/suministro-de-ultimo-recurso-s-u-r-a-partir-del-1-de-julio-de-2009\\\/\"]}]},{\"@type\":\"ImageObject\",\"inLanguage\":\"es\",\"@id\":\"https:\\\/\\\/www.caudete.org\\\/ayuntamiento\\\/suministro-de-ultimo-recurso-s-u-r-a-partir-del-1-de-julio-de-2009\\\/#primaryimage\",\"url\":\"https:\\\/\\\/www.caudete.org\\\/ayuntamiento\\\/wp-content\\\/uploads\\\/2020\\\/12\\\/omic-ray.jpg\",\"contentUrl\":\"https:\\\/\\\/www.caudete.org\\\/ayuntamiento\\\/wp-content\\\/uploads\\\/2020\\\/12\\\/omic-ray.jpg\",\"width\":303,\"height\":200},{\"@type\":\"BreadcrumbList\",\"@id\":\"https:\\\/\\\/www.caudete.org\\\/ayuntamiento\\\/suministro-de-ultimo-recurso-s-u-r-a-partir-del-1-de-julio-de-2009\\\/#breadcrumb\",\"itemListElement\":[{\"@type\":\"ListItem\",\"position\":1,\"name\":\"Inicio\",\"item\":\"https:\\\/\\\/www.caudete.org\\\/ayuntamiento\\\/\"},{\"@type\":\"ListItem\",\"position\":2,\"name\":\"SUMINISTRO DE \u00daLTIMO RECURSO (S.U.R) a partir del 1 de julio de 2009\"}]},{\"@type\":\"WebSite\",\"@id\":\"https:\\\/\\\/www.caudete.org\\\/ayuntamiento\\\/#website\",\"url\":\"https:\\\/\\\/www.caudete.org\\\/ayuntamiento\\\/\",\"name\":\"MI Ayuntamiento de Caudete\",\"description\":\"P\u00e1gina Oficial del MI Ayuntamiento de Caudete\",\"potentialAction\":[{\"@type\":\"SearchAction\",\"target\":{\"@type\":\"EntryPoint\",\"urlTemplate\":\"https:\\\/\\\/www.caudete.org\\\/ayuntamiento\\\/?s={search_term_string}\"},\"query-input\":{\"@type\":\"PropertyValueSpecification\",\"valueRequired\":true,\"valueName\":\"search_term_string\"}}],\"inLanguage\":\"es\"},{\"@type\":\"Person\",\"@id\":\"https:\\\/\\\/www.caudete.org\\\/ayuntamiento\\\/#\\\/schema\\\/person\\\/79f7e19fdd176fc2bc7a289013dc2056\",\"name\":\"ayun\",\"image\":{\"@type\":\"ImageObject\",\"inLanguage\":\"es\",\"@id\":\"https:\\\/\\\/secure.gravatar.com\\\/avatar\\\/4ce797ee07c943e7e592f8cd648e503e6cd571387558ed07135799c2bd2847df?s=96&d=mm&r=g\",\"url\":\"https:\\\/\\\/secure.gravatar.com\\\/avatar\\\/4ce797ee07c943e7e592f8cd648e503e6cd571387558ed07135799c2bd2847df?s=96&d=mm&r=g\",\"contentUrl\":\"https:\\\/\\\/secure.gravatar.com\\\/avatar\\\/4ce797ee07c943e7e592f8cd648e503e6cd571387558ed07135799c2bd2847df?s=96&d=mm&r=g\",\"caption\":\"ayun\"},\"sameAs\":[\"http:\\\/\\\/www.caudete.org\\\/ayuntamiento\"],\"url\":\"https:\\\/\\\/www.caudete.org\\\/ayuntamiento\\\/author\\\/ayun\\\/\"}]}<\/script>\n<!-- \/ Yoast SEO plugin. -->","yoast_head_json":{"title":"SUMINISTRO DE \u00daLTIMO RECURSO (S.U.R) a partir del 1 de julio de 2009 - MI Ayuntamiento de Caudete","description":"P\u00e1gina Oficial del Ayuntamiento de Caudete (Albacete)","robots":{"index":"index","follow":"follow","max-snippet":"max-snippet:-1","max-image-preview":"max-image-preview:large","max-video-preview":"max-video-preview:-1"},"canonical":"https:\/\/www.caudete.org\/ayuntamiento\/suministro-de-ultimo-recurso-s-u-r-a-partir-del-1-de-julio-de-2009\/","og_locale":"es_ES","og_type":"article","og_title":"SUMINISTRO DE \u00daLTIMO RECURSO (S.U.R) a partir del 1 de julio de 2009 - MI Ayuntamiento de Caudete","og_description":"P\u00e1gina Oficial del Ayuntamiento de Caudete (Albacete)","og_url":"https:\/\/www.caudete.org\/ayuntamiento\/suministro-de-ultimo-recurso-s-u-r-a-partir-del-1-de-julio-de-2009\/","og_site_name":"MI Ayuntamiento de Caudete","article_publisher":"https:\/\/www.facebook.com\/ayuntamientocaudete\/","article_published_time":"2020-12-07T15:21:40+00:00","article_modified_time":"2020-12-13T17:46:12+00:00","og_image":[{"width":303,"height":200,"url":"https:\/\/www.caudete.org\/ayuntamiento\/wp-content\/uploads\/2020\/12\/omic-ray.jpg","type":"image\/jpeg"}],"author":"ayun","twitter_card":"summary_large_image","twitter_misc":{"Escrito por":"ayun","Tiempo de lectura":"7 minutos"},"schema":{"@context":"https:\/\/schema.org","@graph":[{"@type":"Article","@id":"https:\/\/www.caudete.org\/ayuntamiento\/suministro-de-ultimo-recurso-s-u-r-a-partir-del-1-de-julio-de-2009\/#article","isPartOf":{"@id":"https:\/\/www.caudete.org\/ayuntamiento\/suministro-de-ultimo-recurso-s-u-r-a-partir-del-1-de-julio-de-2009\/"},"author":{"name":"ayun","@id":"https:\/\/www.caudete.org\/ayuntamiento\/#\/schema\/person\/79f7e19fdd176fc2bc7a289013dc2056"},"headline":"SUMINISTRO DE \u00daLTIMO RECURSO (S.U.R) a partir del 1 de julio de 2009","datePublished":"2020-12-07T15:21:40+00:00","dateModified":"2020-12-13T17:46:12+00:00","mainEntityOfPage":{"@id":"https:\/\/www.caudete.org\/ayuntamiento\/suministro-de-ultimo-recurso-s-u-r-a-partir-del-1-de-julio-de-2009\/"},"wordCount":1444,"image":{"@id":"https:\/\/www.caudete.org\/ayuntamiento\/suministro-de-ultimo-recurso-s-u-r-a-partir-del-1-de-julio-de-2009\/#primaryimage"},"thumbnailUrl":"https:\/\/www.caudete.org\/ayuntamiento\/wp-content\/uploads\/2020\/12\/omic-ray.jpg","articleSection":["omic-noticias"],"inLanguage":"es"},{"@type":"WebPage","@id":"https:\/\/www.caudete.org\/ayuntamiento\/suministro-de-ultimo-recurso-s-u-r-a-partir-del-1-de-julio-de-2009\/","url":"https:\/\/www.caudete.org\/ayuntamiento\/suministro-de-ultimo-recurso-s-u-r-a-partir-del-1-de-julio-de-2009\/","name":"SUMINISTRO DE \u00daLTIMO RECURSO (S.U.R) a partir del 1 de julio de 2009 - MI Ayuntamiento de Caudete","isPartOf":{"@id":"https:\/\/www.caudete.org\/ayuntamiento\/#website"},"primaryImageOfPage":{"@id":"https:\/\/www.caudete.org\/ayuntamiento\/suministro-de-ultimo-recurso-s-u-r-a-partir-del-1-de-julio-de-2009\/#primaryimage"},"image":{"@id":"https:\/\/www.caudete.org\/ayuntamiento\/suministro-de-ultimo-recurso-s-u-r-a-partir-del-1-de-julio-de-2009\/#primaryimage"},"thumbnailUrl":"https:\/\/www.caudete.org\/ayuntamiento\/wp-content\/uploads\/2020\/12\/omic-ray.jpg","datePublished":"2020-12-07T15:21:40+00:00","dateModified":"2020-12-13T17:46:12+00:00","author":{"@id":"https:\/\/www.caudete.org\/ayuntamiento\/#\/schema\/person\/79f7e19fdd176fc2bc7a289013dc2056"},"description":"P\u00e1gina Oficial del Ayuntamiento de Caudete (Albacete)","breadcrumb":{"@id":"https:\/\/www.caudete.org\/ayuntamiento\/suministro-de-ultimo-recurso-s-u-r-a-partir-del-1-de-julio-de-2009\/#breadcrumb"},"inLanguage":"es","potentialAction":[{"@type":"ReadAction","target":["https:\/\/www.caudete.org\/ayuntamiento\/suministro-de-ultimo-recurso-s-u-r-a-partir-del-1-de-julio-de-2009\/"]}]},{"@type":"ImageObject","inLanguage":"es","@id":"https:\/\/www.caudete.org\/ayuntamiento\/suministro-de-ultimo-recurso-s-u-r-a-partir-del-1-de-julio-de-2009\/#primaryimage","url":"https:\/\/www.caudete.org\/ayuntamiento\/wp-content\/uploads\/2020\/12\/omic-ray.jpg","contentUrl":"https:\/\/www.caudete.org\/ayuntamiento\/wp-content\/uploads\/2020\/12\/omic-ray.jpg","width":303,"height":200},{"@type":"BreadcrumbList","@id":"https:\/\/www.caudete.org\/ayuntamiento\/suministro-de-ultimo-recurso-s-u-r-a-partir-del-1-de-julio-de-2009\/#breadcrumb","itemListElement":[{"@type":"ListItem","position":1,"name":"Inicio","item":"https:\/\/www.caudete.org\/ayuntamiento\/"},{"@type":"ListItem","position":2,"name":"SUMINISTRO DE \u00daLTIMO RECURSO (S.U.R) a partir del 1 de julio de 2009"}]},{"@type":"WebSite","@id":"https:\/\/www.caudete.org\/ayuntamiento\/#website","url":"https:\/\/www.caudete.org\/ayuntamiento\/","name":"MI Ayuntamiento de Caudete","description":"P\u00e1gina Oficial del MI Ayuntamiento de Caudete","potentialAction":[{"@type":"SearchAction","target":{"@type":"EntryPoint","urlTemplate":"https:\/\/www.caudete.org\/ayuntamiento\/?s={search_term_string}"},"query-input":{"@type":"PropertyValueSpecification","valueRequired":true,"valueName":"search_term_string"}}],"inLanguage":"es"},{"@type":"Person","@id":"https:\/\/www.caudete.org\/ayuntamiento\/#\/schema\/person\/79f7e19fdd176fc2bc7a289013dc2056","name":"ayun","image":{"@type":"ImageObject","inLanguage":"es","@id":"https:\/\/secure.gravatar.com\/avatar\/4ce797ee07c943e7e592f8cd648e503e6cd571387558ed07135799c2bd2847df?s=96&d=mm&r=g","url":"https:\/\/secure.gravatar.com\/avatar\/4ce797ee07c943e7e592f8cd648e503e6cd571387558ed07135799c2bd2847df?s=96&d=mm&r=g","contentUrl":"https:\/\/secure.gravatar.com\/avatar\/4ce797ee07c943e7e592f8cd648e503e6cd571387558ed07135799c2bd2847df?s=96&d=mm&r=g","caption":"ayun"},"sameAs":["http:\/\/www.caudete.org\/ayuntamiento"],"url":"https:\/\/www.caudete.org\/ayuntamiento\/author\/ayun\/"}]}},"_links":{"self":[{"href":"https:\/\/www.caudete.org\/ayuntamiento\/wp-json\/wp\/v2\/posts\/7572","targetHints":{"allow":["GET"]}}],"collection":[{"href":"https:\/\/www.caudete.org\/ayuntamiento\/wp-json\/wp\/v2\/posts"}],"about":[{"href":"https:\/\/www.caudete.org\/ayuntamiento\/wp-json\/wp\/v2\/types\/post"}],"author":[{"embeddable":true,"href":"https:\/\/www.caudete.org\/ayuntamiento\/wp-json\/wp\/v2\/users\/1"}],"replies":[{"embeddable":true,"href":"https:\/\/www.caudete.org\/ayuntamiento\/wp-json\/wp\/v2\/comments?post=7572"}],"version-history":[{"count":2,"href":"https:\/\/www.caudete.org\/ayuntamiento\/wp-json\/wp\/v2\/posts\/7572\/revisions"}],"predecessor-version":[{"id":9191,"href":"https:\/\/www.caudete.org\/ayuntamiento\/wp-json\/wp\/v2\/posts\/7572\/revisions\/9191"}],"wp:featuredmedia":[{"embeddable":true,"href":"https:\/\/www.caudete.org\/ayuntamiento\/wp-json\/wp\/v2\/media\/7573"}],"wp:attachment":[{"href":"https:\/\/www.caudete.org\/ayuntamiento\/wp-json\/wp\/v2\/media?parent=7572"}],"wp:term":[{"taxonomy":"category","embeddable":true,"href":"https:\/\/www.caudete.org\/ayuntamiento\/wp-json\/wp\/v2\/categories?post=7572"},{"taxonomy":"post_tag","embeddable":true,"href":"https:\/\/www.caudete.org\/ayuntamiento\/wp-json\/wp\/v2\/tags?post=7572"}],"curies":[{"name":"wp","href":"https:\/\/api.w.org\/{rel}","templated":true}]}}