{"id":7589,"date":"2020-12-07T16:41:04","date_gmt":"2020-12-07T15:41:04","guid":{"rendered":"http:\/\/www.caudete.org\/ayuntamiento\/?p=7589"},"modified":"2020-12-13T18:40:20","modified_gmt":"2020-12-13T17:40:20","slug":"garantia","status":"publish","type":"post","link":"https:\/\/www.caudete.org\/ayuntamiento\/garantia\/","title":{"rendered":"GARANT\u00cdA"},"content":{"rendered":"<p>&nbsp;<\/p>\n<p style=\"text-align: justify;\">Cuando compramos un producto, los consumidores estamos protegidos ante un posible defecto del art\u00edculo. Es lo que entendemos por garant\u00eda de los productos.<\/p>\n<p style=\"text-align: justify;\">Se aplica cuando se dan las siguientes circunstancias y siempre que el defecto sea de fabricaci\u00f3n y no debido al mal uso:<\/p>\n<ul style=\"text-align: justify;\">\n<li style=\"list-style-type: none;\">\n<ul>\n<li>Si no sirve para el uso al que estaba destinado.<\/li>\n<\/ul>\n<\/li>\n<\/ul>\n<ul style=\"text-align: justify;\">\n<li style=\"list-style-type: none;\">\n<ul>\n<li>Si tiene unas prestaciones distintas a las anunciadas.<\/li>\n<\/ul>\n<\/li>\n<\/ul>\n<ul style=\"text-align: justify;\">\n<li style=\"list-style-type: none;\">\n<ul>\n<li>Si tiene alg\u00fan defecto que lo hace inservible para su uso.<\/li>\n<\/ul>\n<\/li>\n<\/ul>\n<ul style=\"text-align: justify;\">\n<li style=\"list-style-type: none;\">\n<ul>\n<li>Si las instrucciones del manual son err\u00f3neas y eso ocasiona un defecto en el producto al montarlo o instalarlo.<\/li>\n<\/ul>\n<\/li>\n<\/ul>\n<p style=\"text-align: justify;\">&nbsp;<\/p>\n<ul style=\"text-align: justify;\">\n<li>Si los t\u00e9cnicos enviados por el vendedor instalan incorrectamente el producto y eso produce un fallo.<\/li>\n<\/ul>\n<p style=\"text-align: justify;\">.<br \/>\nCuando nos encontramos con alguna de estas circunstancias, tenemos derecho a reclamar la garant\u00eda al vendedor.<\/p>\n<p>El tiempo de garant\u00eda legal que tiene cualquier tipo de producto (electrodom\u00e9sticos, calzado, muebles\u2026), seg\u00fan la ley, es:<\/p>\n<ul style=\"text-align: justify;\">\n<li style=\"list-style-type: none;\">\n<ul>\n<li><b>dos a\u00f1os <\/b>desde la fecha de entrega para los <b>productos nuevos<\/b>;<\/li>\n<\/ul>\n<\/li>\n<\/ul>\n<p style=\"text-align: justify;\">&nbsp;<\/p>\n<ul style=\"text-align: justify;\">\n<li>al menos <b>un a\u00f1o<\/b>para productos de segunda mano.<\/li>\n<\/ul>\n<p>En el caso de que el consumidor detecte el fallo en el producto durante los primeros seis meses desde su compra, tiene derecho a que se lo sustituyan o se lo reparen gratuitamente, ya que se entiende que el defecto viene de f\u00e1brica. Si el vendedor piensa que el problema es debido a un mal uso, tiene que demostrarlo.<br \/>\nSin embargo, si el fallo surge despu\u00e9s de esos primeros seis meses, se entiende que puede ser de f\u00e1brica o tambi\u00e9n por un mal uso, por lo que es el consumidor quien, para poder beneficiarse de la garant\u00eda, tiene que demostrar que no ha sido provocado por un uso incorrecto.<\/p>\n<p><b>Beneficios de la garant\u00eda<\/b><\/p>\n<p>Para beneficiarse de la garant\u00eda, el consumidor podr\u00e1 escoger una de las siguientes opciones:<\/p>\n<ul style=\"text-align: justify;\">\n<li style=\"list-style-type: none;\">\n<ul>\n<li>Reparaci\u00f3n gratuita del producto (el vendedor debe pagar los gastos de mano de obra, desplazamiento y piezas).<\/li>\n<\/ul>\n<\/li>\n<\/ul>\n<ul style=\"text-align: justify;\">\n<li style=\"list-style-type: none;\">\n<ul>\n<li>Sustituci\u00f3n del objeto por otro de las mismas caracter\u00edsticas, siempre y cuando no sea un objeto insustituible, como una obra de arte, ni un art\u00edculo de segunda mano, o la reparaci\u00f3n no sea posible.<\/li>\n<\/ul>\n<\/li>\n<\/ul>\n<ul style=\"text-align: justify;\">\n<li style=\"list-style-type: none;\">\n<ul>\n<li>Rebaja del precio, si no se ha podido reparar el producto o si, a pesar de la reparaci\u00f3n, sigue dando problemas.<\/li>\n<\/ul>\n<\/li>\n<\/ul>\n<p style=\"text-align: justify;\">&nbsp;<\/p>\n<ul style=\"text-align: justify;\">\n<li>Devoluci\u00f3n del dinero.<\/li>\n<\/ul>\n<p style=\"text-align: justify;\">.<br \/>\nCuando haya que reparar el producto, el plazo de la garant\u00eda se suspender\u00e1 mientras dure la reparaci\u00f3n y se empezar\u00e1 a contar de nuevo cuando se entregue al consumidor el art\u00edculo arreglado. La reparaci\u00f3n en s\u00ed misma tiene adem\u00e1s seis meses de garant\u00eda.<\/p>\n<p><b>Garant\u00eda voluntaria \u00f3 comercial<\/b><\/p>\n<p>Existe tambi\u00e9n otro tipo de garant\u00eda, que se conoce como comercial, y que es la que puede ofrecer voluntariamente el vendedor. Esta garant\u00eda no puede ofrecer menos derechos que la legal.<br \/>\nPara que el consumidor pueda disfrutar de esta garant\u00eda, el vendedor debe darle un documento por escrito donde aparezca una identificaci\u00f3n clara del producto en garant\u00eda, datos del que la ofrece, derechos que se le conceden al consumidor, plazo de duraci\u00f3n y v\u00edas de reclamaci\u00f3n.<\/p>\n","protected":false},"excerpt":{"rendered":"<p>&nbsp; Cuando compramos un producto, los consumidores estamos protegidos ante un posible defecto del art\u00edculo. Es lo que entendemos por garant\u00eda de los productos. Se aplica cuando se dan las siguientes circunstancias y siempre que el defecto sea de fabricaci\u00f3n y no debido al mal uso: Si no sirve para el uso al que estaba &hellip;<\/p>\n","protected":false},"author":1,"featured_media":7590,"comment_status":"closed","ping_status":"open","sticky":false,"template":"","format":"standard","meta":{"ngg_post_thumbnail":0,"footnotes":""},"categories":[110],"tags":[],"class_list":["post-7589","post","type-post","status-publish","format-standard","has-post-thumbnail","hentry","category-omic-noticias"],"yoast_head":"<!-- This site is optimized with the Yoast SEO plugin v27.5 - https:\/\/yoast.com\/product\/yoast-seo-wordpress\/ -->\n<title>GARANT\u00cdA - MI Ayuntamiento de Caudete<\/title>\n<meta name=\"description\" content=\"P\u00e1gina Oficial del Ayuntamiento de Caudete (Albacete)\" \/>\n<meta name=\"robots\" content=\"index, follow, max-snippet:-1, max-image-preview:large, max-video-preview:-1\" \/>\n<link rel=\"canonical\" href=\"https:\/\/www.caudete.org\/ayuntamiento\/garantia\/\" \/>\n<meta property=\"og:locale\" content=\"es_ES\" \/>\n<meta property=\"og:type\" content=\"article\" \/>\n<meta property=\"og:title\" content=\"GARANT\u00cdA - MI Ayuntamiento de Caudete\" \/>\n<meta property=\"og:description\" content=\"P\u00e1gina Oficial del Ayuntamiento de Caudete (Albacete)\" \/>\n<meta property=\"og:url\" content=\"https:\/\/www.caudete.org\/ayuntamiento\/garantia\/\" \/>\n<meta property=\"og:site_name\" content=\"MI Ayuntamiento de Caudete\" \/>\n<meta property=\"article:publisher\" content=\"https:\/\/www.facebook.com\/ayuntamientocaudete\/\" \/>\n<meta property=\"article:published_time\" content=\"2020-12-07T15:41:04+00:00\" \/>\n<meta property=\"article:modified_time\" content=\"2020-12-13T17:40:20+00:00\" \/>\n<meta property=\"og:image\" content=\"https:\/\/www.caudete.org\/ayuntamiento\/wp-content\/uploads\/2020\/12\/omic-gar.jpg\" \/>\n\t<meta property=\"og:image:width\" content=\"308\" \/>\n\t<meta property=\"og:image:height\" content=\"200\" \/>\n\t<meta property=\"og:image:type\" content=\"image\/jpeg\" \/>\n<meta name=\"author\" content=\"ayun\" \/>\n<meta name=\"twitter:card\" content=\"summary_large_image\" \/>\n<meta name=\"twitter:label1\" content=\"Escrito por\" \/>\n\t<meta name=\"twitter:data1\" content=\"ayun\" \/>\n\t<meta name=\"twitter:label2\" content=\"Tiempo de lectura\" \/>\n\t<meta name=\"twitter:data2\" content=\"3 minutos\" \/>\n<script type=\"application\/ld+json\" class=\"yoast-schema-graph\">{\"@context\":\"https:\\\/\\\/schema.org\",\"@graph\":[{\"@type\":\"Article\",\"@id\":\"https:\\\/\\\/www.caudete.org\\\/ayuntamiento\\\/garantia\\\/#article\",\"isPartOf\":{\"@id\":\"https:\\\/\\\/www.caudete.org\\\/ayuntamiento\\\/garantia\\\/\"},\"author\":{\"name\":\"ayun\",\"@id\":\"https:\\\/\\\/www.caudete.org\\\/ayuntamiento\\\/#\\\/schema\\\/person\\\/79f7e19fdd176fc2bc7a289013dc2056\"},\"headline\":\"GARANT\u00cdA\",\"datePublished\":\"2020-12-07T15:41:04+00:00\",\"dateModified\":\"2020-12-13T17:40:20+00:00\",\"mainEntityOfPage\":{\"@id\":\"https:\\\/\\\/www.caudete.org\\\/ayuntamiento\\\/garantia\\\/\"},\"wordCount\":534,\"image\":{\"@id\":\"https:\\\/\\\/www.caudete.org\\\/ayuntamiento\\\/garantia\\\/#primaryimage\"},\"thumbnailUrl\":\"https:\\\/\\\/www.caudete.org\\\/ayuntamiento\\\/wp-content\\\/uploads\\\/2020\\\/12\\\/omic-gar.jpg\",\"articleSection\":[\"omic-noticias\"],\"inLanguage\":\"es\"},{\"@type\":\"WebPage\",\"@id\":\"https:\\\/\\\/www.caudete.org\\\/ayuntamiento\\\/garantia\\\/\",\"url\":\"https:\\\/\\\/www.caudete.org\\\/ayuntamiento\\\/garantia\\\/\",\"name\":\"GARANT\u00cdA - MI Ayuntamiento de Caudete\",\"isPartOf\":{\"@id\":\"https:\\\/\\\/www.caudete.org\\\/ayuntamiento\\\/#website\"},\"primaryImageOfPage\":{\"@id\":\"https:\\\/\\\/www.caudete.org\\\/ayuntamiento\\\/garantia\\\/#primaryimage\"},\"image\":{\"@id\":\"https:\\\/\\\/www.caudete.org\\\/ayuntamiento\\\/garantia\\\/#primaryimage\"},\"thumbnailUrl\":\"https:\\\/\\\/www.caudete.org\\\/ayuntamiento\\\/wp-content\\\/uploads\\\/2020\\\/12\\\/omic-gar.jpg\",\"datePublished\":\"2020-12-07T15:41:04+00:00\",\"dateModified\":\"2020-12-13T17:40:20+00:00\",\"author\":{\"@id\":\"https:\\\/\\\/www.caudete.org\\\/ayuntamiento\\\/#\\\/schema\\\/person\\\/79f7e19fdd176fc2bc7a289013dc2056\"},\"description\":\"P\u00e1gina Oficial del Ayuntamiento de Caudete (Albacete)\",\"breadcrumb\":{\"@id\":\"https:\\\/\\\/www.caudete.org\\\/ayuntamiento\\\/garantia\\\/#breadcrumb\"},\"inLanguage\":\"es\",\"potentialAction\":[{\"@type\":\"ReadAction\",\"target\":[\"https:\\\/\\\/www.caudete.org\\\/ayuntamiento\\\/garantia\\\/\"]}]},{\"@type\":\"ImageObject\",\"inLanguage\":\"es\",\"@id\":\"https:\\\/\\\/www.caudete.org\\\/ayuntamiento\\\/garantia\\\/#primaryimage\",\"url\":\"https:\\\/\\\/www.caudete.org\\\/ayuntamiento\\\/wp-content\\\/uploads\\\/2020\\\/12\\\/omic-gar.jpg\",\"contentUrl\":\"https:\\\/\\\/www.caudete.org\\\/ayuntamiento\\\/wp-content\\\/uploads\\\/2020\\\/12\\\/omic-gar.jpg\",\"width\":308,\"height\":200},{\"@type\":\"BreadcrumbList\",\"@id\":\"https:\\\/\\\/www.caudete.org\\\/ayuntamiento\\\/garantia\\\/#breadcrumb\",\"itemListElement\":[{\"@type\":\"ListItem\",\"position\":1,\"name\":\"Inicio\",\"item\":\"https:\\\/\\\/www.caudete.org\\\/ayuntamiento\\\/\"},{\"@type\":\"ListItem\",\"position\":2,\"name\":\"GARANT\u00cdA\"}]},{\"@type\":\"WebSite\",\"@id\":\"https:\\\/\\\/www.caudete.org\\\/ayuntamiento\\\/#website\",\"url\":\"https:\\\/\\\/www.caudete.org\\\/ayuntamiento\\\/\",\"name\":\"MI Ayuntamiento de Caudete\",\"description\":\"P\u00e1gina Oficial del MI Ayuntamiento de Caudete\",\"potentialAction\":[{\"@type\":\"SearchAction\",\"target\":{\"@type\":\"EntryPoint\",\"urlTemplate\":\"https:\\\/\\\/www.caudete.org\\\/ayuntamiento\\\/?s={search_term_string}\"},\"query-input\":{\"@type\":\"PropertyValueSpecification\",\"valueRequired\":true,\"valueName\":\"search_term_string\"}}],\"inLanguage\":\"es\"},{\"@type\":\"Person\",\"@id\":\"https:\\\/\\\/www.caudete.org\\\/ayuntamiento\\\/#\\\/schema\\\/person\\\/79f7e19fdd176fc2bc7a289013dc2056\",\"name\":\"ayun\",\"image\":{\"@type\":\"ImageObject\",\"inLanguage\":\"es\",\"@id\":\"https:\\\/\\\/secure.gravatar.com\\\/avatar\\\/4ce797ee07c943e7e592f8cd648e503e6cd571387558ed07135799c2bd2847df?s=96&d=mm&r=g\",\"url\":\"https:\\\/\\\/secure.gravatar.com\\\/avatar\\\/4ce797ee07c943e7e592f8cd648e503e6cd571387558ed07135799c2bd2847df?s=96&d=mm&r=g\",\"contentUrl\":\"https:\\\/\\\/secure.gravatar.com\\\/avatar\\\/4ce797ee07c943e7e592f8cd648e503e6cd571387558ed07135799c2bd2847df?s=96&d=mm&r=g\",\"caption\":\"ayun\"},\"sameAs\":[\"http:\\\/\\\/www.caudete.org\\\/ayuntamiento\"],\"url\":\"https:\\\/\\\/www.caudete.org\\\/ayuntamiento\\\/author\\\/ayun\\\/\"}]}<\/script>\n<!-- \/ Yoast SEO plugin. -->","yoast_head_json":{"title":"GARANT\u00cdA - MI Ayuntamiento de Caudete","description":"P\u00e1gina Oficial del Ayuntamiento de Caudete (Albacete)","robots":{"index":"index","follow":"follow","max-snippet":"max-snippet:-1","max-image-preview":"max-image-preview:large","max-video-preview":"max-video-preview:-1"},"canonical":"https:\/\/www.caudete.org\/ayuntamiento\/garantia\/","og_locale":"es_ES","og_type":"article","og_title":"GARANT\u00cdA - MI Ayuntamiento de Caudete","og_description":"P\u00e1gina Oficial del Ayuntamiento de Caudete (Albacete)","og_url":"https:\/\/www.caudete.org\/ayuntamiento\/garantia\/","og_site_name":"MI Ayuntamiento de Caudete","article_publisher":"https:\/\/www.facebook.com\/ayuntamientocaudete\/","article_published_time":"2020-12-07T15:41:04+00:00","article_modified_time":"2020-12-13T17:40:20+00:00","og_image":[{"width":308,"height":200,"url":"https:\/\/www.caudete.org\/ayuntamiento\/wp-content\/uploads\/2020\/12\/omic-gar.jpg","type":"image\/jpeg"}],"author":"ayun","twitter_card":"summary_large_image","twitter_misc":{"Escrito por":"ayun","Tiempo de lectura":"3 minutos"},"schema":{"@context":"https:\/\/schema.org","@graph":[{"@type":"Article","@id":"https:\/\/www.caudete.org\/ayuntamiento\/garantia\/#article","isPartOf":{"@id":"https:\/\/www.caudete.org\/ayuntamiento\/garantia\/"},"author":{"name":"ayun","@id":"https:\/\/www.caudete.org\/ayuntamiento\/#\/schema\/person\/79f7e19fdd176fc2bc7a289013dc2056"},"headline":"GARANT\u00cdA","datePublished":"2020-12-07T15:41:04+00:00","dateModified":"2020-12-13T17:40:20+00:00","mainEntityOfPage":{"@id":"https:\/\/www.caudete.org\/ayuntamiento\/garantia\/"},"wordCount":534,"image":{"@id":"https:\/\/www.caudete.org\/ayuntamiento\/garantia\/#primaryimage"},"thumbnailUrl":"https:\/\/www.caudete.org\/ayuntamiento\/wp-content\/uploads\/2020\/12\/omic-gar.jpg","articleSection":["omic-noticias"],"inLanguage":"es"},{"@type":"WebPage","@id":"https:\/\/www.caudete.org\/ayuntamiento\/garantia\/","url":"https:\/\/www.caudete.org\/ayuntamiento\/garantia\/","name":"GARANT\u00cdA - MI Ayuntamiento de Caudete","isPartOf":{"@id":"https:\/\/www.caudete.org\/ayuntamiento\/#website"},"primaryImageOfPage":{"@id":"https:\/\/www.caudete.org\/ayuntamiento\/garantia\/#primaryimage"},"image":{"@id":"https:\/\/www.caudete.org\/ayuntamiento\/garantia\/#primaryimage"},"thumbnailUrl":"https:\/\/www.caudete.org\/ayuntamiento\/wp-content\/uploads\/2020\/12\/omic-gar.jpg","datePublished":"2020-12-07T15:41:04+00:00","dateModified":"2020-12-13T17:40:20+00:00","author":{"@id":"https:\/\/www.caudete.org\/ayuntamiento\/#\/schema\/person\/79f7e19fdd176fc2bc7a289013dc2056"},"description":"P\u00e1gina Oficial del Ayuntamiento de Caudete (Albacete)","breadcrumb":{"@id":"https:\/\/www.caudete.org\/ayuntamiento\/garantia\/#breadcrumb"},"inLanguage":"es","potentialAction":[{"@type":"ReadAction","target":["https:\/\/www.caudete.org\/ayuntamiento\/garantia\/"]}]},{"@type":"ImageObject","inLanguage":"es","@id":"https:\/\/www.caudete.org\/ayuntamiento\/garantia\/#primaryimage","url":"https:\/\/www.caudete.org\/ayuntamiento\/wp-content\/uploads\/2020\/12\/omic-gar.jpg","contentUrl":"https:\/\/www.caudete.org\/ayuntamiento\/wp-content\/uploads\/2020\/12\/omic-gar.jpg","width":308,"height":200},{"@type":"BreadcrumbList","@id":"https:\/\/www.caudete.org\/ayuntamiento\/garantia\/#breadcrumb","itemListElement":[{"@type":"ListItem","position":1,"name":"Inicio","item":"https:\/\/www.caudete.org\/ayuntamiento\/"},{"@type":"ListItem","position":2,"name":"GARANT\u00cdA"}]},{"@type":"WebSite","@id":"https:\/\/www.caudete.org\/ayuntamiento\/#website","url":"https:\/\/www.caudete.org\/ayuntamiento\/","name":"MI Ayuntamiento de Caudete","description":"P\u00e1gina Oficial del MI Ayuntamiento de Caudete","potentialAction":[{"@type":"SearchAction","target":{"@type":"EntryPoint","urlTemplate":"https:\/\/www.caudete.org\/ayuntamiento\/?s={search_term_string}"},"query-input":{"@type":"PropertyValueSpecification","valueRequired":true,"valueName":"search_term_string"}}],"inLanguage":"es"},{"@type":"Person","@id":"https:\/\/www.caudete.org\/ayuntamiento\/#\/schema\/person\/79f7e19fdd176fc2bc7a289013dc2056","name":"ayun","image":{"@type":"ImageObject","inLanguage":"es","@id":"https:\/\/secure.gravatar.com\/avatar\/4ce797ee07c943e7e592f8cd648e503e6cd571387558ed07135799c2bd2847df?s=96&d=mm&r=g","url":"https:\/\/secure.gravatar.com\/avatar\/4ce797ee07c943e7e592f8cd648e503e6cd571387558ed07135799c2bd2847df?s=96&d=mm&r=g","contentUrl":"https:\/\/secure.gravatar.com\/avatar\/4ce797ee07c943e7e592f8cd648e503e6cd571387558ed07135799c2bd2847df?s=96&d=mm&r=g","caption":"ayun"},"sameAs":["http:\/\/www.caudete.org\/ayuntamiento"],"url":"https:\/\/www.caudete.org\/ayuntamiento\/author\/ayun\/"}]}},"_links":{"self":[{"href":"https:\/\/www.caudete.org\/ayuntamiento\/wp-json\/wp\/v2\/posts\/7589","targetHints":{"allow":["GET"]}}],"collection":[{"href":"https:\/\/www.caudete.org\/ayuntamiento\/wp-json\/wp\/v2\/posts"}],"about":[{"href":"https:\/\/www.caudete.org\/ayuntamiento\/wp-json\/wp\/v2\/types\/post"}],"author":[{"embeddable":true,"href":"https:\/\/www.caudete.org\/ayuntamiento\/wp-json\/wp\/v2\/users\/1"}],"replies":[{"embeddable":true,"href":"https:\/\/www.caudete.org\/ayuntamiento\/wp-json\/wp\/v2\/comments?post=7589"}],"version-history":[{"count":2,"href":"https:\/\/www.caudete.org\/ayuntamiento\/wp-json\/wp\/v2\/posts\/7589\/revisions"}],"predecessor-version":[{"id":9185,"href":"https:\/\/www.caudete.org\/ayuntamiento\/wp-json\/wp\/v2\/posts\/7589\/revisions\/9185"}],"wp:featuredmedia":[{"embeddable":true,"href":"https:\/\/www.caudete.org\/ayuntamiento\/wp-json\/wp\/v2\/media\/7590"}],"wp:attachment":[{"href":"https:\/\/www.caudete.org\/ayuntamiento\/wp-json\/wp\/v2\/media?parent=7589"}],"wp:term":[{"taxonomy":"category","embeddable":true,"href":"https:\/\/www.caudete.org\/ayuntamiento\/wp-json\/wp\/v2\/categories?post=7589"},{"taxonomy":"post_tag","embeddable":true,"href":"https:\/\/www.caudete.org\/ayuntamiento\/wp-json\/wp\/v2\/tags?post=7589"}],"curies":[{"name":"wp","href":"https:\/\/api.w.org\/{rel}","templated":true}]}}