{"id":7592,"date":"2020-12-07T16:43:56","date_gmt":"2020-12-07T15:43:56","guid":{"rendered":"http:\/\/www.caudete.org\/ayuntamiento\/?p=7592"},"modified":"2020-12-13T18:39:27","modified_gmt":"2020-12-13T17:39:27","slug":"transportes-en-ferrocarril","status":"publish","type":"post","link":"https:\/\/www.caudete.org\/ayuntamiento\/transportes-en-ferrocarril\/","title":{"rendered":"TRANSPORTES EN FERROCARRIL"},"content":{"rendered":"<p>&nbsp;<\/p>\n<div id=\"cen_sec_not\">\n<div id=\"noticia\">\n<div id=\"recuadro_not\">\n<p style=\"text-align: justify;\">Derechos y obligaciones del viajero<\/p>\n<p style=\"text-align: justify;\"><b>\u00bfC\u00f3mo procederemos para la anulaci\u00f3n de un billete de ferrocarril?<\/b><br \/>\nSi procedemos a la anulaci\u00f3n del billete, podremos llevarla a cabo hasta 15 minutos antes de la salida si se realiza en la estaci\u00f3n de origen, en el resto de las estaciones puede hacerse hasta una hora antes de la salida. En cuanto al importe que la empresa est\u00e1 obligada a devolver depende de la tarifa aplicable al d\u00eda y oscila entre 15% al 25% del importe.<\/p>\n<p><b>\u00bfQu\u00e9 puedo hacer ante la p\u00e9rdida de una maleta en el tren?<\/b><br \/>\nEn caso de perdida de una maleta en un viaje en tren y para el caso de que no se haya declarado su valor, la empresa deber\u00e1 abonar al viajero 14,50 euros por kilo facturado hasta la cantidad de 600 euros. Esta cantidad se actualizar\u00e1 cada a\u00f1o con el I.P.C.<\/p>\n<p><b>Interrupci\u00f3n del trasporte en ferrocarril<\/b><br \/>\nEn el caso de interrupci\u00f3n del viaje, la empresa tiene la obligaci\u00f3n de proporcionar con la mayor brevedad posible, transporte en otro tren u otro medio, si la interrupci\u00f3n es de 1 hora o m\u00e1s, deber\u00e1 sufragar adem\u00e1s los gastos de manutenci\u00f3n y\/o hospedaje durante el tiempo de la interrupci\u00f3n.<\/p>\n<p><b>Cancelaci\u00f3n del viaje ferroviario<\/b><br \/>\nPara el caso de cancelaci\u00f3n del viaje, la empresa est\u00e1 obligada a la devoluci\u00f3n del importe del billete. Si esta cancelaci\u00f3n se lleva a cabo 48 horas antes del inicio del viaje, la empresa deber\u00e1 proporcionar transporte en otro tren u otro medio o, a elecci\u00f3n del pasajero, la devoluci\u00f3n del importe del billete. Si la cancelaci\u00f3n se efect\u00faa con 4 horas de antelaci\u00f3n del inicio, adem\u00e1s de lo anterior, se fija una indemnizaci\u00f3n por el doble del precio del billete.<\/p>\n<p><b>\u00bfQu\u00e9 sucede si el tren lleva retraso?<\/b><br \/>\nEn caso de retraso en la llegada, hasta una hora no hay derecho a indemnizaci\u00f3n alguna; si el retraso es de mas de 1 hora, tendremos derecho a una indemnizaci\u00f3n equivalente al 50% del precio del billete; si el retraso es superior a mas de 1 hora y media, la indemnizaci\u00f3n ser\u00e1 por el total del billete.<\/p>\n<p><b>\u00bfQu\u00e9 seguro cubre al pasajero del tren?<\/b><br \/>\nLos transportes p\u00fablicos de pasajeros por carretera o por ferrocarril que se lleven a cabo en el territorio espa\u00f1ol, est\u00e1n cubiertos por el Seguro Obligatorio de Viajeros (SOV), cuyo precio ya est\u00e1 incluido en el billete. Dicho seguro cubre los accidentes que nos ocurran dentro del autob\u00fas o tren y comprende la asistencia sanitaria y la indemnizaci\u00f3n cuando se produzca muerte, invalidez permanente o incapacidad temporal. Para reclamar esta contingencia debemos dar parte al seguro en un periodo de 30 d\u00edas desde el accidente y tendremos que presentar el billete.<\/p>\n<p><b>C\u00f3mo puedo viajar con mi mascota<\/b><br \/>\nLos perros lazarillo podr\u00e1n viajar en todos los trenes de forma gratuita.<\/p>\n<p>Es preciso tener en cuenta que si se va a viajar con mascotas a otro pa\u00eds de la Uni\u00f3n Europea las mascotas deben disponer de un pasaporte v\u00e1lido. Se trata de una medida que responde a una decisi\u00f3n de la Comisi\u00f3n Europea de 26 de noviembre de 2003, con la que se pretende controlar m\u00e1s eficazmente el n\u00famero de desplazamientos que se realizan con animales dom\u00e9sticos por los pa\u00edses de la UE.<\/p>\n<p>No obstante se recomienda consultar con la compa\u00f1\u00eda los requisitos que puedan existir con relaci\u00f3n a las mascotas, para disponer de la informaci\u00f3n m\u00e1s completa.<\/p>\n<p>En el tren:<br \/>\nSe permite transportar peque\u00f1os animales dom\u00e9sticos en su jaula sin ocupar plaza, siempre que no se opongan los otros viajeros y no se les produzcan molestias.<\/p>\n<p>En algunos trenes es posible facturar animales cuyo peso no supere los seis kg., como m\u00e1ximo uno por viajero, siempre dentro de una jaula, pagando la tarifa correspondiente.<\/p>\n<p>En plazas acostadas s\u00f3lo ser\u00e1 posible el transporte en departamentos o cabinas completas (modalidad familiar) abonando el 50% del importe.<\/p>\n<\/div>\n<div id=\"enlaces\" style=\"text-align: justify;\">\n<h5>Enlaces relacionados<\/h5>\n<hr>\n<ul>\n<li><a href=\"http:\/\/www.renfe.es\" target=\"_blank\" rel=\"noopener noreferrer nofollow\">RENFE<\/a><\/li>\n<\/ul>\n<\/div>\n<\/div>\n<\/div>\n<div id=\"inf\">\n<p class=\"left\" style=\"text-align: justify;\">&nbsp;<\/p>\n<\/div>\n","protected":false},"excerpt":{"rendered":"<p>&nbsp; Derechos y obligaciones del viajero \u00bfC\u00f3mo procederemos para la anulaci\u00f3n de un billete de ferrocarril? Si procedemos a la anulaci\u00f3n del billete, podremos llevarla a cabo hasta 15 minutos antes de la salida si se realiza en la estaci\u00f3n de origen, en el resto de las estaciones puede hacerse hasta una hora antes de &hellip;<\/p>\n","protected":false},"author":1,"featured_media":7593,"comment_status":"closed","ping_status":"open","sticky":false,"template":"","format":"standard","meta":{"ngg_post_thumbnail":0,"footnotes":""},"categories":[110],"tags":[],"class_list":["post-7592","post","type-post","status-publish","format-standard","has-post-thumbnail","hentry","category-omic-noticias"],"yoast_head":"<!-- This site is optimized with the Yoast SEO plugin v27.5 - https:\/\/yoast.com\/product\/yoast-seo-wordpress\/ -->\n<title>TRANSPORTES EN FERROCARRIL - MI Ayuntamiento de Caudete<\/title>\n<meta name=\"description\" content=\"P\u00e1gina Oficial del Ayuntamiento de Caudete (Albacete)\" \/>\n<meta name=\"robots\" content=\"index, follow, max-snippet:-1, max-image-preview:large, max-video-preview:-1\" \/>\n<link rel=\"canonical\" href=\"https:\/\/www.caudete.org\/ayuntamiento\/transportes-en-ferrocarril\/\" \/>\n<meta property=\"og:locale\" content=\"es_ES\" \/>\n<meta property=\"og:type\" content=\"article\" \/>\n<meta property=\"og:title\" content=\"TRANSPORTES EN FERROCARRIL - MI Ayuntamiento de Caudete\" \/>\n<meta property=\"og:description\" content=\"P\u00e1gina Oficial del Ayuntamiento de Caudete (Albacete)\" \/>\n<meta property=\"og:url\" content=\"https:\/\/www.caudete.org\/ayuntamiento\/transportes-en-ferrocarril\/\" \/>\n<meta property=\"og:site_name\" content=\"MI Ayuntamiento de Caudete\" \/>\n<meta property=\"article:publisher\" content=\"https:\/\/www.facebook.com\/ayuntamientocaudete\/\" \/>\n<meta property=\"article:published_time\" content=\"2020-12-07T15:43:56+00:00\" \/>\n<meta property=\"article:modified_time\" content=\"2020-12-13T17:39:27+00:00\" \/>\n<meta property=\"og:image\" content=\"https:\/\/www.caudete.org\/ayuntamiento\/wp-content\/uploads\/2020\/12\/omic-male.jpg\" \/>\n\t<meta property=\"og:image:width\" content=\"200\" \/>\n\t<meta property=\"og:image:height\" content=\"301\" \/>\n\t<meta property=\"og:image:type\" content=\"image\/jpeg\" \/>\n<meta name=\"author\" content=\"ayun\" \/>\n<meta name=\"twitter:card\" content=\"summary_large_image\" \/>\n<meta name=\"twitter:label1\" content=\"Escrito por\" \/>\n\t<meta name=\"twitter:data1\" content=\"ayun\" \/>\n\t<meta name=\"twitter:label2\" content=\"Tiempo de lectura\" \/>\n\t<meta name=\"twitter:data2\" content=\"3 minutos\" \/>\n<script type=\"application\/ld+json\" class=\"yoast-schema-graph\">{\"@context\":\"https:\\\/\\\/schema.org\",\"@graph\":[{\"@type\":\"Article\",\"@id\":\"https:\\\/\\\/www.caudete.org\\\/ayuntamiento\\\/transportes-en-ferrocarril\\\/#article\",\"isPartOf\":{\"@id\":\"https:\\\/\\\/www.caudete.org\\\/ayuntamiento\\\/transportes-en-ferrocarril\\\/\"},\"author\":{\"name\":\"ayun\",\"@id\":\"https:\\\/\\\/www.caudete.org\\\/ayuntamiento\\\/#\\\/schema\\\/person\\\/79f7e19fdd176fc2bc7a289013dc2056\"},\"headline\":\"TRANSPORTES EN FERROCARRIL\",\"datePublished\":\"2020-12-07T15:43:56+00:00\",\"dateModified\":\"2020-12-13T17:39:27+00:00\",\"mainEntityOfPage\":{\"@id\":\"https:\\\/\\\/www.caudete.org\\\/ayuntamiento\\\/transportes-en-ferrocarril\\\/\"},\"wordCount\":687,\"image\":{\"@id\":\"https:\\\/\\\/www.caudete.org\\\/ayuntamiento\\\/transportes-en-ferrocarril\\\/#primaryimage\"},\"thumbnailUrl\":\"https:\\\/\\\/www.caudete.org\\\/ayuntamiento\\\/wp-content\\\/uploads\\\/2020\\\/12\\\/omic-male.jpg\",\"articleSection\":[\"omic-noticias\"],\"inLanguage\":\"es\"},{\"@type\":\"WebPage\",\"@id\":\"https:\\\/\\\/www.caudete.org\\\/ayuntamiento\\\/transportes-en-ferrocarril\\\/\",\"url\":\"https:\\\/\\\/www.caudete.org\\\/ayuntamiento\\\/transportes-en-ferrocarril\\\/\",\"name\":\"TRANSPORTES EN FERROCARRIL - MI Ayuntamiento de Caudete\",\"isPartOf\":{\"@id\":\"https:\\\/\\\/www.caudete.org\\\/ayuntamiento\\\/#website\"},\"primaryImageOfPage\":{\"@id\":\"https:\\\/\\\/www.caudete.org\\\/ayuntamiento\\\/transportes-en-ferrocarril\\\/#primaryimage\"},\"image\":{\"@id\":\"https:\\\/\\\/www.caudete.org\\\/ayuntamiento\\\/transportes-en-ferrocarril\\\/#primaryimage\"},\"thumbnailUrl\":\"https:\\\/\\\/www.caudete.org\\\/ayuntamiento\\\/wp-content\\\/uploads\\\/2020\\\/12\\\/omic-male.jpg\",\"datePublished\":\"2020-12-07T15:43:56+00:00\",\"dateModified\":\"2020-12-13T17:39:27+00:00\",\"author\":{\"@id\":\"https:\\\/\\\/www.caudete.org\\\/ayuntamiento\\\/#\\\/schema\\\/person\\\/79f7e19fdd176fc2bc7a289013dc2056\"},\"description\":\"P\u00e1gina Oficial del Ayuntamiento de Caudete (Albacete)\",\"breadcrumb\":{\"@id\":\"https:\\\/\\\/www.caudete.org\\\/ayuntamiento\\\/transportes-en-ferrocarril\\\/#breadcrumb\"},\"inLanguage\":\"es\",\"potentialAction\":[{\"@type\":\"ReadAction\",\"target\":[\"https:\\\/\\\/www.caudete.org\\\/ayuntamiento\\\/transportes-en-ferrocarril\\\/\"]}]},{\"@type\":\"ImageObject\",\"inLanguage\":\"es\",\"@id\":\"https:\\\/\\\/www.caudete.org\\\/ayuntamiento\\\/transportes-en-ferrocarril\\\/#primaryimage\",\"url\":\"https:\\\/\\\/www.caudete.org\\\/ayuntamiento\\\/wp-content\\\/uploads\\\/2020\\\/12\\\/omic-male.jpg\",\"contentUrl\":\"https:\\\/\\\/www.caudete.org\\\/ayuntamiento\\\/wp-content\\\/uploads\\\/2020\\\/12\\\/omic-male.jpg\",\"width\":200,\"height\":301},{\"@type\":\"BreadcrumbList\",\"@id\":\"https:\\\/\\\/www.caudete.org\\\/ayuntamiento\\\/transportes-en-ferrocarril\\\/#breadcrumb\",\"itemListElement\":[{\"@type\":\"ListItem\",\"position\":1,\"name\":\"Inicio\",\"item\":\"https:\\\/\\\/www.caudete.org\\\/ayuntamiento\\\/\"},{\"@type\":\"ListItem\",\"position\":2,\"name\":\"TRANSPORTES EN FERROCARRIL\"}]},{\"@type\":\"WebSite\",\"@id\":\"https:\\\/\\\/www.caudete.org\\\/ayuntamiento\\\/#website\",\"url\":\"https:\\\/\\\/www.caudete.org\\\/ayuntamiento\\\/\",\"name\":\"MI Ayuntamiento de Caudete\",\"description\":\"P\u00e1gina Oficial del MI Ayuntamiento de Caudete\",\"potentialAction\":[{\"@type\":\"SearchAction\",\"target\":{\"@type\":\"EntryPoint\",\"urlTemplate\":\"https:\\\/\\\/www.caudete.org\\\/ayuntamiento\\\/?s={search_term_string}\"},\"query-input\":{\"@type\":\"PropertyValueSpecification\",\"valueRequired\":true,\"valueName\":\"search_term_string\"}}],\"inLanguage\":\"es\"},{\"@type\":\"Person\",\"@id\":\"https:\\\/\\\/www.caudete.org\\\/ayuntamiento\\\/#\\\/schema\\\/person\\\/79f7e19fdd176fc2bc7a289013dc2056\",\"name\":\"ayun\",\"image\":{\"@type\":\"ImageObject\",\"inLanguage\":\"es\",\"@id\":\"https:\\\/\\\/secure.gravatar.com\\\/avatar\\\/4ce797ee07c943e7e592f8cd648e503e6cd571387558ed07135799c2bd2847df?s=96&d=mm&r=g\",\"url\":\"https:\\\/\\\/secure.gravatar.com\\\/avatar\\\/4ce797ee07c943e7e592f8cd648e503e6cd571387558ed07135799c2bd2847df?s=96&d=mm&r=g\",\"contentUrl\":\"https:\\\/\\\/secure.gravatar.com\\\/avatar\\\/4ce797ee07c943e7e592f8cd648e503e6cd571387558ed07135799c2bd2847df?s=96&d=mm&r=g\",\"caption\":\"ayun\"},\"sameAs\":[\"http:\\\/\\\/www.caudete.org\\\/ayuntamiento\"],\"url\":\"https:\\\/\\\/www.caudete.org\\\/ayuntamiento\\\/author\\\/ayun\\\/\"}]}<\/script>\n<!-- \/ Yoast SEO plugin. -->","yoast_head_json":{"title":"TRANSPORTES EN FERROCARRIL - MI Ayuntamiento de Caudete","description":"P\u00e1gina Oficial del Ayuntamiento de Caudete (Albacete)","robots":{"index":"index","follow":"follow","max-snippet":"max-snippet:-1","max-image-preview":"max-image-preview:large","max-video-preview":"max-video-preview:-1"},"canonical":"https:\/\/www.caudete.org\/ayuntamiento\/transportes-en-ferrocarril\/","og_locale":"es_ES","og_type":"article","og_title":"TRANSPORTES EN FERROCARRIL - MI Ayuntamiento de Caudete","og_description":"P\u00e1gina Oficial del Ayuntamiento de Caudete (Albacete)","og_url":"https:\/\/www.caudete.org\/ayuntamiento\/transportes-en-ferrocarril\/","og_site_name":"MI Ayuntamiento de Caudete","article_publisher":"https:\/\/www.facebook.com\/ayuntamientocaudete\/","article_published_time":"2020-12-07T15:43:56+00:00","article_modified_time":"2020-12-13T17:39:27+00:00","og_image":[{"width":200,"height":301,"url":"https:\/\/www.caudete.org\/ayuntamiento\/wp-content\/uploads\/2020\/12\/omic-male.jpg","type":"image\/jpeg"}],"author":"ayun","twitter_card":"summary_large_image","twitter_misc":{"Escrito por":"ayun","Tiempo de lectura":"3 minutos"},"schema":{"@context":"https:\/\/schema.org","@graph":[{"@type":"Article","@id":"https:\/\/www.caudete.org\/ayuntamiento\/transportes-en-ferrocarril\/#article","isPartOf":{"@id":"https:\/\/www.caudete.org\/ayuntamiento\/transportes-en-ferrocarril\/"},"author":{"name":"ayun","@id":"https:\/\/www.caudete.org\/ayuntamiento\/#\/schema\/person\/79f7e19fdd176fc2bc7a289013dc2056"},"headline":"TRANSPORTES EN FERROCARRIL","datePublished":"2020-12-07T15:43:56+00:00","dateModified":"2020-12-13T17:39:27+00:00","mainEntityOfPage":{"@id":"https:\/\/www.caudete.org\/ayuntamiento\/transportes-en-ferrocarril\/"},"wordCount":687,"image":{"@id":"https:\/\/www.caudete.org\/ayuntamiento\/transportes-en-ferrocarril\/#primaryimage"},"thumbnailUrl":"https:\/\/www.caudete.org\/ayuntamiento\/wp-content\/uploads\/2020\/12\/omic-male.jpg","articleSection":["omic-noticias"],"inLanguage":"es"},{"@type":"WebPage","@id":"https:\/\/www.caudete.org\/ayuntamiento\/transportes-en-ferrocarril\/","url":"https:\/\/www.caudete.org\/ayuntamiento\/transportes-en-ferrocarril\/","name":"TRANSPORTES EN FERROCARRIL - MI Ayuntamiento de Caudete","isPartOf":{"@id":"https:\/\/www.caudete.org\/ayuntamiento\/#website"},"primaryImageOfPage":{"@id":"https:\/\/www.caudete.org\/ayuntamiento\/transportes-en-ferrocarril\/#primaryimage"},"image":{"@id":"https:\/\/www.caudete.org\/ayuntamiento\/transportes-en-ferrocarril\/#primaryimage"},"thumbnailUrl":"https:\/\/www.caudete.org\/ayuntamiento\/wp-content\/uploads\/2020\/12\/omic-male.jpg","datePublished":"2020-12-07T15:43:56+00:00","dateModified":"2020-12-13T17:39:27+00:00","author":{"@id":"https:\/\/www.caudete.org\/ayuntamiento\/#\/schema\/person\/79f7e19fdd176fc2bc7a289013dc2056"},"description":"P\u00e1gina Oficial del Ayuntamiento de Caudete (Albacete)","breadcrumb":{"@id":"https:\/\/www.caudete.org\/ayuntamiento\/transportes-en-ferrocarril\/#breadcrumb"},"inLanguage":"es","potentialAction":[{"@type":"ReadAction","target":["https:\/\/www.caudete.org\/ayuntamiento\/transportes-en-ferrocarril\/"]}]},{"@type":"ImageObject","inLanguage":"es","@id":"https:\/\/www.caudete.org\/ayuntamiento\/transportes-en-ferrocarril\/#primaryimage","url":"https:\/\/www.caudete.org\/ayuntamiento\/wp-content\/uploads\/2020\/12\/omic-male.jpg","contentUrl":"https:\/\/www.caudete.org\/ayuntamiento\/wp-content\/uploads\/2020\/12\/omic-male.jpg","width":200,"height":301},{"@type":"BreadcrumbList","@id":"https:\/\/www.caudete.org\/ayuntamiento\/transportes-en-ferrocarril\/#breadcrumb","itemListElement":[{"@type":"ListItem","position":1,"name":"Inicio","item":"https:\/\/www.caudete.org\/ayuntamiento\/"},{"@type":"ListItem","position":2,"name":"TRANSPORTES EN FERROCARRIL"}]},{"@type":"WebSite","@id":"https:\/\/www.caudete.org\/ayuntamiento\/#website","url":"https:\/\/www.caudete.org\/ayuntamiento\/","name":"MI Ayuntamiento de Caudete","description":"P\u00e1gina Oficial del MI Ayuntamiento de Caudete","potentialAction":[{"@type":"SearchAction","target":{"@type":"EntryPoint","urlTemplate":"https:\/\/www.caudete.org\/ayuntamiento\/?s={search_term_string}"},"query-input":{"@type":"PropertyValueSpecification","valueRequired":true,"valueName":"search_term_string"}}],"inLanguage":"es"},{"@type":"Person","@id":"https:\/\/www.caudete.org\/ayuntamiento\/#\/schema\/person\/79f7e19fdd176fc2bc7a289013dc2056","name":"ayun","image":{"@type":"ImageObject","inLanguage":"es","@id":"https:\/\/secure.gravatar.com\/avatar\/4ce797ee07c943e7e592f8cd648e503e6cd571387558ed07135799c2bd2847df?s=96&d=mm&r=g","url":"https:\/\/secure.gravatar.com\/avatar\/4ce797ee07c943e7e592f8cd648e503e6cd571387558ed07135799c2bd2847df?s=96&d=mm&r=g","contentUrl":"https:\/\/secure.gravatar.com\/avatar\/4ce797ee07c943e7e592f8cd648e503e6cd571387558ed07135799c2bd2847df?s=96&d=mm&r=g","caption":"ayun"},"sameAs":["http:\/\/www.caudete.org\/ayuntamiento"],"url":"https:\/\/www.caudete.org\/ayuntamiento\/author\/ayun\/"}]}},"_links":{"self":[{"href":"https:\/\/www.caudete.org\/ayuntamiento\/wp-json\/wp\/v2\/posts\/7592","targetHints":{"allow":["GET"]}}],"collection":[{"href":"https:\/\/www.caudete.org\/ayuntamiento\/wp-json\/wp\/v2\/posts"}],"about":[{"href":"https:\/\/www.caudete.org\/ayuntamiento\/wp-json\/wp\/v2\/types\/post"}],"author":[{"embeddable":true,"href":"https:\/\/www.caudete.org\/ayuntamiento\/wp-json\/wp\/v2\/users\/1"}],"replies":[{"embeddable":true,"href":"https:\/\/www.caudete.org\/ayuntamiento\/wp-json\/wp\/v2\/comments?post=7592"}],"version-history":[{"count":2,"href":"https:\/\/www.caudete.org\/ayuntamiento\/wp-json\/wp\/v2\/posts\/7592\/revisions"}],"predecessor-version":[{"id":9184,"href":"https:\/\/www.caudete.org\/ayuntamiento\/wp-json\/wp\/v2\/posts\/7592\/revisions\/9184"}],"wp:featuredmedia":[{"embeddable":true,"href":"https:\/\/www.caudete.org\/ayuntamiento\/wp-json\/wp\/v2\/media\/7593"}],"wp:attachment":[{"href":"https:\/\/www.caudete.org\/ayuntamiento\/wp-json\/wp\/v2\/media?parent=7592"}],"wp:term":[{"taxonomy":"category","embeddable":true,"href":"https:\/\/www.caudete.org\/ayuntamiento\/wp-json\/wp\/v2\/categories?post=7592"},{"taxonomy":"post_tag","embeddable":true,"href":"https:\/\/www.caudete.org\/ayuntamiento\/wp-json\/wp\/v2\/tags?post=7592"}],"curies":[{"name":"wp","href":"https:\/\/api.w.org\/{rel}","templated":true}]}}