{"id":7598,"date":"2020-12-07T16:48:21","date_gmt":"2020-12-07T15:48:21","guid":{"rendered":"http:\/\/www.caudete.org\/ayuntamiento\/?p=7598"},"modified":"2020-12-13T18:37:30","modified_gmt":"2020-12-13T17:37:30","slug":"viajes-combinados","status":"publish","type":"post","link":"https:\/\/www.caudete.org\/ayuntamiento\/viajes-combinados\/","title":{"rendered":"VIAJES COMBINADOS"},"content":{"rendered":"<p style=\"text-align: justify;\">Conozcamos nuestros derechos y obligaciones antes de emprender un viaje.<\/p>\n<p style=\"text-align: justify;\">Viaje combinado es la combinaci\u00f3n previa de, al menos, dos de los elementos siguientes:<br \/>\nTransporte.<br \/>\nAlojamiento.<br \/>\nOtros servicios que representen una parte significativa del viaje.<\/p>\n<p>La prestaci\u00f3n debe superar las 24 horas y\/o debe incluir una noche de estancia.<\/p>\n<p><b>Organizador:<\/b><br \/>\nAgencia de viaje que organiza, de manera no ocasional, viajes combinados y los vende directamente o mediante un detallista.<\/p>\n<p><b>Detallista:<\/b><br \/>\nAgencia de viajes que vende el viaje combinado propuesto por un organizador.<\/p>\n<p><b>Programa y oferta<\/b><br \/>\nSe debe disponer de un programa o folleto informativo que contenga la oferta por escrito.<\/p>\n<p>&#8211; El programa-oferta es vinculante excepto que: Los cambios se hayan comunicado claramente y por escrito al consumidor antes de la celebraci\u00f3n del contrato, y que esta posibilidad se refleje en el programa.<br \/>\n&#8211; Se producen modificaciones previo acuerdo por escrito entre las partes.<\/p>\n<p>Deber\u00e1 incluir de manera clara, comprensible y precisa la siguiente informaci\u00f3n:<\/p>\n<p>&#8211; Destinos y medios de transporte: caracter\u00edsticas y clase<br \/>\n&#8211; Duraci\u00f3n, itinerario y calendario.<br \/>\n&#8211; Establecimientos de alojamiento: tipo, situaci\u00f3n, categor\u00eda, caracter\u00edsticas y clasificaci\u00f3n<br \/>\n&#8211; N\u00famero de comidas, incluyendo si las bebidas o alg\u00fan tipo de \u00e9stas est\u00e1n excluidas<br \/>\n&#8211; Condiciones aplicables a los ciudadanos de la UE referente a pasaportes, visados y formalidades sanitarias<br \/>\n&#8211; Precio estimado de las excursiones facultativas.<br \/>\n&#8211; Gastos adicionales cuando no se abonen a la agencia.<br \/>\n&#8211; Adelanto sobre el precio total, calendario para el resto y condiciones de financiaci\u00f3n, si corresponde.<br \/>\n&#8211; N\u00famero m\u00ednimo de inscripciones, si corresponde, y fecha l\u00edmite de informaci\u00f3n en caso de anulaci\u00f3n, que no puede ser inferior a los 10 d\u00edas del inicio del viaje.<br \/>\n&#8211; Responsabilidades, cancelaciones y resto de condiciones del viaje.<br \/>\n&#8211; Nombre y direcci\u00f3n del organizador y, si corresponde, representaci\u00f3n legal en Espa\u00f1a.<br \/>\n&#8211; Informaci\u00f3n adicional sobre el resto de caracter\u00edsticas del viaje.<\/p>\n<p><b>Contrato<\/b><br \/>\nDebe informarse con anticipaci\u00f3n a la celebraci\u00f3n del contrato del contenido de las cl\u00e1usulas.<br \/>\nDebe entregarse una copia una vez formalizado.<br \/>\nTodas las condiciones deben ser veraces y comprobables.<br \/>\nDebe formalizarse por escrito y contener, de acuerdo con las caracter\u00edsticas del viaje, las siguientes cl\u00e1usulas:<br \/>\n&#8211; Destinos.<br \/>\n&#8211; Periodos y fechas en el caso de fraccionamiento de estancia.<br \/>\n&#8211; Medios, caracter\u00edsticas y categor\u00eda de los transportes.<br \/>\n&#8211; Fecha, hora y lugar de salida y de regreso.<br \/>\n&#8211; Alojamiento: Situaci\u00f3n, categor\u00eda, caracter\u00edsticas y clasificaci\u00f3n.<br \/>\n&#8211; N\u00famero de comidas.<br \/>\n&#8211; N\u00famero m\u00ednimo de inscripciones, si corresponde, y fecha l\u00edmite de informaci\u00f3n en caso de anulaci\u00f3n, que no puede ser inferior a los 10 d\u00edas del inicio del viaje.<br \/>\n&#8211; Itinerario.<br \/>\n&#8211; Visitas y resto de servicios incluidos en el precio total.<br \/>\n&#8211; Nombre y direcci\u00f3n del organizador, del detallista y, si procede, del asegurador.<\/p>\n<p>&#8211; Precio final completo con:<br \/>\nDesglose de los gastos de gesti\u00f3n.<br \/>\nIndicaci\u00f3n de la posible revisi\u00f3n del precio.<br \/>\nPosibles derechos e impuestos cuando no est\u00e9n incluidos en el precio.<\/p>\n<p>&#8211; Gastos de anulaci\u00f3n. Si no se pueden calcular, debe indicar que se podr\u00e1n repercutir siempre que se hayan producido.<br \/>\n&#8211; Modalidades de pago y, si corresponde, calendario y condiciones de financiaci\u00f3n.<br \/>\n&#8211; Solicitudes especiales hechas por el consumidor y aceptadas por las partes.<br \/>\n&#8211; Informaci\u00f3n de la obligaci\u00f3n del consumidor de comunicar, de manera que quede constancia, de cualquier incumplimiento del contrato al organizador o al detallista y, si corresponde, al prestador del servicio.<br \/>\n&#8211; Informaci\u00f3n de que existe el plazo de dos a\u00f1os, como m\u00e1ximo, para reclamar.<br \/>\n&#8211; Plazo en el que se puede exigir la confirmaci\u00f3n de la reserva.<\/p>\n<p><b>Cesi\u00f3n<\/b><br \/>\n&#8211; La reserva se puede ceder gratuitamente a una persona que re\u00fana las condiciones requeridas por el viaje.<\/p>\n<p>&#8211; Se debe comunicar por escrito y al menos 15 d\u00edas antes del inicio, excepto si se ha pactado un plazo menor.<br \/>\n&#8211; La persona que cede la reserva y el beneficiario responden solidariamente del pago y de los gastos adicionales justificados.<\/p>\n<p><b>Informaci\u00f3n adicional<\/b><br \/>\nComo m\u00e1ximo en el momento de confirmaci\u00f3n de la reserva se debe informar de manera que quede constancia de:<br \/>\n&#8211; Horarios y lugares de escalas y enlaces.<br \/>\n&#8211; Categor\u00eda del lugar a ocupar en los medios de transporte.<br \/>\n&#8211; Nombre, direcci\u00f3n y tel\u00e9fono de la representaci\u00f3n del organizador o detallista.<br \/>\n&#8211; En su defecto, organismos locales que puedan ayudar al consumidor en caso de dificultades.<br \/>\n&#8211; Si no es posible, tel\u00e9fono de urgencia o informaci\u00f3n para ponerse en contacto con el organizador o el detallista.<br \/>\n&#8211; En el caso de viajes de menores al extranjero, informaci\u00f3n para mantener contacto directo con los responsables durante el viaje.<\/p>\n<p><b>Suscripci\u00f3n facultativa de un seguro:<\/b><br \/>\n&#8211; Para cubrir gastos de cancelaci\u00f3n.<br \/>\n&#8211; Para asistencia de los gastos de repatriaci\u00f3n o traslado al lugar de origen en caso de accidente, enfermedad o defunci\u00f3n.<\/p>\n<p><b>Modificaci\u00f3n del contrato<\/b><br \/>\n&#8211; Debe comunicarse inmediatamente al consumidor.<br \/>\n&#8211; Si no existen cl\u00e1usulas en sentido contrario se puede:<br \/>\n&#8211; Resolver el contrato sin penalizaci\u00f3n.<br \/>\n&#8211; Aceptar la modificaci\u00f3n y su repercusi\u00f3n en el precio.<br \/>\n&#8211; El consumidor debe comunicar su decisi\u00f3n en el plazo de 3 d\u00edas desde que su notificaci\u00f3n.<br \/>\n&#8211; Si no notifica nada se entiende que opta por la resoluci\u00f3n.<\/p>\n<p><b>Revisi\u00f3n de precios<\/b><br \/>\n&#8211; Solamente se puede revisar si se indica de manera expl\u00edcita, tanto al alza como a la baja.<br \/>\n&#8211; Solamente se puede revisar el precio hasta 20 d\u00edas antes de la salida.<\/p>\n<p>La revisi\u00f3n de precios tan s\u00f3lo puede hacerse por variaciones en:<br \/>\n-El precio del transporte, incluido el coste del carburante.<br \/>\n&#8211; Tasas e impuestos relativos a determinados servicios.<br \/>\n&#8211; Tipo de cambio de divisas.<\/p>\n<p><b>Resoluci\u00f3n<\/b><br \/>\nEn caso de cancelaci\u00f3n, resoluci\u00f3n por modificaci\u00f3n o falta de confirmaci\u00f3n de la reserva, se tiene derecho a:<br \/>\n&#8211; Reembolso de las cantidades pagadas.<br \/>\nEl plazo es de 30 d\u00edas desde la fecha de la cancelaci\u00f3n o desde que el consumidor ha optado por la resoluci\u00f3n.<br \/>\nSi se agota el plazo, se tiene derecho al doble m\u00e1s una indemnizaci\u00f3n por da\u00f1os y perjuicios. En este caso la carga de la prueba sobre el cumplimiento corresponde a la agencia.<\/p>\n<p>&#8211; Otro viaje combinado de calidad igual o superior si es posible.<br \/>\nSi el viaje es de calidad inferior, se debe reembolsar la diferencia en funci\u00f3n de la cantidad ya pagada.<\/p>\n<p>&#8211; El organizador y el detallista son responsables de la indemnizaci\u00f3n por incumplimiento del contrato, que no puede ser inferior al:<br \/>\n5% del precio total cuando el incumplimiento es entre 2 meses y 15 d\u00edas antes de la fecha de inicio.<br \/>\n10% del precio total cuando el incumplimiento es entre 15 y 3 d\u00edas antes de la fecha de inicio.<br \/>\n25% del precio total cuando el incumplimiento es en las 48 horas anteriores a la fecha de inicio.<\/p>\n<p>&#8211; No hay obligaci\u00f3n de indemnizaci\u00f3n cuando la cancelaci\u00f3n es debida a:<br \/>\nNo se llega al n\u00famero de personas exigidas y se comunica por escrito al consumidor de acuerdo con las condiciones del contrato.<br \/>\nFuerza mayor: circunstancias ajenas, anormales e imprevisibles que no se hubieran podido evitar aunque se hubiera actuado con diligencia.<\/p>\n<p><b>Resoluci\u00f3n por el consumidor<\/b><br \/>\nEn cualquier momento se puede anular el servicio solicitado o contratado, pero deber\u00e1 indemnizarse a la agencia con:<br \/>\nGastos de gesti\u00f3n y anulaci\u00f3n, si corresponde.<br \/>\nUna penalizaci\u00f3n de:<br \/>\n5% si avisa con m\u00e1s de 10 d\u00edas y menos de 15 de antelaci\u00f3n antes de la salida.<br \/>\n15% si avisa entre 3 y 10 d\u00edas de antelaci\u00f3n antes de la salida.<br \/>\n25% si avisa durante las 48 horas anteriores a la salida.<br \/>\n&#8211; Si no se presenta a la salida deber\u00e1 pagar el importe total del viaje excepto acuerdo entre las partes.<br \/>\n&#8211; En los servicios sujetos a condiciones especiales, los gastos se establecer\u00e1n en las condiciones acordadas entre las partes.<\/p>\n<p><b>No prestaci\u00f3n de servicios<\/b><br \/>\n&#8211; El organizador deber\u00e1 adoptar las medidas correspondientes sin suplemento en el precio.<br \/>\n&#8211; Deber\u00e1 abonarse la diferencia entre las prestaciones previstas y las suministradas.<br \/>\n&#8211; Si el consumidor prosigue el viaje, se considera que acepta las propuestas.<br \/>\n&#8211; Si las medidas son inviables o el consumidor no las acepta por motivos razonables, sin suplemento de precio, deber\u00e1 facilitarse transporte hasta el lugar de salida u otro pactado entre las partes, sin perjuicio de la indemnizaci\u00f3n que proceda.<\/p>\n<p><b>Responsabilidad del organizador y del detallista<\/b><br \/>\n&#8211; La responsabilidad es solidaria.<br \/>\n&#8211; Responden de los da\u00f1os como consecuencia de la no ejecuci\u00f3n o ejecuci\u00f3n deficiente.<br \/>\n&#8211; El resarcimiento de los da\u00f1os queda limitado a lo previsto en los convenios internacionales reguladores de estas prestaciones.<br \/>\n&#8211; No se pueden establecer excepciones mediante cl\u00e1usula en el contrato.<br \/>\n&#8211; No hay responsabilidad cuando los defectos:<\/p>\n<p>Sean imputables al consumidor.<br \/>\nSean imputables a un tercero ajeno y tengan un car\u00e1cter imprevisible o insuperable.<br \/>\nSean debidos a una fuerza mayor.<br \/>\nNo se puedan prever ni superar aunque se haya obrado con la diligencia necesaria.<\/p>\n<p><b>Normativa<\/b><\/p>\n<p>Decreto legislativo 1\/2007, del 16 de noviembre. Texto refundido de la Ley General para la Defensa de los Consumidores y Usuarios, y otras leyes complementarias.<\/p>\n","protected":false},"excerpt":{"rendered":"<p>Conozcamos nuestros derechos y obligaciones antes de emprender un viaje. Viaje combinado es la combinaci\u00f3n previa de, al menos, dos de los elementos siguientes: Transporte. Alojamiento. Otros servicios que representen una parte significativa del viaje. La prestaci\u00f3n debe superar las 24 horas y\/o debe incluir una noche de estancia. Organizador: Agencia de viaje que organiza, &hellip;<\/p>\n","protected":false},"author":1,"featured_media":7599,"comment_status":"closed","ping_status":"open","sticky":false,"template":"","format":"standard","meta":{"ngg_post_thumbnail":0,"footnotes":""},"categories":[110],"tags":[],"class_list":["post-7598","post","type-post","status-publish","format-standard","has-post-thumbnail","hentry","category-omic-noticias"],"yoast_head":"<!-- This site is optimized with the Yoast SEO plugin v27.5 - https:\/\/yoast.com\/product\/yoast-seo-wordpress\/ -->\n<title>VIAJES COMBINADOS - MI Ayuntamiento de Caudete<\/title>\n<meta name=\"description\" content=\"P\u00e1gina Oficial del Ayuntamiento de Caudete (Albacete)\" \/>\n<meta name=\"robots\" content=\"index, follow, max-snippet:-1, max-image-preview:large, max-video-preview:-1\" \/>\n<link rel=\"canonical\" href=\"https:\/\/www.caudete.org\/ayuntamiento\/viajes-combinados\/\" \/>\n<meta property=\"og:locale\" content=\"es_ES\" \/>\n<meta property=\"og:type\" content=\"article\" \/>\n<meta property=\"og:title\" content=\"VIAJES COMBINADOS - MI Ayuntamiento de Caudete\" \/>\n<meta property=\"og:description\" content=\"P\u00e1gina Oficial del Ayuntamiento de Caudete (Albacete)\" \/>\n<meta property=\"og:url\" content=\"https:\/\/www.caudete.org\/ayuntamiento\/viajes-combinados\/\" \/>\n<meta property=\"og:site_name\" content=\"MI Ayuntamiento de Caudete\" \/>\n<meta property=\"article:publisher\" content=\"https:\/\/www.facebook.com\/ayuntamientocaudete\/\" \/>\n<meta property=\"article:published_time\" content=\"2020-12-07T15:48:21+00:00\" \/>\n<meta property=\"article:modified_time\" content=\"2020-12-13T17:37:30+00:00\" \/>\n<meta property=\"og:image\" content=\"https:\/\/www.caudete.org\/ayuntamiento\/wp-content\/uploads\/2020\/12\/omic-pics.jpg\" \/>\n\t<meta property=\"og:image:width\" content=\"299\" \/>\n\t<meta property=\"og:image:height\" content=\"200\" \/>\n\t<meta property=\"og:image:type\" content=\"image\/jpeg\" \/>\n<meta name=\"author\" content=\"ayun\" \/>\n<meta name=\"twitter:card\" content=\"summary_large_image\" \/>\n<meta name=\"twitter:label1\" content=\"Escrito por\" \/>\n\t<meta name=\"twitter:data1\" content=\"ayun\" \/>\n\t<meta name=\"twitter:label2\" content=\"Tiempo de lectura\" \/>\n\t<meta name=\"twitter:data2\" content=\"8 minutos\" \/>\n<script type=\"application\/ld+json\" class=\"yoast-schema-graph\">{\"@context\":\"https:\\\/\\\/schema.org\",\"@graph\":[{\"@type\":\"Article\",\"@id\":\"https:\\\/\\\/www.caudete.org\\\/ayuntamiento\\\/viajes-combinados\\\/#article\",\"isPartOf\":{\"@id\":\"https:\\\/\\\/www.caudete.org\\\/ayuntamiento\\\/viajes-combinados\\\/\"},\"author\":{\"name\":\"ayun\",\"@id\":\"https:\\\/\\\/www.caudete.org\\\/ayuntamiento\\\/#\\\/schema\\\/person\\\/79f7e19fdd176fc2bc7a289013dc2056\"},\"headline\":\"VIAJES COMBINADOS\",\"datePublished\":\"2020-12-07T15:48:21+00:00\",\"dateModified\":\"2020-12-13T17:37:30+00:00\",\"mainEntityOfPage\":{\"@id\":\"https:\\\/\\\/www.caudete.org\\\/ayuntamiento\\\/viajes-combinados\\\/\"},\"wordCount\":1577,\"image\":{\"@id\":\"https:\\\/\\\/www.caudete.org\\\/ayuntamiento\\\/viajes-combinados\\\/#primaryimage\"},\"thumbnailUrl\":\"https:\\\/\\\/www.caudete.org\\\/ayuntamiento\\\/wp-content\\\/uploads\\\/2020\\\/12\\\/omic-pics.jpg\",\"articleSection\":[\"omic-noticias\"],\"inLanguage\":\"es\"},{\"@type\":\"WebPage\",\"@id\":\"https:\\\/\\\/www.caudete.org\\\/ayuntamiento\\\/viajes-combinados\\\/\",\"url\":\"https:\\\/\\\/www.caudete.org\\\/ayuntamiento\\\/viajes-combinados\\\/\",\"name\":\"VIAJES COMBINADOS - MI Ayuntamiento de Caudete\",\"isPartOf\":{\"@id\":\"https:\\\/\\\/www.caudete.org\\\/ayuntamiento\\\/#website\"},\"primaryImageOfPage\":{\"@id\":\"https:\\\/\\\/www.caudete.org\\\/ayuntamiento\\\/viajes-combinados\\\/#primaryimage\"},\"image\":{\"@id\":\"https:\\\/\\\/www.caudete.org\\\/ayuntamiento\\\/viajes-combinados\\\/#primaryimage\"},\"thumbnailUrl\":\"https:\\\/\\\/www.caudete.org\\\/ayuntamiento\\\/wp-content\\\/uploads\\\/2020\\\/12\\\/omic-pics.jpg\",\"datePublished\":\"2020-12-07T15:48:21+00:00\",\"dateModified\":\"2020-12-13T17:37:30+00:00\",\"author\":{\"@id\":\"https:\\\/\\\/www.caudete.org\\\/ayuntamiento\\\/#\\\/schema\\\/person\\\/79f7e19fdd176fc2bc7a289013dc2056\"},\"description\":\"P\u00e1gina Oficial del Ayuntamiento de Caudete (Albacete)\",\"breadcrumb\":{\"@id\":\"https:\\\/\\\/www.caudete.org\\\/ayuntamiento\\\/viajes-combinados\\\/#breadcrumb\"},\"inLanguage\":\"es\",\"potentialAction\":[{\"@type\":\"ReadAction\",\"target\":[\"https:\\\/\\\/www.caudete.org\\\/ayuntamiento\\\/viajes-combinados\\\/\"]}]},{\"@type\":\"ImageObject\",\"inLanguage\":\"es\",\"@id\":\"https:\\\/\\\/www.caudete.org\\\/ayuntamiento\\\/viajes-combinados\\\/#primaryimage\",\"url\":\"https:\\\/\\\/www.caudete.org\\\/ayuntamiento\\\/wp-content\\\/uploads\\\/2020\\\/12\\\/omic-pics.jpg\",\"contentUrl\":\"https:\\\/\\\/www.caudete.org\\\/ayuntamiento\\\/wp-content\\\/uploads\\\/2020\\\/12\\\/omic-pics.jpg\",\"width\":299,\"height\":200},{\"@type\":\"BreadcrumbList\",\"@id\":\"https:\\\/\\\/www.caudete.org\\\/ayuntamiento\\\/viajes-combinados\\\/#breadcrumb\",\"itemListElement\":[{\"@type\":\"ListItem\",\"position\":1,\"name\":\"Inicio\",\"item\":\"https:\\\/\\\/www.caudete.org\\\/ayuntamiento\\\/\"},{\"@type\":\"ListItem\",\"position\":2,\"name\":\"VIAJES COMBINADOS\"}]},{\"@type\":\"WebSite\",\"@id\":\"https:\\\/\\\/www.caudete.org\\\/ayuntamiento\\\/#website\",\"url\":\"https:\\\/\\\/www.caudete.org\\\/ayuntamiento\\\/\",\"name\":\"MI Ayuntamiento de Caudete\",\"description\":\"P\u00e1gina Oficial del MI Ayuntamiento de Caudete\",\"potentialAction\":[{\"@type\":\"SearchAction\",\"target\":{\"@type\":\"EntryPoint\",\"urlTemplate\":\"https:\\\/\\\/www.caudete.org\\\/ayuntamiento\\\/?s={search_term_string}\"},\"query-input\":{\"@type\":\"PropertyValueSpecification\",\"valueRequired\":true,\"valueName\":\"search_term_string\"}}],\"inLanguage\":\"es\"},{\"@type\":\"Person\",\"@id\":\"https:\\\/\\\/www.caudete.org\\\/ayuntamiento\\\/#\\\/schema\\\/person\\\/79f7e19fdd176fc2bc7a289013dc2056\",\"name\":\"ayun\",\"image\":{\"@type\":\"ImageObject\",\"inLanguage\":\"es\",\"@id\":\"https:\\\/\\\/secure.gravatar.com\\\/avatar\\\/4ce797ee07c943e7e592f8cd648e503e6cd571387558ed07135799c2bd2847df?s=96&d=mm&r=g\",\"url\":\"https:\\\/\\\/secure.gravatar.com\\\/avatar\\\/4ce797ee07c943e7e592f8cd648e503e6cd571387558ed07135799c2bd2847df?s=96&d=mm&r=g\",\"contentUrl\":\"https:\\\/\\\/secure.gravatar.com\\\/avatar\\\/4ce797ee07c943e7e592f8cd648e503e6cd571387558ed07135799c2bd2847df?s=96&d=mm&r=g\",\"caption\":\"ayun\"},\"sameAs\":[\"http:\\\/\\\/www.caudete.org\\\/ayuntamiento\"],\"url\":\"https:\\\/\\\/www.caudete.org\\\/ayuntamiento\\\/author\\\/ayun\\\/\"}]}<\/script>\n<!-- \/ Yoast SEO plugin. -->","yoast_head_json":{"title":"VIAJES COMBINADOS - MI Ayuntamiento de Caudete","description":"P\u00e1gina Oficial del Ayuntamiento de Caudete (Albacete)","robots":{"index":"index","follow":"follow","max-snippet":"max-snippet:-1","max-image-preview":"max-image-preview:large","max-video-preview":"max-video-preview:-1"},"canonical":"https:\/\/www.caudete.org\/ayuntamiento\/viajes-combinados\/","og_locale":"es_ES","og_type":"article","og_title":"VIAJES COMBINADOS - MI Ayuntamiento de Caudete","og_description":"P\u00e1gina Oficial del Ayuntamiento de Caudete (Albacete)","og_url":"https:\/\/www.caudete.org\/ayuntamiento\/viajes-combinados\/","og_site_name":"MI Ayuntamiento de Caudete","article_publisher":"https:\/\/www.facebook.com\/ayuntamientocaudete\/","article_published_time":"2020-12-07T15:48:21+00:00","article_modified_time":"2020-12-13T17:37:30+00:00","og_image":[{"width":299,"height":200,"url":"https:\/\/www.caudete.org\/ayuntamiento\/wp-content\/uploads\/2020\/12\/omic-pics.jpg","type":"image\/jpeg"}],"author":"ayun","twitter_card":"summary_large_image","twitter_misc":{"Escrito por":"ayun","Tiempo de lectura":"8 minutos"},"schema":{"@context":"https:\/\/schema.org","@graph":[{"@type":"Article","@id":"https:\/\/www.caudete.org\/ayuntamiento\/viajes-combinados\/#article","isPartOf":{"@id":"https:\/\/www.caudete.org\/ayuntamiento\/viajes-combinados\/"},"author":{"name":"ayun","@id":"https:\/\/www.caudete.org\/ayuntamiento\/#\/schema\/person\/79f7e19fdd176fc2bc7a289013dc2056"},"headline":"VIAJES COMBINADOS","datePublished":"2020-12-07T15:48:21+00:00","dateModified":"2020-12-13T17:37:30+00:00","mainEntityOfPage":{"@id":"https:\/\/www.caudete.org\/ayuntamiento\/viajes-combinados\/"},"wordCount":1577,"image":{"@id":"https:\/\/www.caudete.org\/ayuntamiento\/viajes-combinados\/#primaryimage"},"thumbnailUrl":"https:\/\/www.caudete.org\/ayuntamiento\/wp-content\/uploads\/2020\/12\/omic-pics.jpg","articleSection":["omic-noticias"],"inLanguage":"es"},{"@type":"WebPage","@id":"https:\/\/www.caudete.org\/ayuntamiento\/viajes-combinados\/","url":"https:\/\/www.caudete.org\/ayuntamiento\/viajes-combinados\/","name":"VIAJES COMBINADOS - MI Ayuntamiento de Caudete","isPartOf":{"@id":"https:\/\/www.caudete.org\/ayuntamiento\/#website"},"primaryImageOfPage":{"@id":"https:\/\/www.caudete.org\/ayuntamiento\/viajes-combinados\/#primaryimage"},"image":{"@id":"https:\/\/www.caudete.org\/ayuntamiento\/viajes-combinados\/#primaryimage"},"thumbnailUrl":"https:\/\/www.caudete.org\/ayuntamiento\/wp-content\/uploads\/2020\/12\/omic-pics.jpg","datePublished":"2020-12-07T15:48:21+00:00","dateModified":"2020-12-13T17:37:30+00:00","author":{"@id":"https:\/\/www.caudete.org\/ayuntamiento\/#\/schema\/person\/79f7e19fdd176fc2bc7a289013dc2056"},"description":"P\u00e1gina Oficial del Ayuntamiento de Caudete (Albacete)","breadcrumb":{"@id":"https:\/\/www.caudete.org\/ayuntamiento\/viajes-combinados\/#breadcrumb"},"inLanguage":"es","potentialAction":[{"@type":"ReadAction","target":["https:\/\/www.caudete.org\/ayuntamiento\/viajes-combinados\/"]}]},{"@type":"ImageObject","inLanguage":"es","@id":"https:\/\/www.caudete.org\/ayuntamiento\/viajes-combinados\/#primaryimage","url":"https:\/\/www.caudete.org\/ayuntamiento\/wp-content\/uploads\/2020\/12\/omic-pics.jpg","contentUrl":"https:\/\/www.caudete.org\/ayuntamiento\/wp-content\/uploads\/2020\/12\/omic-pics.jpg","width":299,"height":200},{"@type":"BreadcrumbList","@id":"https:\/\/www.caudete.org\/ayuntamiento\/viajes-combinados\/#breadcrumb","itemListElement":[{"@type":"ListItem","position":1,"name":"Inicio","item":"https:\/\/www.caudete.org\/ayuntamiento\/"},{"@type":"ListItem","position":2,"name":"VIAJES COMBINADOS"}]},{"@type":"WebSite","@id":"https:\/\/www.caudete.org\/ayuntamiento\/#website","url":"https:\/\/www.caudete.org\/ayuntamiento\/","name":"MI Ayuntamiento de Caudete","description":"P\u00e1gina Oficial del MI Ayuntamiento de Caudete","potentialAction":[{"@type":"SearchAction","target":{"@type":"EntryPoint","urlTemplate":"https:\/\/www.caudete.org\/ayuntamiento\/?s={search_term_string}"},"query-input":{"@type":"PropertyValueSpecification","valueRequired":true,"valueName":"search_term_string"}}],"inLanguage":"es"},{"@type":"Person","@id":"https:\/\/www.caudete.org\/ayuntamiento\/#\/schema\/person\/79f7e19fdd176fc2bc7a289013dc2056","name":"ayun","image":{"@type":"ImageObject","inLanguage":"es","@id":"https:\/\/secure.gravatar.com\/avatar\/4ce797ee07c943e7e592f8cd648e503e6cd571387558ed07135799c2bd2847df?s=96&d=mm&r=g","url":"https:\/\/secure.gravatar.com\/avatar\/4ce797ee07c943e7e592f8cd648e503e6cd571387558ed07135799c2bd2847df?s=96&d=mm&r=g","contentUrl":"https:\/\/secure.gravatar.com\/avatar\/4ce797ee07c943e7e592f8cd648e503e6cd571387558ed07135799c2bd2847df?s=96&d=mm&r=g","caption":"ayun"},"sameAs":["http:\/\/www.caudete.org\/ayuntamiento"],"url":"https:\/\/www.caudete.org\/ayuntamiento\/author\/ayun\/"}]}},"_links":{"self":[{"href":"https:\/\/www.caudete.org\/ayuntamiento\/wp-json\/wp\/v2\/posts\/7598","targetHints":{"allow":["GET"]}}],"collection":[{"href":"https:\/\/www.caudete.org\/ayuntamiento\/wp-json\/wp\/v2\/posts"}],"about":[{"href":"https:\/\/www.caudete.org\/ayuntamiento\/wp-json\/wp\/v2\/types\/post"}],"author":[{"embeddable":true,"href":"https:\/\/www.caudete.org\/ayuntamiento\/wp-json\/wp\/v2\/users\/1"}],"replies":[{"embeddable":true,"href":"https:\/\/www.caudete.org\/ayuntamiento\/wp-json\/wp\/v2\/comments?post=7598"}],"version-history":[{"count":2,"href":"https:\/\/www.caudete.org\/ayuntamiento\/wp-json\/wp\/v2\/posts\/7598\/revisions"}],"predecessor-version":[{"id":9182,"href":"https:\/\/www.caudete.org\/ayuntamiento\/wp-json\/wp\/v2\/posts\/7598\/revisions\/9182"}],"wp:featuredmedia":[{"embeddable":true,"href":"https:\/\/www.caudete.org\/ayuntamiento\/wp-json\/wp\/v2\/media\/7599"}],"wp:attachment":[{"href":"https:\/\/www.caudete.org\/ayuntamiento\/wp-json\/wp\/v2\/media?parent=7598"}],"wp:term":[{"taxonomy":"category","embeddable":true,"href":"https:\/\/www.caudete.org\/ayuntamiento\/wp-json\/wp\/v2\/categories?post=7598"},{"taxonomy":"post_tag","embeddable":true,"href":"https:\/\/www.caudete.org\/ayuntamiento\/wp-json\/wp\/v2\/tags?post=7598"}],"curies":[{"name":"wp","href":"https:\/\/api.w.org\/{rel}","templated":true}]}}