{"id":7604,"date":"2020-12-07T16:54:35","date_gmt":"2020-12-07T15:54:35","guid":{"rendered":"http:\/\/www.caudete.org\/ayuntamiento\/?p=7604"},"modified":"2020-12-13T18:35:36","modified_gmt":"2020-12-13T17:35:36","slug":"talleres-de-automoviles","status":"publish","type":"post","link":"https:\/\/www.caudete.org\/ayuntamiento\/talleres-de-automoviles\/","title":{"rendered":"TALLERES DE AUTOM\u00d3VILES"},"content":{"rendered":"<p>&nbsp;<\/p>\n<p style=\"text-align: justify;\"><b>PLACA DISTINTIVA<\/b><br \/>\nTodo taller est\u00e1 obligado a ostentar en la fachada del edificio y en lugar visible una placa distintivo de forma cuadrada en la que constar\u00e1n los s\u00edmbolos que representen la actividad autorizada (mec\u00e1nica, electricidad, carrocer\u00eda, pintura), especialidades (autom\u00f3vil, motocicletas) y n\u00ba registro.<\/p>\n<p style=\"text-align: justify;\"><b>INFORMACI\u00d3N AL USUARIO<\/b><br \/>\nTodos los talleres est\u00e1n obligados a exhibir de forma perfectamente visible con letras de tama\u00f1o no inferior a 7 mm lo siguiente:<\/p>\n<p style=\"text-align: justify;\">Los <b>precios <\/b>aplicados por hora de trabajo y por servicios concretos. as\u00ed como los precios de otros servicios como los desarrollados fuera de la jornada normal de trabajo, servicios m\u00f3viles propios o gastos de estancia. Estos precios deben incluir todo tipo de cargas o grav\u00e1menes con menci\u00f3n deferencia de la parte que del precio corresponde a impuestos, cargas o grav\u00e1menes.<\/p>\n<p style=\"text-align: justify;\">LEYENDA &#8220;Todo usuario tiene derecho a presupuesto escrito de las reparaciones o servicios que solicite&#8221;<br \/>\nLEYENDA &#8220;El usuario s\u00f3lo quedar\u00e1 obligado al pago por la elaboraci\u00f3n del presupuesto en las condiciones que reglamentariamente se determinen&#8221;<br \/>\nLEYENDA &#8220;Todas las reparaciones est\u00e1n garantizadas por 3 meses o 2.000 kil\u00f3metros.<br \/>\nLEYENDA &#8220;Este establecimiento dispone de hojas de reclamaciones a disposici\u00f3n del cliente&#8221;<br \/>\nHORARIO de prestaci\u00f3n al p\u00fablico, visible desde el exterior.<\/p>\n<p style=\"text-align: justify;\">Los talleres oficiales con marca s\u00f3lo podr\u00e1n facturar como tiempo empleado en la reparaci\u00f3n o sustituci\u00f3n de piezas, el previsto en las tablas de tiempos. Los talleres independientes no podr\u00e1n cobrar en concepto d emano de obra ninguna cantidad superior al 20% de los tiempos indicados en las tablas de las distintas marcas.<\/p>\n<p style=\"text-align: justify;\"><b>PRESUPUESTOS, FACTURAS Y RESGUARDO DEL DEP\u00d3SITO<\/b><br \/>\nTodo usuario que desee efectuar una reparaci\u00f3n a un veh\u00edculo tiene derecho a presupuesto escrito, en el que deber\u00e1 figurar:<\/p>\n<p style=\"text-align: justify;\">-El n\u00famero de taller en el Registro Especial correspondiente.<br \/>\n-Nombre y domicilio del usuario.<br \/>\n-Identificaci\u00f3n del veh\u00edculo con expresi\u00f3n de marca, matr\u00edcula y n\u00famero de kil\u00f3metros recorridos<br \/>\n-Reparaciones a efectuar, elementos a reparar o sustituir y\/o cualquier otra actividad, con indicaci\u00f3n del precio total a pagar desglosado.<br \/>\n-La fecha y firma del prestador del servicio.<br \/>\n-La fecha prevista de entrega del veh\u00edculo ya reparado.<br \/>\n-Indicaci\u00f3n del tiempo de validez del presupuesto.<br \/>\n-Espacio reservado para la fecha y la firma de aceptaci\u00f3n por el usuario.<\/p>\n<p style=\"text-align: justify;\">En el caso de que el presupuesto no sea aceptado, el veh\u00edculo deber\u00e1 devolv\u00e9rsele en an\u00e1logas condiciones a las que fue entregado antes de la realizaci\u00f3n del presupuesto, pudiendo en este caso cobrar el taller por la confecci\u00f3n de dicho presupuesto.<\/p>\n<p style=\"text-align: justify;\">\u00danicamente podr\u00e1 procederse a la <b>reparaci\u00f3n <\/b>una vez el usuario, o persona autorizada, haya concedido su conformidad mediante la firma del presupuesto o haya dejado constancia de su renuncia a la elaboraci\u00f3n del mismo.<\/p>\n<p style=\"text-align: justify;\">Todo taller est\u00e1 obligado a entregar al cliente <b>factura escrita <\/b>debidamente firmada y sellada donde conste: operaciones realizadas, piezas o elementos utilizados y horas de trabajo empleadas, especificando conceptos e importes correspondientes, as\u00ed como cualquier tipo de cargos devengados.<\/p>\n<p style=\"text-align: justify;\">En todos los casos en que el veh\u00edculo quede depositado en el taller tanto para elaborar presupuesto como para reparar, la empresa entregar\u00e1 al usuario un resguardo acreditativo del <b>dep\u00f3sito del veh\u00edculo <\/b>.<\/p>\n<p style=\"text-align: justify;\">El usuario podr\u00e1 desistir del encargo realizado en cualquier momento, abonando al taller el importe por los trabajos efectuados hasta la retirada del veh\u00edculo.<\/p>\n<p style=\"text-align: justify;\">S\u00f3lo se podr\u00e1 cobrar <b>gastos de estancia <\/b>cuando, confeccionado el presupuesto o reparado el veh\u00edculo, y puesto el hecho en conocimiento del usuario, \u00e9ste no de contestaci\u00f3n al presupuesto o no proceda a la retirada del veh\u00edculo en el plazo de tres d\u00edas h\u00e1biles.<\/p>\n<p style=\"text-align: justify;\"><b>PIEZAS DE REPUESTO Y GARANT\u00cdA DE LAS REPARACIONES<\/b><br \/>\nTodas las piezas o conjuntos que utilicen los talleres en sus reparaciones deben ser nuevas y adecuadas al modelo de veh\u00edculos. En determinados casos (modelos antiguos, etc), puede instalarse piezas reacondicionadas o usadas, pero siempre que exista conformidad escrita del cliente.<\/p>\n<p style=\"text-align: justify;\">El taller est\u00e1 obligado a entregar al cliente las piezas, elementos o conjuntos que hayan sido sustituidos, salvo que el usuario renuncie expresamente.<\/p>\n<p style=\"text-align: justify;\">Igualmente, el taller est\u00e1 obligado a tener a disposici\u00f3n del p\u00fablico documentaci\u00f3n que acredite el origen y precio de los repuestos utilizados en las reparaciones no pudiendo incrementar el precio de los mismos aunque si beneficiarse de los descuentos que les hagan sus proveedores.<\/p>\n<p style=\"text-align: justify;\">Los talleres oficiales de marca tendr\u00e1n a disposici\u00f3n del p\u00fablico en todo momento cat\u00e1logos y tarifas de piezas actualizados y tablas de tiempos de trabajos y su sistema de valoraci\u00f3n en euros.<\/p>\n<p style=\"text-align: justify;\">La <b>garant\u00eda de las reparaciones <\/b>ser\u00e1 de tres meses o 2.000 kil\u00f3metros. En caso de veh\u00edculos industriales, ser\u00e1 de 15 d\u00edas o 2000km. Salvo excepciones en que las piezas tengan una garant\u00eda superior. Estos periodos se entienden desde la fecha de entrega del veh\u00edculo y su validez queda condicionada a que el veh\u00edculo no sea manipulado por terceros.<br \/>\nLa garant\u00eda afecta a materiales aportados y mano de obra, as\u00ed como a los gastos que se puedan ocasionar, como transporte, desplazamiento de operarios o imposici\u00f3n fiscal que grave la nueva operaci\u00f3n.<\/p>\n","protected":false},"excerpt":{"rendered":"<p>&nbsp; PLACA DISTINTIVA Todo taller est\u00e1 obligado a ostentar en la fachada del edificio y en lugar visible una placa distintivo de forma cuadrada en la que constar\u00e1n los s\u00edmbolos que representen la actividad autorizada (mec\u00e1nica, electricidad, carrocer\u00eda, pintura), especialidades (autom\u00f3vil, motocicletas) y n\u00ba registro. INFORMACI\u00d3N AL USUARIO Todos los talleres est\u00e1n obligados a exhibir &hellip;<\/p>\n","protected":false},"author":1,"featured_media":7605,"comment_status":"closed","ping_status":"open","sticky":false,"template":"","format":"standard","meta":{"ngg_post_thumbnail":0,"footnotes":""},"categories":[110],"tags":[],"class_list":["post-7604","post","type-post","status-publish","format-standard","has-post-thumbnail","hentry","category-omic-noticias"],"yoast_head":"<!-- This site is optimized with the Yoast SEO plugin v27.5 - https:\/\/yoast.com\/product\/yoast-seo-wordpress\/ -->\n<title>TALLERES DE AUTOM\u00d3VILES - MI Ayuntamiento de Caudete<\/title>\n<meta name=\"description\" content=\"P\u00e1gina Oficial del Ayuntamiento de Caudete (Albacete)\" \/>\n<meta name=\"robots\" content=\"index, follow, max-snippet:-1, max-image-preview:large, max-video-preview:-1\" \/>\n<link rel=\"canonical\" href=\"https:\/\/www.caudete.org\/ayuntamiento\/talleres-de-automoviles\/\" \/>\n<meta property=\"og:locale\" content=\"es_ES\" \/>\n<meta property=\"og:type\" content=\"article\" \/>\n<meta property=\"og:title\" content=\"TALLERES DE AUTOM\u00d3VILES - MI Ayuntamiento de Caudete\" \/>\n<meta property=\"og:description\" content=\"P\u00e1gina Oficial del Ayuntamiento de Caudete (Albacete)\" \/>\n<meta property=\"og:url\" content=\"https:\/\/www.caudete.org\/ayuntamiento\/talleres-de-automoviles\/\" \/>\n<meta property=\"og:site_name\" content=\"MI Ayuntamiento de Caudete\" \/>\n<meta property=\"article:publisher\" content=\"https:\/\/www.facebook.com\/ayuntamientocaudete\/\" \/>\n<meta property=\"article:published_time\" content=\"2020-12-07T15:54:35+00:00\" \/>\n<meta property=\"article:modified_time\" content=\"2020-12-13T17:35:36+00:00\" \/>\n<meta property=\"og:image\" content=\"https:\/\/www.caudete.org\/ayuntamiento\/wp-content\/uploads\/2020\/12\/omic-tall.jpg\" \/>\n\t<meta property=\"og:image:width\" content=\"268\" \/>\n\t<meta property=\"og:image:height\" content=\"200\" \/>\n\t<meta property=\"og:image:type\" content=\"image\/jpeg\" \/>\n<meta name=\"author\" content=\"ayun\" \/>\n<meta name=\"twitter:card\" content=\"summary_large_image\" \/>\n<meta name=\"twitter:label1\" content=\"Escrito por\" \/>\n\t<meta name=\"twitter:data1\" content=\"ayun\" \/>\n\t<meta name=\"twitter:label2\" content=\"Tiempo de lectura\" \/>\n\t<meta name=\"twitter:data2\" content=\"4 minutos\" \/>\n<script type=\"application\/ld+json\" class=\"yoast-schema-graph\">{\"@context\":\"https:\\\/\\\/schema.org\",\"@graph\":[{\"@type\":\"Article\",\"@id\":\"https:\\\/\\\/www.caudete.org\\\/ayuntamiento\\\/talleres-de-automoviles\\\/#article\",\"isPartOf\":{\"@id\":\"https:\\\/\\\/www.caudete.org\\\/ayuntamiento\\\/talleres-de-automoviles\\\/\"},\"author\":{\"name\":\"ayun\",\"@id\":\"https:\\\/\\\/www.caudete.org\\\/ayuntamiento\\\/#\\\/schema\\\/person\\\/79f7e19fdd176fc2bc7a289013dc2056\"},\"headline\":\"TALLERES DE AUTOM\u00d3VILES\",\"datePublished\":\"2020-12-07T15:54:35+00:00\",\"dateModified\":\"2020-12-13T17:35:36+00:00\",\"mainEntityOfPage\":{\"@id\":\"https:\\\/\\\/www.caudete.org\\\/ayuntamiento\\\/talleres-de-automoviles\\\/\"},\"wordCount\":887,\"image\":{\"@id\":\"https:\\\/\\\/www.caudete.org\\\/ayuntamiento\\\/talleres-de-automoviles\\\/#primaryimage\"},\"thumbnailUrl\":\"https:\\\/\\\/www.caudete.org\\\/ayuntamiento\\\/wp-content\\\/uploads\\\/2020\\\/12\\\/omic-tall.jpg\",\"articleSection\":[\"omic-noticias\"],\"inLanguage\":\"es\"},{\"@type\":\"WebPage\",\"@id\":\"https:\\\/\\\/www.caudete.org\\\/ayuntamiento\\\/talleres-de-automoviles\\\/\",\"url\":\"https:\\\/\\\/www.caudete.org\\\/ayuntamiento\\\/talleres-de-automoviles\\\/\",\"name\":\"TALLERES DE AUTOM\u00d3VILES - MI Ayuntamiento de Caudete\",\"isPartOf\":{\"@id\":\"https:\\\/\\\/www.caudete.org\\\/ayuntamiento\\\/#website\"},\"primaryImageOfPage\":{\"@id\":\"https:\\\/\\\/www.caudete.org\\\/ayuntamiento\\\/talleres-de-automoviles\\\/#primaryimage\"},\"image\":{\"@id\":\"https:\\\/\\\/www.caudete.org\\\/ayuntamiento\\\/talleres-de-automoviles\\\/#primaryimage\"},\"thumbnailUrl\":\"https:\\\/\\\/www.caudete.org\\\/ayuntamiento\\\/wp-content\\\/uploads\\\/2020\\\/12\\\/omic-tall.jpg\",\"datePublished\":\"2020-12-07T15:54:35+00:00\",\"dateModified\":\"2020-12-13T17:35:36+00:00\",\"author\":{\"@id\":\"https:\\\/\\\/www.caudete.org\\\/ayuntamiento\\\/#\\\/schema\\\/person\\\/79f7e19fdd176fc2bc7a289013dc2056\"},\"description\":\"P\u00e1gina Oficial del Ayuntamiento de Caudete (Albacete)\",\"breadcrumb\":{\"@id\":\"https:\\\/\\\/www.caudete.org\\\/ayuntamiento\\\/talleres-de-automoviles\\\/#breadcrumb\"},\"inLanguage\":\"es\",\"potentialAction\":[{\"@type\":\"ReadAction\",\"target\":[\"https:\\\/\\\/www.caudete.org\\\/ayuntamiento\\\/talleres-de-automoviles\\\/\"]}]},{\"@type\":\"ImageObject\",\"inLanguage\":\"es\",\"@id\":\"https:\\\/\\\/www.caudete.org\\\/ayuntamiento\\\/talleres-de-automoviles\\\/#primaryimage\",\"url\":\"https:\\\/\\\/www.caudete.org\\\/ayuntamiento\\\/wp-content\\\/uploads\\\/2020\\\/12\\\/omic-tall.jpg\",\"contentUrl\":\"https:\\\/\\\/www.caudete.org\\\/ayuntamiento\\\/wp-content\\\/uploads\\\/2020\\\/12\\\/omic-tall.jpg\",\"width\":268,\"height\":200},{\"@type\":\"BreadcrumbList\",\"@id\":\"https:\\\/\\\/www.caudete.org\\\/ayuntamiento\\\/talleres-de-automoviles\\\/#breadcrumb\",\"itemListElement\":[{\"@type\":\"ListItem\",\"position\":1,\"name\":\"Inicio\",\"item\":\"https:\\\/\\\/www.caudete.org\\\/ayuntamiento\\\/\"},{\"@type\":\"ListItem\",\"position\":2,\"name\":\"TALLERES DE AUTOM\u00d3VILES\"}]},{\"@type\":\"WebSite\",\"@id\":\"https:\\\/\\\/www.caudete.org\\\/ayuntamiento\\\/#website\",\"url\":\"https:\\\/\\\/www.caudete.org\\\/ayuntamiento\\\/\",\"name\":\"MI Ayuntamiento de Caudete\",\"description\":\"P\u00e1gina Oficial del MI Ayuntamiento de Caudete\",\"potentialAction\":[{\"@type\":\"SearchAction\",\"target\":{\"@type\":\"EntryPoint\",\"urlTemplate\":\"https:\\\/\\\/www.caudete.org\\\/ayuntamiento\\\/?s={search_term_string}\"},\"query-input\":{\"@type\":\"PropertyValueSpecification\",\"valueRequired\":true,\"valueName\":\"search_term_string\"}}],\"inLanguage\":\"es\"},{\"@type\":\"Person\",\"@id\":\"https:\\\/\\\/www.caudete.org\\\/ayuntamiento\\\/#\\\/schema\\\/person\\\/79f7e19fdd176fc2bc7a289013dc2056\",\"name\":\"ayun\",\"image\":{\"@type\":\"ImageObject\",\"inLanguage\":\"es\",\"@id\":\"https:\\\/\\\/secure.gravatar.com\\\/avatar\\\/4ce797ee07c943e7e592f8cd648e503e6cd571387558ed07135799c2bd2847df?s=96&d=mm&r=g\",\"url\":\"https:\\\/\\\/secure.gravatar.com\\\/avatar\\\/4ce797ee07c943e7e592f8cd648e503e6cd571387558ed07135799c2bd2847df?s=96&d=mm&r=g\",\"contentUrl\":\"https:\\\/\\\/secure.gravatar.com\\\/avatar\\\/4ce797ee07c943e7e592f8cd648e503e6cd571387558ed07135799c2bd2847df?s=96&d=mm&r=g\",\"caption\":\"ayun\"},\"sameAs\":[\"http:\\\/\\\/www.caudete.org\\\/ayuntamiento\"],\"url\":\"https:\\\/\\\/www.caudete.org\\\/ayuntamiento\\\/author\\\/ayun\\\/\"}]}<\/script>\n<!-- \/ Yoast SEO plugin. -->","yoast_head_json":{"title":"TALLERES DE AUTOM\u00d3VILES - MI Ayuntamiento de Caudete","description":"P\u00e1gina Oficial del Ayuntamiento de Caudete (Albacete)","robots":{"index":"index","follow":"follow","max-snippet":"max-snippet:-1","max-image-preview":"max-image-preview:large","max-video-preview":"max-video-preview:-1"},"canonical":"https:\/\/www.caudete.org\/ayuntamiento\/talleres-de-automoviles\/","og_locale":"es_ES","og_type":"article","og_title":"TALLERES DE AUTOM\u00d3VILES - MI Ayuntamiento de Caudete","og_description":"P\u00e1gina Oficial del Ayuntamiento de Caudete (Albacete)","og_url":"https:\/\/www.caudete.org\/ayuntamiento\/talleres-de-automoviles\/","og_site_name":"MI Ayuntamiento de Caudete","article_publisher":"https:\/\/www.facebook.com\/ayuntamientocaudete\/","article_published_time":"2020-12-07T15:54:35+00:00","article_modified_time":"2020-12-13T17:35:36+00:00","og_image":[{"width":268,"height":200,"url":"https:\/\/www.caudete.org\/ayuntamiento\/wp-content\/uploads\/2020\/12\/omic-tall.jpg","type":"image\/jpeg"}],"author":"ayun","twitter_card":"summary_large_image","twitter_misc":{"Escrito por":"ayun","Tiempo de lectura":"4 minutos"},"schema":{"@context":"https:\/\/schema.org","@graph":[{"@type":"Article","@id":"https:\/\/www.caudete.org\/ayuntamiento\/talleres-de-automoviles\/#article","isPartOf":{"@id":"https:\/\/www.caudete.org\/ayuntamiento\/talleres-de-automoviles\/"},"author":{"name":"ayun","@id":"https:\/\/www.caudete.org\/ayuntamiento\/#\/schema\/person\/79f7e19fdd176fc2bc7a289013dc2056"},"headline":"TALLERES DE AUTOM\u00d3VILES","datePublished":"2020-12-07T15:54:35+00:00","dateModified":"2020-12-13T17:35:36+00:00","mainEntityOfPage":{"@id":"https:\/\/www.caudete.org\/ayuntamiento\/talleres-de-automoviles\/"},"wordCount":887,"image":{"@id":"https:\/\/www.caudete.org\/ayuntamiento\/talleres-de-automoviles\/#primaryimage"},"thumbnailUrl":"https:\/\/www.caudete.org\/ayuntamiento\/wp-content\/uploads\/2020\/12\/omic-tall.jpg","articleSection":["omic-noticias"],"inLanguage":"es"},{"@type":"WebPage","@id":"https:\/\/www.caudete.org\/ayuntamiento\/talleres-de-automoviles\/","url":"https:\/\/www.caudete.org\/ayuntamiento\/talleres-de-automoviles\/","name":"TALLERES DE AUTOM\u00d3VILES - MI Ayuntamiento de Caudete","isPartOf":{"@id":"https:\/\/www.caudete.org\/ayuntamiento\/#website"},"primaryImageOfPage":{"@id":"https:\/\/www.caudete.org\/ayuntamiento\/talleres-de-automoviles\/#primaryimage"},"image":{"@id":"https:\/\/www.caudete.org\/ayuntamiento\/talleres-de-automoviles\/#primaryimage"},"thumbnailUrl":"https:\/\/www.caudete.org\/ayuntamiento\/wp-content\/uploads\/2020\/12\/omic-tall.jpg","datePublished":"2020-12-07T15:54:35+00:00","dateModified":"2020-12-13T17:35:36+00:00","author":{"@id":"https:\/\/www.caudete.org\/ayuntamiento\/#\/schema\/person\/79f7e19fdd176fc2bc7a289013dc2056"},"description":"P\u00e1gina Oficial del Ayuntamiento de Caudete (Albacete)","breadcrumb":{"@id":"https:\/\/www.caudete.org\/ayuntamiento\/talleres-de-automoviles\/#breadcrumb"},"inLanguage":"es","potentialAction":[{"@type":"ReadAction","target":["https:\/\/www.caudete.org\/ayuntamiento\/talleres-de-automoviles\/"]}]},{"@type":"ImageObject","inLanguage":"es","@id":"https:\/\/www.caudete.org\/ayuntamiento\/talleres-de-automoviles\/#primaryimage","url":"https:\/\/www.caudete.org\/ayuntamiento\/wp-content\/uploads\/2020\/12\/omic-tall.jpg","contentUrl":"https:\/\/www.caudete.org\/ayuntamiento\/wp-content\/uploads\/2020\/12\/omic-tall.jpg","width":268,"height":200},{"@type":"BreadcrumbList","@id":"https:\/\/www.caudete.org\/ayuntamiento\/talleres-de-automoviles\/#breadcrumb","itemListElement":[{"@type":"ListItem","position":1,"name":"Inicio","item":"https:\/\/www.caudete.org\/ayuntamiento\/"},{"@type":"ListItem","position":2,"name":"TALLERES DE AUTOM\u00d3VILES"}]},{"@type":"WebSite","@id":"https:\/\/www.caudete.org\/ayuntamiento\/#website","url":"https:\/\/www.caudete.org\/ayuntamiento\/","name":"MI Ayuntamiento de Caudete","description":"P\u00e1gina Oficial del MI Ayuntamiento de Caudete","potentialAction":[{"@type":"SearchAction","target":{"@type":"EntryPoint","urlTemplate":"https:\/\/www.caudete.org\/ayuntamiento\/?s={search_term_string}"},"query-input":{"@type":"PropertyValueSpecification","valueRequired":true,"valueName":"search_term_string"}}],"inLanguage":"es"},{"@type":"Person","@id":"https:\/\/www.caudete.org\/ayuntamiento\/#\/schema\/person\/79f7e19fdd176fc2bc7a289013dc2056","name":"ayun","image":{"@type":"ImageObject","inLanguage":"es","@id":"https:\/\/secure.gravatar.com\/avatar\/4ce797ee07c943e7e592f8cd648e503e6cd571387558ed07135799c2bd2847df?s=96&d=mm&r=g","url":"https:\/\/secure.gravatar.com\/avatar\/4ce797ee07c943e7e592f8cd648e503e6cd571387558ed07135799c2bd2847df?s=96&d=mm&r=g","contentUrl":"https:\/\/secure.gravatar.com\/avatar\/4ce797ee07c943e7e592f8cd648e503e6cd571387558ed07135799c2bd2847df?s=96&d=mm&r=g","caption":"ayun"},"sameAs":["http:\/\/www.caudete.org\/ayuntamiento"],"url":"https:\/\/www.caudete.org\/ayuntamiento\/author\/ayun\/"}]}},"_links":{"self":[{"href":"https:\/\/www.caudete.org\/ayuntamiento\/wp-json\/wp\/v2\/posts\/7604","targetHints":{"allow":["GET"]}}],"collection":[{"href":"https:\/\/www.caudete.org\/ayuntamiento\/wp-json\/wp\/v2\/posts"}],"about":[{"href":"https:\/\/www.caudete.org\/ayuntamiento\/wp-json\/wp\/v2\/types\/post"}],"author":[{"embeddable":true,"href":"https:\/\/www.caudete.org\/ayuntamiento\/wp-json\/wp\/v2\/users\/1"}],"replies":[{"embeddable":true,"href":"https:\/\/www.caudete.org\/ayuntamiento\/wp-json\/wp\/v2\/comments?post=7604"}],"version-history":[{"count":3,"href":"https:\/\/www.caudete.org\/ayuntamiento\/wp-json\/wp\/v2\/posts\/7604\/revisions"}],"predecessor-version":[{"id":9178,"href":"https:\/\/www.caudete.org\/ayuntamiento\/wp-json\/wp\/v2\/posts\/7604\/revisions\/9178"}],"wp:featuredmedia":[{"embeddable":true,"href":"https:\/\/www.caudete.org\/ayuntamiento\/wp-json\/wp\/v2\/media\/7605"}],"wp:attachment":[{"href":"https:\/\/www.caudete.org\/ayuntamiento\/wp-json\/wp\/v2\/media?parent=7604"}],"wp:term":[{"taxonomy":"category","embeddable":true,"href":"https:\/\/www.caudete.org\/ayuntamiento\/wp-json\/wp\/v2\/categories?post=7604"},{"taxonomy":"post_tag","embeddable":true,"href":"https:\/\/www.caudete.org\/ayuntamiento\/wp-json\/wp\/v2\/tags?post=7604"}],"curies":[{"name":"wp","href":"https:\/\/api.w.org\/{rel}","templated":true}]}}