{"id":7607,"date":"2020-12-07T16:57:38","date_gmt":"2020-12-07T15:57:38","guid":{"rendered":"http:\/\/www.caudete.org\/ayuntamiento\/?p=7607"},"modified":"2020-12-13T18:34:56","modified_gmt":"2020-12-13T17:34:56","slug":"s-a-t-electrodomesticos-servcios-o-talleres-de-asistencia-tecnica","status":"publish","type":"post","link":"https:\/\/www.caudete.org\/ayuntamiento\/s-a-t-electrodomesticos-servcios-o-talleres-de-asistencia-tecnica\/","title":{"rendered":"S.A.T. ELECTRODOMESTICOS (SERVCIOS O TALLERES DE ASISTENCIA T\u00c9CNICA)"},"content":{"rendered":"<p style=\"text-align: justify;\">Los electrodom\u00e9sticos son aquellos bienes de consumo duradero de uso dom\u00e9stico que utilizan, directa o indirectamente para su funcionamiento cualquier tipo de energ\u00eda y\/o la transforman. Con objeto de proteger los derechos de los consumidores o usuarios en los servicios de reparaci\u00f3n de estos aparatos se promulg\u00f3 el Real Decreto 58\/1988, de 29 de enero.<\/p>\n<p style=\"text-align: justify;\"><b>Concepto<\/b><br \/>\nLos establecimientos o personas que, cumpliendo los requisitos reglamentarios establecidos para esta actividad, se dediquen a la instalaci\u00f3n, reparaci\u00f3n y\/o conservaci\u00f3n o mantenimiento de aparatos de uso dom\u00e9stico se denominan &#8220;Servicios o Talleres de Asistencia T\u00e9cnica&#8221;.<br \/>\nEstos SAT se denominan &#8220;Oficiales o de Marca&#8221; si poseen autorizaci\u00f3n escrita del fabricante o de su representante legal en Espa\u00f1a y podr\u00e1n anunciarse como tales es decir &#8220;SERVICIO OFICIAL DEL FABRICANTE&#8221;. Cualquier otra denominaci\u00f3n tales como &#8220;SERVICIOS TECNICOS ESPECIALIZADOS&#8221; junto con los nombres de las marcas no son los servicios oficiales de la marca, aunque si puedan reparar dichos electrodom\u00e9sticos. Los SAT que no son oficiales de las marcas no podr\u00e1n hacer ostentaci\u00f3n de las mismas ni en el exterior ni en el interior del taller.&nbsp;<\/p>\n<p style=\"text-align: justify;\"><b>Derecho a un presupuesto previo<\/b><br \/>\nTodo usuario tiene derecho a un presupuesto previo por escrito de la reparaci\u00f3n a efectuar y tendr\u00e1 una validez m\u00ednima de 30 d\u00edas.<br \/>\nEn el presupuesto deber\u00e1 figurar:<br \/>\n-Nombre, domicilio y n\u00famero identificaci\u00f3n fiscal del SAT.<br \/>\n-Nombre y domicilio del usuario.<br \/>\n-Marca, modelo y n\u00famero de serie del aparato.<br \/>\n-Motivo de la reparaci\u00f3n.<br \/>\n-Diagn\u00f3stico de la aver\u00eda.<br \/>\n-Pagos a satisfacer por la prestaci\u00f3n del servicio, referencia gen\u00e9rica a las piezas de repuesto a utilizar o cualquier otro concepto.<br \/>\n-Fecha y firma de la persona responsable del SAT<br \/>\n-Fecha prevista de entrega del aparato ya reparado<br \/>\n-Espacio reservado para la fecha y firma de aceptaci\u00f3n por el usuario.<br \/>\n-Tiempo de validez para el usuario.<br \/>\nLa cuant\u00eda del presupuesto, en lo relativo a mano de obra y de otros conceptos, deber\u00e1 responder tambi\u00e9n, como m\u00e1ximo, al valor de los precios aplicables por tiempo de trabajo de conformidad con los precios de la hora de trabajo, transporte, desplazamientos, etc&#8230; seg\u00fan se halle exhibido en carteles adecuados y responder\u00e1 igualmente a los tiempos de ocupaci\u00f3n real previstos para la reparaci\u00f3n.<br \/>\nEl usuario queda obligado a satisfacer al SAT el importe de la elaboraci\u00f3n del presupuesto s\u00f3lo cuando, habi\u00e9ndolo solicitado, no fuera aceptado. En este caso podr\u00e1 exigirse como importe de dicho presupuesto, como m\u00e1ximo:<br \/>\nPara electrodom\u00e9sticos de l\u00ednea blanca y similares: 30 minutos. (electrodom\u00e9sticos cocina y limpieza hogar)<br \/>\nPara la l\u00ednea marr\u00f3n: 60 minutos. (electrodom\u00e9sticos de v\u00eddeo y audio)<br \/>\nPara peque\u00f1os aparatos de uso dom\u00e9stico y otros no contemplados anteriormente: 15 minutos. (maquina afeitar, depiladora, plancha, batidora, cafetera&#8230;)<\/p>\n<p style=\"text-align: justify;\">En el caso de que el presupuesto no sea aceptado por el usuario, el aparato deber\u00e1 devolverse en las mismas condiciones en las que fue entregado antes de la realizaci\u00f3n del presupuesto.<\/p>\n<p style=\"text-align: justify;\"><b>Resguardo de dep\u00f3sito<\/b><br \/>\nEn todos los casos en que el aparato de uso dom\u00e9stico quede depositado, tanto para la elaboraci\u00f3n de un presupuesto, como para llevar a cabo una reparaci\u00f3n previamente aceptada, el servicio de asistencia t\u00e9cnica entregar\u00e1 al usuario un resguardo acreditativo de su dep\u00f3sito. En los casos en que exista presupuesto, \u00e9ste debidamente firmado por el SAT y el usuario, har\u00e1 las veces de resguardo de deposito.<\/p>\n<p style=\"text-align: justify;\"><b>Piezas de repuesto<\/b><br \/>\nTodas las piezas de repuesto que se utilicen en las reparaciones deber\u00e1n ser nuevas, excepto si el usuario da su consentimiento por escrito para que se utilicen piezas de repuesto usadas.<br \/>\nEl SAT, est\u00e1 obligado a ofrecer al usuario y a entregarle, al t\u00e9rmino de la reparaci\u00f3n, si as\u00ed lo desea, las piezas que hayan sido sustituidas, siempre que la reparaci\u00f3n no est\u00e9 amparada por la garant\u00eda del aparato.<br \/>\nTodos los servicios de asistencia t\u00e9cnica est\u00e1n obligados a dar servicio de piezas de repuesto durante al menos siete a\u00f1os para las funcionales, salvo en el caso de aparatos cuyo precio de venta no supere los 60 \u20ac, que ser\u00e1 de cinco a\u00f1os, y dos para las est\u00e9ticas, contados todos ellos a partir del cese de la fabricaci\u00f3n de ese modelo.<br \/>\nTodas las piezas de repuesto, deber\u00e1n servirse al cliente en un plazo no superior a un mes desde la fecha de solicitud para los aparatos de importaci\u00f3n y no superior a quince d\u00edas para las piezas correspondientes a aparatos nacionales.<\/p>\n<p style=\"text-align: justify;\"><b>Facturas<\/b><br \/>\nTodos los servicios de asistencia t\u00e9cnica est\u00e1n obligados a entregar al usuario factura, en la que se detallar\u00e1n las operaciones realizadas, las piezas de repuesto utilizadas y el tiempo de mano de obra empleado, con expresi\u00f3n de sus respectivos importes. Igualmente deber\u00e1 reflejarse la cuant\u00eda de los conceptos por desplazamiento, transporte y otros que se facturen incluy\u00e9ndose los datos fiscales en la forma prevista en su normativa reguladora.<br \/>\nCuando exista presupuesto, la cuant\u00eda y concepto de la factura deber\u00e1 corresponderse con \u00e9ste.<br \/>\nEn aquellos servicios realizados en el domicilio del usuario, los gastos del desplazamiento, que deber\u00e1n reflejarse en factura no podr\u00e1n ser exigidos m\u00e1s que por una sola vez, a\u00fan cuando el servicio requerido afecte a varios aparatos o fueran necesarios varios desplazamientos para la realizaci\u00f3n de un mismo servicio.<\/p>\n<p style=\"text-align: justify;\"><b>Garant\u00edas de las reclamaciones<\/b><br \/>\nTodas las reparaciones o instalaciones efectuadas en cualquier servicio de asistencia t\u00e9cnica, quedar\u00e1n garantizadas en las siguientes condiciones:<br \/>\nLa garant\u00eda que otorgue el servicio de asistencia t\u00e9cnica tendr\u00e1 un per\u00edodo de validez m\u00ednimo de tres meses.<br \/>\nEl per\u00edodo de garant\u00eda se entender\u00e1 desde la fecha de entrega del aparato y tendr\u00e1 validez en cuanto el mismo no sea manipulado por terceros.<br \/>\nLa garant\u00eda se entiende total sobre la reparaci\u00f3n efectuada y afectar\u00e1 a todos los gastos que se puedan ocasionar, tales como los del transporte, el desplazamiento, piezas de repuesto y mano de obra.<\/p>\n<p style=\"text-align: justify;\"><b>Informaci\u00f3n al usuario: precios, derechos y horarios<\/b><br \/>\nTodos los establecimiento exhibir\u00e1n, en lugar visible, las siguientes leyendas y, en el servicio a domicilio, si lo requiere el usuario, se le entregar\u00e1 una hoja con dichas informaciones:<br \/>\n-PRECIOS aplicables por tiempo de trabajo y los gastos de transporte y\/o desplazamiento, en su caso; igualmente exhibir\u00e1n los precios de aquellos otros servicios ofertados, as\u00ed como los recargos a aplicar por trabajos efectuados con car\u00e1cter de urgencia o fuera de la hornada normal, a petici\u00f3n del usuario.<br \/>\n-&#8220;Todo usuario tiene derecho a presupuesto previo escrito de las reparaciones o servicios que solicite&#8221;<br \/>\n-&#8220;Todas las reparaciones o instalaciones est\u00e1n garantizadas por tres meses, en las condiciones especificadas en el art\u00edculo 6\u00ba del Real Decreto por el que se regula la prestaci\u00f3n de servicios de reparaci\u00f3n de aparatos de uso dom\u00e9stico&#8221;<br \/>\n-&#8220;Este establecimiento dispone de &#8220;Hojas de Reclamaciones&#8221; a disposici\u00f3n del usuario que las solicite&#8221;<br \/>\n-HORARIO de prestaci\u00f3n de servicio al p\u00fablico.<\/p>\n","protected":false},"excerpt":{"rendered":"<p>Los electrodom\u00e9sticos son aquellos bienes de consumo duradero de uso dom\u00e9stico que utilizan, directa o indirectamente para su funcionamiento cualquier tipo de energ\u00eda y\/o la transforman. Con objeto de proteger los derechos de los consumidores o usuarios en los servicios de reparaci\u00f3n de estos aparatos se promulg\u00f3 el Real Decreto 58\/1988, de 29 de enero. &hellip;<\/p>\n","protected":false},"author":1,"featured_media":7608,"comment_status":"closed","ping_status":"open","sticky":false,"template":"","format":"standard","meta":{"ngg_post_thumbnail":0,"footnotes":""},"categories":[110],"tags":[],"class_list":["post-7607","post","type-post","status-publish","format-standard","has-post-thumbnail","hentry","category-omic-noticias"],"yoast_head":"<!-- This site is optimized with the Yoast SEO plugin v27.5 - https:\/\/yoast.com\/product\/yoast-seo-wordpress\/ -->\n<title>S.A.T. ELECTRODOMESTICOS (SERVCIOS O TALLERES DE ASISTENCIA T\u00c9CNICA) - MI Ayuntamiento de Caudete<\/title>\n<meta name=\"description\" content=\"P\u00e1gina Oficial del Ayuntamiento de Caudete (Albacete)\" \/>\n<meta name=\"robots\" content=\"index, follow, max-snippet:-1, max-image-preview:large, max-video-preview:-1\" \/>\n<link rel=\"canonical\" href=\"https:\/\/www.caudete.org\/ayuntamiento\/s-a-t-electrodomesticos-servcios-o-talleres-de-asistencia-tecnica\/\" \/>\n<meta property=\"og:locale\" content=\"es_ES\" \/>\n<meta property=\"og:type\" content=\"article\" \/>\n<meta property=\"og:title\" content=\"S.A.T. ELECTRODOMESTICOS (SERVCIOS O TALLERES DE ASISTENCIA T\u00c9CNICA) - MI Ayuntamiento de Caudete\" \/>\n<meta property=\"og:description\" content=\"P\u00e1gina Oficial del Ayuntamiento de Caudete (Albacete)\" \/>\n<meta property=\"og:url\" content=\"https:\/\/www.caudete.org\/ayuntamiento\/s-a-t-electrodomesticos-servcios-o-talleres-de-asistencia-tecnica\/\" \/>\n<meta property=\"og:site_name\" content=\"MI Ayuntamiento de Caudete\" \/>\n<meta property=\"article:publisher\" content=\"https:\/\/www.facebook.com\/ayuntamientocaudete\/\" \/>\n<meta property=\"article:published_time\" content=\"2020-12-07T15:57:38+00:00\" \/>\n<meta property=\"article:modified_time\" content=\"2020-12-13T17:34:56+00:00\" \/>\n<meta property=\"og:image\" content=\"https:\/\/www.caudete.org\/ayuntamiento\/wp-content\/uploads\/2020\/12\/omic-sat.jpg\" \/>\n\t<meta property=\"og:image:width\" content=\"267\" \/>\n\t<meta property=\"og:image:height\" content=\"200\" \/>\n\t<meta property=\"og:image:type\" content=\"image\/jpeg\" \/>\n<meta name=\"author\" content=\"ayun\" \/>\n<meta name=\"twitter:card\" content=\"summary_large_image\" \/>\n<meta name=\"twitter:label1\" content=\"Escrito por\" \/>\n\t<meta name=\"twitter:data1\" content=\"ayun\" \/>\n\t<meta name=\"twitter:label2\" content=\"Tiempo de lectura\" \/>\n\t<meta name=\"twitter:data2\" content=\"6 minutos\" \/>\n<script type=\"application\/ld+json\" class=\"yoast-schema-graph\">{\"@context\":\"https:\\\/\\\/schema.org\",\"@graph\":[{\"@type\":\"Article\",\"@id\":\"https:\\\/\\\/www.caudete.org\\\/ayuntamiento\\\/s-a-t-electrodomesticos-servcios-o-talleres-de-asistencia-tecnica\\\/#article\",\"isPartOf\":{\"@id\":\"https:\\\/\\\/www.caudete.org\\\/ayuntamiento\\\/s-a-t-electrodomesticos-servcios-o-talleres-de-asistencia-tecnica\\\/\"},\"author\":{\"name\":\"ayun\",\"@id\":\"https:\\\/\\\/www.caudete.org\\\/ayuntamiento\\\/#\\\/schema\\\/person\\\/79f7e19fdd176fc2bc7a289013dc2056\"},\"headline\":\"S.A.T. ELECTRODOMESTICOS (SERVCIOS O TALLERES DE ASISTENCIA T\u00c9CNICA)\",\"datePublished\":\"2020-12-07T15:57:38+00:00\",\"dateModified\":\"2020-12-13T17:34:56+00:00\",\"mainEntityOfPage\":{\"@id\":\"https:\\\/\\\/www.caudete.org\\\/ayuntamiento\\\/s-a-t-electrodomesticos-servcios-o-talleres-de-asistencia-tecnica\\\/\"},\"wordCount\":1212,\"image\":{\"@id\":\"https:\\\/\\\/www.caudete.org\\\/ayuntamiento\\\/s-a-t-electrodomesticos-servcios-o-talleres-de-asistencia-tecnica\\\/#primaryimage\"},\"thumbnailUrl\":\"https:\\\/\\\/www.caudete.org\\\/ayuntamiento\\\/wp-content\\\/uploads\\\/2020\\\/12\\\/omic-sat.jpg\",\"articleSection\":[\"omic-noticias\"],\"inLanguage\":\"es\"},{\"@type\":\"WebPage\",\"@id\":\"https:\\\/\\\/www.caudete.org\\\/ayuntamiento\\\/s-a-t-electrodomesticos-servcios-o-talleres-de-asistencia-tecnica\\\/\",\"url\":\"https:\\\/\\\/www.caudete.org\\\/ayuntamiento\\\/s-a-t-electrodomesticos-servcios-o-talleres-de-asistencia-tecnica\\\/\",\"name\":\"S.A.T. ELECTRODOMESTICOS (SERVCIOS O TALLERES DE ASISTENCIA T\u00c9CNICA) - MI Ayuntamiento de Caudete\",\"isPartOf\":{\"@id\":\"https:\\\/\\\/www.caudete.org\\\/ayuntamiento\\\/#website\"},\"primaryImageOfPage\":{\"@id\":\"https:\\\/\\\/www.caudete.org\\\/ayuntamiento\\\/s-a-t-electrodomesticos-servcios-o-talleres-de-asistencia-tecnica\\\/#primaryimage\"},\"image\":{\"@id\":\"https:\\\/\\\/www.caudete.org\\\/ayuntamiento\\\/s-a-t-electrodomesticos-servcios-o-talleres-de-asistencia-tecnica\\\/#primaryimage\"},\"thumbnailUrl\":\"https:\\\/\\\/www.caudete.org\\\/ayuntamiento\\\/wp-content\\\/uploads\\\/2020\\\/12\\\/omic-sat.jpg\",\"datePublished\":\"2020-12-07T15:57:38+00:00\",\"dateModified\":\"2020-12-13T17:34:56+00:00\",\"author\":{\"@id\":\"https:\\\/\\\/www.caudete.org\\\/ayuntamiento\\\/#\\\/schema\\\/person\\\/79f7e19fdd176fc2bc7a289013dc2056\"},\"description\":\"P\u00e1gina Oficial del Ayuntamiento de Caudete (Albacete)\",\"breadcrumb\":{\"@id\":\"https:\\\/\\\/www.caudete.org\\\/ayuntamiento\\\/s-a-t-electrodomesticos-servcios-o-talleres-de-asistencia-tecnica\\\/#breadcrumb\"},\"inLanguage\":\"es\",\"potentialAction\":[{\"@type\":\"ReadAction\",\"target\":[\"https:\\\/\\\/www.caudete.org\\\/ayuntamiento\\\/s-a-t-electrodomesticos-servcios-o-talleres-de-asistencia-tecnica\\\/\"]}]},{\"@type\":\"ImageObject\",\"inLanguage\":\"es\",\"@id\":\"https:\\\/\\\/www.caudete.org\\\/ayuntamiento\\\/s-a-t-electrodomesticos-servcios-o-talleres-de-asistencia-tecnica\\\/#primaryimage\",\"url\":\"https:\\\/\\\/www.caudete.org\\\/ayuntamiento\\\/wp-content\\\/uploads\\\/2020\\\/12\\\/omic-sat.jpg\",\"contentUrl\":\"https:\\\/\\\/www.caudete.org\\\/ayuntamiento\\\/wp-content\\\/uploads\\\/2020\\\/12\\\/omic-sat.jpg\",\"width\":267,\"height\":200},{\"@type\":\"BreadcrumbList\",\"@id\":\"https:\\\/\\\/www.caudete.org\\\/ayuntamiento\\\/s-a-t-electrodomesticos-servcios-o-talleres-de-asistencia-tecnica\\\/#breadcrumb\",\"itemListElement\":[{\"@type\":\"ListItem\",\"position\":1,\"name\":\"Inicio\",\"item\":\"https:\\\/\\\/www.caudete.org\\\/ayuntamiento\\\/\"},{\"@type\":\"ListItem\",\"position\":2,\"name\":\"S.A.T. ELECTRODOMESTICOS (SERVCIOS O TALLERES DE ASISTENCIA T\u00c9CNICA)\"}]},{\"@type\":\"WebSite\",\"@id\":\"https:\\\/\\\/www.caudete.org\\\/ayuntamiento\\\/#website\",\"url\":\"https:\\\/\\\/www.caudete.org\\\/ayuntamiento\\\/\",\"name\":\"MI Ayuntamiento de Caudete\",\"description\":\"P\u00e1gina Oficial del MI Ayuntamiento de Caudete\",\"potentialAction\":[{\"@type\":\"SearchAction\",\"target\":{\"@type\":\"EntryPoint\",\"urlTemplate\":\"https:\\\/\\\/www.caudete.org\\\/ayuntamiento\\\/?s={search_term_string}\"},\"query-input\":{\"@type\":\"PropertyValueSpecification\",\"valueRequired\":true,\"valueName\":\"search_term_string\"}}],\"inLanguage\":\"es\"},{\"@type\":\"Person\",\"@id\":\"https:\\\/\\\/www.caudete.org\\\/ayuntamiento\\\/#\\\/schema\\\/person\\\/79f7e19fdd176fc2bc7a289013dc2056\",\"name\":\"ayun\",\"image\":{\"@type\":\"ImageObject\",\"inLanguage\":\"es\",\"@id\":\"https:\\\/\\\/secure.gravatar.com\\\/avatar\\\/4ce797ee07c943e7e592f8cd648e503e6cd571387558ed07135799c2bd2847df?s=96&d=mm&r=g\",\"url\":\"https:\\\/\\\/secure.gravatar.com\\\/avatar\\\/4ce797ee07c943e7e592f8cd648e503e6cd571387558ed07135799c2bd2847df?s=96&d=mm&r=g\",\"contentUrl\":\"https:\\\/\\\/secure.gravatar.com\\\/avatar\\\/4ce797ee07c943e7e592f8cd648e503e6cd571387558ed07135799c2bd2847df?s=96&d=mm&r=g\",\"caption\":\"ayun\"},\"sameAs\":[\"http:\\\/\\\/www.caudete.org\\\/ayuntamiento\"],\"url\":\"https:\\\/\\\/www.caudete.org\\\/ayuntamiento\\\/author\\\/ayun\\\/\"}]}<\/script>\n<!-- \/ Yoast SEO plugin. -->","yoast_head_json":{"title":"S.A.T. ELECTRODOMESTICOS (SERVCIOS O TALLERES DE ASISTENCIA T\u00c9CNICA) - MI Ayuntamiento de Caudete","description":"P\u00e1gina Oficial del Ayuntamiento de Caudete (Albacete)","robots":{"index":"index","follow":"follow","max-snippet":"max-snippet:-1","max-image-preview":"max-image-preview:large","max-video-preview":"max-video-preview:-1"},"canonical":"https:\/\/www.caudete.org\/ayuntamiento\/s-a-t-electrodomesticos-servcios-o-talleres-de-asistencia-tecnica\/","og_locale":"es_ES","og_type":"article","og_title":"S.A.T. ELECTRODOMESTICOS (SERVCIOS O TALLERES DE ASISTENCIA T\u00c9CNICA) - MI Ayuntamiento de Caudete","og_description":"P\u00e1gina Oficial del Ayuntamiento de Caudete (Albacete)","og_url":"https:\/\/www.caudete.org\/ayuntamiento\/s-a-t-electrodomesticos-servcios-o-talleres-de-asistencia-tecnica\/","og_site_name":"MI Ayuntamiento de Caudete","article_publisher":"https:\/\/www.facebook.com\/ayuntamientocaudete\/","article_published_time":"2020-12-07T15:57:38+00:00","article_modified_time":"2020-12-13T17:34:56+00:00","og_image":[{"width":267,"height":200,"url":"https:\/\/www.caudete.org\/ayuntamiento\/wp-content\/uploads\/2020\/12\/omic-sat.jpg","type":"image\/jpeg"}],"author":"ayun","twitter_card":"summary_large_image","twitter_misc":{"Escrito por":"ayun","Tiempo de lectura":"6 minutos"},"schema":{"@context":"https:\/\/schema.org","@graph":[{"@type":"Article","@id":"https:\/\/www.caudete.org\/ayuntamiento\/s-a-t-electrodomesticos-servcios-o-talleres-de-asistencia-tecnica\/#article","isPartOf":{"@id":"https:\/\/www.caudete.org\/ayuntamiento\/s-a-t-electrodomesticos-servcios-o-talleres-de-asistencia-tecnica\/"},"author":{"name":"ayun","@id":"https:\/\/www.caudete.org\/ayuntamiento\/#\/schema\/person\/79f7e19fdd176fc2bc7a289013dc2056"},"headline":"S.A.T. ELECTRODOMESTICOS (SERVCIOS O TALLERES DE ASISTENCIA T\u00c9CNICA)","datePublished":"2020-12-07T15:57:38+00:00","dateModified":"2020-12-13T17:34:56+00:00","mainEntityOfPage":{"@id":"https:\/\/www.caudete.org\/ayuntamiento\/s-a-t-electrodomesticos-servcios-o-talleres-de-asistencia-tecnica\/"},"wordCount":1212,"image":{"@id":"https:\/\/www.caudete.org\/ayuntamiento\/s-a-t-electrodomesticos-servcios-o-talleres-de-asistencia-tecnica\/#primaryimage"},"thumbnailUrl":"https:\/\/www.caudete.org\/ayuntamiento\/wp-content\/uploads\/2020\/12\/omic-sat.jpg","articleSection":["omic-noticias"],"inLanguage":"es"},{"@type":"WebPage","@id":"https:\/\/www.caudete.org\/ayuntamiento\/s-a-t-electrodomesticos-servcios-o-talleres-de-asistencia-tecnica\/","url":"https:\/\/www.caudete.org\/ayuntamiento\/s-a-t-electrodomesticos-servcios-o-talleres-de-asistencia-tecnica\/","name":"S.A.T. ELECTRODOMESTICOS (SERVCIOS O TALLERES DE ASISTENCIA T\u00c9CNICA) - MI Ayuntamiento de Caudete","isPartOf":{"@id":"https:\/\/www.caudete.org\/ayuntamiento\/#website"},"primaryImageOfPage":{"@id":"https:\/\/www.caudete.org\/ayuntamiento\/s-a-t-electrodomesticos-servcios-o-talleres-de-asistencia-tecnica\/#primaryimage"},"image":{"@id":"https:\/\/www.caudete.org\/ayuntamiento\/s-a-t-electrodomesticos-servcios-o-talleres-de-asistencia-tecnica\/#primaryimage"},"thumbnailUrl":"https:\/\/www.caudete.org\/ayuntamiento\/wp-content\/uploads\/2020\/12\/omic-sat.jpg","datePublished":"2020-12-07T15:57:38+00:00","dateModified":"2020-12-13T17:34:56+00:00","author":{"@id":"https:\/\/www.caudete.org\/ayuntamiento\/#\/schema\/person\/79f7e19fdd176fc2bc7a289013dc2056"},"description":"P\u00e1gina Oficial del Ayuntamiento de Caudete (Albacete)","breadcrumb":{"@id":"https:\/\/www.caudete.org\/ayuntamiento\/s-a-t-electrodomesticos-servcios-o-talleres-de-asistencia-tecnica\/#breadcrumb"},"inLanguage":"es","potentialAction":[{"@type":"ReadAction","target":["https:\/\/www.caudete.org\/ayuntamiento\/s-a-t-electrodomesticos-servcios-o-talleres-de-asistencia-tecnica\/"]}]},{"@type":"ImageObject","inLanguage":"es","@id":"https:\/\/www.caudete.org\/ayuntamiento\/s-a-t-electrodomesticos-servcios-o-talleres-de-asistencia-tecnica\/#primaryimage","url":"https:\/\/www.caudete.org\/ayuntamiento\/wp-content\/uploads\/2020\/12\/omic-sat.jpg","contentUrl":"https:\/\/www.caudete.org\/ayuntamiento\/wp-content\/uploads\/2020\/12\/omic-sat.jpg","width":267,"height":200},{"@type":"BreadcrumbList","@id":"https:\/\/www.caudete.org\/ayuntamiento\/s-a-t-electrodomesticos-servcios-o-talleres-de-asistencia-tecnica\/#breadcrumb","itemListElement":[{"@type":"ListItem","position":1,"name":"Inicio","item":"https:\/\/www.caudete.org\/ayuntamiento\/"},{"@type":"ListItem","position":2,"name":"S.A.T. ELECTRODOMESTICOS (SERVCIOS O TALLERES DE ASISTENCIA T\u00c9CNICA)"}]},{"@type":"WebSite","@id":"https:\/\/www.caudete.org\/ayuntamiento\/#website","url":"https:\/\/www.caudete.org\/ayuntamiento\/","name":"MI Ayuntamiento de Caudete","description":"P\u00e1gina Oficial del MI Ayuntamiento de Caudete","potentialAction":[{"@type":"SearchAction","target":{"@type":"EntryPoint","urlTemplate":"https:\/\/www.caudete.org\/ayuntamiento\/?s={search_term_string}"},"query-input":{"@type":"PropertyValueSpecification","valueRequired":true,"valueName":"search_term_string"}}],"inLanguage":"es"},{"@type":"Person","@id":"https:\/\/www.caudete.org\/ayuntamiento\/#\/schema\/person\/79f7e19fdd176fc2bc7a289013dc2056","name":"ayun","image":{"@type":"ImageObject","inLanguage":"es","@id":"https:\/\/secure.gravatar.com\/avatar\/4ce797ee07c943e7e592f8cd648e503e6cd571387558ed07135799c2bd2847df?s=96&d=mm&r=g","url":"https:\/\/secure.gravatar.com\/avatar\/4ce797ee07c943e7e592f8cd648e503e6cd571387558ed07135799c2bd2847df?s=96&d=mm&r=g","contentUrl":"https:\/\/secure.gravatar.com\/avatar\/4ce797ee07c943e7e592f8cd648e503e6cd571387558ed07135799c2bd2847df?s=96&d=mm&r=g","caption":"ayun"},"sameAs":["http:\/\/www.caudete.org\/ayuntamiento"],"url":"https:\/\/www.caudete.org\/ayuntamiento\/author\/ayun\/"}]}},"_links":{"self":[{"href":"https:\/\/www.caudete.org\/ayuntamiento\/wp-json\/wp\/v2\/posts\/7607","targetHints":{"allow":["GET"]}}],"collection":[{"href":"https:\/\/www.caudete.org\/ayuntamiento\/wp-json\/wp\/v2\/posts"}],"about":[{"href":"https:\/\/www.caudete.org\/ayuntamiento\/wp-json\/wp\/v2\/types\/post"}],"author":[{"embeddable":true,"href":"https:\/\/www.caudete.org\/ayuntamiento\/wp-json\/wp\/v2\/users\/1"}],"replies":[{"embeddable":true,"href":"https:\/\/www.caudete.org\/ayuntamiento\/wp-json\/wp\/v2\/comments?post=7607"}],"version-history":[{"count":3,"href":"https:\/\/www.caudete.org\/ayuntamiento\/wp-json\/wp\/v2\/posts\/7607\/revisions"}],"predecessor-version":[{"id":9175,"href":"https:\/\/www.caudete.org\/ayuntamiento\/wp-json\/wp\/v2\/posts\/7607\/revisions\/9175"}],"wp:featuredmedia":[{"embeddable":true,"href":"https:\/\/www.caudete.org\/ayuntamiento\/wp-json\/wp\/v2\/media\/7608"}],"wp:attachment":[{"href":"https:\/\/www.caudete.org\/ayuntamiento\/wp-json\/wp\/v2\/media?parent=7607"}],"wp:term":[{"taxonomy":"category","embeddable":true,"href":"https:\/\/www.caudete.org\/ayuntamiento\/wp-json\/wp\/v2\/categories?post=7607"},{"taxonomy":"post_tag","embeddable":true,"href":"https:\/\/www.caudete.org\/ayuntamiento\/wp-json\/wp\/v2\/tags?post=7607"}],"curies":[{"name":"wp","href":"https:\/\/api.w.org\/{rel}","templated":true}]}}