{"id":7613,"date":"2020-12-07T17:01:53","date_gmt":"2020-12-07T16:01:53","guid":{"rendered":"http:\/\/www.caudete.org\/ayuntamiento\/?p=7613"},"modified":"2020-12-13T18:32:41","modified_gmt":"2020-12-13T17:32:41","slug":"en-rebajas-con-todo-el-derecho","status":"publish","type":"post","link":"https:\/\/www.caudete.org\/ayuntamiento\/en-rebajas-con-todo-el-derecho\/","title":{"rendered":"En rebajas, con todo el derecho"},"content":{"rendered":"<p>Los derechos, la calidad y las garant\u00edas no deben sufrir ning\u00fan tipo de merma en esta \u00e9poca<\/p>\n<p style=\"text-align: justify;\">Ni corbatas, ni perfumes. Con la crisis, para muchos espa\u00f1oles, el mejor regalo con el que han podido premiarles sus majestades los Reyes Magos de Oriente es con un peque\u00f1o sobre de dinero en efectivo. Su destino est\u00e1 claro: se gastar\u00e1 en esta nueva temporada de rebajas de inicios de a\u00f1o. Esperar a ver precios m\u00e1s asequibles para darse alg\u00fan capricho es una pr\u00e1ctica cada vez m\u00e1s generalizada en estos tiempos de econom\u00eda convulsa. Y ser\u00e1 posible ya que, ante la debilidad del consumo, muchos comercios mostrar\u00e1n descuentos de hasta el 70% sobre el precio original, seg\u00fan previsiones de la Confederaci\u00f3n Espa\u00f1ola de Consumo. Sin embargo, el descuento en los productos no debe venir asociado con una merma de calidad ni, por supuesto, de los derechos de los consumidores. En algunas ocasiones, los comerciantes exprimen al m\u00e1ximo la fuerza de ventas que se deriva de colgar un gran cartel con la palabra m\u00e1gica de &#8220;rebajas&#8221; para atraerse \u00e1vidos compradores. Pero, conviene recordar que las rebajas no deben relacionarse con productos defectuosos o de &#8220;outlet&#8221; (que pueden conseguirse m\u00e1s baratos en cualquier \u00e9poca del a\u00f1o), promociones o liquidaciones. Unas verdaderas rebajas solo deben afectar al precio, no a la calidad de los art\u00edculos ni a los derechos de los consumidores. He aqu\u00ed un peque\u00f1o dec\u00e1logo para no perder la cabeza ante la publicidad de descuentos y afrontar las rebajas con cabeza y con las ideas claras. \u00bfQu\u00e9 se puede exigir?, \u00bfqu\u00e9 dice la ley sobre la pol\u00edtica de los comercios en este periodo?, \u00bfcu\u00e1ndo y qu\u00e9 se puede reclamar?<\/p>\n<p style=\"text-align: justify;\"><b>Calcule el precio final:<\/b>\u00a1ojo con el nuevo IVA!. Como ya ocurri\u00f3 en el verano de 2010, muchos comerciantes tratar\u00e1n de atraerse compradores en estas nuevas rebajas de enero de 2011 mostrando en su publicidad que no repercutir\u00e1n la subida del impuesto en sus productos. Sin embargo, puede ser una mera argucia de ventas. En realidad, las dificultades econ\u00f3micas del momento hacen que muchas empresas no puedan asumir el coste del nuevo IVA y deban trasladarlo debidamente a los consumidores. No conviene dejarse llevar por el porcentaje de descuento anunciado a bombo y platillo sobre el bien rebajado. Hay que estar al tanto del verdadero precio final. En algunos comercios (por ejemplo en venta de electrodom\u00e9sticos o muebles para el hogar) no existe todav\u00eda la obligaci\u00f3n de exponer el precio final con IVA y ser\u00e1 el consumidor quien deba calcularlo.<\/p>\n<p style=\"text-align: justify;\"><b>Rebajas, no saldos ni promociones.<\/b>Para comenzar, lo primero que expone la legislaci\u00f3n es que los productos que se vendan bajo la categor\u00eda de rebajados tienen que haber formado parte de la oferta habitual del comercio durante, al menos, un mes, deben contar con la misma calidad que antes y deben mostrar su precio original y el nuevo precio rebajado. No se considerar\u00e1n productos rebajados aquellos que se saquen expresamente a la venta para la ocasi\u00f3n. El consumidor debe saber, de este modo, que el comerciante no podr\u00e1 venderle como productos rebajados saldos, es decir, bienes defectuosos, deteriorados o pasados de moda (los denominados outlets), ni productos en promoci\u00f3n.<\/p>\n<p style=\"text-align: justify;\"><b>Conviene observar si en el establecimiento hay indicaciones expresas para la \u00e9poca de rebajas: aceptaci\u00f3n o no del pago con tarjeta, devoluci\u00f3n de los productos&#8230;<\/b><\/p>\n<p style=\"text-align: justify;\"><b>Calidad 100%.<\/b>Para no llevar a enga\u00f1os al comprador, las tiendas deben especificar qu\u00e9 tipo de prendas u objetos son espec\u00edficamente los rebajados y cu\u00e1les son los saldos, las promociones o las liquidaciones (es decir, aquellas ventas excepcionales que pueden ofrecerse a menor precio del habitual por cierre temporal o definitivo del negocio). En definitiva, los art\u00edculos rebajados deben tener la misma calidad que cuando se vend\u00edan a su precio original que, en cualquier caso, debe mostrarse en su etiquetado.<\/p>\n<p style=\"text-align: justify;\"><b>Precios escritos a mano, bajo sospecha.<\/b>Un indicio de conducta fraudulenta por parte del comerciante puede ser escribir manualmente el precio de sus art\u00edculos. Si as\u00ed ocurre, es muy f\u00e1cil &#8220;engordar&#8221; el precio inicial de venta y mostrar como rebajado la misma cantidad con la que realmente se estaba vendiendo el art\u00edculo antes de iniciarse el periodo de descuentos. En muchas ocasiones, es f\u00e1cil comprobar que un producto sigue manteniendo el precio de venta anterior al periodo de rebajas ya que, con cierta picaresca, el comerciante ha cambiado su etiqueta para elevar el precio inicial y exponer como rebajado su antiguo precio.<\/p>\n<p style=\"text-align: justify;\"><b>Informarse antes de comprar.<\/b>Al igual que la calidad de los productos, lo que no debe modificarse en el periodo de rebajas es la pol\u00edtica de ventas del comercio. No obstante, es posible que el comercio modifique ciertas pautas, sin estar por ello cometiendo ning\u00fan tipo de infracci\u00f3n. Para no llevarse a enga\u00f1os, conviene observar si en el establecimiento hay indicaciones expresas para la \u00e9poca de rebajas, acerca de la aceptaci\u00f3n o no del pago con tarjeta, de la devoluci\u00f3n de los productos, de la posibilidad de recuperar el dinero, del plazo de aceptaci\u00f3n de cambios&#8230;<\/p>\n<p style=\"text-align: justify;\"><b>El derecho a la devoluci\u00f3n.<\/b>En este terreno, sin embargo, las diferencias entre comercios pueden ser muy notables. La legislaci\u00f3n deja v\u00eda libre a las empresas para fijar sus pautas de actuaci\u00f3n y no obliga a aceptar la devoluci\u00f3n de ning\u00fan producto, salvo que est\u00e9 defectuoso. Sin embargo, en los \u00faltimos a\u00f1os, s\u00ed que se ha extendido masivamente la devoluci\u00f3n (incluso por el dinero en efectivo) como forma de fidelizar y atraerse usuarios. Una buena pr\u00e1ctica por parte del comerciante ser\u00e1 aceptar las devoluciones en periodo de rebajas si as\u00ed lo hace durante el resto del a\u00f1o. No es de recibo que cambie sus propias normas de forma arbitraria. No es, al menos, una buena estrategia comercial para ganar clientes, aunque legalmente puede aplicar la pol\u00edtica de devoluciones que desee a su antojo. Ante la duda, lo apropiado antes de adquirir un bien en rebajas es preguntar sobre la posibilidad de devolverlo. Para hacerlo con todas las de la ley, en todo caso, el bien deber\u00e1 conservar su etiquetado y envoltorio original y el consumidor deber\u00e1 presentar el correspondiente ticket de venta.<\/p>\n<p style=\"text-align: justify;\"><b>Devoluciones al precio original, no al rebajado.<\/b>En cualquier caso, si el vendedor admite las devoluciones, incluso en periodo de rebajas, la ley reconoce que no puede pedir una indemnizaci\u00f3n por el desgaste que pueda sufrir el bien mientras se prueba y el cliente decide si le satisface o no. Es decir, que si un comercio admite una devoluci\u00f3n, debe reembolsar el precio que el producto ten\u00eda cuando fue comprado y no el precio que marca en periodo de rebajas. Si se compra antes de que empiecen las rebajas y se devuelve cuando ya han comenzado, no debe admitir que le den menos de lo que pag\u00f3 en su d\u00eda.<\/p>\n<p style=\"text-align: justify;\"><b>Pago con tarjeta.<\/b>En rebajas, como el resto del a\u00f1o, si un establecimiento admite el pago con tarjeta, debe hacerlo tambi\u00e9n en este periodo. En cualquier caso, la ley no establece una pauta general en este terreno. Cada comercio goza de libertad de actuaci\u00f3n. Por tanto, es posible que no la acepten pero, para ello, deben anunciarlo de forma bien visible con alg\u00fan tipo de cartel. No obstante, lo que no deben hacer los comerciantes es obligar al cliente a pagar un recargo por pagar con la tarjeta durante las rebajas.<\/p>\n<p style=\"text-align: justify;\"><b>Garant\u00edas v\u00e1lidas.<\/b>Ning\u00fan comercio puede anular o quitar las garant\u00edas de un producto con la excusa de que est\u00e1 rebajado.<\/p>\n<p style=\"text-align: justify;\"><b>Los productos rebajados tienen que haber formado parte de la oferta del comercio durante, al menos, un mes.<\/b><\/p>\n<p style=\"text-align: justify;\"><b>La fuerza de la reclamaci\u00f3n.<\/b>Si el consumidor descubre que el comerciante no est\u00e1 actuando de acuerdo a la ley, est\u00e1 en todo su derecho de exigir una hoja de reclamaciones que, cumplimentada debidamente, llegar\u00e1 hasta las instituciones competentes (la Direcci\u00f3n General de Consumo, las oficinas municipales&#8230;). Antes de llegar a este extremo, es \u00fatil comunicar al comerciante el malestar e intentar pactar una soluci\u00f3n. Por lo general, si el vendedor ha actuado de forma fraudulenta, preferir\u00e1 negociar una rebaja sustancial en el art\u00edculo para dejar satisfecho al comprador y evitar la presentaci\u00f3n de la reclamaci\u00f3n, lo que podr\u00eda derivar en el pago de una sustanciosa multa. En cualquier caso, si el vendedor se niega a dar o no dispone de hojas de reclamaciones, el ciudadano puede solicitar la asistencia de la polic\u00eda local para que levante acta del hecho y trate de encontrar una soluci\u00f3n al conflicto. En este sentido, es interesante saber que los establecimientos adheridos al sistema arbitral de consumo ofrecen m\u00e1s garant\u00edas al comprador. Ante una posible reclamaci\u00f3n, se prestan a resolver el conflicto con el cliente de forma m\u00e1s r\u00e1pida y gratuita, mediante la intervenci\u00f3n de un \u00e1rbitro acreditado ante la Junta Arbitral de Consumo.<\/p>\n","protected":false},"excerpt":{"rendered":"<p>Los derechos, la calidad y las garant\u00edas no deben sufrir ning\u00fan tipo de merma en esta \u00e9poca Ni corbatas, ni perfumes. Con la crisis, para muchos espa\u00f1oles, el mejor regalo con el que han podido premiarles sus majestades los Reyes Magos de Oriente es con un peque\u00f1o sobre de dinero en efectivo. Su destino est\u00e1 &hellip;<\/p>\n","protected":false},"author":1,"featured_media":7614,"comment_status":"closed","ping_status":"open","sticky":false,"template":"","format":"standard","meta":{"ngg_post_thumbnail":0,"footnotes":""},"categories":[110],"tags":[],"class_list":["post-7613","post","type-post","status-publish","format-standard","has-post-thumbnail","hentry","category-omic-noticias"],"yoast_head":"<!-- This site is optimized with the Yoast SEO plugin v27.5 - https:\/\/yoast.com\/product\/yoast-seo-wordpress\/ -->\n<title>En rebajas, con todo el derecho - MI Ayuntamiento de Caudete<\/title>\n<meta name=\"description\" content=\"P\u00e1gina Oficial del Ayuntamiento de Caudete (Albacete)\" \/>\n<meta name=\"robots\" content=\"index, follow, max-snippet:-1, max-image-preview:large, max-video-preview:-1\" \/>\n<link rel=\"canonical\" href=\"https:\/\/www.caudete.org\/ayuntamiento\/en-rebajas-con-todo-el-derecho\/\" \/>\n<meta property=\"og:locale\" content=\"es_ES\" \/>\n<meta property=\"og:type\" content=\"article\" \/>\n<meta property=\"og:title\" content=\"En rebajas, con todo el derecho - MI Ayuntamiento de Caudete\" \/>\n<meta property=\"og:description\" content=\"P\u00e1gina Oficial del Ayuntamiento de Caudete (Albacete)\" \/>\n<meta property=\"og:url\" content=\"https:\/\/www.caudete.org\/ayuntamiento\/en-rebajas-con-todo-el-derecho\/\" \/>\n<meta property=\"og:site_name\" content=\"MI Ayuntamiento de Caudete\" \/>\n<meta property=\"article:publisher\" content=\"https:\/\/www.facebook.com\/ayuntamientocaudete\/\" \/>\n<meta property=\"article:published_time\" content=\"2020-12-07T16:01:53+00:00\" \/>\n<meta property=\"article:modified_time\" content=\"2020-12-13T17:32:41+00:00\" \/>\n<meta property=\"og:image\" content=\"https:\/\/www.caudete.org\/ayuntamiento\/wp-content\/uploads\/2020\/12\/omic-rebajas.jpg\" \/>\n\t<meta property=\"og:image:width\" content=\"225\" \/>\n\t<meta property=\"og:image:height\" content=\"225\" \/>\n\t<meta property=\"og:image:type\" content=\"image\/jpeg\" \/>\n<meta name=\"author\" content=\"ayun\" \/>\n<meta name=\"twitter:card\" content=\"summary_large_image\" \/>\n<meta name=\"twitter:label1\" content=\"Escrito por\" \/>\n\t<meta name=\"twitter:data1\" content=\"ayun\" \/>\n\t<meta name=\"twitter:label2\" content=\"Tiempo de lectura\" \/>\n\t<meta name=\"twitter:data2\" content=\"8 minutos\" \/>\n<script type=\"application\/ld+json\" class=\"yoast-schema-graph\">{\"@context\":\"https:\\\/\\\/schema.org\",\"@graph\":[{\"@type\":\"Article\",\"@id\":\"https:\\\/\\\/www.caudete.org\\\/ayuntamiento\\\/en-rebajas-con-todo-el-derecho\\\/#article\",\"isPartOf\":{\"@id\":\"https:\\\/\\\/www.caudete.org\\\/ayuntamiento\\\/en-rebajas-con-todo-el-derecho\\\/\"},\"author\":{\"name\":\"ayun\",\"@id\":\"https:\\\/\\\/www.caudete.org\\\/ayuntamiento\\\/#\\\/schema\\\/person\\\/79f7e19fdd176fc2bc7a289013dc2056\"},\"headline\":\"En rebajas, con todo el derecho\",\"datePublished\":\"2020-12-07T16:01:53+00:00\",\"dateModified\":\"2020-12-13T17:32:41+00:00\",\"mainEntityOfPage\":{\"@id\":\"https:\\\/\\\/www.caudete.org\\\/ayuntamiento\\\/en-rebajas-con-todo-el-derecho\\\/\"},\"wordCount\":1540,\"image\":{\"@id\":\"https:\\\/\\\/www.caudete.org\\\/ayuntamiento\\\/en-rebajas-con-todo-el-derecho\\\/#primaryimage\"},\"thumbnailUrl\":\"https:\\\/\\\/www.caudete.org\\\/ayuntamiento\\\/wp-content\\\/uploads\\\/2020\\\/12\\\/omic-rebajas.jpg\",\"articleSection\":[\"omic-noticias\"],\"inLanguage\":\"es\"},{\"@type\":\"WebPage\",\"@id\":\"https:\\\/\\\/www.caudete.org\\\/ayuntamiento\\\/en-rebajas-con-todo-el-derecho\\\/\",\"url\":\"https:\\\/\\\/www.caudete.org\\\/ayuntamiento\\\/en-rebajas-con-todo-el-derecho\\\/\",\"name\":\"En rebajas, con todo el derecho - MI Ayuntamiento de Caudete\",\"isPartOf\":{\"@id\":\"https:\\\/\\\/www.caudete.org\\\/ayuntamiento\\\/#website\"},\"primaryImageOfPage\":{\"@id\":\"https:\\\/\\\/www.caudete.org\\\/ayuntamiento\\\/en-rebajas-con-todo-el-derecho\\\/#primaryimage\"},\"image\":{\"@id\":\"https:\\\/\\\/www.caudete.org\\\/ayuntamiento\\\/en-rebajas-con-todo-el-derecho\\\/#primaryimage\"},\"thumbnailUrl\":\"https:\\\/\\\/www.caudete.org\\\/ayuntamiento\\\/wp-content\\\/uploads\\\/2020\\\/12\\\/omic-rebajas.jpg\",\"datePublished\":\"2020-12-07T16:01:53+00:00\",\"dateModified\":\"2020-12-13T17:32:41+00:00\",\"author\":{\"@id\":\"https:\\\/\\\/www.caudete.org\\\/ayuntamiento\\\/#\\\/schema\\\/person\\\/79f7e19fdd176fc2bc7a289013dc2056\"},\"description\":\"P\u00e1gina Oficial del Ayuntamiento de Caudete (Albacete)\",\"breadcrumb\":{\"@id\":\"https:\\\/\\\/www.caudete.org\\\/ayuntamiento\\\/en-rebajas-con-todo-el-derecho\\\/#breadcrumb\"},\"inLanguage\":\"es\",\"potentialAction\":[{\"@type\":\"ReadAction\",\"target\":[\"https:\\\/\\\/www.caudete.org\\\/ayuntamiento\\\/en-rebajas-con-todo-el-derecho\\\/\"]}]},{\"@type\":\"ImageObject\",\"inLanguage\":\"es\",\"@id\":\"https:\\\/\\\/www.caudete.org\\\/ayuntamiento\\\/en-rebajas-con-todo-el-derecho\\\/#primaryimage\",\"url\":\"https:\\\/\\\/www.caudete.org\\\/ayuntamiento\\\/wp-content\\\/uploads\\\/2020\\\/12\\\/omic-rebajas.jpg\",\"contentUrl\":\"https:\\\/\\\/www.caudete.org\\\/ayuntamiento\\\/wp-content\\\/uploads\\\/2020\\\/12\\\/omic-rebajas.jpg\",\"width\":225,\"height\":225},{\"@type\":\"BreadcrumbList\",\"@id\":\"https:\\\/\\\/www.caudete.org\\\/ayuntamiento\\\/en-rebajas-con-todo-el-derecho\\\/#breadcrumb\",\"itemListElement\":[{\"@type\":\"ListItem\",\"position\":1,\"name\":\"Inicio\",\"item\":\"https:\\\/\\\/www.caudete.org\\\/ayuntamiento\\\/\"},{\"@type\":\"ListItem\",\"position\":2,\"name\":\"En rebajas, con todo el derecho\"}]},{\"@type\":\"WebSite\",\"@id\":\"https:\\\/\\\/www.caudete.org\\\/ayuntamiento\\\/#website\",\"url\":\"https:\\\/\\\/www.caudete.org\\\/ayuntamiento\\\/\",\"name\":\"MI Ayuntamiento de Caudete\",\"description\":\"P\u00e1gina Oficial del MI Ayuntamiento de Caudete\",\"potentialAction\":[{\"@type\":\"SearchAction\",\"target\":{\"@type\":\"EntryPoint\",\"urlTemplate\":\"https:\\\/\\\/www.caudete.org\\\/ayuntamiento\\\/?s={search_term_string}\"},\"query-input\":{\"@type\":\"PropertyValueSpecification\",\"valueRequired\":true,\"valueName\":\"search_term_string\"}}],\"inLanguage\":\"es\"},{\"@type\":\"Person\",\"@id\":\"https:\\\/\\\/www.caudete.org\\\/ayuntamiento\\\/#\\\/schema\\\/person\\\/79f7e19fdd176fc2bc7a289013dc2056\",\"name\":\"ayun\",\"image\":{\"@type\":\"ImageObject\",\"inLanguage\":\"es\",\"@id\":\"https:\\\/\\\/secure.gravatar.com\\\/avatar\\\/4ce797ee07c943e7e592f8cd648e503e6cd571387558ed07135799c2bd2847df?s=96&d=mm&r=g\",\"url\":\"https:\\\/\\\/secure.gravatar.com\\\/avatar\\\/4ce797ee07c943e7e592f8cd648e503e6cd571387558ed07135799c2bd2847df?s=96&d=mm&r=g\",\"contentUrl\":\"https:\\\/\\\/secure.gravatar.com\\\/avatar\\\/4ce797ee07c943e7e592f8cd648e503e6cd571387558ed07135799c2bd2847df?s=96&d=mm&r=g\",\"caption\":\"ayun\"},\"sameAs\":[\"http:\\\/\\\/www.caudete.org\\\/ayuntamiento\"],\"url\":\"https:\\\/\\\/www.caudete.org\\\/ayuntamiento\\\/author\\\/ayun\\\/\"}]}<\/script>\n<!-- \/ Yoast SEO plugin. -->","yoast_head_json":{"title":"En rebajas, con todo el derecho - MI Ayuntamiento de Caudete","description":"P\u00e1gina Oficial del Ayuntamiento de Caudete (Albacete)","robots":{"index":"index","follow":"follow","max-snippet":"max-snippet:-1","max-image-preview":"max-image-preview:large","max-video-preview":"max-video-preview:-1"},"canonical":"https:\/\/www.caudete.org\/ayuntamiento\/en-rebajas-con-todo-el-derecho\/","og_locale":"es_ES","og_type":"article","og_title":"En rebajas, con todo el derecho - MI Ayuntamiento de Caudete","og_description":"P\u00e1gina Oficial del Ayuntamiento de Caudete (Albacete)","og_url":"https:\/\/www.caudete.org\/ayuntamiento\/en-rebajas-con-todo-el-derecho\/","og_site_name":"MI Ayuntamiento de Caudete","article_publisher":"https:\/\/www.facebook.com\/ayuntamientocaudete\/","article_published_time":"2020-12-07T16:01:53+00:00","article_modified_time":"2020-12-13T17:32:41+00:00","og_image":[{"width":225,"height":225,"url":"https:\/\/www.caudete.org\/ayuntamiento\/wp-content\/uploads\/2020\/12\/omic-rebajas.jpg","type":"image\/jpeg"}],"author":"ayun","twitter_card":"summary_large_image","twitter_misc":{"Escrito por":"ayun","Tiempo de lectura":"8 minutos"},"schema":{"@context":"https:\/\/schema.org","@graph":[{"@type":"Article","@id":"https:\/\/www.caudete.org\/ayuntamiento\/en-rebajas-con-todo-el-derecho\/#article","isPartOf":{"@id":"https:\/\/www.caudete.org\/ayuntamiento\/en-rebajas-con-todo-el-derecho\/"},"author":{"name":"ayun","@id":"https:\/\/www.caudete.org\/ayuntamiento\/#\/schema\/person\/79f7e19fdd176fc2bc7a289013dc2056"},"headline":"En rebajas, con todo el derecho","datePublished":"2020-12-07T16:01:53+00:00","dateModified":"2020-12-13T17:32:41+00:00","mainEntityOfPage":{"@id":"https:\/\/www.caudete.org\/ayuntamiento\/en-rebajas-con-todo-el-derecho\/"},"wordCount":1540,"image":{"@id":"https:\/\/www.caudete.org\/ayuntamiento\/en-rebajas-con-todo-el-derecho\/#primaryimage"},"thumbnailUrl":"https:\/\/www.caudete.org\/ayuntamiento\/wp-content\/uploads\/2020\/12\/omic-rebajas.jpg","articleSection":["omic-noticias"],"inLanguage":"es"},{"@type":"WebPage","@id":"https:\/\/www.caudete.org\/ayuntamiento\/en-rebajas-con-todo-el-derecho\/","url":"https:\/\/www.caudete.org\/ayuntamiento\/en-rebajas-con-todo-el-derecho\/","name":"En rebajas, con todo el derecho - MI Ayuntamiento de Caudete","isPartOf":{"@id":"https:\/\/www.caudete.org\/ayuntamiento\/#website"},"primaryImageOfPage":{"@id":"https:\/\/www.caudete.org\/ayuntamiento\/en-rebajas-con-todo-el-derecho\/#primaryimage"},"image":{"@id":"https:\/\/www.caudete.org\/ayuntamiento\/en-rebajas-con-todo-el-derecho\/#primaryimage"},"thumbnailUrl":"https:\/\/www.caudete.org\/ayuntamiento\/wp-content\/uploads\/2020\/12\/omic-rebajas.jpg","datePublished":"2020-12-07T16:01:53+00:00","dateModified":"2020-12-13T17:32:41+00:00","author":{"@id":"https:\/\/www.caudete.org\/ayuntamiento\/#\/schema\/person\/79f7e19fdd176fc2bc7a289013dc2056"},"description":"P\u00e1gina Oficial del Ayuntamiento de Caudete (Albacete)","breadcrumb":{"@id":"https:\/\/www.caudete.org\/ayuntamiento\/en-rebajas-con-todo-el-derecho\/#breadcrumb"},"inLanguage":"es","potentialAction":[{"@type":"ReadAction","target":["https:\/\/www.caudete.org\/ayuntamiento\/en-rebajas-con-todo-el-derecho\/"]}]},{"@type":"ImageObject","inLanguage":"es","@id":"https:\/\/www.caudete.org\/ayuntamiento\/en-rebajas-con-todo-el-derecho\/#primaryimage","url":"https:\/\/www.caudete.org\/ayuntamiento\/wp-content\/uploads\/2020\/12\/omic-rebajas.jpg","contentUrl":"https:\/\/www.caudete.org\/ayuntamiento\/wp-content\/uploads\/2020\/12\/omic-rebajas.jpg","width":225,"height":225},{"@type":"BreadcrumbList","@id":"https:\/\/www.caudete.org\/ayuntamiento\/en-rebajas-con-todo-el-derecho\/#breadcrumb","itemListElement":[{"@type":"ListItem","position":1,"name":"Inicio","item":"https:\/\/www.caudete.org\/ayuntamiento\/"},{"@type":"ListItem","position":2,"name":"En rebajas, con todo el derecho"}]},{"@type":"WebSite","@id":"https:\/\/www.caudete.org\/ayuntamiento\/#website","url":"https:\/\/www.caudete.org\/ayuntamiento\/","name":"MI Ayuntamiento de Caudete","description":"P\u00e1gina Oficial del MI Ayuntamiento de Caudete","potentialAction":[{"@type":"SearchAction","target":{"@type":"EntryPoint","urlTemplate":"https:\/\/www.caudete.org\/ayuntamiento\/?s={search_term_string}"},"query-input":{"@type":"PropertyValueSpecification","valueRequired":true,"valueName":"search_term_string"}}],"inLanguage":"es"},{"@type":"Person","@id":"https:\/\/www.caudete.org\/ayuntamiento\/#\/schema\/person\/79f7e19fdd176fc2bc7a289013dc2056","name":"ayun","image":{"@type":"ImageObject","inLanguage":"es","@id":"https:\/\/secure.gravatar.com\/avatar\/4ce797ee07c943e7e592f8cd648e503e6cd571387558ed07135799c2bd2847df?s=96&d=mm&r=g","url":"https:\/\/secure.gravatar.com\/avatar\/4ce797ee07c943e7e592f8cd648e503e6cd571387558ed07135799c2bd2847df?s=96&d=mm&r=g","contentUrl":"https:\/\/secure.gravatar.com\/avatar\/4ce797ee07c943e7e592f8cd648e503e6cd571387558ed07135799c2bd2847df?s=96&d=mm&r=g","caption":"ayun"},"sameAs":["http:\/\/www.caudete.org\/ayuntamiento"],"url":"https:\/\/www.caudete.org\/ayuntamiento\/author\/ayun\/"}]}},"_links":{"self":[{"href":"https:\/\/www.caudete.org\/ayuntamiento\/wp-json\/wp\/v2\/posts\/7613","targetHints":{"allow":["GET"]}}],"collection":[{"href":"https:\/\/www.caudete.org\/ayuntamiento\/wp-json\/wp\/v2\/posts"}],"about":[{"href":"https:\/\/www.caudete.org\/ayuntamiento\/wp-json\/wp\/v2\/types\/post"}],"author":[{"embeddable":true,"href":"https:\/\/www.caudete.org\/ayuntamiento\/wp-json\/wp\/v2\/users\/1"}],"replies":[{"embeddable":true,"href":"https:\/\/www.caudete.org\/ayuntamiento\/wp-json\/wp\/v2\/comments?post=7613"}],"version-history":[{"count":3,"href":"https:\/\/www.caudete.org\/ayuntamiento\/wp-json\/wp\/v2\/posts\/7613\/revisions"}],"predecessor-version":[{"id":9172,"href":"https:\/\/www.caudete.org\/ayuntamiento\/wp-json\/wp\/v2\/posts\/7613\/revisions\/9172"}],"wp:featuredmedia":[{"embeddable":true,"href":"https:\/\/www.caudete.org\/ayuntamiento\/wp-json\/wp\/v2\/media\/7614"}],"wp:attachment":[{"href":"https:\/\/www.caudete.org\/ayuntamiento\/wp-json\/wp\/v2\/media?parent=7613"}],"wp:term":[{"taxonomy":"category","embeddable":true,"href":"https:\/\/www.caudete.org\/ayuntamiento\/wp-json\/wp\/v2\/categories?post=7613"},{"taxonomy":"post_tag","embeddable":true,"href":"https:\/\/www.caudete.org\/ayuntamiento\/wp-json\/wp\/v2\/tags?post=7613"}],"curies":[{"name":"wp","href":"https:\/\/api.w.org\/{rel}","templated":true}]}}