{"id":7634,"date":"2020-12-07T17:22:38","date_gmt":"2020-12-07T16:22:38","guid":{"rendered":"http:\/\/www.caudete.org\/ayuntamiento\/?p=7634"},"modified":"2020-12-13T12:47:29","modified_gmt":"2020-12-13T11:47:29","slug":"diferencias-entre-fecha-de-caducidad-y-consumo-preferente","status":"publish","type":"post","link":"https:\/\/www.caudete.org\/ayuntamiento\/diferencias-entre-fecha-de-caducidad-y-consumo-preferente\/","title":{"rendered":"Diferencias entre fecha de caducidad y consumo preferente"},"content":{"rendered":"<h5 style=\"text-align: justify;\">La fecha de caducidad indica cu\u00e1ndo el producto no es seguro, mientras que la del consumo preferente se\u00f1ala un descenso de la calidad, no de la seguridad<\/h5>\n<p style=\"text-align: justify;\">Fecha de caducidad y consumo preferente son dos conceptos que no deben confundirse. Mientras la primera advierte sobre el d\u00eda l\u00edmite a partir del cual el alimento no es adecuado para el consumo desde el punto de vista sanitario, el consumo preferente hace referencia al tiempo en el que el producto mantiene intactas sus propiedades, sin que su ingesta suponga un riesgo para la salud. La diferencia parece clara y, sin embargo, no lo es tanto.<br \/>\nLos consumidores no hacen distinciones entre fecha de caducidad y consumo preferente y desechan el alimento que ha sobrepasado la fecha establecida. Tampoco gestionan de forma adecuada sus recursos con la planificaci\u00f3n, el almacenamiento y la administraci\u00f3n correcta de los alimentos. El resultado es un p\u00e9simo manejo de los recursos alimenticios, ya que se desperdician 8,3 millones de toneladas de alimentos y bebidas, que acaban cada a\u00f1o en la basura.<\/p>\n<p style=\"text-align: justify;\"><b>La verdad sobre la vida \u00fatil de un alimento <\/b><br \/>\nLa confusi\u00f3n parece radicar en el propio formato de las leyendas en las etiquetas: una fecha, bien d\u00eda y mes o mes y a\u00f1o o a\u00f1o, que el consumidor relaciona con fecha l\u00edmite a partir de la cual el alimento no debe consumirse, pero sin reparar en la frase que la precede: &#8220;fecha de consumo preferente&#8221; o &#8220;fecha de caducidad&#8221;. Ante la duda, se tiende a desechar el producto, pero en todo caso, esto solo deber\u00eda ser as\u00ed para la fecha de caducidad, es decir, cuando se ha rebasado el l\u00edmite de seguridad a partir del cual el alimento puede suponer un riesgo para la salud.<br \/>\nRespecto a la definici\u00f3n correcta de ambos conceptos, para aclarar m\u00e1s sus diferencias, es la siguiente:<\/p>\n<p style=\"text-align: justify;\"><b>Fecha de caducidad:<\/b>a partir de ella, el producto no se debe ingerir, ya que no es adecuado para el consumo. No obstante, se puede consumir el producto hasta el mismo d\u00eda en el que aparece la fecha. Se utiliza en productos muy perecederos desde el punto de vista microbiol\u00f3gico:<b>pasteurizados<\/b>(leche, yogur, cremas), carnes o <b>envasados al vac\u00edo<\/b>. Son alimentos de elevado riesgo que pueden suponer un peligro para la salud tras un periodo corto de tiempo. Se indicar\u00e1 la leyenda &#8220;Fecha de caducidad&#8221; seguida de la fecha (o la indicaci\u00f3n del lugar donde se especifica), que consistir\u00e1 en d\u00eda, mes y a\u00f1o, en este orden. Estas informaciones deber\u00e1n completarse con una descripci\u00f3n de las condiciones de conservaci\u00f3n del alimento.<br \/>\n<b>Consumo preferente:<\/b>tiempo en el cual el producto sin abrir mantiene sus propiedades en condiciones adecuadas de conservaci\u00f3n. Pasada esta fecha, la calidad del producto puede disminuir, pero en ning\u00fan caso conlleva problemas para la salud. Se utiliza en alimentos con poca agua (aceite, legumbres, cereales),<b>deshidratados <\/b>(pur\u00e9s, sopas), esterilizados (latas, cajas de leche) y en huevos. La fecha de consumo preferente o duraci\u00f3n m\u00ednima de un alimento es la fecha hasta la cual el producto mantiene sus propiedades espec\u00edficas, siempre que se guarde en condiciones de conservaci\u00f3n adecuadas. Se comunicar\u00e1 precedida de &#8220;consumir preferentemente antes del&#8230;&#8221;, cuando se especifique el d\u00eda, o &#8220;consumir preferentemente antes del fin de o de finales de&#8230;&#8221;, en los dem\u00e1s casos. Si fuera preciso, esta informaci\u00f3n deber\u00e1 completarse con las condiciones de conservaci\u00f3n que deben respetarse para asegurar la duraci\u00f3n indicada. La fecha estar\u00e1 compuesta por la indicaci\u00f3n clara y ordenada de d\u00eda, mes y a\u00f1o. No obstante, en los alimentos cuya duraci\u00f3n sea inferior a tres meses, bastar\u00e1 con indicar d\u00eda y mes. Para intervalos de duraci\u00f3n entre tres y dieciocho meses, bastar\u00e1 indicar mes y a\u00f1o. Por \u00faltimo, para alimentos cuya duraci\u00f3n supere los dieciocho meses, bastar\u00e1 con indicar el a\u00f1o.<\/p>\n<p style=\"text-align: justify;\">Algunos alimentos no requieren indicaciones de fecha de duraci\u00f3n, como <b>frutas y hortalizas frescas<\/b>sin procesar, vinos, productos de panader\u00eda de consumo inmediato, sal de cocina y vinagres, az\u00facar, productos de confiter\u00eda elaborados casi de forma exclusiva con este ingrediente o gomas de mascar.<br \/>\nEn ambos casos, caducidad y consumo preferente, la fecha indica el momento concreto en que termina el per\u00edodo de comercializaci\u00f3n de un producto y, por tanto, de su retirada de las estanter\u00edas. Conviene saber que si una persona adquiere un alimento &#8220;pasado de fecha&#8221; tiene derecho a que el vendedor se lo restituya por uno cuya fecha de caducidad o de consumo preferente no haya pasado.<br \/>\nLa normativa vigente relativa al etiquetado y presentaci\u00f3n de productos alimenticios (Real Decreto 1334\/1999 begin_of_the_skype_highlighting&nbsp;&nbsp;&nbsp;&nbsp;&nbsp;&nbsp;&nbsp;&nbsp;&nbsp;&nbsp;&nbsp;&nbsp;&nbsp;&nbsp;1334\/1999&nbsp;&nbsp;&nbsp;&nbsp;&nbsp;&nbsp;end_of_the_skype_highlighting ) establece la obligatoriedad de incluir en el etiquetado del alimento la informaci\u00f3n relativa a la vida \u00fatil del producto, entendida como el tiempo que transcurre desde su elaboraci\u00f3n hasta su deterioro, y determinar el per\u00edodo anterior a la fecha de duraci\u00f3n m\u00ednima (consumo preferente) o a la fecha de caducidad.<\/p>\n<p style=\"text-align: justify;\"><b>\u00bfY si ya se ha abierto el envase? <\/b><br \/>\nLas fechas de conservaci\u00f3n, tanto de caducidad como de consumo preferente, est\u00e1n establecidas por el fabricante seg\u00fan estrictos criterios sanitarios y de calidad en unas condiciones de conservaci\u00f3n est\u00e1ndar (temperatura, humedad, luz solar) recomendadas en el envase. Si estos par\u00e1metros no se cumplen, la vida del producto se acorta de forma ostensible. Tambi\u00e9n si el envase protector est\u00e1 deteriorado o el producto se abre, las condiciones de conservaci\u00f3n cambiar\u00e1n, por lo que las fechas de consumo preferente o caducidad ser\u00e1n diferentes. En la mayor\u00eda de los casos, el fabricante establece el tiempo y nuevas condiciones de conservaci\u00f3n una vez abierto el envase del producto.<\/p>\n<p style=\"text-align: justify;\"><b>ALMACENAMIENTO Y ROTACI\u00d3N DE STOCKS <\/b><br \/>\nEl lugar destinado a almacenar alimentos debe tener capacidad suficiente, en funci\u00f3n del uso que se le vaya a dar, para tener los productos ordenados y &#8220;a la vista&#8221;, ser un lugar fresco, seco y con una ventilaci\u00f3n adecuada, en el caso de la despensa, o mantener <b>temperaturas de refrigeraci\u00f3n (0-5\u00baC) o congelaci\u00f3n (menor a -18\u00baC)<\/b>seg\u00fan sea el caso y, por supuesto, ser de f\u00e1cil limpieza y desinfecci\u00f3n por su disposici\u00f3n y materiales.<br \/>\nEn la despensa, se almacenar\u00e1n los alimentos que pueden mantenerse a temperatura ambiente, como legumbres, cereales y derivados -harina, pastas, galletas-, az\u00facar, sal, caf\u00e9, cacao, especias o aceite o productos que se hayan sometido a tratamientos higienizantes que no requieran fr\u00edo para su conservaci\u00f3n, como leche esterilizada o conservas, todos ellos alimentos estables a temperatura ambiente.<br \/>\nLa mayor\u00eda de frutas y verduras pueden conservarse a temperatura ambiente en un ambiente seco, fresco y muy bien ventilado. Al ser alimentos de r\u00e1pido deterioro, es imprescindible realizar una cuidadosa inspecci\u00f3n diaria de su estado. Los alimentos, aunque est\u00e9n envasados, no deben entrar nunca en contacto con el suelo. Adem\u00e1s, si la despensa se sit\u00faa en un armario, \u00e9ste deber\u00e1 disponer de puertas que protejan los alimentos del exterior.<br \/>\nNo debe caerse en la tentaci\u00f3n de guardar en la despensa, al lado de los alimentos, productos de limpieza o de otra naturaleza que puedan contaminarlos: los lugares de almacenamiento de alimentos solo deben destinarse a este fin. Las semiconservas, como las anchoas y algunos envasados al vac\u00edo (fiambres, salm\u00f3n ahumado), necesitan temperaturas de refrigeraci\u00f3n. Los productos pasteurizados tienen una vida \u00fatil muy corta y tambi\u00e9n necesitan refrigeraci\u00f3n. Por el contrario, los alimentos esterilizados pueden conservarse a temperatura ambiente, pero una vez abierto el envase deben refrigerarse. Algunos alimentos, como los huevos, mejoran su conservaci\u00f3n y alargan su vida \u00fatil en condiciones de refrigeraci\u00f3n y se evita en gran medida el posible desarrollo de microorganismos no deseables. Para realizar una correcta rotaci\u00f3n de stocks, deben colocarse siempre delante para su uso m\u00e1s inmediato los productos m\u00e1s antiguos y revisar de forma peri\u00f3dica tanto su estado como las fechas de caducidad o consumo preferente, seg\u00fan sea el caso.<\/p>\n","protected":false},"excerpt":{"rendered":"<p>La fecha de caducidad indica cu\u00e1ndo el producto no es seguro, mientras que la del consumo preferente se\u00f1ala un descenso de la calidad, no de la seguridad Fecha de caducidad y consumo preferente son dos conceptos que no deben confundirse. Mientras la primera advierte sobre el d\u00eda l\u00edmite a partir del cual el alimento no &hellip;<\/p>\n","protected":false},"author":1,"featured_media":7635,"comment_status":"closed","ping_status":"open","sticky":false,"template":"","format":"standard","meta":{"ngg_post_thumbnail":0,"footnotes":""},"categories":[110],"tags":[],"class_list":["post-7634","post","type-post","status-publish","format-standard","has-post-thumbnail","hentry","category-omic-noticias"],"yoast_head":"<!-- This site is optimized with the Yoast SEO plugin v27.5 - https:\/\/yoast.com\/product\/yoast-seo-wordpress\/ -->\n<title>Diferencias entre fecha de caducidad y consumo preferente - MI Ayuntamiento de Caudete<\/title>\n<meta name=\"description\" content=\"P\u00e1gina Oficial del Ayuntamiento de Caudete (Albacete)\" \/>\n<meta name=\"robots\" content=\"index, follow, max-snippet:-1, max-image-preview:large, max-video-preview:-1\" \/>\n<link rel=\"canonical\" href=\"https:\/\/www.caudete.org\/ayuntamiento\/diferencias-entre-fecha-de-caducidad-y-consumo-preferente\/\" \/>\n<meta property=\"og:locale\" content=\"es_ES\" \/>\n<meta property=\"og:type\" content=\"article\" \/>\n<meta property=\"og:title\" content=\"Diferencias entre fecha de caducidad y consumo preferente - MI Ayuntamiento de Caudete\" \/>\n<meta property=\"og:description\" content=\"P\u00e1gina Oficial del Ayuntamiento de Caudete (Albacete)\" \/>\n<meta property=\"og:url\" content=\"https:\/\/www.caudete.org\/ayuntamiento\/diferencias-entre-fecha-de-caducidad-y-consumo-preferente\/\" \/>\n<meta property=\"og:site_name\" content=\"MI Ayuntamiento de Caudete\" \/>\n<meta property=\"article:publisher\" content=\"https:\/\/www.facebook.com\/ayuntamientocaudete\/\" \/>\n<meta property=\"article:published_time\" content=\"2020-12-07T16:22:38+00:00\" \/>\n<meta property=\"article:modified_time\" content=\"2020-12-13T11:47:29+00:00\" \/>\n<meta property=\"og:image\" content=\"https:\/\/www.caudete.org\/ayuntamiento\/wp-content\/uploads\/2020\/12\/omic-caducidad.jpg\" \/>\n\t<meta property=\"og:image:width\" content=\"470\" \/>\n\t<meta property=\"og:image:height\" content=\"470\" \/>\n\t<meta property=\"og:image:type\" content=\"image\/jpeg\" \/>\n<meta name=\"author\" content=\"ayun\" \/>\n<meta name=\"twitter:card\" content=\"summary_large_image\" \/>\n<meta name=\"twitter:label1\" content=\"Escrito por\" \/>\n\t<meta name=\"twitter:data1\" content=\"ayun\" \/>\n\t<meta name=\"twitter:label2\" content=\"Tiempo de lectura\" \/>\n\t<meta name=\"twitter:data2\" content=\"7 minutos\" \/>\n<script type=\"application\/ld+json\" class=\"yoast-schema-graph\">{\"@context\":\"https:\\\/\\\/schema.org\",\"@graph\":[{\"@type\":\"Article\",\"@id\":\"https:\\\/\\\/www.caudete.org\\\/ayuntamiento\\\/diferencias-entre-fecha-de-caducidad-y-consumo-preferente\\\/#article\",\"isPartOf\":{\"@id\":\"https:\\\/\\\/www.caudete.org\\\/ayuntamiento\\\/diferencias-entre-fecha-de-caducidad-y-consumo-preferente\\\/\"},\"author\":{\"name\":\"ayun\",\"@id\":\"https:\\\/\\\/www.caudete.org\\\/ayuntamiento\\\/#\\\/schema\\\/person\\\/79f7e19fdd176fc2bc7a289013dc2056\"},\"headline\":\"Diferencias entre fecha de caducidad y consumo preferente\",\"datePublished\":\"2020-12-07T16:22:38+00:00\",\"dateModified\":\"2020-12-13T11:47:29+00:00\",\"mainEntityOfPage\":{\"@id\":\"https:\\\/\\\/www.caudete.org\\\/ayuntamiento\\\/diferencias-entre-fecha-de-caducidad-y-consumo-preferente\\\/\"},\"wordCount\":1413,\"image\":{\"@id\":\"https:\\\/\\\/www.caudete.org\\\/ayuntamiento\\\/diferencias-entre-fecha-de-caducidad-y-consumo-preferente\\\/#primaryimage\"},\"thumbnailUrl\":\"https:\\\/\\\/www.caudete.org\\\/ayuntamiento\\\/wp-content\\\/uploads\\\/2020\\\/12\\\/omic-caducidad.jpg\",\"articleSection\":[\"omic-noticias\"],\"inLanguage\":\"es\"},{\"@type\":\"WebPage\",\"@id\":\"https:\\\/\\\/www.caudete.org\\\/ayuntamiento\\\/diferencias-entre-fecha-de-caducidad-y-consumo-preferente\\\/\",\"url\":\"https:\\\/\\\/www.caudete.org\\\/ayuntamiento\\\/diferencias-entre-fecha-de-caducidad-y-consumo-preferente\\\/\",\"name\":\"Diferencias entre fecha de caducidad y consumo preferente - MI Ayuntamiento de Caudete\",\"isPartOf\":{\"@id\":\"https:\\\/\\\/www.caudete.org\\\/ayuntamiento\\\/#website\"},\"primaryImageOfPage\":{\"@id\":\"https:\\\/\\\/www.caudete.org\\\/ayuntamiento\\\/diferencias-entre-fecha-de-caducidad-y-consumo-preferente\\\/#primaryimage\"},\"image\":{\"@id\":\"https:\\\/\\\/www.caudete.org\\\/ayuntamiento\\\/diferencias-entre-fecha-de-caducidad-y-consumo-preferente\\\/#primaryimage\"},\"thumbnailUrl\":\"https:\\\/\\\/www.caudete.org\\\/ayuntamiento\\\/wp-content\\\/uploads\\\/2020\\\/12\\\/omic-caducidad.jpg\",\"datePublished\":\"2020-12-07T16:22:38+00:00\",\"dateModified\":\"2020-12-13T11:47:29+00:00\",\"author\":{\"@id\":\"https:\\\/\\\/www.caudete.org\\\/ayuntamiento\\\/#\\\/schema\\\/person\\\/79f7e19fdd176fc2bc7a289013dc2056\"},\"description\":\"P\u00e1gina Oficial del Ayuntamiento de Caudete (Albacete)\",\"breadcrumb\":{\"@id\":\"https:\\\/\\\/www.caudete.org\\\/ayuntamiento\\\/diferencias-entre-fecha-de-caducidad-y-consumo-preferente\\\/#breadcrumb\"},\"inLanguage\":\"es\",\"potentialAction\":[{\"@type\":\"ReadAction\",\"target\":[\"https:\\\/\\\/www.caudete.org\\\/ayuntamiento\\\/diferencias-entre-fecha-de-caducidad-y-consumo-preferente\\\/\"]}]},{\"@type\":\"ImageObject\",\"inLanguage\":\"es\",\"@id\":\"https:\\\/\\\/www.caudete.org\\\/ayuntamiento\\\/diferencias-entre-fecha-de-caducidad-y-consumo-preferente\\\/#primaryimage\",\"url\":\"https:\\\/\\\/www.caudete.org\\\/ayuntamiento\\\/wp-content\\\/uploads\\\/2020\\\/12\\\/omic-caducidad.jpg\",\"contentUrl\":\"https:\\\/\\\/www.caudete.org\\\/ayuntamiento\\\/wp-content\\\/uploads\\\/2020\\\/12\\\/omic-caducidad.jpg\",\"width\":470,\"height\":470},{\"@type\":\"BreadcrumbList\",\"@id\":\"https:\\\/\\\/www.caudete.org\\\/ayuntamiento\\\/diferencias-entre-fecha-de-caducidad-y-consumo-preferente\\\/#breadcrumb\",\"itemListElement\":[{\"@type\":\"ListItem\",\"position\":1,\"name\":\"Inicio\",\"item\":\"https:\\\/\\\/www.caudete.org\\\/ayuntamiento\\\/\"},{\"@type\":\"ListItem\",\"position\":2,\"name\":\"Diferencias entre fecha de caducidad y consumo preferente\"}]},{\"@type\":\"WebSite\",\"@id\":\"https:\\\/\\\/www.caudete.org\\\/ayuntamiento\\\/#website\",\"url\":\"https:\\\/\\\/www.caudete.org\\\/ayuntamiento\\\/\",\"name\":\"MI Ayuntamiento de Caudete\",\"description\":\"P\u00e1gina Oficial del MI Ayuntamiento de Caudete\",\"potentialAction\":[{\"@type\":\"SearchAction\",\"target\":{\"@type\":\"EntryPoint\",\"urlTemplate\":\"https:\\\/\\\/www.caudete.org\\\/ayuntamiento\\\/?s={search_term_string}\"},\"query-input\":{\"@type\":\"PropertyValueSpecification\",\"valueRequired\":true,\"valueName\":\"search_term_string\"}}],\"inLanguage\":\"es\"},{\"@type\":\"Person\",\"@id\":\"https:\\\/\\\/www.caudete.org\\\/ayuntamiento\\\/#\\\/schema\\\/person\\\/79f7e19fdd176fc2bc7a289013dc2056\",\"name\":\"ayun\",\"image\":{\"@type\":\"ImageObject\",\"inLanguage\":\"es\",\"@id\":\"https:\\\/\\\/secure.gravatar.com\\\/avatar\\\/4ce797ee07c943e7e592f8cd648e503e6cd571387558ed07135799c2bd2847df?s=96&d=mm&r=g\",\"url\":\"https:\\\/\\\/secure.gravatar.com\\\/avatar\\\/4ce797ee07c943e7e592f8cd648e503e6cd571387558ed07135799c2bd2847df?s=96&d=mm&r=g\",\"contentUrl\":\"https:\\\/\\\/secure.gravatar.com\\\/avatar\\\/4ce797ee07c943e7e592f8cd648e503e6cd571387558ed07135799c2bd2847df?s=96&d=mm&r=g\",\"caption\":\"ayun\"},\"sameAs\":[\"http:\\\/\\\/www.caudete.org\\\/ayuntamiento\"],\"url\":\"https:\\\/\\\/www.caudete.org\\\/ayuntamiento\\\/author\\\/ayun\\\/\"}]}<\/script>\n<!-- \/ Yoast SEO plugin. -->","yoast_head_json":{"title":"Diferencias entre fecha de caducidad y consumo preferente - MI Ayuntamiento de Caudete","description":"P\u00e1gina Oficial del Ayuntamiento de Caudete (Albacete)","robots":{"index":"index","follow":"follow","max-snippet":"max-snippet:-1","max-image-preview":"max-image-preview:large","max-video-preview":"max-video-preview:-1"},"canonical":"https:\/\/www.caudete.org\/ayuntamiento\/diferencias-entre-fecha-de-caducidad-y-consumo-preferente\/","og_locale":"es_ES","og_type":"article","og_title":"Diferencias entre fecha de caducidad y consumo preferente - MI Ayuntamiento de Caudete","og_description":"P\u00e1gina Oficial del Ayuntamiento de Caudete (Albacete)","og_url":"https:\/\/www.caudete.org\/ayuntamiento\/diferencias-entre-fecha-de-caducidad-y-consumo-preferente\/","og_site_name":"MI Ayuntamiento de Caudete","article_publisher":"https:\/\/www.facebook.com\/ayuntamientocaudete\/","article_published_time":"2020-12-07T16:22:38+00:00","article_modified_time":"2020-12-13T11:47:29+00:00","og_image":[{"width":470,"height":470,"url":"https:\/\/www.caudete.org\/ayuntamiento\/wp-content\/uploads\/2020\/12\/omic-caducidad.jpg","type":"image\/jpeg"}],"author":"ayun","twitter_card":"summary_large_image","twitter_misc":{"Escrito por":"ayun","Tiempo de lectura":"7 minutos"},"schema":{"@context":"https:\/\/schema.org","@graph":[{"@type":"Article","@id":"https:\/\/www.caudete.org\/ayuntamiento\/diferencias-entre-fecha-de-caducidad-y-consumo-preferente\/#article","isPartOf":{"@id":"https:\/\/www.caudete.org\/ayuntamiento\/diferencias-entre-fecha-de-caducidad-y-consumo-preferente\/"},"author":{"name":"ayun","@id":"https:\/\/www.caudete.org\/ayuntamiento\/#\/schema\/person\/79f7e19fdd176fc2bc7a289013dc2056"},"headline":"Diferencias entre fecha de caducidad y consumo preferente","datePublished":"2020-12-07T16:22:38+00:00","dateModified":"2020-12-13T11:47:29+00:00","mainEntityOfPage":{"@id":"https:\/\/www.caudete.org\/ayuntamiento\/diferencias-entre-fecha-de-caducidad-y-consumo-preferente\/"},"wordCount":1413,"image":{"@id":"https:\/\/www.caudete.org\/ayuntamiento\/diferencias-entre-fecha-de-caducidad-y-consumo-preferente\/#primaryimage"},"thumbnailUrl":"https:\/\/www.caudete.org\/ayuntamiento\/wp-content\/uploads\/2020\/12\/omic-caducidad.jpg","articleSection":["omic-noticias"],"inLanguage":"es"},{"@type":"WebPage","@id":"https:\/\/www.caudete.org\/ayuntamiento\/diferencias-entre-fecha-de-caducidad-y-consumo-preferente\/","url":"https:\/\/www.caudete.org\/ayuntamiento\/diferencias-entre-fecha-de-caducidad-y-consumo-preferente\/","name":"Diferencias entre fecha de caducidad y consumo preferente - MI Ayuntamiento de Caudete","isPartOf":{"@id":"https:\/\/www.caudete.org\/ayuntamiento\/#website"},"primaryImageOfPage":{"@id":"https:\/\/www.caudete.org\/ayuntamiento\/diferencias-entre-fecha-de-caducidad-y-consumo-preferente\/#primaryimage"},"image":{"@id":"https:\/\/www.caudete.org\/ayuntamiento\/diferencias-entre-fecha-de-caducidad-y-consumo-preferente\/#primaryimage"},"thumbnailUrl":"https:\/\/www.caudete.org\/ayuntamiento\/wp-content\/uploads\/2020\/12\/omic-caducidad.jpg","datePublished":"2020-12-07T16:22:38+00:00","dateModified":"2020-12-13T11:47:29+00:00","author":{"@id":"https:\/\/www.caudete.org\/ayuntamiento\/#\/schema\/person\/79f7e19fdd176fc2bc7a289013dc2056"},"description":"P\u00e1gina Oficial del Ayuntamiento de Caudete (Albacete)","breadcrumb":{"@id":"https:\/\/www.caudete.org\/ayuntamiento\/diferencias-entre-fecha-de-caducidad-y-consumo-preferente\/#breadcrumb"},"inLanguage":"es","potentialAction":[{"@type":"ReadAction","target":["https:\/\/www.caudete.org\/ayuntamiento\/diferencias-entre-fecha-de-caducidad-y-consumo-preferente\/"]}]},{"@type":"ImageObject","inLanguage":"es","@id":"https:\/\/www.caudete.org\/ayuntamiento\/diferencias-entre-fecha-de-caducidad-y-consumo-preferente\/#primaryimage","url":"https:\/\/www.caudete.org\/ayuntamiento\/wp-content\/uploads\/2020\/12\/omic-caducidad.jpg","contentUrl":"https:\/\/www.caudete.org\/ayuntamiento\/wp-content\/uploads\/2020\/12\/omic-caducidad.jpg","width":470,"height":470},{"@type":"BreadcrumbList","@id":"https:\/\/www.caudete.org\/ayuntamiento\/diferencias-entre-fecha-de-caducidad-y-consumo-preferente\/#breadcrumb","itemListElement":[{"@type":"ListItem","position":1,"name":"Inicio","item":"https:\/\/www.caudete.org\/ayuntamiento\/"},{"@type":"ListItem","position":2,"name":"Diferencias entre fecha de caducidad y consumo preferente"}]},{"@type":"WebSite","@id":"https:\/\/www.caudete.org\/ayuntamiento\/#website","url":"https:\/\/www.caudete.org\/ayuntamiento\/","name":"MI Ayuntamiento de Caudete","description":"P\u00e1gina Oficial del MI Ayuntamiento de Caudete","potentialAction":[{"@type":"SearchAction","target":{"@type":"EntryPoint","urlTemplate":"https:\/\/www.caudete.org\/ayuntamiento\/?s={search_term_string}"},"query-input":{"@type":"PropertyValueSpecification","valueRequired":true,"valueName":"search_term_string"}}],"inLanguage":"es"},{"@type":"Person","@id":"https:\/\/www.caudete.org\/ayuntamiento\/#\/schema\/person\/79f7e19fdd176fc2bc7a289013dc2056","name":"ayun","image":{"@type":"ImageObject","inLanguage":"es","@id":"https:\/\/secure.gravatar.com\/avatar\/4ce797ee07c943e7e592f8cd648e503e6cd571387558ed07135799c2bd2847df?s=96&d=mm&r=g","url":"https:\/\/secure.gravatar.com\/avatar\/4ce797ee07c943e7e592f8cd648e503e6cd571387558ed07135799c2bd2847df?s=96&d=mm&r=g","contentUrl":"https:\/\/secure.gravatar.com\/avatar\/4ce797ee07c943e7e592f8cd648e503e6cd571387558ed07135799c2bd2847df?s=96&d=mm&r=g","caption":"ayun"},"sameAs":["http:\/\/www.caudete.org\/ayuntamiento"],"url":"https:\/\/www.caudete.org\/ayuntamiento\/author\/ayun\/"}]}},"_links":{"self":[{"href":"https:\/\/www.caudete.org\/ayuntamiento\/wp-json\/wp\/v2\/posts\/7634","targetHints":{"allow":["GET"]}}],"collection":[{"href":"https:\/\/www.caudete.org\/ayuntamiento\/wp-json\/wp\/v2\/posts"}],"about":[{"href":"https:\/\/www.caudete.org\/ayuntamiento\/wp-json\/wp\/v2\/types\/post"}],"author":[{"embeddable":true,"href":"https:\/\/www.caudete.org\/ayuntamiento\/wp-json\/wp\/v2\/users\/1"}],"replies":[{"embeddable":true,"href":"https:\/\/www.caudete.org\/ayuntamiento\/wp-json\/wp\/v2\/comments?post=7634"}],"version-history":[{"count":3,"href":"https:\/\/www.caudete.org\/ayuntamiento\/wp-json\/wp\/v2\/posts\/7634\/revisions"}],"predecessor-version":[{"id":8982,"href":"https:\/\/www.caudete.org\/ayuntamiento\/wp-json\/wp\/v2\/posts\/7634\/revisions\/8982"}],"wp:featuredmedia":[{"embeddable":true,"href":"https:\/\/www.caudete.org\/ayuntamiento\/wp-json\/wp\/v2\/media\/7635"}],"wp:attachment":[{"href":"https:\/\/www.caudete.org\/ayuntamiento\/wp-json\/wp\/v2\/media?parent=7634"}],"wp:term":[{"taxonomy":"category","embeddable":true,"href":"https:\/\/www.caudete.org\/ayuntamiento\/wp-json\/wp\/v2\/categories?post=7634"},{"taxonomy":"post_tag","embeddable":true,"href":"https:\/\/www.caudete.org\/ayuntamiento\/wp-json\/wp\/v2\/tags?post=7634"}],"curies":[{"name":"wp","href":"https:\/\/api.w.org\/{rel}","templated":true}]}}