{"id":7650,"date":"2020-12-06T17:39:04","date_gmt":"2020-12-06T16:39:04","guid":{"rendered":"http:\/\/www.caudete.org\/ayuntamiento\/?p=7650"},"modified":"2020-12-07T17:40:21","modified_gmt":"2020-12-07T16:40:21","slug":"novedades-en-facturacion-electricidad","status":"publish","type":"post","link":"https:\/\/www.caudete.org\/ayuntamiento\/novedades-en-facturacion-electricidad\/","title":{"rendered":"NOVEDADES EN FACTURACI\u00d3N ELECTRICIDAD"},"content":{"rendered":"<h5 style=\"text-align: justify;\">Desde la OMIC queremos informar a los consumidores de las novedades en la facturaci\u00f3n de la electricidad, a partir de 01 Enero 2009<\/h5>\n<p style=\"text-align: justify;\">Como habr\u00e1n podido comprobar una de las novedades es el aumento de la tarifa desde principios de a\u00f1o que seg\u00fan el t\u00e9rmino de potencia oscila entre un 2,5 y un 5,6%.<br \/>\nLa otra novedad es la implantaci\u00f3n del sistema de facturaci\u00f3n mensual en vez de cada 2 meses.<br \/>\nPues bien, esta medida no implica que la lectura del contador se realice cada mes, por lo que vamos a tener recibos con una lectura estimada que podr\u00e1 ser inferior o superior a la real, y que se compensar\u00e1 cuando se realice la lectura del contador.<br \/>\nTenemos que tener en cuenta que las compa\u00f1\u00edas el\u00e9ctricas legalmente, solo est\u00e1n obligadas a leer el contador cada 6 meses, aunque esto no viene llev\u00e1ndose a la practica y se suele realizar cada 2 meses.<\/p>\n<p>Entonces, \u00bfqu\u00e9 podemos hacer los consumidores para no llevarnos sorpresas con la factura de la luz?<br \/>\n\u2022Por una parte, si observan que no se realizan las lecturas de contador, deben llamar a Atenci\u00f3n al Cliente, al 901202020 y dar la lectura peri\u00f3dicamente.<br \/>\n\u2022Y por otra parte, si observamos una facturaci\u00f3n desproporcionada, se debe solicitar al mismo n\u00ba de atenci\u00f3n al cliente una rectificaci\u00f3n de la factura con la lectura correcta y autom\u00e1ticamente ser\u00e1 rectificada y abonar\u00e1n o cargar\u00e1n en cuenta la diferencia.<\/p>\n<p>A tener en cuenta tambi\u00e9n es que nos deben descontar 12,5KW mensuales que ser\u00e1n gratuitos, y por el contrario, para los consumos mensuales superiores a 500kw, se cobrar\u00e1 un recargo de 2, 839 c\u00e9ntimos por kwh<\/p>\n<p>Finalmente, hay que tener en cuenta que si comparamos el consumo reciente, con los mismos periodos del a\u00f1o anterior, hay que tener en cuenta que desde entonces la factura se nos ha encarecido por las subidas acontecidas en abril y julio del 2008 y enero 2009, con el agravante de la crudeza del invierno, que nos ha obligado a consumir mucha m\u00e1s energ\u00eda que en inviernos anteriores, a\u00f1adiendo adem\u00e1s, las penalizaciones por exceso de consumo, lo que evidentemente ha repercutido notablemente en nuestra facturaci\u00f3n.<\/p>\n<p>De cualquier forma, ante cualquier duda, en la OMIC revisaremos su facturaci\u00f3n y le ofreceremos explicaciones sobre la misma.<\/p>\n","protected":false},"excerpt":{"rendered":"<p>Desde la OMIC queremos informar a los consumidores de las novedades en la facturaci\u00f3n de la electricidad, a partir de 01 Enero 2009 Como habr\u00e1n podido comprobar una de las novedades es el aumento de la tarifa desde principios de a\u00f1o que seg\u00fan el t\u00e9rmino de potencia oscila entre un 2,5 y un 5,6%. La &hellip;<\/p>\n","protected":false},"author":1,"featured_media":0,"comment_status":"closed","ping_status":"open","sticky":false,"template":"","format":"standard","meta":{"ngg_post_thumbnail":0,"footnotes":""},"categories":[110],"tags":[],"class_list":["post-7650","post","type-post","status-publish","format-standard","hentry","category-omic-noticias"],"yoast_head":"<!-- This site is optimized with the Yoast SEO plugin v27.5 - https:\/\/yoast.com\/product\/yoast-seo-wordpress\/ -->\n<title>NOVEDADES EN FACTURACI\u00d3N ELECTRICIDAD - MI Ayuntamiento de Caudete<\/title>\n<meta name=\"description\" content=\"P\u00e1gina Oficial del Ayuntamiento de Caudete (Albacete)\" \/>\n<meta name=\"robots\" content=\"index, follow, max-snippet:-1, max-image-preview:large, max-video-preview:-1\" \/>\n<link rel=\"canonical\" href=\"https:\/\/www.caudete.org\/ayuntamiento\/novedades-en-facturacion-electricidad\/\" \/>\n<meta property=\"og:locale\" content=\"es_ES\" \/>\n<meta property=\"og:type\" content=\"article\" \/>\n<meta property=\"og:title\" content=\"NOVEDADES EN FACTURACI\u00d3N ELECTRICIDAD - MI Ayuntamiento de Caudete\" \/>\n<meta property=\"og:description\" content=\"P\u00e1gina Oficial del Ayuntamiento de Caudete (Albacete)\" \/>\n<meta property=\"og:url\" content=\"https:\/\/www.caudete.org\/ayuntamiento\/novedades-en-facturacion-electricidad\/\" \/>\n<meta property=\"og:site_name\" content=\"MI Ayuntamiento de Caudete\" \/>\n<meta property=\"article:publisher\" content=\"https:\/\/www.facebook.com\/ayuntamientocaudete\/\" \/>\n<meta property=\"article:published_time\" content=\"2020-12-06T16:39:04+00:00\" \/>\n<meta property=\"article:modified_time\" content=\"2020-12-07T16:40:21+00:00\" \/>\n<meta name=\"author\" content=\"ayun\" \/>\n<meta name=\"twitter:card\" content=\"summary_large_image\" \/>\n<meta name=\"twitter:label1\" content=\"Escrito por\" \/>\n\t<meta name=\"twitter:data1\" content=\"ayun\" \/>\n\t<meta name=\"twitter:label2\" content=\"Tiempo de lectura\" \/>\n\t<meta name=\"twitter:data2\" content=\"2 minutos\" \/>\n<script type=\"application\/ld+json\" class=\"yoast-schema-graph\">{\"@context\":\"https:\\\/\\\/schema.org\",\"@graph\":[{\"@type\":\"Article\",\"@id\":\"https:\\\/\\\/www.caudete.org\\\/ayuntamiento\\\/novedades-en-facturacion-electricidad\\\/#article\",\"isPartOf\":{\"@id\":\"https:\\\/\\\/www.caudete.org\\\/ayuntamiento\\\/novedades-en-facturacion-electricidad\\\/\"},\"author\":{\"name\":\"ayun\",\"@id\":\"https:\\\/\\\/www.caudete.org\\\/ayuntamiento\\\/#\\\/schema\\\/person\\\/79f7e19fdd176fc2bc7a289013dc2056\"},\"headline\":\"NOVEDADES EN FACTURACI\u00d3N ELECTRICIDAD\",\"datePublished\":\"2020-12-06T16:39:04+00:00\",\"dateModified\":\"2020-12-07T16:40:21+00:00\",\"mainEntityOfPage\":{\"@id\":\"https:\\\/\\\/www.caudete.org\\\/ayuntamiento\\\/novedades-en-facturacion-electricidad\\\/\"},\"wordCount\":395,\"articleSection\":[\"omic-noticias\"],\"inLanguage\":\"es\"},{\"@type\":\"WebPage\",\"@id\":\"https:\\\/\\\/www.caudete.org\\\/ayuntamiento\\\/novedades-en-facturacion-electricidad\\\/\",\"url\":\"https:\\\/\\\/www.caudete.org\\\/ayuntamiento\\\/novedades-en-facturacion-electricidad\\\/\",\"name\":\"NOVEDADES EN FACTURACI\u00d3N ELECTRICIDAD - MI Ayuntamiento de Caudete\",\"isPartOf\":{\"@id\":\"https:\\\/\\\/www.caudete.org\\\/ayuntamiento\\\/#website\"},\"datePublished\":\"2020-12-06T16:39:04+00:00\",\"dateModified\":\"2020-12-07T16:40:21+00:00\",\"author\":{\"@id\":\"https:\\\/\\\/www.caudete.org\\\/ayuntamiento\\\/#\\\/schema\\\/person\\\/79f7e19fdd176fc2bc7a289013dc2056\"},\"description\":\"P\u00e1gina Oficial del Ayuntamiento de Caudete (Albacete)\",\"breadcrumb\":{\"@id\":\"https:\\\/\\\/www.caudete.org\\\/ayuntamiento\\\/novedades-en-facturacion-electricidad\\\/#breadcrumb\"},\"inLanguage\":\"es\",\"potentialAction\":[{\"@type\":\"ReadAction\",\"target\":[\"https:\\\/\\\/www.caudete.org\\\/ayuntamiento\\\/novedades-en-facturacion-electricidad\\\/\"]}]},{\"@type\":\"BreadcrumbList\",\"@id\":\"https:\\\/\\\/www.caudete.org\\\/ayuntamiento\\\/novedades-en-facturacion-electricidad\\\/#breadcrumb\",\"itemListElement\":[{\"@type\":\"ListItem\",\"position\":1,\"name\":\"Inicio\",\"item\":\"https:\\\/\\\/www.caudete.org\\\/ayuntamiento\\\/\"},{\"@type\":\"ListItem\",\"position\":2,\"name\":\"NOVEDADES EN FACTURACI\u00d3N ELECTRICIDAD\"}]},{\"@type\":\"WebSite\",\"@id\":\"https:\\\/\\\/www.caudete.org\\\/ayuntamiento\\\/#website\",\"url\":\"https:\\\/\\\/www.caudete.org\\\/ayuntamiento\\\/\",\"name\":\"MI Ayuntamiento de Caudete\",\"description\":\"P\u00e1gina Oficial del MI Ayuntamiento de Caudete\",\"potentialAction\":[{\"@type\":\"SearchAction\",\"target\":{\"@type\":\"EntryPoint\",\"urlTemplate\":\"https:\\\/\\\/www.caudete.org\\\/ayuntamiento\\\/?s={search_term_string}\"},\"query-input\":{\"@type\":\"PropertyValueSpecification\",\"valueRequired\":true,\"valueName\":\"search_term_string\"}}],\"inLanguage\":\"es\"},{\"@type\":\"Person\",\"@id\":\"https:\\\/\\\/www.caudete.org\\\/ayuntamiento\\\/#\\\/schema\\\/person\\\/79f7e19fdd176fc2bc7a289013dc2056\",\"name\":\"ayun\",\"image\":{\"@type\":\"ImageObject\",\"inLanguage\":\"es\",\"@id\":\"https:\\\/\\\/secure.gravatar.com\\\/avatar\\\/4ce797ee07c943e7e592f8cd648e503e6cd571387558ed07135799c2bd2847df?s=96&d=mm&r=g\",\"url\":\"https:\\\/\\\/secure.gravatar.com\\\/avatar\\\/4ce797ee07c943e7e592f8cd648e503e6cd571387558ed07135799c2bd2847df?s=96&d=mm&r=g\",\"contentUrl\":\"https:\\\/\\\/secure.gravatar.com\\\/avatar\\\/4ce797ee07c943e7e592f8cd648e503e6cd571387558ed07135799c2bd2847df?s=96&d=mm&r=g\",\"caption\":\"ayun\"},\"sameAs\":[\"http:\\\/\\\/www.caudete.org\\\/ayuntamiento\"],\"url\":\"https:\\\/\\\/www.caudete.org\\\/ayuntamiento\\\/author\\\/ayun\\\/\"}]}<\/script>\n<!-- \/ Yoast SEO plugin. -->","yoast_head_json":{"title":"NOVEDADES EN FACTURACI\u00d3N ELECTRICIDAD - MI Ayuntamiento de Caudete","description":"P\u00e1gina Oficial del Ayuntamiento de Caudete (Albacete)","robots":{"index":"index","follow":"follow","max-snippet":"max-snippet:-1","max-image-preview":"max-image-preview:large","max-video-preview":"max-video-preview:-1"},"canonical":"https:\/\/www.caudete.org\/ayuntamiento\/novedades-en-facturacion-electricidad\/","og_locale":"es_ES","og_type":"article","og_title":"NOVEDADES EN FACTURACI\u00d3N ELECTRICIDAD - MI Ayuntamiento de Caudete","og_description":"P\u00e1gina Oficial del Ayuntamiento de Caudete (Albacete)","og_url":"https:\/\/www.caudete.org\/ayuntamiento\/novedades-en-facturacion-electricidad\/","og_site_name":"MI Ayuntamiento de Caudete","article_publisher":"https:\/\/www.facebook.com\/ayuntamientocaudete\/","article_published_time":"2020-12-06T16:39:04+00:00","article_modified_time":"2020-12-07T16:40:21+00:00","author":"ayun","twitter_card":"summary_large_image","twitter_misc":{"Escrito por":"ayun","Tiempo de lectura":"2 minutos"},"schema":{"@context":"https:\/\/schema.org","@graph":[{"@type":"Article","@id":"https:\/\/www.caudete.org\/ayuntamiento\/novedades-en-facturacion-electricidad\/#article","isPartOf":{"@id":"https:\/\/www.caudete.org\/ayuntamiento\/novedades-en-facturacion-electricidad\/"},"author":{"name":"ayun","@id":"https:\/\/www.caudete.org\/ayuntamiento\/#\/schema\/person\/79f7e19fdd176fc2bc7a289013dc2056"},"headline":"NOVEDADES EN FACTURACI\u00d3N ELECTRICIDAD","datePublished":"2020-12-06T16:39:04+00:00","dateModified":"2020-12-07T16:40:21+00:00","mainEntityOfPage":{"@id":"https:\/\/www.caudete.org\/ayuntamiento\/novedades-en-facturacion-electricidad\/"},"wordCount":395,"articleSection":["omic-noticias"],"inLanguage":"es"},{"@type":"WebPage","@id":"https:\/\/www.caudete.org\/ayuntamiento\/novedades-en-facturacion-electricidad\/","url":"https:\/\/www.caudete.org\/ayuntamiento\/novedades-en-facturacion-electricidad\/","name":"NOVEDADES EN FACTURACI\u00d3N ELECTRICIDAD - MI Ayuntamiento de Caudete","isPartOf":{"@id":"https:\/\/www.caudete.org\/ayuntamiento\/#website"},"datePublished":"2020-12-06T16:39:04+00:00","dateModified":"2020-12-07T16:40:21+00:00","author":{"@id":"https:\/\/www.caudete.org\/ayuntamiento\/#\/schema\/person\/79f7e19fdd176fc2bc7a289013dc2056"},"description":"P\u00e1gina Oficial del Ayuntamiento de Caudete (Albacete)","breadcrumb":{"@id":"https:\/\/www.caudete.org\/ayuntamiento\/novedades-en-facturacion-electricidad\/#breadcrumb"},"inLanguage":"es","potentialAction":[{"@type":"ReadAction","target":["https:\/\/www.caudete.org\/ayuntamiento\/novedades-en-facturacion-electricidad\/"]}]},{"@type":"BreadcrumbList","@id":"https:\/\/www.caudete.org\/ayuntamiento\/novedades-en-facturacion-electricidad\/#breadcrumb","itemListElement":[{"@type":"ListItem","position":1,"name":"Inicio","item":"https:\/\/www.caudete.org\/ayuntamiento\/"},{"@type":"ListItem","position":2,"name":"NOVEDADES EN FACTURACI\u00d3N ELECTRICIDAD"}]},{"@type":"WebSite","@id":"https:\/\/www.caudete.org\/ayuntamiento\/#website","url":"https:\/\/www.caudete.org\/ayuntamiento\/","name":"MI Ayuntamiento de Caudete","description":"P\u00e1gina Oficial del MI Ayuntamiento de Caudete","potentialAction":[{"@type":"SearchAction","target":{"@type":"EntryPoint","urlTemplate":"https:\/\/www.caudete.org\/ayuntamiento\/?s={search_term_string}"},"query-input":{"@type":"PropertyValueSpecification","valueRequired":true,"valueName":"search_term_string"}}],"inLanguage":"es"},{"@type":"Person","@id":"https:\/\/www.caudete.org\/ayuntamiento\/#\/schema\/person\/79f7e19fdd176fc2bc7a289013dc2056","name":"ayun","image":{"@type":"ImageObject","inLanguage":"es","@id":"https:\/\/secure.gravatar.com\/avatar\/4ce797ee07c943e7e592f8cd648e503e6cd571387558ed07135799c2bd2847df?s=96&d=mm&r=g","url":"https:\/\/secure.gravatar.com\/avatar\/4ce797ee07c943e7e592f8cd648e503e6cd571387558ed07135799c2bd2847df?s=96&d=mm&r=g","contentUrl":"https:\/\/secure.gravatar.com\/avatar\/4ce797ee07c943e7e592f8cd648e503e6cd571387558ed07135799c2bd2847df?s=96&d=mm&r=g","caption":"ayun"},"sameAs":["http:\/\/www.caudete.org\/ayuntamiento"],"url":"https:\/\/www.caudete.org\/ayuntamiento\/author\/ayun\/"}]}},"_links":{"self":[{"href":"https:\/\/www.caudete.org\/ayuntamiento\/wp-json\/wp\/v2\/posts\/7650","targetHints":{"allow":["GET"]}}],"collection":[{"href":"https:\/\/www.caudete.org\/ayuntamiento\/wp-json\/wp\/v2\/posts"}],"about":[{"href":"https:\/\/www.caudete.org\/ayuntamiento\/wp-json\/wp\/v2\/types\/post"}],"author":[{"embeddable":true,"href":"https:\/\/www.caudete.org\/ayuntamiento\/wp-json\/wp\/v2\/users\/1"}],"replies":[{"embeddable":true,"href":"https:\/\/www.caudete.org\/ayuntamiento\/wp-json\/wp\/v2\/comments?post=7650"}],"version-history":[{"count":1,"href":"https:\/\/www.caudete.org\/ayuntamiento\/wp-json\/wp\/v2\/posts\/7650\/revisions"}],"predecessor-version":[{"id":7654,"href":"https:\/\/www.caudete.org\/ayuntamiento\/wp-json\/wp\/v2\/posts\/7650\/revisions\/7654"}],"wp:attachment":[{"href":"https:\/\/www.caudete.org\/ayuntamiento\/wp-json\/wp\/v2\/media?parent=7650"}],"wp:term":[{"taxonomy":"category","embeddable":true,"href":"https:\/\/www.caudete.org\/ayuntamiento\/wp-json\/wp\/v2\/categories?post=7650"},{"taxonomy":"post_tag","embeddable":true,"href":"https:\/\/www.caudete.org\/ayuntamiento\/wp-json\/wp\/v2\/tags?post=7650"}],"curies":[{"name":"wp","href":"https:\/\/api.w.org\/{rel}","templated":true}]}}