{"id":7655,"date":"2020-12-06T17:40:54","date_gmt":"2020-12-06T16:40:54","guid":{"rendered":"http:\/\/www.caudete.org\/ayuntamiento\/?p=7655"},"modified":"2020-12-14T19:15:43","modified_gmt":"2020-12-14T18:15:43","slug":"novedades-en-el-suministro-energia-electrica-a-partir-del-01-julio","status":"publish","type":"post","link":"https:\/\/www.caudete.org\/ayuntamiento\/novedades-en-el-suministro-energia-electrica-a-partir-del-01-julio\/","title":{"rendered":"NOVEDADES EN EL SUMINISTRO ENERG\u00cdA EL\u00c9CTRICA A PARTIR DEL 01 JULIO"},"content":{"rendered":"<p style=\"text-align: justify;\">A partir del 01 de Julio, entrar\u00e1 en vigor el Suministro de \u00daltimo Recurso (SUR) en energ\u00eda el\u00e9ctrica.<\/p>\n<p style=\"text-align: justify;\">Todos los usuarios recibir\u00e1n junto a la factura de la luz una carta informativa por parte de Iberdrola inform\u00e1ndonos de las posibilidades de elecci\u00f3n:<\/p>\n<p><b>*<\/b>Contratar con cualquier comercializadora con nuevas tarifas de libre mercado.<br \/>\n<b>*<\/b>Contratar la Tarifa de \u00daltimo Recurso (TUR), con alguna de las comercializadoras autorizadas para ello.<br \/>\n<b>*<\/b>No hacer nada, y de esta forma, se pasar\u00e1 autom\u00e1ticamente con la comercializadora de Iberdrola en Tarifa de \u00daltimo Recurso.<\/p>\n<p>Las tarifas integrales de energ\u00eda el\u00e9ctrica quedar\u00e1n sustituidas por las tarifas de \u00faltimo recurso (TUR) (que es una tarifa m\u00e1xima establecida por el Gobierno), y ser\u00e1n aplicables a los consumidores en baja tensi\u00f3n cuya potencia contratada sea inferior o igual a 10 KW.<\/p>\n<p>La otra opci\u00f3n, ser\u00eda contratar en libre mercado. De momento las tarifas de libre mercado para los consumidores dom\u00e9sticos, no son demasiado interesantes, por lo que hay que ser cauto ya que en breve, recibir\u00e1n ofertas tanto por tel\u00e9fono como visitas a domicilio, para escoger alguna de las modalidades anteriores.<\/p>\n<p>Desde la Oficina Municipal de Consumo, aconsejamos:<\/p>\n<ul style=\"text-align: justify;\">\n<li style=\"list-style-type: none;\">\n<ul>\n<li>No se precipiten en su elecci\u00f3n.<\/li>\n<li>Comparen las distintas ofertas que se van a poner en el mercado, por parte de las el\u00e9ctricas.<\/li>\n<\/ul>\n<\/li>\n<\/ul>\n<ul style=\"text-align: justify;\">\n<li style=\"list-style-type: none;\">\n<ul>\n<li>Estudien detenidamente los precios, condiciones y servicios incluidos.<\/li>\n<\/ul>\n<\/li>\n<\/ul>\n<ul style=\"text-align: justify;\">\n<li style=\"list-style-type: none;\">\n<ul>\n<li>Comprobar que los servicios ofrecidos realmente nos interesan (en ocasiones incluyen servicios de mantenimiento 24h., revisiones, inspecciones, que suelen llevar un coste a\u00f1adido).<\/li>\n<\/ul>\n<\/li>\n<\/ul>\n<ul style=\"text-align: justify;\">\n<li style=\"list-style-type: none;\">\n<ul>\n<li>Si nos visitan a domicilio, solicitar nos dejen la informaci\u00f3n o contrato para antes de firmar, recapacitar sin la presi\u00f3n de un agente o vendedor.<\/li>\n<\/ul>\n<\/li>\n<\/ul>\n<ul style=\"text-align: justify;\">\n<li style=\"list-style-type: none;\">\n<ul>\n<li>No firmar en el acto ning\u00fan documento.<\/li>\n<\/ul>\n<\/li>\n<\/ul>\n<ul style=\"text-align: justify;\">\n<li style=\"list-style-type: none;\">\n<ul>\n<li>No mostrar ning\u00fan documento con informaci\u00f3n bancaria.<\/li>\n<\/ul>\n<\/li>\n<\/ul>\n<ul style=\"text-align: justify;\">\n<li style=\"list-style-type: none;\">\n<ul>\n<li>Si nos llaman por tel\u00e9fono, soliciten que remitan las ofertas y condiciones de contrato por escrito, antes de contratar y no faciliten datos personales ni bancarios.<\/li>\n<\/ul>\n<\/li>\n<\/ul>\n<p style=\"text-align: justify;\">Les informamos tambi\u00e9n, que en breve, se trasladar\u00e1n a nuestro municipio agentes de diferentes compa\u00f1\u00edas el\u00e9ctricas, que deben ir perfectamente identificados, para ofrecernos las ofertas existentes, pero \u00a1ojo!, \u00a1recuerden que en ning\u00fan momento deben entregar cantidad en met\u00e1lico alguna!<\/p>\n","protected":false},"excerpt":{"rendered":"<p>A partir del 01 de Julio, entrar\u00e1 en vigor el Suministro de \u00daltimo Recurso (SUR) en energ\u00eda el\u00e9ctrica. Todos los usuarios recibir\u00e1n junto a la factura de la luz una carta informativa por parte de Iberdrola inform\u00e1ndonos de las posibilidades de elecci\u00f3n: *Contratar con cualquier comercializadora con nuevas tarifas de libre mercado. *Contratar la Tarifa &hellip;<\/p>\n","protected":false},"author":1,"featured_media":7602,"comment_status":"closed","ping_status":"open","sticky":false,"template":"","format":"standard","meta":{"ngg_post_thumbnail":0,"footnotes":""},"categories":[110],"tags":[],"class_list":["post-7655","post","type-post","status-publish","format-standard","has-post-thumbnail","hentry","category-omic-noticias"],"yoast_head":"<!-- This site is optimized with the Yoast SEO plugin v27.5 - https:\/\/yoast.com\/product\/yoast-seo-wordpress\/ -->\n<title>NOVEDADES EN EL SUMINISTRO ENERG\u00cdA EL\u00c9CTRICA A PARTIR DEL 01 JULIO - MI Ayuntamiento de Caudete<\/title>\n<meta name=\"description\" content=\"P\u00e1gina Oficial del Ayuntamiento de Caudete (Albacete)\" \/>\n<meta name=\"robots\" content=\"index, follow, max-snippet:-1, max-image-preview:large, max-video-preview:-1\" \/>\n<link rel=\"canonical\" href=\"https:\/\/www.caudete.org\/ayuntamiento\/novedades-en-el-suministro-energia-electrica-a-partir-del-01-julio\/\" \/>\n<meta property=\"og:locale\" content=\"es_ES\" \/>\n<meta property=\"og:type\" content=\"article\" \/>\n<meta property=\"og:title\" content=\"NOVEDADES EN EL SUMINISTRO ENERG\u00cdA EL\u00c9CTRICA A PARTIR DEL 01 JULIO - MI Ayuntamiento de Caudete\" \/>\n<meta property=\"og:description\" content=\"P\u00e1gina Oficial del Ayuntamiento de Caudete (Albacete)\" \/>\n<meta property=\"og:url\" content=\"https:\/\/www.caudete.org\/ayuntamiento\/novedades-en-el-suministro-energia-electrica-a-partir-del-01-julio\/\" \/>\n<meta property=\"og:site_name\" content=\"MI Ayuntamiento de Caudete\" \/>\n<meta property=\"article:publisher\" content=\"https:\/\/www.facebook.com\/ayuntamientocaudete\/\" \/>\n<meta property=\"article:published_time\" content=\"2020-12-06T16:40:54+00:00\" \/>\n<meta property=\"article:modified_time\" content=\"2020-12-14T18:15:43+00:00\" \/>\n<meta property=\"og:image\" content=\"https:\/\/www.caudete.org\/ayuntamiento\/wp-content\/uploads\/2020\/12\/omic-bons.jpg\" \/>\n\t<meta property=\"og:image:width\" content=\"491\" \/>\n\t<meta property=\"og:image:height\" content=\"282\" \/>\n\t<meta property=\"og:image:type\" content=\"image\/jpeg\" \/>\n<meta name=\"author\" content=\"ayun\" \/>\n<meta name=\"twitter:card\" content=\"summary_large_image\" \/>\n<meta name=\"twitter:label1\" content=\"Escrito por\" \/>\n\t<meta name=\"twitter:data1\" content=\"ayun\" \/>\n\t<meta name=\"twitter:label2\" content=\"Tiempo de lectura\" \/>\n\t<meta name=\"twitter:data2\" content=\"2 minutos\" \/>\n<script type=\"application\/ld+json\" class=\"yoast-schema-graph\">{\"@context\":\"https:\\\/\\\/schema.org\",\"@graph\":[{\"@type\":\"Article\",\"@id\":\"https:\\\/\\\/www.caudete.org\\\/ayuntamiento\\\/novedades-en-el-suministro-energia-electrica-a-partir-del-01-julio\\\/#article\",\"isPartOf\":{\"@id\":\"https:\\\/\\\/www.caudete.org\\\/ayuntamiento\\\/novedades-en-el-suministro-energia-electrica-a-partir-del-01-julio\\\/\"},\"author\":{\"name\":\"ayun\",\"@id\":\"https:\\\/\\\/www.caudete.org\\\/ayuntamiento\\\/#\\\/schema\\\/person\\\/79f7e19fdd176fc2bc7a289013dc2056\"},\"headline\":\"NOVEDADES EN EL SUMINISTRO ENERG\u00cdA EL\u00c9CTRICA A PARTIR DEL 01 JULIO\",\"datePublished\":\"2020-12-06T16:40:54+00:00\",\"dateModified\":\"2020-12-14T18:15:43+00:00\",\"mainEntityOfPage\":{\"@id\":\"https:\\\/\\\/www.caudete.org\\\/ayuntamiento\\\/novedades-en-el-suministro-energia-electrica-a-partir-del-01-julio\\\/\"},\"wordCount\":387,\"image\":{\"@id\":\"https:\\\/\\\/www.caudete.org\\\/ayuntamiento\\\/novedades-en-el-suministro-energia-electrica-a-partir-del-01-julio\\\/#primaryimage\"},\"thumbnailUrl\":\"https:\\\/\\\/www.caudete.org\\\/ayuntamiento\\\/wp-content\\\/uploads\\\/2020\\\/12\\\/omic-bons.jpg\",\"articleSection\":[\"omic-noticias\"],\"inLanguage\":\"es\"},{\"@type\":\"WebPage\",\"@id\":\"https:\\\/\\\/www.caudete.org\\\/ayuntamiento\\\/novedades-en-el-suministro-energia-electrica-a-partir-del-01-julio\\\/\",\"url\":\"https:\\\/\\\/www.caudete.org\\\/ayuntamiento\\\/novedades-en-el-suministro-energia-electrica-a-partir-del-01-julio\\\/\",\"name\":\"NOVEDADES EN EL SUMINISTRO ENERG\u00cdA EL\u00c9CTRICA A PARTIR DEL 01 JULIO - MI Ayuntamiento de Caudete\",\"isPartOf\":{\"@id\":\"https:\\\/\\\/www.caudete.org\\\/ayuntamiento\\\/#website\"},\"primaryImageOfPage\":{\"@id\":\"https:\\\/\\\/www.caudete.org\\\/ayuntamiento\\\/novedades-en-el-suministro-energia-electrica-a-partir-del-01-julio\\\/#primaryimage\"},\"image\":{\"@id\":\"https:\\\/\\\/www.caudete.org\\\/ayuntamiento\\\/novedades-en-el-suministro-energia-electrica-a-partir-del-01-julio\\\/#primaryimage\"},\"thumbnailUrl\":\"https:\\\/\\\/www.caudete.org\\\/ayuntamiento\\\/wp-content\\\/uploads\\\/2020\\\/12\\\/omic-bons.jpg\",\"datePublished\":\"2020-12-06T16:40:54+00:00\",\"dateModified\":\"2020-12-14T18:15:43+00:00\",\"author\":{\"@id\":\"https:\\\/\\\/www.caudete.org\\\/ayuntamiento\\\/#\\\/schema\\\/person\\\/79f7e19fdd176fc2bc7a289013dc2056\"},\"description\":\"P\u00e1gina Oficial del Ayuntamiento de Caudete (Albacete)\",\"breadcrumb\":{\"@id\":\"https:\\\/\\\/www.caudete.org\\\/ayuntamiento\\\/novedades-en-el-suministro-energia-electrica-a-partir-del-01-julio\\\/#breadcrumb\"},\"inLanguage\":\"es\",\"potentialAction\":[{\"@type\":\"ReadAction\",\"target\":[\"https:\\\/\\\/www.caudete.org\\\/ayuntamiento\\\/novedades-en-el-suministro-energia-electrica-a-partir-del-01-julio\\\/\"]}]},{\"@type\":\"ImageObject\",\"inLanguage\":\"es\",\"@id\":\"https:\\\/\\\/www.caudete.org\\\/ayuntamiento\\\/novedades-en-el-suministro-energia-electrica-a-partir-del-01-julio\\\/#primaryimage\",\"url\":\"https:\\\/\\\/www.caudete.org\\\/ayuntamiento\\\/wp-content\\\/uploads\\\/2020\\\/12\\\/omic-bons.jpg\",\"contentUrl\":\"https:\\\/\\\/www.caudete.org\\\/ayuntamiento\\\/wp-content\\\/uploads\\\/2020\\\/12\\\/omic-bons.jpg\",\"width\":491,\"height\":282},{\"@type\":\"BreadcrumbList\",\"@id\":\"https:\\\/\\\/www.caudete.org\\\/ayuntamiento\\\/novedades-en-el-suministro-energia-electrica-a-partir-del-01-julio\\\/#breadcrumb\",\"itemListElement\":[{\"@type\":\"ListItem\",\"position\":1,\"name\":\"Inicio\",\"item\":\"https:\\\/\\\/www.caudete.org\\\/ayuntamiento\\\/\"},{\"@type\":\"ListItem\",\"position\":2,\"name\":\"NOVEDADES EN EL SUMINISTRO ENERG\u00cdA EL\u00c9CTRICA A PARTIR DEL 01 JULIO\"}]},{\"@type\":\"WebSite\",\"@id\":\"https:\\\/\\\/www.caudete.org\\\/ayuntamiento\\\/#website\",\"url\":\"https:\\\/\\\/www.caudete.org\\\/ayuntamiento\\\/\",\"name\":\"MI Ayuntamiento de Caudete\",\"description\":\"P\u00e1gina Oficial del MI Ayuntamiento de Caudete\",\"potentialAction\":[{\"@type\":\"SearchAction\",\"target\":{\"@type\":\"EntryPoint\",\"urlTemplate\":\"https:\\\/\\\/www.caudete.org\\\/ayuntamiento\\\/?s={search_term_string}\"},\"query-input\":{\"@type\":\"PropertyValueSpecification\",\"valueRequired\":true,\"valueName\":\"search_term_string\"}}],\"inLanguage\":\"es\"},{\"@type\":\"Person\",\"@id\":\"https:\\\/\\\/www.caudete.org\\\/ayuntamiento\\\/#\\\/schema\\\/person\\\/79f7e19fdd176fc2bc7a289013dc2056\",\"name\":\"ayun\",\"image\":{\"@type\":\"ImageObject\",\"inLanguage\":\"es\",\"@id\":\"https:\\\/\\\/secure.gravatar.com\\\/avatar\\\/4ce797ee07c943e7e592f8cd648e503e6cd571387558ed07135799c2bd2847df?s=96&d=mm&r=g\",\"url\":\"https:\\\/\\\/secure.gravatar.com\\\/avatar\\\/4ce797ee07c943e7e592f8cd648e503e6cd571387558ed07135799c2bd2847df?s=96&d=mm&r=g\",\"contentUrl\":\"https:\\\/\\\/secure.gravatar.com\\\/avatar\\\/4ce797ee07c943e7e592f8cd648e503e6cd571387558ed07135799c2bd2847df?s=96&d=mm&r=g\",\"caption\":\"ayun\"},\"sameAs\":[\"http:\\\/\\\/www.caudete.org\\\/ayuntamiento\"],\"url\":\"https:\\\/\\\/www.caudete.org\\\/ayuntamiento\\\/author\\\/ayun\\\/\"}]}<\/script>\n<!-- \/ Yoast SEO plugin. -->","yoast_head_json":{"title":"NOVEDADES EN EL SUMINISTRO ENERG\u00cdA EL\u00c9CTRICA A PARTIR DEL 01 JULIO - MI Ayuntamiento de Caudete","description":"P\u00e1gina Oficial del Ayuntamiento de Caudete (Albacete)","robots":{"index":"index","follow":"follow","max-snippet":"max-snippet:-1","max-image-preview":"max-image-preview:large","max-video-preview":"max-video-preview:-1"},"canonical":"https:\/\/www.caudete.org\/ayuntamiento\/novedades-en-el-suministro-energia-electrica-a-partir-del-01-julio\/","og_locale":"es_ES","og_type":"article","og_title":"NOVEDADES EN EL SUMINISTRO ENERG\u00cdA EL\u00c9CTRICA A PARTIR DEL 01 JULIO - MI Ayuntamiento de Caudete","og_description":"P\u00e1gina Oficial del Ayuntamiento de Caudete (Albacete)","og_url":"https:\/\/www.caudete.org\/ayuntamiento\/novedades-en-el-suministro-energia-electrica-a-partir-del-01-julio\/","og_site_name":"MI Ayuntamiento de Caudete","article_publisher":"https:\/\/www.facebook.com\/ayuntamientocaudete\/","article_published_time":"2020-12-06T16:40:54+00:00","article_modified_time":"2020-12-14T18:15:43+00:00","og_image":[{"width":491,"height":282,"url":"https:\/\/www.caudete.org\/ayuntamiento\/wp-content\/uploads\/2020\/12\/omic-bons.jpg","type":"image\/jpeg"}],"author":"ayun","twitter_card":"summary_large_image","twitter_misc":{"Escrito por":"ayun","Tiempo de lectura":"2 minutos"},"schema":{"@context":"https:\/\/schema.org","@graph":[{"@type":"Article","@id":"https:\/\/www.caudete.org\/ayuntamiento\/novedades-en-el-suministro-energia-electrica-a-partir-del-01-julio\/#article","isPartOf":{"@id":"https:\/\/www.caudete.org\/ayuntamiento\/novedades-en-el-suministro-energia-electrica-a-partir-del-01-julio\/"},"author":{"name":"ayun","@id":"https:\/\/www.caudete.org\/ayuntamiento\/#\/schema\/person\/79f7e19fdd176fc2bc7a289013dc2056"},"headline":"NOVEDADES EN EL SUMINISTRO ENERG\u00cdA EL\u00c9CTRICA A PARTIR DEL 01 JULIO","datePublished":"2020-12-06T16:40:54+00:00","dateModified":"2020-12-14T18:15:43+00:00","mainEntityOfPage":{"@id":"https:\/\/www.caudete.org\/ayuntamiento\/novedades-en-el-suministro-energia-electrica-a-partir-del-01-julio\/"},"wordCount":387,"image":{"@id":"https:\/\/www.caudete.org\/ayuntamiento\/novedades-en-el-suministro-energia-electrica-a-partir-del-01-julio\/#primaryimage"},"thumbnailUrl":"https:\/\/www.caudete.org\/ayuntamiento\/wp-content\/uploads\/2020\/12\/omic-bons.jpg","articleSection":["omic-noticias"],"inLanguage":"es"},{"@type":"WebPage","@id":"https:\/\/www.caudete.org\/ayuntamiento\/novedades-en-el-suministro-energia-electrica-a-partir-del-01-julio\/","url":"https:\/\/www.caudete.org\/ayuntamiento\/novedades-en-el-suministro-energia-electrica-a-partir-del-01-julio\/","name":"NOVEDADES EN EL SUMINISTRO ENERG\u00cdA EL\u00c9CTRICA A PARTIR DEL 01 JULIO - MI Ayuntamiento de Caudete","isPartOf":{"@id":"https:\/\/www.caudete.org\/ayuntamiento\/#website"},"primaryImageOfPage":{"@id":"https:\/\/www.caudete.org\/ayuntamiento\/novedades-en-el-suministro-energia-electrica-a-partir-del-01-julio\/#primaryimage"},"image":{"@id":"https:\/\/www.caudete.org\/ayuntamiento\/novedades-en-el-suministro-energia-electrica-a-partir-del-01-julio\/#primaryimage"},"thumbnailUrl":"https:\/\/www.caudete.org\/ayuntamiento\/wp-content\/uploads\/2020\/12\/omic-bons.jpg","datePublished":"2020-12-06T16:40:54+00:00","dateModified":"2020-12-14T18:15:43+00:00","author":{"@id":"https:\/\/www.caudete.org\/ayuntamiento\/#\/schema\/person\/79f7e19fdd176fc2bc7a289013dc2056"},"description":"P\u00e1gina Oficial del Ayuntamiento de Caudete (Albacete)","breadcrumb":{"@id":"https:\/\/www.caudete.org\/ayuntamiento\/novedades-en-el-suministro-energia-electrica-a-partir-del-01-julio\/#breadcrumb"},"inLanguage":"es","potentialAction":[{"@type":"ReadAction","target":["https:\/\/www.caudete.org\/ayuntamiento\/novedades-en-el-suministro-energia-electrica-a-partir-del-01-julio\/"]}]},{"@type":"ImageObject","inLanguage":"es","@id":"https:\/\/www.caudete.org\/ayuntamiento\/novedades-en-el-suministro-energia-electrica-a-partir-del-01-julio\/#primaryimage","url":"https:\/\/www.caudete.org\/ayuntamiento\/wp-content\/uploads\/2020\/12\/omic-bons.jpg","contentUrl":"https:\/\/www.caudete.org\/ayuntamiento\/wp-content\/uploads\/2020\/12\/omic-bons.jpg","width":491,"height":282},{"@type":"BreadcrumbList","@id":"https:\/\/www.caudete.org\/ayuntamiento\/novedades-en-el-suministro-energia-electrica-a-partir-del-01-julio\/#breadcrumb","itemListElement":[{"@type":"ListItem","position":1,"name":"Inicio","item":"https:\/\/www.caudete.org\/ayuntamiento\/"},{"@type":"ListItem","position":2,"name":"NOVEDADES EN EL SUMINISTRO ENERG\u00cdA EL\u00c9CTRICA A PARTIR DEL 01 JULIO"}]},{"@type":"WebSite","@id":"https:\/\/www.caudete.org\/ayuntamiento\/#website","url":"https:\/\/www.caudete.org\/ayuntamiento\/","name":"MI Ayuntamiento de Caudete","description":"P\u00e1gina Oficial del MI Ayuntamiento de Caudete","potentialAction":[{"@type":"SearchAction","target":{"@type":"EntryPoint","urlTemplate":"https:\/\/www.caudete.org\/ayuntamiento\/?s={search_term_string}"},"query-input":{"@type":"PropertyValueSpecification","valueRequired":true,"valueName":"search_term_string"}}],"inLanguage":"es"},{"@type":"Person","@id":"https:\/\/www.caudete.org\/ayuntamiento\/#\/schema\/person\/79f7e19fdd176fc2bc7a289013dc2056","name":"ayun","image":{"@type":"ImageObject","inLanguage":"es","@id":"https:\/\/secure.gravatar.com\/avatar\/4ce797ee07c943e7e592f8cd648e503e6cd571387558ed07135799c2bd2847df?s=96&d=mm&r=g","url":"https:\/\/secure.gravatar.com\/avatar\/4ce797ee07c943e7e592f8cd648e503e6cd571387558ed07135799c2bd2847df?s=96&d=mm&r=g","contentUrl":"https:\/\/secure.gravatar.com\/avatar\/4ce797ee07c943e7e592f8cd648e503e6cd571387558ed07135799c2bd2847df?s=96&d=mm&r=g","caption":"ayun"},"sameAs":["http:\/\/www.caudete.org\/ayuntamiento"],"url":"https:\/\/www.caudete.org\/ayuntamiento\/author\/ayun\/"}]}},"_links":{"self":[{"href":"https:\/\/www.caudete.org\/ayuntamiento\/wp-json\/wp\/v2\/posts\/7655","targetHints":{"allow":["GET"]}}],"collection":[{"href":"https:\/\/www.caudete.org\/ayuntamiento\/wp-json\/wp\/v2\/posts"}],"about":[{"href":"https:\/\/www.caudete.org\/ayuntamiento\/wp-json\/wp\/v2\/types\/post"}],"author":[{"embeddable":true,"href":"https:\/\/www.caudete.org\/ayuntamiento\/wp-json\/wp\/v2\/users\/1"}],"replies":[{"embeddable":true,"href":"https:\/\/www.caudete.org\/ayuntamiento\/wp-json\/wp\/v2\/comments?post=7655"}],"version-history":[{"count":3,"href":"https:\/\/www.caudete.org\/ayuntamiento\/wp-json\/wp\/v2\/posts\/7655\/revisions"}],"predecessor-version":[{"id":9417,"href":"https:\/\/www.caudete.org\/ayuntamiento\/wp-json\/wp\/v2\/posts\/7655\/revisions\/9417"}],"wp:featuredmedia":[{"embeddable":true,"href":"https:\/\/www.caudete.org\/ayuntamiento\/wp-json\/wp\/v2\/media\/7602"}],"wp:attachment":[{"href":"https:\/\/www.caudete.org\/ayuntamiento\/wp-json\/wp\/v2\/media?parent=7655"}],"wp:term":[{"taxonomy":"category","embeddable":true,"href":"https:\/\/www.caudete.org\/ayuntamiento\/wp-json\/wp\/v2\/categories?post=7655"},{"taxonomy":"post_tag","embeddable":true,"href":"https:\/\/www.caudete.org\/ayuntamiento\/wp-json\/wp\/v2\/tags?post=7655"}],"curies":[{"name":"wp","href":"https:\/\/api.w.org\/{rel}","templated":true}]}}