{"id":7661,"date":"2020-12-06T17:44:34","date_gmt":"2020-12-06T16:44:34","guid":{"rendered":"http:\/\/www.caudete.org\/ayuntamiento\/?p=7661"},"modified":"2020-12-14T19:15:09","modified_gmt":"2020-12-14T18:15:09","slug":"liberalizacion-del-sector-electrico-como-elegir-la-mejor-oferta","status":"publish","type":"post","link":"https:\/\/www.caudete.org\/ayuntamiento\/liberalizacion-del-sector-electrico-como-elegir-la-mejor-oferta\/","title":{"rendered":"LIBERALIZACI\u00d3N DEL SECTOR EL\u00c9CTRICO: c\u00f3mo elegir la mejor oferta"},"content":{"rendered":"<p style=\"text-align: justify;\">Las tarifas actuales desaparecer\u00e1n, por lo que habr\u00e1 que elegir entre la nueva Tarifa de \u00daltimo Recurso (TUR) o la oferta de otra empresa comercializadora en libre mercado.<\/p>\n<p style=\"text-align: justify;\">En su d\u00eda ya lo hicieron sectores como el de la telefon\u00eda fija y, m\u00e1s recientemente, el del gas. El pr\u00f3ximo 1 de julio es la fecha elegida para que la liberalizaci\u00f3n del suministro el\u00e9ctrico llegue a nuestro pa\u00eds. En menos de un mes m\u00e1s de 20 millones de consumidores podr\u00e1n, si as\u00ed lo desean, salir al mercado libre. \u00bfQu\u00e9 significa esto? Que cada consumidor, al igual que busca la gasolina m\u00e1s barata o las tarifas de telefon\u00eda que mejor se adaptan a sus necesidades, tendr\u00e1 la oportunidad de buscar y contratar el plan que m\u00e1s le convengan entre la oferta de suministradores que operen en el mercado.<br \/>\nEl mercado se abrir\u00e1 y podremos contratar el suministro el\u00e9ctrico con aquella compa\u00f1\u00eda que, seg\u00fan sus propias ofertas, nos resulte m\u00e1s interesante, con independencia de la zona geogr\u00e1fica en la que se sit\u00fae nuestro negocio o domicilio.<\/p>\n<p><b>SI VA A SALIR AL MERCADO LIBRE:<\/b><br \/>\n1) Aseg\u00farese de cu\u00e1l es el consumo anual de luz, los h\u00e1bitos en la utilizaci\u00f3n de la energ\u00eda el\u00e9ctrica y la potencia contratada. A partir de estos datos se valorar\u00e1 si las ofertas de las otras compa\u00f1\u00edas se ajustan a las necesidades reales de cada hogar.<\/p>\n<p>2) No vale el viejo dicho de &#8220;mejor que sobre y no que falte&#8221;: si se acepta una oferta que incluya un t\u00e9rmino de potencia superior al necesario, a la larga se pagar\u00e1 por un servicio que no se utiliza.<\/p>\n<p>3) Si est\u00e1 decidido a salir al mercado libre, busque y compare entre varios planes de precio que oferten distintas comercializadoras. No se deje llevar por los &#8220;descuentazos&#8221; que le ofrezcan durante el primer a\u00f1o, pregunte por las condiciones para a\u00f1os siguientes y haga c\u00e1lculos.<\/p>\n<p>4) Su actual compa\u00f1\u00eda le har\u00e1 llegar en los pr\u00f3ximos d\u00edas una circular inform\u00e1ndole del cambio que se avecina. En ella encontrar\u00e1 un listado con el nombre y los tel\u00e9fonos de las empresas comercializadoras de luz. Adem\u00e1s, en la web de la Comisi\u00f3n Nacional de Energ\u00eda puede consultar una lista de las empresas autorizadas.<\/p>\n<p>5) El precio no es lo \u00fanico importante; antes de formalizar el contrato debe conocer cu\u00e1l es la pol\u00edtica con la que actuar\u00e1 la nueva empresa comercializadora en caso de aver\u00eda, la calidad de su servicio de atenci\u00f3n al cliente, el periodo de facturaci\u00f3n que establece y su forma de pago.<\/p>\n<p>6) Si finalmente la oferta se acepta, conviene consultar antes con el suministrador cu\u00e1l ser\u00e1 el proceso para hacer el traspaso: documentaci\u00f3n que se debe presentar, el tiempo que se tarda en efectuar el cambio y qui\u00e9n se encargar\u00e1 de realizar el tr\u00e1mite: \u00bfel consumidor o la nueva suministradora?<\/p>\n<p>7) Es importante recordar que ante su marcha, la anterior compa\u00f1\u00eda le exigir\u00e1 saldar las cantidades econ\u00f3micas que tenga pendientes por abonar. Esto no quiere decir que le est\u00e9n cobrando por salir al mercado libre, no hay ninguna penalizaci\u00f3n por hacerlo.<\/p>\n<p>8) Exija en todo momento un contrato por escrito, con doble ejemplar, fechado y sellado. Tanto si hemos aceptado la oferta en un establecimiento comercial como si lo hemos hecho por tel\u00e9fono o tras la visita de un comercial, no hay que olvidarse de reclamar una copia del contrato.<\/p>\n<p>9) Antes de firmarlo, l\u00e9alo con detenimiento y aseg\u00farese de que entiende todas las cl\u00e1usulas que incluye el documento. Si no fuera el caso, pregunte para despejar sus dudas.<\/p>\n<p>10) No firme ning\u00fan documento en blanco, y no facilite datos personales ni bancarios si no est\u00e1 convencido de hacer el cambio.<\/p>\n<p><b>\u00bfQu\u00e9 es la tarifa de \u00faltimo recurso?<\/b><br \/>\nLlegado el d\u00eda 1 de julio, y si el consumidor no ha aceptado ninguna oferta por parte del resto de compa\u00f1\u00edas comercializadoras, pasar\u00e1 autom\u00e1ticamente a tener la tarifa de \u00faltimo recurso (TUR), normalmente con la comercializadora de su propia distribuidora.<br \/>\nLa TUR es una tarifa fija que se revisar\u00e1 cada tres meses y con la que el Gobierno fijar\u00e1 el precio m\u00e1ximo al que las comercializadoras autorizadas cobrar\u00e1n la electricidad a quienes que se registren como usuarios de \u00faltimo recurso.<\/p>\n<p><b>Llega el 1 de julio, \u00bfqu\u00e9 debemos hacer? <\/b><br \/>\nAhora bien, \u00bfser\u00e1 m\u00e1s cara o m\u00e1s barata la TUR que las ofertas que nos puedan ofrecer las empresas comercializadoras? \u00bfcu\u00e1l de las dos interesar\u00e1 m\u00e1s al consumidor? Lo cierto es que en la actualidad estas preguntas no se pueden contestar. A\u00fan no se conocen cu\u00e1les ser\u00e1n las condiciones econ\u00f3micas de la nueva tarifa de \u00faltimo recurso (TUR) pues el Ministerio de Industria sigue negociando este punto con las compa\u00f1\u00edas el\u00e9ctricas. Lo que s\u00ed es seguro es que al suscribirla, el ciudadano no deber\u00e1 hacer frente a ning\u00fan compromiso de permanencia por lo que podr\u00e1 dejarla cuando \u00e9l quiera, y salir al mercado libre sin ning\u00fan tipo de penalizaci\u00f3n. Por ello mismo, no hay por qu\u00e9 apresurarse en la toma de decisiones.<\/p>\n<p>El 1 de julio, si nuestra potencia contratada es <b>menor o igual a 10kW,<\/b>tendremos la posibilidad de acogernos a la TUR o buscar ofertas en el mercado libre, por eso lo m\u00e1s recomendable es actuar con cautela y esperar a que las condiciones econ\u00f3micas de la nueva tarifa regulada por el Gobierno se aclaren. Una vez que esto suceda, deberemos comprobar cu\u00e1l de las dos opciones nos conviene m\u00e1s.<\/p>\n<p>Si se considera la posibilidad de pasarse al mercado libre, se deben extremar las precauciones. La regla de oro que hay que tener en cuenta es que no s\u00f3lo debemos fijarnos en las ofertas promocionales que nos hagan las comercializadoras para captar clientela. Suelen tener una duraci\u00f3n limitada en el tiempo y, una vez finalizada la promoci\u00f3n, el precio del servicio nada tiene que ver con el inicial. Por eso hay que prestar atenci\u00f3n a todas las cl\u00e1usulas aplicables y, al igual que ocurre con las operadoras de telefon\u00eda m\u00f3vil o con los proveedores de banda ancha, los contratos incluir\u00e1n un compromiso de permanencia m\u00ednimo, cuya duraci\u00f3n a\u00fan se tiene que fijar.<\/p>\n<p><b>\u00bfQu\u00e9 ocurre si mi potencia contratada es superior a 10 kilovatios?<\/b><br \/>\nSer\u00e1 necesario contratar con una empresa comercializadora a mercado libre antes del 1 de julio de 2009. En caso contrario, el contrato ser\u00e1 asumido por la empresa comercializadora de \u00faltimo recurso del grupo empresarial propietario de la red de distribuci\u00f3n de la zona, a un precio superior, que se podr\u00e1 incrementar progresivamente.<\/p>\n","protected":false},"excerpt":{"rendered":"<p>Las tarifas actuales desaparecer\u00e1n, por lo que habr\u00e1 que elegir entre la nueva Tarifa de \u00daltimo Recurso (TUR) o la oferta de otra empresa comercializadora en libre mercado. En su d\u00eda ya lo hicieron sectores como el de la telefon\u00eda fija y, m\u00e1s recientemente, el del gas. El pr\u00f3ximo 1 de julio es la fecha &hellip;<\/p>\n","protected":false},"author":1,"featured_media":7662,"comment_status":"closed","ping_status":"open","sticky":false,"template":"","format":"standard","meta":{"ngg_post_thumbnail":0,"footnotes":""},"categories":[110],"tags":[],"class_list":["post-7661","post","type-post","status-publish","format-standard","has-post-thumbnail","hentry","category-omic-noticias"],"yoast_head":"<!-- This site is optimized with the Yoast SEO plugin v27.5 - https:\/\/yoast.com\/product\/yoast-seo-wordpress\/ -->\n<title>LIBERALIZACI\u00d3N DEL SECTOR EL\u00c9CTRICO: c\u00f3mo elegir la mejor oferta - MI Ayuntamiento de Caudete<\/title>\n<meta name=\"description\" content=\"P\u00e1gina Oficial del Ayuntamiento de Caudete (Albacete)\" \/>\n<meta name=\"robots\" content=\"index, follow, max-snippet:-1, max-image-preview:large, max-video-preview:-1\" \/>\n<link rel=\"canonical\" href=\"https:\/\/www.caudete.org\/ayuntamiento\/liberalizacion-del-sector-electrico-como-elegir-la-mejor-oferta\/\" \/>\n<meta property=\"og:locale\" content=\"es_ES\" \/>\n<meta property=\"og:type\" content=\"article\" \/>\n<meta property=\"og:title\" content=\"LIBERALIZACI\u00d3N DEL SECTOR EL\u00c9CTRICO: c\u00f3mo elegir la mejor oferta - MI Ayuntamiento de Caudete\" \/>\n<meta property=\"og:description\" content=\"P\u00e1gina Oficial del Ayuntamiento de Caudete (Albacete)\" \/>\n<meta property=\"og:url\" content=\"https:\/\/www.caudete.org\/ayuntamiento\/liberalizacion-del-sector-electrico-como-elegir-la-mejor-oferta\/\" \/>\n<meta property=\"og:site_name\" content=\"MI Ayuntamiento de Caudete\" \/>\n<meta property=\"article:publisher\" content=\"https:\/\/www.facebook.com\/ayuntamientocaudete\/\" \/>\n<meta property=\"article:published_time\" content=\"2020-12-06T16:44:34+00:00\" \/>\n<meta property=\"article:modified_time\" content=\"2020-12-14T18:15:09+00:00\" \/>\n<meta property=\"og:image\" content=\"https:\/\/www.caudete.org\/ayuntamiento\/wp-content\/uploads\/2020\/12\/pmic-enchf.jpg\" \/>\n\t<meta property=\"og:image:width\" content=\"200\" \/>\n\t<meta property=\"og:image:height\" content=\"220\" \/>\n\t<meta property=\"og:image:type\" content=\"image\/jpeg\" \/>\n<meta name=\"author\" content=\"ayun\" \/>\n<meta name=\"twitter:card\" content=\"summary_large_image\" \/>\n<meta name=\"twitter:label1\" content=\"Escrito por\" \/>\n\t<meta name=\"twitter:data1\" content=\"ayun\" \/>\n\t<meta name=\"twitter:label2\" content=\"Tiempo de lectura\" \/>\n\t<meta name=\"twitter:data2\" content=\"6 minutos\" \/>\n<script type=\"application\/ld+json\" class=\"yoast-schema-graph\">{\"@context\":\"https:\\\/\\\/schema.org\",\"@graph\":[{\"@type\":\"Article\",\"@id\":\"https:\\\/\\\/www.caudete.org\\\/ayuntamiento\\\/liberalizacion-del-sector-electrico-como-elegir-la-mejor-oferta\\\/#article\",\"isPartOf\":{\"@id\":\"https:\\\/\\\/www.caudete.org\\\/ayuntamiento\\\/liberalizacion-del-sector-electrico-como-elegir-la-mejor-oferta\\\/\"},\"author\":{\"name\":\"ayun\",\"@id\":\"https:\\\/\\\/www.caudete.org\\\/ayuntamiento\\\/#\\\/schema\\\/person\\\/79f7e19fdd176fc2bc7a289013dc2056\"},\"headline\":\"LIBERALIZACI\u00d3N DEL SECTOR EL\u00c9CTRICO: c\u00f3mo elegir la mejor oferta\",\"datePublished\":\"2020-12-06T16:44:34+00:00\",\"dateModified\":\"2020-12-14T18:15:09+00:00\",\"mainEntityOfPage\":{\"@id\":\"https:\\\/\\\/www.caudete.org\\\/ayuntamiento\\\/liberalizacion-del-sector-electrico-como-elegir-la-mejor-oferta\\\/\"},\"wordCount\":1152,\"image\":{\"@id\":\"https:\\\/\\\/www.caudete.org\\\/ayuntamiento\\\/liberalizacion-del-sector-electrico-como-elegir-la-mejor-oferta\\\/#primaryimage\"},\"thumbnailUrl\":\"https:\\\/\\\/www.caudete.org\\\/ayuntamiento\\\/wp-content\\\/uploads\\\/2020\\\/12\\\/pmic-enchf.jpg\",\"articleSection\":[\"omic-noticias\"],\"inLanguage\":\"es\"},{\"@type\":\"WebPage\",\"@id\":\"https:\\\/\\\/www.caudete.org\\\/ayuntamiento\\\/liberalizacion-del-sector-electrico-como-elegir-la-mejor-oferta\\\/\",\"url\":\"https:\\\/\\\/www.caudete.org\\\/ayuntamiento\\\/liberalizacion-del-sector-electrico-como-elegir-la-mejor-oferta\\\/\",\"name\":\"LIBERALIZACI\u00d3N DEL SECTOR EL\u00c9CTRICO: c\u00f3mo elegir la mejor oferta - MI Ayuntamiento de Caudete\",\"isPartOf\":{\"@id\":\"https:\\\/\\\/www.caudete.org\\\/ayuntamiento\\\/#website\"},\"primaryImageOfPage\":{\"@id\":\"https:\\\/\\\/www.caudete.org\\\/ayuntamiento\\\/liberalizacion-del-sector-electrico-como-elegir-la-mejor-oferta\\\/#primaryimage\"},\"image\":{\"@id\":\"https:\\\/\\\/www.caudete.org\\\/ayuntamiento\\\/liberalizacion-del-sector-electrico-como-elegir-la-mejor-oferta\\\/#primaryimage\"},\"thumbnailUrl\":\"https:\\\/\\\/www.caudete.org\\\/ayuntamiento\\\/wp-content\\\/uploads\\\/2020\\\/12\\\/pmic-enchf.jpg\",\"datePublished\":\"2020-12-06T16:44:34+00:00\",\"dateModified\":\"2020-12-14T18:15:09+00:00\",\"author\":{\"@id\":\"https:\\\/\\\/www.caudete.org\\\/ayuntamiento\\\/#\\\/schema\\\/person\\\/79f7e19fdd176fc2bc7a289013dc2056\"},\"description\":\"P\u00e1gina Oficial del Ayuntamiento de Caudete (Albacete)\",\"breadcrumb\":{\"@id\":\"https:\\\/\\\/www.caudete.org\\\/ayuntamiento\\\/liberalizacion-del-sector-electrico-como-elegir-la-mejor-oferta\\\/#breadcrumb\"},\"inLanguage\":\"es\",\"potentialAction\":[{\"@type\":\"ReadAction\",\"target\":[\"https:\\\/\\\/www.caudete.org\\\/ayuntamiento\\\/liberalizacion-del-sector-electrico-como-elegir-la-mejor-oferta\\\/\"]}]},{\"@type\":\"ImageObject\",\"inLanguage\":\"es\",\"@id\":\"https:\\\/\\\/www.caudete.org\\\/ayuntamiento\\\/liberalizacion-del-sector-electrico-como-elegir-la-mejor-oferta\\\/#primaryimage\",\"url\":\"https:\\\/\\\/www.caudete.org\\\/ayuntamiento\\\/wp-content\\\/uploads\\\/2020\\\/12\\\/pmic-enchf.jpg\",\"contentUrl\":\"https:\\\/\\\/www.caudete.org\\\/ayuntamiento\\\/wp-content\\\/uploads\\\/2020\\\/12\\\/pmic-enchf.jpg\",\"width\":200,\"height\":220},{\"@type\":\"BreadcrumbList\",\"@id\":\"https:\\\/\\\/www.caudete.org\\\/ayuntamiento\\\/liberalizacion-del-sector-electrico-como-elegir-la-mejor-oferta\\\/#breadcrumb\",\"itemListElement\":[{\"@type\":\"ListItem\",\"position\":1,\"name\":\"Inicio\",\"item\":\"https:\\\/\\\/www.caudete.org\\\/ayuntamiento\\\/\"},{\"@type\":\"ListItem\",\"position\":2,\"name\":\"LIBERALIZACI\u00d3N DEL SECTOR EL\u00c9CTRICO: c\u00f3mo elegir la mejor oferta\"}]},{\"@type\":\"WebSite\",\"@id\":\"https:\\\/\\\/www.caudete.org\\\/ayuntamiento\\\/#website\",\"url\":\"https:\\\/\\\/www.caudete.org\\\/ayuntamiento\\\/\",\"name\":\"MI Ayuntamiento de Caudete\",\"description\":\"P\u00e1gina Oficial del MI Ayuntamiento de Caudete\",\"potentialAction\":[{\"@type\":\"SearchAction\",\"target\":{\"@type\":\"EntryPoint\",\"urlTemplate\":\"https:\\\/\\\/www.caudete.org\\\/ayuntamiento\\\/?s={search_term_string}\"},\"query-input\":{\"@type\":\"PropertyValueSpecification\",\"valueRequired\":true,\"valueName\":\"search_term_string\"}}],\"inLanguage\":\"es\"},{\"@type\":\"Person\",\"@id\":\"https:\\\/\\\/www.caudete.org\\\/ayuntamiento\\\/#\\\/schema\\\/person\\\/79f7e19fdd176fc2bc7a289013dc2056\",\"name\":\"ayun\",\"image\":{\"@type\":\"ImageObject\",\"inLanguage\":\"es\",\"@id\":\"https:\\\/\\\/secure.gravatar.com\\\/avatar\\\/4ce797ee07c943e7e592f8cd648e503e6cd571387558ed07135799c2bd2847df?s=96&d=mm&r=g\",\"url\":\"https:\\\/\\\/secure.gravatar.com\\\/avatar\\\/4ce797ee07c943e7e592f8cd648e503e6cd571387558ed07135799c2bd2847df?s=96&d=mm&r=g\",\"contentUrl\":\"https:\\\/\\\/secure.gravatar.com\\\/avatar\\\/4ce797ee07c943e7e592f8cd648e503e6cd571387558ed07135799c2bd2847df?s=96&d=mm&r=g\",\"caption\":\"ayun\"},\"sameAs\":[\"http:\\\/\\\/www.caudete.org\\\/ayuntamiento\"],\"url\":\"https:\\\/\\\/www.caudete.org\\\/ayuntamiento\\\/author\\\/ayun\\\/\"}]}<\/script>\n<!-- \/ Yoast SEO plugin. -->","yoast_head_json":{"title":"LIBERALIZACI\u00d3N DEL SECTOR EL\u00c9CTRICO: c\u00f3mo elegir la mejor oferta - MI Ayuntamiento de Caudete","description":"P\u00e1gina Oficial del Ayuntamiento de Caudete (Albacete)","robots":{"index":"index","follow":"follow","max-snippet":"max-snippet:-1","max-image-preview":"max-image-preview:large","max-video-preview":"max-video-preview:-1"},"canonical":"https:\/\/www.caudete.org\/ayuntamiento\/liberalizacion-del-sector-electrico-como-elegir-la-mejor-oferta\/","og_locale":"es_ES","og_type":"article","og_title":"LIBERALIZACI\u00d3N DEL SECTOR EL\u00c9CTRICO: c\u00f3mo elegir la mejor oferta - MI Ayuntamiento de Caudete","og_description":"P\u00e1gina Oficial del Ayuntamiento de Caudete (Albacete)","og_url":"https:\/\/www.caudete.org\/ayuntamiento\/liberalizacion-del-sector-electrico-como-elegir-la-mejor-oferta\/","og_site_name":"MI Ayuntamiento de Caudete","article_publisher":"https:\/\/www.facebook.com\/ayuntamientocaudete\/","article_published_time":"2020-12-06T16:44:34+00:00","article_modified_time":"2020-12-14T18:15:09+00:00","og_image":[{"width":200,"height":220,"url":"https:\/\/www.caudete.org\/ayuntamiento\/wp-content\/uploads\/2020\/12\/pmic-enchf.jpg","type":"image\/jpeg"}],"author":"ayun","twitter_card":"summary_large_image","twitter_misc":{"Escrito por":"ayun","Tiempo de lectura":"6 minutos"},"schema":{"@context":"https:\/\/schema.org","@graph":[{"@type":"Article","@id":"https:\/\/www.caudete.org\/ayuntamiento\/liberalizacion-del-sector-electrico-como-elegir-la-mejor-oferta\/#article","isPartOf":{"@id":"https:\/\/www.caudete.org\/ayuntamiento\/liberalizacion-del-sector-electrico-como-elegir-la-mejor-oferta\/"},"author":{"name":"ayun","@id":"https:\/\/www.caudete.org\/ayuntamiento\/#\/schema\/person\/79f7e19fdd176fc2bc7a289013dc2056"},"headline":"LIBERALIZACI\u00d3N DEL SECTOR EL\u00c9CTRICO: c\u00f3mo elegir la mejor oferta","datePublished":"2020-12-06T16:44:34+00:00","dateModified":"2020-12-14T18:15:09+00:00","mainEntityOfPage":{"@id":"https:\/\/www.caudete.org\/ayuntamiento\/liberalizacion-del-sector-electrico-como-elegir-la-mejor-oferta\/"},"wordCount":1152,"image":{"@id":"https:\/\/www.caudete.org\/ayuntamiento\/liberalizacion-del-sector-electrico-como-elegir-la-mejor-oferta\/#primaryimage"},"thumbnailUrl":"https:\/\/www.caudete.org\/ayuntamiento\/wp-content\/uploads\/2020\/12\/pmic-enchf.jpg","articleSection":["omic-noticias"],"inLanguage":"es"},{"@type":"WebPage","@id":"https:\/\/www.caudete.org\/ayuntamiento\/liberalizacion-del-sector-electrico-como-elegir-la-mejor-oferta\/","url":"https:\/\/www.caudete.org\/ayuntamiento\/liberalizacion-del-sector-electrico-como-elegir-la-mejor-oferta\/","name":"LIBERALIZACI\u00d3N DEL SECTOR EL\u00c9CTRICO: c\u00f3mo elegir la mejor oferta - MI Ayuntamiento de Caudete","isPartOf":{"@id":"https:\/\/www.caudete.org\/ayuntamiento\/#website"},"primaryImageOfPage":{"@id":"https:\/\/www.caudete.org\/ayuntamiento\/liberalizacion-del-sector-electrico-como-elegir-la-mejor-oferta\/#primaryimage"},"image":{"@id":"https:\/\/www.caudete.org\/ayuntamiento\/liberalizacion-del-sector-electrico-como-elegir-la-mejor-oferta\/#primaryimage"},"thumbnailUrl":"https:\/\/www.caudete.org\/ayuntamiento\/wp-content\/uploads\/2020\/12\/pmic-enchf.jpg","datePublished":"2020-12-06T16:44:34+00:00","dateModified":"2020-12-14T18:15:09+00:00","author":{"@id":"https:\/\/www.caudete.org\/ayuntamiento\/#\/schema\/person\/79f7e19fdd176fc2bc7a289013dc2056"},"description":"P\u00e1gina Oficial del Ayuntamiento de Caudete (Albacete)","breadcrumb":{"@id":"https:\/\/www.caudete.org\/ayuntamiento\/liberalizacion-del-sector-electrico-como-elegir-la-mejor-oferta\/#breadcrumb"},"inLanguage":"es","potentialAction":[{"@type":"ReadAction","target":["https:\/\/www.caudete.org\/ayuntamiento\/liberalizacion-del-sector-electrico-como-elegir-la-mejor-oferta\/"]}]},{"@type":"ImageObject","inLanguage":"es","@id":"https:\/\/www.caudete.org\/ayuntamiento\/liberalizacion-del-sector-electrico-como-elegir-la-mejor-oferta\/#primaryimage","url":"https:\/\/www.caudete.org\/ayuntamiento\/wp-content\/uploads\/2020\/12\/pmic-enchf.jpg","contentUrl":"https:\/\/www.caudete.org\/ayuntamiento\/wp-content\/uploads\/2020\/12\/pmic-enchf.jpg","width":200,"height":220},{"@type":"BreadcrumbList","@id":"https:\/\/www.caudete.org\/ayuntamiento\/liberalizacion-del-sector-electrico-como-elegir-la-mejor-oferta\/#breadcrumb","itemListElement":[{"@type":"ListItem","position":1,"name":"Inicio","item":"https:\/\/www.caudete.org\/ayuntamiento\/"},{"@type":"ListItem","position":2,"name":"LIBERALIZACI\u00d3N DEL SECTOR EL\u00c9CTRICO: c\u00f3mo elegir la mejor oferta"}]},{"@type":"WebSite","@id":"https:\/\/www.caudete.org\/ayuntamiento\/#website","url":"https:\/\/www.caudete.org\/ayuntamiento\/","name":"MI Ayuntamiento de Caudete","description":"P\u00e1gina Oficial del MI Ayuntamiento de Caudete","potentialAction":[{"@type":"SearchAction","target":{"@type":"EntryPoint","urlTemplate":"https:\/\/www.caudete.org\/ayuntamiento\/?s={search_term_string}"},"query-input":{"@type":"PropertyValueSpecification","valueRequired":true,"valueName":"search_term_string"}}],"inLanguage":"es"},{"@type":"Person","@id":"https:\/\/www.caudete.org\/ayuntamiento\/#\/schema\/person\/79f7e19fdd176fc2bc7a289013dc2056","name":"ayun","image":{"@type":"ImageObject","inLanguage":"es","@id":"https:\/\/secure.gravatar.com\/avatar\/4ce797ee07c943e7e592f8cd648e503e6cd571387558ed07135799c2bd2847df?s=96&d=mm&r=g","url":"https:\/\/secure.gravatar.com\/avatar\/4ce797ee07c943e7e592f8cd648e503e6cd571387558ed07135799c2bd2847df?s=96&d=mm&r=g","contentUrl":"https:\/\/secure.gravatar.com\/avatar\/4ce797ee07c943e7e592f8cd648e503e6cd571387558ed07135799c2bd2847df?s=96&d=mm&r=g","caption":"ayun"},"sameAs":["http:\/\/www.caudete.org\/ayuntamiento"],"url":"https:\/\/www.caudete.org\/ayuntamiento\/author\/ayun\/"}]}},"_links":{"self":[{"href":"https:\/\/www.caudete.org\/ayuntamiento\/wp-json\/wp\/v2\/posts\/7661","targetHints":{"allow":["GET"]}}],"collection":[{"href":"https:\/\/www.caudete.org\/ayuntamiento\/wp-json\/wp\/v2\/posts"}],"about":[{"href":"https:\/\/www.caudete.org\/ayuntamiento\/wp-json\/wp\/v2\/types\/post"}],"author":[{"embeddable":true,"href":"https:\/\/www.caudete.org\/ayuntamiento\/wp-json\/wp\/v2\/users\/1"}],"replies":[{"embeddable":true,"href":"https:\/\/www.caudete.org\/ayuntamiento\/wp-json\/wp\/v2\/comments?post=7661"}],"version-history":[{"count":2,"href":"https:\/\/www.caudete.org\/ayuntamiento\/wp-json\/wp\/v2\/posts\/7661\/revisions"}],"predecessor-version":[{"id":9416,"href":"https:\/\/www.caudete.org\/ayuntamiento\/wp-json\/wp\/v2\/posts\/7661\/revisions\/9416"}],"wp:featuredmedia":[{"embeddable":true,"href":"https:\/\/www.caudete.org\/ayuntamiento\/wp-json\/wp\/v2\/media\/7662"}],"wp:attachment":[{"href":"https:\/\/www.caudete.org\/ayuntamiento\/wp-json\/wp\/v2\/media?parent=7661"}],"wp:term":[{"taxonomy":"category","embeddable":true,"href":"https:\/\/www.caudete.org\/ayuntamiento\/wp-json\/wp\/v2\/categories?post=7661"},{"taxonomy":"post_tag","embeddable":true,"href":"https:\/\/www.caudete.org\/ayuntamiento\/wp-json\/wp\/v2\/tags?post=7661"}],"curies":[{"name":"wp","href":"https:\/\/api.w.org\/{rel}","templated":true}]}}