{"id":7697,"date":"2020-12-06T18:04:54","date_gmt":"2020-12-06T17:04:54","guid":{"rendered":"http:\/\/www.caudete.org\/ayuntamiento\/?p=7697"},"modified":"2020-12-14T19:13:34","modified_gmt":"2020-12-14T18:13:34","slug":"el-ayuntamiento-de-caudete-organiza-diferentes-actividades-con-motivo-de-la-celebracion-del-dia-del-consumidor","status":"publish","type":"post","link":"https:\/\/www.caudete.org\/ayuntamiento\/el-ayuntamiento-de-caudete-organiza-diferentes-actividades-con-motivo-de-la-celebracion-del-dia-del-consumidor\/","title":{"rendered":"El Ayuntamiento de Caudete organiza diferentes actividades con motivo de la celebraci\u00f3n del DIA DEL CONSUMIDOR"},"content":{"rendered":"<p style=\"text-align: justify;\">A trav\u00e9s de las diferentes actividades se quiere dar a conocer a los vecinos y vecinas el servicio desarrollado desde la OMIC e informar sobre los derechos de los consumidores<\/p>\n<p style=\"text-align: justify;\">A trav\u00e9s de las diferentes actividades y acciones informativas, desde el Ayuntamiento de Caudete se quiere dar a conocer los servicios que se desarrollan desde la Oficina Municipal de Informaci\u00f3n al Consumidor (OMIC), informar a los vecinos y vecinas del municipio sobre sus derechos como consumidores, facilitar consejos sobre consumo o qu\u00e9 tr\u00e1mites deben realizar ante cualquier reclamaci\u00f3n, entre otros aspectos.<\/p>\n<p>Dentro del programa de actividades organizado por el Ayuntamiento, se va a desarrollar el programa denominado \u201cVentanas\u201d, una actividad educativa sobre el uso seguro, adecuado y responsable de Internet, promovida por el Defensor del Pueblo de Castilla-La Mancha y desarrollada por el Gobierno regional en este municipio a trav\u00e9s del Instituto Regional de Consumo. Esta actividad est\u00e1 dirigida a escolares de quinto y sexto de primaria de los diferentes centros educativos de Caudete.<\/p>\n<p>Entre las actividades que se van a desarrollar durante estos d\u00edas, tambi\u00e9n se har\u00e1 una charla informativa sobre revisiones e inspecciones de gas, que se realizar\u00e1 el martes 16 de marzo en el Centro Municipal de Mayores.<\/p>\n<p>Adem\u00e1s, el jueves 18 de marzo por la ma\u00f1ana se instalar\u00e1 un stand informativo en el mercado con el fin de dar a conocer el servicio de la Oficina Municipal de Informaci\u00f3n al Consumidor y ofrecer informaci\u00f3n sobre diferentes temas relacionados con el consumo, como electricidad, telecomunicaciones o garant\u00edas.<\/p>\n<p><img fetchpriority=\"high\" decoding=\"async\" class=\"aligncenter size-full wp-image-7698\" src=\"http:\/\/www.caudete.org\/ayuntamiento\/wp-content\/uploads\/2020\/12\/omic-carpa1.jpg\" alt=\"\" width=\"800\" height=\"600\" srcset=\"https:\/\/www.caudete.org\/ayuntamiento\/wp-content\/uploads\/2020\/12\/omic-carpa1.jpg 800w, https:\/\/www.caudete.org\/ayuntamiento\/wp-content\/uploads\/2020\/12\/omic-carpa1-300x225.jpg 300w, https:\/\/www.caudete.org\/ayuntamiento\/wp-content\/uploads\/2020\/12\/omic-carpa1-768x576.jpg 768w\" sizes=\"(max-width: 800px) 100vw, 800px\" \/><\/p>\n<p><img decoding=\"async\" class=\"aligncenter size-full wp-image-7699\" src=\"http:\/\/www.caudete.org\/ayuntamiento\/wp-content\/uploads\/2020\/12\/omic-carpa2.jpg\" alt=\"\" width=\"357\" height=\"600\" srcset=\"https:\/\/www.caudete.org\/ayuntamiento\/wp-content\/uploads\/2020\/12\/omic-carpa2.jpg 357w, https:\/\/www.caudete.org\/ayuntamiento\/wp-content\/uploads\/2020\/12\/omic-carpa2-179x300.jpg 179w\" sizes=\"(max-width: 357px) 100vw, 357px\" \/><\/p>\n<p><img decoding=\"async\" class=\"aligncenter size-full wp-image-7700\" src=\"http:\/\/www.caudete.org\/ayuntamiento\/wp-content\/uploads\/2020\/12\/omic-carpa3.jpg\" alt=\"\" width=\"800\" height=\"550\" srcset=\"https:\/\/www.caudete.org\/ayuntamiento\/wp-content\/uploads\/2020\/12\/omic-carpa3.jpg 800w, https:\/\/www.caudete.org\/ayuntamiento\/wp-content\/uploads\/2020\/12\/omic-carpa3-300x206.jpg 300w, https:\/\/www.caudete.org\/ayuntamiento\/wp-content\/uploads\/2020\/12\/omic-carpa3-768x528.jpg 768w\" sizes=\"(max-width: 800px) 100vw, 800px\" \/><\/p>\n","protected":false},"excerpt":{"rendered":"<p>A trav\u00e9s de las diferentes actividades se quiere dar a conocer a los vecinos y vecinas el servicio desarrollado desde la OMIC e informar sobre los derechos de los consumidores A trav\u00e9s de las diferentes actividades y acciones informativas, desde el Ayuntamiento de Caudete se quiere dar a conocer los servicios que se desarrollan desde &hellip;<\/p>\n","protected":false},"author":1,"featured_media":7698,"comment_status":"closed","ping_status":"open","sticky":false,"template":"","format":"standard","meta":{"ngg_post_thumbnail":0,"footnotes":""},"categories":[110],"tags":[],"class_list":["post-7697","post","type-post","status-publish","format-standard","has-post-thumbnail","hentry","category-omic-noticias"],"yoast_head":"<!-- This site is optimized with the Yoast SEO plugin v27.5 - https:\/\/yoast.com\/product\/yoast-seo-wordpress\/ -->\n<title>El Ayuntamiento de Caudete organiza diferentes actividades con motivo de la celebraci\u00f3n del DIA DEL CONSUMIDOR - MI Ayuntamiento de Caudete<\/title>\n<meta name=\"description\" content=\"P\u00e1gina Oficial del Ayuntamiento de Caudete (Albacete)\" \/>\n<meta name=\"robots\" content=\"index, follow, max-snippet:-1, max-image-preview:large, max-video-preview:-1\" \/>\n<link rel=\"canonical\" href=\"https:\/\/www.caudete.org\/ayuntamiento\/el-ayuntamiento-de-caudete-organiza-diferentes-actividades-con-motivo-de-la-celebracion-del-dia-del-consumidor\/\" \/>\n<meta property=\"og:locale\" content=\"es_ES\" \/>\n<meta property=\"og:type\" content=\"article\" \/>\n<meta property=\"og:title\" content=\"El Ayuntamiento de Caudete organiza diferentes actividades con motivo de la celebraci\u00f3n del DIA DEL CONSUMIDOR - MI Ayuntamiento de Caudete\" \/>\n<meta property=\"og:description\" content=\"P\u00e1gina Oficial del Ayuntamiento de Caudete (Albacete)\" \/>\n<meta property=\"og:url\" content=\"https:\/\/www.caudete.org\/ayuntamiento\/el-ayuntamiento-de-caudete-organiza-diferentes-actividades-con-motivo-de-la-celebracion-del-dia-del-consumidor\/\" \/>\n<meta property=\"og:site_name\" content=\"MI Ayuntamiento de Caudete\" \/>\n<meta property=\"article:publisher\" content=\"https:\/\/www.facebook.com\/ayuntamientocaudete\/\" \/>\n<meta property=\"article:published_time\" content=\"2020-12-06T17:04:54+00:00\" \/>\n<meta property=\"article:modified_time\" content=\"2020-12-14T18:13:34+00:00\" \/>\n<meta property=\"og:image\" content=\"https:\/\/www.caudete.org\/ayuntamiento\/wp-content\/uploads\/2020\/12\/omic-carpa1.jpg\" \/>\n\t<meta property=\"og:image:width\" content=\"800\" \/>\n\t<meta property=\"og:image:height\" content=\"600\" \/>\n\t<meta property=\"og:image:type\" content=\"image\/jpeg\" \/>\n<meta name=\"author\" content=\"ayun\" \/>\n<meta name=\"twitter:card\" content=\"summary_large_image\" \/>\n<meta name=\"twitter:label1\" content=\"Escrito por\" \/>\n\t<meta name=\"twitter:data1\" content=\"ayun\" \/>\n\t<meta name=\"twitter:label2\" content=\"Tiempo de lectura\" \/>\n\t<meta name=\"twitter:data2\" content=\"1 minuto\" \/>\n<script type=\"application\/ld+json\" class=\"yoast-schema-graph\">{\"@context\":\"https:\\\/\\\/schema.org\",\"@graph\":[{\"@type\":\"Article\",\"@id\":\"https:\\\/\\\/www.caudete.org\\\/ayuntamiento\\\/el-ayuntamiento-de-caudete-organiza-diferentes-actividades-con-motivo-de-la-celebracion-del-dia-del-consumidor\\\/#article\",\"isPartOf\":{\"@id\":\"https:\\\/\\\/www.caudete.org\\\/ayuntamiento\\\/el-ayuntamiento-de-caudete-organiza-diferentes-actividades-con-motivo-de-la-celebracion-del-dia-del-consumidor\\\/\"},\"author\":{\"name\":\"ayun\",\"@id\":\"https:\\\/\\\/www.caudete.org\\\/ayuntamiento\\\/#\\\/schema\\\/person\\\/79f7e19fdd176fc2bc7a289013dc2056\"},\"headline\":\"El Ayuntamiento de Caudete organiza diferentes actividades con motivo de la celebraci\u00f3n del DIA DEL CONSUMIDOR\",\"datePublished\":\"2020-12-06T17:04:54+00:00\",\"dateModified\":\"2020-12-14T18:13:34+00:00\",\"mainEntityOfPage\":{\"@id\":\"https:\\\/\\\/www.caudete.org\\\/ayuntamiento\\\/el-ayuntamiento-de-caudete-organiza-diferentes-actividades-con-motivo-de-la-celebracion-del-dia-del-consumidor\\\/\"},\"wordCount\":278,\"image\":{\"@id\":\"https:\\\/\\\/www.caudete.org\\\/ayuntamiento\\\/el-ayuntamiento-de-caudete-organiza-diferentes-actividades-con-motivo-de-la-celebracion-del-dia-del-consumidor\\\/#primaryimage\"},\"thumbnailUrl\":\"https:\\\/\\\/www.caudete.org\\\/ayuntamiento\\\/wp-content\\\/uploads\\\/2020\\\/12\\\/omic-carpa1.jpg\",\"articleSection\":[\"omic-noticias\"],\"inLanguage\":\"es\"},{\"@type\":\"WebPage\",\"@id\":\"https:\\\/\\\/www.caudete.org\\\/ayuntamiento\\\/el-ayuntamiento-de-caudete-organiza-diferentes-actividades-con-motivo-de-la-celebracion-del-dia-del-consumidor\\\/\",\"url\":\"https:\\\/\\\/www.caudete.org\\\/ayuntamiento\\\/el-ayuntamiento-de-caudete-organiza-diferentes-actividades-con-motivo-de-la-celebracion-del-dia-del-consumidor\\\/\",\"name\":\"El Ayuntamiento de Caudete organiza diferentes actividades con motivo de la celebraci\u00f3n del DIA DEL CONSUMIDOR - MI Ayuntamiento de Caudete\",\"isPartOf\":{\"@id\":\"https:\\\/\\\/www.caudete.org\\\/ayuntamiento\\\/#website\"},\"primaryImageOfPage\":{\"@id\":\"https:\\\/\\\/www.caudete.org\\\/ayuntamiento\\\/el-ayuntamiento-de-caudete-organiza-diferentes-actividades-con-motivo-de-la-celebracion-del-dia-del-consumidor\\\/#primaryimage\"},\"image\":{\"@id\":\"https:\\\/\\\/www.caudete.org\\\/ayuntamiento\\\/el-ayuntamiento-de-caudete-organiza-diferentes-actividades-con-motivo-de-la-celebracion-del-dia-del-consumidor\\\/#primaryimage\"},\"thumbnailUrl\":\"https:\\\/\\\/www.caudete.org\\\/ayuntamiento\\\/wp-content\\\/uploads\\\/2020\\\/12\\\/omic-carpa1.jpg\",\"datePublished\":\"2020-12-06T17:04:54+00:00\",\"dateModified\":\"2020-12-14T18:13:34+00:00\",\"author\":{\"@id\":\"https:\\\/\\\/www.caudete.org\\\/ayuntamiento\\\/#\\\/schema\\\/person\\\/79f7e19fdd176fc2bc7a289013dc2056\"},\"description\":\"P\u00e1gina Oficial del Ayuntamiento de Caudete (Albacete)\",\"breadcrumb\":{\"@id\":\"https:\\\/\\\/www.caudete.org\\\/ayuntamiento\\\/el-ayuntamiento-de-caudete-organiza-diferentes-actividades-con-motivo-de-la-celebracion-del-dia-del-consumidor\\\/#breadcrumb\"},\"inLanguage\":\"es\",\"potentialAction\":[{\"@type\":\"ReadAction\",\"target\":[\"https:\\\/\\\/www.caudete.org\\\/ayuntamiento\\\/el-ayuntamiento-de-caudete-organiza-diferentes-actividades-con-motivo-de-la-celebracion-del-dia-del-consumidor\\\/\"]}]},{\"@type\":\"ImageObject\",\"inLanguage\":\"es\",\"@id\":\"https:\\\/\\\/www.caudete.org\\\/ayuntamiento\\\/el-ayuntamiento-de-caudete-organiza-diferentes-actividades-con-motivo-de-la-celebracion-del-dia-del-consumidor\\\/#primaryimage\",\"url\":\"https:\\\/\\\/www.caudete.org\\\/ayuntamiento\\\/wp-content\\\/uploads\\\/2020\\\/12\\\/omic-carpa1.jpg\",\"contentUrl\":\"https:\\\/\\\/www.caudete.org\\\/ayuntamiento\\\/wp-content\\\/uploads\\\/2020\\\/12\\\/omic-carpa1.jpg\",\"width\":800,\"height\":600},{\"@type\":\"BreadcrumbList\",\"@id\":\"https:\\\/\\\/www.caudete.org\\\/ayuntamiento\\\/el-ayuntamiento-de-caudete-organiza-diferentes-actividades-con-motivo-de-la-celebracion-del-dia-del-consumidor\\\/#breadcrumb\",\"itemListElement\":[{\"@type\":\"ListItem\",\"position\":1,\"name\":\"Inicio\",\"item\":\"https:\\\/\\\/www.caudete.org\\\/ayuntamiento\\\/\"},{\"@type\":\"ListItem\",\"position\":2,\"name\":\"El Ayuntamiento de Caudete organiza diferentes actividades con motivo de la celebraci\u00f3n del DIA DEL CONSUMIDOR\"}]},{\"@type\":\"WebSite\",\"@id\":\"https:\\\/\\\/www.caudete.org\\\/ayuntamiento\\\/#website\",\"url\":\"https:\\\/\\\/www.caudete.org\\\/ayuntamiento\\\/\",\"name\":\"MI Ayuntamiento de Caudete\",\"description\":\"P\u00e1gina Oficial del MI Ayuntamiento de Caudete\",\"potentialAction\":[{\"@type\":\"SearchAction\",\"target\":{\"@type\":\"EntryPoint\",\"urlTemplate\":\"https:\\\/\\\/www.caudete.org\\\/ayuntamiento\\\/?s={search_term_string}\"},\"query-input\":{\"@type\":\"PropertyValueSpecification\",\"valueRequired\":true,\"valueName\":\"search_term_string\"}}],\"inLanguage\":\"es\"},{\"@type\":\"Person\",\"@id\":\"https:\\\/\\\/www.caudete.org\\\/ayuntamiento\\\/#\\\/schema\\\/person\\\/79f7e19fdd176fc2bc7a289013dc2056\",\"name\":\"ayun\",\"image\":{\"@type\":\"ImageObject\",\"inLanguage\":\"es\",\"@id\":\"https:\\\/\\\/secure.gravatar.com\\\/avatar\\\/4ce797ee07c943e7e592f8cd648e503e6cd571387558ed07135799c2bd2847df?s=96&d=mm&r=g\",\"url\":\"https:\\\/\\\/secure.gravatar.com\\\/avatar\\\/4ce797ee07c943e7e592f8cd648e503e6cd571387558ed07135799c2bd2847df?s=96&d=mm&r=g\",\"contentUrl\":\"https:\\\/\\\/secure.gravatar.com\\\/avatar\\\/4ce797ee07c943e7e592f8cd648e503e6cd571387558ed07135799c2bd2847df?s=96&d=mm&r=g\",\"caption\":\"ayun\"},\"sameAs\":[\"http:\\\/\\\/www.caudete.org\\\/ayuntamiento\"],\"url\":\"https:\\\/\\\/www.caudete.org\\\/ayuntamiento\\\/author\\\/ayun\\\/\"}]}<\/script>\n<!-- \/ Yoast SEO plugin. -->","yoast_head_json":{"title":"El Ayuntamiento de Caudete organiza diferentes actividades con motivo de la celebraci\u00f3n del DIA DEL CONSUMIDOR - MI Ayuntamiento de Caudete","description":"P\u00e1gina Oficial del Ayuntamiento de Caudete (Albacete)","robots":{"index":"index","follow":"follow","max-snippet":"max-snippet:-1","max-image-preview":"max-image-preview:large","max-video-preview":"max-video-preview:-1"},"canonical":"https:\/\/www.caudete.org\/ayuntamiento\/el-ayuntamiento-de-caudete-organiza-diferentes-actividades-con-motivo-de-la-celebracion-del-dia-del-consumidor\/","og_locale":"es_ES","og_type":"article","og_title":"El Ayuntamiento de Caudete organiza diferentes actividades con motivo de la celebraci\u00f3n del DIA DEL CONSUMIDOR - MI Ayuntamiento de Caudete","og_description":"P\u00e1gina Oficial del Ayuntamiento de Caudete (Albacete)","og_url":"https:\/\/www.caudete.org\/ayuntamiento\/el-ayuntamiento-de-caudete-organiza-diferentes-actividades-con-motivo-de-la-celebracion-del-dia-del-consumidor\/","og_site_name":"MI Ayuntamiento de Caudete","article_publisher":"https:\/\/www.facebook.com\/ayuntamientocaudete\/","article_published_time":"2020-12-06T17:04:54+00:00","article_modified_time":"2020-12-14T18:13:34+00:00","og_image":[{"width":800,"height":600,"url":"https:\/\/www.caudete.org\/ayuntamiento\/wp-content\/uploads\/2020\/12\/omic-carpa1.jpg","type":"image\/jpeg"}],"author":"ayun","twitter_card":"summary_large_image","twitter_misc":{"Escrito por":"ayun","Tiempo de lectura":"1 minuto"},"schema":{"@context":"https:\/\/schema.org","@graph":[{"@type":"Article","@id":"https:\/\/www.caudete.org\/ayuntamiento\/el-ayuntamiento-de-caudete-organiza-diferentes-actividades-con-motivo-de-la-celebracion-del-dia-del-consumidor\/#article","isPartOf":{"@id":"https:\/\/www.caudete.org\/ayuntamiento\/el-ayuntamiento-de-caudete-organiza-diferentes-actividades-con-motivo-de-la-celebracion-del-dia-del-consumidor\/"},"author":{"name":"ayun","@id":"https:\/\/www.caudete.org\/ayuntamiento\/#\/schema\/person\/79f7e19fdd176fc2bc7a289013dc2056"},"headline":"El Ayuntamiento de Caudete organiza diferentes actividades con motivo de la celebraci\u00f3n del DIA DEL CONSUMIDOR","datePublished":"2020-12-06T17:04:54+00:00","dateModified":"2020-12-14T18:13:34+00:00","mainEntityOfPage":{"@id":"https:\/\/www.caudete.org\/ayuntamiento\/el-ayuntamiento-de-caudete-organiza-diferentes-actividades-con-motivo-de-la-celebracion-del-dia-del-consumidor\/"},"wordCount":278,"image":{"@id":"https:\/\/www.caudete.org\/ayuntamiento\/el-ayuntamiento-de-caudete-organiza-diferentes-actividades-con-motivo-de-la-celebracion-del-dia-del-consumidor\/#primaryimage"},"thumbnailUrl":"https:\/\/www.caudete.org\/ayuntamiento\/wp-content\/uploads\/2020\/12\/omic-carpa1.jpg","articleSection":["omic-noticias"],"inLanguage":"es"},{"@type":"WebPage","@id":"https:\/\/www.caudete.org\/ayuntamiento\/el-ayuntamiento-de-caudete-organiza-diferentes-actividades-con-motivo-de-la-celebracion-del-dia-del-consumidor\/","url":"https:\/\/www.caudete.org\/ayuntamiento\/el-ayuntamiento-de-caudete-organiza-diferentes-actividades-con-motivo-de-la-celebracion-del-dia-del-consumidor\/","name":"El Ayuntamiento de Caudete organiza diferentes actividades con motivo de la celebraci\u00f3n del DIA DEL CONSUMIDOR - MI Ayuntamiento de Caudete","isPartOf":{"@id":"https:\/\/www.caudete.org\/ayuntamiento\/#website"},"primaryImageOfPage":{"@id":"https:\/\/www.caudete.org\/ayuntamiento\/el-ayuntamiento-de-caudete-organiza-diferentes-actividades-con-motivo-de-la-celebracion-del-dia-del-consumidor\/#primaryimage"},"image":{"@id":"https:\/\/www.caudete.org\/ayuntamiento\/el-ayuntamiento-de-caudete-organiza-diferentes-actividades-con-motivo-de-la-celebracion-del-dia-del-consumidor\/#primaryimage"},"thumbnailUrl":"https:\/\/www.caudete.org\/ayuntamiento\/wp-content\/uploads\/2020\/12\/omic-carpa1.jpg","datePublished":"2020-12-06T17:04:54+00:00","dateModified":"2020-12-14T18:13:34+00:00","author":{"@id":"https:\/\/www.caudete.org\/ayuntamiento\/#\/schema\/person\/79f7e19fdd176fc2bc7a289013dc2056"},"description":"P\u00e1gina Oficial del Ayuntamiento de Caudete (Albacete)","breadcrumb":{"@id":"https:\/\/www.caudete.org\/ayuntamiento\/el-ayuntamiento-de-caudete-organiza-diferentes-actividades-con-motivo-de-la-celebracion-del-dia-del-consumidor\/#breadcrumb"},"inLanguage":"es","potentialAction":[{"@type":"ReadAction","target":["https:\/\/www.caudete.org\/ayuntamiento\/el-ayuntamiento-de-caudete-organiza-diferentes-actividades-con-motivo-de-la-celebracion-del-dia-del-consumidor\/"]}]},{"@type":"ImageObject","inLanguage":"es","@id":"https:\/\/www.caudete.org\/ayuntamiento\/el-ayuntamiento-de-caudete-organiza-diferentes-actividades-con-motivo-de-la-celebracion-del-dia-del-consumidor\/#primaryimage","url":"https:\/\/www.caudete.org\/ayuntamiento\/wp-content\/uploads\/2020\/12\/omic-carpa1.jpg","contentUrl":"https:\/\/www.caudete.org\/ayuntamiento\/wp-content\/uploads\/2020\/12\/omic-carpa1.jpg","width":800,"height":600},{"@type":"BreadcrumbList","@id":"https:\/\/www.caudete.org\/ayuntamiento\/el-ayuntamiento-de-caudete-organiza-diferentes-actividades-con-motivo-de-la-celebracion-del-dia-del-consumidor\/#breadcrumb","itemListElement":[{"@type":"ListItem","position":1,"name":"Inicio","item":"https:\/\/www.caudete.org\/ayuntamiento\/"},{"@type":"ListItem","position":2,"name":"El Ayuntamiento de Caudete organiza diferentes actividades con motivo de la celebraci\u00f3n del DIA DEL CONSUMIDOR"}]},{"@type":"WebSite","@id":"https:\/\/www.caudete.org\/ayuntamiento\/#website","url":"https:\/\/www.caudete.org\/ayuntamiento\/","name":"MI Ayuntamiento de Caudete","description":"P\u00e1gina Oficial del MI Ayuntamiento de Caudete","potentialAction":[{"@type":"SearchAction","target":{"@type":"EntryPoint","urlTemplate":"https:\/\/www.caudete.org\/ayuntamiento\/?s={search_term_string}"},"query-input":{"@type":"PropertyValueSpecification","valueRequired":true,"valueName":"search_term_string"}}],"inLanguage":"es"},{"@type":"Person","@id":"https:\/\/www.caudete.org\/ayuntamiento\/#\/schema\/person\/79f7e19fdd176fc2bc7a289013dc2056","name":"ayun","image":{"@type":"ImageObject","inLanguage":"es","@id":"https:\/\/secure.gravatar.com\/avatar\/4ce797ee07c943e7e592f8cd648e503e6cd571387558ed07135799c2bd2847df?s=96&d=mm&r=g","url":"https:\/\/secure.gravatar.com\/avatar\/4ce797ee07c943e7e592f8cd648e503e6cd571387558ed07135799c2bd2847df?s=96&d=mm&r=g","contentUrl":"https:\/\/secure.gravatar.com\/avatar\/4ce797ee07c943e7e592f8cd648e503e6cd571387558ed07135799c2bd2847df?s=96&d=mm&r=g","caption":"ayun"},"sameAs":["http:\/\/www.caudete.org\/ayuntamiento"],"url":"https:\/\/www.caudete.org\/ayuntamiento\/author\/ayun\/"}]}},"_links":{"self":[{"href":"https:\/\/www.caudete.org\/ayuntamiento\/wp-json\/wp\/v2\/posts\/7697","targetHints":{"allow":["GET"]}}],"collection":[{"href":"https:\/\/www.caudete.org\/ayuntamiento\/wp-json\/wp\/v2\/posts"}],"about":[{"href":"https:\/\/www.caudete.org\/ayuntamiento\/wp-json\/wp\/v2\/types\/post"}],"author":[{"embeddable":true,"href":"https:\/\/www.caudete.org\/ayuntamiento\/wp-json\/wp\/v2\/users\/1"}],"replies":[{"embeddable":true,"href":"https:\/\/www.caudete.org\/ayuntamiento\/wp-json\/wp\/v2\/comments?post=7697"}],"version-history":[{"count":3,"href":"https:\/\/www.caudete.org\/ayuntamiento\/wp-json\/wp\/v2\/posts\/7697\/revisions"}],"predecessor-version":[{"id":9413,"href":"https:\/\/www.caudete.org\/ayuntamiento\/wp-json\/wp\/v2\/posts\/7697\/revisions\/9413"}],"wp:featuredmedia":[{"embeddable":true,"href":"https:\/\/www.caudete.org\/ayuntamiento\/wp-json\/wp\/v2\/media\/7698"}],"wp:attachment":[{"href":"https:\/\/www.caudete.org\/ayuntamiento\/wp-json\/wp\/v2\/media?parent=7697"}],"wp:term":[{"taxonomy":"category","embeddable":true,"href":"https:\/\/www.caudete.org\/ayuntamiento\/wp-json\/wp\/v2\/categories?post=7697"},{"taxonomy":"post_tag","embeddable":true,"href":"https:\/\/www.caudete.org\/ayuntamiento\/wp-json\/wp\/v2\/tags?post=7697"}],"curies":[{"name":"wp","href":"https:\/\/api.w.org\/{rel}","templated":true}]}}