{"id":7704,"date":"2020-12-06T18:05:32","date_gmt":"2020-12-06T17:05:32","guid":{"rendered":"http:\/\/www.caudete.org\/ayuntamiento\/?p=7704"},"modified":"2020-12-07T18:06:52","modified_gmt":"2020-12-07T17:06:52","slug":"un-concurso-de-facua-elige-a-movistar-como-la-peor-empresa-del-ano","status":"publish","type":"post","link":"https:\/\/www.caudete.org\/ayuntamiento\/un-concurso-de-facua-elige-a-movistar-como-la-peor-empresa-del-ano\/","title":{"rendered":"UN CONCURSO DE FACUA ELIGE A MOVISTAR COMO LA PEOR EMPRESA DEL A\u00d1O"},"content":{"rendered":"<h5 style=\"text-align: justify;\">MOVISTAR con el 34% de los votos ha sido elegida la peor empresa, seguida de Air Comet, con el 23% de los votos.<\/h5>\n<p style=\"text-align: justify;\">La compa\u00f1\u00eda de telecomunicaciones, l\u00edder del sector, ha ganado esta &#8220;distinci\u00f3n&#8221; por sus &#8220;elevadas tarifas, sus pr\u00e1cticas abusivas y el maltrato a las reclamaciones de los usuarios&#8221;, ha se\u00f1alado hoy la asociaci\u00f3n de defensa de los consumidores en una nota.<\/p>\n<p>Por su parte, Air Comet, la aerol\u00ednea del presidente de la CEOE, Gerardo D\u00edaz Ferr\u00e1n, ha quedado en el segundo puesto con el 23% de los votos.<\/p>\n<p>La principal raz\u00f3n por la que se ha votado a la compa\u00f1\u00eda a\u00e9rea ha sido la paralizaci\u00f3n de su actividad, &#8220;dejando en tierra a miles de pasajeros, buena parte de ellos inmigrantes, sin dar la cara, buscarles vuelos alternativos ni indemnizarles por los graves perjuicios causados&#8221;.<\/p>\n<p><b>El &#8216;spot&#8217; de televisi\u00f3n &#8216;Si eres legal, eres legal&#8217; se ha proclamado &#8216;vencedor&#8217; por abrumadora designaci\u00f3n popular, al peor anuncio<\/b>. El 45% de los consumidores ha elegido la campa\u00f1a de Cultura como la menos afortunada de 2009.<\/p>\n<p>En el anuncio, aparecen varias personas aparentremente &#8216;legales&#8217; que fuman a cent\u00edmetros de mujeres embarazadas, rayan coches con las llaves y vuelcan cubos de basura, comportamientos que luego pasan a ser comparados con la descarga a trav\u00e9s de internet de archivos protegidos por los derechos de autor.<\/p>\n<p>El segundo puesto ha reca\u00eddo en la publicidad de Actimel.<\/p>\n<p><b>La peor pr\u00e1ctica empresarial, el spam telef\u00f3nico<\/b><\/p>\n<p>De las tres categor\u00edas incluidas en estos premios, la peor empresa, el peor anuncio y la peor pr\u00e1ctica empresarial de los \u00faltimos doce meses, la m\u00e1s re\u00f1ida ha sido esta \u00faltima.<\/p>\n<p>El spam telef\u00f3nico ha ganado con el 26% de los votos. Es la pr\u00e1ctica empresarial m\u00e1s deplorada por los consumidores.<\/p>\n<p>Las empresas que incurren en ella llaman reiteradamente a las horas m\u00e1s intempestivas para vender servicios de telecomunicaciones, pr\u00e9stamos, seguros y todo tipo de productos y servicios. Hacen caso omiso a las peticiones de los consumidores de que no vuelvan a ser molestados y utilizan n\u00fameros ocultos para que no puedan reconocer el origen de las llamadas.<\/p>\n<p>En segundo lugar y a muy poca distancia, la pr\u00e1ctica consistente en cobrar por atender consultas y reclamaciones, que ha sumado el 25% de los votos.<\/p>\n","protected":false},"excerpt":{"rendered":"<p>MOVISTAR con el 34% de los votos ha sido elegida la peor empresa, seguida de Air Comet, con el 23% de los votos. La compa\u00f1\u00eda de telecomunicaciones, l\u00edder del sector, ha ganado esta &#8220;distinci\u00f3n&#8221; por sus &#8220;elevadas tarifas, sus pr\u00e1cticas abusivas y el maltrato a las reclamaciones de los usuarios&#8221;, ha se\u00f1alado hoy la asociaci\u00f3n &hellip;<\/p>\n","protected":false},"author":1,"featured_media":0,"comment_status":"closed","ping_status":"open","sticky":false,"template":"","format":"standard","meta":{"ngg_post_thumbnail":0,"footnotes":""},"categories":[110],"tags":[],"class_list":["post-7704","post","type-post","status-publish","format-standard","hentry","category-omic-noticias"],"yoast_head":"<!-- This site is optimized with the Yoast SEO plugin v27.5 - https:\/\/yoast.com\/product\/yoast-seo-wordpress\/ -->\n<title>UN CONCURSO DE FACUA ELIGE A MOVISTAR COMO LA PEOR EMPRESA DEL A\u00d1O - MI Ayuntamiento de Caudete<\/title>\n<meta name=\"description\" content=\"P\u00e1gina Oficial del Ayuntamiento de Caudete (Albacete)\" \/>\n<meta name=\"robots\" content=\"index, follow, max-snippet:-1, max-image-preview:large, max-video-preview:-1\" \/>\n<link rel=\"canonical\" href=\"https:\/\/www.caudete.org\/ayuntamiento\/un-concurso-de-facua-elige-a-movistar-como-la-peor-empresa-del-ano\/\" \/>\n<meta property=\"og:locale\" content=\"es_ES\" \/>\n<meta property=\"og:type\" content=\"article\" \/>\n<meta property=\"og:title\" content=\"UN CONCURSO DE FACUA ELIGE A MOVISTAR COMO LA PEOR EMPRESA DEL A\u00d1O - MI Ayuntamiento de Caudete\" \/>\n<meta property=\"og:description\" content=\"P\u00e1gina Oficial del Ayuntamiento de Caudete (Albacete)\" \/>\n<meta property=\"og:url\" content=\"https:\/\/www.caudete.org\/ayuntamiento\/un-concurso-de-facua-elige-a-movistar-como-la-peor-empresa-del-ano\/\" \/>\n<meta property=\"og:site_name\" content=\"MI Ayuntamiento de Caudete\" \/>\n<meta property=\"article:publisher\" content=\"https:\/\/www.facebook.com\/ayuntamientocaudete\/\" \/>\n<meta property=\"article:published_time\" content=\"2020-12-06T17:05:32+00:00\" \/>\n<meta property=\"article:modified_time\" content=\"2020-12-07T17:06:52+00:00\" \/>\n<meta name=\"author\" content=\"ayun\" \/>\n<meta name=\"twitter:card\" content=\"summary_large_image\" \/>\n<meta name=\"twitter:label1\" content=\"Escrito por\" \/>\n\t<meta name=\"twitter:data1\" content=\"ayun\" \/>\n\t<meta name=\"twitter:label2\" content=\"Tiempo de lectura\" \/>\n\t<meta name=\"twitter:data2\" content=\"2 minutos\" \/>\n<script type=\"application\/ld+json\" class=\"yoast-schema-graph\">{\"@context\":\"https:\\\/\\\/schema.org\",\"@graph\":[{\"@type\":\"Article\",\"@id\":\"https:\\\/\\\/www.caudete.org\\\/ayuntamiento\\\/un-concurso-de-facua-elige-a-movistar-como-la-peor-empresa-del-ano\\\/#article\",\"isPartOf\":{\"@id\":\"https:\\\/\\\/www.caudete.org\\\/ayuntamiento\\\/un-concurso-de-facua-elige-a-movistar-como-la-peor-empresa-del-ano\\\/\"},\"author\":{\"name\":\"ayun\",\"@id\":\"https:\\\/\\\/www.caudete.org\\\/ayuntamiento\\\/#\\\/schema\\\/person\\\/79f7e19fdd176fc2bc7a289013dc2056\"},\"headline\":\"UN CONCURSO DE FACUA ELIGE A MOVISTAR COMO LA PEOR EMPRESA DEL A\u00d1O\",\"datePublished\":\"2020-12-06T17:05:32+00:00\",\"dateModified\":\"2020-12-07T17:06:52+00:00\",\"mainEntityOfPage\":{\"@id\":\"https:\\\/\\\/www.caudete.org\\\/ayuntamiento\\\/un-concurso-de-facua-elige-a-movistar-como-la-peor-empresa-del-ano\\\/\"},\"wordCount\":410,\"articleSection\":[\"omic-noticias\"],\"inLanguage\":\"es\"},{\"@type\":\"WebPage\",\"@id\":\"https:\\\/\\\/www.caudete.org\\\/ayuntamiento\\\/un-concurso-de-facua-elige-a-movistar-como-la-peor-empresa-del-ano\\\/\",\"url\":\"https:\\\/\\\/www.caudete.org\\\/ayuntamiento\\\/un-concurso-de-facua-elige-a-movistar-como-la-peor-empresa-del-ano\\\/\",\"name\":\"UN CONCURSO DE FACUA ELIGE A MOVISTAR COMO LA PEOR EMPRESA DEL A\u00d1O - MI Ayuntamiento de Caudete\",\"isPartOf\":{\"@id\":\"https:\\\/\\\/www.caudete.org\\\/ayuntamiento\\\/#website\"},\"datePublished\":\"2020-12-06T17:05:32+00:00\",\"dateModified\":\"2020-12-07T17:06:52+00:00\",\"author\":{\"@id\":\"https:\\\/\\\/www.caudete.org\\\/ayuntamiento\\\/#\\\/schema\\\/person\\\/79f7e19fdd176fc2bc7a289013dc2056\"},\"description\":\"P\u00e1gina Oficial del Ayuntamiento de Caudete (Albacete)\",\"breadcrumb\":{\"@id\":\"https:\\\/\\\/www.caudete.org\\\/ayuntamiento\\\/un-concurso-de-facua-elige-a-movistar-como-la-peor-empresa-del-ano\\\/#breadcrumb\"},\"inLanguage\":\"es\",\"potentialAction\":[{\"@type\":\"ReadAction\",\"target\":[\"https:\\\/\\\/www.caudete.org\\\/ayuntamiento\\\/un-concurso-de-facua-elige-a-movistar-como-la-peor-empresa-del-ano\\\/\"]}]},{\"@type\":\"BreadcrumbList\",\"@id\":\"https:\\\/\\\/www.caudete.org\\\/ayuntamiento\\\/un-concurso-de-facua-elige-a-movistar-como-la-peor-empresa-del-ano\\\/#breadcrumb\",\"itemListElement\":[{\"@type\":\"ListItem\",\"position\":1,\"name\":\"Inicio\",\"item\":\"https:\\\/\\\/www.caudete.org\\\/ayuntamiento\\\/\"},{\"@type\":\"ListItem\",\"position\":2,\"name\":\"UN CONCURSO DE FACUA ELIGE A MOVISTAR COMO LA PEOR EMPRESA DEL A\u00d1O\"}]},{\"@type\":\"WebSite\",\"@id\":\"https:\\\/\\\/www.caudete.org\\\/ayuntamiento\\\/#website\",\"url\":\"https:\\\/\\\/www.caudete.org\\\/ayuntamiento\\\/\",\"name\":\"MI Ayuntamiento de Caudete\",\"description\":\"P\u00e1gina Oficial del MI Ayuntamiento de Caudete\",\"potentialAction\":[{\"@type\":\"SearchAction\",\"target\":{\"@type\":\"EntryPoint\",\"urlTemplate\":\"https:\\\/\\\/www.caudete.org\\\/ayuntamiento\\\/?s={search_term_string}\"},\"query-input\":{\"@type\":\"PropertyValueSpecification\",\"valueRequired\":true,\"valueName\":\"search_term_string\"}}],\"inLanguage\":\"es\"},{\"@type\":\"Person\",\"@id\":\"https:\\\/\\\/www.caudete.org\\\/ayuntamiento\\\/#\\\/schema\\\/person\\\/79f7e19fdd176fc2bc7a289013dc2056\",\"name\":\"ayun\",\"image\":{\"@type\":\"ImageObject\",\"inLanguage\":\"es\",\"@id\":\"https:\\\/\\\/secure.gravatar.com\\\/avatar\\\/4ce797ee07c943e7e592f8cd648e503e6cd571387558ed07135799c2bd2847df?s=96&d=mm&r=g\",\"url\":\"https:\\\/\\\/secure.gravatar.com\\\/avatar\\\/4ce797ee07c943e7e592f8cd648e503e6cd571387558ed07135799c2bd2847df?s=96&d=mm&r=g\",\"contentUrl\":\"https:\\\/\\\/secure.gravatar.com\\\/avatar\\\/4ce797ee07c943e7e592f8cd648e503e6cd571387558ed07135799c2bd2847df?s=96&d=mm&r=g\",\"caption\":\"ayun\"},\"sameAs\":[\"http:\\\/\\\/www.caudete.org\\\/ayuntamiento\"],\"url\":\"https:\\\/\\\/www.caudete.org\\\/ayuntamiento\\\/author\\\/ayun\\\/\"}]}<\/script>\n<!-- \/ Yoast SEO plugin. -->","yoast_head_json":{"title":"UN CONCURSO DE FACUA ELIGE A MOVISTAR COMO LA PEOR EMPRESA DEL A\u00d1O - MI Ayuntamiento de Caudete","description":"P\u00e1gina Oficial del Ayuntamiento de Caudete (Albacete)","robots":{"index":"index","follow":"follow","max-snippet":"max-snippet:-1","max-image-preview":"max-image-preview:large","max-video-preview":"max-video-preview:-1"},"canonical":"https:\/\/www.caudete.org\/ayuntamiento\/un-concurso-de-facua-elige-a-movistar-como-la-peor-empresa-del-ano\/","og_locale":"es_ES","og_type":"article","og_title":"UN CONCURSO DE FACUA ELIGE A MOVISTAR COMO LA PEOR EMPRESA DEL A\u00d1O - MI Ayuntamiento de Caudete","og_description":"P\u00e1gina Oficial del Ayuntamiento de Caudete (Albacete)","og_url":"https:\/\/www.caudete.org\/ayuntamiento\/un-concurso-de-facua-elige-a-movistar-como-la-peor-empresa-del-ano\/","og_site_name":"MI Ayuntamiento de Caudete","article_publisher":"https:\/\/www.facebook.com\/ayuntamientocaudete\/","article_published_time":"2020-12-06T17:05:32+00:00","article_modified_time":"2020-12-07T17:06:52+00:00","author":"ayun","twitter_card":"summary_large_image","twitter_misc":{"Escrito por":"ayun","Tiempo de lectura":"2 minutos"},"schema":{"@context":"https:\/\/schema.org","@graph":[{"@type":"Article","@id":"https:\/\/www.caudete.org\/ayuntamiento\/un-concurso-de-facua-elige-a-movistar-como-la-peor-empresa-del-ano\/#article","isPartOf":{"@id":"https:\/\/www.caudete.org\/ayuntamiento\/un-concurso-de-facua-elige-a-movistar-como-la-peor-empresa-del-ano\/"},"author":{"name":"ayun","@id":"https:\/\/www.caudete.org\/ayuntamiento\/#\/schema\/person\/79f7e19fdd176fc2bc7a289013dc2056"},"headline":"UN CONCURSO DE FACUA ELIGE A MOVISTAR COMO LA PEOR EMPRESA DEL A\u00d1O","datePublished":"2020-12-06T17:05:32+00:00","dateModified":"2020-12-07T17:06:52+00:00","mainEntityOfPage":{"@id":"https:\/\/www.caudete.org\/ayuntamiento\/un-concurso-de-facua-elige-a-movistar-como-la-peor-empresa-del-ano\/"},"wordCount":410,"articleSection":["omic-noticias"],"inLanguage":"es"},{"@type":"WebPage","@id":"https:\/\/www.caudete.org\/ayuntamiento\/un-concurso-de-facua-elige-a-movistar-como-la-peor-empresa-del-ano\/","url":"https:\/\/www.caudete.org\/ayuntamiento\/un-concurso-de-facua-elige-a-movistar-como-la-peor-empresa-del-ano\/","name":"UN CONCURSO DE FACUA ELIGE A MOVISTAR COMO LA PEOR EMPRESA DEL A\u00d1O - MI Ayuntamiento de Caudete","isPartOf":{"@id":"https:\/\/www.caudete.org\/ayuntamiento\/#website"},"datePublished":"2020-12-06T17:05:32+00:00","dateModified":"2020-12-07T17:06:52+00:00","author":{"@id":"https:\/\/www.caudete.org\/ayuntamiento\/#\/schema\/person\/79f7e19fdd176fc2bc7a289013dc2056"},"description":"P\u00e1gina Oficial del Ayuntamiento de Caudete (Albacete)","breadcrumb":{"@id":"https:\/\/www.caudete.org\/ayuntamiento\/un-concurso-de-facua-elige-a-movistar-como-la-peor-empresa-del-ano\/#breadcrumb"},"inLanguage":"es","potentialAction":[{"@type":"ReadAction","target":["https:\/\/www.caudete.org\/ayuntamiento\/un-concurso-de-facua-elige-a-movistar-como-la-peor-empresa-del-ano\/"]}]},{"@type":"BreadcrumbList","@id":"https:\/\/www.caudete.org\/ayuntamiento\/un-concurso-de-facua-elige-a-movistar-como-la-peor-empresa-del-ano\/#breadcrumb","itemListElement":[{"@type":"ListItem","position":1,"name":"Inicio","item":"https:\/\/www.caudete.org\/ayuntamiento\/"},{"@type":"ListItem","position":2,"name":"UN CONCURSO DE FACUA ELIGE A MOVISTAR COMO LA PEOR EMPRESA DEL A\u00d1O"}]},{"@type":"WebSite","@id":"https:\/\/www.caudete.org\/ayuntamiento\/#website","url":"https:\/\/www.caudete.org\/ayuntamiento\/","name":"MI Ayuntamiento de Caudete","description":"P\u00e1gina Oficial del MI Ayuntamiento de Caudete","potentialAction":[{"@type":"SearchAction","target":{"@type":"EntryPoint","urlTemplate":"https:\/\/www.caudete.org\/ayuntamiento\/?s={search_term_string}"},"query-input":{"@type":"PropertyValueSpecification","valueRequired":true,"valueName":"search_term_string"}}],"inLanguage":"es"},{"@type":"Person","@id":"https:\/\/www.caudete.org\/ayuntamiento\/#\/schema\/person\/79f7e19fdd176fc2bc7a289013dc2056","name":"ayun","image":{"@type":"ImageObject","inLanguage":"es","@id":"https:\/\/secure.gravatar.com\/avatar\/4ce797ee07c943e7e592f8cd648e503e6cd571387558ed07135799c2bd2847df?s=96&d=mm&r=g","url":"https:\/\/secure.gravatar.com\/avatar\/4ce797ee07c943e7e592f8cd648e503e6cd571387558ed07135799c2bd2847df?s=96&d=mm&r=g","contentUrl":"https:\/\/secure.gravatar.com\/avatar\/4ce797ee07c943e7e592f8cd648e503e6cd571387558ed07135799c2bd2847df?s=96&d=mm&r=g","caption":"ayun"},"sameAs":["http:\/\/www.caudete.org\/ayuntamiento"],"url":"https:\/\/www.caudete.org\/ayuntamiento\/author\/ayun\/"}]}},"_links":{"self":[{"href":"https:\/\/www.caudete.org\/ayuntamiento\/wp-json\/wp\/v2\/posts\/7704","targetHints":{"allow":["GET"]}}],"collection":[{"href":"https:\/\/www.caudete.org\/ayuntamiento\/wp-json\/wp\/v2\/posts"}],"about":[{"href":"https:\/\/www.caudete.org\/ayuntamiento\/wp-json\/wp\/v2\/types\/post"}],"author":[{"embeddable":true,"href":"https:\/\/www.caudete.org\/ayuntamiento\/wp-json\/wp\/v2\/users\/1"}],"replies":[{"embeddable":true,"href":"https:\/\/www.caudete.org\/ayuntamiento\/wp-json\/wp\/v2\/comments?post=7704"}],"version-history":[{"count":1,"href":"https:\/\/www.caudete.org\/ayuntamiento\/wp-json\/wp\/v2\/posts\/7704\/revisions"}],"predecessor-version":[{"id":7708,"href":"https:\/\/www.caudete.org\/ayuntamiento\/wp-json\/wp\/v2\/posts\/7704\/revisions\/7708"}],"wp:attachment":[{"href":"https:\/\/www.caudete.org\/ayuntamiento\/wp-json\/wp\/v2\/media?parent=7704"}],"wp:term":[{"taxonomy":"category","embeddable":true,"href":"https:\/\/www.caudete.org\/ayuntamiento\/wp-json\/wp\/v2\/categories?post=7704"},{"taxonomy":"post_tag","embeddable":true,"href":"https:\/\/www.caudete.org\/ayuntamiento\/wp-json\/wp\/v2\/tags?post=7704"}],"curies":[{"name":"wp","href":"https:\/\/api.w.org\/{rel}","templated":true}]}}