{"id":7717,"date":"2020-12-06T18:10:04","date_gmt":"2020-12-06T17:10:04","guid":{"rendered":"http:\/\/www.caudete.org\/ayuntamiento\/?p=7717"},"modified":"2020-12-14T19:12:16","modified_gmt":"2020-12-14T18:12:16","slug":"cancelacion-de-vuelos-debido-a-nube-de-cenizas-volcanicas-en-islandia","status":"publish","type":"post","link":"https:\/\/www.caudete.org\/ayuntamiento\/cancelacion-de-vuelos-debido-a-nube-de-cenizas-volcanicas-en-islandia\/","title":{"rendered":"Cancelaci\u00f3n de vuelos debido a nube de cenizas volc\u00e1nicas en Islandia"},"content":{"rendered":"<p><span style=\"text-align: justify;\">El Instituto de Consumo recuerda a los afectados que tienen derecho a la devoluci\u00f3n \u00edntegra de los billetes o a que las compa\u00f1\u00edas les faciliten un medio de transporte alternativo<\/span><\/p>\n<div id=\"recuadro_not\">\n<p style=\"text-align: justify;\">El Instituto de Consumo de Castilla-La Mancha informa a los viajeros afectados por la masiva cancelaci\u00f3n de vuelos en el espacio a\u00e9reo europeo de que en ning\u00fan caso sus derechos pueden verse afectados. Seg\u00fan la legislaci\u00f3n vigente los afectados pueden solicitar a las compa\u00f1\u00edas a\u00e9reas la devoluci\u00f3n \u00edntegra de los billetes (incluidas las tasas gastos de gesti\u00f3n) o pueden reclamar a la compa\u00f1\u00eda un medio de transporte alternativo para llegar a sus destinos.<\/p>\n<p>Los pasajeros que opten por esperar un medio de transporte alternativo, incluidos vuelos cuando se vuelva a abrir el espacio a\u00e9reo, tienen derecho a recibir comida, bebida y alojamiento si es necesario durante la espera. Si las compa\u00f1\u00edas no les han informado de este derecho, deben conservar facturas o tiques de los alimentos y bebidas que tengan que comprar y de los hoteles donde pernocten para reclamarles su importe.<\/p>\n<p>Asimismo, tambi\u00e9n se insta a denunciar el incumplimiento por las aerol\u00edneas de la obligaci\u00f3n de informar acerca de estos derechos, que tal y como ha recordado la Comisi\u00f3n Europea son:<\/p>\n<p>a) El derecho a recibir informaci\u00f3n de las compa\u00f1\u00edas a\u00e9reas (sobre sus derechos, sobre la situaci\u00f3n a medida que evoluciona, las cancelaciones y los retrasos).<br \/>\nb) El derecho a recibir atenci\u00f3n (refrescos, comidas, alojamiento, seg\u00fan proceda).<br \/>\nc) El derecho a elegir entre el reembolso del billete o el transporte alternativo hasta su destino final.<\/p>\n<p>Si una vez recibida la contestaci\u00f3n de la compa\u00f1\u00eda, usted considera que \u00e9sta ha incumplido sus obligaciones, puede presentar la reclamaci\u00f3n ante la Agencia Estatal de Seguridad A\u00e9rea si se trata de un vuelo nacional y ante el Centro Europeo del Consumidor si el vuelo es internacional. En ambos casos debe adjuntar copias de toda la documentaci\u00f3n acreditativa, incluyendo copia del escrito remitido a la compa\u00f1\u00eda.<\/p>\n<p>Tambi\u00e9n puede dirigirse a los Servicios Provinciales de Consumo, a las Oficinas Municipales de Informaci\u00f3n al Consumidor o en las Asociaciones de Consumidores y Usuarios.<\/p>\n<p>Los afectados pueden recibir m\u00e1s informaci\u00f3n a trav\u00e9s del tel\u00e9fono gratuito de Informaci\u00f3n al Consumidor, 900.501.089<\/p>\n<p>A continuaci\u00f3n le facilitamos el link de la p\u00e1gina web del Centro Europeo del Consumidor donde encontrar\u00e1 el formulario de reclamaci\u00f3n:<\/p>\n<div class=\"clear\" style=\"text-align: justify;\">&nbsp;<\/div>\n<\/div>\n<div class=\"clear\" style=\"text-align: justify;\">&nbsp;<\/div>\n<div id=\"enlaces\">\n<h5 style=\"text-align: justify;\">Enlaces relacionados<\/h5>\n<ul>\n<li style=\"text-align: justify;\"><a href=\"http:\/\/cec.consumo-inc.es\/\" target=\"_blank\" rel=\"noopener noreferrer nofollow\">cec.consumo-inc.es\/<\/a><\/li>\n<\/ul>\n<\/div>\n","protected":false},"excerpt":{"rendered":"<p>El Instituto de Consumo recuerda a los afectados que tienen derecho a la devoluci\u00f3n \u00edntegra de los billetes o a que las compa\u00f1\u00edas les faciliten un medio de transporte alternativo El Instituto de Consumo de Castilla-La Mancha informa a los viajeros afectados por la masiva cancelaci\u00f3n de vuelos en el espacio a\u00e9reo europeo de que &hellip;<\/p>\n","protected":false},"author":1,"featured_media":7584,"comment_status":"closed","ping_status":"open","sticky":false,"template":"","format":"standard","meta":{"ngg_post_thumbnail":0,"footnotes":""},"categories":[110],"tags":[],"class_list":["post-7717","post","type-post","status-publish","format-standard","has-post-thumbnail","hentry","category-omic-noticias"],"yoast_head":"<!-- This site is optimized with the Yoast SEO plugin v27.5 - https:\/\/yoast.com\/product\/yoast-seo-wordpress\/ -->\n<title>Cancelaci\u00f3n de vuelos debido a nube de cenizas volc\u00e1nicas en Islandia - MI Ayuntamiento de Caudete<\/title>\n<meta name=\"description\" content=\"P\u00e1gina Oficial del Ayuntamiento de Caudete (Albacete)\" \/>\n<meta name=\"robots\" content=\"index, follow, max-snippet:-1, max-image-preview:large, max-video-preview:-1\" \/>\n<link rel=\"canonical\" href=\"https:\/\/www.caudete.org\/ayuntamiento\/cancelacion-de-vuelos-debido-a-nube-de-cenizas-volcanicas-en-islandia\/\" \/>\n<meta property=\"og:locale\" content=\"es_ES\" \/>\n<meta property=\"og:type\" content=\"article\" \/>\n<meta property=\"og:title\" content=\"Cancelaci\u00f3n de vuelos debido a nube de cenizas volc\u00e1nicas en Islandia - MI Ayuntamiento de Caudete\" \/>\n<meta property=\"og:description\" content=\"P\u00e1gina Oficial del Ayuntamiento de Caudete (Albacete)\" \/>\n<meta property=\"og:url\" content=\"https:\/\/www.caudete.org\/ayuntamiento\/cancelacion-de-vuelos-debido-a-nube-de-cenizas-volcanicas-en-islandia\/\" \/>\n<meta property=\"og:site_name\" content=\"MI Ayuntamiento de Caudete\" \/>\n<meta property=\"article:publisher\" content=\"https:\/\/www.facebook.com\/ayuntamientocaudete\/\" \/>\n<meta property=\"article:published_time\" content=\"2020-12-06T17:10:04+00:00\" \/>\n<meta property=\"article:modified_time\" content=\"2020-12-14T18:12:16+00:00\" \/>\n<meta property=\"og:image\" content=\"https:\/\/www.caudete.org\/ayuntamiento\/wp-content\/uploads\/2020\/12\/omic-ae.jpg\" \/>\n\t<meta property=\"og:image:width\" content=\"299\" \/>\n\t<meta property=\"og:image:height\" content=\"200\" \/>\n\t<meta property=\"og:image:type\" content=\"image\/jpeg\" \/>\n<meta name=\"author\" content=\"ayun\" \/>\n<meta name=\"twitter:card\" content=\"summary_large_image\" \/>\n<meta name=\"twitter:label1\" content=\"Escrito por\" \/>\n\t<meta name=\"twitter:data1\" content=\"ayun\" \/>\n\t<meta name=\"twitter:label2\" content=\"Tiempo de lectura\" \/>\n\t<meta name=\"twitter:data2\" content=\"2 minutos\" \/>\n<script type=\"application\/ld+json\" class=\"yoast-schema-graph\">{\"@context\":\"https:\\\/\\\/schema.org\",\"@graph\":[{\"@type\":\"Article\",\"@id\":\"https:\\\/\\\/www.caudete.org\\\/ayuntamiento\\\/cancelacion-de-vuelos-debido-a-nube-de-cenizas-volcanicas-en-islandia\\\/#article\",\"isPartOf\":{\"@id\":\"https:\\\/\\\/www.caudete.org\\\/ayuntamiento\\\/cancelacion-de-vuelos-debido-a-nube-de-cenizas-volcanicas-en-islandia\\\/\"},\"author\":{\"name\":\"ayun\",\"@id\":\"https:\\\/\\\/www.caudete.org\\\/ayuntamiento\\\/#\\\/schema\\\/person\\\/79f7e19fdd176fc2bc7a289013dc2056\"},\"headline\":\"Cancelaci\u00f3n de vuelos debido a nube de cenizas volc\u00e1nicas en Islandia\",\"datePublished\":\"2020-12-06T17:10:04+00:00\",\"dateModified\":\"2020-12-14T18:12:16+00:00\",\"mainEntityOfPage\":{\"@id\":\"https:\\\/\\\/www.caudete.org\\\/ayuntamiento\\\/cancelacion-de-vuelos-debido-a-nube-de-cenizas-volcanicas-en-islandia\\\/\"},\"wordCount\":443,\"image\":{\"@id\":\"https:\\\/\\\/www.caudete.org\\\/ayuntamiento\\\/cancelacion-de-vuelos-debido-a-nube-de-cenizas-volcanicas-en-islandia\\\/#primaryimage\"},\"thumbnailUrl\":\"https:\\\/\\\/www.caudete.org\\\/ayuntamiento\\\/wp-content\\\/uploads\\\/2020\\\/12\\\/omic-ae.jpg\",\"articleSection\":[\"omic-noticias\"],\"inLanguage\":\"es\"},{\"@type\":\"WebPage\",\"@id\":\"https:\\\/\\\/www.caudete.org\\\/ayuntamiento\\\/cancelacion-de-vuelos-debido-a-nube-de-cenizas-volcanicas-en-islandia\\\/\",\"url\":\"https:\\\/\\\/www.caudete.org\\\/ayuntamiento\\\/cancelacion-de-vuelos-debido-a-nube-de-cenizas-volcanicas-en-islandia\\\/\",\"name\":\"Cancelaci\u00f3n de vuelos debido a nube de cenizas volc\u00e1nicas en Islandia - MI Ayuntamiento de Caudete\",\"isPartOf\":{\"@id\":\"https:\\\/\\\/www.caudete.org\\\/ayuntamiento\\\/#website\"},\"primaryImageOfPage\":{\"@id\":\"https:\\\/\\\/www.caudete.org\\\/ayuntamiento\\\/cancelacion-de-vuelos-debido-a-nube-de-cenizas-volcanicas-en-islandia\\\/#primaryimage\"},\"image\":{\"@id\":\"https:\\\/\\\/www.caudete.org\\\/ayuntamiento\\\/cancelacion-de-vuelos-debido-a-nube-de-cenizas-volcanicas-en-islandia\\\/#primaryimage\"},\"thumbnailUrl\":\"https:\\\/\\\/www.caudete.org\\\/ayuntamiento\\\/wp-content\\\/uploads\\\/2020\\\/12\\\/omic-ae.jpg\",\"datePublished\":\"2020-12-06T17:10:04+00:00\",\"dateModified\":\"2020-12-14T18:12:16+00:00\",\"author\":{\"@id\":\"https:\\\/\\\/www.caudete.org\\\/ayuntamiento\\\/#\\\/schema\\\/person\\\/79f7e19fdd176fc2bc7a289013dc2056\"},\"description\":\"P\u00e1gina Oficial del Ayuntamiento de Caudete (Albacete)\",\"breadcrumb\":{\"@id\":\"https:\\\/\\\/www.caudete.org\\\/ayuntamiento\\\/cancelacion-de-vuelos-debido-a-nube-de-cenizas-volcanicas-en-islandia\\\/#breadcrumb\"},\"inLanguage\":\"es\",\"potentialAction\":[{\"@type\":\"ReadAction\",\"target\":[\"https:\\\/\\\/www.caudete.org\\\/ayuntamiento\\\/cancelacion-de-vuelos-debido-a-nube-de-cenizas-volcanicas-en-islandia\\\/\"]}]},{\"@type\":\"ImageObject\",\"inLanguage\":\"es\",\"@id\":\"https:\\\/\\\/www.caudete.org\\\/ayuntamiento\\\/cancelacion-de-vuelos-debido-a-nube-de-cenizas-volcanicas-en-islandia\\\/#primaryimage\",\"url\":\"https:\\\/\\\/www.caudete.org\\\/ayuntamiento\\\/wp-content\\\/uploads\\\/2020\\\/12\\\/omic-ae.jpg\",\"contentUrl\":\"https:\\\/\\\/www.caudete.org\\\/ayuntamiento\\\/wp-content\\\/uploads\\\/2020\\\/12\\\/omic-ae.jpg\",\"width\":299,\"height\":200},{\"@type\":\"BreadcrumbList\",\"@id\":\"https:\\\/\\\/www.caudete.org\\\/ayuntamiento\\\/cancelacion-de-vuelos-debido-a-nube-de-cenizas-volcanicas-en-islandia\\\/#breadcrumb\",\"itemListElement\":[{\"@type\":\"ListItem\",\"position\":1,\"name\":\"Inicio\",\"item\":\"https:\\\/\\\/www.caudete.org\\\/ayuntamiento\\\/\"},{\"@type\":\"ListItem\",\"position\":2,\"name\":\"Cancelaci\u00f3n de vuelos debido a nube de cenizas volc\u00e1nicas en Islandia\"}]},{\"@type\":\"WebSite\",\"@id\":\"https:\\\/\\\/www.caudete.org\\\/ayuntamiento\\\/#website\",\"url\":\"https:\\\/\\\/www.caudete.org\\\/ayuntamiento\\\/\",\"name\":\"MI Ayuntamiento de Caudete\",\"description\":\"P\u00e1gina Oficial del MI Ayuntamiento de Caudete\",\"potentialAction\":[{\"@type\":\"SearchAction\",\"target\":{\"@type\":\"EntryPoint\",\"urlTemplate\":\"https:\\\/\\\/www.caudete.org\\\/ayuntamiento\\\/?s={search_term_string}\"},\"query-input\":{\"@type\":\"PropertyValueSpecification\",\"valueRequired\":true,\"valueName\":\"search_term_string\"}}],\"inLanguage\":\"es\"},{\"@type\":\"Person\",\"@id\":\"https:\\\/\\\/www.caudete.org\\\/ayuntamiento\\\/#\\\/schema\\\/person\\\/79f7e19fdd176fc2bc7a289013dc2056\",\"name\":\"ayun\",\"image\":{\"@type\":\"ImageObject\",\"inLanguage\":\"es\",\"@id\":\"https:\\\/\\\/secure.gravatar.com\\\/avatar\\\/4ce797ee07c943e7e592f8cd648e503e6cd571387558ed07135799c2bd2847df?s=96&d=mm&r=g\",\"url\":\"https:\\\/\\\/secure.gravatar.com\\\/avatar\\\/4ce797ee07c943e7e592f8cd648e503e6cd571387558ed07135799c2bd2847df?s=96&d=mm&r=g\",\"contentUrl\":\"https:\\\/\\\/secure.gravatar.com\\\/avatar\\\/4ce797ee07c943e7e592f8cd648e503e6cd571387558ed07135799c2bd2847df?s=96&d=mm&r=g\",\"caption\":\"ayun\"},\"sameAs\":[\"http:\\\/\\\/www.caudete.org\\\/ayuntamiento\"],\"url\":\"https:\\\/\\\/www.caudete.org\\\/ayuntamiento\\\/author\\\/ayun\\\/\"}]}<\/script>\n<!-- \/ Yoast SEO plugin. -->","yoast_head_json":{"title":"Cancelaci\u00f3n de vuelos debido a nube de cenizas volc\u00e1nicas en Islandia - MI Ayuntamiento de Caudete","description":"P\u00e1gina Oficial del Ayuntamiento de Caudete (Albacete)","robots":{"index":"index","follow":"follow","max-snippet":"max-snippet:-1","max-image-preview":"max-image-preview:large","max-video-preview":"max-video-preview:-1"},"canonical":"https:\/\/www.caudete.org\/ayuntamiento\/cancelacion-de-vuelos-debido-a-nube-de-cenizas-volcanicas-en-islandia\/","og_locale":"es_ES","og_type":"article","og_title":"Cancelaci\u00f3n de vuelos debido a nube de cenizas volc\u00e1nicas en Islandia - MI Ayuntamiento de Caudete","og_description":"P\u00e1gina Oficial del Ayuntamiento de Caudete (Albacete)","og_url":"https:\/\/www.caudete.org\/ayuntamiento\/cancelacion-de-vuelos-debido-a-nube-de-cenizas-volcanicas-en-islandia\/","og_site_name":"MI Ayuntamiento de Caudete","article_publisher":"https:\/\/www.facebook.com\/ayuntamientocaudete\/","article_published_time":"2020-12-06T17:10:04+00:00","article_modified_time":"2020-12-14T18:12:16+00:00","og_image":[{"width":299,"height":200,"url":"https:\/\/www.caudete.org\/ayuntamiento\/wp-content\/uploads\/2020\/12\/omic-ae.jpg","type":"image\/jpeg"}],"author":"ayun","twitter_card":"summary_large_image","twitter_misc":{"Escrito por":"ayun","Tiempo de lectura":"2 minutos"},"schema":{"@context":"https:\/\/schema.org","@graph":[{"@type":"Article","@id":"https:\/\/www.caudete.org\/ayuntamiento\/cancelacion-de-vuelos-debido-a-nube-de-cenizas-volcanicas-en-islandia\/#article","isPartOf":{"@id":"https:\/\/www.caudete.org\/ayuntamiento\/cancelacion-de-vuelos-debido-a-nube-de-cenizas-volcanicas-en-islandia\/"},"author":{"name":"ayun","@id":"https:\/\/www.caudete.org\/ayuntamiento\/#\/schema\/person\/79f7e19fdd176fc2bc7a289013dc2056"},"headline":"Cancelaci\u00f3n de vuelos debido a nube de cenizas volc\u00e1nicas en Islandia","datePublished":"2020-12-06T17:10:04+00:00","dateModified":"2020-12-14T18:12:16+00:00","mainEntityOfPage":{"@id":"https:\/\/www.caudete.org\/ayuntamiento\/cancelacion-de-vuelos-debido-a-nube-de-cenizas-volcanicas-en-islandia\/"},"wordCount":443,"image":{"@id":"https:\/\/www.caudete.org\/ayuntamiento\/cancelacion-de-vuelos-debido-a-nube-de-cenizas-volcanicas-en-islandia\/#primaryimage"},"thumbnailUrl":"https:\/\/www.caudete.org\/ayuntamiento\/wp-content\/uploads\/2020\/12\/omic-ae.jpg","articleSection":["omic-noticias"],"inLanguage":"es"},{"@type":"WebPage","@id":"https:\/\/www.caudete.org\/ayuntamiento\/cancelacion-de-vuelos-debido-a-nube-de-cenizas-volcanicas-en-islandia\/","url":"https:\/\/www.caudete.org\/ayuntamiento\/cancelacion-de-vuelos-debido-a-nube-de-cenizas-volcanicas-en-islandia\/","name":"Cancelaci\u00f3n de vuelos debido a nube de cenizas volc\u00e1nicas en Islandia - MI Ayuntamiento de Caudete","isPartOf":{"@id":"https:\/\/www.caudete.org\/ayuntamiento\/#website"},"primaryImageOfPage":{"@id":"https:\/\/www.caudete.org\/ayuntamiento\/cancelacion-de-vuelos-debido-a-nube-de-cenizas-volcanicas-en-islandia\/#primaryimage"},"image":{"@id":"https:\/\/www.caudete.org\/ayuntamiento\/cancelacion-de-vuelos-debido-a-nube-de-cenizas-volcanicas-en-islandia\/#primaryimage"},"thumbnailUrl":"https:\/\/www.caudete.org\/ayuntamiento\/wp-content\/uploads\/2020\/12\/omic-ae.jpg","datePublished":"2020-12-06T17:10:04+00:00","dateModified":"2020-12-14T18:12:16+00:00","author":{"@id":"https:\/\/www.caudete.org\/ayuntamiento\/#\/schema\/person\/79f7e19fdd176fc2bc7a289013dc2056"},"description":"P\u00e1gina Oficial del Ayuntamiento de Caudete (Albacete)","breadcrumb":{"@id":"https:\/\/www.caudete.org\/ayuntamiento\/cancelacion-de-vuelos-debido-a-nube-de-cenizas-volcanicas-en-islandia\/#breadcrumb"},"inLanguage":"es","potentialAction":[{"@type":"ReadAction","target":["https:\/\/www.caudete.org\/ayuntamiento\/cancelacion-de-vuelos-debido-a-nube-de-cenizas-volcanicas-en-islandia\/"]}]},{"@type":"ImageObject","inLanguage":"es","@id":"https:\/\/www.caudete.org\/ayuntamiento\/cancelacion-de-vuelos-debido-a-nube-de-cenizas-volcanicas-en-islandia\/#primaryimage","url":"https:\/\/www.caudete.org\/ayuntamiento\/wp-content\/uploads\/2020\/12\/omic-ae.jpg","contentUrl":"https:\/\/www.caudete.org\/ayuntamiento\/wp-content\/uploads\/2020\/12\/omic-ae.jpg","width":299,"height":200},{"@type":"BreadcrumbList","@id":"https:\/\/www.caudete.org\/ayuntamiento\/cancelacion-de-vuelos-debido-a-nube-de-cenizas-volcanicas-en-islandia\/#breadcrumb","itemListElement":[{"@type":"ListItem","position":1,"name":"Inicio","item":"https:\/\/www.caudete.org\/ayuntamiento\/"},{"@type":"ListItem","position":2,"name":"Cancelaci\u00f3n de vuelos debido a nube de cenizas volc\u00e1nicas en Islandia"}]},{"@type":"WebSite","@id":"https:\/\/www.caudete.org\/ayuntamiento\/#website","url":"https:\/\/www.caudete.org\/ayuntamiento\/","name":"MI Ayuntamiento de Caudete","description":"P\u00e1gina Oficial del MI Ayuntamiento de Caudete","potentialAction":[{"@type":"SearchAction","target":{"@type":"EntryPoint","urlTemplate":"https:\/\/www.caudete.org\/ayuntamiento\/?s={search_term_string}"},"query-input":{"@type":"PropertyValueSpecification","valueRequired":true,"valueName":"search_term_string"}}],"inLanguage":"es"},{"@type":"Person","@id":"https:\/\/www.caudete.org\/ayuntamiento\/#\/schema\/person\/79f7e19fdd176fc2bc7a289013dc2056","name":"ayun","image":{"@type":"ImageObject","inLanguage":"es","@id":"https:\/\/secure.gravatar.com\/avatar\/4ce797ee07c943e7e592f8cd648e503e6cd571387558ed07135799c2bd2847df?s=96&d=mm&r=g","url":"https:\/\/secure.gravatar.com\/avatar\/4ce797ee07c943e7e592f8cd648e503e6cd571387558ed07135799c2bd2847df?s=96&d=mm&r=g","contentUrl":"https:\/\/secure.gravatar.com\/avatar\/4ce797ee07c943e7e592f8cd648e503e6cd571387558ed07135799c2bd2847df?s=96&d=mm&r=g","caption":"ayun"},"sameAs":["http:\/\/www.caudete.org\/ayuntamiento"],"url":"https:\/\/www.caudete.org\/ayuntamiento\/author\/ayun\/"}]}},"_links":{"self":[{"href":"https:\/\/www.caudete.org\/ayuntamiento\/wp-json\/wp\/v2\/posts\/7717","targetHints":{"allow":["GET"]}}],"collection":[{"href":"https:\/\/www.caudete.org\/ayuntamiento\/wp-json\/wp\/v2\/posts"}],"about":[{"href":"https:\/\/www.caudete.org\/ayuntamiento\/wp-json\/wp\/v2\/types\/post"}],"author":[{"embeddable":true,"href":"https:\/\/www.caudete.org\/ayuntamiento\/wp-json\/wp\/v2\/users\/1"}],"replies":[{"embeddable":true,"href":"https:\/\/www.caudete.org\/ayuntamiento\/wp-json\/wp\/v2\/comments?post=7717"}],"version-history":[{"count":2,"href":"https:\/\/www.caudete.org\/ayuntamiento\/wp-json\/wp\/v2\/posts\/7717\/revisions"}],"predecessor-version":[{"id":9411,"href":"https:\/\/www.caudete.org\/ayuntamiento\/wp-json\/wp\/v2\/posts\/7717\/revisions\/9411"}],"wp:featuredmedia":[{"embeddable":true,"href":"https:\/\/www.caudete.org\/ayuntamiento\/wp-json\/wp\/v2\/media\/7584"}],"wp:attachment":[{"href":"https:\/\/www.caudete.org\/ayuntamiento\/wp-json\/wp\/v2\/media?parent=7717"}],"wp:term":[{"taxonomy":"category","embeddable":true,"href":"https:\/\/www.caudete.org\/ayuntamiento\/wp-json\/wp\/v2\/categories?post=7717"},{"taxonomy":"post_tag","embeddable":true,"href":"https:\/\/www.caudete.org\/ayuntamiento\/wp-json\/wp\/v2\/tags?post=7717"}],"curies":[{"name":"wp","href":"https:\/\/api.w.org\/{rel}","templated":true}]}}