{"id":7719,"date":"2020-12-06T18:12:09","date_gmt":"2020-12-06T17:12:09","guid":{"rendered":"http:\/\/www.caudete.org\/ayuntamiento\/?p=7719"},"modified":"2020-12-14T19:11:52","modified_gmt":"2020-12-14T18:11:52","slug":"plan-renove-2010-en-sector-domestico","status":"publish","type":"post","link":"https:\/\/www.caudete.org\/ayuntamiento\/plan-renove-2010-en-sector-domestico\/","title":{"rendered":"PLAN RENOVE 2010 EN SECTOR DOMESTICO"},"content":{"rendered":"<p><span style=\"text-align: justify;\">El Gobierno de Castilla-La Mancha, a trav\u00e9s de la Consejer\u00eda de Industria, Energ\u00eda y Medio Ambiente, ha publicado dos \u00f3rdenes de ayuda por la incentiva el intercambio de ventanas, electrodom\u00e9sticos y aparatos de fr\u00edo y calor que consigan un ahorro en el consumo energ\u00e9tico dom\u00e9stico.<\/span><\/p>\n<div id=\"recuadro_not\">\n<p style=\"text-align: justify;\"><b>PLAN RENOVE DE VENTANAS 2010<\/b><\/p>\n<p>Actuaciones subvencionables en viviendas particulares, establecimientos comerciales y edificios p\u00fablicos:<br \/>\n1.&nbsp;la sustituci\u00f3n de ventanas en su conjunto (marcos y cristales).<br \/>\n2.&nbsp;la instalaci\u00f3n de dobles ventanas, considerando como tal los casos en los que ya exista una ventana, que&nbsp; no se modifique, y se a\u00f1ada una nueva ventana exterior.<br \/>\n3.&nbsp;la sola sustituci\u00f3n de cristales que mejoren la eficiencia energ\u00e9tica, ahorrando en el consumo de&nbsp; calefacci\u00f3n y refrigeraci\u00f3n de los edificios.<\/p>\n<p><u>Cuant\u00eda de las ayudas:<\/u><br \/>\n\u2022 Viviendas:<br \/>\n110 \u20ac\/m2 para la sustituci\u00f3n de ventanas (marcos y cristales) o la instalaci\u00f3n de dobles ventanas; y 24 \u20ac\/ m2 en el que caso de se sustituyan solo los cristales.<br \/>\n\u2022 Establecimientos comerciales y edificios p\u00fablicos:<br \/>\n100 \u20ac\/ m2 para la sustituci\u00f3n de ventanas o instalaci\u00f3n de dobles ventanas; y 20 \u20ac\/ m2 en el que caso de se sustituyan solo los cristales.<\/p>\n<p>Duraci\u00f3n de la campa\u00f1a:<br \/>\nHasta el 31 de enero de 2011.<br \/>\nAyudas con car\u00e1cter retroactivo desde el 1 de febrero de 2010.<\/p>\n<p><b>PLAN RENOVE CLIMATIZACI\u00d3N<\/b><\/p>\n<p><b><u>A)&nbsp;RENOVE DE CALDERAS<\/u><\/b><\/p>\n<p>Actuaciones subvencionables:<br \/>\n1.&nbsp;las sustituciones de calderas dom\u00e9sticas (15-70 kW) que utilicen cualquier combustible, por otras calderas de condensaci\u00f3n que utilicen gas natural o gases licuados del petr\u00f3leo (GLP).<br \/>\nSe considerar\u00e1n incluidas en este apartado, a todos los efectos, la sustituci\u00f3n de sistemas de calefacci\u00f3n el\u00e9ctricos con acumulaci\u00f3n y tarifa nocturna.<br \/>\nEstas ayudas en concreto \u00fanicamente pueden solicitarse a trav\u00e9s de alguna de las empresas instaladoras de calderas y equipos de aire acondicionado adheridas al plan y relacionadas tanto en la p\u00e1gina web de la Consejer\u00eda de Industria, Energ\u00eda y Medio Ambiente como en la p\u00e1gina de AGECAM.<br \/>\n2.&nbsp;las sustituciones de calderas dom\u00e9sticas (15-70 kW) que utilicen gasoil por calderas de condensaci\u00f3n que funcionen con gasoil y que conllevan un ahorro de, al menos, el 20 % del consumo de energ\u00eda en calefacci\u00f3n y agua caliente sanitaria.<\/p>\n<p><u>Cuant\u00eda de las ayudas:<\/u><br \/>\n<b>400 \u20ac<\/b>por la sustituci\u00f3n de cada caldera.<\/p>\n<p>Duraci\u00f3n de la campa\u00f1a:<br \/>\nHasta el 28 de febrero de 2011.<br \/>\nAyudas con car\u00e1cter retroactivo desde el 1 de enero de 2010.<\/p>\n<p><b><u>B) RENOVE DE EQUIPOS DE AIRE ACONDICIONADO<\/u><\/b><br \/>\nActuaciones subvencionables: las sustituciones de equipos dom\u00e9sticos (hasta 12 kW) de aire acondicionado por otros nuevos de clase A.<br \/>\nCuant\u00eda de las ayudas:<\/p>\n<p>POTENCIA FRIGORIFICA &#8230;&#8230;. <b>AYUDA<\/b><\/p>\n<p>Pf &lt; 5 Kw&#8230;&#8230;&#8230;&#8230;&#8230;&#8230;&#8230;&#8230;&#8230; <b>150.00 \u20ac<\/b><br \/>\n5 Kw &lt; Pf &lt; 10 Kw &#8230;&#8230;&#8230;&#8230; <b>300.00 \u20ac<\/b><br \/>\n10 Kw &lt; Pf &lt; 12 Kw&#8230;&#8230;&#8230;.. <b>400.00 \u20ac<\/b><\/p>\n<p><b>PLAN RENOVE DE ELECTRODOMESTICOS<\/b><\/p>\n<p>El Plan Renove de Electrodom\u00e9sticos subvenciona desde 85 \u20ac y hasta 125 \u20ac la sustituci\u00f3n de frigor\u00edficos, congeladores, lavadoras, lavavajillas, hornos y encimeras.<br \/>\nAdem\u00e1s, se deber\u00e1 tener en cuenta que la ayuda individual por equipo no superar\u00e1 en ning\u00fan caso el 25% del precio venta p\u00fablico.<\/p>\n<p>Electrodom\u00e9sticos subvencionables:<br \/>\n<b>Con 125\u20ac<\/b><br \/>\n-Frigor\u00edfico y frigor\u00edfico-congelador (Comb) con clasificaci\u00f3n energ\u00e9tica A++<br \/>\n-Congelador A++<\/p>\n<p><b>Con 105\u20ac<\/b><br \/>\n-Frigor\u00edfico y frigor\u00edfico-congelador (Comb) A+<br \/>\n-Congelador A+<br \/>\n-Lavadora A, eficacia de lavado A y consumo energ\u00e9tico igual o inferior a 170Wh\/kg.<br \/>\n-Lavadora termo-eficiente con clasificaci\u00f3n energ\u00e9tica A y eficacia de lavado A<br \/>\n-Lavavajillas con clasificaci\u00f3n energ\u00e9tica A y eficacia de lavado A y consumo energ\u00e9tico menor o igual a 0.98 Kwh\/ciclo.<br \/>\n-Lavavajillas termo-eficiente con clasificaci\u00f3n energ\u00e9tica A y eficacia de lavado A<br \/>\n-Encimeras de inducci\u00f3n total.<\/p>\n<p><b>Con 85\u20ac:<\/b><br \/>\n-Lavavajillas clasificaci\u00f3n energ\u00e9tica A y eficiencia de lavado A<br \/>\n-Horno con clasificaci\u00f3n energ\u00e9tica A.<br \/>\n-Encimeras de inducci\u00f3n total.<\/p>\n<div class=\"clear\" style=\"text-align: justify;\">&nbsp;<\/div>\n<\/div>\n<div class=\"clear\" style=\"text-align: justify;\">&nbsp;<\/div>\n<div id=\"enlaces\">\n<h5 style=\"text-align: justify;\">Enlaces relacionados<\/h5>\n<ul>\n<li style=\"text-align: justify;\"><a href=\"http:\/\/www.agecam.es\" target=\"_blank\" rel=\"noopener noreferrer nofollow\">www.agecam.es<\/a><\/li>\n<\/ul>\n<p><img fetchpriority=\"high\" decoding=\"async\" class=\"aligncenter size-full wp-image-7720\" src=\"http:\/\/www.caudete.org\/ayuntamiento\/wp-content\/uploads\/2020\/12\/omic-renv.jpg\" alt=\"\" width=\"427\" height=\"600\" srcset=\"https:\/\/www.caudete.org\/ayuntamiento\/wp-content\/uploads\/2020\/12\/omic-renv.jpg 427w, https:\/\/www.caudete.org\/ayuntamiento\/wp-content\/uploads\/2020\/12\/omic-renv-214x300.jpg 214w\" sizes=\"(max-width: 427px) 100vw, 427px\" \/><\/p>\n<\/div>\n","protected":false},"excerpt":{"rendered":"<p>El Gobierno de Castilla-La Mancha, a trav\u00e9s de la Consejer\u00eda de Industria, Energ\u00eda y Medio Ambiente, ha publicado dos \u00f3rdenes de ayuda por la incentiva el intercambio de ventanas, electrodom\u00e9sticos y aparatos de fr\u00edo y calor que consigan un ahorro en el consumo energ\u00e9tico dom\u00e9stico. PLAN RENOVE DE VENTANAS 2010 Actuaciones subvencionables en viviendas particulares, &hellip;<\/p>\n","protected":false},"author":1,"featured_media":7720,"comment_status":"closed","ping_status":"open","sticky":false,"template":"","format":"standard","meta":{"ngg_post_thumbnail":0,"footnotes":""},"categories":[110],"tags":[],"class_list":["post-7719","post","type-post","status-publish","format-standard","has-post-thumbnail","hentry","category-omic-noticias"],"yoast_head":"<!-- This site is optimized with the Yoast SEO plugin v27.5 - https:\/\/yoast.com\/product\/yoast-seo-wordpress\/ -->\n<title>PLAN RENOVE 2010 EN SECTOR DOMESTICO - MI Ayuntamiento de Caudete<\/title>\n<meta name=\"description\" content=\"P\u00e1gina Oficial del Ayuntamiento de Caudete (Albacete)\" \/>\n<meta name=\"robots\" content=\"index, follow, max-snippet:-1, max-image-preview:large, max-video-preview:-1\" \/>\n<link rel=\"canonical\" href=\"https:\/\/www.caudete.org\/ayuntamiento\/plan-renove-2010-en-sector-domestico\/\" \/>\n<meta property=\"og:locale\" content=\"es_ES\" \/>\n<meta property=\"og:type\" content=\"article\" \/>\n<meta property=\"og:title\" content=\"PLAN RENOVE 2010 EN SECTOR DOMESTICO - MI Ayuntamiento de Caudete\" \/>\n<meta property=\"og:description\" content=\"P\u00e1gina Oficial del Ayuntamiento de Caudete (Albacete)\" \/>\n<meta property=\"og:url\" content=\"https:\/\/www.caudete.org\/ayuntamiento\/plan-renove-2010-en-sector-domestico\/\" \/>\n<meta property=\"og:site_name\" content=\"MI Ayuntamiento de Caudete\" \/>\n<meta property=\"article:publisher\" content=\"https:\/\/www.facebook.com\/ayuntamientocaudete\/\" \/>\n<meta property=\"article:published_time\" content=\"2020-12-06T17:12:09+00:00\" \/>\n<meta property=\"article:modified_time\" content=\"2020-12-14T18:11:52+00:00\" \/>\n<meta property=\"og:image\" content=\"https:\/\/www.caudete.org\/ayuntamiento\/wp-content\/uploads\/2020\/12\/omic-renv.jpg\" \/>\n\t<meta property=\"og:image:width\" content=\"427\" \/>\n\t<meta property=\"og:image:height\" content=\"600\" \/>\n\t<meta property=\"og:image:type\" content=\"image\/jpeg\" \/>\n<meta name=\"author\" content=\"ayun\" \/>\n<meta name=\"twitter:card\" content=\"summary_large_image\" \/>\n<meta name=\"twitter:label1\" content=\"Escrito por\" \/>\n\t<meta name=\"twitter:data1\" content=\"ayun\" \/>\n\t<meta name=\"twitter:label2\" content=\"Tiempo de lectura\" \/>\n\t<meta name=\"twitter:data2\" content=\"3 minutos\" \/>\n<script type=\"application\/ld+json\" class=\"yoast-schema-graph\">{\"@context\":\"https:\\\/\\\/schema.org\",\"@graph\":[{\"@type\":\"Article\",\"@id\":\"https:\\\/\\\/www.caudete.org\\\/ayuntamiento\\\/plan-renove-2010-en-sector-domestico\\\/#article\",\"isPartOf\":{\"@id\":\"https:\\\/\\\/www.caudete.org\\\/ayuntamiento\\\/plan-renove-2010-en-sector-domestico\\\/\"},\"author\":{\"name\":\"ayun\",\"@id\":\"https:\\\/\\\/www.caudete.org\\\/ayuntamiento\\\/#\\\/schema\\\/person\\\/79f7e19fdd176fc2bc7a289013dc2056\"},\"headline\":\"PLAN RENOVE 2010 EN SECTOR DOMESTICO\",\"datePublished\":\"2020-12-06T17:12:09+00:00\",\"dateModified\":\"2020-12-14T18:11:52+00:00\",\"mainEntityOfPage\":{\"@id\":\"https:\\\/\\\/www.caudete.org\\\/ayuntamiento\\\/plan-renove-2010-en-sector-domestico\\\/\"},\"wordCount\":651,\"image\":{\"@id\":\"https:\\\/\\\/www.caudete.org\\\/ayuntamiento\\\/plan-renove-2010-en-sector-domestico\\\/#primaryimage\"},\"thumbnailUrl\":\"https:\\\/\\\/www.caudete.org\\\/ayuntamiento\\\/wp-content\\\/uploads\\\/2020\\\/12\\\/omic-renv.jpg\",\"articleSection\":[\"omic-noticias\"],\"inLanguage\":\"es\"},{\"@type\":\"WebPage\",\"@id\":\"https:\\\/\\\/www.caudete.org\\\/ayuntamiento\\\/plan-renove-2010-en-sector-domestico\\\/\",\"url\":\"https:\\\/\\\/www.caudete.org\\\/ayuntamiento\\\/plan-renove-2010-en-sector-domestico\\\/\",\"name\":\"PLAN RENOVE 2010 EN SECTOR DOMESTICO - MI Ayuntamiento de Caudete\",\"isPartOf\":{\"@id\":\"https:\\\/\\\/www.caudete.org\\\/ayuntamiento\\\/#website\"},\"primaryImageOfPage\":{\"@id\":\"https:\\\/\\\/www.caudete.org\\\/ayuntamiento\\\/plan-renove-2010-en-sector-domestico\\\/#primaryimage\"},\"image\":{\"@id\":\"https:\\\/\\\/www.caudete.org\\\/ayuntamiento\\\/plan-renove-2010-en-sector-domestico\\\/#primaryimage\"},\"thumbnailUrl\":\"https:\\\/\\\/www.caudete.org\\\/ayuntamiento\\\/wp-content\\\/uploads\\\/2020\\\/12\\\/omic-renv.jpg\",\"datePublished\":\"2020-12-06T17:12:09+00:00\",\"dateModified\":\"2020-12-14T18:11:52+00:00\",\"author\":{\"@id\":\"https:\\\/\\\/www.caudete.org\\\/ayuntamiento\\\/#\\\/schema\\\/person\\\/79f7e19fdd176fc2bc7a289013dc2056\"},\"description\":\"P\u00e1gina Oficial del Ayuntamiento de Caudete (Albacete)\",\"breadcrumb\":{\"@id\":\"https:\\\/\\\/www.caudete.org\\\/ayuntamiento\\\/plan-renove-2010-en-sector-domestico\\\/#breadcrumb\"},\"inLanguage\":\"es\",\"potentialAction\":[{\"@type\":\"ReadAction\",\"target\":[\"https:\\\/\\\/www.caudete.org\\\/ayuntamiento\\\/plan-renove-2010-en-sector-domestico\\\/\"]}]},{\"@type\":\"ImageObject\",\"inLanguage\":\"es\",\"@id\":\"https:\\\/\\\/www.caudete.org\\\/ayuntamiento\\\/plan-renove-2010-en-sector-domestico\\\/#primaryimage\",\"url\":\"https:\\\/\\\/www.caudete.org\\\/ayuntamiento\\\/wp-content\\\/uploads\\\/2020\\\/12\\\/omic-renv.jpg\",\"contentUrl\":\"https:\\\/\\\/www.caudete.org\\\/ayuntamiento\\\/wp-content\\\/uploads\\\/2020\\\/12\\\/omic-renv.jpg\",\"width\":427,\"height\":600},{\"@type\":\"BreadcrumbList\",\"@id\":\"https:\\\/\\\/www.caudete.org\\\/ayuntamiento\\\/plan-renove-2010-en-sector-domestico\\\/#breadcrumb\",\"itemListElement\":[{\"@type\":\"ListItem\",\"position\":1,\"name\":\"Inicio\",\"item\":\"https:\\\/\\\/www.caudete.org\\\/ayuntamiento\\\/\"},{\"@type\":\"ListItem\",\"position\":2,\"name\":\"PLAN RENOVE 2010 EN SECTOR DOMESTICO\"}]},{\"@type\":\"WebSite\",\"@id\":\"https:\\\/\\\/www.caudete.org\\\/ayuntamiento\\\/#website\",\"url\":\"https:\\\/\\\/www.caudete.org\\\/ayuntamiento\\\/\",\"name\":\"MI Ayuntamiento de Caudete\",\"description\":\"P\u00e1gina Oficial del MI Ayuntamiento de Caudete\",\"potentialAction\":[{\"@type\":\"SearchAction\",\"target\":{\"@type\":\"EntryPoint\",\"urlTemplate\":\"https:\\\/\\\/www.caudete.org\\\/ayuntamiento\\\/?s={search_term_string}\"},\"query-input\":{\"@type\":\"PropertyValueSpecification\",\"valueRequired\":true,\"valueName\":\"search_term_string\"}}],\"inLanguage\":\"es\"},{\"@type\":\"Person\",\"@id\":\"https:\\\/\\\/www.caudete.org\\\/ayuntamiento\\\/#\\\/schema\\\/person\\\/79f7e19fdd176fc2bc7a289013dc2056\",\"name\":\"ayun\",\"image\":{\"@type\":\"ImageObject\",\"inLanguage\":\"es\",\"@id\":\"https:\\\/\\\/secure.gravatar.com\\\/avatar\\\/4ce797ee07c943e7e592f8cd648e503e6cd571387558ed07135799c2bd2847df?s=96&d=mm&r=g\",\"url\":\"https:\\\/\\\/secure.gravatar.com\\\/avatar\\\/4ce797ee07c943e7e592f8cd648e503e6cd571387558ed07135799c2bd2847df?s=96&d=mm&r=g\",\"contentUrl\":\"https:\\\/\\\/secure.gravatar.com\\\/avatar\\\/4ce797ee07c943e7e592f8cd648e503e6cd571387558ed07135799c2bd2847df?s=96&d=mm&r=g\",\"caption\":\"ayun\"},\"sameAs\":[\"http:\\\/\\\/www.caudete.org\\\/ayuntamiento\"],\"url\":\"https:\\\/\\\/www.caudete.org\\\/ayuntamiento\\\/author\\\/ayun\\\/\"}]}<\/script>\n<!-- \/ Yoast SEO plugin. -->","yoast_head_json":{"title":"PLAN RENOVE 2010 EN SECTOR DOMESTICO - MI Ayuntamiento de Caudete","description":"P\u00e1gina Oficial del Ayuntamiento de Caudete (Albacete)","robots":{"index":"index","follow":"follow","max-snippet":"max-snippet:-1","max-image-preview":"max-image-preview:large","max-video-preview":"max-video-preview:-1"},"canonical":"https:\/\/www.caudete.org\/ayuntamiento\/plan-renove-2010-en-sector-domestico\/","og_locale":"es_ES","og_type":"article","og_title":"PLAN RENOVE 2010 EN SECTOR DOMESTICO - MI Ayuntamiento de Caudete","og_description":"P\u00e1gina Oficial del Ayuntamiento de Caudete (Albacete)","og_url":"https:\/\/www.caudete.org\/ayuntamiento\/plan-renove-2010-en-sector-domestico\/","og_site_name":"MI Ayuntamiento de Caudete","article_publisher":"https:\/\/www.facebook.com\/ayuntamientocaudete\/","article_published_time":"2020-12-06T17:12:09+00:00","article_modified_time":"2020-12-14T18:11:52+00:00","og_image":[{"width":427,"height":600,"url":"https:\/\/www.caudete.org\/ayuntamiento\/wp-content\/uploads\/2020\/12\/omic-renv.jpg","type":"image\/jpeg"}],"author":"ayun","twitter_card":"summary_large_image","twitter_misc":{"Escrito por":"ayun","Tiempo de lectura":"3 minutos"},"schema":{"@context":"https:\/\/schema.org","@graph":[{"@type":"Article","@id":"https:\/\/www.caudete.org\/ayuntamiento\/plan-renove-2010-en-sector-domestico\/#article","isPartOf":{"@id":"https:\/\/www.caudete.org\/ayuntamiento\/plan-renove-2010-en-sector-domestico\/"},"author":{"name":"ayun","@id":"https:\/\/www.caudete.org\/ayuntamiento\/#\/schema\/person\/79f7e19fdd176fc2bc7a289013dc2056"},"headline":"PLAN RENOVE 2010 EN SECTOR DOMESTICO","datePublished":"2020-12-06T17:12:09+00:00","dateModified":"2020-12-14T18:11:52+00:00","mainEntityOfPage":{"@id":"https:\/\/www.caudete.org\/ayuntamiento\/plan-renove-2010-en-sector-domestico\/"},"wordCount":651,"image":{"@id":"https:\/\/www.caudete.org\/ayuntamiento\/plan-renove-2010-en-sector-domestico\/#primaryimage"},"thumbnailUrl":"https:\/\/www.caudete.org\/ayuntamiento\/wp-content\/uploads\/2020\/12\/omic-renv.jpg","articleSection":["omic-noticias"],"inLanguage":"es"},{"@type":"WebPage","@id":"https:\/\/www.caudete.org\/ayuntamiento\/plan-renove-2010-en-sector-domestico\/","url":"https:\/\/www.caudete.org\/ayuntamiento\/plan-renove-2010-en-sector-domestico\/","name":"PLAN RENOVE 2010 EN SECTOR DOMESTICO - MI Ayuntamiento de Caudete","isPartOf":{"@id":"https:\/\/www.caudete.org\/ayuntamiento\/#website"},"primaryImageOfPage":{"@id":"https:\/\/www.caudete.org\/ayuntamiento\/plan-renove-2010-en-sector-domestico\/#primaryimage"},"image":{"@id":"https:\/\/www.caudete.org\/ayuntamiento\/plan-renove-2010-en-sector-domestico\/#primaryimage"},"thumbnailUrl":"https:\/\/www.caudete.org\/ayuntamiento\/wp-content\/uploads\/2020\/12\/omic-renv.jpg","datePublished":"2020-12-06T17:12:09+00:00","dateModified":"2020-12-14T18:11:52+00:00","author":{"@id":"https:\/\/www.caudete.org\/ayuntamiento\/#\/schema\/person\/79f7e19fdd176fc2bc7a289013dc2056"},"description":"P\u00e1gina Oficial del Ayuntamiento de Caudete (Albacete)","breadcrumb":{"@id":"https:\/\/www.caudete.org\/ayuntamiento\/plan-renove-2010-en-sector-domestico\/#breadcrumb"},"inLanguage":"es","potentialAction":[{"@type":"ReadAction","target":["https:\/\/www.caudete.org\/ayuntamiento\/plan-renove-2010-en-sector-domestico\/"]}]},{"@type":"ImageObject","inLanguage":"es","@id":"https:\/\/www.caudete.org\/ayuntamiento\/plan-renove-2010-en-sector-domestico\/#primaryimage","url":"https:\/\/www.caudete.org\/ayuntamiento\/wp-content\/uploads\/2020\/12\/omic-renv.jpg","contentUrl":"https:\/\/www.caudete.org\/ayuntamiento\/wp-content\/uploads\/2020\/12\/omic-renv.jpg","width":427,"height":600},{"@type":"BreadcrumbList","@id":"https:\/\/www.caudete.org\/ayuntamiento\/plan-renove-2010-en-sector-domestico\/#breadcrumb","itemListElement":[{"@type":"ListItem","position":1,"name":"Inicio","item":"https:\/\/www.caudete.org\/ayuntamiento\/"},{"@type":"ListItem","position":2,"name":"PLAN RENOVE 2010 EN SECTOR DOMESTICO"}]},{"@type":"WebSite","@id":"https:\/\/www.caudete.org\/ayuntamiento\/#website","url":"https:\/\/www.caudete.org\/ayuntamiento\/","name":"MI Ayuntamiento de Caudete","description":"P\u00e1gina Oficial del MI Ayuntamiento de Caudete","potentialAction":[{"@type":"SearchAction","target":{"@type":"EntryPoint","urlTemplate":"https:\/\/www.caudete.org\/ayuntamiento\/?s={search_term_string}"},"query-input":{"@type":"PropertyValueSpecification","valueRequired":true,"valueName":"search_term_string"}}],"inLanguage":"es"},{"@type":"Person","@id":"https:\/\/www.caudete.org\/ayuntamiento\/#\/schema\/person\/79f7e19fdd176fc2bc7a289013dc2056","name":"ayun","image":{"@type":"ImageObject","inLanguage":"es","@id":"https:\/\/secure.gravatar.com\/avatar\/4ce797ee07c943e7e592f8cd648e503e6cd571387558ed07135799c2bd2847df?s=96&d=mm&r=g","url":"https:\/\/secure.gravatar.com\/avatar\/4ce797ee07c943e7e592f8cd648e503e6cd571387558ed07135799c2bd2847df?s=96&d=mm&r=g","contentUrl":"https:\/\/secure.gravatar.com\/avatar\/4ce797ee07c943e7e592f8cd648e503e6cd571387558ed07135799c2bd2847df?s=96&d=mm&r=g","caption":"ayun"},"sameAs":["http:\/\/www.caudete.org\/ayuntamiento"],"url":"https:\/\/www.caudete.org\/ayuntamiento\/author\/ayun\/"}]}},"_links":{"self":[{"href":"https:\/\/www.caudete.org\/ayuntamiento\/wp-json\/wp\/v2\/posts\/7719","targetHints":{"allow":["GET"]}}],"collection":[{"href":"https:\/\/www.caudete.org\/ayuntamiento\/wp-json\/wp\/v2\/posts"}],"about":[{"href":"https:\/\/www.caudete.org\/ayuntamiento\/wp-json\/wp\/v2\/types\/post"}],"author":[{"embeddable":true,"href":"https:\/\/www.caudete.org\/ayuntamiento\/wp-json\/wp\/v2\/users\/1"}],"replies":[{"embeddable":true,"href":"https:\/\/www.caudete.org\/ayuntamiento\/wp-json\/wp\/v2\/comments?post=7719"}],"version-history":[{"count":2,"href":"https:\/\/www.caudete.org\/ayuntamiento\/wp-json\/wp\/v2\/posts\/7719\/revisions"}],"predecessor-version":[{"id":9410,"href":"https:\/\/www.caudete.org\/ayuntamiento\/wp-json\/wp\/v2\/posts\/7719\/revisions\/9410"}],"wp:featuredmedia":[{"embeddable":true,"href":"https:\/\/www.caudete.org\/ayuntamiento\/wp-json\/wp\/v2\/media\/7720"}],"wp:attachment":[{"href":"https:\/\/www.caudete.org\/ayuntamiento\/wp-json\/wp\/v2\/media?parent=7719"}],"wp:term":[{"taxonomy":"category","embeddable":true,"href":"https:\/\/www.caudete.org\/ayuntamiento\/wp-json\/wp\/v2\/categories?post=7719"},{"taxonomy":"post_tag","embeddable":true,"href":"https:\/\/www.caudete.org\/ayuntamiento\/wp-json\/wp\/v2\/tags?post=7719"}],"curies":[{"name":"wp","href":"https:\/\/api.w.org\/{rel}","templated":true}]}}