{"id":7728,"date":"2020-12-06T18:20:41","date_gmt":"2020-12-06T17:20:41","guid":{"rendered":"http:\/\/www.caudete.org\/ayuntamiento\/?p=7728"},"modified":"2020-12-14T19:09:53","modified_gmt":"2020-12-14T18:09:53","slug":"modificacion-requisitos-abono-social-telefonica","status":"publish","type":"post","link":"https:\/\/www.caudete.org\/ayuntamiento\/modificacion-requisitos-abono-social-telefonica\/","title":{"rendered":"MODIFICACI\u00d3N REQUISITOS ABONO SOCIAL TELEF\u00d3NICA"},"content":{"rendered":"<p style=\"text-align: justify;\">El umbral de renta familiar para tener derecho a este plan de precios para pensionistas y jubilados se amplia y aumentar as\u00ed el n\u00famero de beneficiarios.<\/p>\n<p style=\"text-align: justify;\">Anteriormente se consideraba el IPREM x 1,1 y ahora se pasa al IPREM x 1,2, para que puedan beneficiarse m\u00e1s hogares.<\/p>\n<p>El plan de precios denominado abono social, dirigido a jubilados y pensionistas, supone una reducci\u00f3n del 70% en el importe de la cuota de alta del servicio telef\u00f3nico y una rebaja del 95% en el importe de la cuota da abono de l\u00ednea individual.<\/p>\n<p><b>REQUISITOS:<\/b><\/p>\n<p>&#8211; Ser jubilado o pensionista (por incapacidad, viudedad, orfandad, etc.) y estar cobrando una pensi\u00f3n causada en el R\u00e9gimen General u otros del Sistema de la Seguridad Social (no es necesario el requisito de edad m\u00ednima).<\/p>\n<p>&#8211; Que la renta familiar no supere los 8.946,14 euros en el a\u00f1o 2010 (14 pagas de 639,01 euros) equivalente al 120% del IPREM.<\/p>\n<p>Ambos requisitos se consideran cumplidos cuando concurren en la persona que figura como titular del contrato del tel\u00e9fono o en su c\u00f3nyuge, siempre que ambos convivan en el mismo domicilio.<\/p>\n<p>&#8211; Que la instalaci\u00f3n de la l\u00ednea beneficiaria del Abono Social coincida con el empadronamiento del titular y que \u00e9ste no disponga de otro tel\u00e9fono que se beneficie de esta reducci\u00f3n.<\/p>\n<p><b>SOLICITUD Y DOCUMENTACION NECESARIA:<\/b><\/p>\n<p><b>1. Deber\u00e1 enviar la solicitud por fax o correo ordinario a:<\/b><\/p>\n<p>Apartado de correos: 423<br \/>\n48080 BILBAO Fax: 902 36 18 93<\/p>\n<p><b>2. DOCUMENTACI\u00d3N que tiene que presentar:<\/b><\/p>\n<p>&#8211; Fotocopia del D.N.I., pasaporte o Tarjeta de Residente de todas las personas que viven en el domicilio y documento acreditativo equivalente para los menores de 16 a\u00f1os (fotocopia del Libro de Familia).<br \/>\n&#8211; Volante de empadronamiento familiar o colectivo. Deben figurar todas las personas censadas en la misma vivienda y, adem\u00e1s, el Ayuntamiento deber\u00e1 indicar que &#8220;no existen m\u00e1s inscripciones&#8221;.<br \/>\n&#8211; Acreditaci\u00f3n de ingresos del a\u00f1o en curso (percepci\u00f3n o no percepci\u00f3n de los mismos) para el titular y cada una de las personas empadronadas, mayores de 16 a\u00f1os, y que seg\u00fan su situaci\u00f3n presentar\u00e1n la documentaci\u00f3n que se indica a continuaci\u00f3n:<\/p>\n<p><b><u>Pensionistas<\/u><\/b><br \/>\n<b>Con pensi\u00f3n contributiva y con 65 a\u00f1os o m\u00e1s:<\/b><br \/>\nNotificaci\u00f3n de revalorizaci\u00f3n y paga \u00fanica de pensiones o certificado de pensi\u00f3n mensual expedido por el INSS (incluso para clases pasivas del Estado).<\/p>\n<p><b>Con pensi\u00f3n contributiva y menor de 65 a\u00f1os:<\/b><br \/>\nNotificaci\u00f3n de revalorizaci\u00f3n y paga \u00fanica de pensiones o certificado de pensi\u00f3n mensual expedido por el INSS (incluso para clases pasivas del Estado).<br \/>\nInforme de Vida Laboral emitido por la Tesorer\u00eda de la Seguridad Social.<br \/>\nEn activo: Fotocopia de la \u00faltima n\u00f3mina o acreditaci\u00f3n de ingresos.<br \/>\nNo activo: Certificado del INEM de la prestaci\u00f3n que se perciba.<\/p>\n<p><b>Con pensi\u00f3n no contributiva:<\/b><br \/>\nCertificado del organismo oficial que corresponda con la cuant\u00eda de la que sea beneficiario.<\/p>\n<p><b><u>No pensionistas<\/u><\/b><br \/>\nInforme de Vida Laboral emitido por la Tesorer\u00eda de la Seguridad Social.<br \/>\nEn activo: Fotocopia de la \u00faltima n\u00f3mina o acreditaci\u00f3n de ingresos.<br \/>\nNo activo: Certificado del INEM de la prestaci\u00f3n que se perciba.<\/p>\n<p><b>Si adem\u00e1s percibe prestaciones de otro Estado:<\/b><br \/>\nLos documentos deber\u00e1n estar redactados en castellano o, en su lugar, mediante traducci\u00f3n jurada.<br \/>\nLos documentos referidos a haberes figurar\u00e1n en euros y estar\u00e1n certificados por la embajada del pa\u00eds de origen.<br \/>\nSi informa el n\u00famero de pasaporte, presentar\u00e1 copia del documento de ocupaci\u00f3n de local o vivienda.<\/p>\n","protected":false},"excerpt":{"rendered":"<p>El umbral de renta familiar para tener derecho a este plan de precios para pensionistas y jubilados se amplia y aumentar as\u00ed el n\u00famero de beneficiarios. Anteriormente se consideraba el IPREM x 1,1 y ahora se pasa al IPREM x 1,2, para que puedan beneficiarse m\u00e1s hogares. El plan de precios denominado abono social, dirigido &hellip;<\/p>\n","protected":false},"author":1,"featured_media":7729,"comment_status":"closed","ping_status":"open","sticky":false,"template":"","format":"standard","meta":{"ngg_post_thumbnail":0,"footnotes":""},"categories":[110],"tags":[],"class_list":["post-7728","post","type-post","status-publish","format-standard","has-post-thumbnail","hentry","category-omic-noticias"],"yoast_head":"<!-- This site is optimized with the Yoast SEO plugin v27.5 - https:\/\/yoast.com\/product\/yoast-seo-wordpress\/ -->\n<title>MODIFICACI\u00d3N REQUISITOS ABONO SOCIAL TELEF\u00d3NICA - MI Ayuntamiento de Caudete<\/title>\n<meta name=\"description\" content=\"P\u00e1gina Oficial del Ayuntamiento de Caudete (Albacete)\" \/>\n<meta name=\"robots\" content=\"index, follow, max-snippet:-1, max-image-preview:large, max-video-preview:-1\" \/>\n<link rel=\"canonical\" href=\"https:\/\/www.caudete.org\/ayuntamiento\/modificacion-requisitos-abono-social-telefonica\/\" \/>\n<meta property=\"og:locale\" content=\"es_ES\" \/>\n<meta property=\"og:type\" content=\"article\" \/>\n<meta property=\"og:title\" content=\"MODIFICACI\u00d3N REQUISITOS ABONO SOCIAL TELEF\u00d3NICA - MI Ayuntamiento de Caudete\" \/>\n<meta property=\"og:description\" content=\"P\u00e1gina Oficial del Ayuntamiento de Caudete (Albacete)\" \/>\n<meta property=\"og:url\" content=\"https:\/\/www.caudete.org\/ayuntamiento\/modificacion-requisitos-abono-social-telefonica\/\" \/>\n<meta property=\"og:site_name\" content=\"MI Ayuntamiento de Caudete\" \/>\n<meta property=\"article:publisher\" content=\"https:\/\/www.facebook.com\/ayuntamientocaudete\/\" \/>\n<meta property=\"article:published_time\" content=\"2020-12-06T17:20:41+00:00\" \/>\n<meta property=\"article:modified_time\" content=\"2020-12-14T18:09:53+00:00\" \/>\n<meta property=\"og:image\" content=\"https:\/\/www.caudete.org\/ayuntamiento\/wp-content\/uploads\/2020\/12\/omic-telf.jpg\" \/>\n\t<meta property=\"og:image:width\" content=\"200\" \/>\n\t<meta property=\"og:image:height\" content=\"215\" \/>\n\t<meta property=\"og:image:type\" content=\"image\/jpeg\" \/>\n<meta name=\"author\" content=\"ayun\" \/>\n<meta name=\"twitter:card\" content=\"summary_large_image\" \/>\n<meta name=\"twitter:label1\" content=\"Escrito por\" \/>\n\t<meta name=\"twitter:data1\" content=\"ayun\" \/>\n\t<meta name=\"twitter:label2\" content=\"Tiempo de lectura\" \/>\n\t<meta name=\"twitter:data2\" content=\"3 minutos\" \/>\n<script type=\"application\/ld+json\" class=\"yoast-schema-graph\">{\"@context\":\"https:\\\/\\\/schema.org\",\"@graph\":[{\"@type\":\"Article\",\"@id\":\"https:\\\/\\\/www.caudete.org\\\/ayuntamiento\\\/modificacion-requisitos-abono-social-telefonica\\\/#article\",\"isPartOf\":{\"@id\":\"https:\\\/\\\/www.caudete.org\\\/ayuntamiento\\\/modificacion-requisitos-abono-social-telefonica\\\/\"},\"author\":{\"name\":\"ayun\",\"@id\":\"https:\\\/\\\/www.caudete.org\\\/ayuntamiento\\\/#\\\/schema\\\/person\\\/79f7e19fdd176fc2bc7a289013dc2056\"},\"headline\":\"MODIFICACI\u00d3N REQUISITOS ABONO SOCIAL TELEF\u00d3NICA\",\"datePublished\":\"2020-12-06T17:20:41+00:00\",\"dateModified\":\"2020-12-14T18:09:53+00:00\",\"mainEntityOfPage\":{\"@id\":\"https:\\\/\\\/www.caudete.org\\\/ayuntamiento\\\/modificacion-requisitos-abono-social-telefonica\\\/\"},\"wordCount\":601,\"image\":{\"@id\":\"https:\\\/\\\/www.caudete.org\\\/ayuntamiento\\\/modificacion-requisitos-abono-social-telefonica\\\/#primaryimage\"},\"thumbnailUrl\":\"https:\\\/\\\/www.caudete.org\\\/ayuntamiento\\\/wp-content\\\/uploads\\\/2020\\\/12\\\/omic-telf.jpg\",\"articleSection\":[\"omic-noticias\"],\"inLanguage\":\"es\"},{\"@type\":\"WebPage\",\"@id\":\"https:\\\/\\\/www.caudete.org\\\/ayuntamiento\\\/modificacion-requisitos-abono-social-telefonica\\\/\",\"url\":\"https:\\\/\\\/www.caudete.org\\\/ayuntamiento\\\/modificacion-requisitos-abono-social-telefonica\\\/\",\"name\":\"MODIFICACI\u00d3N REQUISITOS ABONO SOCIAL TELEF\u00d3NICA - MI Ayuntamiento de Caudete\",\"isPartOf\":{\"@id\":\"https:\\\/\\\/www.caudete.org\\\/ayuntamiento\\\/#website\"},\"primaryImageOfPage\":{\"@id\":\"https:\\\/\\\/www.caudete.org\\\/ayuntamiento\\\/modificacion-requisitos-abono-social-telefonica\\\/#primaryimage\"},\"image\":{\"@id\":\"https:\\\/\\\/www.caudete.org\\\/ayuntamiento\\\/modificacion-requisitos-abono-social-telefonica\\\/#primaryimage\"},\"thumbnailUrl\":\"https:\\\/\\\/www.caudete.org\\\/ayuntamiento\\\/wp-content\\\/uploads\\\/2020\\\/12\\\/omic-telf.jpg\",\"datePublished\":\"2020-12-06T17:20:41+00:00\",\"dateModified\":\"2020-12-14T18:09:53+00:00\",\"author\":{\"@id\":\"https:\\\/\\\/www.caudete.org\\\/ayuntamiento\\\/#\\\/schema\\\/person\\\/79f7e19fdd176fc2bc7a289013dc2056\"},\"description\":\"P\u00e1gina Oficial del Ayuntamiento de Caudete (Albacete)\",\"breadcrumb\":{\"@id\":\"https:\\\/\\\/www.caudete.org\\\/ayuntamiento\\\/modificacion-requisitos-abono-social-telefonica\\\/#breadcrumb\"},\"inLanguage\":\"es\",\"potentialAction\":[{\"@type\":\"ReadAction\",\"target\":[\"https:\\\/\\\/www.caudete.org\\\/ayuntamiento\\\/modificacion-requisitos-abono-social-telefonica\\\/\"]}]},{\"@type\":\"ImageObject\",\"inLanguage\":\"es\",\"@id\":\"https:\\\/\\\/www.caudete.org\\\/ayuntamiento\\\/modificacion-requisitos-abono-social-telefonica\\\/#primaryimage\",\"url\":\"https:\\\/\\\/www.caudete.org\\\/ayuntamiento\\\/wp-content\\\/uploads\\\/2020\\\/12\\\/omic-telf.jpg\",\"contentUrl\":\"https:\\\/\\\/www.caudete.org\\\/ayuntamiento\\\/wp-content\\\/uploads\\\/2020\\\/12\\\/omic-telf.jpg\",\"width\":200,\"height\":215},{\"@type\":\"BreadcrumbList\",\"@id\":\"https:\\\/\\\/www.caudete.org\\\/ayuntamiento\\\/modificacion-requisitos-abono-social-telefonica\\\/#breadcrumb\",\"itemListElement\":[{\"@type\":\"ListItem\",\"position\":1,\"name\":\"Inicio\",\"item\":\"https:\\\/\\\/www.caudete.org\\\/ayuntamiento\\\/\"},{\"@type\":\"ListItem\",\"position\":2,\"name\":\"MODIFICACI\u00d3N REQUISITOS ABONO SOCIAL TELEF\u00d3NICA\"}]},{\"@type\":\"WebSite\",\"@id\":\"https:\\\/\\\/www.caudete.org\\\/ayuntamiento\\\/#website\",\"url\":\"https:\\\/\\\/www.caudete.org\\\/ayuntamiento\\\/\",\"name\":\"MI Ayuntamiento de Caudete\",\"description\":\"P\u00e1gina Oficial del MI Ayuntamiento de Caudete\",\"potentialAction\":[{\"@type\":\"SearchAction\",\"target\":{\"@type\":\"EntryPoint\",\"urlTemplate\":\"https:\\\/\\\/www.caudete.org\\\/ayuntamiento\\\/?s={search_term_string}\"},\"query-input\":{\"@type\":\"PropertyValueSpecification\",\"valueRequired\":true,\"valueName\":\"search_term_string\"}}],\"inLanguage\":\"es\"},{\"@type\":\"Person\",\"@id\":\"https:\\\/\\\/www.caudete.org\\\/ayuntamiento\\\/#\\\/schema\\\/person\\\/79f7e19fdd176fc2bc7a289013dc2056\",\"name\":\"ayun\",\"image\":{\"@type\":\"ImageObject\",\"inLanguage\":\"es\",\"@id\":\"https:\\\/\\\/secure.gravatar.com\\\/avatar\\\/4ce797ee07c943e7e592f8cd648e503e6cd571387558ed07135799c2bd2847df?s=96&d=mm&r=g\",\"url\":\"https:\\\/\\\/secure.gravatar.com\\\/avatar\\\/4ce797ee07c943e7e592f8cd648e503e6cd571387558ed07135799c2bd2847df?s=96&d=mm&r=g\",\"contentUrl\":\"https:\\\/\\\/secure.gravatar.com\\\/avatar\\\/4ce797ee07c943e7e592f8cd648e503e6cd571387558ed07135799c2bd2847df?s=96&d=mm&r=g\",\"caption\":\"ayun\"},\"sameAs\":[\"http:\\\/\\\/www.caudete.org\\\/ayuntamiento\"],\"url\":\"https:\\\/\\\/www.caudete.org\\\/ayuntamiento\\\/author\\\/ayun\\\/\"}]}<\/script>\n<!-- \/ Yoast SEO plugin. -->","yoast_head_json":{"title":"MODIFICACI\u00d3N REQUISITOS ABONO SOCIAL TELEF\u00d3NICA - MI Ayuntamiento de Caudete","description":"P\u00e1gina Oficial del Ayuntamiento de Caudete (Albacete)","robots":{"index":"index","follow":"follow","max-snippet":"max-snippet:-1","max-image-preview":"max-image-preview:large","max-video-preview":"max-video-preview:-1"},"canonical":"https:\/\/www.caudete.org\/ayuntamiento\/modificacion-requisitos-abono-social-telefonica\/","og_locale":"es_ES","og_type":"article","og_title":"MODIFICACI\u00d3N REQUISITOS ABONO SOCIAL TELEF\u00d3NICA - MI Ayuntamiento de Caudete","og_description":"P\u00e1gina Oficial del Ayuntamiento de Caudete (Albacete)","og_url":"https:\/\/www.caudete.org\/ayuntamiento\/modificacion-requisitos-abono-social-telefonica\/","og_site_name":"MI Ayuntamiento de Caudete","article_publisher":"https:\/\/www.facebook.com\/ayuntamientocaudete\/","article_published_time":"2020-12-06T17:20:41+00:00","article_modified_time":"2020-12-14T18:09:53+00:00","og_image":[{"width":200,"height":215,"url":"https:\/\/www.caudete.org\/ayuntamiento\/wp-content\/uploads\/2020\/12\/omic-telf.jpg","type":"image\/jpeg"}],"author":"ayun","twitter_card":"summary_large_image","twitter_misc":{"Escrito por":"ayun","Tiempo de lectura":"3 minutos"},"schema":{"@context":"https:\/\/schema.org","@graph":[{"@type":"Article","@id":"https:\/\/www.caudete.org\/ayuntamiento\/modificacion-requisitos-abono-social-telefonica\/#article","isPartOf":{"@id":"https:\/\/www.caudete.org\/ayuntamiento\/modificacion-requisitos-abono-social-telefonica\/"},"author":{"name":"ayun","@id":"https:\/\/www.caudete.org\/ayuntamiento\/#\/schema\/person\/79f7e19fdd176fc2bc7a289013dc2056"},"headline":"MODIFICACI\u00d3N REQUISITOS ABONO SOCIAL TELEF\u00d3NICA","datePublished":"2020-12-06T17:20:41+00:00","dateModified":"2020-12-14T18:09:53+00:00","mainEntityOfPage":{"@id":"https:\/\/www.caudete.org\/ayuntamiento\/modificacion-requisitos-abono-social-telefonica\/"},"wordCount":601,"image":{"@id":"https:\/\/www.caudete.org\/ayuntamiento\/modificacion-requisitos-abono-social-telefonica\/#primaryimage"},"thumbnailUrl":"https:\/\/www.caudete.org\/ayuntamiento\/wp-content\/uploads\/2020\/12\/omic-telf.jpg","articleSection":["omic-noticias"],"inLanguage":"es"},{"@type":"WebPage","@id":"https:\/\/www.caudete.org\/ayuntamiento\/modificacion-requisitos-abono-social-telefonica\/","url":"https:\/\/www.caudete.org\/ayuntamiento\/modificacion-requisitos-abono-social-telefonica\/","name":"MODIFICACI\u00d3N REQUISITOS ABONO SOCIAL TELEF\u00d3NICA - MI Ayuntamiento de Caudete","isPartOf":{"@id":"https:\/\/www.caudete.org\/ayuntamiento\/#website"},"primaryImageOfPage":{"@id":"https:\/\/www.caudete.org\/ayuntamiento\/modificacion-requisitos-abono-social-telefonica\/#primaryimage"},"image":{"@id":"https:\/\/www.caudete.org\/ayuntamiento\/modificacion-requisitos-abono-social-telefonica\/#primaryimage"},"thumbnailUrl":"https:\/\/www.caudete.org\/ayuntamiento\/wp-content\/uploads\/2020\/12\/omic-telf.jpg","datePublished":"2020-12-06T17:20:41+00:00","dateModified":"2020-12-14T18:09:53+00:00","author":{"@id":"https:\/\/www.caudete.org\/ayuntamiento\/#\/schema\/person\/79f7e19fdd176fc2bc7a289013dc2056"},"description":"P\u00e1gina Oficial del Ayuntamiento de Caudete (Albacete)","breadcrumb":{"@id":"https:\/\/www.caudete.org\/ayuntamiento\/modificacion-requisitos-abono-social-telefonica\/#breadcrumb"},"inLanguage":"es","potentialAction":[{"@type":"ReadAction","target":["https:\/\/www.caudete.org\/ayuntamiento\/modificacion-requisitos-abono-social-telefonica\/"]}]},{"@type":"ImageObject","inLanguage":"es","@id":"https:\/\/www.caudete.org\/ayuntamiento\/modificacion-requisitos-abono-social-telefonica\/#primaryimage","url":"https:\/\/www.caudete.org\/ayuntamiento\/wp-content\/uploads\/2020\/12\/omic-telf.jpg","contentUrl":"https:\/\/www.caudete.org\/ayuntamiento\/wp-content\/uploads\/2020\/12\/omic-telf.jpg","width":200,"height":215},{"@type":"BreadcrumbList","@id":"https:\/\/www.caudete.org\/ayuntamiento\/modificacion-requisitos-abono-social-telefonica\/#breadcrumb","itemListElement":[{"@type":"ListItem","position":1,"name":"Inicio","item":"https:\/\/www.caudete.org\/ayuntamiento\/"},{"@type":"ListItem","position":2,"name":"MODIFICACI\u00d3N REQUISITOS ABONO SOCIAL TELEF\u00d3NICA"}]},{"@type":"WebSite","@id":"https:\/\/www.caudete.org\/ayuntamiento\/#website","url":"https:\/\/www.caudete.org\/ayuntamiento\/","name":"MI Ayuntamiento de Caudete","description":"P\u00e1gina Oficial del MI Ayuntamiento de Caudete","potentialAction":[{"@type":"SearchAction","target":{"@type":"EntryPoint","urlTemplate":"https:\/\/www.caudete.org\/ayuntamiento\/?s={search_term_string}"},"query-input":{"@type":"PropertyValueSpecification","valueRequired":true,"valueName":"search_term_string"}}],"inLanguage":"es"},{"@type":"Person","@id":"https:\/\/www.caudete.org\/ayuntamiento\/#\/schema\/person\/79f7e19fdd176fc2bc7a289013dc2056","name":"ayun","image":{"@type":"ImageObject","inLanguage":"es","@id":"https:\/\/secure.gravatar.com\/avatar\/4ce797ee07c943e7e592f8cd648e503e6cd571387558ed07135799c2bd2847df?s=96&d=mm&r=g","url":"https:\/\/secure.gravatar.com\/avatar\/4ce797ee07c943e7e592f8cd648e503e6cd571387558ed07135799c2bd2847df?s=96&d=mm&r=g","contentUrl":"https:\/\/secure.gravatar.com\/avatar\/4ce797ee07c943e7e592f8cd648e503e6cd571387558ed07135799c2bd2847df?s=96&d=mm&r=g","caption":"ayun"},"sameAs":["http:\/\/www.caudete.org\/ayuntamiento"],"url":"https:\/\/www.caudete.org\/ayuntamiento\/author\/ayun\/"}]}},"_links":{"self":[{"href":"https:\/\/www.caudete.org\/ayuntamiento\/wp-json\/wp\/v2\/posts\/7728","targetHints":{"allow":["GET"]}}],"collection":[{"href":"https:\/\/www.caudete.org\/ayuntamiento\/wp-json\/wp\/v2\/posts"}],"about":[{"href":"https:\/\/www.caudete.org\/ayuntamiento\/wp-json\/wp\/v2\/types\/post"}],"author":[{"embeddable":true,"href":"https:\/\/www.caudete.org\/ayuntamiento\/wp-json\/wp\/v2\/users\/1"}],"replies":[{"embeddable":true,"href":"https:\/\/www.caudete.org\/ayuntamiento\/wp-json\/wp\/v2\/comments?post=7728"}],"version-history":[{"count":2,"href":"https:\/\/www.caudete.org\/ayuntamiento\/wp-json\/wp\/v2\/posts\/7728\/revisions"}],"predecessor-version":[{"id":9407,"href":"https:\/\/www.caudete.org\/ayuntamiento\/wp-json\/wp\/v2\/posts\/7728\/revisions\/9407"}],"wp:featuredmedia":[{"embeddable":true,"href":"https:\/\/www.caudete.org\/ayuntamiento\/wp-json\/wp\/v2\/media\/7729"}],"wp:attachment":[{"href":"https:\/\/www.caudete.org\/ayuntamiento\/wp-json\/wp\/v2\/media?parent=7728"}],"wp:term":[{"taxonomy":"category","embeddable":true,"href":"https:\/\/www.caudete.org\/ayuntamiento\/wp-json\/wp\/v2\/categories?post=7728"},{"taxonomy":"post_tag","embeddable":true,"href":"https:\/\/www.caudete.org\/ayuntamiento\/wp-json\/wp\/v2\/tags?post=7728"}],"curies":[{"name":"wp","href":"https:\/\/api.w.org\/{rel}","templated":true}]}}