{"id":7731,"date":"2020-12-06T18:22:35","date_gmt":"2020-12-06T17:22:35","guid":{"rendered":"http:\/\/www.caudete.org\/ayuntamiento\/?p=7731"},"modified":"2020-12-14T19:09:20","modified_gmt":"2020-12-14T18:09:20","slug":"campana-verano-te-presentamos-los-ingredientes-de-un-verano-saludable-saborealo","status":"publish","type":"post","link":"https:\/\/www.caudete.org\/ayuntamiento\/campana-verano-te-presentamos-los-ingredientes-de-un-verano-saludable-saborealo\/","title":{"rendered":"CAMPA\u00d1A VERANO &#8211; TE PRESENTAMOS LOS INGREDIENTES DE UN VERANO SALUDABLE &#8211; \u00a1SABOR\u00c9ALO!"},"content":{"rendered":"<p>El Ayuntamiento de Caudete, a trav\u00e9s de la Concejal\u00eda de Consumo se suma a la campa\u00f1a de Verano que ha lanzado la Consejer\u00eda de Sanidad del Gobierno de Castilla-La Mancha, a trav\u00e9s de la Direcci\u00f3n General de Salud P\u00fablica y el Instituto de Consumo de la regi\u00f3n. Calor, vacaciones, gastos extraordinarios. Pero esta \u00e9poca estival donde parece que todos nos relajamos un poco m\u00e1s no tiene que servir para \u201crelajar\u201d nuestros derechos y obligaciones como consumidores.<\/p>\n<div id=\"recuadro_not\">\n<p>Los alimentos, el sol, las altas temperaturas, los viajes, los alojamiento tur\u00edsticos y las aguas de ba\u00f1o son los aspectos en los que incide la campa\u00f1a de Consumo para este verano puesta en marcha por el Gobierno Regional.<\/p>\n<p>Los folletos pueden retirarse en la OMIC o descargar en pdf.<\/p>\n<p>Desc\u00e1rgate aqu\u00ed otros temas de inter\u00e9s:<\/p>\n<\/div>\n<div class=\"clear\">\n<p><a href=\"http:\/\/caudete.org\/ayuntamiento\/eniusimg\/enius146\/2010\/07\/adjuntos_fichero_109884_4a2149a999f28134.pdf\" class=\"mtli_attachment mtli_pdf\" target=\"_blank\" rel=\"noopener noreferrer nofollow\">FOLLETO <\/a><\/p>\n<\/div>\n<div id=\"enlaces\">\n<h5>Enlaces relacionados<\/h5>\n<ul>\n<li><a href=\"http:\/\/www.caudete.telemaco.es\/noticia.asp?idnoticia=90302\" target=\"_blank\" rel=\"noopener noreferrer nofollow\">TUS DERECHOS EN FERROCARRIL<\/a><\/li>\n<li><a href=\"http:\/\/www.caudete.org\/ayuntamiento\/noticia.asp?idnoticia=90059\" target=\"_blank\" rel=\"noopener noreferrer\">TUS DERECHOS EN AVI\u00d3N<\/a><\/li>\n<li><a href=\"http:\/\/www.caudete.org\/ayuntamiento\/noticia.asp?idnoticia=90303\" target=\"_blank\" rel=\"noopener noreferrer\">TUS DERECHOS EN VIAJES COMBINADOS<\/a><\/li>\n<\/ul>\n<\/div>\n","protected":false},"excerpt":{"rendered":"<p>El Ayuntamiento de Caudete, a trav\u00e9s de la Concejal\u00eda de Consumo se suma a la campa\u00f1a de Verano que ha lanzado la Consejer\u00eda de Sanidad del Gobierno de Castilla-La Mancha, a trav\u00e9s de la Direcci\u00f3n General de Salud P\u00fablica y el Instituto de Consumo de la regi\u00f3n. Calor, vacaciones, gastos extraordinarios. Pero esta \u00e9poca estival &hellip;<\/p>\n","protected":false},"author":1,"featured_media":7734,"comment_status":"closed","ping_status":"open","sticky":false,"template":"","format":"standard","meta":{"ngg_post_thumbnail":0,"footnotes":""},"categories":[110],"tags":[],"class_list":["post-7731","post","type-post","status-publish","format-standard","has-post-thumbnail","hentry","category-omic-noticias"],"yoast_head":"<!-- This site is optimized with the Yoast SEO plugin v27.5 - https:\/\/yoast.com\/product\/yoast-seo-wordpress\/ -->\n<title>CAMPA\u00d1A VERANO - TE PRESENTAMOS LOS INGREDIENTES DE UN VERANO SALUDABLE - \u00a1SABOR\u00c9ALO! - MI Ayuntamiento de Caudete<\/title>\n<meta name=\"description\" content=\"P\u00e1gina Oficial del Ayuntamiento de Caudete (Albacete)\" \/>\n<meta name=\"robots\" content=\"index, follow, max-snippet:-1, max-image-preview:large, max-video-preview:-1\" \/>\n<link rel=\"canonical\" href=\"https:\/\/www.caudete.org\/ayuntamiento\/campana-verano-te-presentamos-los-ingredientes-de-un-verano-saludable-saborealo\/\" \/>\n<meta property=\"og:locale\" content=\"es_ES\" \/>\n<meta property=\"og:type\" content=\"article\" \/>\n<meta property=\"og:title\" content=\"CAMPA\u00d1A VERANO - TE PRESENTAMOS LOS INGREDIENTES DE UN VERANO SALUDABLE - \u00a1SABOR\u00c9ALO! - MI Ayuntamiento de Caudete\" \/>\n<meta property=\"og:description\" content=\"P\u00e1gina Oficial del Ayuntamiento de Caudete (Albacete)\" \/>\n<meta property=\"og:url\" content=\"https:\/\/www.caudete.org\/ayuntamiento\/campana-verano-te-presentamos-los-ingredientes-de-un-verano-saludable-saborealo\/\" \/>\n<meta property=\"og:site_name\" content=\"MI Ayuntamiento de Caudete\" \/>\n<meta property=\"article:publisher\" content=\"https:\/\/www.facebook.com\/ayuntamientocaudete\/\" \/>\n<meta property=\"article:published_time\" content=\"2020-12-06T17:22:35+00:00\" \/>\n<meta property=\"article:modified_time\" content=\"2020-12-14T18:09:20+00:00\" \/>\n<meta property=\"og:image\" content=\"https:\/\/www.caudete.org\/ayuntamiento\/wp-content\/uploads\/2020\/12\/omic-vern1.jpg\" \/>\n\t<meta property=\"og:image:width\" content=\"278\" \/>\n\t<meta property=\"og:image:height\" content=\"281\" \/>\n\t<meta property=\"og:image:type\" content=\"image\/jpeg\" \/>\n<meta name=\"author\" content=\"ayun\" \/>\n<meta name=\"twitter:card\" content=\"summary_large_image\" \/>\n<meta name=\"twitter:label1\" content=\"Escrito por\" \/>\n\t<meta name=\"twitter:data1\" content=\"ayun\" \/>\n\t<meta name=\"twitter:label2\" content=\"Tiempo de lectura\" \/>\n\t<meta name=\"twitter:data2\" content=\"1 minuto\" \/>\n<script type=\"application\/ld+json\" class=\"yoast-schema-graph\">{\"@context\":\"https:\\\/\\\/schema.org\",\"@graph\":[{\"@type\":\"Article\",\"@id\":\"https:\\\/\\\/www.caudete.org\\\/ayuntamiento\\\/campana-verano-te-presentamos-los-ingredientes-de-un-verano-saludable-saborealo\\\/#article\",\"isPartOf\":{\"@id\":\"https:\\\/\\\/www.caudete.org\\\/ayuntamiento\\\/campana-verano-te-presentamos-los-ingredientes-de-un-verano-saludable-saborealo\\\/\"},\"author\":{\"name\":\"ayun\",\"@id\":\"https:\\\/\\\/www.caudete.org\\\/ayuntamiento\\\/#\\\/schema\\\/person\\\/79f7e19fdd176fc2bc7a289013dc2056\"},\"headline\":\"CAMPA\u00d1A VERANO &#8211; TE PRESENTAMOS LOS INGREDIENTES DE UN VERANO SALUDABLE &#8211; \u00a1SABOR\u00c9ALO!\",\"datePublished\":\"2020-12-06T17:22:35+00:00\",\"dateModified\":\"2020-12-14T18:09:20+00:00\",\"mainEntityOfPage\":{\"@id\":\"https:\\\/\\\/www.caudete.org\\\/ayuntamiento\\\/campana-verano-te-presentamos-los-ingredientes-de-un-verano-saludable-saborealo\\\/\"},\"wordCount\":177,\"image\":{\"@id\":\"https:\\\/\\\/www.caudete.org\\\/ayuntamiento\\\/campana-verano-te-presentamos-los-ingredientes-de-un-verano-saludable-saborealo\\\/#primaryimage\"},\"thumbnailUrl\":\"https:\\\/\\\/www.caudete.org\\\/ayuntamiento\\\/wp-content\\\/uploads\\\/2020\\\/12\\\/omic-vern1.jpg\",\"articleSection\":[\"omic-noticias\"],\"inLanguage\":\"es\"},{\"@type\":\"WebPage\",\"@id\":\"https:\\\/\\\/www.caudete.org\\\/ayuntamiento\\\/campana-verano-te-presentamos-los-ingredientes-de-un-verano-saludable-saborealo\\\/\",\"url\":\"https:\\\/\\\/www.caudete.org\\\/ayuntamiento\\\/campana-verano-te-presentamos-los-ingredientes-de-un-verano-saludable-saborealo\\\/\",\"name\":\"CAMPA\u00d1A VERANO - TE PRESENTAMOS LOS INGREDIENTES DE UN VERANO SALUDABLE - \u00a1SABOR\u00c9ALO! - MI Ayuntamiento de Caudete\",\"isPartOf\":{\"@id\":\"https:\\\/\\\/www.caudete.org\\\/ayuntamiento\\\/#website\"},\"primaryImageOfPage\":{\"@id\":\"https:\\\/\\\/www.caudete.org\\\/ayuntamiento\\\/campana-verano-te-presentamos-los-ingredientes-de-un-verano-saludable-saborealo\\\/#primaryimage\"},\"image\":{\"@id\":\"https:\\\/\\\/www.caudete.org\\\/ayuntamiento\\\/campana-verano-te-presentamos-los-ingredientes-de-un-verano-saludable-saborealo\\\/#primaryimage\"},\"thumbnailUrl\":\"https:\\\/\\\/www.caudete.org\\\/ayuntamiento\\\/wp-content\\\/uploads\\\/2020\\\/12\\\/omic-vern1.jpg\",\"datePublished\":\"2020-12-06T17:22:35+00:00\",\"dateModified\":\"2020-12-14T18:09:20+00:00\",\"author\":{\"@id\":\"https:\\\/\\\/www.caudete.org\\\/ayuntamiento\\\/#\\\/schema\\\/person\\\/79f7e19fdd176fc2bc7a289013dc2056\"},\"description\":\"P\u00e1gina Oficial del Ayuntamiento de Caudete (Albacete)\",\"breadcrumb\":{\"@id\":\"https:\\\/\\\/www.caudete.org\\\/ayuntamiento\\\/campana-verano-te-presentamos-los-ingredientes-de-un-verano-saludable-saborealo\\\/#breadcrumb\"},\"inLanguage\":\"es\",\"potentialAction\":[{\"@type\":\"ReadAction\",\"target\":[\"https:\\\/\\\/www.caudete.org\\\/ayuntamiento\\\/campana-verano-te-presentamos-los-ingredientes-de-un-verano-saludable-saborealo\\\/\"]}]},{\"@type\":\"ImageObject\",\"inLanguage\":\"es\",\"@id\":\"https:\\\/\\\/www.caudete.org\\\/ayuntamiento\\\/campana-verano-te-presentamos-los-ingredientes-de-un-verano-saludable-saborealo\\\/#primaryimage\",\"url\":\"https:\\\/\\\/www.caudete.org\\\/ayuntamiento\\\/wp-content\\\/uploads\\\/2020\\\/12\\\/omic-vern1.jpg\",\"contentUrl\":\"https:\\\/\\\/www.caudete.org\\\/ayuntamiento\\\/wp-content\\\/uploads\\\/2020\\\/12\\\/omic-vern1.jpg\",\"width\":278,\"height\":281},{\"@type\":\"BreadcrumbList\",\"@id\":\"https:\\\/\\\/www.caudete.org\\\/ayuntamiento\\\/campana-verano-te-presentamos-los-ingredientes-de-un-verano-saludable-saborealo\\\/#breadcrumb\",\"itemListElement\":[{\"@type\":\"ListItem\",\"position\":1,\"name\":\"Inicio\",\"item\":\"https:\\\/\\\/www.caudete.org\\\/ayuntamiento\\\/\"},{\"@type\":\"ListItem\",\"position\":2,\"name\":\"CAMPA\u00d1A VERANO &#8211; TE PRESENTAMOS LOS INGREDIENTES DE UN VERANO SALUDABLE &#8211; \u00a1SABOR\u00c9ALO!\"}]},{\"@type\":\"WebSite\",\"@id\":\"https:\\\/\\\/www.caudete.org\\\/ayuntamiento\\\/#website\",\"url\":\"https:\\\/\\\/www.caudete.org\\\/ayuntamiento\\\/\",\"name\":\"MI Ayuntamiento de Caudete\",\"description\":\"P\u00e1gina Oficial del MI Ayuntamiento de Caudete\",\"potentialAction\":[{\"@type\":\"SearchAction\",\"target\":{\"@type\":\"EntryPoint\",\"urlTemplate\":\"https:\\\/\\\/www.caudete.org\\\/ayuntamiento\\\/?s={search_term_string}\"},\"query-input\":{\"@type\":\"PropertyValueSpecification\",\"valueRequired\":true,\"valueName\":\"search_term_string\"}}],\"inLanguage\":\"es\"},{\"@type\":\"Person\",\"@id\":\"https:\\\/\\\/www.caudete.org\\\/ayuntamiento\\\/#\\\/schema\\\/person\\\/79f7e19fdd176fc2bc7a289013dc2056\",\"name\":\"ayun\",\"image\":{\"@type\":\"ImageObject\",\"inLanguage\":\"es\",\"@id\":\"https:\\\/\\\/secure.gravatar.com\\\/avatar\\\/4ce797ee07c943e7e592f8cd648e503e6cd571387558ed07135799c2bd2847df?s=96&d=mm&r=g\",\"url\":\"https:\\\/\\\/secure.gravatar.com\\\/avatar\\\/4ce797ee07c943e7e592f8cd648e503e6cd571387558ed07135799c2bd2847df?s=96&d=mm&r=g\",\"contentUrl\":\"https:\\\/\\\/secure.gravatar.com\\\/avatar\\\/4ce797ee07c943e7e592f8cd648e503e6cd571387558ed07135799c2bd2847df?s=96&d=mm&r=g\",\"caption\":\"ayun\"},\"sameAs\":[\"http:\\\/\\\/www.caudete.org\\\/ayuntamiento\"],\"url\":\"https:\\\/\\\/www.caudete.org\\\/ayuntamiento\\\/author\\\/ayun\\\/\"}]}<\/script>\n<!-- \/ Yoast SEO plugin. -->","yoast_head_json":{"title":"CAMPA\u00d1A VERANO - TE PRESENTAMOS LOS INGREDIENTES DE UN VERANO SALUDABLE - \u00a1SABOR\u00c9ALO! - MI Ayuntamiento de Caudete","description":"P\u00e1gina Oficial del Ayuntamiento de Caudete (Albacete)","robots":{"index":"index","follow":"follow","max-snippet":"max-snippet:-1","max-image-preview":"max-image-preview:large","max-video-preview":"max-video-preview:-1"},"canonical":"https:\/\/www.caudete.org\/ayuntamiento\/campana-verano-te-presentamos-los-ingredientes-de-un-verano-saludable-saborealo\/","og_locale":"es_ES","og_type":"article","og_title":"CAMPA\u00d1A VERANO - TE PRESENTAMOS LOS INGREDIENTES DE UN VERANO SALUDABLE - \u00a1SABOR\u00c9ALO! - MI Ayuntamiento de Caudete","og_description":"P\u00e1gina Oficial del Ayuntamiento de Caudete (Albacete)","og_url":"https:\/\/www.caudete.org\/ayuntamiento\/campana-verano-te-presentamos-los-ingredientes-de-un-verano-saludable-saborealo\/","og_site_name":"MI Ayuntamiento de Caudete","article_publisher":"https:\/\/www.facebook.com\/ayuntamientocaudete\/","article_published_time":"2020-12-06T17:22:35+00:00","article_modified_time":"2020-12-14T18:09:20+00:00","og_image":[{"width":278,"height":281,"url":"https:\/\/www.caudete.org\/ayuntamiento\/wp-content\/uploads\/2020\/12\/omic-vern1.jpg","type":"image\/jpeg"}],"author":"ayun","twitter_card":"summary_large_image","twitter_misc":{"Escrito por":"ayun","Tiempo de lectura":"1 minuto"},"schema":{"@context":"https:\/\/schema.org","@graph":[{"@type":"Article","@id":"https:\/\/www.caudete.org\/ayuntamiento\/campana-verano-te-presentamos-los-ingredientes-de-un-verano-saludable-saborealo\/#article","isPartOf":{"@id":"https:\/\/www.caudete.org\/ayuntamiento\/campana-verano-te-presentamos-los-ingredientes-de-un-verano-saludable-saborealo\/"},"author":{"name":"ayun","@id":"https:\/\/www.caudete.org\/ayuntamiento\/#\/schema\/person\/79f7e19fdd176fc2bc7a289013dc2056"},"headline":"CAMPA\u00d1A VERANO &#8211; TE PRESENTAMOS LOS INGREDIENTES DE UN VERANO SALUDABLE &#8211; \u00a1SABOR\u00c9ALO!","datePublished":"2020-12-06T17:22:35+00:00","dateModified":"2020-12-14T18:09:20+00:00","mainEntityOfPage":{"@id":"https:\/\/www.caudete.org\/ayuntamiento\/campana-verano-te-presentamos-los-ingredientes-de-un-verano-saludable-saborealo\/"},"wordCount":177,"image":{"@id":"https:\/\/www.caudete.org\/ayuntamiento\/campana-verano-te-presentamos-los-ingredientes-de-un-verano-saludable-saborealo\/#primaryimage"},"thumbnailUrl":"https:\/\/www.caudete.org\/ayuntamiento\/wp-content\/uploads\/2020\/12\/omic-vern1.jpg","articleSection":["omic-noticias"],"inLanguage":"es"},{"@type":"WebPage","@id":"https:\/\/www.caudete.org\/ayuntamiento\/campana-verano-te-presentamos-los-ingredientes-de-un-verano-saludable-saborealo\/","url":"https:\/\/www.caudete.org\/ayuntamiento\/campana-verano-te-presentamos-los-ingredientes-de-un-verano-saludable-saborealo\/","name":"CAMPA\u00d1A VERANO - TE PRESENTAMOS LOS INGREDIENTES DE UN VERANO SALUDABLE - \u00a1SABOR\u00c9ALO! - MI Ayuntamiento de Caudete","isPartOf":{"@id":"https:\/\/www.caudete.org\/ayuntamiento\/#website"},"primaryImageOfPage":{"@id":"https:\/\/www.caudete.org\/ayuntamiento\/campana-verano-te-presentamos-los-ingredientes-de-un-verano-saludable-saborealo\/#primaryimage"},"image":{"@id":"https:\/\/www.caudete.org\/ayuntamiento\/campana-verano-te-presentamos-los-ingredientes-de-un-verano-saludable-saborealo\/#primaryimage"},"thumbnailUrl":"https:\/\/www.caudete.org\/ayuntamiento\/wp-content\/uploads\/2020\/12\/omic-vern1.jpg","datePublished":"2020-12-06T17:22:35+00:00","dateModified":"2020-12-14T18:09:20+00:00","author":{"@id":"https:\/\/www.caudete.org\/ayuntamiento\/#\/schema\/person\/79f7e19fdd176fc2bc7a289013dc2056"},"description":"P\u00e1gina Oficial del Ayuntamiento de Caudete (Albacete)","breadcrumb":{"@id":"https:\/\/www.caudete.org\/ayuntamiento\/campana-verano-te-presentamos-los-ingredientes-de-un-verano-saludable-saborealo\/#breadcrumb"},"inLanguage":"es","potentialAction":[{"@type":"ReadAction","target":["https:\/\/www.caudete.org\/ayuntamiento\/campana-verano-te-presentamos-los-ingredientes-de-un-verano-saludable-saborealo\/"]}]},{"@type":"ImageObject","inLanguage":"es","@id":"https:\/\/www.caudete.org\/ayuntamiento\/campana-verano-te-presentamos-los-ingredientes-de-un-verano-saludable-saborealo\/#primaryimage","url":"https:\/\/www.caudete.org\/ayuntamiento\/wp-content\/uploads\/2020\/12\/omic-vern1.jpg","contentUrl":"https:\/\/www.caudete.org\/ayuntamiento\/wp-content\/uploads\/2020\/12\/omic-vern1.jpg","width":278,"height":281},{"@type":"BreadcrumbList","@id":"https:\/\/www.caudete.org\/ayuntamiento\/campana-verano-te-presentamos-los-ingredientes-de-un-verano-saludable-saborealo\/#breadcrumb","itemListElement":[{"@type":"ListItem","position":1,"name":"Inicio","item":"https:\/\/www.caudete.org\/ayuntamiento\/"},{"@type":"ListItem","position":2,"name":"CAMPA\u00d1A VERANO &#8211; TE PRESENTAMOS LOS INGREDIENTES DE UN VERANO SALUDABLE &#8211; \u00a1SABOR\u00c9ALO!"}]},{"@type":"WebSite","@id":"https:\/\/www.caudete.org\/ayuntamiento\/#website","url":"https:\/\/www.caudete.org\/ayuntamiento\/","name":"MI Ayuntamiento de Caudete","description":"P\u00e1gina Oficial del MI Ayuntamiento de Caudete","potentialAction":[{"@type":"SearchAction","target":{"@type":"EntryPoint","urlTemplate":"https:\/\/www.caudete.org\/ayuntamiento\/?s={search_term_string}"},"query-input":{"@type":"PropertyValueSpecification","valueRequired":true,"valueName":"search_term_string"}}],"inLanguage":"es"},{"@type":"Person","@id":"https:\/\/www.caudete.org\/ayuntamiento\/#\/schema\/person\/79f7e19fdd176fc2bc7a289013dc2056","name":"ayun","image":{"@type":"ImageObject","inLanguage":"es","@id":"https:\/\/secure.gravatar.com\/avatar\/4ce797ee07c943e7e592f8cd648e503e6cd571387558ed07135799c2bd2847df?s=96&d=mm&r=g","url":"https:\/\/secure.gravatar.com\/avatar\/4ce797ee07c943e7e592f8cd648e503e6cd571387558ed07135799c2bd2847df?s=96&d=mm&r=g","contentUrl":"https:\/\/secure.gravatar.com\/avatar\/4ce797ee07c943e7e592f8cd648e503e6cd571387558ed07135799c2bd2847df?s=96&d=mm&r=g","caption":"ayun"},"sameAs":["http:\/\/www.caudete.org\/ayuntamiento"],"url":"https:\/\/www.caudete.org\/ayuntamiento\/author\/ayun\/"}]}},"_links":{"self":[{"href":"https:\/\/www.caudete.org\/ayuntamiento\/wp-json\/wp\/v2\/posts\/7731","targetHints":{"allow":["GET"]}}],"collection":[{"href":"https:\/\/www.caudete.org\/ayuntamiento\/wp-json\/wp\/v2\/posts"}],"about":[{"href":"https:\/\/www.caudete.org\/ayuntamiento\/wp-json\/wp\/v2\/types\/post"}],"author":[{"embeddable":true,"href":"https:\/\/www.caudete.org\/ayuntamiento\/wp-json\/wp\/v2\/users\/1"}],"replies":[{"embeddable":true,"href":"https:\/\/www.caudete.org\/ayuntamiento\/wp-json\/wp\/v2\/comments?post=7731"}],"version-history":[{"count":2,"href":"https:\/\/www.caudete.org\/ayuntamiento\/wp-json\/wp\/v2\/posts\/7731\/revisions"}],"predecessor-version":[{"id":9406,"href":"https:\/\/www.caudete.org\/ayuntamiento\/wp-json\/wp\/v2\/posts\/7731\/revisions\/9406"}],"wp:featuredmedia":[{"embeddable":true,"href":"https:\/\/www.caudete.org\/ayuntamiento\/wp-json\/wp\/v2\/media\/7734"}],"wp:attachment":[{"href":"https:\/\/www.caudete.org\/ayuntamiento\/wp-json\/wp\/v2\/media?parent=7731"}],"wp:term":[{"taxonomy":"category","embeddable":true,"href":"https:\/\/www.caudete.org\/ayuntamiento\/wp-json\/wp\/v2\/categories?post=7731"},{"taxonomy":"post_tag","embeddable":true,"href":"https:\/\/www.caudete.org\/ayuntamiento\/wp-json\/wp\/v2\/tags?post=7731"}],"curies":[{"name":"wp","href":"https:\/\/api.w.org\/{rel}","templated":true}]}}