{"id":7736,"date":"2020-12-06T18:30:48","date_gmt":"2020-12-06T17:30:48","guid":{"rendered":"http:\/\/www.caudete.org\/ayuntamiento\/?p=7736"},"modified":"2020-12-14T19:08:52","modified_gmt":"2020-12-14T18:08:52","slug":"llegan-las-rebajas-de-verano","status":"publish","type":"post","link":"https:\/\/www.caudete.org\/ayuntamiento\/llegan-las-rebajas-de-verano\/","title":{"rendered":"\u00a1Llegan las Rebajas de Verano!"},"content":{"rendered":"<p style=\"text-align: justify;\">En Castilla la Mancha las Rebajas de Verano comprenden desde el 01 Julio hasta el 30 de Septiembre.<\/p>\n<p style=\"text-align: justify;\">Dentro de los l\u00edmites de estas fechas, cada comerciante podr\u00e1 decidir las fechas de inicio y finalizaci\u00f3n para cada uno de los per\u00edodos de rebajas, que ser\u00e1 como m\u00ednimo de una semana.<\/p>\n<p>Las fechas de rebajas elegidas deber\u00e1n exhibirse en el exterior de los establecimientos comerciales, de forma que sean visibles al p\u00fablico, incluso cuando se encuentren cerrados.<\/p>\n<p>Se considera que un art\u00edculo est\u00e1 en rebajas o rebajado cuando el precio a la venta es inferior al que ten\u00eda fijado antes del per\u00edodo de rebajas. Los art\u00edculos objeto de venta en rebajas deber\u00e1n haber estado incluidos con anterioridad, y durante el plazo m\u00ednimo de un mes en la oferta habitual de ventas<\/p>\n<p>En primer lugar debemos decir que los comercios deben asumir que lo ofrecido en toda publicidad es de obligado cumplimiento y debe ser considerado como incluido en las cl\u00e1usulas del contrato.<\/p>\n<p><b>El etiquetado<\/b><\/p>\n<p>El etiquetado debe ser legible y en castellano.<\/p>\n<p>Los productos que sean exhibidos en los escaparates deben llevar los precios.<\/p>\n<p>El etiquetado debe ser doble: deben aparecer tanto el precio rebajado como el anterior de manera clara.<\/p>\n<p><b>El pago<\/b><\/p>\n<p>Todos aquellos establecimientos que aceptan el pago con tarjeta de cr\u00e9dito durante el resto del a\u00f1o, deber\u00e1n admitirlo tambi\u00e9n en rebajas, salvo que se indique de forma visible lo contrario.<\/p>\n<p><b>Factura o ticket<\/b><\/p>\n<p>Debe pedirse factura o ticket de compra, ya que el comerciante tiene obligaci\u00f3n de darlo y es imprescindible en caso de necesitar hacer un cambio o una reclamaci\u00f3n.<\/p>\n<p>En el ticket, tal y como se\u00f1ala la Ley para la Defensa de los Consumidores y Usuarios, debe llevar el nombre del producto, la fecha de la compra y el precio, as\u00ed como el nombre del comercio.<\/p>\n<p><b>Los cambios y devoluciones<\/b><\/p>\n<p>Los establecimientos no est\u00e1n obligados a realizar devoluciones de productos en buen estado, pero la mayor\u00eda sigue esta pr\u00e1ctica, que debe continuar en rebajas si se admiten durante el resto del a\u00f1o. Si un comercio no desea aceptarlas en per\u00edodo de rebajas, debe indicarlo expresamente en un lugar visible.<\/p>\n<p>Si abon\u00f3 la compra con una tarjeta de d\u00e9bito o de cr\u00e9dito, la devoluci\u00f3n se le har\u00e1 a la tarjeta; si se pag\u00f3 al contado, el reembolso ser\u00e1 tambi\u00e9n al contado.<\/p>\n<p>Si adquiere un producto antes de la \u00e9poca de rebajas y se quiere devolver cuando ya han comenzado, se le debe abonar el precio que ten\u00eda cuando fue comprado, el importe que indique la factura o el ticket de compra, y no el precio de ese art\u00edculo ya rebajado.<\/p>\n<p><b>La calidad y garant\u00eda<\/b><\/p>\n<p>No se debe aceptar la venta de ning\u00fan art\u00edculo en mal estado, que presente taras o est\u00e9 da\u00f1ado o estropeado, ya que en ese caso no se trata de rebaja, sino de un saldo.<\/p>\n<p>Los bienes de naturaleza duradera, como los electrodom\u00e9sticos, que tengan un certificado de garant\u00eda tambi\u00e9n deber\u00e1n llevarlo en \u00e9poca de rebajas, en las mismas condiciones que en per\u00edodo normal, y por escrito. El documento de garant\u00eda deber\u00e1 expresar el bien u objeto sobre el que recae, el nombre y direcci\u00f3n del garante (el vendedor), el plazo de duraci\u00f3n (como m\u00ednimo dos a\u00f1os) y el alcance territorial de la misma.<\/p>\n<p><img fetchpriority=\"high\" decoding=\"async\" class=\"aligncenter size-full wp-image-7738\" src=\"http:\/\/www.caudete.org\/ayuntamiento\/wp-content\/uploads\/2020\/12\/omic-reb2.jpg\" alt=\"\" width=\"408\" height=\"200\" srcset=\"https:\/\/www.caudete.org\/ayuntamiento\/wp-content\/uploads\/2020\/12\/omic-reb2.jpg 408w, https:\/\/www.caudete.org\/ayuntamiento\/wp-content\/uploads\/2020\/12\/omic-reb2-300x147.jpg 300w\" sizes=\"(max-width: 408px) 100vw, 408px\" \/><\/p>\n","protected":false},"excerpt":{"rendered":"<p>En Castilla la Mancha las Rebajas de Verano comprenden desde el 01 Julio hasta el 30 de Septiembre. Dentro de los l\u00edmites de estas fechas, cada comerciante podr\u00e1 decidir las fechas de inicio y finalizaci\u00f3n para cada uno de los per\u00edodos de rebajas, que ser\u00e1 como m\u00ednimo de una semana. Las fechas de rebajas elegidas &hellip;<\/p>\n","protected":false},"author":1,"featured_media":7737,"comment_status":"closed","ping_status":"open","sticky":false,"template":"","format":"standard","meta":{"ngg_post_thumbnail":0,"footnotes":""},"categories":[110],"tags":[],"class_list":["post-7736","post","type-post","status-publish","format-standard","has-post-thumbnail","hentry","category-omic-noticias"],"yoast_head":"<!-- This site is optimized with the Yoast SEO plugin v27.5 - https:\/\/yoast.com\/product\/yoast-seo-wordpress\/ -->\n<title>\u00a1Llegan las Rebajas de Verano! - MI Ayuntamiento de Caudete<\/title>\n<meta name=\"description\" content=\"P\u00e1gina Oficial del Ayuntamiento de Caudete (Albacete)\" \/>\n<meta name=\"robots\" content=\"index, follow, max-snippet:-1, max-image-preview:large, max-video-preview:-1\" \/>\n<link rel=\"canonical\" href=\"https:\/\/www.caudete.org\/ayuntamiento\/llegan-las-rebajas-de-verano\/\" \/>\n<meta property=\"og:locale\" content=\"es_ES\" \/>\n<meta property=\"og:type\" content=\"article\" \/>\n<meta property=\"og:title\" content=\"\u00a1Llegan las Rebajas de Verano! - MI Ayuntamiento de Caudete\" \/>\n<meta property=\"og:description\" content=\"P\u00e1gina Oficial del Ayuntamiento de Caudete (Albacete)\" \/>\n<meta property=\"og:url\" content=\"https:\/\/www.caudete.org\/ayuntamiento\/llegan-las-rebajas-de-verano\/\" \/>\n<meta property=\"og:site_name\" content=\"MI Ayuntamiento de Caudete\" \/>\n<meta property=\"article:publisher\" content=\"https:\/\/www.facebook.com\/ayuntamientocaudete\/\" \/>\n<meta property=\"article:published_time\" content=\"2020-12-06T17:30:48+00:00\" \/>\n<meta property=\"article:modified_time\" content=\"2020-12-14T18:08:52+00:00\" \/>\n<meta property=\"og:image\" content=\"https:\/\/www.caudete.org\/ayuntamiento\/wp-content\/uploads\/2020\/12\/omic-reb1.jpg\" \/>\n\t<meta property=\"og:image:width\" content=\"406\" \/>\n\t<meta property=\"og:image:height\" content=\"200\" \/>\n\t<meta property=\"og:image:type\" content=\"image\/jpeg\" \/>\n<meta name=\"author\" content=\"ayun\" \/>\n<meta name=\"twitter:card\" content=\"summary_large_image\" \/>\n<meta name=\"twitter:label1\" content=\"Escrito por\" \/>\n\t<meta name=\"twitter:data1\" content=\"ayun\" \/>\n\t<meta name=\"twitter:label2\" content=\"Tiempo de lectura\" \/>\n\t<meta name=\"twitter:data2\" content=\"3 minutos\" \/>\n<script type=\"application\/ld+json\" class=\"yoast-schema-graph\">{\"@context\":\"https:\\\/\\\/schema.org\",\"@graph\":[{\"@type\":\"Article\",\"@id\":\"https:\\\/\\\/www.caudete.org\\\/ayuntamiento\\\/llegan-las-rebajas-de-verano\\\/#article\",\"isPartOf\":{\"@id\":\"https:\\\/\\\/www.caudete.org\\\/ayuntamiento\\\/llegan-las-rebajas-de-verano\\\/\"},\"author\":{\"name\":\"ayun\",\"@id\":\"https:\\\/\\\/www.caudete.org\\\/ayuntamiento\\\/#\\\/schema\\\/person\\\/79f7e19fdd176fc2bc7a289013dc2056\"},\"headline\":\"\u00a1Llegan las Rebajas de Verano!\",\"datePublished\":\"2020-12-06T17:30:48+00:00\",\"dateModified\":\"2020-12-14T18:08:52+00:00\",\"mainEntityOfPage\":{\"@id\":\"https:\\\/\\\/www.caudete.org\\\/ayuntamiento\\\/llegan-las-rebajas-de-verano\\\/\"},\"wordCount\":588,\"image\":{\"@id\":\"https:\\\/\\\/www.caudete.org\\\/ayuntamiento\\\/llegan-las-rebajas-de-verano\\\/#primaryimage\"},\"thumbnailUrl\":\"https:\\\/\\\/www.caudete.org\\\/ayuntamiento\\\/wp-content\\\/uploads\\\/2020\\\/12\\\/omic-reb1.jpg\",\"articleSection\":[\"omic-noticias\"],\"inLanguage\":\"es\"},{\"@type\":\"WebPage\",\"@id\":\"https:\\\/\\\/www.caudete.org\\\/ayuntamiento\\\/llegan-las-rebajas-de-verano\\\/\",\"url\":\"https:\\\/\\\/www.caudete.org\\\/ayuntamiento\\\/llegan-las-rebajas-de-verano\\\/\",\"name\":\"\u00a1Llegan las Rebajas de Verano! - MI Ayuntamiento de Caudete\",\"isPartOf\":{\"@id\":\"https:\\\/\\\/www.caudete.org\\\/ayuntamiento\\\/#website\"},\"primaryImageOfPage\":{\"@id\":\"https:\\\/\\\/www.caudete.org\\\/ayuntamiento\\\/llegan-las-rebajas-de-verano\\\/#primaryimage\"},\"image\":{\"@id\":\"https:\\\/\\\/www.caudete.org\\\/ayuntamiento\\\/llegan-las-rebajas-de-verano\\\/#primaryimage\"},\"thumbnailUrl\":\"https:\\\/\\\/www.caudete.org\\\/ayuntamiento\\\/wp-content\\\/uploads\\\/2020\\\/12\\\/omic-reb1.jpg\",\"datePublished\":\"2020-12-06T17:30:48+00:00\",\"dateModified\":\"2020-12-14T18:08:52+00:00\",\"author\":{\"@id\":\"https:\\\/\\\/www.caudete.org\\\/ayuntamiento\\\/#\\\/schema\\\/person\\\/79f7e19fdd176fc2bc7a289013dc2056\"},\"description\":\"P\u00e1gina Oficial del Ayuntamiento de Caudete (Albacete)\",\"breadcrumb\":{\"@id\":\"https:\\\/\\\/www.caudete.org\\\/ayuntamiento\\\/llegan-las-rebajas-de-verano\\\/#breadcrumb\"},\"inLanguage\":\"es\",\"potentialAction\":[{\"@type\":\"ReadAction\",\"target\":[\"https:\\\/\\\/www.caudete.org\\\/ayuntamiento\\\/llegan-las-rebajas-de-verano\\\/\"]}]},{\"@type\":\"ImageObject\",\"inLanguage\":\"es\",\"@id\":\"https:\\\/\\\/www.caudete.org\\\/ayuntamiento\\\/llegan-las-rebajas-de-verano\\\/#primaryimage\",\"url\":\"https:\\\/\\\/www.caudete.org\\\/ayuntamiento\\\/wp-content\\\/uploads\\\/2020\\\/12\\\/omic-reb1.jpg\",\"contentUrl\":\"https:\\\/\\\/www.caudete.org\\\/ayuntamiento\\\/wp-content\\\/uploads\\\/2020\\\/12\\\/omic-reb1.jpg\",\"width\":406,\"height\":200},{\"@type\":\"BreadcrumbList\",\"@id\":\"https:\\\/\\\/www.caudete.org\\\/ayuntamiento\\\/llegan-las-rebajas-de-verano\\\/#breadcrumb\",\"itemListElement\":[{\"@type\":\"ListItem\",\"position\":1,\"name\":\"Inicio\",\"item\":\"https:\\\/\\\/www.caudete.org\\\/ayuntamiento\\\/\"},{\"@type\":\"ListItem\",\"position\":2,\"name\":\"\u00a1Llegan las Rebajas de Verano!\"}]},{\"@type\":\"WebSite\",\"@id\":\"https:\\\/\\\/www.caudete.org\\\/ayuntamiento\\\/#website\",\"url\":\"https:\\\/\\\/www.caudete.org\\\/ayuntamiento\\\/\",\"name\":\"MI Ayuntamiento de Caudete\",\"description\":\"P\u00e1gina Oficial del MI Ayuntamiento de Caudete\",\"potentialAction\":[{\"@type\":\"SearchAction\",\"target\":{\"@type\":\"EntryPoint\",\"urlTemplate\":\"https:\\\/\\\/www.caudete.org\\\/ayuntamiento\\\/?s={search_term_string}\"},\"query-input\":{\"@type\":\"PropertyValueSpecification\",\"valueRequired\":true,\"valueName\":\"search_term_string\"}}],\"inLanguage\":\"es\"},{\"@type\":\"Person\",\"@id\":\"https:\\\/\\\/www.caudete.org\\\/ayuntamiento\\\/#\\\/schema\\\/person\\\/79f7e19fdd176fc2bc7a289013dc2056\",\"name\":\"ayun\",\"image\":{\"@type\":\"ImageObject\",\"inLanguage\":\"es\",\"@id\":\"https:\\\/\\\/secure.gravatar.com\\\/avatar\\\/4ce797ee07c943e7e592f8cd648e503e6cd571387558ed07135799c2bd2847df?s=96&d=mm&r=g\",\"url\":\"https:\\\/\\\/secure.gravatar.com\\\/avatar\\\/4ce797ee07c943e7e592f8cd648e503e6cd571387558ed07135799c2bd2847df?s=96&d=mm&r=g\",\"contentUrl\":\"https:\\\/\\\/secure.gravatar.com\\\/avatar\\\/4ce797ee07c943e7e592f8cd648e503e6cd571387558ed07135799c2bd2847df?s=96&d=mm&r=g\",\"caption\":\"ayun\"},\"sameAs\":[\"http:\\\/\\\/www.caudete.org\\\/ayuntamiento\"],\"url\":\"https:\\\/\\\/www.caudete.org\\\/ayuntamiento\\\/author\\\/ayun\\\/\"}]}<\/script>\n<!-- \/ Yoast SEO plugin. -->","yoast_head_json":{"title":"\u00a1Llegan las Rebajas de Verano! - MI Ayuntamiento de Caudete","description":"P\u00e1gina Oficial del Ayuntamiento de Caudete (Albacete)","robots":{"index":"index","follow":"follow","max-snippet":"max-snippet:-1","max-image-preview":"max-image-preview:large","max-video-preview":"max-video-preview:-1"},"canonical":"https:\/\/www.caudete.org\/ayuntamiento\/llegan-las-rebajas-de-verano\/","og_locale":"es_ES","og_type":"article","og_title":"\u00a1Llegan las Rebajas de Verano! - MI Ayuntamiento de Caudete","og_description":"P\u00e1gina Oficial del Ayuntamiento de Caudete (Albacete)","og_url":"https:\/\/www.caudete.org\/ayuntamiento\/llegan-las-rebajas-de-verano\/","og_site_name":"MI Ayuntamiento de Caudete","article_publisher":"https:\/\/www.facebook.com\/ayuntamientocaudete\/","article_published_time":"2020-12-06T17:30:48+00:00","article_modified_time":"2020-12-14T18:08:52+00:00","og_image":[{"width":406,"height":200,"url":"https:\/\/www.caudete.org\/ayuntamiento\/wp-content\/uploads\/2020\/12\/omic-reb1.jpg","type":"image\/jpeg"}],"author":"ayun","twitter_card":"summary_large_image","twitter_misc":{"Escrito por":"ayun","Tiempo de lectura":"3 minutos"},"schema":{"@context":"https:\/\/schema.org","@graph":[{"@type":"Article","@id":"https:\/\/www.caudete.org\/ayuntamiento\/llegan-las-rebajas-de-verano\/#article","isPartOf":{"@id":"https:\/\/www.caudete.org\/ayuntamiento\/llegan-las-rebajas-de-verano\/"},"author":{"name":"ayun","@id":"https:\/\/www.caudete.org\/ayuntamiento\/#\/schema\/person\/79f7e19fdd176fc2bc7a289013dc2056"},"headline":"\u00a1Llegan las Rebajas de Verano!","datePublished":"2020-12-06T17:30:48+00:00","dateModified":"2020-12-14T18:08:52+00:00","mainEntityOfPage":{"@id":"https:\/\/www.caudete.org\/ayuntamiento\/llegan-las-rebajas-de-verano\/"},"wordCount":588,"image":{"@id":"https:\/\/www.caudete.org\/ayuntamiento\/llegan-las-rebajas-de-verano\/#primaryimage"},"thumbnailUrl":"https:\/\/www.caudete.org\/ayuntamiento\/wp-content\/uploads\/2020\/12\/omic-reb1.jpg","articleSection":["omic-noticias"],"inLanguage":"es"},{"@type":"WebPage","@id":"https:\/\/www.caudete.org\/ayuntamiento\/llegan-las-rebajas-de-verano\/","url":"https:\/\/www.caudete.org\/ayuntamiento\/llegan-las-rebajas-de-verano\/","name":"\u00a1Llegan las Rebajas de Verano! - MI Ayuntamiento de Caudete","isPartOf":{"@id":"https:\/\/www.caudete.org\/ayuntamiento\/#website"},"primaryImageOfPage":{"@id":"https:\/\/www.caudete.org\/ayuntamiento\/llegan-las-rebajas-de-verano\/#primaryimage"},"image":{"@id":"https:\/\/www.caudete.org\/ayuntamiento\/llegan-las-rebajas-de-verano\/#primaryimage"},"thumbnailUrl":"https:\/\/www.caudete.org\/ayuntamiento\/wp-content\/uploads\/2020\/12\/omic-reb1.jpg","datePublished":"2020-12-06T17:30:48+00:00","dateModified":"2020-12-14T18:08:52+00:00","author":{"@id":"https:\/\/www.caudete.org\/ayuntamiento\/#\/schema\/person\/79f7e19fdd176fc2bc7a289013dc2056"},"description":"P\u00e1gina Oficial del Ayuntamiento de Caudete (Albacete)","breadcrumb":{"@id":"https:\/\/www.caudete.org\/ayuntamiento\/llegan-las-rebajas-de-verano\/#breadcrumb"},"inLanguage":"es","potentialAction":[{"@type":"ReadAction","target":["https:\/\/www.caudete.org\/ayuntamiento\/llegan-las-rebajas-de-verano\/"]}]},{"@type":"ImageObject","inLanguage":"es","@id":"https:\/\/www.caudete.org\/ayuntamiento\/llegan-las-rebajas-de-verano\/#primaryimage","url":"https:\/\/www.caudete.org\/ayuntamiento\/wp-content\/uploads\/2020\/12\/omic-reb1.jpg","contentUrl":"https:\/\/www.caudete.org\/ayuntamiento\/wp-content\/uploads\/2020\/12\/omic-reb1.jpg","width":406,"height":200},{"@type":"BreadcrumbList","@id":"https:\/\/www.caudete.org\/ayuntamiento\/llegan-las-rebajas-de-verano\/#breadcrumb","itemListElement":[{"@type":"ListItem","position":1,"name":"Inicio","item":"https:\/\/www.caudete.org\/ayuntamiento\/"},{"@type":"ListItem","position":2,"name":"\u00a1Llegan las Rebajas de Verano!"}]},{"@type":"WebSite","@id":"https:\/\/www.caudete.org\/ayuntamiento\/#website","url":"https:\/\/www.caudete.org\/ayuntamiento\/","name":"MI Ayuntamiento de Caudete","description":"P\u00e1gina Oficial del MI Ayuntamiento de Caudete","potentialAction":[{"@type":"SearchAction","target":{"@type":"EntryPoint","urlTemplate":"https:\/\/www.caudete.org\/ayuntamiento\/?s={search_term_string}"},"query-input":{"@type":"PropertyValueSpecification","valueRequired":true,"valueName":"search_term_string"}}],"inLanguage":"es"},{"@type":"Person","@id":"https:\/\/www.caudete.org\/ayuntamiento\/#\/schema\/person\/79f7e19fdd176fc2bc7a289013dc2056","name":"ayun","image":{"@type":"ImageObject","inLanguage":"es","@id":"https:\/\/secure.gravatar.com\/avatar\/4ce797ee07c943e7e592f8cd648e503e6cd571387558ed07135799c2bd2847df?s=96&d=mm&r=g","url":"https:\/\/secure.gravatar.com\/avatar\/4ce797ee07c943e7e592f8cd648e503e6cd571387558ed07135799c2bd2847df?s=96&d=mm&r=g","contentUrl":"https:\/\/secure.gravatar.com\/avatar\/4ce797ee07c943e7e592f8cd648e503e6cd571387558ed07135799c2bd2847df?s=96&d=mm&r=g","caption":"ayun"},"sameAs":["http:\/\/www.caudete.org\/ayuntamiento"],"url":"https:\/\/www.caudete.org\/ayuntamiento\/author\/ayun\/"}]}},"_links":{"self":[{"href":"https:\/\/www.caudete.org\/ayuntamiento\/wp-json\/wp\/v2\/posts\/7736","targetHints":{"allow":["GET"]}}],"collection":[{"href":"https:\/\/www.caudete.org\/ayuntamiento\/wp-json\/wp\/v2\/posts"}],"about":[{"href":"https:\/\/www.caudete.org\/ayuntamiento\/wp-json\/wp\/v2\/types\/post"}],"author":[{"embeddable":true,"href":"https:\/\/www.caudete.org\/ayuntamiento\/wp-json\/wp\/v2\/users\/1"}],"replies":[{"embeddable":true,"href":"https:\/\/www.caudete.org\/ayuntamiento\/wp-json\/wp\/v2\/comments?post=7736"}],"version-history":[{"count":2,"href":"https:\/\/www.caudete.org\/ayuntamiento\/wp-json\/wp\/v2\/posts\/7736\/revisions"}],"predecessor-version":[{"id":9405,"href":"https:\/\/www.caudete.org\/ayuntamiento\/wp-json\/wp\/v2\/posts\/7736\/revisions\/9405"}],"wp:featuredmedia":[{"embeddable":true,"href":"https:\/\/www.caudete.org\/ayuntamiento\/wp-json\/wp\/v2\/media\/7737"}],"wp:attachment":[{"href":"https:\/\/www.caudete.org\/ayuntamiento\/wp-json\/wp\/v2\/media?parent=7736"}],"wp:term":[{"taxonomy":"category","embeddable":true,"href":"https:\/\/www.caudete.org\/ayuntamiento\/wp-json\/wp\/v2\/categories?post=7736"},{"taxonomy":"post_tag","embeddable":true,"href":"https:\/\/www.caudete.org\/ayuntamiento\/wp-json\/wp\/v2\/tags?post=7736"}],"curies":[{"name":"wp","href":"https:\/\/api.w.org\/{rel}","templated":true}]}}