{"id":7740,"date":"2020-12-06T18:33:22","date_gmt":"2020-12-06T17:33:22","guid":{"rendered":"http:\/\/www.caudete.org\/ayuntamiento\/?p=7740"},"modified":"2020-12-14T19:08:19","modified_gmt":"2020-12-14T18:08:19","slug":"cuestiones-planteadas-ante-el-cambio-de-tipos-impositivos-en-el-impuesto-sobre-el-valor-anadido","status":"publish","type":"post","link":"https:\/\/www.caudete.org\/ayuntamiento\/cuestiones-planteadas-ante-el-cambio-de-tipos-impositivos-en-el-impuesto-sobre-el-valor-anadido\/","title":{"rendered":"CUESTIONES PLANTEADAS ANTE EL CAMBIO DE TIPOS IMPOSITIVOS EN EL IMPUESTO SOBRE EL VALOR A\u00d1ADIDO"},"content":{"rendered":"<p><span style=\"text-align: justify;\">El 1 de julio de 2010 entr\u00f3 en vigor la modificaci\u00f3n del tipo general y del tipo reducido del IVA aprobada en la Ley de Presupuestos Generales del Estado para 2010, de forma que el tipo general se eleva del 16% al 18% y el tipo reducido del 7% al 8%.<\/span><\/p>\n<div id=\"recuadro_not\">\n<p style=\"text-align: justify;\">Ante las numerosas cuestiones que se est\u00e1n planteando respecto a la repercusi\u00f3n del incremento del IVA dede el 1 de julio, sobre todo en lo referente a prestaci\u00f3n de servicios de tracto sucesivo, telefon\u00eda, arrendamientos, electricidad, etc., adjunto os remitimos los <b>Criterios sobre cuestiones y ejemplos pr\u00e1cticos m\u00e1s frecuentes<\/b>, disponible a trav\u00e9s de la p\u00e1gina web de la Agencia Tributaria, y que consideramos bastante esclarecedores, sobre todo el apartado letra c). &#8230;Independientemente de consideraciones sobre si pudieran resultar justos o injustos.<\/p>\n<\/div>\n<div class=\"clear\" style=\"text-align: justify;\">\n<p><a href=\"http:\/\/caudete.org\/ayuntamiento\/eniusimg\/enius146\/2010\/07\/adjuntos_fichero_108628_74a4bc7bf33e16ad.pdf\" class=\"mtli_attachment mtli_pdf\" target=\"_blank\" rel=\"noopener noreferrer nofollow\">SITUACIONES PLANTEADAS ANTE LOS CAMBIOS DE TIPOS Y SUPUESTOS PRACTICOS <\/a><\/p>\n<\/div>\n<div id=\"enlaces\">\n<h5 style=\"text-align: justify;\">Enlaces relacionados<\/h5>\n<ul>\n<li style=\"text-align: justify;\"><a href=\"http:\/\/www.agenciatributaria.es\/wps\/portal\/DetalleContenido?url=Le+interesa+conocer\/MODIFICACI%C3%93N+TIPOS+IMPOSITIVOS+IVA&amp;content=f2fbe2c183889210VgnVCM1000004ef01e0aRCRD&amp;channel=f6567bd5bb924210VgnVCM1000004ef01e0a____&amp;ver=L&amp;site=56d8237c0bc1ff00VgnVCM100000d7005a80____&amp;idioma=es_ES&amp;menu=0&amp;img=0\" target=\"_blank\" rel=\"noopener noreferrer nofollow\">ENLACE AGENCIA TRIBUTARIA<\/a><\/li>\n<\/ul>\n<\/div>\n","protected":false},"excerpt":{"rendered":"<p>El 1 de julio de 2010 entr\u00f3 en vigor la modificaci\u00f3n del tipo general y del tipo reducido del IVA aprobada en la Ley de Presupuestos Generales del Estado para 2010, de forma que el tipo general se eleva del 16% al 18% y el tipo reducido del 7% al 8%. Ante las numerosas cuestiones &hellip;<\/p>\n","protected":false},"author":1,"featured_media":7741,"comment_status":"closed","ping_status":"open","sticky":false,"template":"","format":"standard","meta":{"ngg_post_thumbnail":0,"footnotes":""},"categories":[110],"tags":[],"class_list":["post-7740","post","type-post","status-publish","format-standard","has-post-thumbnail","hentry","category-omic-noticias"],"yoast_head":"<!-- This site is optimized with the Yoast SEO plugin v27.5 - https:\/\/yoast.com\/product\/yoast-seo-wordpress\/ -->\n<title>CUESTIONES PLANTEADAS ANTE EL CAMBIO DE TIPOS IMPOSITIVOS EN EL IMPUESTO SOBRE EL VALOR A\u00d1ADIDO - MI Ayuntamiento de Caudete<\/title>\n<meta name=\"description\" content=\"P\u00e1gina Oficial del Ayuntamiento de Caudete (Albacete)\" \/>\n<meta name=\"robots\" content=\"index, follow, max-snippet:-1, max-image-preview:large, max-video-preview:-1\" \/>\n<link rel=\"canonical\" href=\"https:\/\/www.caudete.org\/ayuntamiento\/cuestiones-planteadas-ante-el-cambio-de-tipos-impositivos-en-el-impuesto-sobre-el-valor-anadido\/\" \/>\n<meta property=\"og:locale\" content=\"es_ES\" \/>\n<meta property=\"og:type\" content=\"article\" \/>\n<meta property=\"og:title\" content=\"CUESTIONES PLANTEADAS ANTE EL CAMBIO DE TIPOS IMPOSITIVOS EN EL IMPUESTO SOBRE EL VALOR A\u00d1ADIDO - MI Ayuntamiento de Caudete\" \/>\n<meta property=\"og:description\" content=\"P\u00e1gina Oficial del Ayuntamiento de Caudete (Albacete)\" \/>\n<meta property=\"og:url\" content=\"https:\/\/www.caudete.org\/ayuntamiento\/cuestiones-planteadas-ante-el-cambio-de-tipos-impositivos-en-el-impuesto-sobre-el-valor-anadido\/\" \/>\n<meta property=\"og:site_name\" content=\"MI Ayuntamiento de Caudete\" \/>\n<meta property=\"article:publisher\" content=\"https:\/\/www.facebook.com\/ayuntamientocaudete\/\" \/>\n<meta property=\"article:published_time\" content=\"2020-12-06T17:33:22+00:00\" \/>\n<meta property=\"article:modified_time\" content=\"2020-12-14T18:08:19+00:00\" \/>\n<meta property=\"og:image\" content=\"https:\/\/www.caudete.org\/ayuntamiento\/wp-content\/uploads\/2020\/12\/omic-agt.jpg\" \/>\n\t<meta property=\"og:image:width\" content=\"557\" \/>\n\t<meta property=\"og:image:height\" content=\"345\" \/>\n\t<meta property=\"og:image:type\" content=\"image\/jpeg\" \/>\n<meta name=\"author\" content=\"ayun\" \/>\n<meta name=\"twitter:card\" content=\"summary_large_image\" \/>\n<meta name=\"twitter:label1\" content=\"Escrito por\" \/>\n\t<meta name=\"twitter:data1\" content=\"ayun\" \/>\n\t<meta name=\"twitter:label2\" content=\"Tiempo de lectura\" \/>\n\t<meta name=\"twitter:data2\" content=\"1 minuto\" \/>\n<script type=\"application\/ld+json\" class=\"yoast-schema-graph\">{\"@context\":\"https:\\\/\\\/schema.org\",\"@graph\":[{\"@type\":\"Article\",\"@id\":\"https:\\\/\\\/www.caudete.org\\\/ayuntamiento\\\/cuestiones-planteadas-ante-el-cambio-de-tipos-impositivos-en-el-impuesto-sobre-el-valor-anadido\\\/#article\",\"isPartOf\":{\"@id\":\"https:\\\/\\\/www.caudete.org\\\/ayuntamiento\\\/cuestiones-planteadas-ante-el-cambio-de-tipos-impositivos-en-el-impuesto-sobre-el-valor-anadido\\\/\"},\"author\":{\"name\":\"ayun\",\"@id\":\"https:\\\/\\\/www.caudete.org\\\/ayuntamiento\\\/#\\\/schema\\\/person\\\/79f7e19fdd176fc2bc7a289013dc2056\"},\"headline\":\"CUESTIONES PLANTEADAS ANTE EL CAMBIO DE TIPOS IMPOSITIVOS EN EL IMPUESTO SOBRE EL VALOR A\u00d1ADIDO\",\"datePublished\":\"2020-12-06T17:33:22+00:00\",\"dateModified\":\"2020-12-14T18:08:19+00:00\",\"mainEntityOfPage\":{\"@id\":\"https:\\\/\\\/www.caudete.org\\\/ayuntamiento\\\/cuestiones-planteadas-ante-el-cambio-de-tipos-impositivos-en-el-impuesto-sobre-el-valor-anadido\\\/\"},\"wordCount\":164,\"image\":{\"@id\":\"https:\\\/\\\/www.caudete.org\\\/ayuntamiento\\\/cuestiones-planteadas-ante-el-cambio-de-tipos-impositivos-en-el-impuesto-sobre-el-valor-anadido\\\/#primaryimage\"},\"thumbnailUrl\":\"https:\\\/\\\/www.caudete.org\\\/ayuntamiento\\\/wp-content\\\/uploads\\\/2020\\\/12\\\/omic-agt.jpg\",\"articleSection\":[\"omic-noticias\"],\"inLanguage\":\"es\"},{\"@type\":\"WebPage\",\"@id\":\"https:\\\/\\\/www.caudete.org\\\/ayuntamiento\\\/cuestiones-planteadas-ante-el-cambio-de-tipos-impositivos-en-el-impuesto-sobre-el-valor-anadido\\\/\",\"url\":\"https:\\\/\\\/www.caudete.org\\\/ayuntamiento\\\/cuestiones-planteadas-ante-el-cambio-de-tipos-impositivos-en-el-impuesto-sobre-el-valor-anadido\\\/\",\"name\":\"CUESTIONES PLANTEADAS ANTE EL CAMBIO DE TIPOS IMPOSITIVOS EN EL IMPUESTO SOBRE EL VALOR A\u00d1ADIDO - MI Ayuntamiento de Caudete\",\"isPartOf\":{\"@id\":\"https:\\\/\\\/www.caudete.org\\\/ayuntamiento\\\/#website\"},\"primaryImageOfPage\":{\"@id\":\"https:\\\/\\\/www.caudete.org\\\/ayuntamiento\\\/cuestiones-planteadas-ante-el-cambio-de-tipos-impositivos-en-el-impuesto-sobre-el-valor-anadido\\\/#primaryimage\"},\"image\":{\"@id\":\"https:\\\/\\\/www.caudete.org\\\/ayuntamiento\\\/cuestiones-planteadas-ante-el-cambio-de-tipos-impositivos-en-el-impuesto-sobre-el-valor-anadido\\\/#primaryimage\"},\"thumbnailUrl\":\"https:\\\/\\\/www.caudete.org\\\/ayuntamiento\\\/wp-content\\\/uploads\\\/2020\\\/12\\\/omic-agt.jpg\",\"datePublished\":\"2020-12-06T17:33:22+00:00\",\"dateModified\":\"2020-12-14T18:08:19+00:00\",\"author\":{\"@id\":\"https:\\\/\\\/www.caudete.org\\\/ayuntamiento\\\/#\\\/schema\\\/person\\\/79f7e19fdd176fc2bc7a289013dc2056\"},\"description\":\"P\u00e1gina Oficial del Ayuntamiento de Caudete (Albacete)\",\"breadcrumb\":{\"@id\":\"https:\\\/\\\/www.caudete.org\\\/ayuntamiento\\\/cuestiones-planteadas-ante-el-cambio-de-tipos-impositivos-en-el-impuesto-sobre-el-valor-anadido\\\/#breadcrumb\"},\"inLanguage\":\"es\",\"potentialAction\":[{\"@type\":\"ReadAction\",\"target\":[\"https:\\\/\\\/www.caudete.org\\\/ayuntamiento\\\/cuestiones-planteadas-ante-el-cambio-de-tipos-impositivos-en-el-impuesto-sobre-el-valor-anadido\\\/\"]}]},{\"@type\":\"ImageObject\",\"inLanguage\":\"es\",\"@id\":\"https:\\\/\\\/www.caudete.org\\\/ayuntamiento\\\/cuestiones-planteadas-ante-el-cambio-de-tipos-impositivos-en-el-impuesto-sobre-el-valor-anadido\\\/#primaryimage\",\"url\":\"https:\\\/\\\/www.caudete.org\\\/ayuntamiento\\\/wp-content\\\/uploads\\\/2020\\\/12\\\/omic-agt.jpg\",\"contentUrl\":\"https:\\\/\\\/www.caudete.org\\\/ayuntamiento\\\/wp-content\\\/uploads\\\/2020\\\/12\\\/omic-agt.jpg\",\"width\":557,\"height\":345},{\"@type\":\"BreadcrumbList\",\"@id\":\"https:\\\/\\\/www.caudete.org\\\/ayuntamiento\\\/cuestiones-planteadas-ante-el-cambio-de-tipos-impositivos-en-el-impuesto-sobre-el-valor-anadido\\\/#breadcrumb\",\"itemListElement\":[{\"@type\":\"ListItem\",\"position\":1,\"name\":\"Inicio\",\"item\":\"https:\\\/\\\/www.caudete.org\\\/ayuntamiento\\\/\"},{\"@type\":\"ListItem\",\"position\":2,\"name\":\"CUESTIONES PLANTEADAS ANTE EL CAMBIO DE TIPOS IMPOSITIVOS EN EL IMPUESTO SOBRE EL VALOR A\u00d1ADIDO\"}]},{\"@type\":\"WebSite\",\"@id\":\"https:\\\/\\\/www.caudete.org\\\/ayuntamiento\\\/#website\",\"url\":\"https:\\\/\\\/www.caudete.org\\\/ayuntamiento\\\/\",\"name\":\"MI Ayuntamiento de Caudete\",\"description\":\"P\u00e1gina Oficial del MI Ayuntamiento de Caudete\",\"potentialAction\":[{\"@type\":\"SearchAction\",\"target\":{\"@type\":\"EntryPoint\",\"urlTemplate\":\"https:\\\/\\\/www.caudete.org\\\/ayuntamiento\\\/?s={search_term_string}\"},\"query-input\":{\"@type\":\"PropertyValueSpecification\",\"valueRequired\":true,\"valueName\":\"search_term_string\"}}],\"inLanguage\":\"es\"},{\"@type\":\"Person\",\"@id\":\"https:\\\/\\\/www.caudete.org\\\/ayuntamiento\\\/#\\\/schema\\\/person\\\/79f7e19fdd176fc2bc7a289013dc2056\",\"name\":\"ayun\",\"image\":{\"@type\":\"ImageObject\",\"inLanguage\":\"es\",\"@id\":\"https:\\\/\\\/secure.gravatar.com\\\/avatar\\\/4ce797ee07c943e7e592f8cd648e503e6cd571387558ed07135799c2bd2847df?s=96&d=mm&r=g\",\"url\":\"https:\\\/\\\/secure.gravatar.com\\\/avatar\\\/4ce797ee07c943e7e592f8cd648e503e6cd571387558ed07135799c2bd2847df?s=96&d=mm&r=g\",\"contentUrl\":\"https:\\\/\\\/secure.gravatar.com\\\/avatar\\\/4ce797ee07c943e7e592f8cd648e503e6cd571387558ed07135799c2bd2847df?s=96&d=mm&r=g\",\"caption\":\"ayun\"},\"sameAs\":[\"http:\\\/\\\/www.caudete.org\\\/ayuntamiento\"],\"url\":\"https:\\\/\\\/www.caudete.org\\\/ayuntamiento\\\/author\\\/ayun\\\/\"}]}<\/script>\n<!-- \/ Yoast SEO plugin. -->","yoast_head_json":{"title":"CUESTIONES PLANTEADAS ANTE EL CAMBIO DE TIPOS IMPOSITIVOS EN EL IMPUESTO SOBRE EL VALOR A\u00d1ADIDO - MI Ayuntamiento de Caudete","description":"P\u00e1gina Oficial del Ayuntamiento de Caudete (Albacete)","robots":{"index":"index","follow":"follow","max-snippet":"max-snippet:-1","max-image-preview":"max-image-preview:large","max-video-preview":"max-video-preview:-1"},"canonical":"https:\/\/www.caudete.org\/ayuntamiento\/cuestiones-planteadas-ante-el-cambio-de-tipos-impositivos-en-el-impuesto-sobre-el-valor-anadido\/","og_locale":"es_ES","og_type":"article","og_title":"CUESTIONES PLANTEADAS ANTE EL CAMBIO DE TIPOS IMPOSITIVOS EN EL IMPUESTO SOBRE EL VALOR A\u00d1ADIDO - MI Ayuntamiento de Caudete","og_description":"P\u00e1gina Oficial del Ayuntamiento de Caudete (Albacete)","og_url":"https:\/\/www.caudete.org\/ayuntamiento\/cuestiones-planteadas-ante-el-cambio-de-tipos-impositivos-en-el-impuesto-sobre-el-valor-anadido\/","og_site_name":"MI Ayuntamiento de Caudete","article_publisher":"https:\/\/www.facebook.com\/ayuntamientocaudete\/","article_published_time":"2020-12-06T17:33:22+00:00","article_modified_time":"2020-12-14T18:08:19+00:00","og_image":[{"width":557,"height":345,"url":"https:\/\/www.caudete.org\/ayuntamiento\/wp-content\/uploads\/2020\/12\/omic-agt.jpg","type":"image\/jpeg"}],"author":"ayun","twitter_card":"summary_large_image","twitter_misc":{"Escrito por":"ayun","Tiempo de lectura":"1 minuto"},"schema":{"@context":"https:\/\/schema.org","@graph":[{"@type":"Article","@id":"https:\/\/www.caudete.org\/ayuntamiento\/cuestiones-planteadas-ante-el-cambio-de-tipos-impositivos-en-el-impuesto-sobre-el-valor-anadido\/#article","isPartOf":{"@id":"https:\/\/www.caudete.org\/ayuntamiento\/cuestiones-planteadas-ante-el-cambio-de-tipos-impositivos-en-el-impuesto-sobre-el-valor-anadido\/"},"author":{"name":"ayun","@id":"https:\/\/www.caudete.org\/ayuntamiento\/#\/schema\/person\/79f7e19fdd176fc2bc7a289013dc2056"},"headline":"CUESTIONES PLANTEADAS ANTE EL CAMBIO DE TIPOS IMPOSITIVOS EN EL IMPUESTO SOBRE EL VALOR A\u00d1ADIDO","datePublished":"2020-12-06T17:33:22+00:00","dateModified":"2020-12-14T18:08:19+00:00","mainEntityOfPage":{"@id":"https:\/\/www.caudete.org\/ayuntamiento\/cuestiones-planteadas-ante-el-cambio-de-tipos-impositivos-en-el-impuesto-sobre-el-valor-anadido\/"},"wordCount":164,"image":{"@id":"https:\/\/www.caudete.org\/ayuntamiento\/cuestiones-planteadas-ante-el-cambio-de-tipos-impositivos-en-el-impuesto-sobre-el-valor-anadido\/#primaryimage"},"thumbnailUrl":"https:\/\/www.caudete.org\/ayuntamiento\/wp-content\/uploads\/2020\/12\/omic-agt.jpg","articleSection":["omic-noticias"],"inLanguage":"es"},{"@type":"WebPage","@id":"https:\/\/www.caudete.org\/ayuntamiento\/cuestiones-planteadas-ante-el-cambio-de-tipos-impositivos-en-el-impuesto-sobre-el-valor-anadido\/","url":"https:\/\/www.caudete.org\/ayuntamiento\/cuestiones-planteadas-ante-el-cambio-de-tipos-impositivos-en-el-impuesto-sobre-el-valor-anadido\/","name":"CUESTIONES PLANTEADAS ANTE EL CAMBIO DE TIPOS IMPOSITIVOS EN EL IMPUESTO SOBRE EL VALOR A\u00d1ADIDO - MI Ayuntamiento de Caudete","isPartOf":{"@id":"https:\/\/www.caudete.org\/ayuntamiento\/#website"},"primaryImageOfPage":{"@id":"https:\/\/www.caudete.org\/ayuntamiento\/cuestiones-planteadas-ante-el-cambio-de-tipos-impositivos-en-el-impuesto-sobre-el-valor-anadido\/#primaryimage"},"image":{"@id":"https:\/\/www.caudete.org\/ayuntamiento\/cuestiones-planteadas-ante-el-cambio-de-tipos-impositivos-en-el-impuesto-sobre-el-valor-anadido\/#primaryimage"},"thumbnailUrl":"https:\/\/www.caudete.org\/ayuntamiento\/wp-content\/uploads\/2020\/12\/omic-agt.jpg","datePublished":"2020-12-06T17:33:22+00:00","dateModified":"2020-12-14T18:08:19+00:00","author":{"@id":"https:\/\/www.caudete.org\/ayuntamiento\/#\/schema\/person\/79f7e19fdd176fc2bc7a289013dc2056"},"description":"P\u00e1gina Oficial del Ayuntamiento de Caudete (Albacete)","breadcrumb":{"@id":"https:\/\/www.caudete.org\/ayuntamiento\/cuestiones-planteadas-ante-el-cambio-de-tipos-impositivos-en-el-impuesto-sobre-el-valor-anadido\/#breadcrumb"},"inLanguage":"es","potentialAction":[{"@type":"ReadAction","target":["https:\/\/www.caudete.org\/ayuntamiento\/cuestiones-planteadas-ante-el-cambio-de-tipos-impositivos-en-el-impuesto-sobre-el-valor-anadido\/"]}]},{"@type":"ImageObject","inLanguage":"es","@id":"https:\/\/www.caudete.org\/ayuntamiento\/cuestiones-planteadas-ante-el-cambio-de-tipos-impositivos-en-el-impuesto-sobre-el-valor-anadido\/#primaryimage","url":"https:\/\/www.caudete.org\/ayuntamiento\/wp-content\/uploads\/2020\/12\/omic-agt.jpg","contentUrl":"https:\/\/www.caudete.org\/ayuntamiento\/wp-content\/uploads\/2020\/12\/omic-agt.jpg","width":557,"height":345},{"@type":"BreadcrumbList","@id":"https:\/\/www.caudete.org\/ayuntamiento\/cuestiones-planteadas-ante-el-cambio-de-tipos-impositivos-en-el-impuesto-sobre-el-valor-anadido\/#breadcrumb","itemListElement":[{"@type":"ListItem","position":1,"name":"Inicio","item":"https:\/\/www.caudete.org\/ayuntamiento\/"},{"@type":"ListItem","position":2,"name":"CUESTIONES PLANTEADAS ANTE EL CAMBIO DE TIPOS IMPOSITIVOS EN EL IMPUESTO SOBRE EL VALOR A\u00d1ADIDO"}]},{"@type":"WebSite","@id":"https:\/\/www.caudete.org\/ayuntamiento\/#website","url":"https:\/\/www.caudete.org\/ayuntamiento\/","name":"MI Ayuntamiento de Caudete","description":"P\u00e1gina Oficial del MI Ayuntamiento de Caudete","potentialAction":[{"@type":"SearchAction","target":{"@type":"EntryPoint","urlTemplate":"https:\/\/www.caudete.org\/ayuntamiento\/?s={search_term_string}"},"query-input":{"@type":"PropertyValueSpecification","valueRequired":true,"valueName":"search_term_string"}}],"inLanguage":"es"},{"@type":"Person","@id":"https:\/\/www.caudete.org\/ayuntamiento\/#\/schema\/person\/79f7e19fdd176fc2bc7a289013dc2056","name":"ayun","image":{"@type":"ImageObject","inLanguage":"es","@id":"https:\/\/secure.gravatar.com\/avatar\/4ce797ee07c943e7e592f8cd648e503e6cd571387558ed07135799c2bd2847df?s=96&d=mm&r=g","url":"https:\/\/secure.gravatar.com\/avatar\/4ce797ee07c943e7e592f8cd648e503e6cd571387558ed07135799c2bd2847df?s=96&d=mm&r=g","contentUrl":"https:\/\/secure.gravatar.com\/avatar\/4ce797ee07c943e7e592f8cd648e503e6cd571387558ed07135799c2bd2847df?s=96&d=mm&r=g","caption":"ayun"},"sameAs":["http:\/\/www.caudete.org\/ayuntamiento"],"url":"https:\/\/www.caudete.org\/ayuntamiento\/author\/ayun\/"}]}},"_links":{"self":[{"href":"https:\/\/www.caudete.org\/ayuntamiento\/wp-json\/wp\/v2\/posts\/7740","targetHints":{"allow":["GET"]}}],"collection":[{"href":"https:\/\/www.caudete.org\/ayuntamiento\/wp-json\/wp\/v2\/posts"}],"about":[{"href":"https:\/\/www.caudete.org\/ayuntamiento\/wp-json\/wp\/v2\/types\/post"}],"author":[{"embeddable":true,"href":"https:\/\/www.caudete.org\/ayuntamiento\/wp-json\/wp\/v2\/users\/1"}],"replies":[{"embeddable":true,"href":"https:\/\/www.caudete.org\/ayuntamiento\/wp-json\/wp\/v2\/comments?post=7740"}],"version-history":[{"count":3,"href":"https:\/\/www.caudete.org\/ayuntamiento\/wp-json\/wp\/v2\/posts\/7740\/revisions"}],"predecessor-version":[{"id":9404,"href":"https:\/\/www.caudete.org\/ayuntamiento\/wp-json\/wp\/v2\/posts\/7740\/revisions\/9404"}],"wp:featuredmedia":[{"embeddable":true,"href":"https:\/\/www.caudete.org\/ayuntamiento\/wp-json\/wp\/v2\/media\/7741"}],"wp:attachment":[{"href":"https:\/\/www.caudete.org\/ayuntamiento\/wp-json\/wp\/v2\/media?parent=7740"}],"wp:term":[{"taxonomy":"category","embeddable":true,"href":"https:\/\/www.caudete.org\/ayuntamiento\/wp-json\/wp\/v2\/categories?post=7740"},{"taxonomy":"post_tag","embeddable":true,"href":"https:\/\/www.caudete.org\/ayuntamiento\/wp-json\/wp\/v2\/tags?post=7740"}],"curies":[{"name":"wp","href":"https:\/\/api.w.org\/{rel}","templated":true}]}}