{"id":7743,"date":"2020-12-06T18:36:04","date_gmt":"2020-12-06T17:36:04","guid":{"rendered":"http:\/\/www.caudete.org\/ayuntamiento\/?p=7743"},"modified":"2020-12-14T19:07:37","modified_gmt":"2020-12-14T18:07:37","slug":"usar-el-movil-en-vacaciones-principales-consejos","status":"publish","type":"post","link":"https:\/\/www.caudete.org\/ayuntamiento\/usar-el-movil-en-vacaciones-principales-consejos\/","title":{"rendered":"USAR EL M\u00d3VIL EN VACACIONES: PRINCIPALES CONSEJOS"},"content":{"rendered":"<p style=\"text-align: justify;\">Si en vacaciones se viaja fuera del pa\u00eds de origen, hay que fijarse en los precios. Tanto las llamadas efectuadas como las recibidas tienen un coste que conviene conocer para evitar o, al menos, buscar alternativas que abaraten el gasto.<\/p>\n<p style=\"text-align: justify;\">Las tarifas que las operadoras imponen cuando se llama o se reciben llamadas desde el extranjero -itinerancia o roaming- aconsejan que el tel\u00e9fono m\u00f3vil est\u00e9 lo m\u00e1s inactivo posible durante la estancia fuera del pa\u00eds de origen. Lo mismo ocurre en el acceso a la red de datos en el extranjero, cuyo precio provoca que cada consulta pueda superar el euro.<br \/>\nTarifas &#8220;anti-turista&#8221;<br \/>\nEn estos casos, resulta m\u00e1s econ\u00f3mico realizar b\u00fasquedas en una gu\u00eda cl\u00e1sica de papel que en el m\u00f3vil, a pesar de que los desarrollos de mapas, navegaci\u00f3n GPS y servicios de recomendaci\u00f3n de locales y lugares tur\u00edsticos hayan tenido un gran impulso en los \u00faltimos tiempos. Las tasas que se imponen en itinerancia a las consultas on line v\u00eda redes 3G y 3,5G hacen que todos los servicios sean &#8220;intocables&#8221; si no se quiere pagar una factura elevada a final de mes.<br \/>\nMientras que una tarifa plana de red de datos puede costar en Espa\u00f1a de 12 a 18 euros al mes con l\u00edmites de 200 megabytes, cuando se est\u00e1 en roaming el precio pasa a ser, con los principales operadores, de hasta un euro por cada megabyte consumido, con el a\u00f1adido de que no se puede contratar el consumo por euros, sino que se ofrece en distintos paquetes diarios.<br \/>\nEn el entorno de la Uni\u00f3n Europea, se pagan seis euros al d\u00eda por el consumo de 15 megabytes, en el caso de la tarifa m\u00e1s asequible de Vodafone, y diez euros al d\u00eda por 10 megabytes, si se contrata la tarifa de Orange o Movistar, los m\u00e1s caros. Los megabytes se facturan en paquetes que var\u00edan entre 10 y 100 kilobytes (la d\u00e9cima parte de un kilobyte) y no son acumulativos, de modo que si no se consumen en un d\u00eda, al d\u00eda siguiente se paga la misma tasa desde cero.<br \/>\nPor contra, si el usuario supera el l\u00edmite de consumo establecido, se le cobra de nuevo otra tasa diaria hasta que la sobrepase de nuevo.<br \/>\nPero no s\u00f3lo en el acceso a los datos es elevado. El mero hecho de recibir una llamada puede suponer la activaci\u00f3n del servicio de roaming y el cobro de un euro diario. Incluso, por tener el m\u00f3vil activo y localizable en el extranjero, se paga un euro cada d\u00eda con Orange. Con Movistar esto sucede s\u00f3lo cuando se haga o se reciba una llamada o se env\u00ede un SMS. En las condiciones de uso no se especifica si &#8220;recibir&#8221; significa contestar o no la llamada, por lo que es preferible tener apagado el m\u00f3vil.<br \/>\nNo ocurre as\u00ed con Vodafone, que gracias a su tarifa passport tiene ofertas m\u00e1s asequibles, aunque se paga m\u00e1s de un euro (IVA incluido) por el establecimiento de cada llamada que se hace (el coste por minuto es el nacional) y 1,15 euros por cada veinte minutos de conversaci\u00f3n en las llamadas recibidas.<\/p>\n<p><b>RECOMENDACIONES AL USAR EL M\u00d3VIL<\/b><\/p>\n<p>&#8211; La primera recomendaci\u00f3n es tener apagado el m\u00f3vil cuando se est\u00e1 de vacaciones.<\/p>\n<p>&#8211; Si no se puede evitar su uso, hay que estudiar las diferentes ofertas de la operadora del usuario antes de salir de viaje. Es posible encontrar alg\u00fan plan de voz o datos que satisfaga sus necesidades y que se pueda contratar por anticipado, con el fin de evitar otros que se ofrecen por defecto y que en generalson m\u00e1s caros.<\/p>\n<p>&#8211; Al llegar al destino vacacional, la operadora predominante de la zona, o con la que tenga acuerdos la empresa del usuario, enviar\u00e1 un mensaje para activar el modo roaming. Hay que informarse de las tarifas antes de hacerlo.<\/p>\n<p>&#8211; No usar nunca el acceso a la red de datos y, si se puede, desactivarlo cuando se est\u00e1 en el extranjero. Los principales m\u00f3viles del mercado tienen la opci\u00f3n de desactivar la itinerancia de datos.<br \/>\nDesactivar los servicios de correo autom\u00e1tico si se usa un dispositivo Blackberry desde el men\u00fa de configuraci\u00f3n. Tambi\u00e9n los de correo &#8220;push&#8221; en el iPhone. Estos correos automatizados activan la itinerancia y suponen costes no deseados ni requeridos. De este modo, se previene al usuario contra gastos imprevistos.<\/p>\n<p>&#8211; Elegir apartamentos, hoteles y albergues con \u00e1reas wifi gratuitas. En el hotel o en el apartamento se puede dedicar un rato al principio o al final del d\u00eda a estas tareas y, el resto del tiempo, se puede tener el m\u00f3vil apagado<\/p>\n<p>&#8211; Ponerse de acuerdo con la familia y las amistades para que no se hagan llamadas, salvo emergencias, durante la estancia en el extranjero. Si se recibe alguna llamada no esperada, conviene no contestar y acudir a una red wifi para ponerse en contacto con la persona en cuesti\u00f3n v\u00eda correo electr\u00f3nico o por servicios de VoIP para m\u00f3vil.<\/p>\n","protected":false},"excerpt":{"rendered":"<p>Si en vacaciones se viaja fuera del pa\u00eds de origen, hay que fijarse en los precios. Tanto las llamadas efectuadas como las recibidas tienen un coste que conviene conocer para evitar o, al menos, buscar alternativas que abaraten el gasto. Las tarifas que las operadoras imponen cuando se llama o se reciben llamadas desde el &hellip;<\/p>\n","protected":false},"author":1,"featured_media":7744,"comment_status":"closed","ping_status":"open","sticky":false,"template":"","format":"standard","meta":{"ngg_post_thumbnail":0,"footnotes":""},"categories":[110],"tags":[],"class_list":["post-7743","post","type-post","status-publish","format-standard","has-post-thumbnail","hentry","category-omic-noticias"],"yoast_head":"<!-- This site is optimized with the Yoast SEO plugin v27.5 - https:\/\/yoast.com\/product\/yoast-seo-wordpress\/ -->\n<title>USAR EL M\u00d3VIL EN VACACIONES: PRINCIPALES CONSEJOS - MI Ayuntamiento de Caudete<\/title>\n<meta name=\"description\" content=\"P\u00e1gina Oficial del Ayuntamiento de Caudete (Albacete)\" \/>\n<meta name=\"robots\" content=\"index, follow, max-snippet:-1, max-image-preview:large, max-video-preview:-1\" \/>\n<link rel=\"canonical\" href=\"https:\/\/www.caudete.org\/ayuntamiento\/usar-el-movil-en-vacaciones-principales-consejos\/\" \/>\n<meta property=\"og:locale\" content=\"es_ES\" \/>\n<meta property=\"og:type\" content=\"article\" \/>\n<meta property=\"og:title\" content=\"USAR EL M\u00d3VIL EN VACACIONES: PRINCIPALES CONSEJOS - MI Ayuntamiento de Caudete\" \/>\n<meta property=\"og:description\" content=\"P\u00e1gina Oficial del Ayuntamiento de Caudete (Albacete)\" \/>\n<meta property=\"og:url\" content=\"https:\/\/www.caudete.org\/ayuntamiento\/usar-el-movil-en-vacaciones-principales-consejos\/\" \/>\n<meta property=\"og:site_name\" content=\"MI Ayuntamiento de Caudete\" \/>\n<meta property=\"article:publisher\" content=\"https:\/\/www.facebook.com\/ayuntamientocaudete\/\" \/>\n<meta property=\"article:published_time\" content=\"2020-12-06T17:36:04+00:00\" \/>\n<meta property=\"article:modified_time\" content=\"2020-12-14T18:07:37+00:00\" \/>\n<meta property=\"og:image\" content=\"https:\/\/www.caudete.org\/ayuntamiento\/wp-content\/uploads\/2020\/12\/omic-usemov.jpg\" \/>\n\t<meta property=\"og:image:width\" content=\"510\" \/>\n\t<meta property=\"og:image:height\" content=\"359\" \/>\n\t<meta property=\"og:image:type\" content=\"image\/jpeg\" \/>\n<meta name=\"author\" content=\"ayun\" \/>\n<meta name=\"twitter:card\" content=\"summary_large_image\" \/>\n<meta name=\"twitter:label1\" content=\"Escrito por\" \/>\n\t<meta name=\"twitter:data1\" content=\"ayun\" \/>\n\t<meta name=\"twitter:label2\" content=\"Tiempo de lectura\" \/>\n\t<meta name=\"twitter:data2\" content=\"4 minutos\" \/>\n<script type=\"application\/ld+json\" class=\"yoast-schema-graph\">{\"@context\":\"https:\\\/\\\/schema.org\",\"@graph\":[{\"@type\":\"Article\",\"@id\":\"https:\\\/\\\/www.caudete.org\\\/ayuntamiento\\\/usar-el-movil-en-vacaciones-principales-consejos\\\/#article\",\"isPartOf\":{\"@id\":\"https:\\\/\\\/www.caudete.org\\\/ayuntamiento\\\/usar-el-movil-en-vacaciones-principales-consejos\\\/\"},\"author\":{\"name\":\"ayun\",\"@id\":\"https:\\\/\\\/www.caudete.org\\\/ayuntamiento\\\/#\\\/schema\\\/person\\\/79f7e19fdd176fc2bc7a289013dc2056\"},\"headline\":\"USAR EL M\u00d3VIL EN VACACIONES: PRINCIPALES CONSEJOS\",\"datePublished\":\"2020-12-06T17:36:04+00:00\",\"dateModified\":\"2020-12-14T18:07:37+00:00\",\"mainEntityOfPage\":{\"@id\":\"https:\\\/\\\/www.caudete.org\\\/ayuntamiento\\\/usar-el-movil-en-vacaciones-principales-consejos\\\/\"},\"wordCount\":877,\"image\":{\"@id\":\"https:\\\/\\\/www.caudete.org\\\/ayuntamiento\\\/usar-el-movil-en-vacaciones-principales-consejos\\\/#primaryimage\"},\"thumbnailUrl\":\"https:\\\/\\\/www.caudete.org\\\/ayuntamiento\\\/wp-content\\\/uploads\\\/2020\\\/12\\\/omic-usemov.jpg\",\"articleSection\":[\"omic-noticias\"],\"inLanguage\":\"es\"},{\"@type\":\"WebPage\",\"@id\":\"https:\\\/\\\/www.caudete.org\\\/ayuntamiento\\\/usar-el-movil-en-vacaciones-principales-consejos\\\/\",\"url\":\"https:\\\/\\\/www.caudete.org\\\/ayuntamiento\\\/usar-el-movil-en-vacaciones-principales-consejos\\\/\",\"name\":\"USAR EL M\u00d3VIL EN VACACIONES: PRINCIPALES CONSEJOS - MI Ayuntamiento de Caudete\",\"isPartOf\":{\"@id\":\"https:\\\/\\\/www.caudete.org\\\/ayuntamiento\\\/#website\"},\"primaryImageOfPage\":{\"@id\":\"https:\\\/\\\/www.caudete.org\\\/ayuntamiento\\\/usar-el-movil-en-vacaciones-principales-consejos\\\/#primaryimage\"},\"image\":{\"@id\":\"https:\\\/\\\/www.caudete.org\\\/ayuntamiento\\\/usar-el-movil-en-vacaciones-principales-consejos\\\/#primaryimage\"},\"thumbnailUrl\":\"https:\\\/\\\/www.caudete.org\\\/ayuntamiento\\\/wp-content\\\/uploads\\\/2020\\\/12\\\/omic-usemov.jpg\",\"datePublished\":\"2020-12-06T17:36:04+00:00\",\"dateModified\":\"2020-12-14T18:07:37+00:00\",\"author\":{\"@id\":\"https:\\\/\\\/www.caudete.org\\\/ayuntamiento\\\/#\\\/schema\\\/person\\\/79f7e19fdd176fc2bc7a289013dc2056\"},\"description\":\"P\u00e1gina Oficial del Ayuntamiento de Caudete (Albacete)\",\"breadcrumb\":{\"@id\":\"https:\\\/\\\/www.caudete.org\\\/ayuntamiento\\\/usar-el-movil-en-vacaciones-principales-consejos\\\/#breadcrumb\"},\"inLanguage\":\"es\",\"potentialAction\":[{\"@type\":\"ReadAction\",\"target\":[\"https:\\\/\\\/www.caudete.org\\\/ayuntamiento\\\/usar-el-movil-en-vacaciones-principales-consejos\\\/\"]}]},{\"@type\":\"ImageObject\",\"inLanguage\":\"es\",\"@id\":\"https:\\\/\\\/www.caudete.org\\\/ayuntamiento\\\/usar-el-movil-en-vacaciones-principales-consejos\\\/#primaryimage\",\"url\":\"https:\\\/\\\/www.caudete.org\\\/ayuntamiento\\\/wp-content\\\/uploads\\\/2020\\\/12\\\/omic-usemov.jpg\",\"contentUrl\":\"https:\\\/\\\/www.caudete.org\\\/ayuntamiento\\\/wp-content\\\/uploads\\\/2020\\\/12\\\/omic-usemov.jpg\",\"width\":510,\"height\":359},{\"@type\":\"BreadcrumbList\",\"@id\":\"https:\\\/\\\/www.caudete.org\\\/ayuntamiento\\\/usar-el-movil-en-vacaciones-principales-consejos\\\/#breadcrumb\",\"itemListElement\":[{\"@type\":\"ListItem\",\"position\":1,\"name\":\"Inicio\",\"item\":\"https:\\\/\\\/www.caudete.org\\\/ayuntamiento\\\/\"},{\"@type\":\"ListItem\",\"position\":2,\"name\":\"USAR EL M\u00d3VIL EN VACACIONES: PRINCIPALES CONSEJOS\"}]},{\"@type\":\"WebSite\",\"@id\":\"https:\\\/\\\/www.caudete.org\\\/ayuntamiento\\\/#website\",\"url\":\"https:\\\/\\\/www.caudete.org\\\/ayuntamiento\\\/\",\"name\":\"MI Ayuntamiento de Caudete\",\"description\":\"P\u00e1gina Oficial del MI Ayuntamiento de Caudete\",\"potentialAction\":[{\"@type\":\"SearchAction\",\"target\":{\"@type\":\"EntryPoint\",\"urlTemplate\":\"https:\\\/\\\/www.caudete.org\\\/ayuntamiento\\\/?s={search_term_string}\"},\"query-input\":{\"@type\":\"PropertyValueSpecification\",\"valueRequired\":true,\"valueName\":\"search_term_string\"}}],\"inLanguage\":\"es\"},{\"@type\":\"Person\",\"@id\":\"https:\\\/\\\/www.caudete.org\\\/ayuntamiento\\\/#\\\/schema\\\/person\\\/79f7e19fdd176fc2bc7a289013dc2056\",\"name\":\"ayun\",\"image\":{\"@type\":\"ImageObject\",\"inLanguage\":\"es\",\"@id\":\"https:\\\/\\\/secure.gravatar.com\\\/avatar\\\/4ce797ee07c943e7e592f8cd648e503e6cd571387558ed07135799c2bd2847df?s=96&d=mm&r=g\",\"url\":\"https:\\\/\\\/secure.gravatar.com\\\/avatar\\\/4ce797ee07c943e7e592f8cd648e503e6cd571387558ed07135799c2bd2847df?s=96&d=mm&r=g\",\"contentUrl\":\"https:\\\/\\\/secure.gravatar.com\\\/avatar\\\/4ce797ee07c943e7e592f8cd648e503e6cd571387558ed07135799c2bd2847df?s=96&d=mm&r=g\",\"caption\":\"ayun\"},\"sameAs\":[\"http:\\\/\\\/www.caudete.org\\\/ayuntamiento\"],\"url\":\"https:\\\/\\\/www.caudete.org\\\/ayuntamiento\\\/author\\\/ayun\\\/\"}]}<\/script>\n<!-- \/ Yoast SEO plugin. -->","yoast_head_json":{"title":"USAR EL M\u00d3VIL EN VACACIONES: PRINCIPALES CONSEJOS - MI Ayuntamiento de Caudete","description":"P\u00e1gina Oficial del Ayuntamiento de Caudete (Albacete)","robots":{"index":"index","follow":"follow","max-snippet":"max-snippet:-1","max-image-preview":"max-image-preview:large","max-video-preview":"max-video-preview:-1"},"canonical":"https:\/\/www.caudete.org\/ayuntamiento\/usar-el-movil-en-vacaciones-principales-consejos\/","og_locale":"es_ES","og_type":"article","og_title":"USAR EL M\u00d3VIL EN VACACIONES: PRINCIPALES CONSEJOS - MI Ayuntamiento de Caudete","og_description":"P\u00e1gina Oficial del Ayuntamiento de Caudete (Albacete)","og_url":"https:\/\/www.caudete.org\/ayuntamiento\/usar-el-movil-en-vacaciones-principales-consejos\/","og_site_name":"MI Ayuntamiento de Caudete","article_publisher":"https:\/\/www.facebook.com\/ayuntamientocaudete\/","article_published_time":"2020-12-06T17:36:04+00:00","article_modified_time":"2020-12-14T18:07:37+00:00","og_image":[{"width":510,"height":359,"url":"https:\/\/www.caudete.org\/ayuntamiento\/wp-content\/uploads\/2020\/12\/omic-usemov.jpg","type":"image\/jpeg"}],"author":"ayun","twitter_card":"summary_large_image","twitter_misc":{"Escrito por":"ayun","Tiempo de lectura":"4 minutos"},"schema":{"@context":"https:\/\/schema.org","@graph":[{"@type":"Article","@id":"https:\/\/www.caudete.org\/ayuntamiento\/usar-el-movil-en-vacaciones-principales-consejos\/#article","isPartOf":{"@id":"https:\/\/www.caudete.org\/ayuntamiento\/usar-el-movil-en-vacaciones-principales-consejos\/"},"author":{"name":"ayun","@id":"https:\/\/www.caudete.org\/ayuntamiento\/#\/schema\/person\/79f7e19fdd176fc2bc7a289013dc2056"},"headline":"USAR EL M\u00d3VIL EN VACACIONES: PRINCIPALES CONSEJOS","datePublished":"2020-12-06T17:36:04+00:00","dateModified":"2020-12-14T18:07:37+00:00","mainEntityOfPage":{"@id":"https:\/\/www.caudete.org\/ayuntamiento\/usar-el-movil-en-vacaciones-principales-consejos\/"},"wordCount":877,"image":{"@id":"https:\/\/www.caudete.org\/ayuntamiento\/usar-el-movil-en-vacaciones-principales-consejos\/#primaryimage"},"thumbnailUrl":"https:\/\/www.caudete.org\/ayuntamiento\/wp-content\/uploads\/2020\/12\/omic-usemov.jpg","articleSection":["omic-noticias"],"inLanguage":"es"},{"@type":"WebPage","@id":"https:\/\/www.caudete.org\/ayuntamiento\/usar-el-movil-en-vacaciones-principales-consejos\/","url":"https:\/\/www.caudete.org\/ayuntamiento\/usar-el-movil-en-vacaciones-principales-consejos\/","name":"USAR EL M\u00d3VIL EN VACACIONES: PRINCIPALES CONSEJOS - MI Ayuntamiento de Caudete","isPartOf":{"@id":"https:\/\/www.caudete.org\/ayuntamiento\/#website"},"primaryImageOfPage":{"@id":"https:\/\/www.caudete.org\/ayuntamiento\/usar-el-movil-en-vacaciones-principales-consejos\/#primaryimage"},"image":{"@id":"https:\/\/www.caudete.org\/ayuntamiento\/usar-el-movil-en-vacaciones-principales-consejos\/#primaryimage"},"thumbnailUrl":"https:\/\/www.caudete.org\/ayuntamiento\/wp-content\/uploads\/2020\/12\/omic-usemov.jpg","datePublished":"2020-12-06T17:36:04+00:00","dateModified":"2020-12-14T18:07:37+00:00","author":{"@id":"https:\/\/www.caudete.org\/ayuntamiento\/#\/schema\/person\/79f7e19fdd176fc2bc7a289013dc2056"},"description":"P\u00e1gina Oficial del Ayuntamiento de Caudete (Albacete)","breadcrumb":{"@id":"https:\/\/www.caudete.org\/ayuntamiento\/usar-el-movil-en-vacaciones-principales-consejos\/#breadcrumb"},"inLanguage":"es","potentialAction":[{"@type":"ReadAction","target":["https:\/\/www.caudete.org\/ayuntamiento\/usar-el-movil-en-vacaciones-principales-consejos\/"]}]},{"@type":"ImageObject","inLanguage":"es","@id":"https:\/\/www.caudete.org\/ayuntamiento\/usar-el-movil-en-vacaciones-principales-consejos\/#primaryimage","url":"https:\/\/www.caudete.org\/ayuntamiento\/wp-content\/uploads\/2020\/12\/omic-usemov.jpg","contentUrl":"https:\/\/www.caudete.org\/ayuntamiento\/wp-content\/uploads\/2020\/12\/omic-usemov.jpg","width":510,"height":359},{"@type":"BreadcrumbList","@id":"https:\/\/www.caudete.org\/ayuntamiento\/usar-el-movil-en-vacaciones-principales-consejos\/#breadcrumb","itemListElement":[{"@type":"ListItem","position":1,"name":"Inicio","item":"https:\/\/www.caudete.org\/ayuntamiento\/"},{"@type":"ListItem","position":2,"name":"USAR EL M\u00d3VIL EN VACACIONES: PRINCIPALES CONSEJOS"}]},{"@type":"WebSite","@id":"https:\/\/www.caudete.org\/ayuntamiento\/#website","url":"https:\/\/www.caudete.org\/ayuntamiento\/","name":"MI Ayuntamiento de Caudete","description":"P\u00e1gina Oficial del MI Ayuntamiento de Caudete","potentialAction":[{"@type":"SearchAction","target":{"@type":"EntryPoint","urlTemplate":"https:\/\/www.caudete.org\/ayuntamiento\/?s={search_term_string}"},"query-input":{"@type":"PropertyValueSpecification","valueRequired":true,"valueName":"search_term_string"}}],"inLanguage":"es"},{"@type":"Person","@id":"https:\/\/www.caudete.org\/ayuntamiento\/#\/schema\/person\/79f7e19fdd176fc2bc7a289013dc2056","name":"ayun","image":{"@type":"ImageObject","inLanguage":"es","@id":"https:\/\/secure.gravatar.com\/avatar\/4ce797ee07c943e7e592f8cd648e503e6cd571387558ed07135799c2bd2847df?s=96&d=mm&r=g","url":"https:\/\/secure.gravatar.com\/avatar\/4ce797ee07c943e7e592f8cd648e503e6cd571387558ed07135799c2bd2847df?s=96&d=mm&r=g","contentUrl":"https:\/\/secure.gravatar.com\/avatar\/4ce797ee07c943e7e592f8cd648e503e6cd571387558ed07135799c2bd2847df?s=96&d=mm&r=g","caption":"ayun"},"sameAs":["http:\/\/www.caudete.org\/ayuntamiento"],"url":"https:\/\/www.caudete.org\/ayuntamiento\/author\/ayun\/"}]}},"_links":{"self":[{"href":"https:\/\/www.caudete.org\/ayuntamiento\/wp-json\/wp\/v2\/posts\/7743","targetHints":{"allow":["GET"]}}],"collection":[{"href":"https:\/\/www.caudete.org\/ayuntamiento\/wp-json\/wp\/v2\/posts"}],"about":[{"href":"https:\/\/www.caudete.org\/ayuntamiento\/wp-json\/wp\/v2\/types\/post"}],"author":[{"embeddable":true,"href":"https:\/\/www.caudete.org\/ayuntamiento\/wp-json\/wp\/v2\/users\/1"}],"replies":[{"embeddable":true,"href":"https:\/\/www.caudete.org\/ayuntamiento\/wp-json\/wp\/v2\/comments?post=7743"}],"version-history":[{"count":3,"href":"https:\/\/www.caudete.org\/ayuntamiento\/wp-json\/wp\/v2\/posts\/7743\/revisions"}],"predecessor-version":[{"id":9402,"href":"https:\/\/www.caudete.org\/ayuntamiento\/wp-json\/wp\/v2\/posts\/7743\/revisions\/9402"}],"wp:featuredmedia":[{"embeddable":true,"href":"https:\/\/www.caudete.org\/ayuntamiento\/wp-json\/wp\/v2\/media\/7744"}],"wp:attachment":[{"href":"https:\/\/www.caudete.org\/ayuntamiento\/wp-json\/wp\/v2\/media?parent=7743"}],"wp:term":[{"taxonomy":"category","embeddable":true,"href":"https:\/\/www.caudete.org\/ayuntamiento\/wp-json\/wp\/v2\/categories?post=7743"},{"taxonomy":"post_tag","embeddable":true,"href":"https:\/\/www.caudete.org\/ayuntamiento\/wp-json\/wp\/v2\/tags?post=7743"}],"curies":[{"name":"wp","href":"https:\/\/api.w.org\/{rel}","templated":true}]}}