{"id":7758,"date":"2020-12-06T19:02:41","date_gmt":"2020-12-06T18:02:41","guid":{"rendered":"http:\/\/www.caudete.org\/ayuntamiento\/?p=7758"},"modified":"2020-12-13T19:54:11","modified_gmt":"2020-12-13T18:54:11","slug":"derechos-ante-la-huelga-de-controladores-aereos","status":"publish","type":"post","link":"https:\/\/www.caudete.org\/ayuntamiento\/derechos-ante-la-huelga-de-controladores-aereos\/","title":{"rendered":"DERECHOS ANTE LA HUELGA DE CONTROLADORES A\u00c9REOS"},"content":{"rendered":"<div id=\"recuadro_not\">\n<p style=\"text-align: justify;\">La amenaza de huelga mantiene en vilo al sector tur\u00edstico. Calculan que s\u00f3lo dos d\u00edas de paro pueden suponer p\u00e9rdidas de m\u00e1s de 1.000 millones de euros.<\/p>\n<p style=\"text-align: justify;\">La &nbsp;fecha de la huelga no est\u00e1 fijada y eso est\u00e1 haciendo todav\u00eda m\u00e1s da\u00f1o al sector tur\u00edstico. En el mes de agosto hay un 30% de reservas de \u00faltima hora que no se est\u00e1n cerrando ante el temor de no poder volar. A ello habr\u00e1 que sumar las posibles cancelaciones.<br \/>\n&#8220;La ca\u00edda por un d\u00eda o dos de huelga se calcula en m\u00e1s de 1.000 millones de euros de coste&#8221;, ha explicado Ram\u00f3n Estalella, secretario general de la CEHAT.<\/p>\n<p>Los grandes perjudicados ser\u00e1n los pasajeros.<br \/>\nEl da\u00f1o a los pasajeros est\u00e1 servido dado el escaso margen para reaccionar. Posiblemente ya sea demasiado tarde para poder cambiar los vuelos a una fecha diferente a la de la huelga, puesto que es improbable que haya plazas o \u00e9stas ser\u00e1 muy caras. Adem\u00e1s el cambio de billete conllevar\u00eda seguramente penalizaci\u00f3n.<\/p>\n<p>Normalmente, si su vuelo se retrasa m\u00e1s de dos horas o se cancela tiene derecho a una compensaci\u00f3n econ\u00f3mica, pero eso cambia cuando hay huelga.<\/p>\n<p>&#8220;Los usuarios ser\u00e1n rehenes de una situaci\u00f3n y adem\u00e1s no van a ser compensados&#8221;, ha asegurado Antonio Joya, de la Organizaci\u00f3n de Consumidores y Usuarios (OCU).<\/p>\n<p>Seg\u00fan la legislaci\u00f3n reguladora de los derechos del pasajero, la huelga se considera una circunstancia extraordinaria y por tanto una cancelaci\u00f3n de un vuelo derivada de una huelga de controladores no dar\u00eda derecho a la indemnizaci\u00f3n autom\u00e1tica que las compa\u00f1\u00edas deben pagar en casos habituales de cancelaci\u00f3n. Ahora bien, s\u00ed deber\u00e1 cubrir los gastos de manutenci\u00f3n o alojamiento hasta que le reubiquen en otro vuelo. La compa\u00f1\u00eda puede ofrecer la posibilidad de continuar el viaje despu\u00e9s, hacerlo en otro medio de transporte (si es viable) o reembolsar el importe del billete. Si el retraso excede las cinco horas, el pasajero puede solicitar la devoluci\u00f3n de su dinero, siempre y cuando decida no viajar.<\/p>\n<p><b>RECLAMACI\u00d3NES:<\/b><\/p>\n<p>Las compa\u00f1\u00edas a\u00e9reas, normalmente disponen de hojas de reclamaciones que se encontrar\u00e1n en sus mostradores de informaci\u00f3n o de venta de billetes. Aunque la compa\u00f1\u00eda no disponga de hojas de reclamaciones, usted puede reclamar mediante carta dirigida directamente a la compa\u00f1\u00eda a\u00e9rea o en el caso de un aeropuerto espa\u00f1ol, utilizando una hoja de reclamaci\u00f3n de Aena. En este caso Aena se limitar\u00e1 a darle acuse de recibo de su reclamaci\u00f3n y a trasladarla a la compa\u00f1\u00eda a\u00e9rea correspondiente que es la responsable de tramitar y resolver su reclamaci\u00f3n.<\/p>\n<p>Se recomienda dejar constancia de la fecha de presentaci\u00f3n, de la fecha de la recepci\u00f3n y del contenido de la reclamaci\u00f3n, mediante uso de burofax o similar.<\/p>\n<p>En cualquier caso, la redacci\u00f3n de la reclamaci\u00f3n debe ser clara, concisa y legible. Es importante consignar con precisi\u00f3n fecha, hora, lugar y causas de la reclamaci\u00f3n. No puede olvidarse tampoco de indicar los datos personales del reclamante y su vuelo. Debe conservarse el billete, tal\u00f3n de equipaje y dem\u00e1s documentos utilizados.<\/p>\n<p>Dirija su reclamaci\u00f3n al departamento de atenci\u00f3n al cliente de la compa\u00f1\u00eda a\u00e9rea.<\/p>\n<p>Otra opci\u00f3n es presentar una denuncia ante la Agencia Estatal de Seguridad A\u00e9rea, que depende del Ministerio de Fomento. En caso de dudas, la AESA ofrece informaci\u00f3n detallada sobre c\u00f3mo actuar y qu\u00e9 formularios deben cumplimentarse.<\/p>\n<\/div>\n<div id=\"enlaces\">\n<h5 style=\"text-align: justify;\">Enlaces relacionados<\/h5>\n<ul>\n<li style=\"text-align: justify;\"><a href=\"http:\/\/www.seguridadaerea.es\/AESA\/LANG_CASTELLANO\/PASAJEROS\/\" target=\"_blank\" rel=\"noopener noreferrer nofollow\">AENA<\/a><\/li>\n<li style=\"text-align: justify;\"><a href=\"http:\/\/www.seguridadaerea.es\/AESA\/LANG_CASTELLANO\/PASAJEROS\/PRESENTACION\/\" target=\"_blank\" rel=\"noopener noreferrer nofollow\">AESA<\/a><\/li>\n<\/ul>\n<\/div>\n","protected":false},"excerpt":{"rendered":"<p>La amenaza de huelga mantiene en vilo al sector tur\u00edstico. Calculan que s\u00f3lo dos d\u00edas de paro pueden suponer p\u00e9rdidas de m\u00e1s de 1.000 millones de euros. La &nbsp;fecha de la huelga no est\u00e1 fijada y eso est\u00e1 haciendo todav\u00eda m\u00e1s da\u00f1o al sector tur\u00edstico. En el mes de agosto hay un 30% de reservas &hellip;<\/p>\n","protected":false},"author":1,"featured_media":7759,"comment_status":"closed","ping_status":"open","sticky":false,"template":"","format":"standard","meta":{"ngg_post_thumbnail":0,"footnotes":""},"categories":[110],"tags":[],"class_list":["post-7758","post","type-post","status-publish","format-standard","has-post-thumbnail","hentry","category-omic-noticias"],"yoast_head":"<!-- This site is optimized with the Yoast SEO plugin v27.5 - https:\/\/yoast.com\/product\/yoast-seo-wordpress\/ -->\n<title>DERECHOS ANTE LA HUELGA DE CONTROLADORES A\u00c9REOS - MI Ayuntamiento de Caudete<\/title>\n<meta name=\"description\" content=\"P\u00e1gina Oficial del Ayuntamiento de Caudete (Albacete)\" \/>\n<meta name=\"robots\" content=\"index, follow, max-snippet:-1, max-image-preview:large, max-video-preview:-1\" \/>\n<link rel=\"canonical\" href=\"https:\/\/www.caudete.org\/ayuntamiento\/derechos-ante-la-huelga-de-controladores-aereos\/\" \/>\n<meta property=\"og:locale\" content=\"es_ES\" \/>\n<meta property=\"og:type\" content=\"article\" \/>\n<meta property=\"og:title\" content=\"DERECHOS ANTE LA HUELGA DE CONTROLADORES A\u00c9REOS - MI Ayuntamiento de Caudete\" \/>\n<meta property=\"og:description\" content=\"P\u00e1gina Oficial del Ayuntamiento de Caudete (Albacete)\" \/>\n<meta property=\"og:url\" content=\"https:\/\/www.caudete.org\/ayuntamiento\/derechos-ante-la-huelga-de-controladores-aereos\/\" \/>\n<meta property=\"og:site_name\" content=\"MI Ayuntamiento de Caudete\" \/>\n<meta property=\"article:publisher\" content=\"https:\/\/www.facebook.com\/ayuntamientocaudete\/\" \/>\n<meta property=\"article:published_time\" content=\"2020-12-06T18:02:41+00:00\" \/>\n<meta property=\"article:modified_time\" content=\"2020-12-13T18:54:11+00:00\" \/>\n<meta property=\"og:image\" content=\"https:\/\/www.caudete.org\/ayuntamiento\/wp-content\/uploads\/2020\/12\/omic-dchhuelg.jpg\" \/>\n\t<meta property=\"og:image:width\" content=\"432\" \/>\n\t<meta property=\"og:image:height\" content=\"272\" \/>\n\t<meta property=\"og:image:type\" content=\"image\/jpeg\" \/>\n<meta name=\"author\" content=\"ayun\" \/>\n<meta name=\"twitter:card\" content=\"summary_large_image\" \/>\n<meta name=\"twitter:label1\" content=\"Escrito por\" \/>\n\t<meta name=\"twitter:data1\" content=\"ayun\" \/>\n\t<meta name=\"twitter:label2\" content=\"Tiempo de lectura\" \/>\n\t<meta name=\"twitter:data2\" content=\"3 minutos\" \/>\n<script type=\"application\/ld+json\" class=\"yoast-schema-graph\">{\"@context\":\"https:\\\/\\\/schema.org\",\"@graph\":[{\"@type\":\"Article\",\"@id\":\"https:\\\/\\\/www.caudete.org\\\/ayuntamiento\\\/derechos-ante-la-huelga-de-controladores-aereos\\\/#article\",\"isPartOf\":{\"@id\":\"https:\\\/\\\/www.caudete.org\\\/ayuntamiento\\\/derechos-ante-la-huelga-de-controladores-aereos\\\/\"},\"author\":{\"name\":\"ayun\",\"@id\":\"https:\\\/\\\/www.caudete.org\\\/ayuntamiento\\\/#\\\/schema\\\/person\\\/79f7e19fdd176fc2bc7a289013dc2056\"},\"headline\":\"DERECHOS ANTE LA HUELGA DE CONTROLADORES A\u00c9REOS\",\"datePublished\":\"2020-12-06T18:02:41+00:00\",\"dateModified\":\"2020-12-13T18:54:11+00:00\",\"mainEntityOfPage\":{\"@id\":\"https:\\\/\\\/www.caudete.org\\\/ayuntamiento\\\/derechos-ante-la-huelga-de-controladores-aereos\\\/\"},\"wordCount\":626,\"image\":{\"@id\":\"https:\\\/\\\/www.caudete.org\\\/ayuntamiento\\\/derechos-ante-la-huelga-de-controladores-aereos\\\/#primaryimage\"},\"thumbnailUrl\":\"https:\\\/\\\/www.caudete.org\\\/ayuntamiento\\\/wp-content\\\/uploads\\\/2020\\\/12\\\/omic-dchhuelg.jpg\",\"articleSection\":[\"omic-noticias\"],\"inLanguage\":\"es\"},{\"@type\":\"WebPage\",\"@id\":\"https:\\\/\\\/www.caudete.org\\\/ayuntamiento\\\/derechos-ante-la-huelga-de-controladores-aereos\\\/\",\"url\":\"https:\\\/\\\/www.caudete.org\\\/ayuntamiento\\\/derechos-ante-la-huelga-de-controladores-aereos\\\/\",\"name\":\"DERECHOS ANTE LA HUELGA DE CONTROLADORES A\u00c9REOS - MI Ayuntamiento de Caudete\",\"isPartOf\":{\"@id\":\"https:\\\/\\\/www.caudete.org\\\/ayuntamiento\\\/#website\"},\"primaryImageOfPage\":{\"@id\":\"https:\\\/\\\/www.caudete.org\\\/ayuntamiento\\\/derechos-ante-la-huelga-de-controladores-aereos\\\/#primaryimage\"},\"image\":{\"@id\":\"https:\\\/\\\/www.caudete.org\\\/ayuntamiento\\\/derechos-ante-la-huelga-de-controladores-aereos\\\/#primaryimage\"},\"thumbnailUrl\":\"https:\\\/\\\/www.caudete.org\\\/ayuntamiento\\\/wp-content\\\/uploads\\\/2020\\\/12\\\/omic-dchhuelg.jpg\",\"datePublished\":\"2020-12-06T18:02:41+00:00\",\"dateModified\":\"2020-12-13T18:54:11+00:00\",\"author\":{\"@id\":\"https:\\\/\\\/www.caudete.org\\\/ayuntamiento\\\/#\\\/schema\\\/person\\\/79f7e19fdd176fc2bc7a289013dc2056\"},\"description\":\"P\u00e1gina Oficial del Ayuntamiento de Caudete (Albacete)\",\"breadcrumb\":{\"@id\":\"https:\\\/\\\/www.caudete.org\\\/ayuntamiento\\\/derechos-ante-la-huelga-de-controladores-aereos\\\/#breadcrumb\"},\"inLanguage\":\"es\",\"potentialAction\":[{\"@type\":\"ReadAction\",\"target\":[\"https:\\\/\\\/www.caudete.org\\\/ayuntamiento\\\/derechos-ante-la-huelga-de-controladores-aereos\\\/\"]}]},{\"@type\":\"ImageObject\",\"inLanguage\":\"es\",\"@id\":\"https:\\\/\\\/www.caudete.org\\\/ayuntamiento\\\/derechos-ante-la-huelga-de-controladores-aereos\\\/#primaryimage\",\"url\":\"https:\\\/\\\/www.caudete.org\\\/ayuntamiento\\\/wp-content\\\/uploads\\\/2020\\\/12\\\/omic-dchhuelg.jpg\",\"contentUrl\":\"https:\\\/\\\/www.caudete.org\\\/ayuntamiento\\\/wp-content\\\/uploads\\\/2020\\\/12\\\/omic-dchhuelg.jpg\",\"width\":432,\"height\":272},{\"@type\":\"BreadcrumbList\",\"@id\":\"https:\\\/\\\/www.caudete.org\\\/ayuntamiento\\\/derechos-ante-la-huelga-de-controladores-aereos\\\/#breadcrumb\",\"itemListElement\":[{\"@type\":\"ListItem\",\"position\":1,\"name\":\"Inicio\",\"item\":\"https:\\\/\\\/www.caudete.org\\\/ayuntamiento\\\/\"},{\"@type\":\"ListItem\",\"position\":2,\"name\":\"DERECHOS ANTE LA HUELGA DE CONTROLADORES A\u00c9REOS\"}]},{\"@type\":\"WebSite\",\"@id\":\"https:\\\/\\\/www.caudete.org\\\/ayuntamiento\\\/#website\",\"url\":\"https:\\\/\\\/www.caudete.org\\\/ayuntamiento\\\/\",\"name\":\"MI Ayuntamiento de Caudete\",\"description\":\"P\u00e1gina Oficial del MI Ayuntamiento de Caudete\",\"potentialAction\":[{\"@type\":\"SearchAction\",\"target\":{\"@type\":\"EntryPoint\",\"urlTemplate\":\"https:\\\/\\\/www.caudete.org\\\/ayuntamiento\\\/?s={search_term_string}\"},\"query-input\":{\"@type\":\"PropertyValueSpecification\",\"valueRequired\":true,\"valueName\":\"search_term_string\"}}],\"inLanguage\":\"es\"},{\"@type\":\"Person\",\"@id\":\"https:\\\/\\\/www.caudete.org\\\/ayuntamiento\\\/#\\\/schema\\\/person\\\/79f7e19fdd176fc2bc7a289013dc2056\",\"name\":\"ayun\",\"image\":{\"@type\":\"ImageObject\",\"inLanguage\":\"es\",\"@id\":\"https:\\\/\\\/secure.gravatar.com\\\/avatar\\\/4ce797ee07c943e7e592f8cd648e503e6cd571387558ed07135799c2bd2847df?s=96&d=mm&r=g\",\"url\":\"https:\\\/\\\/secure.gravatar.com\\\/avatar\\\/4ce797ee07c943e7e592f8cd648e503e6cd571387558ed07135799c2bd2847df?s=96&d=mm&r=g\",\"contentUrl\":\"https:\\\/\\\/secure.gravatar.com\\\/avatar\\\/4ce797ee07c943e7e592f8cd648e503e6cd571387558ed07135799c2bd2847df?s=96&d=mm&r=g\",\"caption\":\"ayun\"},\"sameAs\":[\"http:\\\/\\\/www.caudete.org\\\/ayuntamiento\"],\"url\":\"https:\\\/\\\/www.caudete.org\\\/ayuntamiento\\\/author\\\/ayun\\\/\"}]}<\/script>\n<!-- \/ Yoast SEO plugin. -->","yoast_head_json":{"title":"DERECHOS ANTE LA HUELGA DE CONTROLADORES A\u00c9REOS - MI Ayuntamiento de Caudete","description":"P\u00e1gina Oficial del Ayuntamiento de Caudete (Albacete)","robots":{"index":"index","follow":"follow","max-snippet":"max-snippet:-1","max-image-preview":"max-image-preview:large","max-video-preview":"max-video-preview:-1"},"canonical":"https:\/\/www.caudete.org\/ayuntamiento\/derechos-ante-la-huelga-de-controladores-aereos\/","og_locale":"es_ES","og_type":"article","og_title":"DERECHOS ANTE LA HUELGA DE CONTROLADORES A\u00c9REOS - MI Ayuntamiento de Caudete","og_description":"P\u00e1gina Oficial del Ayuntamiento de Caudete (Albacete)","og_url":"https:\/\/www.caudete.org\/ayuntamiento\/derechos-ante-la-huelga-de-controladores-aereos\/","og_site_name":"MI Ayuntamiento de Caudete","article_publisher":"https:\/\/www.facebook.com\/ayuntamientocaudete\/","article_published_time":"2020-12-06T18:02:41+00:00","article_modified_time":"2020-12-13T18:54:11+00:00","og_image":[{"width":432,"height":272,"url":"https:\/\/www.caudete.org\/ayuntamiento\/wp-content\/uploads\/2020\/12\/omic-dchhuelg.jpg","type":"image\/jpeg"}],"author":"ayun","twitter_card":"summary_large_image","twitter_misc":{"Escrito por":"ayun","Tiempo de lectura":"3 minutos"},"schema":{"@context":"https:\/\/schema.org","@graph":[{"@type":"Article","@id":"https:\/\/www.caudete.org\/ayuntamiento\/derechos-ante-la-huelga-de-controladores-aereos\/#article","isPartOf":{"@id":"https:\/\/www.caudete.org\/ayuntamiento\/derechos-ante-la-huelga-de-controladores-aereos\/"},"author":{"name":"ayun","@id":"https:\/\/www.caudete.org\/ayuntamiento\/#\/schema\/person\/79f7e19fdd176fc2bc7a289013dc2056"},"headline":"DERECHOS ANTE LA HUELGA DE CONTROLADORES A\u00c9REOS","datePublished":"2020-12-06T18:02:41+00:00","dateModified":"2020-12-13T18:54:11+00:00","mainEntityOfPage":{"@id":"https:\/\/www.caudete.org\/ayuntamiento\/derechos-ante-la-huelga-de-controladores-aereos\/"},"wordCount":626,"image":{"@id":"https:\/\/www.caudete.org\/ayuntamiento\/derechos-ante-la-huelga-de-controladores-aereos\/#primaryimage"},"thumbnailUrl":"https:\/\/www.caudete.org\/ayuntamiento\/wp-content\/uploads\/2020\/12\/omic-dchhuelg.jpg","articleSection":["omic-noticias"],"inLanguage":"es"},{"@type":"WebPage","@id":"https:\/\/www.caudete.org\/ayuntamiento\/derechos-ante-la-huelga-de-controladores-aereos\/","url":"https:\/\/www.caudete.org\/ayuntamiento\/derechos-ante-la-huelga-de-controladores-aereos\/","name":"DERECHOS ANTE LA HUELGA DE CONTROLADORES A\u00c9REOS - MI Ayuntamiento de Caudete","isPartOf":{"@id":"https:\/\/www.caudete.org\/ayuntamiento\/#website"},"primaryImageOfPage":{"@id":"https:\/\/www.caudete.org\/ayuntamiento\/derechos-ante-la-huelga-de-controladores-aereos\/#primaryimage"},"image":{"@id":"https:\/\/www.caudete.org\/ayuntamiento\/derechos-ante-la-huelga-de-controladores-aereos\/#primaryimage"},"thumbnailUrl":"https:\/\/www.caudete.org\/ayuntamiento\/wp-content\/uploads\/2020\/12\/omic-dchhuelg.jpg","datePublished":"2020-12-06T18:02:41+00:00","dateModified":"2020-12-13T18:54:11+00:00","author":{"@id":"https:\/\/www.caudete.org\/ayuntamiento\/#\/schema\/person\/79f7e19fdd176fc2bc7a289013dc2056"},"description":"P\u00e1gina Oficial del Ayuntamiento de Caudete (Albacete)","breadcrumb":{"@id":"https:\/\/www.caudete.org\/ayuntamiento\/derechos-ante-la-huelga-de-controladores-aereos\/#breadcrumb"},"inLanguage":"es","potentialAction":[{"@type":"ReadAction","target":["https:\/\/www.caudete.org\/ayuntamiento\/derechos-ante-la-huelga-de-controladores-aereos\/"]}]},{"@type":"ImageObject","inLanguage":"es","@id":"https:\/\/www.caudete.org\/ayuntamiento\/derechos-ante-la-huelga-de-controladores-aereos\/#primaryimage","url":"https:\/\/www.caudete.org\/ayuntamiento\/wp-content\/uploads\/2020\/12\/omic-dchhuelg.jpg","contentUrl":"https:\/\/www.caudete.org\/ayuntamiento\/wp-content\/uploads\/2020\/12\/omic-dchhuelg.jpg","width":432,"height":272},{"@type":"BreadcrumbList","@id":"https:\/\/www.caudete.org\/ayuntamiento\/derechos-ante-la-huelga-de-controladores-aereos\/#breadcrumb","itemListElement":[{"@type":"ListItem","position":1,"name":"Inicio","item":"https:\/\/www.caudete.org\/ayuntamiento\/"},{"@type":"ListItem","position":2,"name":"DERECHOS ANTE LA HUELGA DE CONTROLADORES A\u00c9REOS"}]},{"@type":"WebSite","@id":"https:\/\/www.caudete.org\/ayuntamiento\/#website","url":"https:\/\/www.caudete.org\/ayuntamiento\/","name":"MI Ayuntamiento de Caudete","description":"P\u00e1gina Oficial del MI Ayuntamiento de Caudete","potentialAction":[{"@type":"SearchAction","target":{"@type":"EntryPoint","urlTemplate":"https:\/\/www.caudete.org\/ayuntamiento\/?s={search_term_string}"},"query-input":{"@type":"PropertyValueSpecification","valueRequired":true,"valueName":"search_term_string"}}],"inLanguage":"es"},{"@type":"Person","@id":"https:\/\/www.caudete.org\/ayuntamiento\/#\/schema\/person\/79f7e19fdd176fc2bc7a289013dc2056","name":"ayun","image":{"@type":"ImageObject","inLanguage":"es","@id":"https:\/\/secure.gravatar.com\/avatar\/4ce797ee07c943e7e592f8cd648e503e6cd571387558ed07135799c2bd2847df?s=96&d=mm&r=g","url":"https:\/\/secure.gravatar.com\/avatar\/4ce797ee07c943e7e592f8cd648e503e6cd571387558ed07135799c2bd2847df?s=96&d=mm&r=g","contentUrl":"https:\/\/secure.gravatar.com\/avatar\/4ce797ee07c943e7e592f8cd648e503e6cd571387558ed07135799c2bd2847df?s=96&d=mm&r=g","caption":"ayun"},"sameAs":["http:\/\/www.caudete.org\/ayuntamiento"],"url":"https:\/\/www.caudete.org\/ayuntamiento\/author\/ayun\/"}]}},"_links":{"self":[{"href":"https:\/\/www.caudete.org\/ayuntamiento\/wp-json\/wp\/v2\/posts\/7758","targetHints":{"allow":["GET"]}}],"collection":[{"href":"https:\/\/www.caudete.org\/ayuntamiento\/wp-json\/wp\/v2\/posts"}],"about":[{"href":"https:\/\/www.caudete.org\/ayuntamiento\/wp-json\/wp\/v2\/types\/post"}],"author":[{"embeddable":true,"href":"https:\/\/www.caudete.org\/ayuntamiento\/wp-json\/wp\/v2\/users\/1"}],"replies":[{"embeddable":true,"href":"https:\/\/www.caudete.org\/ayuntamiento\/wp-json\/wp\/v2\/comments?post=7758"}],"version-history":[{"count":3,"href":"https:\/\/www.caudete.org\/ayuntamiento\/wp-json\/wp\/v2\/posts\/7758\/revisions"}],"predecessor-version":[{"id":9234,"href":"https:\/\/www.caudete.org\/ayuntamiento\/wp-json\/wp\/v2\/posts\/7758\/revisions\/9234"}],"wp:featuredmedia":[{"embeddable":true,"href":"https:\/\/www.caudete.org\/ayuntamiento\/wp-json\/wp\/v2\/media\/7759"}],"wp:attachment":[{"href":"https:\/\/www.caudete.org\/ayuntamiento\/wp-json\/wp\/v2\/media?parent=7758"}],"wp:term":[{"taxonomy":"category","embeddable":true,"href":"https:\/\/www.caudete.org\/ayuntamiento\/wp-json\/wp\/v2\/categories?post=7758"},{"taxonomy":"post_tag","embeddable":true,"href":"https:\/\/www.caudete.org\/ayuntamiento\/wp-json\/wp\/v2\/tags?post=7758"}],"curies":[{"name":"wp","href":"https:\/\/api.w.org\/{rel}","templated":true}]}}