{"id":7764,"date":"2020-12-06T19:10:21","date_gmt":"2020-12-06T18:10:21","guid":{"rendered":"http:\/\/www.caudete.org\/ayuntamiento\/?p=7764"},"modified":"2020-12-13T19:51:08","modified_gmt":"2020-12-13T18:51:08","slug":"recomendaciones-a-los-padres-ante-la-vuelta-al-cole","status":"publish","type":"post","link":"https:\/\/www.caudete.org\/ayuntamiento\/recomendaciones-a-los-padres-ante-la-vuelta-al-cole\/","title":{"rendered":"RECOMENDACIONES A LOS PADRES ANTE \u201cLA VUELTA AL COLE\u201d"},"content":{"rendered":"<p style=\"text-align: justify;\">Con la inminente llegada del nuevo curso escolar, la Asociaci\u00f3n de Consumidores en Acci\u00f3n de FACUA da una serie de consejos a los padres de cara al desembolso econ\u00f3mico que supone el inicio de las clases.<\/p>\n<p style=\"text-align: justify;\">En el mes de septiembre las familias deben hacer un esfuerzo econ\u00f3mico para la compra de libros de texto, material escolar, uniforme, matr\u00edcula, transporte y comedor, en su caso.<\/p>\n<p>Frente a estos gastos, FACUA Ja\u00e9n recomienda hacer una lista de las cosas que realmente son necesarias y no dejar las compras para \u00faltima hora ni adquirirlo todo de una vez, sino mirar en distintos establecimientos e ir comparando precios.<\/p>\n<p><u>Cuidado con los anuncios publicitarios.<\/u><\/p>\n<p>Por el contrario, no hay que dejarse llevar por los \u2018reclamos publicitarios\u2019 del precio, la marca o la presencia de personajes famosos, puesto que ello no es sin\u00f3nimo de una mejor calidad. Es conveniente recordar que los productos de las llamadas &#8220;marcas blancas&#8221; pueden suponer un importante ahorro y tener la misma calidad que las m\u00e1s publicitadas.<\/p>\n<p>Por otro lado, hay que recordar que los centros escolares no pueden obligar a los padres a adquirir los libros, el material escolar y tampoco el uniforme en un determinado establecimiento. Si se produce esta pr\u00e1ctica, se trata de una irregularidad que se debe denunciar.<\/p>\n<p><u>Adaptaci\u00f3n progresiva.<\/u><\/p>\n<p>Para que la adaptaci\u00f3n de los ni\u00f1os sea m\u00e1s f\u00e1cil y llevadera, FACUA Ja\u00e9n aconseja a los padres que los vayan habituando con antelaci\u00f3n a las rutinas de comida y sue\u00f1o que van a llevar durante los meses del curso escolar.<\/p>\n<p>Cada vez es m\u00e1s frecuente que los hijos hagan uso del comedor escolar, por lo que es conveniente que los padres se informen bien acerca de la alimentaci\u00f3n que siguen en el mismo, solicitando al centro la informaci\u00f3n necesaria sobre los men\u00fas, las medidas higi\u00e9nicas y sanitarias a aplicar, as\u00ed como la cualificaci\u00f3n del personal.<\/p>\n<p>Para el desayuno en el recreo, la asociaci\u00f3n recomienda alimentos elaborados o llevados desde casa, entre los que se encuentren las frutas, y racionalizar los productos de boller\u00eda y bebidas azucaradas, que pueden resultar perjudiciales para los ni\u00f1os. Por \u00faltimo, es aconsejable que los padres hablen con sus hijos acerca de las actividades extraescolares a las que les gustar\u00eda asistir, para tener en cuenta su opini\u00f3n y que \u00e9stas supongan una posibilidad m\u00e1s para aprender disfrutando.<\/p>\n","protected":false},"excerpt":{"rendered":"<p>Con la inminente llegada del nuevo curso escolar, la Asociaci\u00f3n de Consumidores en Acci\u00f3n de FACUA da una serie de consejos a los padres de cara al desembolso econ\u00f3mico que supone el inicio de las clases. En el mes de septiembre las familias deben hacer un esfuerzo econ\u00f3mico para la compra de libros de texto, &hellip;<\/p>\n","protected":false},"author":1,"featured_media":7765,"comment_status":"closed","ping_status":"open","sticky":false,"template":"","format":"standard","meta":{"ngg_post_thumbnail":0,"footnotes":""},"categories":[110],"tags":[],"class_list":["post-7764","post","type-post","status-publish","format-standard","has-post-thumbnail","hentry","category-omic-noticias"],"yoast_head":"<!-- This site is optimized with the Yoast SEO plugin v27.5 - https:\/\/yoast.com\/product\/yoast-seo-wordpress\/ -->\n<title>RECOMENDACIONES A LOS PADRES ANTE \u201cLA VUELTA AL COLE\u201d - MI Ayuntamiento de Caudete<\/title>\n<meta name=\"description\" content=\"P\u00e1gina Oficial del Ayuntamiento de Caudete (Albacete)\" \/>\n<meta name=\"robots\" content=\"index, follow, max-snippet:-1, max-image-preview:large, max-video-preview:-1\" \/>\n<link rel=\"canonical\" href=\"https:\/\/www.caudete.org\/ayuntamiento\/recomendaciones-a-los-padres-ante-la-vuelta-al-cole\/\" \/>\n<meta property=\"og:locale\" content=\"es_ES\" \/>\n<meta property=\"og:type\" content=\"article\" \/>\n<meta property=\"og:title\" content=\"RECOMENDACIONES A LOS PADRES ANTE \u201cLA VUELTA AL COLE\u201d - MI Ayuntamiento de Caudete\" \/>\n<meta property=\"og:description\" content=\"P\u00e1gina Oficial del Ayuntamiento de Caudete (Albacete)\" \/>\n<meta property=\"og:url\" content=\"https:\/\/www.caudete.org\/ayuntamiento\/recomendaciones-a-los-padres-ante-la-vuelta-al-cole\/\" \/>\n<meta property=\"og:site_name\" content=\"MI Ayuntamiento de Caudete\" \/>\n<meta property=\"article:publisher\" content=\"https:\/\/www.facebook.com\/ayuntamientocaudete\/\" \/>\n<meta property=\"article:published_time\" content=\"2020-12-06T18:10:21+00:00\" \/>\n<meta property=\"article:modified_time\" content=\"2020-12-13T18:51:08+00:00\" \/>\n<meta property=\"og:image\" content=\"https:\/\/www.caudete.org\/ayuntamiento\/wp-content\/uploads\/2020\/12\/omic-wacole.jpg\" \/>\n\t<meta property=\"og:image:width\" content=\"500\" \/>\n\t<meta property=\"og:image:height\" content=\"336\" \/>\n\t<meta property=\"og:image:type\" content=\"image\/jpeg\" \/>\n<meta name=\"author\" content=\"ayun\" \/>\n<meta name=\"twitter:card\" content=\"summary_large_image\" \/>\n<meta name=\"twitter:label1\" content=\"Escrito por\" \/>\n\t<meta name=\"twitter:data1\" content=\"ayun\" \/>\n\t<meta name=\"twitter:label2\" content=\"Tiempo de lectura\" \/>\n\t<meta name=\"twitter:data2\" content=\"2 minutos\" \/>\n<script type=\"application\/ld+json\" class=\"yoast-schema-graph\">{\"@context\":\"https:\\\/\\\/schema.org\",\"@graph\":[{\"@type\":\"Article\",\"@id\":\"https:\\\/\\\/www.caudete.org\\\/ayuntamiento\\\/recomendaciones-a-los-padres-ante-la-vuelta-al-cole\\\/#article\",\"isPartOf\":{\"@id\":\"https:\\\/\\\/www.caudete.org\\\/ayuntamiento\\\/recomendaciones-a-los-padres-ante-la-vuelta-al-cole\\\/\"},\"author\":{\"name\":\"ayun\",\"@id\":\"https:\\\/\\\/www.caudete.org\\\/ayuntamiento\\\/#\\\/schema\\\/person\\\/79f7e19fdd176fc2bc7a289013dc2056\"},\"headline\":\"RECOMENDACIONES A LOS PADRES ANTE \u201cLA VUELTA AL COLE\u201d\",\"datePublished\":\"2020-12-06T18:10:21+00:00\",\"dateModified\":\"2020-12-13T18:51:08+00:00\",\"mainEntityOfPage\":{\"@id\":\"https:\\\/\\\/www.caudete.org\\\/ayuntamiento\\\/recomendaciones-a-los-padres-ante-la-vuelta-al-cole\\\/\"},\"wordCount\":424,\"image\":{\"@id\":\"https:\\\/\\\/www.caudete.org\\\/ayuntamiento\\\/recomendaciones-a-los-padres-ante-la-vuelta-al-cole\\\/#primaryimage\"},\"thumbnailUrl\":\"https:\\\/\\\/www.caudete.org\\\/ayuntamiento\\\/wp-content\\\/uploads\\\/2020\\\/12\\\/omic-wacole.jpg\",\"articleSection\":[\"omic-noticias\"],\"inLanguage\":\"es\"},{\"@type\":\"WebPage\",\"@id\":\"https:\\\/\\\/www.caudete.org\\\/ayuntamiento\\\/recomendaciones-a-los-padres-ante-la-vuelta-al-cole\\\/\",\"url\":\"https:\\\/\\\/www.caudete.org\\\/ayuntamiento\\\/recomendaciones-a-los-padres-ante-la-vuelta-al-cole\\\/\",\"name\":\"RECOMENDACIONES A LOS PADRES ANTE \u201cLA VUELTA AL COLE\u201d - MI Ayuntamiento de Caudete\",\"isPartOf\":{\"@id\":\"https:\\\/\\\/www.caudete.org\\\/ayuntamiento\\\/#website\"},\"primaryImageOfPage\":{\"@id\":\"https:\\\/\\\/www.caudete.org\\\/ayuntamiento\\\/recomendaciones-a-los-padres-ante-la-vuelta-al-cole\\\/#primaryimage\"},\"image\":{\"@id\":\"https:\\\/\\\/www.caudete.org\\\/ayuntamiento\\\/recomendaciones-a-los-padres-ante-la-vuelta-al-cole\\\/#primaryimage\"},\"thumbnailUrl\":\"https:\\\/\\\/www.caudete.org\\\/ayuntamiento\\\/wp-content\\\/uploads\\\/2020\\\/12\\\/omic-wacole.jpg\",\"datePublished\":\"2020-12-06T18:10:21+00:00\",\"dateModified\":\"2020-12-13T18:51:08+00:00\",\"author\":{\"@id\":\"https:\\\/\\\/www.caudete.org\\\/ayuntamiento\\\/#\\\/schema\\\/person\\\/79f7e19fdd176fc2bc7a289013dc2056\"},\"description\":\"P\u00e1gina Oficial del Ayuntamiento de Caudete (Albacete)\",\"breadcrumb\":{\"@id\":\"https:\\\/\\\/www.caudete.org\\\/ayuntamiento\\\/recomendaciones-a-los-padres-ante-la-vuelta-al-cole\\\/#breadcrumb\"},\"inLanguage\":\"es\",\"potentialAction\":[{\"@type\":\"ReadAction\",\"target\":[\"https:\\\/\\\/www.caudete.org\\\/ayuntamiento\\\/recomendaciones-a-los-padres-ante-la-vuelta-al-cole\\\/\"]}]},{\"@type\":\"ImageObject\",\"inLanguage\":\"es\",\"@id\":\"https:\\\/\\\/www.caudete.org\\\/ayuntamiento\\\/recomendaciones-a-los-padres-ante-la-vuelta-al-cole\\\/#primaryimage\",\"url\":\"https:\\\/\\\/www.caudete.org\\\/ayuntamiento\\\/wp-content\\\/uploads\\\/2020\\\/12\\\/omic-wacole.jpg\",\"contentUrl\":\"https:\\\/\\\/www.caudete.org\\\/ayuntamiento\\\/wp-content\\\/uploads\\\/2020\\\/12\\\/omic-wacole.jpg\",\"width\":500,\"height\":336},{\"@type\":\"BreadcrumbList\",\"@id\":\"https:\\\/\\\/www.caudete.org\\\/ayuntamiento\\\/recomendaciones-a-los-padres-ante-la-vuelta-al-cole\\\/#breadcrumb\",\"itemListElement\":[{\"@type\":\"ListItem\",\"position\":1,\"name\":\"Inicio\",\"item\":\"https:\\\/\\\/www.caudete.org\\\/ayuntamiento\\\/\"},{\"@type\":\"ListItem\",\"position\":2,\"name\":\"RECOMENDACIONES A LOS PADRES ANTE \u201cLA VUELTA AL COLE\u201d\"}]},{\"@type\":\"WebSite\",\"@id\":\"https:\\\/\\\/www.caudete.org\\\/ayuntamiento\\\/#website\",\"url\":\"https:\\\/\\\/www.caudete.org\\\/ayuntamiento\\\/\",\"name\":\"MI Ayuntamiento de Caudete\",\"description\":\"P\u00e1gina Oficial del MI Ayuntamiento de Caudete\",\"potentialAction\":[{\"@type\":\"SearchAction\",\"target\":{\"@type\":\"EntryPoint\",\"urlTemplate\":\"https:\\\/\\\/www.caudete.org\\\/ayuntamiento\\\/?s={search_term_string}\"},\"query-input\":{\"@type\":\"PropertyValueSpecification\",\"valueRequired\":true,\"valueName\":\"search_term_string\"}}],\"inLanguage\":\"es\"},{\"@type\":\"Person\",\"@id\":\"https:\\\/\\\/www.caudete.org\\\/ayuntamiento\\\/#\\\/schema\\\/person\\\/79f7e19fdd176fc2bc7a289013dc2056\",\"name\":\"ayun\",\"image\":{\"@type\":\"ImageObject\",\"inLanguage\":\"es\",\"@id\":\"https:\\\/\\\/secure.gravatar.com\\\/avatar\\\/4ce797ee07c943e7e592f8cd648e503e6cd571387558ed07135799c2bd2847df?s=96&d=mm&r=g\",\"url\":\"https:\\\/\\\/secure.gravatar.com\\\/avatar\\\/4ce797ee07c943e7e592f8cd648e503e6cd571387558ed07135799c2bd2847df?s=96&d=mm&r=g\",\"contentUrl\":\"https:\\\/\\\/secure.gravatar.com\\\/avatar\\\/4ce797ee07c943e7e592f8cd648e503e6cd571387558ed07135799c2bd2847df?s=96&d=mm&r=g\",\"caption\":\"ayun\"},\"sameAs\":[\"http:\\\/\\\/www.caudete.org\\\/ayuntamiento\"],\"url\":\"https:\\\/\\\/www.caudete.org\\\/ayuntamiento\\\/author\\\/ayun\\\/\"}]}<\/script>\n<!-- \/ Yoast SEO plugin. -->","yoast_head_json":{"title":"RECOMENDACIONES A LOS PADRES ANTE \u201cLA VUELTA AL COLE\u201d - MI Ayuntamiento de Caudete","description":"P\u00e1gina Oficial del Ayuntamiento de Caudete (Albacete)","robots":{"index":"index","follow":"follow","max-snippet":"max-snippet:-1","max-image-preview":"max-image-preview:large","max-video-preview":"max-video-preview:-1"},"canonical":"https:\/\/www.caudete.org\/ayuntamiento\/recomendaciones-a-los-padres-ante-la-vuelta-al-cole\/","og_locale":"es_ES","og_type":"article","og_title":"RECOMENDACIONES A LOS PADRES ANTE \u201cLA VUELTA AL COLE\u201d - MI Ayuntamiento de Caudete","og_description":"P\u00e1gina Oficial del Ayuntamiento de Caudete (Albacete)","og_url":"https:\/\/www.caudete.org\/ayuntamiento\/recomendaciones-a-los-padres-ante-la-vuelta-al-cole\/","og_site_name":"MI Ayuntamiento de Caudete","article_publisher":"https:\/\/www.facebook.com\/ayuntamientocaudete\/","article_published_time":"2020-12-06T18:10:21+00:00","article_modified_time":"2020-12-13T18:51:08+00:00","og_image":[{"width":500,"height":336,"url":"https:\/\/www.caudete.org\/ayuntamiento\/wp-content\/uploads\/2020\/12\/omic-wacole.jpg","type":"image\/jpeg"}],"author":"ayun","twitter_card":"summary_large_image","twitter_misc":{"Escrito por":"ayun","Tiempo de lectura":"2 minutos"},"schema":{"@context":"https:\/\/schema.org","@graph":[{"@type":"Article","@id":"https:\/\/www.caudete.org\/ayuntamiento\/recomendaciones-a-los-padres-ante-la-vuelta-al-cole\/#article","isPartOf":{"@id":"https:\/\/www.caudete.org\/ayuntamiento\/recomendaciones-a-los-padres-ante-la-vuelta-al-cole\/"},"author":{"name":"ayun","@id":"https:\/\/www.caudete.org\/ayuntamiento\/#\/schema\/person\/79f7e19fdd176fc2bc7a289013dc2056"},"headline":"RECOMENDACIONES A LOS PADRES ANTE \u201cLA VUELTA AL COLE\u201d","datePublished":"2020-12-06T18:10:21+00:00","dateModified":"2020-12-13T18:51:08+00:00","mainEntityOfPage":{"@id":"https:\/\/www.caudete.org\/ayuntamiento\/recomendaciones-a-los-padres-ante-la-vuelta-al-cole\/"},"wordCount":424,"image":{"@id":"https:\/\/www.caudete.org\/ayuntamiento\/recomendaciones-a-los-padres-ante-la-vuelta-al-cole\/#primaryimage"},"thumbnailUrl":"https:\/\/www.caudete.org\/ayuntamiento\/wp-content\/uploads\/2020\/12\/omic-wacole.jpg","articleSection":["omic-noticias"],"inLanguage":"es"},{"@type":"WebPage","@id":"https:\/\/www.caudete.org\/ayuntamiento\/recomendaciones-a-los-padres-ante-la-vuelta-al-cole\/","url":"https:\/\/www.caudete.org\/ayuntamiento\/recomendaciones-a-los-padres-ante-la-vuelta-al-cole\/","name":"RECOMENDACIONES A LOS PADRES ANTE \u201cLA VUELTA AL COLE\u201d - MI Ayuntamiento de Caudete","isPartOf":{"@id":"https:\/\/www.caudete.org\/ayuntamiento\/#website"},"primaryImageOfPage":{"@id":"https:\/\/www.caudete.org\/ayuntamiento\/recomendaciones-a-los-padres-ante-la-vuelta-al-cole\/#primaryimage"},"image":{"@id":"https:\/\/www.caudete.org\/ayuntamiento\/recomendaciones-a-los-padres-ante-la-vuelta-al-cole\/#primaryimage"},"thumbnailUrl":"https:\/\/www.caudete.org\/ayuntamiento\/wp-content\/uploads\/2020\/12\/omic-wacole.jpg","datePublished":"2020-12-06T18:10:21+00:00","dateModified":"2020-12-13T18:51:08+00:00","author":{"@id":"https:\/\/www.caudete.org\/ayuntamiento\/#\/schema\/person\/79f7e19fdd176fc2bc7a289013dc2056"},"description":"P\u00e1gina Oficial del Ayuntamiento de Caudete (Albacete)","breadcrumb":{"@id":"https:\/\/www.caudete.org\/ayuntamiento\/recomendaciones-a-los-padres-ante-la-vuelta-al-cole\/#breadcrumb"},"inLanguage":"es","potentialAction":[{"@type":"ReadAction","target":["https:\/\/www.caudete.org\/ayuntamiento\/recomendaciones-a-los-padres-ante-la-vuelta-al-cole\/"]}]},{"@type":"ImageObject","inLanguage":"es","@id":"https:\/\/www.caudete.org\/ayuntamiento\/recomendaciones-a-los-padres-ante-la-vuelta-al-cole\/#primaryimage","url":"https:\/\/www.caudete.org\/ayuntamiento\/wp-content\/uploads\/2020\/12\/omic-wacole.jpg","contentUrl":"https:\/\/www.caudete.org\/ayuntamiento\/wp-content\/uploads\/2020\/12\/omic-wacole.jpg","width":500,"height":336},{"@type":"BreadcrumbList","@id":"https:\/\/www.caudete.org\/ayuntamiento\/recomendaciones-a-los-padres-ante-la-vuelta-al-cole\/#breadcrumb","itemListElement":[{"@type":"ListItem","position":1,"name":"Inicio","item":"https:\/\/www.caudete.org\/ayuntamiento\/"},{"@type":"ListItem","position":2,"name":"RECOMENDACIONES A LOS PADRES ANTE \u201cLA VUELTA AL COLE\u201d"}]},{"@type":"WebSite","@id":"https:\/\/www.caudete.org\/ayuntamiento\/#website","url":"https:\/\/www.caudete.org\/ayuntamiento\/","name":"MI Ayuntamiento de Caudete","description":"P\u00e1gina Oficial del MI Ayuntamiento de Caudete","potentialAction":[{"@type":"SearchAction","target":{"@type":"EntryPoint","urlTemplate":"https:\/\/www.caudete.org\/ayuntamiento\/?s={search_term_string}"},"query-input":{"@type":"PropertyValueSpecification","valueRequired":true,"valueName":"search_term_string"}}],"inLanguage":"es"},{"@type":"Person","@id":"https:\/\/www.caudete.org\/ayuntamiento\/#\/schema\/person\/79f7e19fdd176fc2bc7a289013dc2056","name":"ayun","image":{"@type":"ImageObject","inLanguage":"es","@id":"https:\/\/secure.gravatar.com\/avatar\/4ce797ee07c943e7e592f8cd648e503e6cd571387558ed07135799c2bd2847df?s=96&d=mm&r=g","url":"https:\/\/secure.gravatar.com\/avatar\/4ce797ee07c943e7e592f8cd648e503e6cd571387558ed07135799c2bd2847df?s=96&d=mm&r=g","contentUrl":"https:\/\/secure.gravatar.com\/avatar\/4ce797ee07c943e7e592f8cd648e503e6cd571387558ed07135799c2bd2847df?s=96&d=mm&r=g","caption":"ayun"},"sameAs":["http:\/\/www.caudete.org\/ayuntamiento"],"url":"https:\/\/www.caudete.org\/ayuntamiento\/author\/ayun\/"}]}},"_links":{"self":[{"href":"https:\/\/www.caudete.org\/ayuntamiento\/wp-json\/wp\/v2\/posts\/7764","targetHints":{"allow":["GET"]}}],"collection":[{"href":"https:\/\/www.caudete.org\/ayuntamiento\/wp-json\/wp\/v2\/posts"}],"about":[{"href":"https:\/\/www.caudete.org\/ayuntamiento\/wp-json\/wp\/v2\/types\/post"}],"author":[{"embeddable":true,"href":"https:\/\/www.caudete.org\/ayuntamiento\/wp-json\/wp\/v2\/users\/1"}],"replies":[{"embeddable":true,"href":"https:\/\/www.caudete.org\/ayuntamiento\/wp-json\/wp\/v2\/comments?post=7764"}],"version-history":[{"count":3,"href":"https:\/\/www.caudete.org\/ayuntamiento\/wp-json\/wp\/v2\/posts\/7764\/revisions"}],"predecessor-version":[{"id":9230,"href":"https:\/\/www.caudete.org\/ayuntamiento\/wp-json\/wp\/v2\/posts\/7764\/revisions\/9230"}],"wp:featuredmedia":[{"embeddable":true,"href":"https:\/\/www.caudete.org\/ayuntamiento\/wp-json\/wp\/v2\/media\/7765"}],"wp:attachment":[{"href":"https:\/\/www.caudete.org\/ayuntamiento\/wp-json\/wp\/v2\/media?parent=7764"}],"wp:term":[{"taxonomy":"category","embeddable":true,"href":"https:\/\/www.caudete.org\/ayuntamiento\/wp-json\/wp\/v2\/categories?post=7764"},{"taxonomy":"post_tag","embeddable":true,"href":"https:\/\/www.caudete.org\/ayuntamiento\/wp-json\/wp\/v2\/tags?post=7764"}],"curies":[{"name":"wp","href":"https:\/\/api.w.org\/{rel}","templated":true}]}}