{"id":7772,"date":"2020-12-06T19:14:39","date_gmt":"2020-12-06T18:14:39","guid":{"rendered":"http:\/\/www.caudete.org\/ayuntamiento\/?p=7772"},"modified":"2020-12-13T19:46:38","modified_gmt":"2020-12-13T18:46:38","slug":"problemas-en-la-senal-de-tdt","status":"publish","type":"post","link":"https:\/\/www.caudete.org\/ayuntamiento\/problemas-en-la-senal-de-tdt\/","title":{"rendered":"PROBLEMAS EN LA SE\u00d1AL DE TDT"},"content":{"rendered":"<p style=\"text-align: justify;\">La mala recepci\u00f3n de la se\u00f1al de televisi\u00f3n digital terrestre puede deberse a causas dom\u00e9sticas, geogr\u00e1ficas o ambientales<\/p>\n<p style=\"text-align: justify;\">Desde el cambio a la TDT numerosos televidentes se quejan de que un dia s\u00f3lo se ven en su televisor determinados canales y, al siguiente, s\u00f3lo se ven otros, pero casi nunca todos y, en ocasiones, ninguno. Tambi\u00e9n en las zonas de costa en verano la calidad de la se\u00f1al de TDT es bastante menor que en invierno o, cuando llueve, \u00e9sta mejora. Son las alteraciones t\u00edpicas de la televisi\u00f3n digital terrestre, que pueden deberse a muchos factores. No obstante, aunque algunos no se pueden controlar con facilidad, otros se solventan si se toman una serie de medidas y se contacta con los profesionales adecuados.<\/p>\n<p><b><u>Problemas de \u00e1mbito dom\u00e9stico<\/u><\/b><\/p>\n<p>Salvo excepcionales aver\u00edas en los sat\u00e9lites, los problemas de captaci\u00f3n de la se\u00f1al pueden tener su origen en el tramo que va del repetidor a la antena colectiva, o bien en el que transcurre desde \u00e9sta al televisor, es decir, el tramo dom\u00e9stico. Por lo tanto, cuando capte problemas, lo primero que deber\u00e1 hacer el usuario es asegurarse de si estos tienen su origen en la propia vivienda o no. Para ello, debe reiniciar el descodificador, cuando lo tenga, comprobar las tomas de antena para confirmar que el cable est\u00e1 bien conectado tanto al televisor como a la toma y asegurarse de que en la caja de la toma principal -que conecta con los cables bajantes de la antena- todo est\u00e1 colocado de manera correcta.<\/p>\n<p><b><u>Fading y lluvia<\/u><\/b><\/p>\n<p><b>El &#8220;fading&#8221; es una p\u00e9rdida de recepci\u00f3n de la se\u00f1al que ocurre durante el verano en las zonas de costa <\/b><\/p>\n<p>Las circunstancias meteorol\u00f3gicas pueden favorecer o perturbar la recepci\u00f3n de la se\u00f1al de TDT. Hay diversos fen\u00f3menos curiosos en los que intervienen el clima y la situaci\u00f3n geogr\u00e1fica. El &#8220;fading&#8221; es una p\u00e9rdida de recepci\u00f3n de la se\u00f1al, o una disminuci\u00f3n notoria, que ocurre durante el verano en las zonas de costa. Se registra en situaciones de extremo calor y elevada humedad porque el vapor que se genera forma una pantalla atmosf\u00e9rica que rebota la se\u00f1al televisiva.<\/p>\n<p>Cuando se dan estas situaciones, es habitual que se reorienten los repetidores de modo que se sit\u00faen de espaldas al mar. La consecuencia es que los usuarios deben resintonizar los canales. En cambio, la lluvia, que en otros casos perturba la recepci\u00f3n, aumenta la calidad de la se\u00f1al respecto a cuando no llueve. Este fen\u00f3meno se debe a la forma esferoidal de las gotas, que act\u00faa como amplificador de la se\u00f1al al causar un efecto de rebote de la emisi\u00f3n. Por el contrario, las lluvias fuertes pueden crear problemas en la recepci\u00f3n por temas de fluctuaciones el\u00e9ctricas que afectar\u00edan al funcionamiento de los aparatos.<\/p>\n","protected":false},"excerpt":{"rendered":"<p>La mala recepci\u00f3n de la se\u00f1al de televisi\u00f3n digital terrestre puede deberse a causas dom\u00e9sticas, geogr\u00e1ficas o ambientales Desde el cambio a la TDT numerosos televidentes se quejan de que un dia s\u00f3lo se ven en su televisor determinados canales y, al siguiente, s\u00f3lo se ven otros, pero casi nunca todos y, en ocasiones, ninguno. &hellip;<\/p>\n","protected":false},"author":1,"featured_media":7773,"comment_status":"closed","ping_status":"open","sticky":false,"template":"","format":"standard","meta":{"ngg_post_thumbnail":0,"footnotes":""},"categories":[110],"tags":[],"class_list":["post-7772","post","type-post","status-publish","format-standard","has-post-thumbnail","hentry","category-omic-noticias"],"yoast_head":"<!-- This site is optimized with the Yoast SEO plugin v27.5 - https:\/\/yoast.com\/product\/yoast-seo-wordpress\/ -->\n<title>PROBLEMAS EN LA SE\u00d1AL DE TDT - MI Ayuntamiento de Caudete<\/title>\n<meta name=\"description\" content=\"P\u00e1gina Oficial del Ayuntamiento de Caudete (Albacete)\" \/>\n<meta name=\"robots\" content=\"index, follow, max-snippet:-1, max-image-preview:large, max-video-preview:-1\" \/>\n<link rel=\"canonical\" href=\"https:\/\/www.caudete.org\/ayuntamiento\/problemas-en-la-senal-de-tdt\/\" \/>\n<meta property=\"og:locale\" content=\"es_ES\" \/>\n<meta property=\"og:type\" content=\"article\" \/>\n<meta property=\"og:title\" content=\"PROBLEMAS EN LA SE\u00d1AL DE TDT - MI Ayuntamiento de Caudete\" \/>\n<meta property=\"og:description\" content=\"P\u00e1gina Oficial del Ayuntamiento de Caudete (Albacete)\" \/>\n<meta property=\"og:url\" content=\"https:\/\/www.caudete.org\/ayuntamiento\/problemas-en-la-senal-de-tdt\/\" \/>\n<meta property=\"og:site_name\" content=\"MI Ayuntamiento de Caudete\" \/>\n<meta property=\"article:publisher\" content=\"https:\/\/www.facebook.com\/ayuntamientocaudete\/\" \/>\n<meta property=\"article:published_time\" content=\"2020-12-06T18:14:39+00:00\" \/>\n<meta property=\"article:modified_time\" content=\"2020-12-13T18:46:38+00:00\" \/>\n<meta property=\"og:image\" content=\"https:\/\/www.caudete.org\/ayuntamiento\/wp-content\/uploads\/2020\/12\/omic-tdt.jpg\" \/>\n\t<meta property=\"og:image:width\" content=\"443\" \/>\n\t<meta property=\"og:image:height\" content=\"435\" \/>\n\t<meta property=\"og:image:type\" content=\"image\/jpeg\" \/>\n<meta name=\"author\" content=\"ayun\" \/>\n<meta name=\"twitter:card\" content=\"summary_large_image\" \/>\n<meta name=\"twitter:label1\" content=\"Escrito por\" \/>\n\t<meta name=\"twitter:data1\" content=\"ayun\" \/>\n\t<meta name=\"twitter:label2\" content=\"Tiempo de lectura\" \/>\n\t<meta name=\"twitter:data2\" content=\"2 minutos\" \/>\n<script type=\"application\/ld+json\" class=\"yoast-schema-graph\">{\"@context\":\"https:\\\/\\\/schema.org\",\"@graph\":[{\"@type\":\"Article\",\"@id\":\"https:\\\/\\\/www.caudete.org\\\/ayuntamiento\\\/problemas-en-la-senal-de-tdt\\\/#article\",\"isPartOf\":{\"@id\":\"https:\\\/\\\/www.caudete.org\\\/ayuntamiento\\\/problemas-en-la-senal-de-tdt\\\/\"},\"author\":{\"name\":\"ayun\",\"@id\":\"https:\\\/\\\/www.caudete.org\\\/ayuntamiento\\\/#\\\/schema\\\/person\\\/79f7e19fdd176fc2bc7a289013dc2056\"},\"headline\":\"PROBLEMAS EN LA SE\u00d1AL DE TDT\",\"datePublished\":\"2020-12-06T18:14:39+00:00\",\"dateModified\":\"2020-12-13T18:46:38+00:00\",\"mainEntityOfPage\":{\"@id\":\"https:\\\/\\\/www.caudete.org\\\/ayuntamiento\\\/problemas-en-la-senal-de-tdt\\\/\"},\"wordCount\":505,\"image\":{\"@id\":\"https:\\\/\\\/www.caudete.org\\\/ayuntamiento\\\/problemas-en-la-senal-de-tdt\\\/#primaryimage\"},\"thumbnailUrl\":\"https:\\\/\\\/www.caudete.org\\\/ayuntamiento\\\/wp-content\\\/uploads\\\/2020\\\/12\\\/omic-tdt.jpg\",\"articleSection\":[\"omic-noticias\"],\"inLanguage\":\"es\"},{\"@type\":\"WebPage\",\"@id\":\"https:\\\/\\\/www.caudete.org\\\/ayuntamiento\\\/problemas-en-la-senal-de-tdt\\\/\",\"url\":\"https:\\\/\\\/www.caudete.org\\\/ayuntamiento\\\/problemas-en-la-senal-de-tdt\\\/\",\"name\":\"PROBLEMAS EN LA SE\u00d1AL DE TDT - MI Ayuntamiento de Caudete\",\"isPartOf\":{\"@id\":\"https:\\\/\\\/www.caudete.org\\\/ayuntamiento\\\/#website\"},\"primaryImageOfPage\":{\"@id\":\"https:\\\/\\\/www.caudete.org\\\/ayuntamiento\\\/problemas-en-la-senal-de-tdt\\\/#primaryimage\"},\"image\":{\"@id\":\"https:\\\/\\\/www.caudete.org\\\/ayuntamiento\\\/problemas-en-la-senal-de-tdt\\\/#primaryimage\"},\"thumbnailUrl\":\"https:\\\/\\\/www.caudete.org\\\/ayuntamiento\\\/wp-content\\\/uploads\\\/2020\\\/12\\\/omic-tdt.jpg\",\"datePublished\":\"2020-12-06T18:14:39+00:00\",\"dateModified\":\"2020-12-13T18:46:38+00:00\",\"author\":{\"@id\":\"https:\\\/\\\/www.caudete.org\\\/ayuntamiento\\\/#\\\/schema\\\/person\\\/79f7e19fdd176fc2bc7a289013dc2056\"},\"description\":\"P\u00e1gina Oficial del Ayuntamiento de Caudete (Albacete)\",\"breadcrumb\":{\"@id\":\"https:\\\/\\\/www.caudete.org\\\/ayuntamiento\\\/problemas-en-la-senal-de-tdt\\\/#breadcrumb\"},\"inLanguage\":\"es\",\"potentialAction\":[{\"@type\":\"ReadAction\",\"target\":[\"https:\\\/\\\/www.caudete.org\\\/ayuntamiento\\\/problemas-en-la-senal-de-tdt\\\/\"]}]},{\"@type\":\"ImageObject\",\"inLanguage\":\"es\",\"@id\":\"https:\\\/\\\/www.caudete.org\\\/ayuntamiento\\\/problemas-en-la-senal-de-tdt\\\/#primaryimage\",\"url\":\"https:\\\/\\\/www.caudete.org\\\/ayuntamiento\\\/wp-content\\\/uploads\\\/2020\\\/12\\\/omic-tdt.jpg\",\"contentUrl\":\"https:\\\/\\\/www.caudete.org\\\/ayuntamiento\\\/wp-content\\\/uploads\\\/2020\\\/12\\\/omic-tdt.jpg\",\"width\":443,\"height\":435},{\"@type\":\"BreadcrumbList\",\"@id\":\"https:\\\/\\\/www.caudete.org\\\/ayuntamiento\\\/problemas-en-la-senal-de-tdt\\\/#breadcrumb\",\"itemListElement\":[{\"@type\":\"ListItem\",\"position\":1,\"name\":\"Inicio\",\"item\":\"https:\\\/\\\/www.caudete.org\\\/ayuntamiento\\\/\"},{\"@type\":\"ListItem\",\"position\":2,\"name\":\"PROBLEMAS EN LA SE\u00d1AL DE TDT\"}]},{\"@type\":\"WebSite\",\"@id\":\"https:\\\/\\\/www.caudete.org\\\/ayuntamiento\\\/#website\",\"url\":\"https:\\\/\\\/www.caudete.org\\\/ayuntamiento\\\/\",\"name\":\"MI Ayuntamiento de Caudete\",\"description\":\"P\u00e1gina Oficial del MI Ayuntamiento de Caudete\",\"potentialAction\":[{\"@type\":\"SearchAction\",\"target\":{\"@type\":\"EntryPoint\",\"urlTemplate\":\"https:\\\/\\\/www.caudete.org\\\/ayuntamiento\\\/?s={search_term_string}\"},\"query-input\":{\"@type\":\"PropertyValueSpecification\",\"valueRequired\":true,\"valueName\":\"search_term_string\"}}],\"inLanguage\":\"es\"},{\"@type\":\"Person\",\"@id\":\"https:\\\/\\\/www.caudete.org\\\/ayuntamiento\\\/#\\\/schema\\\/person\\\/79f7e19fdd176fc2bc7a289013dc2056\",\"name\":\"ayun\",\"image\":{\"@type\":\"ImageObject\",\"inLanguage\":\"es\",\"@id\":\"https:\\\/\\\/secure.gravatar.com\\\/avatar\\\/4ce797ee07c943e7e592f8cd648e503e6cd571387558ed07135799c2bd2847df?s=96&d=mm&r=g\",\"url\":\"https:\\\/\\\/secure.gravatar.com\\\/avatar\\\/4ce797ee07c943e7e592f8cd648e503e6cd571387558ed07135799c2bd2847df?s=96&d=mm&r=g\",\"contentUrl\":\"https:\\\/\\\/secure.gravatar.com\\\/avatar\\\/4ce797ee07c943e7e592f8cd648e503e6cd571387558ed07135799c2bd2847df?s=96&d=mm&r=g\",\"caption\":\"ayun\"},\"sameAs\":[\"http:\\\/\\\/www.caudete.org\\\/ayuntamiento\"],\"url\":\"https:\\\/\\\/www.caudete.org\\\/ayuntamiento\\\/author\\\/ayun\\\/\"}]}<\/script>\n<!-- \/ Yoast SEO plugin. -->","yoast_head_json":{"title":"PROBLEMAS EN LA SE\u00d1AL DE TDT - MI Ayuntamiento de Caudete","description":"P\u00e1gina Oficial del Ayuntamiento de Caudete (Albacete)","robots":{"index":"index","follow":"follow","max-snippet":"max-snippet:-1","max-image-preview":"max-image-preview:large","max-video-preview":"max-video-preview:-1"},"canonical":"https:\/\/www.caudete.org\/ayuntamiento\/problemas-en-la-senal-de-tdt\/","og_locale":"es_ES","og_type":"article","og_title":"PROBLEMAS EN LA SE\u00d1AL DE TDT - MI Ayuntamiento de Caudete","og_description":"P\u00e1gina Oficial del Ayuntamiento de Caudete (Albacete)","og_url":"https:\/\/www.caudete.org\/ayuntamiento\/problemas-en-la-senal-de-tdt\/","og_site_name":"MI Ayuntamiento de Caudete","article_publisher":"https:\/\/www.facebook.com\/ayuntamientocaudete\/","article_published_time":"2020-12-06T18:14:39+00:00","article_modified_time":"2020-12-13T18:46:38+00:00","og_image":[{"width":443,"height":435,"url":"https:\/\/www.caudete.org\/ayuntamiento\/wp-content\/uploads\/2020\/12\/omic-tdt.jpg","type":"image\/jpeg"}],"author":"ayun","twitter_card":"summary_large_image","twitter_misc":{"Escrito por":"ayun","Tiempo de lectura":"2 minutos"},"schema":{"@context":"https:\/\/schema.org","@graph":[{"@type":"Article","@id":"https:\/\/www.caudete.org\/ayuntamiento\/problemas-en-la-senal-de-tdt\/#article","isPartOf":{"@id":"https:\/\/www.caudete.org\/ayuntamiento\/problemas-en-la-senal-de-tdt\/"},"author":{"name":"ayun","@id":"https:\/\/www.caudete.org\/ayuntamiento\/#\/schema\/person\/79f7e19fdd176fc2bc7a289013dc2056"},"headline":"PROBLEMAS EN LA SE\u00d1AL DE TDT","datePublished":"2020-12-06T18:14:39+00:00","dateModified":"2020-12-13T18:46:38+00:00","mainEntityOfPage":{"@id":"https:\/\/www.caudete.org\/ayuntamiento\/problemas-en-la-senal-de-tdt\/"},"wordCount":505,"image":{"@id":"https:\/\/www.caudete.org\/ayuntamiento\/problemas-en-la-senal-de-tdt\/#primaryimage"},"thumbnailUrl":"https:\/\/www.caudete.org\/ayuntamiento\/wp-content\/uploads\/2020\/12\/omic-tdt.jpg","articleSection":["omic-noticias"],"inLanguage":"es"},{"@type":"WebPage","@id":"https:\/\/www.caudete.org\/ayuntamiento\/problemas-en-la-senal-de-tdt\/","url":"https:\/\/www.caudete.org\/ayuntamiento\/problemas-en-la-senal-de-tdt\/","name":"PROBLEMAS EN LA SE\u00d1AL DE TDT - MI Ayuntamiento de Caudete","isPartOf":{"@id":"https:\/\/www.caudete.org\/ayuntamiento\/#website"},"primaryImageOfPage":{"@id":"https:\/\/www.caudete.org\/ayuntamiento\/problemas-en-la-senal-de-tdt\/#primaryimage"},"image":{"@id":"https:\/\/www.caudete.org\/ayuntamiento\/problemas-en-la-senal-de-tdt\/#primaryimage"},"thumbnailUrl":"https:\/\/www.caudete.org\/ayuntamiento\/wp-content\/uploads\/2020\/12\/omic-tdt.jpg","datePublished":"2020-12-06T18:14:39+00:00","dateModified":"2020-12-13T18:46:38+00:00","author":{"@id":"https:\/\/www.caudete.org\/ayuntamiento\/#\/schema\/person\/79f7e19fdd176fc2bc7a289013dc2056"},"description":"P\u00e1gina Oficial del Ayuntamiento de Caudete (Albacete)","breadcrumb":{"@id":"https:\/\/www.caudete.org\/ayuntamiento\/problemas-en-la-senal-de-tdt\/#breadcrumb"},"inLanguage":"es","potentialAction":[{"@type":"ReadAction","target":["https:\/\/www.caudete.org\/ayuntamiento\/problemas-en-la-senal-de-tdt\/"]}]},{"@type":"ImageObject","inLanguage":"es","@id":"https:\/\/www.caudete.org\/ayuntamiento\/problemas-en-la-senal-de-tdt\/#primaryimage","url":"https:\/\/www.caudete.org\/ayuntamiento\/wp-content\/uploads\/2020\/12\/omic-tdt.jpg","contentUrl":"https:\/\/www.caudete.org\/ayuntamiento\/wp-content\/uploads\/2020\/12\/omic-tdt.jpg","width":443,"height":435},{"@type":"BreadcrumbList","@id":"https:\/\/www.caudete.org\/ayuntamiento\/problemas-en-la-senal-de-tdt\/#breadcrumb","itemListElement":[{"@type":"ListItem","position":1,"name":"Inicio","item":"https:\/\/www.caudete.org\/ayuntamiento\/"},{"@type":"ListItem","position":2,"name":"PROBLEMAS EN LA SE\u00d1AL DE TDT"}]},{"@type":"WebSite","@id":"https:\/\/www.caudete.org\/ayuntamiento\/#website","url":"https:\/\/www.caudete.org\/ayuntamiento\/","name":"MI Ayuntamiento de Caudete","description":"P\u00e1gina Oficial del MI Ayuntamiento de Caudete","potentialAction":[{"@type":"SearchAction","target":{"@type":"EntryPoint","urlTemplate":"https:\/\/www.caudete.org\/ayuntamiento\/?s={search_term_string}"},"query-input":{"@type":"PropertyValueSpecification","valueRequired":true,"valueName":"search_term_string"}}],"inLanguage":"es"},{"@type":"Person","@id":"https:\/\/www.caudete.org\/ayuntamiento\/#\/schema\/person\/79f7e19fdd176fc2bc7a289013dc2056","name":"ayun","image":{"@type":"ImageObject","inLanguage":"es","@id":"https:\/\/secure.gravatar.com\/avatar\/4ce797ee07c943e7e592f8cd648e503e6cd571387558ed07135799c2bd2847df?s=96&d=mm&r=g","url":"https:\/\/secure.gravatar.com\/avatar\/4ce797ee07c943e7e592f8cd648e503e6cd571387558ed07135799c2bd2847df?s=96&d=mm&r=g","contentUrl":"https:\/\/secure.gravatar.com\/avatar\/4ce797ee07c943e7e592f8cd648e503e6cd571387558ed07135799c2bd2847df?s=96&d=mm&r=g","caption":"ayun"},"sameAs":["http:\/\/www.caudete.org\/ayuntamiento"],"url":"https:\/\/www.caudete.org\/ayuntamiento\/author\/ayun\/"}]}},"_links":{"self":[{"href":"https:\/\/www.caudete.org\/ayuntamiento\/wp-json\/wp\/v2\/posts\/7772","targetHints":{"allow":["GET"]}}],"collection":[{"href":"https:\/\/www.caudete.org\/ayuntamiento\/wp-json\/wp\/v2\/posts"}],"about":[{"href":"https:\/\/www.caudete.org\/ayuntamiento\/wp-json\/wp\/v2\/types\/post"}],"author":[{"embeddable":true,"href":"https:\/\/www.caudete.org\/ayuntamiento\/wp-json\/wp\/v2\/users\/1"}],"replies":[{"embeddable":true,"href":"https:\/\/www.caudete.org\/ayuntamiento\/wp-json\/wp\/v2\/comments?post=7772"}],"version-history":[{"count":3,"href":"https:\/\/www.caudete.org\/ayuntamiento\/wp-json\/wp\/v2\/posts\/7772\/revisions"}],"predecessor-version":[{"id":9226,"href":"https:\/\/www.caudete.org\/ayuntamiento\/wp-json\/wp\/v2\/posts\/7772\/revisions\/9226"}],"wp:featuredmedia":[{"embeddable":true,"href":"https:\/\/www.caudete.org\/ayuntamiento\/wp-json\/wp\/v2\/media\/7773"}],"wp:attachment":[{"href":"https:\/\/www.caudete.org\/ayuntamiento\/wp-json\/wp\/v2\/media?parent=7772"}],"wp:term":[{"taxonomy":"category","embeddable":true,"href":"https:\/\/www.caudete.org\/ayuntamiento\/wp-json\/wp\/v2\/categories?post=7772"},{"taxonomy":"post_tag","embeddable":true,"href":"https:\/\/www.caudete.org\/ayuntamiento\/wp-json\/wp\/v2\/tags?post=7772"}],"curies":[{"name":"wp","href":"https:\/\/api.w.org\/{rel}","templated":true}]}}