{"id":7778,"date":"2020-12-06T19:20:05","date_gmt":"2020-12-06T18:20:05","guid":{"rendered":"http:\/\/www.caudete.org\/ayuntamiento\/?p=7778"},"modified":"2020-12-13T19:35:54","modified_gmt":"2020-12-13T18:35:54","slug":"elegir-sistema-de-calefaccion","status":"publish","type":"post","link":"https:\/\/www.caudete.org\/ayuntamiento\/elegir-sistema-de-calefaccion\/","title":{"rendered":"ELEGIR SISTEMA DE CALEFACCION"},"content":{"rendered":"<p style=\"text-align: justify;\">Hay que adaptarlo a cada vivienda y zona geogr\u00e1fica. El gasto de calefacci\u00f3n se puede rebajar notablemente instalando el sistema m\u00e1s adecuado para cada hogar.<\/p>\n<p style=\"text-align: justify;\">Las bajas temperaturas propias de la \u00e9poca invernal obligan a muchas familiar a poner en marcha los sistemas de calefacci\u00f3n de sus hogares. Se calcula que la calefacci\u00f3n representa en torno al 64 % del consumo energ\u00e9tico total de una casa; un gasto excesivo que se puede rebajar si realizamos un uso correcto de los sistemas de calefacci\u00f3n.<\/p>\n<p>Elegir el sistema de calefacci\u00f3n m\u00e1s adecuado para cada vivienda y familia es una tarea que requiere un concienzudo estudio de las caracter\u00edsticas de nuestro hogar, del coste que estamos dispuestos a asumir y del tipo de clima del lugar donde residamos. La oferta es amplia y hay sistemas pata todas las necesidades.<br \/>\nLa energ\u00eda elegida para calentar el 34% de los hogares espa\u00f1oles es el gas natural. La electricidad es la fuente de energ\u00eda por la que han optado las comunidades con una climatolog\u00eda m\u00e1s ben\u00e9vola, alcanzando el 12 % del consumo energ\u00e9tico total.<\/p>\n<p><b>Calefacci\u00f3n el\u00e9ctrica. Acumuladores.<br \/>\nRecomendado: Climas fr\u00edos.<\/b><\/p>\n<p>Los acumuladores de calor son aparatos de aspecto similar a un panel. Almacenan energ\u00eda el\u00e9ctrica durante la noche aprovechando la tarifa nocturna -que es cerca de un 53% m\u00e1s barata- para producir calor a lo largo del d\u00eda, en un m\u00e1ximo de ocho horas, a medida que las necesidades de calefacci\u00f3n lo requieren.<br \/>\nHay dos tipos de acumuladores: est\u00e1ticos y din\u00e1micos. Los primeros son m\u00e1s adecuados para habitaciones peque\u00f1as, con necesidades permanente de calefacci\u00f3n, y en las que no se desea un control exacto de la temperatura. La regulaci\u00f3n de descarga de los din\u00e1micos es mejor, por lo que su instalaci\u00f3n resulta m\u00e1s aconsejable en espacios m\u00e1s grandes, y en dependencias en las que se desee una regulaci\u00f3n de temperatura m\u00e1s exacta.<\/p>\n<p><b>PROS.<\/b>M\u00e1ximo rendimiento con un mantenimiento nulo. El coste con tarifa nocturna es menor al de los sistemas de gas. Permite regular diferentes temperaturas en la vivienda y puede instalarse en cualquier lugar, sin obra. No consumo ox\u00edgeno en el punto de producci\u00f3n, ni produce humos ni gases contaminantes, y reduce el riesgo por coexistencia entre gas y electricidad.<\/p>\n<p><b>CONTRAS.<\/b>Precio elevado en comparaci\u00f3n con los aparatos el\u00e9ctricos tradicionales. Pero, si se compara con sistemas basados en caldera y circuito de agua, los precios son muy competitivos. La regulaci\u00f3n de la descarga de calor es peor que con los aparatos el\u00e9ctricos convencionales, ya que una parte del calor almacenado se descarga sin intervenci\u00f3n del usuario. En viviendas antiguas, con una instalaci\u00f3n el\u00e9ctrica deficiente, suele requerir una reforma sustancial de la instalaci\u00f3n el\u00e9ctrica, lo que encarece mucho el precio final. Adem\u00e1s, el precio del kilovatio por hora se incrementa durante el d\u00eda un 3%.<\/p>\n<p><b>Calefacci\u00f3n radiante.<br \/>\nRecomendado: Climas fr\u00edos.<\/b><\/p>\n<p>La calefacci\u00f3n radial es el sistema de transmisi\u00f3n de calor m\u00e1s natural, y consiste en una estructura de tuber\u00edas bajo el suelo que contienen agua caliente; la superficie de calor es mayor y realmente el cuerpo no llega a sentir ni fr\u00edo ni calor, sino que se mantiene a su temperatura natural. Se puede integrar en el suelo, techo o paredes, aunque es m\u00e1s efectiva en los dos \u00faltimos. Y es que la energ\u00eda radiante viaja a trav\u00e9s del espacio sin calentar el propio espacio; \u00fanicamente se convierte en calor cuando contacta con una superficie m\u00e1s fr\u00eda.<\/p>\n<p><b>PROS.<\/b>Es invisible y confortable. Proporciona un calor m\u00e1s sano, ya que no reseca el ambiente. El calor se expando r\u00e1pida y uniformemente por toda la casa, logrando alcanzar una serie de grados de forma homog\u00e9nea en toda la casa. El suelo radiante dirige el calor al interior del espacio y reduce o elimina las temperaturas excesivas en las paredes exteriores y los techos. Esto puede producir ahorro de energ\u00eda de entre un 10 y un 30 %. los sistemas de suelo radiante tambi\u00e9n son capaces de refrescar el ambiente haciendo circular agua fresca en vez de caliente.<\/p>\n<p><b>CONTRAS.<\/b>Para su instalaci\u00f3n, y para detectar y subsanar posibles aver\u00eda hay que levantar el suelo de la vivienda. No es recomendable en casas peque\u00f1as, ni en climas muy templados. Es una alternativa cara si s\u00f3lo se va a usar dos o tres meses al a\u00f1o.<\/p>\n<p><b>Bombas de calor.<br \/>\nRecomendado: Climas c\u00e1lidos.<\/b><\/p>\n<p>Este sistema, similar a los aparatos de aire acondicionado, permite disfrutar de calefacci\u00f3n en invierno, aire acondicionado en verano y deshumedectaci\u00f3n en \u00e9pocas intermedias, en un \u00fanico aparato. Esta posibilidad de fr\u00edo\/calor hace de los aparatos con bomba de calor el sistema ideal para zonas templadas o c\u00e1lidas. Para obtener el m\u00e1ximo confort es imprescindible que el c\u00e1lculo de las frigor\u00edas y calor\u00edas necesarias se realice con fiabilidad suficiente.<\/p>\n<p><b>PROS.<\/b>La gran ventaja de la bomba de calor reside en su eficiencia energ\u00e9tica en calefacci\u00f3n, puesto que es capaz de aportar m\u00e1s energ\u00eda que la que consume, aproximadamente entre 2 y 3 veces m\u00e1s. Para lograr el mismo efecto consumo menor energ\u00eda que otros aparatos o sistemas de calefacci\u00f3n y su coste es m\u00e1s reducido. Re\u00fane dos servicios en un solo aparato y una sola instalaci\u00f3n. No hay peligro de incendio o explosi\u00f3n, ni riesgo de intoxicaci\u00f3n, ya que no tiene salida de humos.<\/p>\n<p><b>CONTRAS.<\/b>En zonas donde las condiciones clim\u00e1ticas invernales son especialmente adversas o cuando la temperatura exterior es muy baja, puede tener dificultades para aportar todo el calor necesario.<\/p>\n<p><b>Gas Natural.<br \/>\nRecomendado: Climas fr\u00edos.<\/b><\/p>\n<p>Este sistema es uno de los m\u00e1s empleados. El gas natural es limpio, no contamina y es eficaz. La calefacci\u00f3n individual de gas natural calienta los hogares a trav\u00e9s de radiadores por toda la casa, y se caracteriza por ser un combustible c\u00f3modo pues no hay que preocuparse ni de su almacenamiento ni de su distribuci\u00f3n. Una vez instalado, puede ser utilizado tanto como calefacci\u00f3n como para la producci\u00f3n de agua caliente y para la cocina.<\/p>\n<p><b>PROS.<\/b>Permite una f\u00e1cil regulaci\u00f3n del calor por las habitaciones. Adem\u00e1s, no requiere de tanques de combustible, ahorr\u00e1ndose el mantenimiento, revisiones y la preocupaci\u00f3n de hacer el pedido cada cierto tiempo. Es posible mantener toda la casa a la misma temperatura, evitando los molestos cambios bruscos, gracias a la colocaci\u00f3n estrat\u00e9gica de los radiadores. Este sistema ofrece un calor saludable, sin excesos, gradual y uniforme evitando los sistemas de aire perjudiciales para las personas con problemas al\u00e9rgicos o respiratorios, es un sistema sin excesos, gradual y uniforme.<\/p>\n<p><b>CONTRAS.<\/b>No todas las poblaciones tienen acceso a la red de gas natural. En las viviendas donde no haya una instalaci\u00f3n previa el coste se incrementa considerablemente.<\/p>\n","protected":false},"excerpt":{"rendered":"<p>Hay que adaptarlo a cada vivienda y zona geogr\u00e1fica. El gasto de calefacci\u00f3n se puede rebajar notablemente instalando el sistema m\u00e1s adecuado para cada hogar. Las bajas temperaturas propias de la \u00e9poca invernal obligan a muchas familiar a poner en marcha los sistemas de calefacci\u00f3n de sus hogares. Se calcula que la calefacci\u00f3n representa en &hellip;<\/p>\n","protected":false},"author":1,"featured_media":7779,"comment_status":"closed","ping_status":"open","sticky":false,"template":"","format":"standard","meta":{"ngg_post_thumbnail":0,"footnotes":""},"categories":[110],"tags":[],"class_list":["post-7778","post","type-post","status-publish","format-standard","has-post-thumbnail","hentry","category-omic-noticias"],"yoast_head":"<!-- This site is optimized with the Yoast SEO plugin v27.5 - https:\/\/yoast.com\/product\/yoast-seo-wordpress\/ -->\n<title>ELEGIR SISTEMA DE CALEFACCION - MI Ayuntamiento de Caudete<\/title>\n<meta name=\"description\" content=\"P\u00e1gina Oficial del Ayuntamiento de Caudete (Albacete)\" \/>\n<meta name=\"robots\" content=\"index, follow, max-snippet:-1, max-image-preview:large, max-video-preview:-1\" \/>\n<link rel=\"canonical\" href=\"https:\/\/www.caudete.org\/ayuntamiento\/elegir-sistema-de-calefaccion\/\" \/>\n<meta property=\"og:locale\" content=\"es_ES\" \/>\n<meta property=\"og:type\" content=\"article\" \/>\n<meta property=\"og:title\" content=\"ELEGIR SISTEMA DE CALEFACCION - MI Ayuntamiento de Caudete\" \/>\n<meta property=\"og:description\" content=\"P\u00e1gina Oficial del Ayuntamiento de Caudete (Albacete)\" \/>\n<meta property=\"og:url\" content=\"https:\/\/www.caudete.org\/ayuntamiento\/elegir-sistema-de-calefaccion\/\" \/>\n<meta property=\"og:site_name\" content=\"MI Ayuntamiento de Caudete\" \/>\n<meta property=\"article:publisher\" content=\"https:\/\/www.facebook.com\/ayuntamientocaudete\/\" \/>\n<meta property=\"article:published_time\" content=\"2020-12-06T18:20:05+00:00\" \/>\n<meta property=\"article:modified_time\" content=\"2020-12-13T18:35:54+00:00\" \/>\n<meta property=\"og:image\" content=\"https:\/\/www.caudete.org\/ayuntamiento\/wp-content\/uploads\/2020\/12\/omic-calfccn.jpg\" \/>\n\t<meta property=\"og:image:width\" content=\"350\" \/>\n\t<meta property=\"og:image:height\" content=\"325\" \/>\n\t<meta property=\"og:image:type\" content=\"image\/jpeg\" \/>\n<meta name=\"author\" content=\"ayun\" \/>\n<meta name=\"twitter:card\" content=\"summary_large_image\" \/>\n<meta name=\"twitter:label1\" content=\"Escrito por\" \/>\n\t<meta name=\"twitter:data1\" content=\"ayun\" \/>\n\t<meta name=\"twitter:label2\" content=\"Tiempo de lectura\" \/>\n\t<meta name=\"twitter:data2\" content=\"6 minutos\" \/>\n<script type=\"application\/ld+json\" class=\"yoast-schema-graph\">{\"@context\":\"https:\\\/\\\/schema.org\",\"@graph\":[{\"@type\":\"Article\",\"@id\":\"https:\\\/\\\/www.caudete.org\\\/ayuntamiento\\\/elegir-sistema-de-calefaccion\\\/#article\",\"isPartOf\":{\"@id\":\"https:\\\/\\\/www.caudete.org\\\/ayuntamiento\\\/elegir-sistema-de-calefaccion\\\/\"},\"author\":{\"name\":\"ayun\",\"@id\":\"https:\\\/\\\/www.caudete.org\\\/ayuntamiento\\\/#\\\/schema\\\/person\\\/79f7e19fdd176fc2bc7a289013dc2056\"},\"headline\":\"ELEGIR SISTEMA DE CALEFACCION\",\"datePublished\":\"2020-12-06T18:20:05+00:00\",\"dateModified\":\"2020-12-13T18:35:54+00:00\",\"mainEntityOfPage\":{\"@id\":\"https:\\\/\\\/www.caudete.org\\\/ayuntamiento\\\/elegir-sistema-de-calefaccion\\\/\"},\"wordCount\":1194,\"image\":{\"@id\":\"https:\\\/\\\/www.caudete.org\\\/ayuntamiento\\\/elegir-sistema-de-calefaccion\\\/#primaryimage\"},\"thumbnailUrl\":\"https:\\\/\\\/www.caudete.org\\\/ayuntamiento\\\/wp-content\\\/uploads\\\/2020\\\/12\\\/omic-calfccn.jpg\",\"articleSection\":[\"omic-noticias\"],\"inLanguage\":\"es\"},{\"@type\":\"WebPage\",\"@id\":\"https:\\\/\\\/www.caudete.org\\\/ayuntamiento\\\/elegir-sistema-de-calefaccion\\\/\",\"url\":\"https:\\\/\\\/www.caudete.org\\\/ayuntamiento\\\/elegir-sistema-de-calefaccion\\\/\",\"name\":\"ELEGIR SISTEMA DE CALEFACCION - MI Ayuntamiento de Caudete\",\"isPartOf\":{\"@id\":\"https:\\\/\\\/www.caudete.org\\\/ayuntamiento\\\/#website\"},\"primaryImageOfPage\":{\"@id\":\"https:\\\/\\\/www.caudete.org\\\/ayuntamiento\\\/elegir-sistema-de-calefaccion\\\/#primaryimage\"},\"image\":{\"@id\":\"https:\\\/\\\/www.caudete.org\\\/ayuntamiento\\\/elegir-sistema-de-calefaccion\\\/#primaryimage\"},\"thumbnailUrl\":\"https:\\\/\\\/www.caudete.org\\\/ayuntamiento\\\/wp-content\\\/uploads\\\/2020\\\/12\\\/omic-calfccn.jpg\",\"datePublished\":\"2020-12-06T18:20:05+00:00\",\"dateModified\":\"2020-12-13T18:35:54+00:00\",\"author\":{\"@id\":\"https:\\\/\\\/www.caudete.org\\\/ayuntamiento\\\/#\\\/schema\\\/person\\\/79f7e19fdd176fc2bc7a289013dc2056\"},\"description\":\"P\u00e1gina Oficial del Ayuntamiento de Caudete (Albacete)\",\"breadcrumb\":{\"@id\":\"https:\\\/\\\/www.caudete.org\\\/ayuntamiento\\\/elegir-sistema-de-calefaccion\\\/#breadcrumb\"},\"inLanguage\":\"es\",\"potentialAction\":[{\"@type\":\"ReadAction\",\"target\":[\"https:\\\/\\\/www.caudete.org\\\/ayuntamiento\\\/elegir-sistema-de-calefaccion\\\/\"]}]},{\"@type\":\"ImageObject\",\"inLanguage\":\"es\",\"@id\":\"https:\\\/\\\/www.caudete.org\\\/ayuntamiento\\\/elegir-sistema-de-calefaccion\\\/#primaryimage\",\"url\":\"https:\\\/\\\/www.caudete.org\\\/ayuntamiento\\\/wp-content\\\/uploads\\\/2020\\\/12\\\/omic-calfccn.jpg\",\"contentUrl\":\"https:\\\/\\\/www.caudete.org\\\/ayuntamiento\\\/wp-content\\\/uploads\\\/2020\\\/12\\\/omic-calfccn.jpg\",\"width\":350,\"height\":325},{\"@type\":\"BreadcrumbList\",\"@id\":\"https:\\\/\\\/www.caudete.org\\\/ayuntamiento\\\/elegir-sistema-de-calefaccion\\\/#breadcrumb\",\"itemListElement\":[{\"@type\":\"ListItem\",\"position\":1,\"name\":\"Inicio\",\"item\":\"https:\\\/\\\/www.caudete.org\\\/ayuntamiento\\\/\"},{\"@type\":\"ListItem\",\"position\":2,\"name\":\"ELEGIR SISTEMA DE CALEFACCION\"}]},{\"@type\":\"WebSite\",\"@id\":\"https:\\\/\\\/www.caudete.org\\\/ayuntamiento\\\/#website\",\"url\":\"https:\\\/\\\/www.caudete.org\\\/ayuntamiento\\\/\",\"name\":\"MI Ayuntamiento de Caudete\",\"description\":\"P\u00e1gina Oficial del MI Ayuntamiento de Caudete\",\"potentialAction\":[{\"@type\":\"SearchAction\",\"target\":{\"@type\":\"EntryPoint\",\"urlTemplate\":\"https:\\\/\\\/www.caudete.org\\\/ayuntamiento\\\/?s={search_term_string}\"},\"query-input\":{\"@type\":\"PropertyValueSpecification\",\"valueRequired\":true,\"valueName\":\"search_term_string\"}}],\"inLanguage\":\"es\"},{\"@type\":\"Person\",\"@id\":\"https:\\\/\\\/www.caudete.org\\\/ayuntamiento\\\/#\\\/schema\\\/person\\\/79f7e19fdd176fc2bc7a289013dc2056\",\"name\":\"ayun\",\"image\":{\"@type\":\"ImageObject\",\"inLanguage\":\"es\",\"@id\":\"https:\\\/\\\/secure.gravatar.com\\\/avatar\\\/4ce797ee07c943e7e592f8cd648e503e6cd571387558ed07135799c2bd2847df?s=96&d=mm&r=g\",\"url\":\"https:\\\/\\\/secure.gravatar.com\\\/avatar\\\/4ce797ee07c943e7e592f8cd648e503e6cd571387558ed07135799c2bd2847df?s=96&d=mm&r=g\",\"contentUrl\":\"https:\\\/\\\/secure.gravatar.com\\\/avatar\\\/4ce797ee07c943e7e592f8cd648e503e6cd571387558ed07135799c2bd2847df?s=96&d=mm&r=g\",\"caption\":\"ayun\"},\"sameAs\":[\"http:\\\/\\\/www.caudete.org\\\/ayuntamiento\"],\"url\":\"https:\\\/\\\/www.caudete.org\\\/ayuntamiento\\\/author\\\/ayun\\\/\"}]}<\/script>\n<!-- \/ Yoast SEO plugin. -->","yoast_head_json":{"title":"ELEGIR SISTEMA DE CALEFACCION - MI Ayuntamiento de Caudete","description":"P\u00e1gina Oficial del Ayuntamiento de Caudete (Albacete)","robots":{"index":"index","follow":"follow","max-snippet":"max-snippet:-1","max-image-preview":"max-image-preview:large","max-video-preview":"max-video-preview:-1"},"canonical":"https:\/\/www.caudete.org\/ayuntamiento\/elegir-sistema-de-calefaccion\/","og_locale":"es_ES","og_type":"article","og_title":"ELEGIR SISTEMA DE CALEFACCION - MI Ayuntamiento de Caudete","og_description":"P\u00e1gina Oficial del Ayuntamiento de Caudete (Albacete)","og_url":"https:\/\/www.caudete.org\/ayuntamiento\/elegir-sistema-de-calefaccion\/","og_site_name":"MI Ayuntamiento de Caudete","article_publisher":"https:\/\/www.facebook.com\/ayuntamientocaudete\/","article_published_time":"2020-12-06T18:20:05+00:00","article_modified_time":"2020-12-13T18:35:54+00:00","og_image":[{"width":350,"height":325,"url":"https:\/\/www.caudete.org\/ayuntamiento\/wp-content\/uploads\/2020\/12\/omic-calfccn.jpg","type":"image\/jpeg"}],"author":"ayun","twitter_card":"summary_large_image","twitter_misc":{"Escrito por":"ayun","Tiempo de lectura":"6 minutos"},"schema":{"@context":"https:\/\/schema.org","@graph":[{"@type":"Article","@id":"https:\/\/www.caudete.org\/ayuntamiento\/elegir-sistema-de-calefaccion\/#article","isPartOf":{"@id":"https:\/\/www.caudete.org\/ayuntamiento\/elegir-sistema-de-calefaccion\/"},"author":{"name":"ayun","@id":"https:\/\/www.caudete.org\/ayuntamiento\/#\/schema\/person\/79f7e19fdd176fc2bc7a289013dc2056"},"headline":"ELEGIR SISTEMA DE CALEFACCION","datePublished":"2020-12-06T18:20:05+00:00","dateModified":"2020-12-13T18:35:54+00:00","mainEntityOfPage":{"@id":"https:\/\/www.caudete.org\/ayuntamiento\/elegir-sistema-de-calefaccion\/"},"wordCount":1194,"image":{"@id":"https:\/\/www.caudete.org\/ayuntamiento\/elegir-sistema-de-calefaccion\/#primaryimage"},"thumbnailUrl":"https:\/\/www.caudete.org\/ayuntamiento\/wp-content\/uploads\/2020\/12\/omic-calfccn.jpg","articleSection":["omic-noticias"],"inLanguage":"es"},{"@type":"WebPage","@id":"https:\/\/www.caudete.org\/ayuntamiento\/elegir-sistema-de-calefaccion\/","url":"https:\/\/www.caudete.org\/ayuntamiento\/elegir-sistema-de-calefaccion\/","name":"ELEGIR SISTEMA DE CALEFACCION - MI Ayuntamiento de Caudete","isPartOf":{"@id":"https:\/\/www.caudete.org\/ayuntamiento\/#website"},"primaryImageOfPage":{"@id":"https:\/\/www.caudete.org\/ayuntamiento\/elegir-sistema-de-calefaccion\/#primaryimage"},"image":{"@id":"https:\/\/www.caudete.org\/ayuntamiento\/elegir-sistema-de-calefaccion\/#primaryimage"},"thumbnailUrl":"https:\/\/www.caudete.org\/ayuntamiento\/wp-content\/uploads\/2020\/12\/omic-calfccn.jpg","datePublished":"2020-12-06T18:20:05+00:00","dateModified":"2020-12-13T18:35:54+00:00","author":{"@id":"https:\/\/www.caudete.org\/ayuntamiento\/#\/schema\/person\/79f7e19fdd176fc2bc7a289013dc2056"},"description":"P\u00e1gina Oficial del Ayuntamiento de Caudete (Albacete)","breadcrumb":{"@id":"https:\/\/www.caudete.org\/ayuntamiento\/elegir-sistema-de-calefaccion\/#breadcrumb"},"inLanguage":"es","potentialAction":[{"@type":"ReadAction","target":["https:\/\/www.caudete.org\/ayuntamiento\/elegir-sistema-de-calefaccion\/"]}]},{"@type":"ImageObject","inLanguage":"es","@id":"https:\/\/www.caudete.org\/ayuntamiento\/elegir-sistema-de-calefaccion\/#primaryimage","url":"https:\/\/www.caudete.org\/ayuntamiento\/wp-content\/uploads\/2020\/12\/omic-calfccn.jpg","contentUrl":"https:\/\/www.caudete.org\/ayuntamiento\/wp-content\/uploads\/2020\/12\/omic-calfccn.jpg","width":350,"height":325},{"@type":"BreadcrumbList","@id":"https:\/\/www.caudete.org\/ayuntamiento\/elegir-sistema-de-calefaccion\/#breadcrumb","itemListElement":[{"@type":"ListItem","position":1,"name":"Inicio","item":"https:\/\/www.caudete.org\/ayuntamiento\/"},{"@type":"ListItem","position":2,"name":"ELEGIR SISTEMA DE CALEFACCION"}]},{"@type":"WebSite","@id":"https:\/\/www.caudete.org\/ayuntamiento\/#website","url":"https:\/\/www.caudete.org\/ayuntamiento\/","name":"MI Ayuntamiento de Caudete","description":"P\u00e1gina Oficial del MI Ayuntamiento de Caudete","potentialAction":[{"@type":"SearchAction","target":{"@type":"EntryPoint","urlTemplate":"https:\/\/www.caudete.org\/ayuntamiento\/?s={search_term_string}"},"query-input":{"@type":"PropertyValueSpecification","valueRequired":true,"valueName":"search_term_string"}}],"inLanguage":"es"},{"@type":"Person","@id":"https:\/\/www.caudete.org\/ayuntamiento\/#\/schema\/person\/79f7e19fdd176fc2bc7a289013dc2056","name":"ayun","image":{"@type":"ImageObject","inLanguage":"es","@id":"https:\/\/secure.gravatar.com\/avatar\/4ce797ee07c943e7e592f8cd648e503e6cd571387558ed07135799c2bd2847df?s=96&d=mm&r=g","url":"https:\/\/secure.gravatar.com\/avatar\/4ce797ee07c943e7e592f8cd648e503e6cd571387558ed07135799c2bd2847df?s=96&d=mm&r=g","contentUrl":"https:\/\/secure.gravatar.com\/avatar\/4ce797ee07c943e7e592f8cd648e503e6cd571387558ed07135799c2bd2847df?s=96&d=mm&r=g","caption":"ayun"},"sameAs":["http:\/\/www.caudete.org\/ayuntamiento"],"url":"https:\/\/www.caudete.org\/ayuntamiento\/author\/ayun\/"}]}},"_links":{"self":[{"href":"https:\/\/www.caudete.org\/ayuntamiento\/wp-json\/wp\/v2\/posts\/7778","targetHints":{"allow":["GET"]}}],"collection":[{"href":"https:\/\/www.caudete.org\/ayuntamiento\/wp-json\/wp\/v2\/posts"}],"about":[{"href":"https:\/\/www.caudete.org\/ayuntamiento\/wp-json\/wp\/v2\/types\/post"}],"author":[{"embeddable":true,"href":"https:\/\/www.caudete.org\/ayuntamiento\/wp-json\/wp\/v2\/users\/1"}],"replies":[{"embeddable":true,"href":"https:\/\/www.caudete.org\/ayuntamiento\/wp-json\/wp\/v2\/comments?post=7778"}],"version-history":[{"count":3,"href":"https:\/\/www.caudete.org\/ayuntamiento\/wp-json\/wp\/v2\/posts\/7778\/revisions"}],"predecessor-version":[{"id":9214,"href":"https:\/\/www.caudete.org\/ayuntamiento\/wp-json\/wp\/v2\/posts\/7778\/revisions\/9214"}],"wp:featuredmedia":[{"embeddable":true,"href":"https:\/\/www.caudete.org\/ayuntamiento\/wp-json\/wp\/v2\/media\/7779"}],"wp:attachment":[{"href":"https:\/\/www.caudete.org\/ayuntamiento\/wp-json\/wp\/v2\/media?parent=7778"}],"wp:term":[{"taxonomy":"category","embeddable":true,"href":"https:\/\/www.caudete.org\/ayuntamiento\/wp-json\/wp\/v2\/categories?post=7778"},{"taxonomy":"post_tag","embeddable":true,"href":"https:\/\/www.caudete.org\/ayuntamiento\/wp-json\/wp\/v2\/tags?post=7778"}],"curies":[{"name":"wp","href":"https:\/\/api.w.org\/{rel}","templated":true}]}}